{"id":173115,"date":"2026-09-03T20:47:55","date_gmt":"2026-09-03T18:47:55","guid":{"rendered":"https:\/\/www.bellunopress.it\/?p=173115"},"modified":"2026-09-03T20:47:55","modified_gmt":"2026-09-03T18:47:55","slug":"i-prodotti-tipici-della-nostra-terra-viaggiano-attraverso-leuropa-per-scaldare-i-cuori-degli-emigrati","status":"publish","type":"post","link":"https:\/\/www.bellunopress.it\/fr\/2026\/09\/03\/i-prodotti-tipici-della-nostra-terra-viaggiano-attraverso-leuropa-per-scaldare-i-cuori-degli-emigrati\/","title":{"rendered":"I prodotti tipici della nostra terra viaggiano attraverso l&#8217;Europa per scaldare i cuori degli emigrati"},"content":{"rendered":"<p>La storia dell&#8217;emigrazione veneta non appartiene al passato. Secondo i dati Istat del 2024, Belluno registra il tasso migratorio internazionale pi\u00f9 alto del Veneto: 5,1 per mille abitanti si trasferiscono verso l&#8217;estero ogni anno. Nel 2008, erano 260.849 i cittadini veneti che vivevano all&#8217;estero, con 38.320 residenti in Svizzera. Con loro o per raggiungerli, i nostri prodotti tipici continuano a viaggiare verso l&#8217;Europa: formaggi, salumi, grappe, birre locali. Questi non sono semplici merci, ma connessioni tra chi rimane e chi \u00e8 partito.<\/p>\n<h2><strong>Cosa parte da Belluno verso l&#8217;estero<\/strong><\/h2>\n<p>Il territorio bellunese produce una ricca variet\u00e0 di eccellenze gastronomiche. Il Fagiolo di Lamon IGP \u00e8 introdotto nel XVI secolo. Il Formaggio Piave DOP, la Birra Pedavena Centenario, il Mais Sponcio iscritto al Registro Nazionale dei Prodotti Tradizionali. Accanto a questi, il Pastin, uno specifico insaccato locale, lo Schiz, i mieli DOP e le grappe distillate dalle piante alpine.<\/p>\n<p>Questi prodotti sono figli della tradizione contadina della montagna bellunese. L&#8217;Ente Parco Nazionale Dolomiti Bellunesi documenta come la tradizione gastronomica locale sia legata all&#8217;allevamento e all&#8217;agricoltura di montagna. Negli ultimi anni, il parco ha ristrutturato cinque malghe per rilanciare la produzione casearia d&#8217;alpeggio.<\/p>\n<p>Questi pacchi vengono confezionati e imballati con cura in <a href=\"https:\/\/www.paesedellebuste.it\/imballaggio-spedizione\/scatole-di-cartone\">scatole di cartone<\/a> specifiche per il trasporto, per raggiungere chi li aspetta.<\/p>\n<h2><strong>La logistica dell&#8217;export verso l&#8217;Europa<\/strong><\/h2>\n<p>Spedire prodotti alimentari in altro paese richiede attenzione. I prodotti devono arrivare integri e conservati al giusto livello di umidit\u00e0. Chi gestisce queste spedizioni internazionali regolarmente utilizza fornitori specializzati di imballaggi, come Paese delle Buste, che forniscono soluzioni specifiche per il trasporto di prodotti alimentari verso l&#8217;estero.<\/p>\n<p>Le <a href=\"https:\/\/www.paesedellebuste.it\/imballaggio-spedizione\/scatole-per-spedizioni-postali\">scatole per spedizione postale<\/a> devono rispettare dimensioni standardizzate e possedere una resistenza che tenga conto del maneggiamento in centri di smistamento europei.<\/p>\n<p>Secondo i dati Italia Esporta del 2026, aziende italiane che commercializzano prodotti tipici regionali hanno avviato contatti commerciali regolari in Svizzera, Austria e Germania. Per chi spedisce regolarmente i prodotti bellunesi attraverso canali postali ufficiali, la disponibilit\u00e0 di imballaggi affidabili e conformi alle norme internazionali rappresenta una questione pratica concreta.<\/p>\n<p>Questi pacchi che partono da Belluno verso i paesi limitrofi non sono semplici merci. Sono continuit\u00e0 tra chi \u00e8 rimasto e chi ha cercato opportunit\u00e0 di lavoro all&#8217;estero. E rappresentano come i nostri produttori mantengono connessioni concrete con l&#8217;Europa.<\/p>\n<p>&nbsp;<\/p>","protected":false},"excerpt":{"rendered":"<p>La storia dell&#8217;emigrazione veneta non appartiene al passato. Secondo i dati Istat del 2024, Belluno registra il tasso migratorio internazionale pi\u00f9 alto del Veneto: 5,1 per mille abitanti si trasferiscono verso l&#8217;estero ogni anno. Nel 2008, erano 260.849 i cittadini veneti che vivevano all&#8217;estero, con 38.320 residenti in Svizzera. Con loro o per raggiungerli, i [&hellip;]<\/p>\n","protected":false},"author":2,"featured_media":173116,"comment_status":"closed","ping_status":"open","sticky":false,"template":"","format":"standard","meta":{"footnotes":""},"categories":[36],"tags":[],"class_list":["post-173115","post","type-post","status-publish","format-standard","has-post-thumbnail","category-lavoro-economia"],"yoast_head":"<!-- This site is optimized with the Yoast SEO plugin v28.4 - https:\/\/yoast.com\/product\/yoast-seo-wordpress\/ -->\n<title>I prodotti tipici della nostra terra viaggiano attraverso l&#039;Europa per scaldare i cuori degli emigrati - Bellunopress - Dolomiti<\/title>\n<meta name=\"robots\" content=\"index, follow, max-snippet:-1, max-image-preview:large, max-video-preview:-1\" \/>\n<link rel=\"canonical\" href=\"https:\/\/www.bellunopress.it\/fr\/2026\/09\/03\/i-prodotti-tipici-della-nostra-terra-viaggiano-attraverso-leuropa-per-scaldare-i-cuori-degli-emigrati\/\" \/>\n<meta property=\"og:locale\" content=\"fr_FR\" \/>\n<meta property=\"og:type\" content=\"article\" \/>\n<meta property=\"og:title\" content=\"I prodotti tipici della nostra terra viaggiano attraverso l&#039;Europa per scaldare i cuori degli emigrati - Bellunopress - Dolomiti\" \/>\n<meta property=\"og:description\" content=\"La storia dell&#8217;emigrazione veneta non appartiene al passato. Secondo i dati Istat del 2024, Belluno registra il tasso migratorio internazionale pi\u00f9 alto del Veneto: 5,1 per mille abitanti si trasferiscono verso l&#8217;estero ogni anno. Nel 2008, erano 260.849 i cittadini veneti che vivevano all&#8217;estero, con 38.320 residenti in Svizzera. Con loro o per raggiungerli, i [&hellip;]\" \/>\n<meta property=\"og:url\" content=\"https:\/\/www.bellunopress.it\/fr\/2026\/09\/03\/i-prodotti-tipici-della-nostra-terra-viaggiano-attraverso-leuropa-per-scaldare-i-cuori-degli-emigrati\/\" \/>\n<meta property=\"og:site_name\" content=\"Bellunopress - Dolomiti\" \/>\n<meta property=\"article:publisher\" content=\"https:\/\/www.facebook.com\/profile.php?id=100008943462799\" \/>\n<meta property=\"article:published_time\" content=\"2026-09-03T18:47:55+00:00\" \/>\n<meta property=\"og:image\" content=\"https:\/\/www.bellunopress.it\/wp-content\/uploads\/2026\/09\/scatole-di-cartone-a-onda-singola.jpg\" \/>\n\t<meta property=\"og:image:width\" content=\"556\" \/>\n\t<meta property=\"og:image:height\" content=\"476\" \/>\n\t<meta property=\"og:image:type\" content=\"image\/jpeg\" \/>\n<meta name=\"author\" content=\"redazione\" \/>\n<meta name=\"twitter:card\" content=\"summary_large_image\" \/>\n<meta name=\"twitter:creator\" content=\"@bellunopress\" \/>\n<meta name=\"twitter:site\" content=\"@bellunopress\" \/>\n<meta name=\"twitter:label1\" content=\"Written by\" \/>\n\t<meta name=\"twitter:data1\" content=\"redazione\" \/>\n\t<meta name=\"twitter:label2\" content=\"Est. reading time\" \/>\n\t<meta name=\"twitter:data2\" content=\"3 minutes\" \/>\n<script type=\"application\/ld+json\" class=\"yoast-schema-graph\">{\"@context\":\"https:\\\/\\\/schema.org\",\"@graph\":[{\"@type\":\"Article\",\"@id\":\"https:\\\/\\\/www.bellunopress.it\\\/2026\\\/09\\\/03\\\/i-prodotti-tipici-della-nostra-terra-viaggiano-attraverso-leuropa-per-scaldare-i-cuori-degli-emigrati\\\/#article\",\"isPartOf\":{\"@id\":\"https:\\\/\\\/www.bellunopress.it\\\/2026\\\/09\\\/03\\\/i-prodotti-tipici-della-nostra-terra-viaggiano-attraverso-leuropa-per-scaldare-i-cuori-degli-emigrati\\\/\"},\"author\":{\"name\":\"redazione\",\"@id\":\"https:\\\/\\\/www.bellunopress.it\\\/#\\\/schema\\\/person\\\/79bb06722b37ece1c03d3e94beb30d73\"},\"headline\":\"I prodotti tipici della nostra terra viaggiano attraverso l&#8217;Europa per scaldare i cuori degli emigrati\",\"datePublished\":\"2026-09-03T18:47:55+00:00\",\"mainEntityOfPage\":{\"@id\":\"https:\\\/\\\/www.bellunopress.it\\\/2026\\\/09\\\/03\\\/i-prodotti-tipici-della-nostra-terra-viaggiano-attraverso-leuropa-per-scaldare-i-cuori-degli-emigrati\\\/\"},\"wordCount\":397,\"publisher\":{\"@id\":\"https:\\\/\\\/www.bellunopress.it\\\/#organization\"},\"image\":{\"@id\":\"https:\\\/\\\/www.bellunopress.it\\\/2026\\\/09\\\/03\\\/i-prodotti-tipici-della-nostra-terra-viaggiano-attraverso-leuropa-per-scaldare-i-cuori-degli-emigrati\\\/#primaryimage\"},\"thumbnailUrl\":\"https:\\\/\\\/www.bellunopress.it\\\/wp-content\\\/uploads\\\/2026\\\/09\\\/scatole-di-cartone-a-onda-singola.jpg\",\"articleSection\":[\"Lavoro, Economia, Turismo\"],\"inLanguage\":\"fr-FR\"},{\"@type\":\"WebPage\",\"@id\":\"https:\\\/\\\/www.bellunopress.it\\\/2026\\\/09\\\/03\\\/i-prodotti-tipici-della-nostra-terra-viaggiano-attraverso-leuropa-per-scaldare-i-cuori-degli-emigrati\\\/\",\"url\":\"https:\\\/\\\/www.bellunopress.it\\\/2026\\\/09\\\/03\\\/i-prodotti-tipici-della-nostra-terra-viaggiano-attraverso-leuropa-per-scaldare-i-cuori-degli-emigrati\\\/\",\"name\":\"I prodotti tipici della nostra terra viaggiano attraverso l'Europa per scaldare i cuori degli emigrati - Bellunopress - Dolomiti\",\"isPartOf\":{\"@id\":\"https:\\\/\\\/www.bellunopress.it\\\/#website\"},\"primaryImageOfPage\":{\"@id\":\"https:\\\/\\\/www.bellunopress.it\\\/2026\\\/09\\\/03\\\/i-prodotti-tipici-della-nostra-terra-viaggiano-attraverso-leuropa-per-scaldare-i-cuori-degli-emigrati\\\/#primaryimage\"},\"image\":{\"@id\":\"https:\\\/\\\/www.bellunopress.it\\\/2026\\\/09\\\/03\\\/i-prodotti-tipici-della-nostra-terra-viaggiano-attraverso-leuropa-per-scaldare-i-cuori-degli-emigrati\\\/#primaryimage\"},\"thumbnailUrl\":\"https:\\\/\\\/www.bellunopress.it\\\/wp-content\\\/uploads\\\/2026\\\/09\\\/scatole-di-cartone-a-onda-singola.jpg\",\"datePublished\":\"2026-09-03T18:47:55+00:00\",\"breadcrumb\":{\"@id\":\"https:\\\/\\\/www.bellunopress.it\\\/2026\\\/09\\\/03\\\/i-prodotti-tipici-della-nostra-terra-viaggiano-attraverso-leuropa-per-scaldare-i-cuori-degli-emigrati\\\/#breadcrumb\"},\"inLanguage\":\"fr-FR\",\"potentialAction\":[{\"@type\":\"ReadAction\",\"target\":[\"https:\\\/\\\/www.bellunopress.it\\\/2026\\\/09\\\/03\\\/i-prodotti-tipici-della-nostra-terra-viaggiano-attraverso-leuropa-per-scaldare-i-cuori-degli-emigrati\\\/\"]}]},{\"@type\":\"ImageObject\",\"inLanguage\":\"fr-FR\",\"@id\":\"https:\\\/\\\/www.bellunopress.it\\\/2026\\\/09\\\/03\\\/i-prodotti-tipici-della-nostra-terra-viaggiano-attraverso-leuropa-per-scaldare-i-cuori-degli-emigrati\\\/#primaryimage\",\"url\":\"https:\\\/\\\/www.bellunopress.it\\\/wp-content\\\/uploads\\\/2026\\\/09\\\/scatole-di-cartone-a-onda-singola.jpg\",\"contentUrl\":\"https:\\\/\\\/www.bellunopress.it\\\/wp-content\\\/uploads\\\/2026\\\/09\\\/scatole-di-cartone-a-onda-singola.jpg\",\"width\":556,\"height\":476,\"caption\":\"https:\\\/\\\/www.pitpackaging.it\\\/imballaggi\"},{\"@type\":\"BreadcrumbList\",\"@id\":\"https:\\\/\\\/www.bellunopress.it\\\/2026\\\/09\\\/03\\\/i-prodotti-tipici-della-nostra-terra-viaggiano-attraverso-leuropa-per-scaldare-i-cuori-degli-emigrati\\\/#breadcrumb\",\"itemListElement\":[{\"@type\":\"ListItem\",\"position\":1,\"name\":\"Home\",\"item\":\"https:\\\/\\\/www.bellunopress.it\\\/\"},{\"@type\":\"ListItem\",\"position\":2,\"name\":\"I prodotti tipici della nostra terra viaggiano attraverso l&#8217;Europa per scaldare i cuori degli emigrati\"}]},{\"@type\":\"WebSite\",\"@id\":\"https:\\\/\\\/www.bellunopress.it\\\/#website\",\"url\":\"https:\\\/\\\/www.bellunopress.it\\\/\",\"name\":\"Bellunopress - Dolomiti\",\"description\":\"e-mail: redazione@bellunopress.it\",\"publisher\":{\"@id\":\"https:\\\/\\\/www.bellunopress.it\\\/#organization\"},\"potentialAction\":[{\"@type\":\"SearchAction\",\"target\":{\"@type\":\"EntryPoint\",\"urlTemplate\":\"https:\\\/\\\/www.bellunopress.it\\\/?s={search_term_string}\"},\"query-input\":{\"@type\":\"PropertyValueSpecification\",\"valueRequired\":true,\"valueName\":\"search_term_string\"}}],\"inLanguage\":\"fr-FR\"},{\"@type\":\"Organization\",\"@id\":\"https:\\\/\\\/www.bellunopress.it\\\/#organization\",\"name\":\"Bellunopress\",\"url\":\"https:\\\/\\\/www.bellunopress.it\\\/\",\"logo\":{\"@type\":\"ImageObject\",\"inLanguage\":\"fr-FR\",\"@id\":\"https:\\\/\\\/www.bellunopress.it\\\/#\\\/schema\\\/logo\\\/image\\\/\",\"url\":\"https:\\\/\\\/www.bellunopress.it\\\/wp-content\\\/uploads\\\/2011\\\/05\\\/cropped-logo-bellunopress-.jpg\",\"contentUrl\":\"https:\\\/\\\/www.bellunopress.it\\\/wp-content\\\/uploads\\\/2011\\\/05\\\/cropped-logo-bellunopress-.jpg\",\"width\":512,\"height\":512,\"caption\":\"Bellunopress\"},\"image\":{\"@id\":\"https:\\\/\\\/www.bellunopress.it\\\/#\\\/schema\\\/logo\\\/image\\\/\"},\"sameAs\":[\"https:\\\/\\\/www.facebook.com\\\/profile.php?id=100008943462799\",\"https:\\\/\\\/x.com\\\/bellunopress\",\"https:\\\/\\\/www.linkedin.com\\\/hp\\\/?dnr=JBzUWaJfMUw8vbXJJ2tVW5-I3jZKvC4wsoxE&amp;amp;amp;amp;amp;amp;trk=nav_responsive_tab_home\",\"https:\\\/\\\/www.youtube.com\\\/channel\\\/UCxL0wu1uN0_3_7hGG0306cw\"]},{\"@type\":\"Person\",\"@id\":\"https:\\\/\\\/www.bellunopress.it\\\/#\\\/schema\\\/person\\\/79bb06722b37ece1c03d3e94beb30d73\",\"name\":\"redazione\",\"image\":{\"@type\":\"ImageObject\",\"inLanguage\":\"fr-FR\",\"@id\":\"https:\\\/\\\/secure.gravatar.com\\\/avatar\\\/37d968a2e67a6fd04c169c4bdef102d0bc5d31b2546345219e348575eb80e9a0?s=96&d=mm&r=g\",\"url\":\"https:\\\/\\\/secure.gravatar.com\\\/avatar\\\/37d968a2e67a6fd04c169c4bdef102d0bc5d31b2546345219e348575eb80e9a0?s=96&d=mm&r=g\",\"contentUrl\":\"https:\\\/\\\/secure.gravatar.com\\\/avatar\\\/37d968a2e67a6fd04c169c4bdef102d0bc5d31b2546345219e348575eb80e9a0?s=96&d=mm&r=g\",\"caption\":\"redazione\"},\"sameAs\":[\"http:\\\/\\\/www.bellunopress.it\",\"https:\\\/\\\/x.com\\\/bellunopress\"],\"url\":\"https:\\\/\\\/www.bellunopress.it\\\/fr\\\/author\\\/redazione\\\/\"}]}<\/script>\n<!-- \/ Yoast SEO plugin. -->","yoast_head_json":{"title":"I prodotti tipici della nostra terra viaggiano attraverso l'Europa per scaldare i cuori degli emigrati - Bellunopress - Dolomiti","robots":{"index":"index","follow":"follow","max-snippet":"max-snippet:-1","max-image-preview":"max-image-preview:large","max-video-preview":"max-video-preview:-1"},"canonical":"https:\/\/www.bellunopress.it\/fr\/2026\/09\/03\/i-prodotti-tipici-della-nostra-terra-viaggiano-attraverso-leuropa-per-scaldare-i-cuori-degli-emigrati\/","og_locale":"fr_FR","og_type":"article","og_title":"I prodotti tipici della nostra terra viaggiano attraverso l'Europa per scaldare i cuori degli emigrati - Bellunopress - Dolomiti","og_description":"La storia dell&#8217;emigrazione veneta non appartiene al passato. Secondo i dati Istat del 2024, Belluno registra il tasso migratorio internazionale pi\u00f9 alto del Veneto: 5,1 per mille abitanti si trasferiscono verso l&#8217;estero ogni anno. Nel 2008, erano 260.849 i cittadini veneti che vivevano all&#8217;estero, con 38.320 residenti in Svizzera. Con loro o per raggiungerli, i [&hellip;]","og_url":"https:\/\/www.bellunopress.it\/fr\/2026\/09\/03\/i-prodotti-tipici-della-nostra-terra-viaggiano-attraverso-leuropa-per-scaldare-i-cuori-degli-emigrati\/","og_site_name":"Bellunopress - Dolomiti","article_publisher":"https:\/\/www.facebook.com\/profile.php?id=100008943462799","article_published_time":"2026-09-03T18:47:55+00:00","og_image":[{"width":556,"height":476,"url":"https:\/\/www.bellunopress.it\/wp-content\/uploads\/2026\/09\/scatole-di-cartone-a-onda-singola.jpg","type":"image\/jpeg"}],"author":"redazione","twitter_card":"summary_large_image","twitter_creator":"@bellunopress","twitter_site":"@bellunopress","twitter_misc":{"Written by":"redazione","Est. reading time":"3 minutes"},"schema":{"@context":"https:\/\/schema.org","@graph":[{"@type":"Article","@id":"https:\/\/www.bellunopress.it\/2026\/09\/03\/i-prodotti-tipici-della-nostra-terra-viaggiano-attraverso-leuropa-per-scaldare-i-cuori-degli-emigrati\/#article","isPartOf":{"@id":"https:\/\/www.bellunopress.it\/2026\/09\/03\/i-prodotti-tipici-della-nostra-terra-viaggiano-attraverso-leuropa-per-scaldare-i-cuori-degli-emigrati\/"},"author":{"name":"redazione","@id":"https:\/\/www.bellunopress.it\/#\/schema\/person\/79bb06722b37ece1c03d3e94beb30d73"},"headline":"I prodotti tipici della nostra terra viaggiano attraverso l&#8217;Europa per scaldare i cuori degli emigrati","datePublished":"2026-09-03T18:47:55+00:00","mainEntityOfPage":{"@id":"https:\/\/www.bellunopress.it\/2026\/09\/03\/i-prodotti-tipici-della-nostra-terra-viaggiano-attraverso-leuropa-per-scaldare-i-cuori-degli-emigrati\/"},"wordCount":397,"publisher":{"@id":"https:\/\/www.bellunopress.it\/#organization"},"image":{"@id":"https:\/\/www.bellunopress.it\/2026\/09\/03\/i-prodotti-tipici-della-nostra-terra-viaggiano-attraverso-leuropa-per-scaldare-i-cuori-degli-emigrati\/#primaryimage"},"thumbnailUrl":"https:\/\/www.bellunopress.it\/wp-content\/uploads\/2026\/09\/scatole-di-cartone-a-onda-singola.jpg","articleSection":["Lavoro, Economia, Turismo"],"inLanguage":"fr-FR"},{"@type":"WebPage","@id":"https:\/\/www.bellunopress.it\/2026\/09\/03\/i-prodotti-tipici-della-nostra-terra-viaggiano-attraverso-leuropa-per-scaldare-i-cuori-degli-emigrati\/","url":"https:\/\/www.bellunopress.it\/2026\/09\/03\/i-prodotti-tipici-della-nostra-terra-viaggiano-attraverso-leuropa-per-scaldare-i-cuori-degli-emigrati\/","name":"I prodotti tipici della nostra terra viaggiano attraverso l'Europa per scaldare i cuori degli emigrati - Bellunopress - Dolomiti","isPartOf":{"@id":"https:\/\/www.bellunopress.it\/#website"},"primaryImageOfPage":{"@id":"https:\/\/www.bellunopress.it\/2026\/09\/03\/i-prodotti-tipici-della-nostra-terra-viaggiano-attraverso-leuropa-per-scaldare-i-cuori-degli-emigrati\/#primaryimage"},"image":{"@id":"https:\/\/www.bellunopress.it\/2026\/09\/03\/i-prodotti-tipici-della-nostra-terra-viaggiano-attraverso-leuropa-per-scaldare-i-cuori-degli-emigrati\/#primaryimage"},"thumbnailUrl":"https:\/\/www.bellunopress.it\/wp-content\/uploads\/2026\/09\/scatole-di-cartone-a-onda-singola.jpg","datePublished":"2026-09-03T18:47:55+00:00","breadcrumb":{"@id":"https:\/\/www.bellunopress.it\/2026\/09\/03\/i-prodotti-tipici-della-nostra-terra-viaggiano-attraverso-leuropa-per-scaldare-i-cuori-degli-emigrati\/#breadcrumb"},"inLanguage":"fr-FR","potentialAction":[{"@type":"ReadAction","target":["https:\/\/www.bellunopress.it\/2026\/09\/03\/i-prodotti-tipici-della-nostra-terra-viaggiano-attraverso-leuropa-per-scaldare-i-cuori-degli-emigrati\/"]}]},{"@type":"ImageObject","inLanguage":"fr-FR","@id":"https:\/\/www.bellunopress.it\/2026\/09\/03\/i-prodotti-tipici-della-nostra-terra-viaggiano-attraverso-leuropa-per-scaldare-i-cuori-degli-emigrati\/#primaryimage","url":"https:\/\/www.bellunopress.it\/wp-content\/uploads\/2026\/09\/scatole-di-cartone-a-onda-singola.jpg","contentUrl":"https:\/\/www.bellunopress.it\/wp-content\/uploads\/2026\/09\/scatole-di-cartone-a-onda-singola.jpg","width":556,"height":476,"caption":"https:\/\/www.pitpackaging.it\/imballaggi"},{"@type":"BreadcrumbList","@id":"https:\/\/www.bellunopress.it\/2026\/09\/03\/i-prodotti-tipici-della-nostra-terra-viaggiano-attraverso-leuropa-per-scaldare-i-cuori-degli-emigrati\/#breadcrumb","itemListElement":[{"@type":"ListItem","position":1,"name":"Home","item":"https:\/\/www.bellunopress.it\/"},{"@type":"ListItem","position":2,"name":"I prodotti tipici della nostra terra viaggiano attraverso l&#8217;Europa per scaldare i cuori degli emigrati"}]},{"@type":"WebSite","@id":"https:\/\/www.bellunopress.it\/#website","url":"https:\/\/www.bellunopress.it\/","name":"Bellunopress - Dolomiti","description":"e-mail: redazione@bellunopress.it","publisher":{"@id":"https:\/\/www.bellunopress.it\/#organization"},"potentialAction":[{"@type":"SearchAction","target":{"@type":"EntryPoint","urlTemplate":"https:\/\/www.bellunopress.it\/?s={search_term_string}"},"query-input":{"@type":"PropertyValueSpecification","valueRequired":true,"valueName":"search_term_string"}}],"inLanguage":"fr-FR"},{"@type":"Organization","@id":"https:\/\/www.bellunopress.it\/#organization","name":"Bellunopress","url":"https:\/\/www.bellunopress.it\/","logo":{"@type":"ImageObject","inLanguage":"fr-FR","@id":"https:\/\/www.bellunopress.it\/#\/schema\/logo\/image\/","url":"https:\/\/www.bellunopress.it\/wp-content\/uploads\/2011\/05\/cropped-logo-bellunopress-.jpg","contentUrl":"https:\/\/www.bellunopress.it\/wp-content\/uploads\/2011\/05\/cropped-logo-bellunopress-.jpg","width":512,"height":512,"caption":"Bellunopress"},"image":{"@id":"https:\/\/www.bellunopress.it\/#\/schema\/logo\/image\/"},"sameAs":["https:\/\/www.facebook.com\/profile.php?id=100008943462799","https:\/\/x.com\/bellunopress","https:\/\/www.linkedin.com\/hp\/?dnr=JBzUWaJfMUw8vbXJJ2tVW5-I3jZKvC4wsoxE&amp;amp;amp;amp;amp;amp;trk=nav_responsive_tab_home","https:\/\/www.youtube.com\/channel\/UCxL0wu1uN0_3_7hGG0306cw"]},{"@type":"Person","@id":"https:\/\/www.bellunopress.it\/#\/schema\/person\/79bb06722b37ece1c03d3e94beb30d73","name":"r\u00e9daction","image":{"@type":"ImageObject","inLanguage":"fr-FR","@id":"https:\/\/secure.gravatar.com\/avatar\/37d968a2e67a6fd04c169c4bdef102d0bc5d31b2546345219e348575eb80e9a0?s=96&d=mm&r=g","url":"https:\/\/secure.gravatar.com\/avatar\/37d968a2e67a6fd04c169c4bdef102d0bc5d31b2546345219e348575eb80e9a0?s=96&d=mm&r=g","contentUrl":"https:\/\/secure.gravatar.com\/avatar\/37d968a2e67a6fd04c169c4bdef102d0bc5d31b2546345219e348575eb80e9a0?s=96&d=mm&r=g","caption":"redazione"},"sameAs":["http:\/\/www.bellunopress.it","https:\/\/x.com\/bellunopress"],"url":"https:\/\/www.bellunopress.it\/fr\/author\/redazione\/"}]}},"_links":{"self":[{"href":"https:\/\/www.bellunopress.it\/fr\/wp-json\/wp\/v2\/posts\/173115","targetHints":{"allow":["GET"]}}],"collection":[{"href":"https:\/\/www.bellunopress.it\/fr\/wp-json\/wp\/v2\/posts"}],"about":[{"href":"https:\/\/www.bellunopress.it\/fr\/wp-json\/wp\/v2\/types\/post"}],"author":[{"embeddable":true,"href":"https:\/\/www.bellunopress.it\/fr\/wp-json\/wp\/v2\/users\/2"}],"replies":[{"embeddable":true,"href":"https:\/\/www.bellunopress.it\/fr\/wp-json\/wp\/v2\/comments?post=173115"}],"version-history":[{"count":1,"href":"https:\/\/www.bellunopress.it\/fr\/wp-json\/wp\/v2\/posts\/173115\/revisions"}],"predecessor-version":[{"id":173117,"href":"https:\/\/www.bellunopress.it\/fr\/wp-json\/wp\/v2\/posts\/173115\/revisions\/173117"}],"wp:featuredmedia":[{"embeddable":true,"href":"https:\/\/www.bellunopress.it\/fr\/wp-json\/wp\/v2\/media\/173116"}],"wp:attachment":[{"href":"https:\/\/www.bellunopress.it\/fr\/wp-json\/wp\/v2\/media?parent=173115"}],"wp:term":[{"taxonomy":"category","embeddable":true,"href":"https:\/\/www.bellunopress.it\/fr\/wp-json\/wp\/v2\/categories?post=173115"},{"taxonomy":"post_tag","embeddable":true,"href":"https:\/\/www.bellunopress.it\/fr\/wp-json\/wp\/v2\/tags?post=173115"}],"curies":[{"name":"wp","href":"https:\/\/api.w.org\/{rel}","templated":true}]}}