{"id":173102,"date":"2026-09-03T13:15:40","date_gmt":"2026-09-03T11:15:40","guid":{"rendered":"https:\/\/www.bellunopress.it\/?p=173102"},"modified":"2026-09-03T13:15:40","modified_gmt":"2026-09-03T11:15:40","slug":"via-libera-del-consiglio-regionale-del-veneto-al-suicidio-medicalmente-assistito-tra-luci-e-ombre","status":"publish","type":"post","link":"https:\/\/www.bellunopress.it\/fr\/2026\/09\/03\/via-libera-del-consiglio-regionale-del-veneto-al-suicidio-medicalmente-assistito-tra-luci-e-ombre\/","title":{"rendered":"Feu vert du Conseil r\u00e9gional de V\u00e9n\u00e9tie au suicide m\u00e9dicalement assist\u00e9 : entre ombre et lumi\u00e8re"},"content":{"rendered":"<p data-path-to-node=\"0\">Venezia, 03\/09\/2026 &#8211; Come anticipato ieri, il Consiglio Regionale del Veneto ha approvato una legge regionale che regolamenta l&#8217;attuazione del suicidio medicalmente assistito, ottenendo una maggioranza trasversale di 32 voti favorevoli, 14 contrari e 5 astenuti. Con questo provvedimento, la Regione si unisce a Toscana, Sardegna ed Emilia-Romagna nel dotarsi di uno strumento normativo per uniformare la presa in carico e la valutazione delle richieste da parte delle singole ULSS e Aziende Ospedaliere, muovendosi nel perimetro tracciato dalla sentenza della Corte costituzionale 242\/2019 e dalle successive sentenze 204\/2025 e 148\/2026.<\/p>\n<p data-path-to-node=\"2\">La Consulta di Bioetica, per voce del presidente Piergiorgio Donatelli e del membro del consiglio direttivo Davide Mazzon, ha espresso soddisfazione per il traguardo raggiunto grazie alla mobilitazione dell&#8217;Associazione Luca Coscioni, sottolineando l&#8217;importanza dell&#8217;intervento regionale a fronte dell&#8217;assenza di una legge nazionale da parte del Parlamento.<\/p>\n<p data-path-to-node=\"3\">Nonostante il giudizio complessivamente positivo, il comunicato evidenzia alcune criticit\u00e0 e punti di attenzione:<\/p>\n<ul data-path-to-node=\"4\">\n<li>\n<p data-path-to-node=\"4,0,0\"><b data-path-to-node=\"4,0,0\" data-index-in-node=\"0\">Mancanza di tempi certi:<\/b> La legge non fissa scadenze precise per la presa in carico e l&#8217;attuazione della richiesta, limitandosi a prevedere che avvenga senza ingiustificati ritardi e in modo compatibile con le esigenze del malato.<\/p>\n<\/li>\n<li>\n<p data-path-to-node=\"4,1,0\"><b data-path-to-node=\"4,1,0\" data-index-in-node=\"0\">Profili di condizionamento:<\/b> \u00c8 prevista la possibilit\u00e0 di fornire ai pazienti informazioni relative a enti e associazioni che tutelano la vita dal concepimento alla morte naturale, un aspetto che la Consulta giudica potenzialmente ostativo rispetto alla libert\u00e0 di scelta e all&#8217;autodeterminazione.<\/p>\n<\/li>\n<li>\n<p data-path-to-node=\"4,2,0\"><b data-path-to-node=\"4,2,0\" data-index-in-node=\"0\">Il parere del palliativista:<\/b> Viene criticata l&#8217;introduzione di un parere &#8220;rafforzato&#8221; affidato al medico palliativista all&#8217;interno della Commissione Tecnica Multidisciplinare, ritenuto di rango sovraordinato rispetto alle valutazioni degli altri specialisti.<\/p>\n<\/li>\n<\/ul>\n<h2 data-path-to-node=\"6\">Come hanno votato i consiglieri regionali<\/h2>\n<ul data-path-to-node=\"7\">\n<li>\n<p data-path-to-node=\"7,0,0\"><b data-path-to-node=\"7,0,0\" data-index-in-node=\"0\">Flavio Baldan (M5s):<\/b> S\u00cc<\/p>\n<\/li>\n<li>\n<p data-path-to-node=\"7,1,0\"><b data-path-to-node=\"7,1,0\" data-index-in-node=\"0\">Matteo Baldan (FdI):<\/b> NO<\/p>\n<\/li>\n<li>\n<p data-path-to-node=\"7,2,0\"><b data-path-to-node=\"7,2,0\" data-index-in-node=\"0\">Claudia Barbera (FdI):<\/b> NO<\/p>\n<\/li>\n<li>\n<p data-path-to-node=\"7,3,0\"><b data-path-to-node=\"7,3,0\" data-index-in-node=\"0\">Riccardo Barbisan (Lega):<\/b> NO<\/p>\n<\/li>\n<li>\n<p data-path-to-node=\"7,4,0\"><b data-path-to-node=\"7,4,0\" data-index-in-node=\"0\">Giorgia Bedin (Lega):<\/b> S\u00cc<\/p>\n<\/li>\n<li>\n<p data-path-to-node=\"7,5,0\"><b data-path-to-node=\"7,5,0\" data-index-in-node=\"0\">Fabio Benetti (FdI):<\/b> NO<\/p>\n<\/li>\n<li>\n<p data-path-to-node=\"7,6,0\"><b data-path-to-node=\"7,6,0\" data-index-in-node=\"0\">Laura Besio (FdI):<\/b> NO<\/p>\n<\/li>\n<li>\n<p data-path-to-node=\"7,7,0\"><b data-path-to-node=\"7,7,0\" data-index-in-node=\"0\">Alessia Bevilacqua (Lega):<\/b> S\u00cc<\/p>\n<\/li>\n<li>\n<p data-path-to-node=\"7,8,0\"><b data-path-to-node=\"7,8,0\" data-index-in-node=\"0\">Anna Maria Bigon (Pd):<\/b> S\u00cc<\/p>\n<\/li>\n<li>\n<p data-path-to-node=\"7,9,0\"><b data-path-to-node=\"7,9,0\" data-index-in-node=\"0\">Claudio Borgia (FdI):<\/b> NO<\/p>\n<\/li>\n<li>\n<p data-path-to-node=\"7,10,0\"><b data-path-to-node=\"7,10,0\" data-index-in-node=\"0\">Alberto Bozza (FI):<\/b> astenuto<\/p>\n<\/li>\n<li>\n<p data-path-to-node=\"7,11,0\"><b data-path-to-node=\"7,11,0\" data-index-in-node=\"0\">Sonia Brescacin (Misto):<\/b> S\u00cc<\/p>\n<\/li>\n<li>\n<p data-path-to-node=\"7,12,0\"><b data-path-to-node=\"7,12,0\" data-index-in-node=\"0\">Silvia Calligaro (FdI):<\/b> NO<\/p>\n<\/li>\n<li>\n<p data-path-to-node=\"7,13,0\"><b data-path-to-node=\"7,13,0\" data-index-in-node=\"0\">Francesco Calzavara (Lega):<\/b> S\u00cc<\/p>\n<\/li>\n<li>\n<p data-path-to-node=\"7,14,0\"><b data-path-to-node=\"7,14,0\" data-index-in-node=\"0\">Rossella Cendron (Civiche):<\/b> S\u00cc<\/p>\n<\/li>\n<li>\n<p data-path-to-node=\"7,15,0\"><b data-path-to-node=\"7,15,0\" data-index-in-node=\"0\">Rosanna Conte (Lega):<\/b> astenuta<\/p>\n<\/li>\n<li>\n<p data-path-to-node=\"7,16,0\"><b data-path-to-node=\"7,16,0\" data-index-in-node=\"0\">Cristiano Corazzari (Lega):<\/b> S\u00cc<\/p>\n<\/li>\n<li>\n<p data-path-to-node=\"7,17,0\"><b data-path-to-node=\"7,17,0\" data-index-in-node=\"0\">Carlo Cunegato (Avs):<\/b> S\u00cc<\/p>\n<\/li>\n<li>\n<p data-path-to-node=\"7,18,0\"><b data-path-to-node=\"7,18,0\" data-index-in-node=\"0\">Antonio Marco Dalla Pozza (Pd):<\/b> S\u00cc<\/p>\n<\/li>\n<li>\n<p data-path-to-node=\"7,19,0\"><b data-path-to-node=\"7,19,0\" data-index-in-node=\"0\">Elisa De Berti (Lega):<\/b> S\u00cc<\/p>\n<\/li>\n<li>\n<p data-path-to-node=\"7,20,0\"><b data-path-to-node=\"7,20,0\" data-index-in-node=\"0\">Alessandro Del Bianco (Pd):<\/b> S\u00cc<\/p>\n<\/li>\n<li>\n<p data-path-to-node=\"7,21,0\"><b data-path-to-node=\"7,21,0\" data-index-in-node=\"0\">Paolo Galeano (Pd):<\/b> S\u00cc<\/p>\n<\/li>\n<li>\n<p data-path-to-node=\"7,22,0\"><b data-path-to-node=\"7,22,0\" data-index-in-node=\"0\">Manuela Lanzarin (Lega):<\/b> S\u00cc<\/p>\n<\/li>\n<li>\n<p data-path-to-node=\"7,23,0\"><b data-path-to-node=\"7,23,0\" data-index-in-node=\"0\">Anna Leso (FdI):<\/b> NO<\/p>\n<\/li>\n<li>\n<p data-path-to-node=\"7,24,0\"><b data-path-to-node=\"7,24,0\" data-index-in-node=\"0\">Davide Lovat (Resistere):<\/b> NO<\/p>\n<\/li>\n<li>\n<p data-path-to-node=\"7,25,0\"><b data-path-to-node=\"7,25,0\" data-index-in-node=\"0\">Chiara Luisetto (Pd):<\/b> S\u00cc<\/p>\n<\/li>\n<li>\n<p data-path-to-node=\"7,26,0\"><b data-path-to-node=\"7,26,0\" data-index-in-node=\"0\">Jacopo Maltauro (FI):<\/b> S\u00cc<\/p>\n<\/li>\n<li>\n<p data-path-to-node=\"7,27,0\"><b data-path-to-node=\"7,27,0\" data-index-in-node=\"0\">Giovanni Manildo (Pd):<\/b> S\u00cc<\/p>\n<\/li>\n<li>\n<p data-path-to-node=\"7,28,0\"><b data-path-to-node=\"7,28,0\" data-index-in-node=\"0\">Roberto Marcato (Lega):<\/b> S\u00cc<\/p>\n<\/li>\n<li>\n<p data-path-to-node=\"7,29,0\"><b data-path-to-node=\"7,29,0\" data-index-in-node=\"0\">Stefano Marcon (Lega):<\/b> S\u00cc<\/p>\n<\/li>\n<li>\n<p data-path-to-node=\"7,30,0\"><b data-path-to-node=\"7,30,0\" data-index-in-node=\"0\">Morena Martini (Stefani):<\/b> S\u00cc<\/p>\n<\/li>\n<li>\n<p data-path-to-node=\"7,31,0\"><b data-path-to-node=\"7,31,0\" data-index-in-node=\"0\">Andrea Micalizzi (Pd):<\/b> S\u00cc<\/p>\n<\/li>\n<li>\n<p data-path-to-node=\"7,32,0\"><b data-path-to-node=\"7,32,0\" data-index-in-node=\"0\">Jonatan Montanariello (Pd):<\/b> S\u00cc<\/p>\n<\/li>\n<li>\n<p data-path-to-node=\"7,33,0\"><b data-path-to-node=\"7,33,0\" data-index-in-node=\"0\">Alessio Morosin (Liga Veneta):<\/b> S\u00cc<\/p>\n<\/li>\n<li>\n<p data-path-to-node=\"7,34,0\"><b data-path-to-node=\"7,34,0\" data-index-in-node=\"0\">Eleonora Mosco (Stefani):<\/b> S\u00cc<\/p>\n<\/li>\n<li>\n<p data-path-to-node=\"7,35,0\"><b data-path-to-node=\"7,35,0\" data-index-in-node=\"0\">Elena Ostanel (Avs):<\/b> S\u00cc<\/p>\n<\/li>\n<li>\n<p data-path-to-node=\"7,36,0\"><b data-path-to-node=\"7,36,0\" data-index-in-node=\"0\">Eric Pasqualon (Udc):<\/b> astenuto<\/p>\n<\/li>\n<li>\n<p data-path-to-node=\"7,37,0\"><b data-path-to-node=\"7,37,0\" data-index-in-node=\"0\">Mirko Patron (FI):<\/b> astenuto<\/p>\n<\/li>\n<li>\n<p data-path-to-node=\"7,38,0\"><b data-path-to-node=\"7,38,0\" data-index-in-node=\"0\">Matteo Pressi (Stefani):<\/b> S\u00cc<\/p>\n<\/li>\n<li>\n<p data-path-to-node=\"7,39,0\"><b data-path-to-node=\"7,39,0\" data-index-in-node=\"0\">Filippo Rigo (Lega):<\/b> NO<\/p>\n<\/li>\n<li>\n<p data-path-to-node=\"7,40,0\"><b data-path-to-node=\"7,40,0\" data-index-in-node=\"0\">Nicol\u00f2 Maria Rocco (Azione):<\/b> S\u00cc<\/p>\n<\/li>\n<li>\n<p data-path-to-node=\"7,41,0\"><b data-path-to-node=\"7,41,0\" data-index-in-node=\"0\">Francesco Rucco (FdI):<\/b> NO<\/p>\n<\/li>\n<li>\n<p data-path-to-node=\"7,42,0\"><b data-path-to-node=\"7,42,0\" data-index-in-node=\"0\">Monica Sambo (Pd):<\/b> S\u00cc<\/p>\n<\/li>\n<li>\n<p data-path-to-node=\"7,43,0\"><b data-path-to-node=\"7,43,0\" data-index-in-node=\"0\">Enoch Soranzo (FdI):<\/b> NO<\/p>\n<\/li>\n<li>\n<p data-path-to-node=\"7,44,0\"><b data-path-to-node=\"7,44,0\" data-index-in-node=\"0\">Alberto Stefani (Lega):<\/b> S\u00cc<\/p>\n<\/li>\n<li>\n<p data-path-to-node=\"7,45,0\"><b data-path-to-node=\"7,45,0\" data-index-in-node=\"0\">Riccardo Szumski (Resistere):<\/b> NO<\/p>\n<\/li>\n<li>\n<p data-path-to-node=\"7,46,0\"><b data-path-to-node=\"7,46,0\" data-index-in-node=\"0\">Andrea Tomaello (Stefani):<\/b> astenuto<\/p>\n<\/li>\n<li>\n<p data-path-to-node=\"7,47,0\"><b data-path-to-node=\"7,47,0\" data-index-in-node=\"0\">Gianpaolo Trevisi (Pd):<\/b> S\u00cc<\/p>\n<\/li>\n<li>\n<p data-path-to-node=\"7,48,0\"><b data-path-to-node=\"7,48,0\" data-index-in-node=\"0\">Stefano Valdegamberi (Fn):<\/b> NO<\/p>\n<\/li>\n<li>\n<p data-path-to-node=\"7,49,0\"><b data-path-to-node=\"7,49,0\" data-index-in-node=\"0\">Roberta Vianello (Lega):<\/b> S\u00cc<\/p>\n<\/li>\n<li>\n<p data-path-to-node=\"7,50,0\"><b data-path-to-node=\"7,50,0\" data-index-in-node=\"0\">Luca Zaia (Lega):<\/b> S\u00cc<\/p>\n<\/li>\n<\/ul>","protected":false},"excerpt":{"rendered":"<p>Venezia, 03\/09\/2026 &#8211; Come anticipato ieri, il Consiglio Regionale del Veneto ha approvato una legge regionale che regolamenta l&#8217;attuazione del suicidio medicalmente assistito, ottenendo una maggioranza trasversale di 32 voti favorevoli, 14 contrari e 5 astenuti. Con questo provvedimento, la Regione si unisce a Toscana, Sardegna ed Emilia-Romagna nel dotarsi di uno strumento normativo per [&hellip;]<\/p>\n","protected":false},"author":2,"featured_media":108197,"comment_status":"closed","ping_status":"open","sticky":false,"template":"","format":"standard","meta":{"footnotes":""},"categories":[5,26],"tags":[],"class_list":["post-173102","post","type-post","status-publish","format-standard","has-post-thumbnail","category-cronaca","category-prima-pagina"],"yoast_head":"<!-- This site is optimized with the Yoast SEO plugin v28.4 - https:\/\/yoast.com\/product\/yoast-seo-wordpress\/ -->\n<title>Via libera del Consiglio Regionale del Veneto al suicidio medicalmente assistito: tra luci e ombre - Bellunopress - Dolomiti<\/title>\n<meta name=\"robots\" content=\"index, follow, max-snippet:-1, max-image-preview:large, max-video-preview:-1\" \/>\n<link rel=\"canonical\" href=\"https:\/\/www.bellunopress.it\/fr\/2026\/09\/03\/via-libera-del-consiglio-regionale-del-veneto-al-suicidio-medicalmente-assistito-tra-luci-e-ombre\/\" \/>\n<meta property=\"og:locale\" content=\"fr_FR\" \/>\n<meta property=\"og:type\" content=\"article\" \/>\n<meta property=\"og:title\" content=\"Via libera del Consiglio Regionale del Veneto al suicidio medicalmente assistito: tra luci e ombre - Bellunopress - Dolomiti\" \/>\n<meta property=\"og:description\" content=\"Venezia, 03\/09\/2026 &#8211; Come anticipato ieri, il Consiglio Regionale del Veneto ha approvato una legge regionale che regolamenta l&#8217;attuazione del suicidio medicalmente assistito, ottenendo una maggioranza trasversale di 32 voti favorevoli, 14 contrari e 5 astenuti. Con questo provvedimento, la Regione si unisce a Toscana, Sardegna ed Emilia-Romagna nel dotarsi di uno strumento normativo per [&hellip;]\" \/>\n<meta property=\"og:url\" content=\"https:\/\/www.bellunopress.it\/fr\/2026\/09\/03\/via-libera-del-consiglio-regionale-del-veneto-al-suicidio-medicalmente-assistito-tra-luci-e-ombre\/\" \/>\n<meta property=\"og:site_name\" content=\"Bellunopress - Dolomiti\" \/>\n<meta property=\"article:publisher\" content=\"https:\/\/www.facebook.com\/profile.php?id=100008943462799\" \/>\n<meta property=\"article:published_time\" content=\"2026-09-03T11:15:40+00:00\" \/>\n<meta property=\"og:image\" content=\"https:\/\/www.bellunopress.it\/wp-content\/uploads\/2019\/09\/consulta-bioetica-onlus.jpg\" \/>\n\t<meta property=\"og:image:width\" content=\"275\" \/>\n\t<meta property=\"og:image:height\" content=\"183\" \/>\n\t<meta property=\"og:image:type\" content=\"image\/jpeg\" \/>\n<meta name=\"author\" content=\"redazione\" \/>\n<meta name=\"twitter:card\" content=\"summary_large_image\" \/>\n<meta name=\"twitter:creator\" content=\"@bellunopress\" \/>\n<meta name=\"twitter:site\" content=\"@bellunopress\" \/>\n<meta name=\"twitter:label1\" content=\"Written by\" \/>\n\t<meta name=\"twitter:data1\" content=\"redazione\" \/>\n\t<meta name=\"twitter:label2\" content=\"Est. reading time\" \/>\n\t<meta name=\"twitter:data2\" content=\"3 minutes\" \/>\n<script type=\"application\/ld+json\" class=\"yoast-schema-graph\">{\"@context\":\"https:\\\/\\\/schema.org\",\"@graph\":[{\"@type\":\"Article\",\"@id\":\"https:\\\/\\\/www.bellunopress.it\\\/2026\\\/09\\\/03\\\/via-libera-del-consiglio-regionale-del-veneto-al-suicidio-medicalmente-assistito-tra-luci-e-ombre\\\/#article\",\"isPartOf\":{\"@id\":\"https:\\\/\\\/www.bellunopress.it\\\/2026\\\/09\\\/03\\\/via-libera-del-consiglio-regionale-del-veneto-al-suicidio-medicalmente-assistito-tra-luci-e-ombre\\\/\"},\"author\":{\"name\":\"redazione\",\"@id\":\"https:\\\/\\\/www.bellunopress.it\\\/#\\\/schema\\\/person\\\/79bb06722b37ece1c03d3e94beb30d73\"},\"headline\":\"Via libera del Consiglio Regionale del Veneto al suicidio medicalmente assistito: tra luci e ombre\",\"datePublished\":\"2026-09-03T11:15:40+00:00\",\"mainEntityOfPage\":{\"@id\":\"https:\\\/\\\/www.bellunopress.it\\\/2026\\\/09\\\/03\\\/via-libera-del-consiglio-regionale-del-veneto-al-suicidio-medicalmente-assistito-tra-luci-e-ombre\\\/\"},\"wordCount\":491,\"publisher\":{\"@id\":\"https:\\\/\\\/www.bellunopress.it\\\/#organization\"},\"image\":{\"@id\":\"https:\\\/\\\/www.bellunopress.it\\\/2026\\\/09\\\/03\\\/via-libera-del-consiglio-regionale-del-veneto-al-suicidio-medicalmente-assistito-tra-luci-e-ombre\\\/#primaryimage\"},\"thumbnailUrl\":\"https:\\\/\\\/www.bellunopress.it\\\/wp-content\\\/uploads\\\/2019\\\/09\\\/consulta-bioetica-onlus.jpg\",\"articleSection\":[\"Cronaca\\\/Politica\",\"Prima Pagina\"],\"inLanguage\":\"fr-FR\"},{\"@type\":\"WebPage\",\"@id\":\"https:\\\/\\\/www.bellunopress.it\\\/2026\\\/09\\\/03\\\/via-libera-del-consiglio-regionale-del-veneto-al-suicidio-medicalmente-assistito-tra-luci-e-ombre\\\/\",\"url\":\"https:\\\/\\\/www.bellunopress.it\\\/2026\\\/09\\\/03\\\/via-libera-del-consiglio-regionale-del-veneto-al-suicidio-medicalmente-assistito-tra-luci-e-ombre\\\/\",\"name\":\"Via libera del Consiglio Regionale del Veneto al suicidio medicalmente assistito: tra luci e ombre - Bellunopress - Dolomiti\",\"isPartOf\":{\"@id\":\"https:\\\/\\\/www.bellunopress.it\\\/#website\"},\"primaryImageOfPage\":{\"@id\":\"https:\\\/\\\/www.bellunopress.it\\\/2026\\\/09\\\/03\\\/via-libera-del-consiglio-regionale-del-veneto-al-suicidio-medicalmente-assistito-tra-luci-e-ombre\\\/#primaryimage\"},\"image\":{\"@id\":\"https:\\\/\\\/www.bellunopress.it\\\/2026\\\/09\\\/03\\\/via-libera-del-consiglio-regionale-del-veneto-al-suicidio-medicalmente-assistito-tra-luci-e-ombre\\\/#primaryimage\"},\"thumbnailUrl\":\"https:\\\/\\\/www.bellunopress.it\\\/wp-content\\\/uploads\\\/2019\\\/09\\\/consulta-bioetica-onlus.jpg\",\"datePublished\":\"2026-09-03T11:15:40+00:00\",\"breadcrumb\":{\"@id\":\"https:\\\/\\\/www.bellunopress.it\\\/2026\\\/09\\\/03\\\/via-libera-del-consiglio-regionale-del-veneto-al-suicidio-medicalmente-assistito-tra-luci-e-ombre\\\/#breadcrumb\"},\"inLanguage\":\"fr-FR\",\"potentialAction\":[{\"@type\":\"ReadAction\",\"target\":[\"https:\\\/\\\/www.bellunopress.it\\\/2026\\\/09\\\/03\\\/via-libera-del-consiglio-regionale-del-veneto-al-suicidio-medicalmente-assistito-tra-luci-e-ombre\\\/\"]}]},{\"@type\":\"ImageObject\",\"inLanguage\":\"fr-FR\",\"@id\":\"https:\\\/\\\/www.bellunopress.it\\\/2026\\\/09\\\/03\\\/via-libera-del-consiglio-regionale-del-veneto-al-suicidio-medicalmente-assistito-tra-luci-e-ombre\\\/#primaryimage\",\"url\":\"https:\\\/\\\/www.bellunopress.it\\\/wp-content\\\/uploads\\\/2019\\\/09\\\/consulta-bioetica-onlus.jpg\",\"contentUrl\":\"https:\\\/\\\/www.bellunopress.it\\\/wp-content\\\/uploads\\\/2019\\\/09\\\/consulta-bioetica-onlus.jpg\",\"width\":275,\"height\":183},{\"@type\":\"BreadcrumbList\",\"@id\":\"https:\\\/\\\/www.bellunopress.it\\\/2026\\\/09\\\/03\\\/via-libera-del-consiglio-regionale-del-veneto-al-suicidio-medicalmente-assistito-tra-luci-e-ombre\\\/#breadcrumb\",\"itemListElement\":[{\"@type\":\"ListItem\",\"position\":1,\"name\":\"Home\",\"item\":\"https:\\\/\\\/www.bellunopress.it\\\/\"},{\"@type\":\"ListItem\",\"position\":2,\"name\":\"Via libera del Consiglio Regionale del Veneto al suicidio medicalmente assistito: tra luci e ombre\"}]},{\"@type\":\"WebSite\",\"@id\":\"https:\\\/\\\/www.bellunopress.it\\\/#website\",\"url\":\"https:\\\/\\\/www.bellunopress.it\\\/\",\"name\":\"Bellunopress - Dolomiti\",\"description\":\"e-mail: redazione@bellunopress.it\",\"publisher\":{\"@id\":\"https:\\\/\\\/www.bellunopress.it\\\/#organization\"},\"potentialAction\":[{\"@type\":\"SearchAction\",\"target\":{\"@type\":\"EntryPoint\",\"urlTemplate\":\"https:\\\/\\\/www.bellunopress.it\\\/?s={search_term_string}\"},\"query-input\":{\"@type\":\"PropertyValueSpecification\",\"valueRequired\":true,\"valueName\":\"search_term_string\"}}],\"inLanguage\":\"fr-FR\"},{\"@type\":\"Organization\",\"@id\":\"https:\\\/\\\/www.bellunopress.it\\\/#organization\",\"name\":\"Bellunopress\",\"url\":\"https:\\\/\\\/www.bellunopress.it\\\/\",\"logo\":{\"@type\":\"ImageObject\",\"inLanguage\":\"fr-FR\",\"@id\":\"https:\\\/\\\/www.bellunopress.it\\\/#\\\/schema\\\/logo\\\/image\\\/\",\"url\":\"https:\\\/\\\/www.bellunopress.it\\\/wp-content\\\/uploads\\\/2011\\\/05\\\/cropped-logo-bellunopress-.jpg\",\"contentUrl\":\"https:\\\/\\\/www.bellunopress.it\\\/wp-content\\\/uploads\\\/2011\\\/05\\\/cropped-logo-bellunopress-.jpg\",\"width\":512,\"height\":512,\"caption\":\"Bellunopress\"},\"image\":{\"@id\":\"https:\\\/\\\/www.bellunopress.it\\\/#\\\/schema\\\/logo\\\/image\\\/\"},\"sameAs\":[\"https:\\\/\\\/www.facebook.com\\\/profile.php?id=100008943462799\",\"https:\\\/\\\/x.com\\\/bellunopress\",\"https:\\\/\\\/www.linkedin.com\\\/hp\\\/?dnr=JBzUWaJfMUw8vbXJJ2tVW5-I3jZKvC4wsoxE&amp;amp;amp;amp;amp;amp;trk=nav_responsive_tab_home\",\"https:\\\/\\\/www.youtube.com\\\/channel\\\/UCxL0wu1uN0_3_7hGG0306cw\"]},{\"@type\":\"Person\",\"@id\":\"https:\\\/\\\/www.bellunopress.it\\\/#\\\/schema\\\/person\\\/79bb06722b37ece1c03d3e94beb30d73\",\"name\":\"redazione\",\"image\":{\"@type\":\"ImageObject\",\"inLanguage\":\"fr-FR\",\"@id\":\"https:\\\/\\\/secure.gravatar.com\\\/avatar\\\/37d968a2e67a6fd04c169c4bdef102d0bc5d31b2546345219e348575eb80e9a0?s=96&d=mm&r=g\",\"url\":\"https:\\\/\\\/secure.gravatar.com\\\/avatar\\\/37d968a2e67a6fd04c169c4bdef102d0bc5d31b2546345219e348575eb80e9a0?s=96&d=mm&r=g\",\"contentUrl\":\"https:\\\/\\\/secure.gravatar.com\\\/avatar\\\/37d968a2e67a6fd04c169c4bdef102d0bc5d31b2546345219e348575eb80e9a0?s=96&d=mm&r=g\",\"caption\":\"redazione\"},\"sameAs\":[\"http:\\\/\\\/www.bellunopress.it\",\"https:\\\/\\\/x.com\\\/bellunopress\"],\"url\":\"https:\\\/\\\/www.bellunopress.it\\\/fr\\\/author\\\/redazione\\\/\"}]}<\/script>\n<!-- \/ Yoast SEO plugin. -->","yoast_head_json":{"title":"Via libera del Consiglio Regionale del Veneto al suicidio medicalmente assistito: tra luci e ombre - Bellunopress - Dolomiti","robots":{"index":"index","follow":"follow","max-snippet":"max-snippet:-1","max-image-preview":"max-image-preview:large","max-video-preview":"max-video-preview:-1"},"canonical":"https:\/\/www.bellunopress.it\/fr\/2026\/09\/03\/via-libera-del-consiglio-regionale-del-veneto-al-suicidio-medicalmente-assistito-tra-luci-e-ombre\/","og_locale":"fr_FR","og_type":"article","og_title":"Via libera del Consiglio Regionale del Veneto al suicidio medicalmente assistito: tra luci e ombre - Bellunopress - Dolomiti","og_description":"Venezia, 03\/09\/2026 &#8211; Come anticipato ieri, il Consiglio Regionale del Veneto ha approvato una legge regionale che regolamenta l&#8217;attuazione del suicidio medicalmente assistito, ottenendo una maggioranza trasversale di 32 voti favorevoli, 14 contrari e 5 astenuti. Con questo provvedimento, la Regione si unisce a Toscana, Sardegna ed Emilia-Romagna nel dotarsi di uno strumento normativo per [&hellip;]","og_url":"https:\/\/www.bellunopress.it\/fr\/2026\/09\/03\/via-libera-del-consiglio-regionale-del-veneto-al-suicidio-medicalmente-assistito-tra-luci-e-ombre\/","og_site_name":"Bellunopress - Dolomiti","article_publisher":"https:\/\/www.facebook.com\/profile.php?id=100008943462799","article_published_time":"2026-09-03T11:15:40+00:00","og_image":[{"width":275,"height":183,"url":"https:\/\/www.bellunopress.it\/wp-content\/uploads\/2019\/09\/consulta-bioetica-onlus.jpg","type":"image\/jpeg"}],"author":"redazione","twitter_card":"summary_large_image","twitter_creator":"@bellunopress","twitter_site":"@bellunopress","twitter_misc":{"Written by":"redazione","Est. reading time":"3 minutes"},"schema":{"@context":"https:\/\/schema.org","@graph":[{"@type":"Article","@id":"https:\/\/www.bellunopress.it\/2026\/09\/03\/via-libera-del-consiglio-regionale-del-veneto-al-suicidio-medicalmente-assistito-tra-luci-e-ombre\/#article","isPartOf":{"@id":"https:\/\/www.bellunopress.it\/2026\/09\/03\/via-libera-del-consiglio-regionale-del-veneto-al-suicidio-medicalmente-assistito-tra-luci-e-ombre\/"},"author":{"name":"redazione","@id":"https:\/\/www.bellunopress.it\/#\/schema\/person\/79bb06722b37ece1c03d3e94beb30d73"},"headline":"Via libera del Consiglio Regionale del Veneto al suicidio medicalmente assistito: tra luci e ombre","datePublished":"2026-09-03T11:15:40+00:00","mainEntityOfPage":{"@id":"https:\/\/www.bellunopress.it\/2026\/09\/03\/via-libera-del-consiglio-regionale-del-veneto-al-suicidio-medicalmente-assistito-tra-luci-e-ombre\/"},"wordCount":491,"publisher":{"@id":"https:\/\/www.bellunopress.it\/#organization"},"image":{"@id":"https:\/\/www.bellunopress.it\/2026\/09\/03\/via-libera-del-consiglio-regionale-del-veneto-al-suicidio-medicalmente-assistito-tra-luci-e-ombre\/#primaryimage"},"thumbnailUrl":"https:\/\/www.bellunopress.it\/wp-content\/uploads\/2019\/09\/consulta-bioetica-onlus.jpg","articleSection":["Cronaca\/Politica","Prima Pagina"],"inLanguage":"fr-FR"},{"@type":"WebPage","@id":"https:\/\/www.bellunopress.it\/2026\/09\/03\/via-libera-del-consiglio-regionale-del-veneto-al-suicidio-medicalmente-assistito-tra-luci-e-ombre\/","url":"https:\/\/www.bellunopress.it\/2026\/09\/03\/via-libera-del-consiglio-regionale-del-veneto-al-suicidio-medicalmente-assistito-tra-luci-e-ombre\/","name":"Via libera del Consiglio Regionale del Veneto al suicidio medicalmente assistito: tra luci e ombre - Bellunopress - Dolomiti","isPartOf":{"@id":"https:\/\/www.bellunopress.it\/#website"},"primaryImageOfPage":{"@id":"https:\/\/www.bellunopress.it\/2026\/09\/03\/via-libera-del-consiglio-regionale-del-veneto-al-suicidio-medicalmente-assistito-tra-luci-e-ombre\/#primaryimage"},"image":{"@id":"https:\/\/www.bellunopress.it\/2026\/09\/03\/via-libera-del-consiglio-regionale-del-veneto-al-suicidio-medicalmente-assistito-tra-luci-e-ombre\/#primaryimage"},"thumbnailUrl":"https:\/\/www.bellunopress.it\/wp-content\/uploads\/2019\/09\/consulta-bioetica-onlus.jpg","datePublished":"2026-09-03T11:15:40+00:00","breadcrumb":{"@id":"https:\/\/www.bellunopress.it\/2026\/09\/03\/via-libera-del-consiglio-regionale-del-veneto-al-suicidio-medicalmente-assistito-tra-luci-e-ombre\/#breadcrumb"},"inLanguage":"fr-FR","potentialAction":[{"@type":"ReadAction","target":["https:\/\/www.bellunopress.it\/2026\/09\/03\/via-libera-del-consiglio-regionale-del-veneto-al-suicidio-medicalmente-assistito-tra-luci-e-ombre\/"]}]},{"@type":"ImageObject","inLanguage":"fr-FR","@id":"https:\/\/www.bellunopress.it\/2026\/09\/03\/via-libera-del-consiglio-regionale-del-veneto-al-suicidio-medicalmente-assistito-tra-luci-e-ombre\/#primaryimage","url":"https:\/\/www.bellunopress.it\/wp-content\/uploads\/2019\/09\/consulta-bioetica-onlus.jpg","contentUrl":"https:\/\/www.bellunopress.it\/wp-content\/uploads\/2019\/09\/consulta-bioetica-onlus.jpg","width":275,"height":183},{"@type":"BreadcrumbList","@id":"https:\/\/www.bellunopress.it\/2026\/09\/03\/via-libera-del-consiglio-regionale-del-veneto-al-suicidio-medicalmente-assistito-tra-luci-e-ombre\/#breadcrumb","itemListElement":[{"@type":"ListItem","position":1,"name":"Home","item":"https:\/\/www.bellunopress.it\/"},{"@type":"ListItem","position":2,"name":"Via libera del Consiglio Regionale del Veneto al suicidio medicalmente assistito: tra luci e ombre"}]},{"@type":"WebSite","@id":"https:\/\/www.bellunopress.it\/#website","url":"https:\/\/www.bellunopress.it\/","name":"Bellunopress - Dolomiti","description":"e-mail: redazione@bellunopress.it","publisher":{"@id":"https:\/\/www.bellunopress.it\/#organization"},"potentialAction":[{"@type":"SearchAction","target":{"@type":"EntryPoint","urlTemplate":"https:\/\/www.bellunopress.it\/?s={search_term_string}"},"query-input":{"@type":"PropertyValueSpecification","valueRequired":true,"valueName":"search_term_string"}}],"inLanguage":"fr-FR"},{"@type":"Organization","@id":"https:\/\/www.bellunopress.it\/#organization","name":"Bellunopress","url":"https:\/\/www.bellunopress.it\/","logo":{"@type":"ImageObject","inLanguage":"fr-FR","@id":"https:\/\/www.bellunopress.it\/#\/schema\/logo\/image\/","url":"https:\/\/www.bellunopress.it\/wp-content\/uploads\/2011\/05\/cropped-logo-bellunopress-.jpg","contentUrl":"https:\/\/www.bellunopress.it\/wp-content\/uploads\/2011\/05\/cropped-logo-bellunopress-.jpg","width":512,"height":512,"caption":"Bellunopress"},"image":{"@id":"https:\/\/www.bellunopress.it\/#\/schema\/logo\/image\/"},"sameAs":["https:\/\/www.facebook.com\/profile.php?id=100008943462799","https:\/\/x.com\/bellunopress","https:\/\/www.linkedin.com\/hp\/?dnr=JBzUWaJfMUw8vbXJJ2tVW5-I3jZKvC4wsoxE&amp;amp;amp;amp;amp;amp;trk=nav_responsive_tab_home","https:\/\/www.youtube.com\/channel\/UCxL0wu1uN0_3_7hGG0306cw"]},{"@type":"Person","@id":"https:\/\/www.bellunopress.it\/#\/schema\/person\/79bb06722b37ece1c03d3e94beb30d73","name":"r\u00e9daction","image":{"@type":"ImageObject","inLanguage":"fr-FR","@id":"https:\/\/secure.gravatar.com\/avatar\/37d968a2e67a6fd04c169c4bdef102d0bc5d31b2546345219e348575eb80e9a0?s=96&d=mm&r=g","url":"https:\/\/secure.gravatar.com\/avatar\/37d968a2e67a6fd04c169c4bdef102d0bc5d31b2546345219e348575eb80e9a0?s=96&d=mm&r=g","contentUrl":"https:\/\/secure.gravatar.com\/avatar\/37d968a2e67a6fd04c169c4bdef102d0bc5d31b2546345219e348575eb80e9a0?s=96&d=mm&r=g","caption":"redazione"},"sameAs":["http:\/\/www.bellunopress.it","https:\/\/x.com\/bellunopress"],"url":"https:\/\/www.bellunopress.it\/fr\/author\/redazione\/"}]}},"_links":{"self":[{"href":"https:\/\/www.bellunopress.it\/fr\/wp-json\/wp\/v2\/posts\/173102","targetHints":{"allow":["GET"]}}],"collection":[{"href":"https:\/\/www.bellunopress.it\/fr\/wp-json\/wp\/v2\/posts"}],"about":[{"href":"https:\/\/www.bellunopress.it\/fr\/wp-json\/wp\/v2\/types\/post"}],"author":[{"embeddable":true,"href":"https:\/\/www.bellunopress.it\/fr\/wp-json\/wp\/v2\/users\/2"}],"replies":[{"embeddable":true,"href":"https:\/\/www.bellunopress.it\/fr\/wp-json\/wp\/v2\/comments?post=173102"}],"version-history":[{"count":1,"href":"https:\/\/www.bellunopress.it\/fr\/wp-json\/wp\/v2\/posts\/173102\/revisions"}],"predecessor-version":[{"id":173103,"href":"https:\/\/www.bellunopress.it\/fr\/wp-json\/wp\/v2\/posts\/173102\/revisions\/173103"}],"wp:featuredmedia":[{"embeddable":true,"href":"https:\/\/www.bellunopress.it\/fr\/wp-json\/wp\/v2\/media\/108197"}],"wp:attachment":[{"href":"https:\/\/www.bellunopress.it\/fr\/wp-json\/wp\/v2\/media?parent=173102"}],"wp:term":[{"taxonomy":"category","embeddable":true,"href":"https:\/\/www.bellunopress.it\/fr\/wp-json\/wp\/v2\/categories?post=173102"},{"taxonomy":"post_tag","embeddable":true,"href":"https:\/\/www.bellunopress.it\/fr\/wp-json\/wp\/v2\/tags?post=173102"}],"curies":[{"name":"wp","href":"https:\/\/api.w.org\/{rel}","templated":true}]}}