{"id":173095,"date":"2026-09-03T07:37:18","date_gmt":"2026-09-03T05:37:18","guid":{"rendered":"https:\/\/www.bellunopress.it\/?p=173095"},"modified":"2026-09-03T07:37:18","modified_gmt":"2026-09-03T05:37:18","slug":"feltre-arrestato-un-cittadino-sudamericano-per-furto-aggravato-e-violazione-del-foglio-di-via","status":"publish","type":"post","link":"https:\/\/www.bellunopress.it\/fr\/2026\/09\/03\/feltre-arrestato-un-cittadino-sudamericano-per-furto-aggravato-e-violazione-del-foglio-di-via\/","title":{"rendered":"Feltre : un citoyen sud-am\u00e9ricain arr\u00eat\u00e9 pour vol aggrav\u00e9 et violation de l'interdiction de s\u00e9jour"},"content":{"rendered":"<p>Feltre, 03\/09\/2026 &#8211; Nelle prime ore del mattino del 31 agosto 2026, i Carabinieri dell&#8217;Aliquota Radiomobile della Compagnia di Feltre hanno tratto in arresto un ventottenne di origini brasiliane, residente nella vicina provincia di Trento, per il reato di furto aggravato ai danni di un esercizio commerciale.<br \/>\nL&#8217;intervento \u00e8 scaturito intorno all\u2019una di notte, a seguito dell&#8217;attivazione dell&#8217;allarme anti-intrusione presso il supermercato &#8220;Coop&#8221; di Viale del Piave a Feltre e della tempestiva segnalazione al 112 da parte di un cittadino residente nelle vicinanze.<\/p>\n<p>Le pattuglie dei carabinieri, giunte immediatamente sul posto, hanno intercettato il sospettato a circa 200 metri di distanza dal supermercato mentre tentava di nascondersi tra le siepi. L&#8217;uomo, subito bloccato dai militari, \u00e8 stato trovato in possesso di generi alimentari e bevande alcoliche, che aveva appena asportato dal supermercato.<br \/>\nLa successiva ispezione dell&#8217;edificio ha permesso di accertare l&#8217;effrazione di una porta di emergenza laterale e utilizzata per introdursi nel supermercato. L&#8217;intera azione \u00e8 stata inoltre confermata dalle immagini dell&#8217;impianto di videosorveglianza del negozio che hanno ripreso chiaramente l&#8217;uomo durante la commissione del reato.<\/p>\n<p>Dagli accertamenti condotti in caserma, \u00e8 emerso che il soggetto, disoccupato e gi\u00e0 noto alle Forze dell&#8217;Ordine, si trovava a Feltre in palese violazione della misura di prevenzione del &#8220;Foglio di Via Obbligatorio&#8221; con divieto di ritorno per tre anni.<br \/>\nConvalidato l\u2019arresto, il Giudice di Belluno ha disposto il divieto di dimora nella Provincia di Belluno.<\/p>\n<p>L&#8217;episodio sottolinea ancora una volta la fondamentale importanza della collaborazione attiva da parte della cittadinanza. La tempestiva chiamata al Numero Unico di Emergenza 112 da parte del residente ha infatti permesso un intervento rapido ed efficace, risultando determinante per l&#8217;immediata individuazione e cattura dell&#8217;autore del reato. L&#8217;Arma dei Carabinieri rinnova quindi l&#8217;invito ai cittadini a segnalare sempre, senza esitazione, qualsiasi situazione sospetta o di potenziale pericolo,<br \/>\ncontattando tempestivamente il 112.\u00a0Il procedimento penale non risulta concluso, e la colpevolezza dei soggetti dovr\u00e0 essere accertata con sentenza irrevocabile.<\/p>","protected":false},"excerpt":{"rendered":"<p>Feltre, 03\/09\/2026 &#8211; Nelle prime ore del mattino del 31 agosto 2026, i Carabinieri dell&#8217;Aliquota Radiomobile della Compagnia di Feltre hanno tratto in arresto un ventottenne di origini brasiliane, residente nella vicina provincia di Trento, per il reato di furto aggravato ai danni di un esercizio commerciale. L&#8217;intervento \u00e8 scaturito intorno all\u2019una di notte, a [&hellip;]<\/p>\n","protected":false},"author":2,"featured_media":170111,"comment_status":"closed","ping_status":"open","sticky":false,"template":"","format":"standard","meta":{"footnotes":""},"categories":[5,26],"tags":[],"class_list":["post-173095","post","type-post","status-publish","format-standard","has-post-thumbnail","category-cronaca","category-prima-pagina"],"yoast_head":"<!-- This site is optimized with the Yoast SEO plugin v28.4 - https:\/\/yoast.com\/product\/yoast-seo-wordpress\/ -->\n<title>Feltre. Arrestato un cittadino sudamericano per furto aggravato e violazione del foglio di via - Bellunopress - Dolomiti<\/title>\n<meta name=\"robots\" content=\"index, follow, max-snippet:-1, max-image-preview:large, max-video-preview:-1\" \/>\n<link rel=\"canonical\" href=\"https:\/\/www.bellunopress.it\/fr\/2026\/09\/03\/feltre-arrestato-un-cittadino-sudamericano-per-furto-aggravato-e-violazione-del-foglio-di-via\/\" \/>\n<meta property=\"og:locale\" content=\"fr_FR\" \/>\n<meta property=\"og:type\" content=\"article\" \/>\n<meta property=\"og:title\" content=\"Feltre. Arrestato un cittadino sudamericano per furto aggravato e violazione del foglio di via - Bellunopress - Dolomiti\" \/>\n<meta property=\"og:description\" content=\"Feltre, 03\/09\/2026 &#8211; Nelle prime ore del mattino del 31 agosto 2026, i Carabinieri dell&#8217;Aliquota Radiomobile della Compagnia di Feltre hanno tratto in arresto un ventottenne di origini brasiliane, residente nella vicina provincia di Trento, per il reato di furto aggravato ai danni di un esercizio commerciale. L&#8217;intervento \u00e8 scaturito intorno all\u2019una di notte, a [&hellip;]\" \/>\n<meta property=\"og:url\" content=\"https:\/\/www.bellunopress.it\/fr\/2026\/09\/03\/feltre-arrestato-un-cittadino-sudamericano-per-furto-aggravato-e-violazione-del-foglio-di-via\/\" \/>\n<meta property=\"og:site_name\" content=\"Bellunopress - Dolomiti\" \/>\n<meta property=\"article:publisher\" content=\"https:\/\/www.facebook.com\/profile.php?id=100008943462799\" \/>\n<meta property=\"article:published_time\" content=\"2026-09-03T05:37:18+00:00\" \/>\n<meta property=\"og:image\" content=\"https:\/\/www.bellunopress.it\/wp-content\/uploads\/2026\/05\/carabinieri-notte.jpg\" \/>\n\t<meta property=\"og:image:width\" content=\"500\" \/>\n\t<meta property=\"og:image:height\" content=\"383\" \/>\n\t<meta property=\"og:image:type\" content=\"image\/jpeg\" \/>\n<meta name=\"author\" content=\"redazione\" \/>\n<meta name=\"twitter:card\" content=\"summary_large_image\" \/>\n<meta name=\"twitter:creator\" content=\"@bellunopress\" \/>\n<meta name=\"twitter:site\" content=\"@bellunopress\" \/>\n<meta name=\"twitter:label1\" content=\"Written by\" \/>\n\t<meta name=\"twitter:data1\" content=\"redazione\" \/>\n\t<meta name=\"twitter:label2\" content=\"Est. reading time\" \/>\n\t<meta name=\"twitter:data2\" content=\"2 minutes\" \/>\n<script type=\"application\/ld+json\" class=\"yoast-schema-graph\">{\"@context\":\"https:\\\/\\\/schema.org\",\"@graph\":[{\"@type\":\"Article\",\"@id\":\"https:\\\/\\\/www.bellunopress.it\\\/2026\\\/09\\\/03\\\/feltre-arrestato-un-cittadino-sudamericano-per-furto-aggravato-e-violazione-del-foglio-di-via\\\/#article\",\"isPartOf\":{\"@id\":\"https:\\\/\\\/www.bellunopress.it\\\/2026\\\/09\\\/03\\\/feltre-arrestato-un-cittadino-sudamericano-per-furto-aggravato-e-violazione-del-foglio-di-via\\\/\"},\"author\":{\"name\":\"redazione\",\"@id\":\"https:\\\/\\\/www.bellunopress.it\\\/#\\\/schema\\\/person\\\/79bb06722b37ece1c03d3e94beb30d73\"},\"headline\":\"Feltre. Arrestato un cittadino sudamericano per furto aggravato e violazione del foglio di via\",\"datePublished\":\"2026-09-03T05:37:18+00:00\",\"mainEntityOfPage\":{\"@id\":\"https:\\\/\\\/www.bellunopress.it\\\/2026\\\/09\\\/03\\\/feltre-arrestato-un-cittadino-sudamericano-per-furto-aggravato-e-violazione-del-foglio-di-via\\\/\"},\"wordCount\":340,\"publisher\":{\"@id\":\"https:\\\/\\\/www.bellunopress.it\\\/#organization\"},\"image\":{\"@id\":\"https:\\\/\\\/www.bellunopress.it\\\/2026\\\/09\\\/03\\\/feltre-arrestato-un-cittadino-sudamericano-per-furto-aggravato-e-violazione-del-foglio-di-via\\\/#primaryimage\"},\"thumbnailUrl\":\"https:\\\/\\\/www.bellunopress.it\\\/wp-content\\\/uploads\\\/2026\\\/05\\\/carabinieri-notte.jpg\",\"articleSection\":[\"Cronaca\\\/Politica\",\"Prima Pagina\"],\"inLanguage\":\"fr-FR\"},{\"@type\":\"WebPage\",\"@id\":\"https:\\\/\\\/www.bellunopress.it\\\/2026\\\/09\\\/03\\\/feltre-arrestato-un-cittadino-sudamericano-per-furto-aggravato-e-violazione-del-foglio-di-via\\\/\",\"url\":\"https:\\\/\\\/www.bellunopress.it\\\/2026\\\/09\\\/03\\\/feltre-arrestato-un-cittadino-sudamericano-per-furto-aggravato-e-violazione-del-foglio-di-via\\\/\",\"name\":\"Feltre. Arrestato un cittadino sudamericano per furto aggravato e violazione del foglio di via - Bellunopress - Dolomiti\",\"isPartOf\":{\"@id\":\"https:\\\/\\\/www.bellunopress.it\\\/#website\"},\"primaryImageOfPage\":{\"@id\":\"https:\\\/\\\/www.bellunopress.it\\\/2026\\\/09\\\/03\\\/feltre-arrestato-un-cittadino-sudamericano-per-furto-aggravato-e-violazione-del-foglio-di-via\\\/#primaryimage\"},\"image\":{\"@id\":\"https:\\\/\\\/www.bellunopress.it\\\/2026\\\/09\\\/03\\\/feltre-arrestato-un-cittadino-sudamericano-per-furto-aggravato-e-violazione-del-foglio-di-via\\\/#primaryimage\"},\"thumbnailUrl\":\"https:\\\/\\\/www.bellunopress.it\\\/wp-content\\\/uploads\\\/2026\\\/05\\\/carabinieri-notte.jpg\",\"datePublished\":\"2026-09-03T05:37:18+00:00\",\"breadcrumb\":{\"@id\":\"https:\\\/\\\/www.bellunopress.it\\\/2026\\\/09\\\/03\\\/feltre-arrestato-un-cittadino-sudamericano-per-furto-aggravato-e-violazione-del-foglio-di-via\\\/#breadcrumb\"},\"inLanguage\":\"fr-FR\",\"potentialAction\":[{\"@type\":\"ReadAction\",\"target\":[\"https:\\\/\\\/www.bellunopress.it\\\/2026\\\/09\\\/03\\\/feltre-arrestato-un-cittadino-sudamericano-per-furto-aggravato-e-violazione-del-foglio-di-via\\\/\"]}]},{\"@type\":\"ImageObject\",\"inLanguage\":\"fr-FR\",\"@id\":\"https:\\\/\\\/www.bellunopress.it\\\/2026\\\/09\\\/03\\\/feltre-arrestato-un-cittadino-sudamericano-per-furto-aggravato-e-violazione-del-foglio-di-via\\\/#primaryimage\",\"url\":\"https:\\\/\\\/www.bellunopress.it\\\/wp-content\\\/uploads\\\/2026\\\/05\\\/carabinieri-notte.jpg\",\"contentUrl\":\"https:\\\/\\\/www.bellunopress.it\\\/wp-content\\\/uploads\\\/2026\\\/05\\\/carabinieri-notte.jpg\",\"width\":500,\"height\":383},{\"@type\":\"BreadcrumbList\",\"@id\":\"https:\\\/\\\/www.bellunopress.it\\\/2026\\\/09\\\/03\\\/feltre-arrestato-un-cittadino-sudamericano-per-furto-aggravato-e-violazione-del-foglio-di-via\\\/#breadcrumb\",\"itemListElement\":[{\"@type\":\"ListItem\",\"position\":1,\"name\":\"Home\",\"item\":\"https:\\\/\\\/www.bellunopress.it\\\/\"},{\"@type\":\"ListItem\",\"position\":2,\"name\":\"Feltre. Arrestato un cittadino sudamericano per furto aggravato e violazione del foglio di via\"}]},{\"@type\":\"WebSite\",\"@id\":\"https:\\\/\\\/www.bellunopress.it\\\/#website\",\"url\":\"https:\\\/\\\/www.bellunopress.it\\\/\",\"name\":\"Bellunopress - Dolomiti\",\"description\":\"e-mail: redazione@bellunopress.it\",\"publisher\":{\"@id\":\"https:\\\/\\\/www.bellunopress.it\\\/#organization\"},\"potentialAction\":[{\"@type\":\"SearchAction\",\"target\":{\"@type\":\"EntryPoint\",\"urlTemplate\":\"https:\\\/\\\/www.bellunopress.it\\\/?s={search_term_string}\"},\"query-input\":{\"@type\":\"PropertyValueSpecification\",\"valueRequired\":true,\"valueName\":\"search_term_string\"}}],\"inLanguage\":\"fr-FR\"},{\"@type\":\"Organization\",\"@id\":\"https:\\\/\\\/www.bellunopress.it\\\/#organization\",\"name\":\"Bellunopress\",\"url\":\"https:\\\/\\\/www.bellunopress.it\\\/\",\"logo\":{\"@type\":\"ImageObject\",\"inLanguage\":\"fr-FR\",\"@id\":\"https:\\\/\\\/www.bellunopress.it\\\/#\\\/schema\\\/logo\\\/image\\\/\",\"url\":\"https:\\\/\\\/www.bellunopress.it\\\/wp-content\\\/uploads\\\/2011\\\/05\\\/cropped-logo-bellunopress-.jpg\",\"contentUrl\":\"https:\\\/\\\/www.bellunopress.it\\\/wp-content\\\/uploads\\\/2011\\\/05\\\/cropped-logo-bellunopress-.jpg\",\"width\":512,\"height\":512,\"caption\":\"Bellunopress\"},\"image\":{\"@id\":\"https:\\\/\\\/www.bellunopress.it\\\/#\\\/schema\\\/logo\\\/image\\\/\"},\"sameAs\":[\"https:\\\/\\\/www.facebook.com\\\/profile.php?id=100008943462799\",\"https:\\\/\\\/x.com\\\/bellunopress\",\"https:\\\/\\\/www.linkedin.com\\\/hp\\\/?dnr=JBzUWaJfMUw8vbXJJ2tVW5-I3jZKvC4wsoxE&amp;amp;amp;amp;amp;amp;trk=nav_responsive_tab_home\",\"https:\\\/\\\/www.youtube.com\\\/channel\\\/UCxL0wu1uN0_3_7hGG0306cw\"]},{\"@type\":\"Person\",\"@id\":\"https:\\\/\\\/www.bellunopress.it\\\/#\\\/schema\\\/person\\\/79bb06722b37ece1c03d3e94beb30d73\",\"name\":\"redazione\",\"image\":{\"@type\":\"ImageObject\",\"inLanguage\":\"fr-FR\",\"@id\":\"https:\\\/\\\/secure.gravatar.com\\\/avatar\\\/37d968a2e67a6fd04c169c4bdef102d0bc5d31b2546345219e348575eb80e9a0?s=96&d=mm&r=g\",\"url\":\"https:\\\/\\\/secure.gravatar.com\\\/avatar\\\/37d968a2e67a6fd04c169c4bdef102d0bc5d31b2546345219e348575eb80e9a0?s=96&d=mm&r=g\",\"contentUrl\":\"https:\\\/\\\/secure.gravatar.com\\\/avatar\\\/37d968a2e67a6fd04c169c4bdef102d0bc5d31b2546345219e348575eb80e9a0?s=96&d=mm&r=g\",\"caption\":\"redazione\"},\"sameAs\":[\"http:\\\/\\\/www.bellunopress.it\",\"https:\\\/\\\/x.com\\\/bellunopress\"],\"url\":\"https:\\\/\\\/www.bellunopress.it\\\/fr\\\/author\\\/redazione\\\/\"}]}<\/script>\n<!-- \/ Yoast SEO plugin. -->","yoast_head_json":{"title":"Feltre. Arrestato un cittadino sudamericano per furto aggravato e violazione del foglio di via - Bellunopress - Dolomiti","robots":{"index":"index","follow":"follow","max-snippet":"max-snippet:-1","max-image-preview":"max-image-preview:large","max-video-preview":"max-video-preview:-1"},"canonical":"https:\/\/www.bellunopress.it\/fr\/2026\/09\/03\/feltre-arrestato-un-cittadino-sudamericano-per-furto-aggravato-e-violazione-del-foglio-di-via\/","og_locale":"fr_FR","og_type":"article","og_title":"Feltre. Arrestato un cittadino sudamericano per furto aggravato e violazione del foglio di via - Bellunopress - Dolomiti","og_description":"Feltre, 03\/09\/2026 &#8211; Nelle prime ore del mattino del 31 agosto 2026, i Carabinieri dell&#8217;Aliquota Radiomobile della Compagnia di Feltre hanno tratto in arresto un ventottenne di origini brasiliane, residente nella vicina provincia di Trento, per il reato di furto aggravato ai danni di un esercizio commerciale. L&#8217;intervento \u00e8 scaturito intorno all\u2019una di notte, a [&hellip;]","og_url":"https:\/\/www.bellunopress.it\/fr\/2026\/09\/03\/feltre-arrestato-un-cittadino-sudamericano-per-furto-aggravato-e-violazione-del-foglio-di-via\/","og_site_name":"Bellunopress - Dolomiti","article_publisher":"https:\/\/www.facebook.com\/profile.php?id=100008943462799","article_published_time":"2026-09-03T05:37:18+00:00","og_image":[{"width":500,"height":383,"url":"https:\/\/www.bellunopress.it\/wp-content\/uploads\/2026\/05\/carabinieri-notte.jpg","type":"image\/jpeg"}],"author":"redazione","twitter_card":"summary_large_image","twitter_creator":"@bellunopress","twitter_site":"@bellunopress","twitter_misc":{"Written by":"redazione","Est. reading time":"2 minutes"},"schema":{"@context":"https:\/\/schema.org","@graph":[{"@type":"Article","@id":"https:\/\/www.bellunopress.it\/2026\/09\/03\/feltre-arrestato-un-cittadino-sudamericano-per-furto-aggravato-e-violazione-del-foglio-di-via\/#article","isPartOf":{"@id":"https:\/\/www.bellunopress.it\/2026\/09\/03\/feltre-arrestato-un-cittadino-sudamericano-per-furto-aggravato-e-violazione-del-foglio-di-via\/"},"author":{"name":"redazione","@id":"https:\/\/www.bellunopress.it\/#\/schema\/person\/79bb06722b37ece1c03d3e94beb30d73"},"headline":"Feltre. Arrestato un cittadino sudamericano per furto aggravato e violazione del foglio di via","datePublished":"2026-09-03T05:37:18+00:00","mainEntityOfPage":{"@id":"https:\/\/www.bellunopress.it\/2026\/09\/03\/feltre-arrestato-un-cittadino-sudamericano-per-furto-aggravato-e-violazione-del-foglio-di-via\/"},"wordCount":340,"publisher":{"@id":"https:\/\/www.bellunopress.it\/#organization"},"image":{"@id":"https:\/\/www.bellunopress.it\/2026\/09\/03\/feltre-arrestato-un-cittadino-sudamericano-per-furto-aggravato-e-violazione-del-foglio-di-via\/#primaryimage"},"thumbnailUrl":"https:\/\/www.bellunopress.it\/wp-content\/uploads\/2026\/05\/carabinieri-notte.jpg","articleSection":["Cronaca\/Politica","Prima Pagina"],"inLanguage":"fr-FR"},{"@type":"WebPage","@id":"https:\/\/www.bellunopress.it\/2026\/09\/03\/feltre-arrestato-un-cittadino-sudamericano-per-furto-aggravato-e-violazione-del-foglio-di-via\/","url":"https:\/\/www.bellunopress.it\/2026\/09\/03\/feltre-arrestato-un-cittadino-sudamericano-per-furto-aggravato-e-violazione-del-foglio-di-via\/","name":"Feltre. Arrestato un cittadino sudamericano per furto aggravato e violazione del foglio di via - Bellunopress - Dolomiti","isPartOf":{"@id":"https:\/\/www.bellunopress.it\/#website"},"primaryImageOfPage":{"@id":"https:\/\/www.bellunopress.it\/2026\/09\/03\/feltre-arrestato-un-cittadino-sudamericano-per-furto-aggravato-e-violazione-del-foglio-di-via\/#primaryimage"},"image":{"@id":"https:\/\/www.bellunopress.it\/2026\/09\/03\/feltre-arrestato-un-cittadino-sudamericano-per-furto-aggravato-e-violazione-del-foglio-di-via\/#primaryimage"},"thumbnailUrl":"https:\/\/www.bellunopress.it\/wp-content\/uploads\/2026\/05\/carabinieri-notte.jpg","datePublished":"2026-09-03T05:37:18+00:00","breadcrumb":{"@id":"https:\/\/www.bellunopress.it\/2026\/09\/03\/feltre-arrestato-un-cittadino-sudamericano-per-furto-aggravato-e-violazione-del-foglio-di-via\/#breadcrumb"},"inLanguage":"fr-FR","potentialAction":[{"@type":"ReadAction","target":["https:\/\/www.bellunopress.it\/2026\/09\/03\/feltre-arrestato-un-cittadino-sudamericano-per-furto-aggravato-e-violazione-del-foglio-di-via\/"]}]},{"@type":"ImageObject","inLanguage":"fr-FR","@id":"https:\/\/www.bellunopress.it\/2026\/09\/03\/feltre-arrestato-un-cittadino-sudamericano-per-furto-aggravato-e-violazione-del-foglio-di-via\/#primaryimage","url":"https:\/\/www.bellunopress.it\/wp-content\/uploads\/2026\/05\/carabinieri-notte.jpg","contentUrl":"https:\/\/www.bellunopress.it\/wp-content\/uploads\/2026\/05\/carabinieri-notte.jpg","width":500,"height":383},{"@type":"BreadcrumbList","@id":"https:\/\/www.bellunopress.it\/2026\/09\/03\/feltre-arrestato-un-cittadino-sudamericano-per-furto-aggravato-e-violazione-del-foglio-di-via\/#breadcrumb","itemListElement":[{"@type":"ListItem","position":1,"name":"Home","item":"https:\/\/www.bellunopress.it\/"},{"@type":"ListItem","position":2,"name":"Feltre. Arrestato un cittadino sudamericano per furto aggravato e violazione del foglio di via"}]},{"@type":"WebSite","@id":"https:\/\/www.bellunopress.it\/#website","url":"https:\/\/www.bellunopress.it\/","name":"Bellunopress - Dolomiti","description":"e-mail: redazione@bellunopress.it","publisher":{"@id":"https:\/\/www.bellunopress.it\/#organization"},"potentialAction":[{"@type":"SearchAction","target":{"@type":"EntryPoint","urlTemplate":"https:\/\/www.bellunopress.it\/?s={search_term_string}"},"query-input":{"@type":"PropertyValueSpecification","valueRequired":true,"valueName":"search_term_string"}}],"inLanguage":"fr-FR"},{"@type":"Organization","@id":"https:\/\/www.bellunopress.it\/#organization","name":"Bellunopress","url":"https:\/\/www.bellunopress.it\/","logo":{"@type":"ImageObject","inLanguage":"fr-FR","@id":"https:\/\/www.bellunopress.it\/#\/schema\/logo\/image\/","url":"https:\/\/www.bellunopress.it\/wp-content\/uploads\/2011\/05\/cropped-logo-bellunopress-.jpg","contentUrl":"https:\/\/www.bellunopress.it\/wp-content\/uploads\/2011\/05\/cropped-logo-bellunopress-.jpg","width":512,"height":512,"caption":"Bellunopress"},"image":{"@id":"https:\/\/www.bellunopress.it\/#\/schema\/logo\/image\/"},"sameAs":["https:\/\/www.facebook.com\/profile.php?id=100008943462799","https:\/\/x.com\/bellunopress","https:\/\/www.linkedin.com\/hp\/?dnr=JBzUWaJfMUw8vbXJJ2tVW5-I3jZKvC4wsoxE&amp;amp;amp;amp;amp;amp;trk=nav_responsive_tab_home","https:\/\/www.youtube.com\/channel\/UCxL0wu1uN0_3_7hGG0306cw"]},{"@type":"Person","@id":"https:\/\/www.bellunopress.it\/#\/schema\/person\/79bb06722b37ece1c03d3e94beb30d73","name":"r\u00e9daction","image":{"@type":"ImageObject","inLanguage":"fr-FR","@id":"https:\/\/secure.gravatar.com\/avatar\/37d968a2e67a6fd04c169c4bdef102d0bc5d31b2546345219e348575eb80e9a0?s=96&d=mm&r=g","url":"https:\/\/secure.gravatar.com\/avatar\/37d968a2e67a6fd04c169c4bdef102d0bc5d31b2546345219e348575eb80e9a0?s=96&d=mm&r=g","contentUrl":"https:\/\/secure.gravatar.com\/avatar\/37d968a2e67a6fd04c169c4bdef102d0bc5d31b2546345219e348575eb80e9a0?s=96&d=mm&r=g","caption":"redazione"},"sameAs":["http:\/\/www.bellunopress.it","https:\/\/x.com\/bellunopress"],"url":"https:\/\/www.bellunopress.it\/fr\/author\/redazione\/"}]}},"_links":{"self":[{"href":"https:\/\/www.bellunopress.it\/fr\/wp-json\/wp\/v2\/posts\/173095","targetHints":{"allow":["GET"]}}],"collection":[{"href":"https:\/\/www.bellunopress.it\/fr\/wp-json\/wp\/v2\/posts"}],"about":[{"href":"https:\/\/www.bellunopress.it\/fr\/wp-json\/wp\/v2\/types\/post"}],"author":[{"embeddable":true,"href":"https:\/\/www.bellunopress.it\/fr\/wp-json\/wp\/v2\/users\/2"}],"replies":[{"embeddable":true,"href":"https:\/\/www.bellunopress.it\/fr\/wp-json\/wp\/v2\/comments?post=173095"}],"version-history":[{"count":1,"href":"https:\/\/www.bellunopress.it\/fr\/wp-json\/wp\/v2\/posts\/173095\/revisions"}],"predecessor-version":[{"id":173096,"href":"https:\/\/www.bellunopress.it\/fr\/wp-json\/wp\/v2\/posts\/173095\/revisions\/173096"}],"wp:featuredmedia":[{"embeddable":true,"href":"https:\/\/www.bellunopress.it\/fr\/wp-json\/wp\/v2\/media\/170111"}],"wp:attachment":[{"href":"https:\/\/www.bellunopress.it\/fr\/wp-json\/wp\/v2\/media?parent=173095"}],"wp:term":[{"taxonomy":"category","embeddable":true,"href":"https:\/\/www.bellunopress.it\/fr\/wp-json\/wp\/v2\/categories?post=173095"},{"taxonomy":"post_tag","embeddable":true,"href":"https:\/\/www.bellunopress.it\/fr\/wp-json\/wp\/v2\/tags?post=173095"}],"curies":[{"name":"wp","href":"https:\/\/api.w.org\/{rel}","templated":true}]}}