{"id":173093,"date":"2026-09-03T09:15:08","date_gmt":"2026-09-03T07:15:08","guid":{"rendered":"https:\/\/www.bellunopress.it\/?p=173093"},"modified":"2026-09-03T07:18:54","modified_gmt":"2026-09-03T05:18:54","slug":"belluno-gli-alberi-di-via-feltre-sono-infrastrutture-pubbliche-che-vanno-gestite","status":"publish","type":"post","link":"https:\/\/www.bellunopress.it\/fr\/2026\/09\/03\/belluno-gli-alberi-di-via-feltre-sono-infrastrutture-pubbliche-che-vanno-gestite\/","title":{"rendered":"Belluno. Gli alberi di via Feltre sono infrastrutture pubbliche che vanno gestite"},"content":{"rendered":"<p>Gentile redazione,<br \/>\nscrivo a nome di quei cittadini di via Feltre e strade limitrofi dispiaciuti e infuriati per l&#8217;abbattimento impietoso e del tutto inatteso lo scorso Aprile di 70 tigli maturi e sani che costeggiavano la storica via. Questi facevano parte di due filari di 147 rigogliosi e verdeggianti alberi che il progetto di riqualificazione della strada, promosso dal Comune di Belluno e finanziato da un magnanimo benefattore, intende abbattere, per sostituire i sontuosi alberi con 37 giovani piantumazioni.<\/p>\n<p>Siamo certi che l\u2019abbattimento comprometter\u00e0 la qualit\u00e0 della vita di questa strada, perch\u00e9 dagli alberi dipende la salute degli abitanti e delle future generazioni di Belluno.<br \/>\nLe eccezionali ondate di calore che si sono abbattute inaspettatamente sulla nostra citt\u00e0 quest&#8217;estate ci hanno fatto comprendere quanto gli alberi siano essenziali per il nostro benessere. Il traffico poi, che si far\u00e0 sempre pi\u00f9 intenso lungo Via Feltre con la riapertura delle scuole e degli esercizi commerciali dopo la parentesi estiva, rilascer\u00e0 un quantitativo<br \/>\ndi sostanze inquinanti che solo alberi maturi e di un certo vigore hanno il potere di assorbire. Quegli alberi che si intende abbattere ci appartengono. Essi sono dei punti visivi e affettivi imprescindibili per chi abita o attraversa la storica via a piedi, in bici o in corsa. Sono una parte insostituibile del nostro vissuto e memoria collettiva del quartiere.<\/p>\n<p>Parlo anche da mamma e ricordo quelle giornate di giugno di una decina d\u2019anni fa quando accompagnavo a piedi o in bici mia figlia all\u2019Istituto \u201cSperti\u201d e assieme ci inebriavamo del profumo dolcissimo dei tigli in fiore.<br \/>\nLa cementificazione e la perdita del verde nella strada aumenteranno il senso di alienazione e spaesamento di chi abita o frequenta la zona e priveranno Belluno di quei tratti peculiari che contraddistinguono il territorio dolomitico sia sul piano paesaggistico che ambientale.<\/p>\n<p>Noi abitanti di via Feltre, infuriati tanto quanto quelli che lamentano la mancata prosecuzione dei lavori di \u201criqualificazione\u201d della strada, siamo consapevoli della condizione dei marciapiedi dissestati perch\u00e8 non manutenuti dal 1990 e del pieno degrado della via anche lungo tratti dove non ci sono mai stati alberi, e riconosciamo i disagi, erroneamente imputati a Italia Nostra, dovuti al blocco dei cantieri SIB, impegnati in lavori ai sottoservizi della strada che nulla hanno a che vedere con il progetto promosso dal Comune. Io che percorro quotidianamente Via Feltre per raggiungere il posto di lavoro situato sulla via temo<br \/>\ni pericoli che la strada ora presenta.<br \/>\nChi di noi non pu\u00f2 dirsi grato al benefattore che intende finanziare il progetto? Tutti lo siamo e in misura somma. Ma ci aspettavamo una condivisione dell\u2019opera con la cittadinanza, azione compiuta solo con i commercianti della via, senza considerare i bisogni vitali degli abitanti.<br \/>\nRiteniamo che la riqualificazione di Via Feltre debba procedere senza eliminare gli alberi.<br \/>\nUn albero adulto non equivale a una giovane pianta: ombra, intercettazione delle polveri, mitigazione del calore e del rumore, biodiversit\u00e0, qualit\u00e0 dello spazio pubblico non sono immediatamente compensabili. E se la matematica non tradisce 147 alberi non equivalgono a 37.<br \/>\nGli alberi sono infrastrutture pubbliche; essi vanno progettati, gestiti e curati con la stessa seriet\u00e0 con cui sono state riprogettate la carreggiata, la ciclopedonale (ritenuta dai promotori locali dell\u2019uso della bicicletta troppo stretta per garantire funzionalit\u00e0 e sicurezza),e gli stalli di Via Feltre.<br \/>\nEsistono tecniche di architettura urbana che evitano il taglio degli alberi e che li integrano nel tessuto della citt\u00e0, perch\u00e9 gli alberi sono le infrastrutture pi\u00f9 efficaci contro gli effetti dei cambiamenti climatici. Basti guardare l&#8217;esempio offerto da Parigi che sta riaprendo gli spazi al verde, nell&#8217;ottica di un futuro sostenibile e a garanzia della qualit\u00e0 della vita dei parigini.<br \/>\nConcludo auspicando che si possa prevedere una riqualificazione migliore di Via Feltre, mantenendo i tigli sani, con opportuni accorgimenti per le radici, e ridefinendo gli spazi in modo da soddisfare tutte le categorie di utenti della strada e non solo alcune.<\/p>\n<p>Maria Teresa De Cataldo &#8211; Belluno<\/p>","protected":false},"excerpt":{"rendered":"<p>Gentile redazione, scrivo a nome di quei cittadini di via Feltre e strade limitrofi dispiaciuti e infuriati per l&#8217;abbattimento impietoso e del tutto inatteso lo scorso Aprile di 70 tigli maturi e sani che costeggiavano la storica via. Questi facevano parte di due filari di 147 rigogliosi e verdeggianti alberi che il progetto di riqualificazione [&hellip;]<\/p>\n","protected":false},"author":2,"featured_media":112601,"comment_status":"closed","ping_status":"open","sticky":false,"template":"","format":"standard","meta":{"footnotes":""},"categories":[1],"tags":[],"class_list":["post-173093","post","type-post","status-publish","format-standard","has-post-thumbnail","category-leo"],"yoast_head":"<!-- This site is optimized with the Yoast SEO plugin v28.4 - https:\/\/yoast.com\/product\/yoast-seo-wordpress\/ -->\n<title>Belluno. Gli alberi di via Feltre sono infrastrutture pubbliche che vanno gestite - Bellunopress - Dolomiti<\/title>\n<meta name=\"robots\" content=\"index, follow, max-snippet:-1, max-image-preview:large, max-video-preview:-1\" \/>\n<link rel=\"canonical\" href=\"https:\/\/www.bellunopress.it\/fr\/2026\/09\/03\/belluno-gli-alberi-di-via-feltre-sono-infrastrutture-pubbliche-che-vanno-gestite\/\" \/>\n<meta property=\"og:locale\" content=\"fr_FR\" \/>\n<meta property=\"og:type\" content=\"article\" \/>\n<meta property=\"og:title\" content=\"Belluno. Gli alberi di via Feltre sono infrastrutture pubbliche che vanno gestite - Bellunopress - Dolomiti\" \/>\n<meta property=\"og:description\" content=\"Gentile redazione, scrivo a nome di quei cittadini di via Feltre e strade limitrofi dispiaciuti e infuriati per l&#8217;abbattimento impietoso e del tutto inatteso lo scorso Aprile di 70 tigli maturi e sani che costeggiavano la storica via. Questi facevano parte di due filari di 147 rigogliosi e verdeggianti alberi che il progetto di riqualificazione [&hellip;]\" \/>\n<meta property=\"og:url\" content=\"https:\/\/www.bellunopress.it\/fr\/2026\/09\/03\/belluno-gli-alberi-di-via-feltre-sono-infrastrutture-pubbliche-che-vanno-gestite\/\" \/>\n<meta property=\"og:site_name\" content=\"Bellunopress - Dolomiti\" \/>\n<meta property=\"article:publisher\" content=\"https:\/\/www.facebook.com\/profile.php?id=100008943462799\" \/>\n<meta property=\"article:published_time\" content=\"2026-09-03T07:15:08+00:00\" \/>\n<meta property=\"og:image\" content=\"https:\/\/www.bellunopress.it\/wp-content\/uploads\/2020\/03\/lettere-al-direttore-bellunopress.jpg\" \/>\n\t<meta property=\"og:image:width\" content=\"677\" \/>\n\t<meta property=\"og:image:height\" content=\"454\" \/>\n\t<meta property=\"og:image:type\" content=\"image\/jpeg\" \/>\n<meta name=\"author\" content=\"redazione\" \/>\n<meta name=\"twitter:card\" content=\"summary_large_image\" \/>\n<meta name=\"twitter:creator\" content=\"@bellunopress\" \/>\n<meta name=\"twitter:site\" content=\"@bellunopress\" \/>\n<meta name=\"twitter:label1\" content=\"Written by\" \/>\n\t<meta name=\"twitter:data1\" content=\"redazione\" \/>\n\t<meta name=\"twitter:label2\" content=\"Est. reading time\" \/>\n\t<meta name=\"twitter:data2\" content=\"4 minutes\" \/>\n<script type=\"application\/ld+json\" class=\"yoast-schema-graph\">{\"@context\":\"https:\\\/\\\/schema.org\",\"@graph\":[{\"@type\":\"Article\",\"@id\":\"https:\\\/\\\/www.bellunopress.it\\\/2026\\\/09\\\/03\\\/belluno-gli-alberi-di-via-feltre-sono-infrastrutture-pubbliche-che-vanno-gestite\\\/#article\",\"isPartOf\":{\"@id\":\"https:\\\/\\\/www.bellunopress.it\\\/2026\\\/09\\\/03\\\/belluno-gli-alberi-di-via-feltre-sono-infrastrutture-pubbliche-che-vanno-gestite\\\/\"},\"author\":{\"name\":\"redazione\",\"@id\":\"https:\\\/\\\/www.bellunopress.it\\\/#\\\/schema\\\/person\\\/79bb06722b37ece1c03d3e94beb30d73\"},\"headline\":\"Belluno. Gli alberi di via Feltre sono infrastrutture pubbliche che vanno gestite\",\"datePublished\":\"2026-09-03T07:15:08+00:00\",\"mainEntityOfPage\":{\"@id\":\"https:\\\/\\\/www.bellunopress.it\\\/2026\\\/09\\\/03\\\/belluno-gli-alberi-di-via-feltre-sono-infrastrutture-pubbliche-che-vanno-gestite\\\/\"},\"wordCount\":667,\"publisher\":{\"@id\":\"https:\\\/\\\/www.bellunopress.it\\\/#organization\"},\"image\":{\"@id\":\"https:\\\/\\\/www.bellunopress.it\\\/2026\\\/09\\\/03\\\/belluno-gli-alberi-di-via-feltre-sono-infrastrutture-pubbliche-che-vanno-gestite\\\/#primaryimage\"},\"thumbnailUrl\":\"https:\\\/\\\/www.bellunopress.it\\\/wp-content\\\/uploads\\\/2020\\\/03\\\/lettere-al-direttore-bellunopress.jpg\",\"articleSection\":[\"Lettere Opinioni\"],\"inLanguage\":\"fr-FR\"},{\"@type\":\"WebPage\",\"@id\":\"https:\\\/\\\/www.bellunopress.it\\\/2026\\\/09\\\/03\\\/belluno-gli-alberi-di-via-feltre-sono-infrastrutture-pubbliche-che-vanno-gestite\\\/\",\"url\":\"https:\\\/\\\/www.bellunopress.it\\\/2026\\\/09\\\/03\\\/belluno-gli-alberi-di-via-feltre-sono-infrastrutture-pubbliche-che-vanno-gestite\\\/\",\"name\":\"Belluno. Gli alberi di via Feltre sono infrastrutture pubbliche che vanno gestite - Bellunopress - Dolomiti\",\"isPartOf\":{\"@id\":\"https:\\\/\\\/www.bellunopress.it\\\/#website\"},\"primaryImageOfPage\":{\"@id\":\"https:\\\/\\\/www.bellunopress.it\\\/2026\\\/09\\\/03\\\/belluno-gli-alberi-di-via-feltre-sono-infrastrutture-pubbliche-che-vanno-gestite\\\/#primaryimage\"},\"image\":{\"@id\":\"https:\\\/\\\/www.bellunopress.it\\\/2026\\\/09\\\/03\\\/belluno-gli-alberi-di-via-feltre-sono-infrastrutture-pubbliche-che-vanno-gestite\\\/#primaryimage\"},\"thumbnailUrl\":\"https:\\\/\\\/www.bellunopress.it\\\/wp-content\\\/uploads\\\/2020\\\/03\\\/lettere-al-direttore-bellunopress.jpg\",\"datePublished\":\"2026-09-03T07:15:08+00:00\",\"breadcrumb\":{\"@id\":\"https:\\\/\\\/www.bellunopress.it\\\/2026\\\/09\\\/03\\\/belluno-gli-alberi-di-via-feltre-sono-infrastrutture-pubbliche-che-vanno-gestite\\\/#breadcrumb\"},\"inLanguage\":\"fr-FR\",\"potentialAction\":[{\"@type\":\"ReadAction\",\"target\":[\"https:\\\/\\\/www.bellunopress.it\\\/2026\\\/09\\\/03\\\/belluno-gli-alberi-di-via-feltre-sono-infrastrutture-pubbliche-che-vanno-gestite\\\/\"]}]},{\"@type\":\"ImageObject\",\"inLanguage\":\"fr-FR\",\"@id\":\"https:\\\/\\\/www.bellunopress.it\\\/2026\\\/09\\\/03\\\/belluno-gli-alberi-di-via-feltre-sono-infrastrutture-pubbliche-che-vanno-gestite\\\/#primaryimage\",\"url\":\"https:\\\/\\\/www.bellunopress.it\\\/wp-content\\\/uploads\\\/2020\\\/03\\\/lettere-al-direttore-bellunopress.jpg\",\"contentUrl\":\"https:\\\/\\\/www.bellunopress.it\\\/wp-content\\\/uploads\\\/2020\\\/03\\\/lettere-al-direttore-bellunopress.jpg\",\"width\":677,\"height\":454,\"caption\":\"lettera al direttore\"},{\"@type\":\"BreadcrumbList\",\"@id\":\"https:\\\/\\\/www.bellunopress.it\\\/2026\\\/09\\\/03\\\/belluno-gli-alberi-di-via-feltre-sono-infrastrutture-pubbliche-che-vanno-gestite\\\/#breadcrumb\",\"itemListElement\":[{\"@type\":\"ListItem\",\"position\":1,\"name\":\"Home\",\"item\":\"https:\\\/\\\/www.bellunopress.it\\\/\"},{\"@type\":\"ListItem\",\"position\":2,\"name\":\"Belluno. Gli alberi di via Feltre sono infrastrutture pubbliche che vanno gestite\"}]},{\"@type\":\"WebSite\",\"@id\":\"https:\\\/\\\/www.bellunopress.it\\\/#website\",\"url\":\"https:\\\/\\\/www.bellunopress.it\\\/\",\"name\":\"Bellunopress - Dolomiti\",\"description\":\"e-mail: redazione@bellunopress.it\",\"publisher\":{\"@id\":\"https:\\\/\\\/www.bellunopress.it\\\/#organization\"},\"potentialAction\":[{\"@type\":\"SearchAction\",\"target\":{\"@type\":\"EntryPoint\",\"urlTemplate\":\"https:\\\/\\\/www.bellunopress.it\\\/?s={search_term_string}\"},\"query-input\":{\"@type\":\"PropertyValueSpecification\",\"valueRequired\":true,\"valueName\":\"search_term_string\"}}],\"inLanguage\":\"fr-FR\"},{\"@type\":\"Organization\",\"@id\":\"https:\\\/\\\/www.bellunopress.it\\\/#organization\",\"name\":\"Bellunopress\",\"url\":\"https:\\\/\\\/www.bellunopress.it\\\/\",\"logo\":{\"@type\":\"ImageObject\",\"inLanguage\":\"fr-FR\",\"@id\":\"https:\\\/\\\/www.bellunopress.it\\\/#\\\/schema\\\/logo\\\/image\\\/\",\"url\":\"https:\\\/\\\/www.bellunopress.it\\\/wp-content\\\/uploads\\\/2011\\\/05\\\/cropped-logo-bellunopress-.jpg\",\"contentUrl\":\"https:\\\/\\\/www.bellunopress.it\\\/wp-content\\\/uploads\\\/2011\\\/05\\\/cropped-logo-bellunopress-.jpg\",\"width\":512,\"height\":512,\"caption\":\"Bellunopress\"},\"image\":{\"@id\":\"https:\\\/\\\/www.bellunopress.it\\\/#\\\/schema\\\/logo\\\/image\\\/\"},\"sameAs\":[\"https:\\\/\\\/www.facebook.com\\\/profile.php?id=100008943462799\",\"https:\\\/\\\/x.com\\\/bellunopress\",\"https:\\\/\\\/www.linkedin.com\\\/hp\\\/?dnr=JBzUWaJfMUw8vbXJJ2tVW5-I3jZKvC4wsoxE&amp;amp;amp;amp;amp;amp;trk=nav_responsive_tab_home\",\"https:\\\/\\\/www.youtube.com\\\/channel\\\/UCxL0wu1uN0_3_7hGG0306cw\"]},{\"@type\":\"Person\",\"@id\":\"https:\\\/\\\/www.bellunopress.it\\\/#\\\/schema\\\/person\\\/79bb06722b37ece1c03d3e94beb30d73\",\"name\":\"redazione\",\"image\":{\"@type\":\"ImageObject\",\"inLanguage\":\"fr-FR\",\"@id\":\"https:\\\/\\\/secure.gravatar.com\\\/avatar\\\/37d968a2e67a6fd04c169c4bdef102d0bc5d31b2546345219e348575eb80e9a0?s=96&d=mm&r=g\",\"url\":\"https:\\\/\\\/secure.gravatar.com\\\/avatar\\\/37d968a2e67a6fd04c169c4bdef102d0bc5d31b2546345219e348575eb80e9a0?s=96&d=mm&r=g\",\"contentUrl\":\"https:\\\/\\\/secure.gravatar.com\\\/avatar\\\/37d968a2e67a6fd04c169c4bdef102d0bc5d31b2546345219e348575eb80e9a0?s=96&d=mm&r=g\",\"caption\":\"redazione\"},\"sameAs\":[\"http:\\\/\\\/www.bellunopress.it\",\"https:\\\/\\\/x.com\\\/bellunopress\"],\"url\":\"https:\\\/\\\/www.bellunopress.it\\\/fr\\\/author\\\/redazione\\\/\"}]}<\/script>\n<!-- \/ Yoast SEO plugin. -->","yoast_head_json":{"title":"Belluno. Gli alberi di via Feltre sono infrastrutture pubbliche che vanno gestite - Bellunopress - Dolomiti","robots":{"index":"index","follow":"follow","max-snippet":"max-snippet:-1","max-image-preview":"max-image-preview:large","max-video-preview":"max-video-preview:-1"},"canonical":"https:\/\/www.bellunopress.it\/fr\/2026\/09\/03\/belluno-gli-alberi-di-via-feltre-sono-infrastrutture-pubbliche-che-vanno-gestite\/","og_locale":"fr_FR","og_type":"article","og_title":"Belluno. Gli alberi di via Feltre sono infrastrutture pubbliche che vanno gestite - Bellunopress - Dolomiti","og_description":"Gentile redazione, scrivo a nome di quei cittadini di via Feltre e strade limitrofi dispiaciuti e infuriati per l&#8217;abbattimento impietoso e del tutto inatteso lo scorso Aprile di 70 tigli maturi e sani che costeggiavano la storica via. Questi facevano parte di due filari di 147 rigogliosi e verdeggianti alberi che il progetto di riqualificazione [&hellip;]","og_url":"https:\/\/www.bellunopress.it\/fr\/2026\/09\/03\/belluno-gli-alberi-di-via-feltre-sono-infrastrutture-pubbliche-che-vanno-gestite\/","og_site_name":"Bellunopress - Dolomiti","article_publisher":"https:\/\/www.facebook.com\/profile.php?id=100008943462799","article_published_time":"2026-09-03T07:15:08+00:00","og_image":[{"width":677,"height":454,"url":"https:\/\/www.bellunopress.it\/wp-content\/uploads\/2020\/03\/lettere-al-direttore-bellunopress.jpg","type":"image\/jpeg"}],"author":"redazione","twitter_card":"summary_large_image","twitter_creator":"@bellunopress","twitter_site":"@bellunopress","twitter_misc":{"Written by":"redazione","Est. reading time":"4 minutes"},"schema":{"@context":"https:\/\/schema.org","@graph":[{"@type":"Article","@id":"https:\/\/www.bellunopress.it\/2026\/09\/03\/belluno-gli-alberi-di-via-feltre-sono-infrastrutture-pubbliche-che-vanno-gestite\/#article","isPartOf":{"@id":"https:\/\/www.bellunopress.it\/2026\/09\/03\/belluno-gli-alberi-di-via-feltre-sono-infrastrutture-pubbliche-che-vanno-gestite\/"},"author":{"name":"redazione","@id":"https:\/\/www.bellunopress.it\/#\/schema\/person\/79bb06722b37ece1c03d3e94beb30d73"},"headline":"Belluno. Gli alberi di via Feltre sono infrastrutture pubbliche che vanno gestite","datePublished":"2026-09-03T07:15:08+00:00","mainEntityOfPage":{"@id":"https:\/\/www.bellunopress.it\/2026\/09\/03\/belluno-gli-alberi-di-via-feltre-sono-infrastrutture-pubbliche-che-vanno-gestite\/"},"wordCount":667,"publisher":{"@id":"https:\/\/www.bellunopress.it\/#organization"},"image":{"@id":"https:\/\/www.bellunopress.it\/2026\/09\/03\/belluno-gli-alberi-di-via-feltre-sono-infrastrutture-pubbliche-che-vanno-gestite\/#primaryimage"},"thumbnailUrl":"https:\/\/www.bellunopress.it\/wp-content\/uploads\/2020\/03\/lettere-al-direttore-bellunopress.jpg","articleSection":["Lettere Opinioni"],"inLanguage":"fr-FR"},{"@type":"WebPage","@id":"https:\/\/www.bellunopress.it\/2026\/09\/03\/belluno-gli-alberi-di-via-feltre-sono-infrastrutture-pubbliche-che-vanno-gestite\/","url":"https:\/\/www.bellunopress.it\/2026\/09\/03\/belluno-gli-alberi-di-via-feltre-sono-infrastrutture-pubbliche-che-vanno-gestite\/","name":"Belluno. Gli alberi di via Feltre sono infrastrutture pubbliche che vanno gestite - Bellunopress - Dolomiti","isPartOf":{"@id":"https:\/\/www.bellunopress.it\/#website"},"primaryImageOfPage":{"@id":"https:\/\/www.bellunopress.it\/2026\/09\/03\/belluno-gli-alberi-di-via-feltre-sono-infrastrutture-pubbliche-che-vanno-gestite\/#primaryimage"},"image":{"@id":"https:\/\/www.bellunopress.it\/2026\/09\/03\/belluno-gli-alberi-di-via-feltre-sono-infrastrutture-pubbliche-che-vanno-gestite\/#primaryimage"},"thumbnailUrl":"https:\/\/www.bellunopress.it\/wp-content\/uploads\/2020\/03\/lettere-al-direttore-bellunopress.jpg","datePublished":"2026-09-03T07:15:08+00:00","breadcrumb":{"@id":"https:\/\/www.bellunopress.it\/2026\/09\/03\/belluno-gli-alberi-di-via-feltre-sono-infrastrutture-pubbliche-che-vanno-gestite\/#breadcrumb"},"inLanguage":"fr-FR","potentialAction":[{"@type":"ReadAction","target":["https:\/\/www.bellunopress.it\/2026\/09\/03\/belluno-gli-alberi-di-via-feltre-sono-infrastrutture-pubbliche-che-vanno-gestite\/"]}]},{"@type":"ImageObject","inLanguage":"fr-FR","@id":"https:\/\/www.bellunopress.it\/2026\/09\/03\/belluno-gli-alberi-di-via-feltre-sono-infrastrutture-pubbliche-che-vanno-gestite\/#primaryimage","url":"https:\/\/www.bellunopress.it\/wp-content\/uploads\/2020\/03\/lettere-al-direttore-bellunopress.jpg","contentUrl":"https:\/\/www.bellunopress.it\/wp-content\/uploads\/2020\/03\/lettere-al-direttore-bellunopress.jpg","width":677,"height":454,"caption":"lettera al direttore"},{"@type":"BreadcrumbList","@id":"https:\/\/www.bellunopress.it\/2026\/09\/03\/belluno-gli-alberi-di-via-feltre-sono-infrastrutture-pubbliche-che-vanno-gestite\/#breadcrumb","itemListElement":[{"@type":"ListItem","position":1,"name":"Home","item":"https:\/\/www.bellunopress.it\/"},{"@type":"ListItem","position":2,"name":"Belluno. Gli alberi di via Feltre sono infrastrutture pubbliche che vanno gestite"}]},{"@type":"WebSite","@id":"https:\/\/www.bellunopress.it\/#website","url":"https:\/\/www.bellunopress.it\/","name":"Bellunopress - Dolomiti","description":"e-mail: redazione@bellunopress.it","publisher":{"@id":"https:\/\/www.bellunopress.it\/#organization"},"potentialAction":[{"@type":"SearchAction","target":{"@type":"EntryPoint","urlTemplate":"https:\/\/www.bellunopress.it\/?s={search_term_string}"},"query-input":{"@type":"PropertyValueSpecification","valueRequired":true,"valueName":"search_term_string"}}],"inLanguage":"fr-FR"},{"@type":"Organization","@id":"https:\/\/www.bellunopress.it\/#organization","name":"Bellunopress","url":"https:\/\/www.bellunopress.it\/","logo":{"@type":"ImageObject","inLanguage":"fr-FR","@id":"https:\/\/www.bellunopress.it\/#\/schema\/logo\/image\/","url":"https:\/\/www.bellunopress.it\/wp-content\/uploads\/2011\/05\/cropped-logo-bellunopress-.jpg","contentUrl":"https:\/\/www.bellunopress.it\/wp-content\/uploads\/2011\/05\/cropped-logo-bellunopress-.jpg","width":512,"height":512,"caption":"Bellunopress"},"image":{"@id":"https:\/\/www.bellunopress.it\/#\/schema\/logo\/image\/"},"sameAs":["https:\/\/www.facebook.com\/profile.php?id=100008943462799","https:\/\/x.com\/bellunopress","https:\/\/www.linkedin.com\/hp\/?dnr=JBzUWaJfMUw8vbXJJ2tVW5-I3jZKvC4wsoxE&amp;amp;amp;amp;amp;amp;trk=nav_responsive_tab_home","https:\/\/www.youtube.com\/channel\/UCxL0wu1uN0_3_7hGG0306cw"]},{"@type":"Person","@id":"https:\/\/www.bellunopress.it\/#\/schema\/person\/79bb06722b37ece1c03d3e94beb30d73","name":"r\u00e9daction","image":{"@type":"ImageObject","inLanguage":"fr-FR","@id":"https:\/\/secure.gravatar.com\/avatar\/37d968a2e67a6fd04c169c4bdef102d0bc5d31b2546345219e348575eb80e9a0?s=96&d=mm&r=g","url":"https:\/\/secure.gravatar.com\/avatar\/37d968a2e67a6fd04c169c4bdef102d0bc5d31b2546345219e348575eb80e9a0?s=96&d=mm&r=g","contentUrl":"https:\/\/secure.gravatar.com\/avatar\/37d968a2e67a6fd04c169c4bdef102d0bc5d31b2546345219e348575eb80e9a0?s=96&d=mm&r=g","caption":"redazione"},"sameAs":["http:\/\/www.bellunopress.it","https:\/\/x.com\/bellunopress"],"url":"https:\/\/www.bellunopress.it\/fr\/author\/redazione\/"}]}},"_links":{"self":[{"href":"https:\/\/www.bellunopress.it\/fr\/wp-json\/wp\/v2\/posts\/173093","targetHints":{"allow":["GET"]}}],"collection":[{"href":"https:\/\/www.bellunopress.it\/fr\/wp-json\/wp\/v2\/posts"}],"about":[{"href":"https:\/\/www.bellunopress.it\/fr\/wp-json\/wp\/v2\/types\/post"}],"author":[{"embeddable":true,"href":"https:\/\/www.bellunopress.it\/fr\/wp-json\/wp\/v2\/users\/2"}],"replies":[{"embeddable":true,"href":"https:\/\/www.bellunopress.it\/fr\/wp-json\/wp\/v2\/comments?post=173093"}],"version-history":[{"count":1,"href":"https:\/\/www.bellunopress.it\/fr\/wp-json\/wp\/v2\/posts\/173093\/revisions"}],"predecessor-version":[{"id":173094,"href":"https:\/\/www.bellunopress.it\/fr\/wp-json\/wp\/v2\/posts\/173093\/revisions\/173094"}],"wp:featuredmedia":[{"embeddable":true,"href":"https:\/\/www.bellunopress.it\/fr\/wp-json\/wp\/v2\/media\/112601"}],"wp:attachment":[{"href":"https:\/\/www.bellunopress.it\/fr\/wp-json\/wp\/v2\/media?parent=173093"}],"wp:term":[{"taxonomy":"category","embeddable":true,"href":"https:\/\/www.bellunopress.it\/fr\/wp-json\/wp\/v2\/categories?post=173093"},{"taxonomy":"post_tag","embeddable":true,"href":"https:\/\/www.bellunopress.it\/fr\/wp-json\/wp\/v2\/tags?post=173093"}],"curies":[{"name":"wp","href":"https:\/\/api.w.org\/{rel}","templated":true}]}}