{"id":173085,"date":"2026-09-02T18:04:56","date_gmt":"2026-09-02T16:04:56","guid":{"rendered":"https:\/\/www.bellunopress.it\/?p=173085"},"modified":"2026-09-02T18:04:56","modified_gmt":"2026-09-02T16:04:56","slug":"scala-mobile-di-belluno-terminate-le-manutenzioni-ordinarie","status":"publish","type":"post","link":"https:\/\/www.bellunopress.it\/fr\/2026\/09\/02\/scala-mobile-di-belluno-terminate-le-manutenzioni-ordinarie\/","title":{"rendered":"Scala mobile di Belluno: terminate le manutenzioni ordinarie"},"content":{"rendered":"<p>Belluno, 02\/09\/2026 &#8211;\u00a0Manutenzione ordinaria terminata nei giorni scorsi alla scala mobile di Lambioi, in vista della verifica trimestrale dell\u2019impianto prevista entro il mese di settembre. Le operazioni, che non hanno precluso l\u2019utilizzo dell\u2019impianto, rientrano nel programma periodico di controlli e manutenzioni effettuati ogni 45 giorni.<\/p>\n<p>Accanto alla gestione ordinaria, per\u00f2, l\u2019Amministrazione comunale \u00e8 da tempo impegnata su un orizzonte pi\u00f9 ampio: la scadenza tecnica del 2028, quando la scala mobile raggiunger\u00e0 i trent\u2019anni di esercizio e sar\u00e0 necessario procedere al suo rifacimento. Un intervento stimato in circa 4,5 milioni di euro, per il quale il Comune ha gi\u00e0 accantonato oltre 1,7 milioni e sta lavorando alla ricerca delle risorse necessarie a completare la copertura finanziaria. \u201cLa scala mobile rappresenta un collegamento fondamentale per la Citt\u00e0 e proprio per questo stiamo lavorando contemporaneamente su due piani: da una parte garantire la corretta manutenzione e il funzionamento dell\u2019impianto attuale, dall\u2019altra prepararci per tempo alla scadenza del 2028 \u2013 sottolinea il sindaco Oscar De Pellegrin \u2013. Fin dall\u2019inizio del mandato abbiamo avuto ben presente questa scadenza e abbiamo avviato un percorso di programmazione che oggi ci permette di avere gi\u00e0 a disposizione una parte importante delle risorse necessarie. Il lavoro ora prosegue per costruire la copertura finanziaria complessiva e arrivare preparati a un intervento che sar\u00e0 strategico per garantire anche in futuro questo collegamento tra Lambioi e il centro storico\u201d.<\/p>\n<p><img loading=\"lazy\" decoding=\"async\" class=\"aligncenter size-full wp-image-110504\" src=\"https:\/\/www.bellunopress.it\/wp-content\/uploads\/2019\/12\/scala-mobile-lambioi.jpg\" alt=\"\" width=\"300\" height=\"225\" \/>MANUTENZIONI E CONTROLLI<br \/>\nL\u2019intervento di questa settimana \u00e8 stato preliminare alla verifica trimestrale che verr\u00e0 effettuata entro settembre. Il programma di manutenzione prevede controlli indicativamente ogni 45 giorni, alternando quindi alle verifiche trimestrali una manutenzione intermedia, sempre alla presenza del responsabile di esercizio.<\/p>\n<p>IL RIFACIMENTO DELL\u2019IMPIANTO<br \/>\nSul futuro della scala mobile l\u2019Amministrazione sta lavorando fin dall\u2019inizio del mandato. La scadenza \u00e8 fissata al 2028 e l\u2019obiettivo \u00e8 arrivarci con le risorse necessarie per il completo rifacimento dell\u2019impianto. Secondo il quadro economico definito nel 2023, l\u2019operazione richieder\u00e0 un investimento di circa 4,5 milioni di euro. Ad oggi sono gi\u00e0 stati accantonati 1.710.858,04 euro, mentre sono in corso interlocuzioni con diversi soggetti per reperire la parte restante; un confronto che tiene conto anche della valenza sovra comunale dell\u2019infrastruttura, a servizio del Capoluogo e quindi punto di riferimento per un bacino che va oltre i soli residenti della Citt\u00e0.<br \/>\nI primi accantonamenti risalgono al 2020 e al 2021, quando, sulla base di una stima dell\u2019intervento pari a circa un milione di euro, erano stati destinati 140 mila euro all\u2019anno, per complessivi 280 mila euro.<br \/>\n\u201cNel 2022 l\u2019Amministrazione ha deciso di approfondire il quadro tecnico ed economico dell\u2019intervento, commissionando le necessarie valutazioni progettuali \u2013 spiega il vicesindaco Paolo Gamba \u2013. Il quadro definito nel 2023 ha fatto emergere un costo sensibilmente superiore alle precedenti previsioni: circa 4,5 milioni di euro per il rifacimento complessivo dell\u2019impianto. Da quel momento \u00e8 stato necessario impostare una programmazione finanziaria adeguata alla reale dimensione dell\u2019investimento. Il totale accantonato ha raggiunto oggi 1.710.858,04 euro: ai 280 mila euro gi\u00e0 disponibili si sono aggiunti circa 1,43 milioni stanziati dall\u2019attuale Amministrazione\u201d. I prossimi mesi saranno quindi dedicati al completamento del quadro finanziario e ai passaggi tecnici e amministrativi necessari per arrivare all\u2019affidamento dei lavori e garantire la continuit\u00e0 di un collegamento strategico tra Lambioi e il centro storico.<\/p>","protected":false},"excerpt":{"rendered":"<p>Belluno, 02\/09\/2026 &#8211;\u00a0Manutenzione ordinaria terminata nei giorni scorsi alla scala mobile di Lambioi, in vista della verifica trimestrale dell\u2019impianto prevista entro il mese di settembre. Le operazioni, che non hanno precluso l\u2019utilizzo dell\u2019impianto, rientrano nel programma periodico di controlli e manutenzioni effettuati ogni 45 giorni. Accanto alla gestione ordinaria, per\u00f2, l\u2019Amministrazione comunale \u00e8 da tempo [&hellip;]<\/p>\n","protected":false},"author":2,"featured_media":124015,"comment_status":"closed","ping_status":"open","sticky":false,"template":"","format":"standard","meta":{"footnotes":""},"categories":[1],"tags":[],"class_list":["post-173085","post","type-post","status-publish","format-standard","has-post-thumbnail","category-leo"],"yoast_head":"<!-- This site is optimized with the Yoast SEO plugin v28.4 - https:\/\/yoast.com\/product\/yoast-seo-wordpress\/ -->\n<title>Scala mobile di Belluno: terminate le manutenzioni ordinarie - Bellunopress - Dolomiti<\/title>\n<meta name=\"robots\" content=\"index, follow, max-snippet:-1, max-image-preview:large, max-video-preview:-1\" \/>\n<link rel=\"canonical\" href=\"https:\/\/www.bellunopress.it\/fr\/2026\/09\/02\/scala-mobile-di-belluno-terminate-le-manutenzioni-ordinarie\/\" \/>\n<meta property=\"og:locale\" content=\"fr_FR\" \/>\n<meta property=\"og:type\" content=\"article\" \/>\n<meta property=\"og:title\" content=\"Scala mobile di Belluno: terminate le manutenzioni ordinarie - Bellunopress - Dolomiti\" \/>\n<meta property=\"og:description\" content=\"Belluno, 02\/09\/2026 &#8211;\u00a0Manutenzione ordinaria terminata nei giorni scorsi alla scala mobile di Lambioi, in vista della verifica trimestrale dell\u2019impianto prevista entro il mese di settembre. Le operazioni, che non hanno precluso l\u2019utilizzo dell\u2019impianto, rientrano nel programma periodico di controlli e manutenzioni effettuati ogni 45 giorni. Accanto alla gestione ordinaria, per\u00f2, l\u2019Amministrazione comunale \u00e8 da tempo [&hellip;]\" \/>\n<meta property=\"og:url\" content=\"https:\/\/www.bellunopress.it\/fr\/2026\/09\/02\/scala-mobile-di-belluno-terminate-le-manutenzioni-ordinarie\/\" \/>\n<meta property=\"og:site_name\" content=\"Bellunopress - Dolomiti\" \/>\n<meta property=\"article:publisher\" content=\"https:\/\/www.facebook.com\/profile.php?id=100008943462799\" \/>\n<meta property=\"article:published_time\" content=\"2026-09-02T16:04:56+00:00\" \/>\n<meta property=\"og:image\" content=\"https:\/\/www.bellunopress.it\/wp-content\/uploads\/2021\/05\/scala-mobile-parcheggio-lambioi.jpg\" \/>\n\t<meta property=\"og:image:width\" content=\"1000\" \/>\n\t<meta property=\"og:image:height\" content=\"680\" \/>\n\t<meta property=\"og:image:type\" content=\"image\/jpeg\" \/>\n<meta name=\"author\" content=\"redazione\" \/>\n<meta name=\"twitter:card\" content=\"summary_large_image\" \/>\n<meta name=\"twitter:creator\" content=\"@bellunopress\" \/>\n<meta name=\"twitter:site\" content=\"@bellunopress\" \/>\n<meta name=\"twitter:label1\" content=\"Written by\" \/>\n\t<meta name=\"twitter:data1\" content=\"redazione\" \/>\n\t<meta name=\"twitter:label2\" content=\"Est. reading time\" \/>\n\t<meta name=\"twitter:data2\" content=\"4 minutes\" \/>\n<script type=\"application\/ld+json\" class=\"yoast-schema-graph\">{\"@context\":\"https:\\\/\\\/schema.org\",\"@graph\":[{\"@type\":\"Article\",\"@id\":\"https:\\\/\\\/www.bellunopress.it\\\/2026\\\/09\\\/02\\\/scala-mobile-di-belluno-terminate-le-manutenzioni-ordinarie\\\/#article\",\"isPartOf\":{\"@id\":\"https:\\\/\\\/www.bellunopress.it\\\/2026\\\/09\\\/02\\\/scala-mobile-di-belluno-terminate-le-manutenzioni-ordinarie\\\/\"},\"author\":{\"name\":\"redazione\",\"@id\":\"https:\\\/\\\/www.bellunopress.it\\\/#\\\/schema\\\/person\\\/79bb06722b37ece1c03d3e94beb30d73\"},\"headline\":\"Scala mobile di Belluno: terminate le manutenzioni ordinarie\",\"datePublished\":\"2026-09-02T16:04:56+00:00\",\"mainEntityOfPage\":{\"@id\":\"https:\\\/\\\/www.bellunopress.it\\\/2026\\\/09\\\/02\\\/scala-mobile-di-belluno-terminate-le-manutenzioni-ordinarie\\\/\"},\"wordCount\":536,\"publisher\":{\"@id\":\"https:\\\/\\\/www.bellunopress.it\\\/#organization\"},\"image\":{\"@id\":\"https:\\\/\\\/www.bellunopress.it\\\/2026\\\/09\\\/02\\\/scala-mobile-di-belluno-terminate-le-manutenzioni-ordinarie\\\/#primaryimage\"},\"thumbnailUrl\":\"https:\\\/\\\/www.bellunopress.it\\\/wp-content\\\/uploads\\\/2021\\\/05\\\/scala-mobile-parcheggio-lambioi.jpg\",\"articleSection\":[\"Lettere Opinioni\"],\"inLanguage\":\"fr-FR\"},{\"@type\":\"WebPage\",\"@id\":\"https:\\\/\\\/www.bellunopress.it\\\/2026\\\/09\\\/02\\\/scala-mobile-di-belluno-terminate-le-manutenzioni-ordinarie\\\/\",\"url\":\"https:\\\/\\\/www.bellunopress.it\\\/2026\\\/09\\\/02\\\/scala-mobile-di-belluno-terminate-le-manutenzioni-ordinarie\\\/\",\"name\":\"Scala mobile di Belluno: terminate le manutenzioni ordinarie - Bellunopress - Dolomiti\",\"isPartOf\":{\"@id\":\"https:\\\/\\\/www.bellunopress.it\\\/#website\"},\"primaryImageOfPage\":{\"@id\":\"https:\\\/\\\/www.bellunopress.it\\\/2026\\\/09\\\/02\\\/scala-mobile-di-belluno-terminate-le-manutenzioni-ordinarie\\\/#primaryimage\"},\"image\":{\"@id\":\"https:\\\/\\\/www.bellunopress.it\\\/2026\\\/09\\\/02\\\/scala-mobile-di-belluno-terminate-le-manutenzioni-ordinarie\\\/#primaryimage\"},\"thumbnailUrl\":\"https:\\\/\\\/www.bellunopress.it\\\/wp-content\\\/uploads\\\/2021\\\/05\\\/scala-mobile-parcheggio-lambioi.jpg\",\"datePublished\":\"2026-09-02T16:04:56+00:00\",\"breadcrumb\":{\"@id\":\"https:\\\/\\\/www.bellunopress.it\\\/2026\\\/09\\\/02\\\/scala-mobile-di-belluno-terminate-le-manutenzioni-ordinarie\\\/#breadcrumb\"},\"inLanguage\":\"fr-FR\",\"potentialAction\":[{\"@type\":\"ReadAction\",\"target\":[\"https:\\\/\\\/www.bellunopress.it\\\/2026\\\/09\\\/02\\\/scala-mobile-di-belluno-terminate-le-manutenzioni-ordinarie\\\/\"]}]},{\"@type\":\"ImageObject\",\"inLanguage\":\"fr-FR\",\"@id\":\"https:\\\/\\\/www.bellunopress.it\\\/2026\\\/09\\\/02\\\/scala-mobile-di-belluno-terminate-le-manutenzioni-ordinarie\\\/#primaryimage\",\"url\":\"https:\\\/\\\/www.bellunopress.it\\\/wp-content\\\/uploads\\\/2021\\\/05\\\/scala-mobile-parcheggio-lambioi.jpg\",\"contentUrl\":\"https:\\\/\\\/www.bellunopress.it\\\/wp-content\\\/uploads\\\/2021\\\/05\\\/scala-mobile-parcheggio-lambioi.jpg\",\"width\":1000,\"height\":680},{\"@type\":\"BreadcrumbList\",\"@id\":\"https:\\\/\\\/www.bellunopress.it\\\/2026\\\/09\\\/02\\\/scala-mobile-di-belluno-terminate-le-manutenzioni-ordinarie\\\/#breadcrumb\",\"itemListElement\":[{\"@type\":\"ListItem\",\"position\":1,\"name\":\"Home\",\"item\":\"https:\\\/\\\/www.bellunopress.it\\\/\"},{\"@type\":\"ListItem\",\"position\":2,\"name\":\"Scala mobile di Belluno: terminate le manutenzioni ordinarie\"}]},{\"@type\":\"WebSite\",\"@id\":\"https:\\\/\\\/www.bellunopress.it\\\/#website\",\"url\":\"https:\\\/\\\/www.bellunopress.it\\\/\",\"name\":\"Bellunopress - Dolomiti\",\"description\":\"e-mail: redazione@bellunopress.it\",\"publisher\":{\"@id\":\"https:\\\/\\\/www.bellunopress.it\\\/#organization\"},\"potentialAction\":[{\"@type\":\"SearchAction\",\"target\":{\"@type\":\"EntryPoint\",\"urlTemplate\":\"https:\\\/\\\/www.bellunopress.it\\\/?s={search_term_string}\"},\"query-input\":{\"@type\":\"PropertyValueSpecification\",\"valueRequired\":true,\"valueName\":\"search_term_string\"}}],\"inLanguage\":\"fr-FR\"},{\"@type\":\"Organization\",\"@id\":\"https:\\\/\\\/www.bellunopress.it\\\/#organization\",\"name\":\"Bellunopress\",\"url\":\"https:\\\/\\\/www.bellunopress.it\\\/\",\"logo\":{\"@type\":\"ImageObject\",\"inLanguage\":\"fr-FR\",\"@id\":\"https:\\\/\\\/www.bellunopress.it\\\/#\\\/schema\\\/logo\\\/image\\\/\",\"url\":\"https:\\\/\\\/www.bellunopress.it\\\/wp-content\\\/uploads\\\/2011\\\/05\\\/cropped-logo-bellunopress-.jpg\",\"contentUrl\":\"https:\\\/\\\/www.bellunopress.it\\\/wp-content\\\/uploads\\\/2011\\\/05\\\/cropped-logo-bellunopress-.jpg\",\"width\":512,\"height\":512,\"caption\":\"Bellunopress\"},\"image\":{\"@id\":\"https:\\\/\\\/www.bellunopress.it\\\/#\\\/schema\\\/logo\\\/image\\\/\"},\"sameAs\":[\"https:\\\/\\\/www.facebook.com\\\/profile.php?id=100008943462799\",\"https:\\\/\\\/x.com\\\/bellunopress\",\"https:\\\/\\\/www.linkedin.com\\\/hp\\\/?dnr=JBzUWaJfMUw8vbXJJ2tVW5-I3jZKvC4wsoxE&amp;amp;amp;amp;amp;amp;trk=nav_responsive_tab_home\",\"https:\\\/\\\/www.youtube.com\\\/channel\\\/UCxL0wu1uN0_3_7hGG0306cw\"]},{\"@type\":\"Person\",\"@id\":\"https:\\\/\\\/www.bellunopress.it\\\/#\\\/schema\\\/person\\\/79bb06722b37ece1c03d3e94beb30d73\",\"name\":\"redazione\",\"image\":{\"@type\":\"ImageObject\",\"inLanguage\":\"fr-FR\",\"@id\":\"https:\\\/\\\/secure.gravatar.com\\\/avatar\\\/37d968a2e67a6fd04c169c4bdef102d0bc5d31b2546345219e348575eb80e9a0?s=96&d=mm&r=g\",\"url\":\"https:\\\/\\\/secure.gravatar.com\\\/avatar\\\/37d968a2e67a6fd04c169c4bdef102d0bc5d31b2546345219e348575eb80e9a0?s=96&d=mm&r=g\",\"contentUrl\":\"https:\\\/\\\/secure.gravatar.com\\\/avatar\\\/37d968a2e67a6fd04c169c4bdef102d0bc5d31b2546345219e348575eb80e9a0?s=96&d=mm&r=g\",\"caption\":\"redazione\"},\"sameAs\":[\"http:\\\/\\\/www.bellunopress.it\",\"https:\\\/\\\/x.com\\\/bellunopress\"],\"url\":\"https:\\\/\\\/www.bellunopress.it\\\/fr\\\/author\\\/redazione\\\/\"}]}<\/script>\n<!-- \/ Yoast SEO plugin. -->","yoast_head_json":{"title":"Scala mobile di Belluno: terminate le manutenzioni ordinarie - Bellunopress - Dolomiti","robots":{"index":"index","follow":"follow","max-snippet":"max-snippet:-1","max-image-preview":"max-image-preview:large","max-video-preview":"max-video-preview:-1"},"canonical":"https:\/\/www.bellunopress.it\/fr\/2026\/09\/02\/scala-mobile-di-belluno-terminate-le-manutenzioni-ordinarie\/","og_locale":"fr_FR","og_type":"article","og_title":"Scala mobile di Belluno: terminate le manutenzioni ordinarie - Bellunopress - Dolomiti","og_description":"Belluno, 02\/09\/2026 &#8211;\u00a0Manutenzione ordinaria terminata nei giorni scorsi alla scala mobile di Lambioi, in vista della verifica trimestrale dell\u2019impianto prevista entro il mese di settembre. Le operazioni, che non hanno precluso l\u2019utilizzo dell\u2019impianto, rientrano nel programma periodico di controlli e manutenzioni effettuati ogni 45 giorni. Accanto alla gestione ordinaria, per\u00f2, l\u2019Amministrazione comunale \u00e8 da tempo [&hellip;]","og_url":"https:\/\/www.bellunopress.it\/fr\/2026\/09\/02\/scala-mobile-di-belluno-terminate-le-manutenzioni-ordinarie\/","og_site_name":"Bellunopress - Dolomiti","article_publisher":"https:\/\/www.facebook.com\/profile.php?id=100008943462799","article_published_time":"2026-09-02T16:04:56+00:00","og_image":[{"width":1000,"height":680,"url":"https:\/\/www.bellunopress.it\/wp-content\/uploads\/2021\/05\/scala-mobile-parcheggio-lambioi.jpg","type":"image\/jpeg"}],"author":"redazione","twitter_card":"summary_large_image","twitter_creator":"@bellunopress","twitter_site":"@bellunopress","twitter_misc":{"Written by":"redazione","Est. reading time":"4 minutes"},"schema":{"@context":"https:\/\/schema.org","@graph":[{"@type":"Article","@id":"https:\/\/www.bellunopress.it\/2026\/09\/02\/scala-mobile-di-belluno-terminate-le-manutenzioni-ordinarie\/#article","isPartOf":{"@id":"https:\/\/www.bellunopress.it\/2026\/09\/02\/scala-mobile-di-belluno-terminate-le-manutenzioni-ordinarie\/"},"author":{"name":"redazione","@id":"https:\/\/www.bellunopress.it\/#\/schema\/person\/79bb06722b37ece1c03d3e94beb30d73"},"headline":"Scala mobile di Belluno: terminate le manutenzioni ordinarie","datePublished":"2026-09-02T16:04:56+00:00","mainEntityOfPage":{"@id":"https:\/\/www.bellunopress.it\/2026\/09\/02\/scala-mobile-di-belluno-terminate-le-manutenzioni-ordinarie\/"},"wordCount":536,"publisher":{"@id":"https:\/\/www.bellunopress.it\/#organization"},"image":{"@id":"https:\/\/www.bellunopress.it\/2026\/09\/02\/scala-mobile-di-belluno-terminate-le-manutenzioni-ordinarie\/#primaryimage"},"thumbnailUrl":"https:\/\/www.bellunopress.it\/wp-content\/uploads\/2021\/05\/scala-mobile-parcheggio-lambioi.jpg","articleSection":["Lettere Opinioni"],"inLanguage":"fr-FR"},{"@type":"WebPage","@id":"https:\/\/www.bellunopress.it\/2026\/09\/02\/scala-mobile-di-belluno-terminate-le-manutenzioni-ordinarie\/","url":"https:\/\/www.bellunopress.it\/2026\/09\/02\/scala-mobile-di-belluno-terminate-le-manutenzioni-ordinarie\/","name":"Scala mobile di Belluno: terminate le manutenzioni ordinarie - Bellunopress - Dolomiti","isPartOf":{"@id":"https:\/\/www.bellunopress.it\/#website"},"primaryImageOfPage":{"@id":"https:\/\/www.bellunopress.it\/2026\/09\/02\/scala-mobile-di-belluno-terminate-le-manutenzioni-ordinarie\/#primaryimage"},"image":{"@id":"https:\/\/www.bellunopress.it\/2026\/09\/02\/scala-mobile-di-belluno-terminate-le-manutenzioni-ordinarie\/#primaryimage"},"thumbnailUrl":"https:\/\/www.bellunopress.it\/wp-content\/uploads\/2021\/05\/scala-mobile-parcheggio-lambioi.jpg","datePublished":"2026-09-02T16:04:56+00:00","breadcrumb":{"@id":"https:\/\/www.bellunopress.it\/2026\/09\/02\/scala-mobile-di-belluno-terminate-le-manutenzioni-ordinarie\/#breadcrumb"},"inLanguage":"fr-FR","potentialAction":[{"@type":"ReadAction","target":["https:\/\/www.bellunopress.it\/2026\/09\/02\/scala-mobile-di-belluno-terminate-le-manutenzioni-ordinarie\/"]}]},{"@type":"ImageObject","inLanguage":"fr-FR","@id":"https:\/\/www.bellunopress.it\/2026\/09\/02\/scala-mobile-di-belluno-terminate-le-manutenzioni-ordinarie\/#primaryimage","url":"https:\/\/www.bellunopress.it\/wp-content\/uploads\/2021\/05\/scala-mobile-parcheggio-lambioi.jpg","contentUrl":"https:\/\/www.bellunopress.it\/wp-content\/uploads\/2021\/05\/scala-mobile-parcheggio-lambioi.jpg","width":1000,"height":680},{"@type":"BreadcrumbList","@id":"https:\/\/www.bellunopress.it\/2026\/09\/02\/scala-mobile-di-belluno-terminate-le-manutenzioni-ordinarie\/#breadcrumb","itemListElement":[{"@type":"ListItem","position":1,"name":"Home","item":"https:\/\/www.bellunopress.it\/"},{"@type":"ListItem","position":2,"name":"Scala mobile di Belluno: terminate le manutenzioni ordinarie"}]},{"@type":"WebSite","@id":"https:\/\/www.bellunopress.it\/#website","url":"https:\/\/www.bellunopress.it\/","name":"Bellunopress - Dolomiti","description":"e-mail: redazione@bellunopress.it","publisher":{"@id":"https:\/\/www.bellunopress.it\/#organization"},"potentialAction":[{"@type":"SearchAction","target":{"@type":"EntryPoint","urlTemplate":"https:\/\/www.bellunopress.it\/?s={search_term_string}"},"query-input":{"@type":"PropertyValueSpecification","valueRequired":true,"valueName":"search_term_string"}}],"inLanguage":"fr-FR"},{"@type":"Organization","@id":"https:\/\/www.bellunopress.it\/#organization","name":"Bellunopress","url":"https:\/\/www.bellunopress.it\/","logo":{"@type":"ImageObject","inLanguage":"fr-FR","@id":"https:\/\/www.bellunopress.it\/#\/schema\/logo\/image\/","url":"https:\/\/www.bellunopress.it\/wp-content\/uploads\/2011\/05\/cropped-logo-bellunopress-.jpg","contentUrl":"https:\/\/www.bellunopress.it\/wp-content\/uploads\/2011\/05\/cropped-logo-bellunopress-.jpg","width":512,"height":512,"caption":"Bellunopress"},"image":{"@id":"https:\/\/www.bellunopress.it\/#\/schema\/logo\/image\/"},"sameAs":["https:\/\/www.facebook.com\/profile.php?id=100008943462799","https:\/\/x.com\/bellunopress","https:\/\/www.linkedin.com\/hp\/?dnr=JBzUWaJfMUw8vbXJJ2tVW5-I3jZKvC4wsoxE&amp;amp;amp;amp;amp;amp;trk=nav_responsive_tab_home","https:\/\/www.youtube.com\/channel\/UCxL0wu1uN0_3_7hGG0306cw"]},{"@type":"Person","@id":"https:\/\/www.bellunopress.it\/#\/schema\/person\/79bb06722b37ece1c03d3e94beb30d73","name":"r\u00e9daction","image":{"@type":"ImageObject","inLanguage":"fr-FR","@id":"https:\/\/secure.gravatar.com\/avatar\/37d968a2e67a6fd04c169c4bdef102d0bc5d31b2546345219e348575eb80e9a0?s=96&d=mm&r=g","url":"https:\/\/secure.gravatar.com\/avatar\/37d968a2e67a6fd04c169c4bdef102d0bc5d31b2546345219e348575eb80e9a0?s=96&d=mm&r=g","contentUrl":"https:\/\/secure.gravatar.com\/avatar\/37d968a2e67a6fd04c169c4bdef102d0bc5d31b2546345219e348575eb80e9a0?s=96&d=mm&r=g","caption":"redazione"},"sameAs":["http:\/\/www.bellunopress.it","https:\/\/x.com\/bellunopress"],"url":"https:\/\/www.bellunopress.it\/fr\/author\/redazione\/"}]}},"_links":{"self":[{"href":"https:\/\/www.bellunopress.it\/fr\/wp-json\/wp\/v2\/posts\/173085","targetHints":{"allow":["GET"]}}],"collection":[{"href":"https:\/\/www.bellunopress.it\/fr\/wp-json\/wp\/v2\/posts"}],"about":[{"href":"https:\/\/www.bellunopress.it\/fr\/wp-json\/wp\/v2\/types\/post"}],"author":[{"embeddable":true,"href":"https:\/\/www.bellunopress.it\/fr\/wp-json\/wp\/v2\/users\/2"}],"replies":[{"embeddable":true,"href":"https:\/\/www.bellunopress.it\/fr\/wp-json\/wp\/v2\/comments?post=173085"}],"version-history":[{"count":1,"href":"https:\/\/www.bellunopress.it\/fr\/wp-json\/wp\/v2\/posts\/173085\/revisions"}],"predecessor-version":[{"id":173086,"href":"https:\/\/www.bellunopress.it\/fr\/wp-json\/wp\/v2\/posts\/173085\/revisions\/173086"}],"wp:featuredmedia":[{"embeddable":true,"href":"https:\/\/www.bellunopress.it\/fr\/wp-json\/wp\/v2\/media\/124015"}],"wp:attachment":[{"href":"https:\/\/www.bellunopress.it\/fr\/wp-json\/wp\/v2\/media?parent=173085"}],"wp:term":[{"taxonomy":"category","embeddable":true,"href":"https:\/\/www.bellunopress.it\/fr\/wp-json\/wp\/v2\/categories?post=173085"},{"taxonomy":"post_tag","embeddable":true,"href":"https:\/\/www.bellunopress.it\/fr\/wp-json\/wp\/v2\/tags?post=173085"}],"curies":[{"name":"wp","href":"https:\/\/api.w.org\/{rel}","templated":true}]}}