{"id":173083,"date":"2026-09-02T17:51:16","date_gmt":"2026-09-02T15:51:16","guid":{"rendered":"https:\/\/www.bellunopress.it\/?p=173083"},"modified":"2026-09-02T17:51:16","modified_gmt":"2026-09-02T15:51:16","slug":"fine-vita-dal-veneto-una-scelta-attenta-ai-diritti-di-chi-soffre-invece-che-agli-ordini-di-partito","status":"publish","type":"post","link":"https:\/\/www.bellunopress.it\/fr\/2026\/09\/02\/fine-vita-dal-veneto-una-scelta-attenta-ai-diritti-di-chi-soffre-invece-che-agli-ordini-di-partito\/","title":{"rendered":"Fin de vie : de la V\u00e9n\u00e9tie, un choix attentif aux droits de ceux qui souffrent plut\u00f4t qu'aux ordres de parti"},"content":{"rendered":"<h1 class=\"subject\">Associazione Coscioni: proporremo la legge a tutte le altre regioni<\/h1>\n<p>Dopo Toscana, Sardegna ed Emilia-Romagna il Veneto \u00e8 la quarta Regione (la prima a guida di centro-destra) ad aver adottato una norma che parte dalla proposta di legge di iniziativa popolare \u201cLiberi Subito\u201d, promossa dall\u2019Associazione Luca Coscioni, aggiornata sulla base delle recenti sentenze della Corte.<\/p>\n<p>La legge non modifica i diritti stabiliti dalla Corte costituzionale, ma disciplina l\u2019organizzazione del Servizio sanitario regionale, definendo procedure senza ingiustificati ritardi, per la verifica delle condizioni delle persone che chiedono di accedere all\u2019aiuto medico alla morte volontaria, in attuazione delle sentenze della Corte costituzionale<\/p>\n<p>Dichiarazione di Marco Cappato e Filomena Gallo, rispettivamente Tesoriere e Segretaria Nazionale dell\u2019Associazione Luca Coscioni:<\/p>\n<p>\u201cDal Veneto arriva finalmente una scelta rispettosa dei diritti e delle libert\u00e0 di chi soffre. L\u2019approvazione della legge in Veneto conferma che \u2018Liberi Subito\u2019 \u00e8 una proposta che non appartiene a un partito o a uno schieramento, proprio perch\u00e9 \u00e8 fondata sulla Costituzione, ed \u00e8 di fondamentale importanza per dare concreta attuazione al diritto all\u2019aiuto medico alla morte volontaria, gi\u00e0 riconosciuto dalla Corte costituzionale grazie alle nostre azioni di disobbedienza civile.<\/p>\n<p>Sono stati approvati anche emendamenti che garantiscono tempi ragionevoli dell\u2019intera procedura, a tutela della dignit\u00e0 della persona e in linea con i pi\u00f9 recenti pronunciamenti costituzionali sulle leggi delle regioni Toscana e Sardegna.<\/p>\n<p>Siamo grati ai 9.000 cittadini che hanno sottoscritto la proposta di iniziativa popolare, e alle Consigliere e ai Consiglieri della Regione Veneto che hanno approvato la nostra legge, pensata per evitare che persone affette da sofferenze insopportabili e irreversibili debbano restare ostaggio di veri e propri calvari burocratici e debbano attendere mesi o anni prima di ottenere una risposta.<\/p>\n<p>Mentre il Parlamento continua a non intervenire, sono le Regioni che possono garantire alle persone malate procedure certe, uniformi e trasparenti, per dare garanzie alle persone che soffrono e al personale sanitario.<\/p>\n<p>La legge garantisce la piena applicazione della sentenza \u2018Cappato-Antoniani\u2019 della Corte costituzionale, con cui \u00e8 stato reso legale nel nostro Paese il \u2018suicidio assistito\u2019 a specifiche condizioni. Il nostro traguardo rimane ora l\u2019estensione della legge \u2018Liberi Subito\u2019 a ogni Regione italiana dove, pur essendo l\u2019aiuto medico alla morte volontaria gi\u00e0 legale in virt\u00f9 delle pronunce della Consulta, mancano ancora garanzie chiare su tempi e percorsi operativi per pazienti e personale sanitario. Proseguiremo inoltre nel garantire supporto e chiarezza sui diritti di fine vita tramite il nostro Numero Bianco (06 9931 3409), fornendo informazioni e assistenza anche su disposizioni anticipate di trattamento e cure palliative\u201d.<\/p>\n<p>Legge approvata in Toscana, Sardegna, Emilia-Romagna, Veneto.<\/p>\n<p>Discussione in corso in Trentino-Alto Adige (Province autonome di Trento e Bolzano), Umbria<\/p>\n<p>Proposta depositata\/prossima al deposito e in attesa dell\u2019avvio dell\u2019iter: Liguria, Campania, Molise, Marche, Sicilia, Puglia, Lombardia (15 settembre), Piemonte<\/p>\n<p>Raccolta firme in corso: Lazio, Calabria<\/p>\n<p>Regioni non ancora attivate: Abruzzo, Basilicata, Friuli Venezia Giulia, Valle d&#8217;Aosta<\/p>","protected":false},"excerpt":{"rendered":"<p>Associazione Coscioni: proporremo la legge a tutte le altre regioni Dopo Toscana, Sardegna ed Emilia-Romagna il Veneto \u00e8 la quarta Regione (la prima a guida di centro-destra) ad aver adottato una norma che parte dalla proposta di legge di iniziativa popolare \u201cLiberi Subito\u201d, promossa dall\u2019Associazione Luca Coscioni, aggiornata sulla base delle recenti sentenze della Corte. [&hellip;]<\/p>\n","protected":false},"author":2,"featured_media":170361,"comment_status":"closed","ping_status":"open","sticky":false,"template":"","format":"standard","meta":{"footnotes":""},"categories":[26,8],"tags":[],"class_list":["post-173083","post","type-post","status-publish","format-standard","has-post-thumbnail","category-prima-pagina","category-societa-istituzioni"],"yoast_head":"<!-- This site is optimized with the Yoast SEO plugin v28.4 - https:\/\/yoast.com\/product\/yoast-seo-wordpress\/ -->\n<title>Fine vita: dal Veneto una scelta attenta ai diritti di chi soffre invece che agli ordini di partito - Bellunopress - Dolomiti<\/title>\n<meta name=\"robots\" content=\"index, follow, max-snippet:-1, max-image-preview:large, max-video-preview:-1\" \/>\n<link rel=\"canonical\" href=\"https:\/\/www.bellunopress.it\/fr\/2026\/09\/02\/fine-vita-dal-veneto-una-scelta-attenta-ai-diritti-di-chi-soffre-invece-che-agli-ordini-di-partito\/\" \/>\n<meta property=\"og:locale\" content=\"fr_FR\" \/>\n<meta property=\"og:type\" content=\"article\" \/>\n<meta property=\"og:title\" content=\"Fine vita: dal Veneto una scelta attenta ai diritti di chi soffre invece che agli ordini di partito - Bellunopress - Dolomiti\" \/>\n<meta property=\"og:description\" content=\"Associazione Coscioni: proporremo la legge a tutte le altre regioni Dopo Toscana, Sardegna ed Emilia-Romagna il Veneto \u00e8 la quarta Regione (la prima a guida di centro-destra) ad aver adottato una norma che parte dalla proposta di legge di iniziativa popolare \u201cLiberi Subito\u201d, promossa dall\u2019Associazione Luca Coscioni, aggiornata sulla base delle recenti sentenze della Corte. [&hellip;]\" \/>\n<meta property=\"og:url\" content=\"https:\/\/www.bellunopress.it\/fr\/2026\/09\/02\/fine-vita-dal-veneto-una-scelta-attenta-ai-diritti-di-chi-soffre-invece-che-agli-ordini-di-partito\/\" \/>\n<meta property=\"og:site_name\" content=\"Bellunopress - Dolomiti\" \/>\n<meta property=\"article:publisher\" content=\"https:\/\/www.facebook.com\/profile.php?id=100008943462799\" \/>\n<meta property=\"article:published_time\" content=\"2026-09-02T15:51:16+00:00\" \/>\n<meta property=\"og:image\" content=\"https:\/\/www.bellunopress.it\/wp-content\/uploads\/2026\/05\/Associazione-Luca-Coscioni.jpg\" \/>\n\t<meta property=\"og:image:width\" content=\"599\" \/>\n\t<meta property=\"og:image:height\" content=\"524\" \/>\n\t<meta property=\"og:image:type\" content=\"image\/jpeg\" \/>\n<meta name=\"author\" content=\"redazione\" \/>\n<meta name=\"twitter:card\" content=\"summary_large_image\" \/>\n<meta name=\"twitter:creator\" content=\"@bellunopress\" \/>\n<meta name=\"twitter:site\" content=\"@bellunopress\" \/>\n<meta name=\"twitter:label1\" content=\"Written by\" \/>\n\t<meta name=\"twitter:data1\" content=\"redazione\" \/>\n\t<meta name=\"twitter:label2\" content=\"Est. reading time\" \/>\n\t<meta name=\"twitter:data2\" content=\"3 minutes\" \/>\n<script type=\"application\/ld+json\" class=\"yoast-schema-graph\">{\"@context\":\"https:\\\/\\\/schema.org\",\"@graph\":[{\"@type\":\"Article\",\"@id\":\"https:\\\/\\\/www.bellunopress.it\\\/2026\\\/09\\\/02\\\/fine-vita-dal-veneto-una-scelta-attenta-ai-diritti-di-chi-soffre-invece-che-agli-ordini-di-partito\\\/#article\",\"isPartOf\":{\"@id\":\"https:\\\/\\\/www.bellunopress.it\\\/2026\\\/09\\\/02\\\/fine-vita-dal-veneto-una-scelta-attenta-ai-diritti-di-chi-soffre-invece-che-agli-ordini-di-partito\\\/\"},\"author\":{\"name\":\"redazione\",\"@id\":\"https:\\\/\\\/www.bellunopress.it\\\/#\\\/schema\\\/person\\\/79bb06722b37ece1c03d3e94beb30d73\"},\"headline\":\"Fine vita: dal Veneto una scelta attenta ai diritti di chi soffre invece che agli ordini di partito\",\"datePublished\":\"2026-09-02T15:51:16+00:00\",\"mainEntityOfPage\":{\"@id\":\"https:\\\/\\\/www.bellunopress.it\\\/2026\\\/09\\\/02\\\/fine-vita-dal-veneto-una-scelta-attenta-ai-diritti-di-chi-soffre-invece-che-agli-ordini-di-partito\\\/\"},\"wordCount\":491,\"publisher\":{\"@id\":\"https:\\\/\\\/www.bellunopress.it\\\/#organization\"},\"image\":{\"@id\":\"https:\\\/\\\/www.bellunopress.it\\\/2026\\\/09\\\/02\\\/fine-vita-dal-veneto-una-scelta-attenta-ai-diritti-di-chi-soffre-invece-che-agli-ordini-di-partito\\\/#primaryimage\"},\"thumbnailUrl\":\"https:\\\/\\\/www.bellunopress.it\\\/wp-content\\\/uploads\\\/2026\\\/05\\\/Associazione-Luca-Coscioni.jpg\",\"articleSection\":[\"Prima Pagina\",\"Societ\u00e0, Associazioni, Istituzioni\"],\"inLanguage\":\"fr-FR\"},{\"@type\":\"WebPage\",\"@id\":\"https:\\\/\\\/www.bellunopress.it\\\/2026\\\/09\\\/02\\\/fine-vita-dal-veneto-una-scelta-attenta-ai-diritti-di-chi-soffre-invece-che-agli-ordini-di-partito\\\/\",\"url\":\"https:\\\/\\\/www.bellunopress.it\\\/2026\\\/09\\\/02\\\/fine-vita-dal-veneto-una-scelta-attenta-ai-diritti-di-chi-soffre-invece-che-agli-ordini-di-partito\\\/\",\"name\":\"Fine vita: dal Veneto una scelta attenta ai diritti di chi soffre invece che agli ordini di partito - Bellunopress - Dolomiti\",\"isPartOf\":{\"@id\":\"https:\\\/\\\/www.bellunopress.it\\\/#website\"},\"primaryImageOfPage\":{\"@id\":\"https:\\\/\\\/www.bellunopress.it\\\/2026\\\/09\\\/02\\\/fine-vita-dal-veneto-una-scelta-attenta-ai-diritti-di-chi-soffre-invece-che-agli-ordini-di-partito\\\/#primaryimage\"},\"image\":{\"@id\":\"https:\\\/\\\/www.bellunopress.it\\\/2026\\\/09\\\/02\\\/fine-vita-dal-veneto-una-scelta-attenta-ai-diritti-di-chi-soffre-invece-che-agli-ordini-di-partito\\\/#primaryimage\"},\"thumbnailUrl\":\"https:\\\/\\\/www.bellunopress.it\\\/wp-content\\\/uploads\\\/2026\\\/05\\\/Associazione-Luca-Coscioni.jpg\",\"datePublished\":\"2026-09-02T15:51:16+00:00\",\"breadcrumb\":{\"@id\":\"https:\\\/\\\/www.bellunopress.it\\\/2026\\\/09\\\/02\\\/fine-vita-dal-veneto-una-scelta-attenta-ai-diritti-di-chi-soffre-invece-che-agli-ordini-di-partito\\\/#breadcrumb\"},\"inLanguage\":\"fr-FR\",\"potentialAction\":[{\"@type\":\"ReadAction\",\"target\":[\"https:\\\/\\\/www.bellunopress.it\\\/2026\\\/09\\\/02\\\/fine-vita-dal-veneto-una-scelta-attenta-ai-diritti-di-chi-soffre-invece-che-agli-ordini-di-partito\\\/\"]}]},{\"@type\":\"ImageObject\",\"inLanguage\":\"fr-FR\",\"@id\":\"https:\\\/\\\/www.bellunopress.it\\\/2026\\\/09\\\/02\\\/fine-vita-dal-veneto-una-scelta-attenta-ai-diritti-di-chi-soffre-invece-che-agli-ordini-di-partito\\\/#primaryimage\",\"url\":\"https:\\\/\\\/www.bellunopress.it\\\/wp-content\\\/uploads\\\/2026\\\/05\\\/Associazione-Luca-Coscioni.jpg\",\"contentUrl\":\"https:\\\/\\\/www.bellunopress.it\\\/wp-content\\\/uploads\\\/2026\\\/05\\\/Associazione-Luca-Coscioni.jpg\",\"width\":599,\"height\":524},{\"@type\":\"BreadcrumbList\",\"@id\":\"https:\\\/\\\/www.bellunopress.it\\\/2026\\\/09\\\/02\\\/fine-vita-dal-veneto-una-scelta-attenta-ai-diritti-di-chi-soffre-invece-che-agli-ordini-di-partito\\\/#breadcrumb\",\"itemListElement\":[{\"@type\":\"ListItem\",\"position\":1,\"name\":\"Home\",\"item\":\"https:\\\/\\\/www.bellunopress.it\\\/\"},{\"@type\":\"ListItem\",\"position\":2,\"name\":\"Fine vita: dal Veneto una scelta attenta ai diritti di chi soffre invece che agli ordini di partito\"}]},{\"@type\":\"WebSite\",\"@id\":\"https:\\\/\\\/www.bellunopress.it\\\/#website\",\"url\":\"https:\\\/\\\/www.bellunopress.it\\\/\",\"name\":\"Bellunopress - Dolomiti\",\"description\":\"e-mail: redazione@bellunopress.it\",\"publisher\":{\"@id\":\"https:\\\/\\\/www.bellunopress.it\\\/#organization\"},\"potentialAction\":[{\"@type\":\"SearchAction\",\"target\":{\"@type\":\"EntryPoint\",\"urlTemplate\":\"https:\\\/\\\/www.bellunopress.it\\\/?s={search_term_string}\"},\"query-input\":{\"@type\":\"PropertyValueSpecification\",\"valueRequired\":true,\"valueName\":\"search_term_string\"}}],\"inLanguage\":\"fr-FR\"},{\"@type\":\"Organization\",\"@id\":\"https:\\\/\\\/www.bellunopress.it\\\/#organization\",\"name\":\"Bellunopress\",\"url\":\"https:\\\/\\\/www.bellunopress.it\\\/\",\"logo\":{\"@type\":\"ImageObject\",\"inLanguage\":\"fr-FR\",\"@id\":\"https:\\\/\\\/www.bellunopress.it\\\/#\\\/schema\\\/logo\\\/image\\\/\",\"url\":\"https:\\\/\\\/www.bellunopress.it\\\/wp-content\\\/uploads\\\/2011\\\/05\\\/cropped-logo-bellunopress-.jpg\",\"contentUrl\":\"https:\\\/\\\/www.bellunopress.it\\\/wp-content\\\/uploads\\\/2011\\\/05\\\/cropped-logo-bellunopress-.jpg\",\"width\":512,\"height\":512,\"caption\":\"Bellunopress\"},\"image\":{\"@id\":\"https:\\\/\\\/www.bellunopress.it\\\/#\\\/schema\\\/logo\\\/image\\\/\"},\"sameAs\":[\"https:\\\/\\\/www.facebook.com\\\/profile.php?id=100008943462799\",\"https:\\\/\\\/x.com\\\/bellunopress\",\"https:\\\/\\\/www.linkedin.com\\\/hp\\\/?dnr=JBzUWaJfMUw8vbXJJ2tVW5-I3jZKvC4wsoxE&amp;amp;amp;amp;amp;amp;trk=nav_responsive_tab_home\",\"https:\\\/\\\/www.youtube.com\\\/channel\\\/UCxL0wu1uN0_3_7hGG0306cw\"]},{\"@type\":\"Person\",\"@id\":\"https:\\\/\\\/www.bellunopress.it\\\/#\\\/schema\\\/person\\\/79bb06722b37ece1c03d3e94beb30d73\",\"name\":\"redazione\",\"image\":{\"@type\":\"ImageObject\",\"inLanguage\":\"fr-FR\",\"@id\":\"https:\\\/\\\/secure.gravatar.com\\\/avatar\\\/37d968a2e67a6fd04c169c4bdef102d0bc5d31b2546345219e348575eb80e9a0?s=96&d=mm&r=g\",\"url\":\"https:\\\/\\\/secure.gravatar.com\\\/avatar\\\/37d968a2e67a6fd04c169c4bdef102d0bc5d31b2546345219e348575eb80e9a0?s=96&d=mm&r=g\",\"contentUrl\":\"https:\\\/\\\/secure.gravatar.com\\\/avatar\\\/37d968a2e67a6fd04c169c4bdef102d0bc5d31b2546345219e348575eb80e9a0?s=96&d=mm&r=g\",\"caption\":\"redazione\"},\"sameAs\":[\"http:\\\/\\\/www.bellunopress.it\",\"https:\\\/\\\/x.com\\\/bellunopress\"],\"url\":\"https:\\\/\\\/www.bellunopress.it\\\/fr\\\/author\\\/redazione\\\/\"}]}<\/script>\n<!-- \/ Yoast SEO plugin. -->","yoast_head_json":{"title":"Fine vita: dal Veneto una scelta attenta ai diritti di chi soffre invece che agli ordini di partito - Bellunopress - Dolomiti","robots":{"index":"index","follow":"follow","max-snippet":"max-snippet:-1","max-image-preview":"max-image-preview:large","max-video-preview":"max-video-preview:-1"},"canonical":"https:\/\/www.bellunopress.it\/fr\/2026\/09\/02\/fine-vita-dal-veneto-una-scelta-attenta-ai-diritti-di-chi-soffre-invece-che-agli-ordini-di-partito\/","og_locale":"fr_FR","og_type":"article","og_title":"Fine vita: dal Veneto una scelta attenta ai diritti di chi soffre invece che agli ordini di partito - Bellunopress - Dolomiti","og_description":"Associazione Coscioni: proporremo la legge a tutte le altre regioni Dopo Toscana, Sardegna ed Emilia-Romagna il Veneto \u00e8 la quarta Regione (la prima a guida di centro-destra) ad aver adottato una norma che parte dalla proposta di legge di iniziativa popolare \u201cLiberi Subito\u201d, promossa dall\u2019Associazione Luca Coscioni, aggiornata sulla base delle recenti sentenze della Corte. [&hellip;]","og_url":"https:\/\/www.bellunopress.it\/fr\/2026\/09\/02\/fine-vita-dal-veneto-una-scelta-attenta-ai-diritti-di-chi-soffre-invece-che-agli-ordini-di-partito\/","og_site_name":"Bellunopress - Dolomiti","article_publisher":"https:\/\/www.facebook.com\/profile.php?id=100008943462799","article_published_time":"2026-09-02T15:51:16+00:00","og_image":[{"width":599,"height":524,"url":"https:\/\/www.bellunopress.it\/wp-content\/uploads\/2026\/05\/Associazione-Luca-Coscioni.jpg","type":"image\/jpeg"}],"author":"redazione","twitter_card":"summary_large_image","twitter_creator":"@bellunopress","twitter_site":"@bellunopress","twitter_misc":{"Written by":"redazione","Est. reading time":"3 minutes"},"schema":{"@context":"https:\/\/schema.org","@graph":[{"@type":"Article","@id":"https:\/\/www.bellunopress.it\/2026\/09\/02\/fine-vita-dal-veneto-una-scelta-attenta-ai-diritti-di-chi-soffre-invece-che-agli-ordini-di-partito\/#article","isPartOf":{"@id":"https:\/\/www.bellunopress.it\/2026\/09\/02\/fine-vita-dal-veneto-una-scelta-attenta-ai-diritti-di-chi-soffre-invece-che-agli-ordini-di-partito\/"},"author":{"name":"redazione","@id":"https:\/\/www.bellunopress.it\/#\/schema\/person\/79bb06722b37ece1c03d3e94beb30d73"},"headline":"Fine vita: dal Veneto una scelta attenta ai diritti di chi soffre invece che agli ordini di partito","datePublished":"2026-09-02T15:51:16+00:00","mainEntityOfPage":{"@id":"https:\/\/www.bellunopress.it\/2026\/09\/02\/fine-vita-dal-veneto-una-scelta-attenta-ai-diritti-di-chi-soffre-invece-che-agli-ordini-di-partito\/"},"wordCount":491,"publisher":{"@id":"https:\/\/www.bellunopress.it\/#organization"},"image":{"@id":"https:\/\/www.bellunopress.it\/2026\/09\/02\/fine-vita-dal-veneto-una-scelta-attenta-ai-diritti-di-chi-soffre-invece-che-agli-ordini-di-partito\/#primaryimage"},"thumbnailUrl":"https:\/\/www.bellunopress.it\/wp-content\/uploads\/2026\/05\/Associazione-Luca-Coscioni.jpg","articleSection":["Prima Pagina","Societ\u00e0, Associazioni, Istituzioni"],"inLanguage":"fr-FR"},{"@type":"WebPage","@id":"https:\/\/www.bellunopress.it\/2026\/09\/02\/fine-vita-dal-veneto-una-scelta-attenta-ai-diritti-di-chi-soffre-invece-che-agli-ordini-di-partito\/","url":"https:\/\/www.bellunopress.it\/2026\/09\/02\/fine-vita-dal-veneto-una-scelta-attenta-ai-diritti-di-chi-soffre-invece-che-agli-ordini-di-partito\/","name":"Fine vita: dal Veneto una scelta attenta ai diritti di chi soffre invece che agli ordini di partito - Bellunopress - Dolomiti","isPartOf":{"@id":"https:\/\/www.bellunopress.it\/#website"},"primaryImageOfPage":{"@id":"https:\/\/www.bellunopress.it\/2026\/09\/02\/fine-vita-dal-veneto-una-scelta-attenta-ai-diritti-di-chi-soffre-invece-che-agli-ordini-di-partito\/#primaryimage"},"image":{"@id":"https:\/\/www.bellunopress.it\/2026\/09\/02\/fine-vita-dal-veneto-una-scelta-attenta-ai-diritti-di-chi-soffre-invece-che-agli-ordini-di-partito\/#primaryimage"},"thumbnailUrl":"https:\/\/www.bellunopress.it\/wp-content\/uploads\/2026\/05\/Associazione-Luca-Coscioni.jpg","datePublished":"2026-09-02T15:51:16+00:00","breadcrumb":{"@id":"https:\/\/www.bellunopress.it\/2026\/09\/02\/fine-vita-dal-veneto-una-scelta-attenta-ai-diritti-di-chi-soffre-invece-che-agli-ordini-di-partito\/#breadcrumb"},"inLanguage":"fr-FR","potentialAction":[{"@type":"ReadAction","target":["https:\/\/www.bellunopress.it\/2026\/09\/02\/fine-vita-dal-veneto-una-scelta-attenta-ai-diritti-di-chi-soffre-invece-che-agli-ordini-di-partito\/"]}]},{"@type":"ImageObject","inLanguage":"fr-FR","@id":"https:\/\/www.bellunopress.it\/2026\/09\/02\/fine-vita-dal-veneto-una-scelta-attenta-ai-diritti-di-chi-soffre-invece-che-agli-ordini-di-partito\/#primaryimage","url":"https:\/\/www.bellunopress.it\/wp-content\/uploads\/2026\/05\/Associazione-Luca-Coscioni.jpg","contentUrl":"https:\/\/www.bellunopress.it\/wp-content\/uploads\/2026\/05\/Associazione-Luca-Coscioni.jpg","width":599,"height":524},{"@type":"BreadcrumbList","@id":"https:\/\/www.bellunopress.it\/2026\/09\/02\/fine-vita-dal-veneto-una-scelta-attenta-ai-diritti-di-chi-soffre-invece-che-agli-ordini-di-partito\/#breadcrumb","itemListElement":[{"@type":"ListItem","position":1,"name":"Home","item":"https:\/\/www.bellunopress.it\/"},{"@type":"ListItem","position":2,"name":"Fine vita: dal Veneto una scelta attenta ai diritti di chi soffre invece che agli ordini di partito"}]},{"@type":"WebSite","@id":"https:\/\/www.bellunopress.it\/#website","url":"https:\/\/www.bellunopress.it\/","name":"Bellunopress - Dolomiti","description":"e-mail: redazione@bellunopress.it","publisher":{"@id":"https:\/\/www.bellunopress.it\/#organization"},"potentialAction":[{"@type":"SearchAction","target":{"@type":"EntryPoint","urlTemplate":"https:\/\/www.bellunopress.it\/?s={search_term_string}"},"query-input":{"@type":"PropertyValueSpecification","valueRequired":true,"valueName":"search_term_string"}}],"inLanguage":"fr-FR"},{"@type":"Organization","@id":"https:\/\/www.bellunopress.it\/#organization","name":"Bellunopress","url":"https:\/\/www.bellunopress.it\/","logo":{"@type":"ImageObject","inLanguage":"fr-FR","@id":"https:\/\/www.bellunopress.it\/#\/schema\/logo\/image\/","url":"https:\/\/www.bellunopress.it\/wp-content\/uploads\/2011\/05\/cropped-logo-bellunopress-.jpg","contentUrl":"https:\/\/www.bellunopress.it\/wp-content\/uploads\/2011\/05\/cropped-logo-bellunopress-.jpg","width":512,"height":512,"caption":"Bellunopress"},"image":{"@id":"https:\/\/www.bellunopress.it\/#\/schema\/logo\/image\/"},"sameAs":["https:\/\/www.facebook.com\/profile.php?id=100008943462799","https:\/\/x.com\/bellunopress","https:\/\/www.linkedin.com\/hp\/?dnr=JBzUWaJfMUw8vbXJJ2tVW5-I3jZKvC4wsoxE&amp;amp;amp;amp;amp;amp;trk=nav_responsive_tab_home","https:\/\/www.youtube.com\/channel\/UCxL0wu1uN0_3_7hGG0306cw"]},{"@type":"Person","@id":"https:\/\/www.bellunopress.it\/#\/schema\/person\/79bb06722b37ece1c03d3e94beb30d73","name":"r\u00e9daction","image":{"@type":"ImageObject","inLanguage":"fr-FR","@id":"https:\/\/secure.gravatar.com\/avatar\/37d968a2e67a6fd04c169c4bdef102d0bc5d31b2546345219e348575eb80e9a0?s=96&d=mm&r=g","url":"https:\/\/secure.gravatar.com\/avatar\/37d968a2e67a6fd04c169c4bdef102d0bc5d31b2546345219e348575eb80e9a0?s=96&d=mm&r=g","contentUrl":"https:\/\/secure.gravatar.com\/avatar\/37d968a2e67a6fd04c169c4bdef102d0bc5d31b2546345219e348575eb80e9a0?s=96&d=mm&r=g","caption":"redazione"},"sameAs":["http:\/\/www.bellunopress.it","https:\/\/x.com\/bellunopress"],"url":"https:\/\/www.bellunopress.it\/fr\/author\/redazione\/"}]}},"_links":{"self":[{"href":"https:\/\/www.bellunopress.it\/fr\/wp-json\/wp\/v2\/posts\/173083","targetHints":{"allow":["GET"]}}],"collection":[{"href":"https:\/\/www.bellunopress.it\/fr\/wp-json\/wp\/v2\/posts"}],"about":[{"href":"https:\/\/www.bellunopress.it\/fr\/wp-json\/wp\/v2\/types\/post"}],"author":[{"embeddable":true,"href":"https:\/\/www.bellunopress.it\/fr\/wp-json\/wp\/v2\/users\/2"}],"replies":[{"embeddable":true,"href":"https:\/\/www.bellunopress.it\/fr\/wp-json\/wp\/v2\/comments?post=173083"}],"version-history":[{"count":1,"href":"https:\/\/www.bellunopress.it\/fr\/wp-json\/wp\/v2\/posts\/173083\/revisions"}],"predecessor-version":[{"id":173084,"href":"https:\/\/www.bellunopress.it\/fr\/wp-json\/wp\/v2\/posts\/173083\/revisions\/173084"}],"wp:featuredmedia":[{"embeddable":true,"href":"https:\/\/www.bellunopress.it\/fr\/wp-json\/wp\/v2\/media\/170361"}],"wp:attachment":[{"href":"https:\/\/www.bellunopress.it\/fr\/wp-json\/wp\/v2\/media?parent=173083"}],"wp:term":[{"taxonomy":"category","embeddable":true,"href":"https:\/\/www.bellunopress.it\/fr\/wp-json\/wp\/v2\/categories?post=173083"},{"taxonomy":"post_tag","embeddable":true,"href":"https:\/\/www.bellunopress.it\/fr\/wp-json\/wp\/v2\/tags?post=173083"}],"curies":[{"name":"wp","href":"https:\/\/api.w.org\/{rel}","templated":true}]}}