{"id":173081,"date":"2026-09-02T16:12:07","date_gmt":"2026-09-02T14:12:07","guid":{"rendered":"https:\/\/www.bellunopress.it\/?p=173081"},"modified":"2026-09-02T16:12:07","modified_gmt":"2026-09-02T14:12:07","slug":"i-residenti-di-via-feltre-ma-quali","status":"publish","type":"post","link":"https:\/\/www.bellunopress.it\/fr\/2026\/09\/02\/i-residenti-di-via-feltre-ma-quali\/","title":{"rendered":"I residenti di via Feltre: ma quali?"},"content":{"rendered":"<p>Belluno, 2 settembre 2026<\/p>\n<p>Da ventennale residente di via Feltre, seguo da mesi con crescente rammarico la vicenda della riqualificazione della strada e, in particolare, il modo in cui viene raccontata da un quotidiano cartaceo locale.<br \/>\nLeggendo diversi articoli, ho avuto sempre pi\u00f9 spesso l&#8217;impressione che, anzich\u00e9 contribuire a fare chiarezza, si aggiunga confusione a una vicenda gi\u00e0 sufficientemente complicata.<\/p>\n<p>Faccio riferimento, in questo caso, all&#8217;articolo del 26 agosto scorso che parla di &#8220;residenti infuriati&#8221;, seguito il giorno dopo da un nuovo articolo con la pronta risposta del Sindaco.<br \/>\nPer parlare dei &#8220;residenti infuriati&#8221; si riportano le parole di un signore, che \u2010 da quanto si evince dall&#8217;articolo \u2014 lavora in via Feltre ma non vi risiede.<br \/>\nUn ottimo punto di partenza per raccontare il punto di vista dei residenti&#8230;<br \/>\nL&#8217;articolo parla inoltre di sicurezza, dimenticando che la normativa in materia individua con chiarezza i soggetti responsabili: non sono i tigli, non \u00e8 il TAR e non \u00e8 Italia Nostra, che al TAR ha fatto ricorso.<\/p>\n<p>Da mesi,inoltre, sempre lo stesso quotidiano racconta i &#8220;residenti di via Feltre&#8221; come se fossero un&#8217;entit\u00e0 unica, compatta e sostanzialmente favorevole alle soluzioni progettuali adottate.<br \/>\nPeccato che i residenti non siano un&#8217;entit\u00e0 unica, se non per il desiderio di vedere attuato qualche intervento di manutenzione dopo troppi anni di incuria.<br \/>\nNei confronti di questo progetto, esistono residenti favorevoli e residenti contrari. Esistono residenti che contestano alcune parti e ne condividono altre.<br \/>\nMolti avrebbero voluto che fosse stato presentato loro e discusso nel merito, anzich\u00e9 essere prima blindato e poi raccontato attraverso una contrapposizione artefatta tra sicurezza e tigli, utile solo per screditare sul nascere qualunque osservazione non allineata.<\/p>\n<p>La parte dei residenti critica nei confronti del progetto \u00e8 stata invece sistematicamente rappresentata come minoritaria, disinteressata alla sicurezza e animata da un&#8217;insensata preferenza per gli alberi rispetto alle persone.<br \/>\nMi permetto allora una domanda molto semplice:<br \/>\nli avete cercati, questi residenti? Li avete ascoltati? Li avete contati?<br \/>\nPerch\u00e9 dal tono e dal contenuto di alcuni vostri articoli, francamente, non sembra.<\/p>\n<p>E sarebbe interessante capire anche quanti dei residenti contrari siano stati effettivamente interpellati prima di stabilire che sono &#8220;pochi&#8221;.<\/p>\n<p>Ancora pi\u00f9 interessante sarebbe capire perch\u00e9, nel raccontare questa vicenda, manchino cos\u00ec spesso le domande che verrebbero spontanee a chiunque, come ad esempio:<br \/>\nNon sar\u00e0 che la totale mancanza di comunicazione e di confronto con i residenti, fin dall&#8217;inizio, abbia contribuito a creare l&#8217;attuale situazione di contrapposizione e di stallo?<br \/>\nNon sar\u00e0 che un intervento di questa portata, destinato a cambiare profondamente una delle principali vie della citt\u00e0, avrebbe meritato di essere presentato per tempo a chi quella via la abita e la vive ogni giorno?<br \/>\nE no, non mi riferisco soltanto agli esercenti.<br \/>\nNon sar\u00e0 che, se oggi esistono problemi di sicurezza legati a un cantiere, sarebbe opportuno chiedere conto a committenti, esecutori e amministrazione, invece di trasformare la questione in un referendum pro o contro gli alberi?<br \/>\nNon sar\u00e0 che le critiche al progetto non provengono soltanto da ambientalisti irriducibili, ma anche da professionisti e persone che si occupano di progettazione dello spazio pubblico e ne contestano l&#8217;impostazione?<\/p>\n<p>E poi ci sono gli alberi.<br \/>\nPerch\u00e9 non chiedere, semplicemente, come mai in viale Fantuzzi si preveda di mettere a dimora tigli gi\u00e0 adulti \u2014 evidentemente confidando che non danneggino i sottoservizi finora risparmiati dagli ippocastani \u2014 mentre in via Feltre si abbattono filari di tigli adulti per sostituirli con alberelli?<br \/>\nPerch\u00e9 non chiedere come mai, secondo il progetto, un intero lato della via non sar\u00e0 nuovamente alberato, al contrario di quanto continua a dichiarare il Sindaco?<br \/>\nLa spiegazione dell'&#8221;ombra dei condomini&#8221; \u00e8 davvero sufficiente?<br \/>\nAvete provato a verificare personalmente questa teoria?<br \/>\nSiete mai venuti a &#8220;passeggiare all&#8217;ombra dei condomini&#8221; in un qualunque pomeriggio torrido di questa estate per verificare che il sole in realt\u00e0 si muove?<\/p>\n<p>Il giornalismo dovrebbe fare esattamente ci\u00f2 che un cittadino non sempre riesce a fare: mettere insieme i pezzi, verificare le versioni, fare domande, cercare contraddizioni, dare voce alle diverse posizioni.<br \/>\nInvece, in questa vicenda, troppo spesso ho avuto la sensazione opposta: che i pezzi del puzzle vengano confusi e mescolati, lasciando poi ai cittadini interessati l&#8217;onere di ricostruire da soli il quadro complessivo, e di informare chi magari questo onere non ha il tempo di prenderselo.<\/p>\n<p>La richiesta \u00e8 molto semplice: fate le domande. A tutti. Soprattutto quelle scomode, quelle che mettono in discussione il racconto pi\u00f9 facile.<br \/>\nSarebbe un ottimo servizio per i lettori.<br \/>\nE, forse, anche per via Feltre.<\/p>\n<p>Lettera firmata &#8211; Belluno<\/p>","protected":false},"excerpt":{"rendered":"<p>Belluno, 2 settembre 2026 Da ventennale residente di via Feltre, seguo da mesi con crescente rammarico la vicenda della riqualificazione della strada e, in particolare, il modo in cui viene raccontata da un quotidiano cartaceo locale. Leggendo diversi articoli, ho avuto sempre pi\u00f9 spesso l&#8217;impressione che, anzich\u00e9 contribuire a fare chiarezza, si aggiunga confusione a [&hellip;]<\/p>\n","protected":false},"author":2,"featured_media":112601,"comment_status":"closed","ping_status":"open","sticky":false,"template":"","format":"standard","meta":{"footnotes":""},"categories":[1],"tags":[],"class_list":["post-173081","post","type-post","status-publish","format-standard","has-post-thumbnail","category-leo"],"yoast_head":"<!-- This site is optimized with the Yoast SEO plugin v28.4 - https:\/\/yoast.com\/product\/yoast-seo-wordpress\/ -->\n<title>I residenti di via Feltre: ma quali? - Bellunopress - Dolomiti<\/title>\n<meta name=\"robots\" content=\"index, follow, max-snippet:-1, max-image-preview:large, max-video-preview:-1\" \/>\n<link rel=\"canonical\" href=\"https:\/\/www.bellunopress.it\/fr\/2026\/09\/02\/i-residenti-di-via-feltre-ma-quali\/\" \/>\n<meta property=\"og:locale\" content=\"fr_FR\" \/>\n<meta property=\"og:type\" content=\"article\" \/>\n<meta property=\"og:title\" content=\"I residenti di via Feltre: ma quali? - Bellunopress - Dolomiti\" \/>\n<meta property=\"og:description\" content=\"Belluno, 2 settembre 2026 Da ventennale residente di via Feltre, seguo da mesi con crescente rammarico la vicenda della riqualificazione della strada e, in particolare, il modo in cui viene raccontata da un quotidiano cartaceo locale. Leggendo diversi articoli, ho avuto sempre pi\u00f9 spesso l&#8217;impressione che, anzich\u00e9 contribuire a fare chiarezza, si aggiunga confusione a [&hellip;]\" \/>\n<meta property=\"og:url\" content=\"https:\/\/www.bellunopress.it\/fr\/2026\/09\/02\/i-residenti-di-via-feltre-ma-quali\/\" \/>\n<meta property=\"og:site_name\" content=\"Bellunopress - Dolomiti\" \/>\n<meta property=\"article:publisher\" content=\"https:\/\/www.facebook.com\/profile.php?id=100008943462799\" \/>\n<meta property=\"article:published_time\" content=\"2026-09-02T14:12:07+00:00\" \/>\n<meta property=\"og:image\" content=\"https:\/\/www.bellunopress.it\/wp-content\/uploads\/2020\/03\/lettere-al-direttore-bellunopress.jpg\" \/>\n\t<meta property=\"og:image:width\" content=\"677\" \/>\n\t<meta property=\"og:image:height\" content=\"454\" \/>\n\t<meta property=\"og:image:type\" content=\"image\/jpeg\" \/>\n<meta name=\"author\" content=\"redazione\" \/>\n<meta name=\"twitter:card\" content=\"summary_large_image\" \/>\n<meta name=\"twitter:creator\" content=\"@bellunopress\" \/>\n<meta name=\"twitter:site\" content=\"@bellunopress\" \/>\n<meta name=\"twitter:label1\" content=\"Written by\" \/>\n\t<meta name=\"twitter:data1\" content=\"redazione\" \/>\n\t<meta name=\"twitter:label2\" content=\"Est. reading time\" \/>\n\t<meta name=\"twitter:data2\" content=\"5 minutes\" \/>\n<script type=\"application\/ld+json\" class=\"yoast-schema-graph\">{\"@context\":\"https:\\\/\\\/schema.org\",\"@graph\":[{\"@type\":\"Article\",\"@id\":\"https:\\\/\\\/www.bellunopress.it\\\/2026\\\/09\\\/02\\\/i-residenti-di-via-feltre-ma-quali\\\/#article\",\"isPartOf\":{\"@id\":\"https:\\\/\\\/www.bellunopress.it\\\/2026\\\/09\\\/02\\\/i-residenti-di-via-feltre-ma-quali\\\/\"},\"author\":{\"name\":\"redazione\",\"@id\":\"https:\\\/\\\/www.bellunopress.it\\\/#\\\/schema\\\/person\\\/79bb06722b37ece1c03d3e94beb30d73\"},\"headline\":\"I residenti di via Feltre: ma quali?\",\"datePublished\":\"2026-09-02T14:12:07+00:00\",\"mainEntityOfPage\":{\"@id\":\"https:\\\/\\\/www.bellunopress.it\\\/2026\\\/09\\\/02\\\/i-residenti-di-via-feltre-ma-quali\\\/\"},\"wordCount\":755,\"publisher\":{\"@id\":\"https:\\\/\\\/www.bellunopress.it\\\/#organization\"},\"image\":{\"@id\":\"https:\\\/\\\/www.bellunopress.it\\\/2026\\\/09\\\/02\\\/i-residenti-di-via-feltre-ma-quali\\\/#primaryimage\"},\"thumbnailUrl\":\"https:\\\/\\\/www.bellunopress.it\\\/wp-content\\\/uploads\\\/2020\\\/03\\\/lettere-al-direttore-bellunopress.jpg\",\"articleSection\":[\"Lettere Opinioni\"],\"inLanguage\":\"fr-FR\"},{\"@type\":\"WebPage\",\"@id\":\"https:\\\/\\\/www.bellunopress.it\\\/2026\\\/09\\\/02\\\/i-residenti-di-via-feltre-ma-quali\\\/\",\"url\":\"https:\\\/\\\/www.bellunopress.it\\\/2026\\\/09\\\/02\\\/i-residenti-di-via-feltre-ma-quali\\\/\",\"name\":\"I residenti di via Feltre: ma quali? - Bellunopress - Dolomiti\",\"isPartOf\":{\"@id\":\"https:\\\/\\\/www.bellunopress.it\\\/#website\"},\"primaryImageOfPage\":{\"@id\":\"https:\\\/\\\/www.bellunopress.it\\\/2026\\\/09\\\/02\\\/i-residenti-di-via-feltre-ma-quali\\\/#primaryimage\"},\"image\":{\"@id\":\"https:\\\/\\\/www.bellunopress.it\\\/2026\\\/09\\\/02\\\/i-residenti-di-via-feltre-ma-quali\\\/#primaryimage\"},\"thumbnailUrl\":\"https:\\\/\\\/www.bellunopress.it\\\/wp-content\\\/uploads\\\/2020\\\/03\\\/lettere-al-direttore-bellunopress.jpg\",\"datePublished\":\"2026-09-02T14:12:07+00:00\",\"breadcrumb\":{\"@id\":\"https:\\\/\\\/www.bellunopress.it\\\/2026\\\/09\\\/02\\\/i-residenti-di-via-feltre-ma-quali\\\/#breadcrumb\"},\"inLanguage\":\"fr-FR\",\"potentialAction\":[{\"@type\":\"ReadAction\",\"target\":[\"https:\\\/\\\/www.bellunopress.it\\\/2026\\\/09\\\/02\\\/i-residenti-di-via-feltre-ma-quali\\\/\"]}]},{\"@type\":\"ImageObject\",\"inLanguage\":\"fr-FR\",\"@id\":\"https:\\\/\\\/www.bellunopress.it\\\/2026\\\/09\\\/02\\\/i-residenti-di-via-feltre-ma-quali\\\/#primaryimage\",\"url\":\"https:\\\/\\\/www.bellunopress.it\\\/wp-content\\\/uploads\\\/2020\\\/03\\\/lettere-al-direttore-bellunopress.jpg\",\"contentUrl\":\"https:\\\/\\\/www.bellunopress.it\\\/wp-content\\\/uploads\\\/2020\\\/03\\\/lettere-al-direttore-bellunopress.jpg\",\"width\":677,\"height\":454,\"caption\":\"lettera al direttore\"},{\"@type\":\"BreadcrumbList\",\"@id\":\"https:\\\/\\\/www.bellunopress.it\\\/2026\\\/09\\\/02\\\/i-residenti-di-via-feltre-ma-quali\\\/#breadcrumb\",\"itemListElement\":[{\"@type\":\"ListItem\",\"position\":1,\"name\":\"Home\",\"item\":\"https:\\\/\\\/www.bellunopress.it\\\/\"},{\"@type\":\"ListItem\",\"position\":2,\"name\":\"I residenti di via Feltre: ma quali?\"}]},{\"@type\":\"WebSite\",\"@id\":\"https:\\\/\\\/www.bellunopress.it\\\/#website\",\"url\":\"https:\\\/\\\/www.bellunopress.it\\\/\",\"name\":\"Bellunopress - Dolomiti\",\"description\":\"e-mail: redazione@bellunopress.it\",\"publisher\":{\"@id\":\"https:\\\/\\\/www.bellunopress.it\\\/#organization\"},\"potentialAction\":[{\"@type\":\"SearchAction\",\"target\":{\"@type\":\"EntryPoint\",\"urlTemplate\":\"https:\\\/\\\/www.bellunopress.it\\\/?s={search_term_string}\"},\"query-input\":{\"@type\":\"PropertyValueSpecification\",\"valueRequired\":true,\"valueName\":\"search_term_string\"}}],\"inLanguage\":\"fr-FR\"},{\"@type\":\"Organization\",\"@id\":\"https:\\\/\\\/www.bellunopress.it\\\/#organization\",\"name\":\"Bellunopress\",\"url\":\"https:\\\/\\\/www.bellunopress.it\\\/\",\"logo\":{\"@type\":\"ImageObject\",\"inLanguage\":\"fr-FR\",\"@id\":\"https:\\\/\\\/www.bellunopress.it\\\/#\\\/schema\\\/logo\\\/image\\\/\",\"url\":\"https:\\\/\\\/www.bellunopress.it\\\/wp-content\\\/uploads\\\/2011\\\/05\\\/cropped-logo-bellunopress-.jpg\",\"contentUrl\":\"https:\\\/\\\/www.bellunopress.it\\\/wp-content\\\/uploads\\\/2011\\\/05\\\/cropped-logo-bellunopress-.jpg\",\"width\":512,\"height\":512,\"caption\":\"Bellunopress\"},\"image\":{\"@id\":\"https:\\\/\\\/www.bellunopress.it\\\/#\\\/schema\\\/logo\\\/image\\\/\"},\"sameAs\":[\"https:\\\/\\\/www.facebook.com\\\/profile.php?id=100008943462799\",\"https:\\\/\\\/x.com\\\/bellunopress\",\"https:\\\/\\\/www.linkedin.com\\\/hp\\\/?dnr=JBzUWaJfMUw8vbXJJ2tVW5-I3jZKvC4wsoxE&amp;amp;amp;amp;amp;amp;trk=nav_responsive_tab_home\",\"https:\\\/\\\/www.youtube.com\\\/channel\\\/UCxL0wu1uN0_3_7hGG0306cw\"]},{\"@type\":\"Person\",\"@id\":\"https:\\\/\\\/www.bellunopress.it\\\/#\\\/schema\\\/person\\\/79bb06722b37ece1c03d3e94beb30d73\",\"name\":\"redazione\",\"image\":{\"@type\":\"ImageObject\",\"inLanguage\":\"fr-FR\",\"@id\":\"https:\\\/\\\/secure.gravatar.com\\\/avatar\\\/37d968a2e67a6fd04c169c4bdef102d0bc5d31b2546345219e348575eb80e9a0?s=96&d=mm&r=g\",\"url\":\"https:\\\/\\\/secure.gravatar.com\\\/avatar\\\/37d968a2e67a6fd04c169c4bdef102d0bc5d31b2546345219e348575eb80e9a0?s=96&d=mm&r=g\",\"contentUrl\":\"https:\\\/\\\/secure.gravatar.com\\\/avatar\\\/37d968a2e67a6fd04c169c4bdef102d0bc5d31b2546345219e348575eb80e9a0?s=96&d=mm&r=g\",\"caption\":\"redazione\"},\"sameAs\":[\"http:\\\/\\\/www.bellunopress.it\",\"https:\\\/\\\/x.com\\\/bellunopress\"],\"url\":\"https:\\\/\\\/www.bellunopress.it\\\/fr\\\/author\\\/redazione\\\/\"}]}<\/script>\n<!-- \/ Yoast SEO plugin. -->","yoast_head_json":{"title":"I residenti di via Feltre: ma quali? - Bellunopress - Dolomiti","robots":{"index":"index","follow":"follow","max-snippet":"max-snippet:-1","max-image-preview":"max-image-preview:large","max-video-preview":"max-video-preview:-1"},"canonical":"https:\/\/www.bellunopress.it\/fr\/2026\/09\/02\/i-residenti-di-via-feltre-ma-quali\/","og_locale":"fr_FR","og_type":"article","og_title":"I residenti di via Feltre: ma quali? - Bellunopress - Dolomiti","og_description":"Belluno, 2 settembre 2026 Da ventennale residente di via Feltre, seguo da mesi con crescente rammarico la vicenda della riqualificazione della strada e, in particolare, il modo in cui viene raccontata da un quotidiano cartaceo locale. Leggendo diversi articoli, ho avuto sempre pi\u00f9 spesso l&#8217;impressione che, anzich\u00e9 contribuire a fare chiarezza, si aggiunga confusione a [&hellip;]","og_url":"https:\/\/www.bellunopress.it\/fr\/2026\/09\/02\/i-residenti-di-via-feltre-ma-quali\/","og_site_name":"Bellunopress - Dolomiti","article_publisher":"https:\/\/www.facebook.com\/profile.php?id=100008943462799","article_published_time":"2026-09-02T14:12:07+00:00","og_image":[{"width":677,"height":454,"url":"https:\/\/www.bellunopress.it\/wp-content\/uploads\/2020\/03\/lettere-al-direttore-bellunopress.jpg","type":"image\/jpeg"}],"author":"redazione","twitter_card":"summary_large_image","twitter_creator":"@bellunopress","twitter_site":"@bellunopress","twitter_misc":{"Written by":"redazione","Est. reading time":"5 minutes"},"schema":{"@context":"https:\/\/schema.org","@graph":[{"@type":"Article","@id":"https:\/\/www.bellunopress.it\/2026\/09\/02\/i-residenti-di-via-feltre-ma-quali\/#article","isPartOf":{"@id":"https:\/\/www.bellunopress.it\/2026\/09\/02\/i-residenti-di-via-feltre-ma-quali\/"},"author":{"name":"redazione","@id":"https:\/\/www.bellunopress.it\/#\/schema\/person\/79bb06722b37ece1c03d3e94beb30d73"},"headline":"I residenti di via Feltre: ma quali?","datePublished":"2026-09-02T14:12:07+00:00","mainEntityOfPage":{"@id":"https:\/\/www.bellunopress.it\/2026\/09\/02\/i-residenti-di-via-feltre-ma-quali\/"},"wordCount":755,"publisher":{"@id":"https:\/\/www.bellunopress.it\/#organization"},"image":{"@id":"https:\/\/www.bellunopress.it\/2026\/09\/02\/i-residenti-di-via-feltre-ma-quali\/#primaryimage"},"thumbnailUrl":"https:\/\/www.bellunopress.it\/wp-content\/uploads\/2020\/03\/lettere-al-direttore-bellunopress.jpg","articleSection":["Lettere Opinioni"],"inLanguage":"fr-FR"},{"@type":"WebPage","@id":"https:\/\/www.bellunopress.it\/2026\/09\/02\/i-residenti-di-via-feltre-ma-quali\/","url":"https:\/\/www.bellunopress.it\/2026\/09\/02\/i-residenti-di-via-feltre-ma-quali\/","name":"I residenti di via Feltre: ma quali? - Bellunopress - Dolomiti","isPartOf":{"@id":"https:\/\/www.bellunopress.it\/#website"},"primaryImageOfPage":{"@id":"https:\/\/www.bellunopress.it\/2026\/09\/02\/i-residenti-di-via-feltre-ma-quali\/#primaryimage"},"image":{"@id":"https:\/\/www.bellunopress.it\/2026\/09\/02\/i-residenti-di-via-feltre-ma-quali\/#primaryimage"},"thumbnailUrl":"https:\/\/www.bellunopress.it\/wp-content\/uploads\/2020\/03\/lettere-al-direttore-bellunopress.jpg","datePublished":"2026-09-02T14:12:07+00:00","breadcrumb":{"@id":"https:\/\/www.bellunopress.it\/2026\/09\/02\/i-residenti-di-via-feltre-ma-quali\/#breadcrumb"},"inLanguage":"fr-FR","potentialAction":[{"@type":"ReadAction","target":["https:\/\/www.bellunopress.it\/2026\/09\/02\/i-residenti-di-via-feltre-ma-quali\/"]}]},{"@type":"ImageObject","inLanguage":"fr-FR","@id":"https:\/\/www.bellunopress.it\/2026\/09\/02\/i-residenti-di-via-feltre-ma-quali\/#primaryimage","url":"https:\/\/www.bellunopress.it\/wp-content\/uploads\/2020\/03\/lettere-al-direttore-bellunopress.jpg","contentUrl":"https:\/\/www.bellunopress.it\/wp-content\/uploads\/2020\/03\/lettere-al-direttore-bellunopress.jpg","width":677,"height":454,"caption":"lettera al direttore"},{"@type":"BreadcrumbList","@id":"https:\/\/www.bellunopress.it\/2026\/09\/02\/i-residenti-di-via-feltre-ma-quali\/#breadcrumb","itemListElement":[{"@type":"ListItem","position":1,"name":"Home","item":"https:\/\/www.bellunopress.it\/"},{"@type":"ListItem","position":2,"name":"I residenti di via Feltre: ma quali?"}]},{"@type":"WebSite","@id":"https:\/\/www.bellunopress.it\/#website","url":"https:\/\/www.bellunopress.it\/","name":"Bellunopress - Dolomiti","description":"e-mail: redazione@bellunopress.it","publisher":{"@id":"https:\/\/www.bellunopress.it\/#organization"},"potentialAction":[{"@type":"SearchAction","target":{"@type":"EntryPoint","urlTemplate":"https:\/\/www.bellunopress.it\/?s={search_term_string}"},"query-input":{"@type":"PropertyValueSpecification","valueRequired":true,"valueName":"search_term_string"}}],"inLanguage":"fr-FR"},{"@type":"Organization","@id":"https:\/\/www.bellunopress.it\/#organization","name":"Bellunopress","url":"https:\/\/www.bellunopress.it\/","logo":{"@type":"ImageObject","inLanguage":"fr-FR","@id":"https:\/\/www.bellunopress.it\/#\/schema\/logo\/image\/","url":"https:\/\/www.bellunopress.it\/wp-content\/uploads\/2011\/05\/cropped-logo-bellunopress-.jpg","contentUrl":"https:\/\/www.bellunopress.it\/wp-content\/uploads\/2011\/05\/cropped-logo-bellunopress-.jpg","width":512,"height":512,"caption":"Bellunopress"},"image":{"@id":"https:\/\/www.bellunopress.it\/#\/schema\/logo\/image\/"},"sameAs":["https:\/\/www.facebook.com\/profile.php?id=100008943462799","https:\/\/x.com\/bellunopress","https:\/\/www.linkedin.com\/hp\/?dnr=JBzUWaJfMUw8vbXJJ2tVW5-I3jZKvC4wsoxE&amp;amp;amp;amp;amp;amp;trk=nav_responsive_tab_home","https:\/\/www.youtube.com\/channel\/UCxL0wu1uN0_3_7hGG0306cw"]},{"@type":"Person","@id":"https:\/\/www.bellunopress.it\/#\/schema\/person\/79bb06722b37ece1c03d3e94beb30d73","name":"r\u00e9daction","image":{"@type":"ImageObject","inLanguage":"fr-FR","@id":"https:\/\/secure.gravatar.com\/avatar\/37d968a2e67a6fd04c169c4bdef102d0bc5d31b2546345219e348575eb80e9a0?s=96&d=mm&r=g","url":"https:\/\/secure.gravatar.com\/avatar\/37d968a2e67a6fd04c169c4bdef102d0bc5d31b2546345219e348575eb80e9a0?s=96&d=mm&r=g","contentUrl":"https:\/\/secure.gravatar.com\/avatar\/37d968a2e67a6fd04c169c4bdef102d0bc5d31b2546345219e348575eb80e9a0?s=96&d=mm&r=g","caption":"redazione"},"sameAs":["http:\/\/www.bellunopress.it","https:\/\/x.com\/bellunopress"],"url":"https:\/\/www.bellunopress.it\/fr\/author\/redazione\/"}]}},"_links":{"self":[{"href":"https:\/\/www.bellunopress.it\/fr\/wp-json\/wp\/v2\/posts\/173081","targetHints":{"allow":["GET"]}}],"collection":[{"href":"https:\/\/www.bellunopress.it\/fr\/wp-json\/wp\/v2\/posts"}],"about":[{"href":"https:\/\/www.bellunopress.it\/fr\/wp-json\/wp\/v2\/types\/post"}],"author":[{"embeddable":true,"href":"https:\/\/www.bellunopress.it\/fr\/wp-json\/wp\/v2\/users\/2"}],"replies":[{"embeddable":true,"href":"https:\/\/www.bellunopress.it\/fr\/wp-json\/wp\/v2\/comments?post=173081"}],"version-history":[{"count":1,"href":"https:\/\/www.bellunopress.it\/fr\/wp-json\/wp\/v2\/posts\/173081\/revisions"}],"predecessor-version":[{"id":173082,"href":"https:\/\/www.bellunopress.it\/fr\/wp-json\/wp\/v2\/posts\/173081\/revisions\/173082"}],"wp:featuredmedia":[{"embeddable":true,"href":"https:\/\/www.bellunopress.it\/fr\/wp-json\/wp\/v2\/media\/112601"}],"wp:attachment":[{"href":"https:\/\/www.bellunopress.it\/fr\/wp-json\/wp\/v2\/media?parent=173081"}],"wp:term":[{"taxonomy":"category","embeddable":true,"href":"https:\/\/www.bellunopress.it\/fr\/wp-json\/wp\/v2\/categories?post=173081"},{"taxonomy":"post_tag","embeddable":true,"href":"https:\/\/www.bellunopress.it\/fr\/wp-json\/wp\/v2\/tags?post=173081"}],"curies":[{"name":"wp","href":"https:\/\/api.w.org\/{rel}","templated":true}]}}