{"id":173069,"date":"2026-09-02T11:01:51","date_gmt":"2026-09-02T09:01:51","guid":{"rendered":"https:\/\/www.bellunopress.it\/?p=173069"},"modified":"2026-09-02T11:01:51","modified_gmt":"2026-09-02T09:01:51","slug":"dinner-with-dante-premio-kineo-al-cortometraggio-sulle-ferite-invisibili-della-guerra-alla-83ma-mostra-cinematografica-di-venezia","status":"publish","type":"post","link":"https:\/\/www.bellunopress.it\/fr\/2026\/09\/02\/dinner-with-dante-premio-kineo-al-cortometraggio-sulle-ferite-invisibili-della-guerra-alla-83ma-mostra-cinematografica-di-venezia\/","title":{"rendered":"Dinner with Dante. Premio Kin\u00e9o al cortometraggio sulle ferite invisibili della guerra alla 83ma Mostra cinematografica di Venezia"},"content":{"rendered":"<p><strong>Il film diretto da Cecilia Miniucchi e scritto da Katherine Schimmel racconta il trauma della guerra attraverso una storia di dolore, memoria e speranza ambientata nel cuore di Firenze<\/strong><\/p>\n<p>Dinner with Dante, il cortometraggio diretto da Cecilia Miniucchi e scritto da Katherine Schimmel, ricever\u00e0 il Premio Kin\u00e9o &#8220;Diamanti al Cinema&#8221; come Miglior Cortometraggio, durante lo storico evento della 83\u00aa Mostra Internazionale d&#8217;Arte Cinematografica di Venezia. Un importante traguardo per una produzione indipendente interamente realizzata a Firenze che affronta uno dei temi pi\u00f9 universali e attuali: le conseguenze invisibili della guerra e il trauma che continua a vivere ben oltre la fine dei conflitti.<\/p>\n<p>Ambientato nella suggestiva cornice di Piazza Santa Croce, il film racconta la storia di una giovane donna che assiste alla morte del proprio promesso sposo, ucciso dall&#8217;esplosione di una mina subito dopo la fine della Seconda guerra mondiale. Da quel momento la sua esistenza rimane sospesa: ogni sabato torna nello stesso ristorante affacciato sulla piazza, dove immagina di condividere ancora una cena con l&#8217;uomo che ha perduto. In un dialogo silenzioso con la statua di Dante Alighieri, mentre il tempo continua a scorrere e le epoche cambiano, il trauma rimane immobile, trasformando il dolore personale in una riflessione universale sul trauma della guerra e sulla pace.<\/p>\n<p>\u00abOdio ogni forma di violenza e quindi ogni guerra. La sua inutilit\u00e0 e i danni che provoca\u00bb, afferma la regista Cecilia Miniucchi. \u00abCon Dinner with Dante ho voluto raccontare la storia di una giovane donna innocente che vede esplodere davanti ai propri occhi il suo promesso sposo e rimane imprigionata, in quel trauma, fissa nel tempo come la statua di Dante alla quale, nella sua mente, continua a rivolgersi mentre la vita passa inesorabile. \u00c8 un film nato dal desiderio di trasmettere un messaggio di pace e di ricordare le vittime innocenti di ogni conflitto.\u00bb<\/p>\n<p>Pur nella sua breve durata, Dinner with Dante attraversa decenni di storia, dal primo dopoguerra ai giorni nostri, mantenendo l&#8217;unit\u00e0 di luogo: Piazza Santa Croce diventa cos\u00ec uno spazio sospeso nel tempo, dove il susseguirsi delle epoche \u00e8 raccontato attraverso costumi, dettagli e atmosfere sempre diverse.<\/p>\n<p>Girato interamente in bianco e nero, il cortometraggio fa di questa scelta estetica uno strumento narrativo, capace di sottolineare il carattere senza tempo della vicenda. La regia concentra inoltre l&#8217;attenzione su un&#8217;unica interprete, affidando alla forza dello sguardo e del silenzio il compito di raccontare emozioni che vanno oltre le parole.<\/p>\n<p>Protagonista del film \u00e8 Gaia Bottazzi, attrice italiana residente a Londra, formatasi presso la Cineteca di Bologna e gi\u00e0 interprete di numerose produzioni indipendenti italiane, tra cui La Stanza Indaco, Il Giovane Pertini, Benelli su Benelli e Nobili Bugie. La sua intensa capacit\u00e0 espressiva \u00e8 stata determinante per un&#8217;opera in cui il movimento \u00e8 ridotto al minimo e il coinvolgimento dello spettatore nasce soprattutto dalla forza dell&#8217;interpretazione. Accanto a lei, il cast \u00e8 composto quasi interamente da volontari del territorio fiorentino, una scelta voluta dalla produzione per preservare l&#8217;autenticit\u00e0 e la voce della comunit\u00e0 locale.<\/p>\n<p>Anche la colonna sonora assume un forte valore simbolico: un ronzio vocale di donna accompagna l&#8217;intera durata del film e rappresenta la voce interiore della protagonista, ma anche quella di tutte le persone che la guerra e il trauma hanno ridotto al silenzio, sia fisicamente sia interiormente.<\/p>\n<p>Cecilia Miniucchi, scrittrice e regista, nasce in Italia ma si forma negli Stati Uniti. Ha lavorato accanto a Lina Wertm\u00fcller e presso gli Zoetrope Studios di Francis Ford Coppola. Con Expired \u00e8 stata candidata alla Camera d&#8217;Or a Cannes e ha continuato a firmare film di successo come Life Upside Down (con Bob Odenkirk, Radha Mitchell e Danny Huston), presentato a Venezia e distribuito a livello internazionale.<\/p>\n<p>Il suo recente No Place like Rome ha vinto due Premi Kineo, mentre I Love Amsterdam&#8230; and You \u00e8 gi\u00e0 pronto per i festival. Ha creato la serie Off the Walls, con Keanu Reeves e un cast internazionale.<\/p>\n<p>Oltre al cinema, ha diretto documentari e videoclip musicali premiati, collaborando con artisti come Gloria Estefan, Ricky Martin, Rob Zombie, Devo, Andy Summers e Pl\u00e1cido Domingo. Scrittrice e fotografa, ha pubblicato libri e realizzato mostre a livello internazionale.<\/p>\n<p>La sceneggiatura di Dinner with Dante porta la firma di Katherine Schimmel, ricercatrice indipendente, scrittrice e musicista al suo esordio come sceneggiatrice cinematografica. Da anni impegnata nella tutela dei diritti umani, degli animali e dell&#8217;ambiente, Schimmel ha concepito Dinner with Dante come un&#8217;opera capace di richiamare l&#8217;attenzione sulle vittime innocenti dei conflitti e sugli effetti profondi che il trauma lascia nel tempo. Nel corso della sua carriera ha collaborato anche con il celebre studio di registrazione itinerante Le Mobile, prendendo parte a produzioni internazionali che hanno coinvolto artisti come Eric Clapton, Andrea Bocelli e i Rolling Stones.<\/p>\n<p>Completano la squadra creativa il direttore della fotografia Cyrion Willems e un gruppo di professionisti e volontari che hanno contribuito alla realizzazione di un progetto nato dalla volont\u00e0 di utilizzare il linguaggio cinematografico come strumento di riflessione sulla memoria, sul dolore e sul valore universale della pace.<\/p>","protected":false},"excerpt":{"rendered":"<p>Il film diretto da Cecilia Miniucchi e scritto da Katherine Schimmel racconta il trauma della guerra attraverso una storia di dolore, memoria e speranza ambientata nel cuore di Firenze Dinner with Dante, il cortometraggio diretto da Cecilia Miniucchi e scritto da Katherine Schimmel, ricever\u00e0 il Premio Kin\u00e9o &#8220;Diamanti al Cinema&#8221; come Miglior Cortometraggio, durante lo [&hellip;]<\/p>\n","protected":false},"author":2,"featured_media":173070,"comment_status":"closed","ping_status":"open","sticky":false,"template":"","format":"standard","meta":{"footnotes":""},"categories":[3,25],"tags":[],"class_list":["post-173069","post","type-post","status-publish","format-standard","has-post-thumbnail","category-arte-cultura-spettacoli-scienza-archivi","category-pausa-caffe"],"yoast_head":"<!-- This site is optimized with the Yoast SEO plugin v28.4 - https:\/\/yoast.com\/product\/yoast-seo-wordpress\/ -->\n<title>Dinner with Dante. Premio Kin\u00e9o al cortometraggio sulle ferite invisibili della guerra alla 83ma Mostra cinematografica di Venezia - Bellunopress - Dolomiti<\/title>\n<meta name=\"robots\" content=\"index, follow, max-snippet:-1, max-image-preview:large, max-video-preview:-1\" \/>\n<link rel=\"canonical\" href=\"https:\/\/www.bellunopress.it\/fr\/2026\/09\/02\/dinner-with-dante-premio-kineo-al-cortometraggio-sulle-ferite-invisibili-della-guerra-alla-83ma-mostra-cinematografica-di-venezia\/\" \/>\n<meta property=\"og:locale\" content=\"fr_FR\" \/>\n<meta property=\"og:type\" content=\"article\" \/>\n<meta property=\"og:title\" content=\"Dinner with Dante. Premio Kin\u00e9o al cortometraggio sulle ferite invisibili della guerra alla 83ma Mostra cinematografica di Venezia - Bellunopress - Dolomiti\" \/>\n<meta property=\"og:description\" content=\"Il film diretto da Cecilia Miniucchi e scritto da Katherine Schimmel racconta il trauma della guerra attraverso una storia di dolore, memoria e speranza ambientata nel cuore di Firenze Dinner with Dante, il cortometraggio diretto da Cecilia Miniucchi e scritto da Katherine Schimmel, ricever\u00e0 il Premio Kin\u00e9o &#8220;Diamanti al Cinema&#8221; come Miglior Cortometraggio, durante lo [&hellip;]\" \/>\n<meta property=\"og:url\" content=\"https:\/\/www.bellunopress.it\/fr\/2026\/09\/02\/dinner-with-dante-premio-kineo-al-cortometraggio-sulle-ferite-invisibili-della-guerra-alla-83ma-mostra-cinematografica-di-venezia\/\" \/>\n<meta property=\"og:site_name\" content=\"Bellunopress - Dolomiti\" \/>\n<meta property=\"article:publisher\" content=\"https:\/\/www.facebook.com\/profile.php?id=100008943462799\" \/>\n<meta property=\"article:published_time\" content=\"2026-09-02T09:01:51+00:00\" \/>\n<meta property=\"og:image\" content=\"https:\/\/www.bellunopress.it\/wp-content\/uploads\/2026\/09\/Dinner-with-Dante.jpg\" \/>\n\t<meta property=\"og:image:width\" content=\"600\" \/>\n\t<meta property=\"og:image:height\" content=\"337\" \/>\n\t<meta property=\"og:image:type\" content=\"image\/jpeg\" \/>\n<meta name=\"author\" content=\"redazione\" \/>\n<meta name=\"twitter:card\" content=\"summary_large_image\" \/>\n<meta name=\"twitter:creator\" content=\"@bellunopress\" \/>\n<meta name=\"twitter:site\" content=\"@bellunopress\" \/>\n<meta name=\"twitter:label1\" content=\"Written by\" \/>\n\t<meta name=\"twitter:data1\" content=\"redazione\" \/>\n\t<meta name=\"twitter:label2\" content=\"Est. reading time\" \/>\n\t<meta name=\"twitter:data2\" content=\"5 minutes\" \/>\n<script type=\"application\/ld+json\" class=\"yoast-schema-graph\">{\"@context\":\"https:\\\/\\\/schema.org\",\"@graph\":[{\"@type\":\"Article\",\"@id\":\"https:\\\/\\\/www.bellunopress.it\\\/2026\\\/09\\\/02\\\/dinner-with-dante-premio-kineo-al-cortometraggio-sulle-ferite-invisibili-della-guerra-alla-83ma-mostra-cinematografica-di-venezia\\\/#article\",\"isPartOf\":{\"@id\":\"https:\\\/\\\/www.bellunopress.it\\\/2026\\\/09\\\/02\\\/dinner-with-dante-premio-kineo-al-cortometraggio-sulle-ferite-invisibili-della-guerra-alla-83ma-mostra-cinematografica-di-venezia\\\/\"},\"author\":{\"name\":\"redazione\",\"@id\":\"https:\\\/\\\/www.bellunopress.it\\\/#\\\/schema\\\/person\\\/79bb06722b37ece1c03d3e94beb30d73\"},\"headline\":\"Dinner with Dante. Premio Kin\u00e9o al cortometraggio sulle ferite invisibili della guerra alla 83ma Mostra cinematografica di Venezia\",\"datePublished\":\"2026-09-02T09:01:51+00:00\",\"mainEntityOfPage\":{\"@id\":\"https:\\\/\\\/www.bellunopress.it\\\/2026\\\/09\\\/02\\\/dinner-with-dante-premio-kineo-al-cortometraggio-sulle-ferite-invisibili-della-guerra-alla-83ma-mostra-cinematografica-di-venezia\\\/\"},\"wordCount\":857,\"publisher\":{\"@id\":\"https:\\\/\\\/www.bellunopress.it\\\/#organization\"},\"image\":{\"@id\":\"https:\\\/\\\/www.bellunopress.it\\\/2026\\\/09\\\/02\\\/dinner-with-dante-premio-kineo-al-cortometraggio-sulle-ferite-invisibili-della-guerra-alla-83ma-mostra-cinematografica-di-venezia\\\/#primaryimage\"},\"thumbnailUrl\":\"https:\\\/\\\/www.bellunopress.it\\\/wp-content\\\/uploads\\\/2026\\\/09\\\/Dinner-with-Dante.jpg\",\"articleSection\":[\"Arte, Cultura, Spettacoli, Scienza\",\"Pausa Caff\u00e8\"],\"inLanguage\":\"fr-FR\"},{\"@type\":\"WebPage\",\"@id\":\"https:\\\/\\\/www.bellunopress.it\\\/2026\\\/09\\\/02\\\/dinner-with-dante-premio-kineo-al-cortometraggio-sulle-ferite-invisibili-della-guerra-alla-83ma-mostra-cinematografica-di-venezia\\\/\",\"url\":\"https:\\\/\\\/www.bellunopress.it\\\/2026\\\/09\\\/02\\\/dinner-with-dante-premio-kineo-al-cortometraggio-sulle-ferite-invisibili-della-guerra-alla-83ma-mostra-cinematografica-di-venezia\\\/\",\"name\":\"Dinner with Dante. Premio Kin\u00e9o al cortometraggio sulle ferite invisibili della guerra alla 83ma Mostra cinematografica di Venezia - Bellunopress - Dolomiti\",\"isPartOf\":{\"@id\":\"https:\\\/\\\/www.bellunopress.it\\\/#website\"},\"primaryImageOfPage\":{\"@id\":\"https:\\\/\\\/www.bellunopress.it\\\/2026\\\/09\\\/02\\\/dinner-with-dante-premio-kineo-al-cortometraggio-sulle-ferite-invisibili-della-guerra-alla-83ma-mostra-cinematografica-di-venezia\\\/#primaryimage\"},\"image\":{\"@id\":\"https:\\\/\\\/www.bellunopress.it\\\/2026\\\/09\\\/02\\\/dinner-with-dante-premio-kineo-al-cortometraggio-sulle-ferite-invisibili-della-guerra-alla-83ma-mostra-cinematografica-di-venezia\\\/#primaryimage\"},\"thumbnailUrl\":\"https:\\\/\\\/www.bellunopress.it\\\/wp-content\\\/uploads\\\/2026\\\/09\\\/Dinner-with-Dante.jpg\",\"datePublished\":\"2026-09-02T09:01:51+00:00\",\"breadcrumb\":{\"@id\":\"https:\\\/\\\/www.bellunopress.it\\\/2026\\\/09\\\/02\\\/dinner-with-dante-premio-kineo-al-cortometraggio-sulle-ferite-invisibili-della-guerra-alla-83ma-mostra-cinematografica-di-venezia\\\/#breadcrumb\"},\"inLanguage\":\"fr-FR\",\"potentialAction\":[{\"@type\":\"ReadAction\",\"target\":[\"https:\\\/\\\/www.bellunopress.it\\\/2026\\\/09\\\/02\\\/dinner-with-dante-premio-kineo-al-cortometraggio-sulle-ferite-invisibili-della-guerra-alla-83ma-mostra-cinematografica-di-venezia\\\/\"]}]},{\"@type\":\"ImageObject\",\"inLanguage\":\"fr-FR\",\"@id\":\"https:\\\/\\\/www.bellunopress.it\\\/2026\\\/09\\\/02\\\/dinner-with-dante-premio-kineo-al-cortometraggio-sulle-ferite-invisibili-della-guerra-alla-83ma-mostra-cinematografica-di-venezia\\\/#primaryimage\",\"url\":\"https:\\\/\\\/www.bellunopress.it\\\/wp-content\\\/uploads\\\/2026\\\/09\\\/Dinner-with-Dante.jpg\",\"contentUrl\":\"https:\\\/\\\/www.bellunopress.it\\\/wp-content\\\/uploads\\\/2026\\\/09\\\/Dinner-with-Dante.jpg\",\"width\":600,\"height\":337},{\"@type\":\"BreadcrumbList\",\"@id\":\"https:\\\/\\\/www.bellunopress.it\\\/2026\\\/09\\\/02\\\/dinner-with-dante-premio-kineo-al-cortometraggio-sulle-ferite-invisibili-della-guerra-alla-83ma-mostra-cinematografica-di-venezia\\\/#breadcrumb\",\"itemListElement\":[{\"@type\":\"ListItem\",\"position\":1,\"name\":\"Home\",\"item\":\"https:\\\/\\\/www.bellunopress.it\\\/\"},{\"@type\":\"ListItem\",\"position\":2,\"name\":\"Dinner with Dante. Premio Kin\u00e9o al cortometraggio sulle ferite invisibili della guerra alla 83ma Mostra cinematografica di Venezia\"}]},{\"@type\":\"WebSite\",\"@id\":\"https:\\\/\\\/www.bellunopress.it\\\/#website\",\"url\":\"https:\\\/\\\/www.bellunopress.it\\\/\",\"name\":\"Bellunopress - Dolomiti\",\"description\":\"e-mail: redazione@bellunopress.it\",\"publisher\":{\"@id\":\"https:\\\/\\\/www.bellunopress.it\\\/#organization\"},\"potentialAction\":[{\"@type\":\"SearchAction\",\"target\":{\"@type\":\"EntryPoint\",\"urlTemplate\":\"https:\\\/\\\/www.bellunopress.it\\\/?s={search_term_string}\"},\"query-input\":{\"@type\":\"PropertyValueSpecification\",\"valueRequired\":true,\"valueName\":\"search_term_string\"}}],\"inLanguage\":\"fr-FR\"},{\"@type\":\"Organization\",\"@id\":\"https:\\\/\\\/www.bellunopress.it\\\/#organization\",\"name\":\"Bellunopress\",\"url\":\"https:\\\/\\\/www.bellunopress.it\\\/\",\"logo\":{\"@type\":\"ImageObject\",\"inLanguage\":\"fr-FR\",\"@id\":\"https:\\\/\\\/www.bellunopress.it\\\/#\\\/schema\\\/logo\\\/image\\\/\",\"url\":\"https:\\\/\\\/www.bellunopress.it\\\/wp-content\\\/uploads\\\/2011\\\/05\\\/cropped-logo-bellunopress-.jpg\",\"contentUrl\":\"https:\\\/\\\/www.bellunopress.it\\\/wp-content\\\/uploads\\\/2011\\\/05\\\/cropped-logo-bellunopress-.jpg\",\"width\":512,\"height\":512,\"caption\":\"Bellunopress\"},\"image\":{\"@id\":\"https:\\\/\\\/www.bellunopress.it\\\/#\\\/schema\\\/logo\\\/image\\\/\"},\"sameAs\":[\"https:\\\/\\\/www.facebook.com\\\/profile.php?id=100008943462799\",\"https:\\\/\\\/x.com\\\/bellunopress\",\"https:\\\/\\\/www.linkedin.com\\\/hp\\\/?dnr=JBzUWaJfMUw8vbXJJ2tVW5-I3jZKvC4wsoxE&amp;amp;amp;amp;amp;amp;trk=nav_responsive_tab_home\",\"https:\\\/\\\/www.youtube.com\\\/channel\\\/UCxL0wu1uN0_3_7hGG0306cw\"]},{\"@type\":\"Person\",\"@id\":\"https:\\\/\\\/www.bellunopress.it\\\/#\\\/schema\\\/person\\\/79bb06722b37ece1c03d3e94beb30d73\",\"name\":\"redazione\",\"image\":{\"@type\":\"ImageObject\",\"inLanguage\":\"fr-FR\",\"@id\":\"https:\\\/\\\/secure.gravatar.com\\\/avatar\\\/37d968a2e67a6fd04c169c4bdef102d0bc5d31b2546345219e348575eb80e9a0?s=96&d=mm&r=g\",\"url\":\"https:\\\/\\\/secure.gravatar.com\\\/avatar\\\/37d968a2e67a6fd04c169c4bdef102d0bc5d31b2546345219e348575eb80e9a0?s=96&d=mm&r=g\",\"contentUrl\":\"https:\\\/\\\/secure.gravatar.com\\\/avatar\\\/37d968a2e67a6fd04c169c4bdef102d0bc5d31b2546345219e348575eb80e9a0?s=96&d=mm&r=g\",\"caption\":\"redazione\"},\"sameAs\":[\"http:\\\/\\\/www.bellunopress.it\",\"https:\\\/\\\/x.com\\\/bellunopress\"],\"url\":\"https:\\\/\\\/www.bellunopress.it\\\/fr\\\/author\\\/redazione\\\/\"}]}<\/script>\n<!-- \/ Yoast SEO plugin. -->","yoast_head_json":{"title":"Dinner with Dante. Premio Kin\u00e9o al cortometraggio sulle ferite invisibili della guerra alla 83ma Mostra cinematografica di Venezia - Bellunopress - Dolomiti","robots":{"index":"index","follow":"follow","max-snippet":"max-snippet:-1","max-image-preview":"max-image-preview:large","max-video-preview":"max-video-preview:-1"},"canonical":"https:\/\/www.bellunopress.it\/fr\/2026\/09\/02\/dinner-with-dante-premio-kineo-al-cortometraggio-sulle-ferite-invisibili-della-guerra-alla-83ma-mostra-cinematografica-di-venezia\/","og_locale":"fr_FR","og_type":"article","og_title":"Dinner with Dante. Premio Kin\u00e9o al cortometraggio sulle ferite invisibili della guerra alla 83ma Mostra cinematografica di Venezia - Bellunopress - Dolomiti","og_description":"Il film diretto da Cecilia Miniucchi e scritto da Katherine Schimmel racconta il trauma della guerra attraverso una storia di dolore, memoria e speranza ambientata nel cuore di Firenze Dinner with Dante, il cortometraggio diretto da Cecilia Miniucchi e scritto da Katherine Schimmel, ricever\u00e0 il Premio Kin\u00e9o &#8220;Diamanti al Cinema&#8221; come Miglior Cortometraggio, durante lo [&hellip;]","og_url":"https:\/\/www.bellunopress.it\/fr\/2026\/09\/02\/dinner-with-dante-premio-kineo-al-cortometraggio-sulle-ferite-invisibili-della-guerra-alla-83ma-mostra-cinematografica-di-venezia\/","og_site_name":"Bellunopress - Dolomiti","article_publisher":"https:\/\/www.facebook.com\/profile.php?id=100008943462799","article_published_time":"2026-09-02T09:01:51+00:00","og_image":[{"width":600,"height":337,"url":"https:\/\/www.bellunopress.it\/wp-content\/uploads\/2026\/09\/Dinner-with-Dante.jpg","type":"image\/jpeg"}],"author":"redazione","twitter_card":"summary_large_image","twitter_creator":"@bellunopress","twitter_site":"@bellunopress","twitter_misc":{"Written by":"redazione","Est. reading time":"5 minutes"},"schema":{"@context":"https:\/\/schema.org","@graph":[{"@type":"Article","@id":"https:\/\/www.bellunopress.it\/2026\/09\/02\/dinner-with-dante-premio-kineo-al-cortometraggio-sulle-ferite-invisibili-della-guerra-alla-83ma-mostra-cinematografica-di-venezia\/#article","isPartOf":{"@id":"https:\/\/www.bellunopress.it\/2026\/09\/02\/dinner-with-dante-premio-kineo-al-cortometraggio-sulle-ferite-invisibili-della-guerra-alla-83ma-mostra-cinematografica-di-venezia\/"},"author":{"name":"redazione","@id":"https:\/\/www.bellunopress.it\/#\/schema\/person\/79bb06722b37ece1c03d3e94beb30d73"},"headline":"Dinner with Dante. Premio Kin\u00e9o al cortometraggio sulle ferite invisibili della guerra alla 83ma Mostra cinematografica di Venezia","datePublished":"2026-09-02T09:01:51+00:00","mainEntityOfPage":{"@id":"https:\/\/www.bellunopress.it\/2026\/09\/02\/dinner-with-dante-premio-kineo-al-cortometraggio-sulle-ferite-invisibili-della-guerra-alla-83ma-mostra-cinematografica-di-venezia\/"},"wordCount":857,"publisher":{"@id":"https:\/\/www.bellunopress.it\/#organization"},"image":{"@id":"https:\/\/www.bellunopress.it\/2026\/09\/02\/dinner-with-dante-premio-kineo-al-cortometraggio-sulle-ferite-invisibili-della-guerra-alla-83ma-mostra-cinematografica-di-venezia\/#primaryimage"},"thumbnailUrl":"https:\/\/www.bellunopress.it\/wp-content\/uploads\/2026\/09\/Dinner-with-Dante.jpg","articleSection":["Arte, Cultura, Spettacoli, Scienza","Pausa Caff\u00e8"],"inLanguage":"fr-FR"},{"@type":"WebPage","@id":"https:\/\/www.bellunopress.it\/2026\/09\/02\/dinner-with-dante-premio-kineo-al-cortometraggio-sulle-ferite-invisibili-della-guerra-alla-83ma-mostra-cinematografica-di-venezia\/","url":"https:\/\/www.bellunopress.it\/2026\/09\/02\/dinner-with-dante-premio-kineo-al-cortometraggio-sulle-ferite-invisibili-della-guerra-alla-83ma-mostra-cinematografica-di-venezia\/","name":"Dinner with Dante. Premio Kin\u00e9o al cortometraggio sulle ferite invisibili della guerra alla 83ma Mostra cinematografica di Venezia - Bellunopress - Dolomiti","isPartOf":{"@id":"https:\/\/www.bellunopress.it\/#website"},"primaryImageOfPage":{"@id":"https:\/\/www.bellunopress.it\/2026\/09\/02\/dinner-with-dante-premio-kineo-al-cortometraggio-sulle-ferite-invisibili-della-guerra-alla-83ma-mostra-cinematografica-di-venezia\/#primaryimage"},"image":{"@id":"https:\/\/www.bellunopress.it\/2026\/09\/02\/dinner-with-dante-premio-kineo-al-cortometraggio-sulle-ferite-invisibili-della-guerra-alla-83ma-mostra-cinematografica-di-venezia\/#primaryimage"},"thumbnailUrl":"https:\/\/www.bellunopress.it\/wp-content\/uploads\/2026\/09\/Dinner-with-Dante.jpg","datePublished":"2026-09-02T09:01:51+00:00","breadcrumb":{"@id":"https:\/\/www.bellunopress.it\/2026\/09\/02\/dinner-with-dante-premio-kineo-al-cortometraggio-sulle-ferite-invisibili-della-guerra-alla-83ma-mostra-cinematografica-di-venezia\/#breadcrumb"},"inLanguage":"fr-FR","potentialAction":[{"@type":"ReadAction","target":["https:\/\/www.bellunopress.it\/2026\/09\/02\/dinner-with-dante-premio-kineo-al-cortometraggio-sulle-ferite-invisibili-della-guerra-alla-83ma-mostra-cinematografica-di-venezia\/"]}]},{"@type":"ImageObject","inLanguage":"fr-FR","@id":"https:\/\/www.bellunopress.it\/2026\/09\/02\/dinner-with-dante-premio-kineo-al-cortometraggio-sulle-ferite-invisibili-della-guerra-alla-83ma-mostra-cinematografica-di-venezia\/#primaryimage","url":"https:\/\/www.bellunopress.it\/wp-content\/uploads\/2026\/09\/Dinner-with-Dante.jpg","contentUrl":"https:\/\/www.bellunopress.it\/wp-content\/uploads\/2026\/09\/Dinner-with-Dante.jpg","width":600,"height":337},{"@type":"BreadcrumbList","@id":"https:\/\/www.bellunopress.it\/2026\/09\/02\/dinner-with-dante-premio-kineo-al-cortometraggio-sulle-ferite-invisibili-della-guerra-alla-83ma-mostra-cinematografica-di-venezia\/#breadcrumb","itemListElement":[{"@type":"ListItem","position":1,"name":"Home","item":"https:\/\/www.bellunopress.it\/"},{"@type":"ListItem","position":2,"name":"Dinner with Dante. Premio Kin\u00e9o al cortometraggio sulle ferite invisibili della guerra alla 83ma Mostra cinematografica di Venezia"}]},{"@type":"WebSite","@id":"https:\/\/www.bellunopress.it\/#website","url":"https:\/\/www.bellunopress.it\/","name":"Bellunopress - Dolomiti","description":"e-mail: redazione@bellunopress.it","publisher":{"@id":"https:\/\/www.bellunopress.it\/#organization"},"potentialAction":[{"@type":"SearchAction","target":{"@type":"EntryPoint","urlTemplate":"https:\/\/www.bellunopress.it\/?s={search_term_string}"},"query-input":{"@type":"PropertyValueSpecification","valueRequired":true,"valueName":"search_term_string"}}],"inLanguage":"fr-FR"},{"@type":"Organization","@id":"https:\/\/www.bellunopress.it\/#organization","name":"Bellunopress","url":"https:\/\/www.bellunopress.it\/","logo":{"@type":"ImageObject","inLanguage":"fr-FR","@id":"https:\/\/www.bellunopress.it\/#\/schema\/logo\/image\/","url":"https:\/\/www.bellunopress.it\/wp-content\/uploads\/2011\/05\/cropped-logo-bellunopress-.jpg","contentUrl":"https:\/\/www.bellunopress.it\/wp-content\/uploads\/2011\/05\/cropped-logo-bellunopress-.jpg","width":512,"height":512,"caption":"Bellunopress"},"image":{"@id":"https:\/\/www.bellunopress.it\/#\/schema\/logo\/image\/"},"sameAs":["https:\/\/www.facebook.com\/profile.php?id=100008943462799","https:\/\/x.com\/bellunopress","https:\/\/www.linkedin.com\/hp\/?dnr=JBzUWaJfMUw8vbXJJ2tVW5-I3jZKvC4wsoxE&amp;amp;amp;amp;amp;amp;trk=nav_responsive_tab_home","https:\/\/www.youtube.com\/channel\/UCxL0wu1uN0_3_7hGG0306cw"]},{"@type":"Person","@id":"https:\/\/www.bellunopress.it\/#\/schema\/person\/79bb06722b37ece1c03d3e94beb30d73","name":"r\u00e9daction","image":{"@type":"ImageObject","inLanguage":"fr-FR","@id":"https:\/\/secure.gravatar.com\/avatar\/37d968a2e67a6fd04c169c4bdef102d0bc5d31b2546345219e348575eb80e9a0?s=96&d=mm&r=g","url":"https:\/\/secure.gravatar.com\/avatar\/37d968a2e67a6fd04c169c4bdef102d0bc5d31b2546345219e348575eb80e9a0?s=96&d=mm&r=g","contentUrl":"https:\/\/secure.gravatar.com\/avatar\/37d968a2e67a6fd04c169c4bdef102d0bc5d31b2546345219e348575eb80e9a0?s=96&d=mm&r=g","caption":"redazione"},"sameAs":["http:\/\/www.bellunopress.it","https:\/\/x.com\/bellunopress"],"url":"https:\/\/www.bellunopress.it\/fr\/author\/redazione\/"}]}},"_links":{"self":[{"href":"https:\/\/www.bellunopress.it\/fr\/wp-json\/wp\/v2\/posts\/173069","targetHints":{"allow":["GET"]}}],"collection":[{"href":"https:\/\/www.bellunopress.it\/fr\/wp-json\/wp\/v2\/posts"}],"about":[{"href":"https:\/\/www.bellunopress.it\/fr\/wp-json\/wp\/v2\/types\/post"}],"author":[{"embeddable":true,"href":"https:\/\/www.bellunopress.it\/fr\/wp-json\/wp\/v2\/users\/2"}],"replies":[{"embeddable":true,"href":"https:\/\/www.bellunopress.it\/fr\/wp-json\/wp\/v2\/comments?post=173069"}],"version-history":[{"count":1,"href":"https:\/\/www.bellunopress.it\/fr\/wp-json\/wp\/v2\/posts\/173069\/revisions"}],"predecessor-version":[{"id":173071,"href":"https:\/\/www.bellunopress.it\/fr\/wp-json\/wp\/v2\/posts\/173069\/revisions\/173071"}],"wp:featuredmedia":[{"embeddable":true,"href":"https:\/\/www.bellunopress.it\/fr\/wp-json\/wp\/v2\/media\/173070"}],"wp:attachment":[{"href":"https:\/\/www.bellunopress.it\/fr\/wp-json\/wp\/v2\/media?parent=173069"}],"wp:term":[{"taxonomy":"category","embeddable":true,"href":"https:\/\/www.bellunopress.it\/fr\/wp-json\/wp\/v2\/categories?post=173069"},{"taxonomy":"post_tag","embeddable":true,"href":"https:\/\/www.bellunopress.it\/fr\/wp-json\/wp\/v2\/tags?post=173069"}],"curies":[{"name":"wp","href":"https:\/\/api.w.org\/{rel}","templated":true}]}}