{"id":173065,"date":"2026-09-02T10:52:11","date_gmt":"2026-09-02T08:52:11","guid":{"rendered":"https:\/\/www.bellunopress.it\/?p=173065"},"modified":"2026-09-02T10:55:42","modified_gmt":"2026-09-02T08:55:42","slug":"173065","status":"publish","type":"post","link":"https:\/\/www.bellunopress.it\/fr\/2026\/09\/02\/173065\/","title":{"rendered":"L&#8217;acqua bellunese"},"content":{"rendered":"<p>L\u2019iniziativa del centrosinistra bellunese di raccolta firme per una proposta di iniziativa popolare per la gestione diretta dell\u2019acqua contiene delle evidenti positivit\u00e0, ma racchiude, al contempo, alcune criticit\u00e0 che rischiano di svilirne il progetto alle basi. Soprattutto perch\u00e9 sembra dimenticarsi del ruolo che l\u2019acqua ha avuto nello spazio e nel tempo nell\u2019evoluzione di questo territorio e altrove.<br \/>\nA riguardo reputo opportuna una breve riflessione.<br \/>\nL&#8217;acqua \u00e8 un composto indispensabile ed insostituibile per l&#8217;insieme delle espressioni vitali di questo pianeta. Nonostante i tantissimi suoi utilizzi che abbiamo saputo ideare nel corso dei secoli \u00e8 evidente tutta una serie di funzioni primarie svolte dall\u2019H2O in questo ecosistema, e non solo per quanto riguarda vita vegetale ed animale, ma anche perch\u00e9 essa nel corso dei millenni ha sostanzialmente \u201crealizzato\u201d terre e paesaggi condizionando, se non permettendo, l&#8217;evolversi della realt\u00e0 e della storia.<\/p>\n<p>Da questa doppia affermazione (che credo possa essere condivisa da tutti) ne consegue che diventa impossibile pensare ed agire riguardo ad essa con gli stessi metodi che si utilizzano per beni e risorse. Sentire poi parlare di ristori, profitti ed utili (pur se pubblici) fa venire i brividi anche in questa calda estate. Accettare questa logica, infatti, si tradurr\u00e0 in una semplice<br \/>\n\u201cquantificazione del danno\u201d per cui si sar\u00e0 disponibili ad oltraggiare storia e memoria con tanto di vilipendio dei cadaveri del Vaiont per trenta denari in pi\u00f9, rendendo politicamente e socialmente accettabile la monetizzazione della sete e la violenza perpetrata nei confronti del fiume Sacro alla Patria, dei suoi affluenti e di tutti i corsi d&#8217;acqua per i quali, invece, dovremmo lottare per il passaggio da oggetto di condizionamento (tubi, dighe, vasche di accumulo, bacini di laminazione) a soggetto di diritto. Se il vero valore dell&#8217;acqua risiede nel suo autonomo muoversi ad essa va riconosciuto un effettivo diritto di cittadinanza, uno status giuridico da riconoscere finanche in Costituzione che permetta di porre e conservare sullo stesso piano libert\u00e0 di movimento, necessit\u00e0 biologiche, prelievo, utilizzo e corretta restituzione in una mediazione di diritti veri e strettamente interconnessi.<\/p>\n<p>Ci sono visioni di sistema e sistemi di cavarsela che impediscono qualunque passo possibile verso un progressivo ampliamento dell\u2019idea di diritto naturale reso sempre pi\u00f9 necessario dalle evidenze quotidiane. Copiare ci\u00f2 che l\u2019H2O ha scelto per s\u00e9 stessa sembra essere l&#8217;unica strada percorribile, riprodurre il pi\u00f9 possibile quella mutevole ed elastica perfezione che l\u2019acqua ha saputo realizzare nei millenni con il ruolo di entit\u00e0, attraverso la quale il tutto si relaziona al tutto,<br \/>\nl\u2019obiettivo a cui tendere.<\/p>\n<p>Ricordiamoci bene le parole del sig. Jefferson: o ci salviamo tutti assieme o affonderemo singolarmente.<br \/>\nLa cooperazione non \u00e8 una scelta morale, ma una necessit\u00e0 di sopravvivenza.<\/p>\n<p>Max Fiabane<\/p>","protected":false},"excerpt":{"rendered":"<p>L\u2019iniziativa del centrosinistra bellunese di raccolta firme per una proposta di iniziativa popolare per la gestione diretta dell\u2019acqua contiene delle evidenti positivit\u00e0, ma racchiude, al contempo, alcune criticit\u00e0 che rischiano di svilirne il progetto alle basi. Soprattutto perch\u00e9 sembra dimenticarsi del ruolo che l\u2019acqua ha avuto nello spazio e nel tempo nell\u2019evoluzione di questo territorio [&hellip;]<\/p>\n","protected":false},"author":2,"featured_media":112601,"comment_status":"closed","ping_status":"open","sticky":false,"template":"","format":"standard","meta":{"footnotes":""},"categories":[1],"tags":[],"class_list":["post-173065","post","type-post","status-publish","format-standard","has-post-thumbnail","category-leo"],"yoast_head":"<!-- This site is optimized with the Yoast SEO plugin v28.4 - https:\/\/yoast.com\/product\/yoast-seo-wordpress\/ -->\n<title>L&#039;acqua bellunese - Bellunopress - Dolomiti<\/title>\n<meta name=\"robots\" content=\"index, follow, max-snippet:-1, max-image-preview:large, max-video-preview:-1\" \/>\n<link rel=\"canonical\" href=\"https:\/\/www.bellunopress.it\/fr\/2026\/09\/02\/173065\/\" \/>\n<meta property=\"og:locale\" content=\"fr_FR\" \/>\n<meta property=\"og:type\" content=\"article\" \/>\n<meta property=\"og:title\" content=\"L&#039;acqua bellunese - Bellunopress - Dolomiti\" \/>\n<meta property=\"og:description\" content=\"L\u2019iniziativa del centrosinistra bellunese di raccolta firme per una proposta di iniziativa popolare per la gestione diretta dell\u2019acqua contiene delle evidenti positivit\u00e0, ma racchiude, al contempo, alcune criticit\u00e0 che rischiano di svilirne il progetto alle basi. Soprattutto perch\u00e9 sembra dimenticarsi del ruolo che l\u2019acqua ha avuto nello spazio e nel tempo nell\u2019evoluzione di questo territorio [&hellip;]\" \/>\n<meta property=\"og:url\" content=\"https:\/\/www.bellunopress.it\/fr\/2026\/09\/02\/173065\/\" \/>\n<meta property=\"og:site_name\" content=\"Bellunopress - Dolomiti\" \/>\n<meta property=\"article:publisher\" content=\"https:\/\/www.facebook.com\/profile.php?id=100008943462799\" \/>\n<meta property=\"article:published_time\" content=\"2026-09-02T08:52:11+00:00\" \/>\n<meta property=\"article:modified_time\" content=\"2026-09-02T08:55:42+00:00\" \/>\n<meta property=\"og:image\" content=\"https:\/\/www.bellunopress.it\/wp-content\/uploads\/2020\/03\/lettere-al-direttore-bellunopress.jpg\" \/>\n\t<meta property=\"og:image:width\" content=\"677\" \/>\n\t<meta property=\"og:image:height\" content=\"454\" \/>\n\t<meta property=\"og:image:type\" content=\"image\/jpeg\" \/>\n<meta name=\"author\" content=\"redazione\" \/>\n<meta name=\"twitter:card\" content=\"summary_large_image\" \/>\n<meta name=\"twitter:creator\" content=\"@bellunopress\" \/>\n<meta name=\"twitter:site\" content=\"@bellunopress\" \/>\n<meta name=\"twitter:label1\" content=\"Written by\" \/>\n\t<meta name=\"twitter:data1\" content=\"redazione\" \/>\n\t<meta name=\"twitter:label2\" content=\"Est. reading time\" \/>\n\t<meta name=\"twitter:data2\" content=\"3 minutes\" \/>\n<script type=\"application\/ld+json\" class=\"yoast-schema-graph\">{\"@context\":\"https:\\\/\\\/schema.org\",\"@graph\":[{\"@type\":\"Article\",\"@id\":\"https:\\\/\\\/www.bellunopress.it\\\/2026\\\/09\\\/02\\\/173065\\\/#article\",\"isPartOf\":{\"@id\":\"https:\\\/\\\/www.bellunopress.it\\\/2026\\\/09\\\/02\\\/173065\\\/\"},\"author\":{\"name\":\"redazione\",\"@id\":\"https:\\\/\\\/www.bellunopress.it\\\/#\\\/schema\\\/person\\\/79bb06722b37ece1c03d3e94beb30d73\"},\"headline\":\"L&#8217;acqua bellunese\",\"datePublished\":\"2026-09-02T08:52:11+00:00\",\"dateModified\":\"2026-09-02T08:55:42+00:00\",\"mainEntityOfPage\":{\"@id\":\"https:\\\/\\\/www.bellunopress.it\\\/2026\\\/09\\\/02\\\/173065\\\/\"},\"wordCount\":459,\"publisher\":{\"@id\":\"https:\\\/\\\/www.bellunopress.it\\\/#organization\"},\"image\":{\"@id\":\"https:\\\/\\\/www.bellunopress.it\\\/2026\\\/09\\\/02\\\/173065\\\/#primaryimage\"},\"thumbnailUrl\":\"https:\\\/\\\/www.bellunopress.it\\\/wp-content\\\/uploads\\\/2020\\\/03\\\/lettere-al-direttore-bellunopress.jpg\",\"articleSection\":[\"Lettere Opinioni\"],\"inLanguage\":\"fr-FR\"},{\"@type\":\"WebPage\",\"@id\":\"https:\\\/\\\/www.bellunopress.it\\\/2026\\\/09\\\/02\\\/173065\\\/\",\"url\":\"https:\\\/\\\/www.bellunopress.it\\\/2026\\\/09\\\/02\\\/173065\\\/\",\"name\":\"L'acqua bellunese - Bellunopress - Dolomiti\",\"isPartOf\":{\"@id\":\"https:\\\/\\\/www.bellunopress.it\\\/#website\"},\"primaryImageOfPage\":{\"@id\":\"https:\\\/\\\/www.bellunopress.it\\\/2026\\\/09\\\/02\\\/173065\\\/#primaryimage\"},\"image\":{\"@id\":\"https:\\\/\\\/www.bellunopress.it\\\/2026\\\/09\\\/02\\\/173065\\\/#primaryimage\"},\"thumbnailUrl\":\"https:\\\/\\\/www.bellunopress.it\\\/wp-content\\\/uploads\\\/2020\\\/03\\\/lettere-al-direttore-bellunopress.jpg\",\"datePublished\":\"2026-09-02T08:52:11+00:00\",\"dateModified\":\"2026-09-02T08:55:42+00:00\",\"breadcrumb\":{\"@id\":\"https:\\\/\\\/www.bellunopress.it\\\/2026\\\/09\\\/02\\\/173065\\\/#breadcrumb\"},\"inLanguage\":\"fr-FR\",\"potentialAction\":[{\"@type\":\"ReadAction\",\"target\":[\"https:\\\/\\\/www.bellunopress.it\\\/2026\\\/09\\\/02\\\/173065\\\/\"]}]},{\"@type\":\"ImageObject\",\"inLanguage\":\"fr-FR\",\"@id\":\"https:\\\/\\\/www.bellunopress.it\\\/2026\\\/09\\\/02\\\/173065\\\/#primaryimage\",\"url\":\"https:\\\/\\\/www.bellunopress.it\\\/wp-content\\\/uploads\\\/2020\\\/03\\\/lettere-al-direttore-bellunopress.jpg\",\"contentUrl\":\"https:\\\/\\\/www.bellunopress.it\\\/wp-content\\\/uploads\\\/2020\\\/03\\\/lettere-al-direttore-bellunopress.jpg\",\"width\":677,\"height\":454,\"caption\":\"lettera al direttore\"},{\"@type\":\"BreadcrumbList\",\"@id\":\"https:\\\/\\\/www.bellunopress.it\\\/2026\\\/09\\\/02\\\/173065\\\/#breadcrumb\",\"itemListElement\":[{\"@type\":\"ListItem\",\"position\":1,\"name\":\"Home\",\"item\":\"https:\\\/\\\/www.bellunopress.it\\\/\"},{\"@type\":\"ListItem\",\"position\":2,\"name\":\"L&#8217;acqua bellunese\"}]},{\"@type\":\"WebSite\",\"@id\":\"https:\\\/\\\/www.bellunopress.it\\\/#website\",\"url\":\"https:\\\/\\\/www.bellunopress.it\\\/\",\"name\":\"Bellunopress - Dolomiti\",\"description\":\"e-mail: redazione@bellunopress.it\",\"publisher\":{\"@id\":\"https:\\\/\\\/www.bellunopress.it\\\/#organization\"},\"potentialAction\":[{\"@type\":\"SearchAction\",\"target\":{\"@type\":\"EntryPoint\",\"urlTemplate\":\"https:\\\/\\\/www.bellunopress.it\\\/?s={search_term_string}\"},\"query-input\":{\"@type\":\"PropertyValueSpecification\",\"valueRequired\":true,\"valueName\":\"search_term_string\"}}],\"inLanguage\":\"fr-FR\"},{\"@type\":\"Organization\",\"@id\":\"https:\\\/\\\/www.bellunopress.it\\\/#organization\",\"name\":\"Bellunopress\",\"url\":\"https:\\\/\\\/www.bellunopress.it\\\/\",\"logo\":{\"@type\":\"ImageObject\",\"inLanguage\":\"fr-FR\",\"@id\":\"https:\\\/\\\/www.bellunopress.it\\\/#\\\/schema\\\/logo\\\/image\\\/\",\"url\":\"https:\\\/\\\/www.bellunopress.it\\\/wp-content\\\/uploads\\\/2011\\\/05\\\/cropped-logo-bellunopress-.jpg\",\"contentUrl\":\"https:\\\/\\\/www.bellunopress.it\\\/wp-content\\\/uploads\\\/2011\\\/05\\\/cropped-logo-bellunopress-.jpg\",\"width\":512,\"height\":512,\"caption\":\"Bellunopress\"},\"image\":{\"@id\":\"https:\\\/\\\/www.bellunopress.it\\\/#\\\/schema\\\/logo\\\/image\\\/\"},\"sameAs\":[\"https:\\\/\\\/www.facebook.com\\\/profile.php?id=100008943462799\",\"https:\\\/\\\/x.com\\\/bellunopress\",\"https:\\\/\\\/www.linkedin.com\\\/hp\\\/?dnr=JBzUWaJfMUw8vbXJJ2tVW5-I3jZKvC4wsoxE&amp;amp;amp;amp;amp;amp;trk=nav_responsive_tab_home\",\"https:\\\/\\\/www.youtube.com\\\/channel\\\/UCxL0wu1uN0_3_7hGG0306cw\"]},{\"@type\":\"Person\",\"@id\":\"https:\\\/\\\/www.bellunopress.it\\\/#\\\/schema\\\/person\\\/79bb06722b37ece1c03d3e94beb30d73\",\"name\":\"redazione\",\"image\":{\"@type\":\"ImageObject\",\"inLanguage\":\"fr-FR\",\"@id\":\"https:\\\/\\\/secure.gravatar.com\\\/avatar\\\/37d968a2e67a6fd04c169c4bdef102d0bc5d31b2546345219e348575eb80e9a0?s=96&d=mm&r=g\",\"url\":\"https:\\\/\\\/secure.gravatar.com\\\/avatar\\\/37d968a2e67a6fd04c169c4bdef102d0bc5d31b2546345219e348575eb80e9a0?s=96&d=mm&r=g\",\"contentUrl\":\"https:\\\/\\\/secure.gravatar.com\\\/avatar\\\/37d968a2e67a6fd04c169c4bdef102d0bc5d31b2546345219e348575eb80e9a0?s=96&d=mm&r=g\",\"caption\":\"redazione\"},\"sameAs\":[\"http:\\\/\\\/www.bellunopress.it\",\"https:\\\/\\\/x.com\\\/bellunopress\"],\"url\":\"https:\\\/\\\/www.bellunopress.it\\\/fr\\\/author\\\/redazione\\\/\"}]}<\/script>\n<!-- \/ Yoast SEO plugin. -->","yoast_head_json":{"title":"L'acqua bellunese - Bellunopress - Dolomiti","robots":{"index":"index","follow":"follow","max-snippet":"max-snippet:-1","max-image-preview":"max-image-preview:large","max-video-preview":"max-video-preview:-1"},"canonical":"https:\/\/www.bellunopress.it\/fr\/2026\/09\/02\/173065\/","og_locale":"fr_FR","og_type":"article","og_title":"L'acqua bellunese - Bellunopress - Dolomiti","og_description":"L\u2019iniziativa del centrosinistra bellunese di raccolta firme per una proposta di iniziativa popolare per la gestione diretta dell\u2019acqua contiene delle evidenti positivit\u00e0, ma racchiude, al contempo, alcune criticit\u00e0 che rischiano di svilirne il progetto alle basi. Soprattutto perch\u00e9 sembra dimenticarsi del ruolo che l\u2019acqua ha avuto nello spazio e nel tempo nell\u2019evoluzione di questo territorio [&hellip;]","og_url":"https:\/\/www.bellunopress.it\/fr\/2026\/09\/02\/173065\/","og_site_name":"Bellunopress - Dolomiti","article_publisher":"https:\/\/www.facebook.com\/profile.php?id=100008943462799","article_published_time":"2026-09-02T08:52:11+00:00","article_modified_time":"2026-09-02T08:55:42+00:00","og_image":[{"width":677,"height":454,"url":"https:\/\/www.bellunopress.it\/wp-content\/uploads\/2020\/03\/lettere-al-direttore-bellunopress.jpg","type":"image\/jpeg"}],"author":"redazione","twitter_card":"summary_large_image","twitter_creator":"@bellunopress","twitter_site":"@bellunopress","twitter_misc":{"Written by":"redazione","Est. reading time":"3 minutes"},"schema":{"@context":"https:\/\/schema.org","@graph":[{"@type":"Article","@id":"https:\/\/www.bellunopress.it\/2026\/09\/02\/173065\/#article","isPartOf":{"@id":"https:\/\/www.bellunopress.it\/2026\/09\/02\/173065\/"},"author":{"name":"redazione","@id":"https:\/\/www.bellunopress.it\/#\/schema\/person\/79bb06722b37ece1c03d3e94beb30d73"},"headline":"L&#8217;acqua bellunese","datePublished":"2026-09-02T08:52:11+00:00","dateModified":"2026-09-02T08:55:42+00:00","mainEntityOfPage":{"@id":"https:\/\/www.bellunopress.it\/2026\/09\/02\/173065\/"},"wordCount":459,"publisher":{"@id":"https:\/\/www.bellunopress.it\/#organization"},"image":{"@id":"https:\/\/www.bellunopress.it\/2026\/09\/02\/173065\/#primaryimage"},"thumbnailUrl":"https:\/\/www.bellunopress.it\/wp-content\/uploads\/2020\/03\/lettere-al-direttore-bellunopress.jpg","articleSection":["Lettere Opinioni"],"inLanguage":"fr-FR"},{"@type":"WebPage","@id":"https:\/\/www.bellunopress.it\/2026\/09\/02\/173065\/","url":"https:\/\/www.bellunopress.it\/2026\/09\/02\/173065\/","name":"L'acqua bellunese - Bellunopress - Dolomiti","isPartOf":{"@id":"https:\/\/www.bellunopress.it\/#website"},"primaryImageOfPage":{"@id":"https:\/\/www.bellunopress.it\/2026\/09\/02\/173065\/#primaryimage"},"image":{"@id":"https:\/\/www.bellunopress.it\/2026\/09\/02\/173065\/#primaryimage"},"thumbnailUrl":"https:\/\/www.bellunopress.it\/wp-content\/uploads\/2020\/03\/lettere-al-direttore-bellunopress.jpg","datePublished":"2026-09-02T08:52:11+00:00","dateModified":"2026-09-02T08:55:42+00:00","breadcrumb":{"@id":"https:\/\/www.bellunopress.it\/2026\/09\/02\/173065\/#breadcrumb"},"inLanguage":"fr-FR","potentialAction":[{"@type":"ReadAction","target":["https:\/\/www.bellunopress.it\/2026\/09\/02\/173065\/"]}]},{"@type":"ImageObject","inLanguage":"fr-FR","@id":"https:\/\/www.bellunopress.it\/2026\/09\/02\/173065\/#primaryimage","url":"https:\/\/www.bellunopress.it\/wp-content\/uploads\/2020\/03\/lettere-al-direttore-bellunopress.jpg","contentUrl":"https:\/\/www.bellunopress.it\/wp-content\/uploads\/2020\/03\/lettere-al-direttore-bellunopress.jpg","width":677,"height":454,"caption":"lettera al direttore"},{"@type":"BreadcrumbList","@id":"https:\/\/www.bellunopress.it\/2026\/09\/02\/173065\/#breadcrumb","itemListElement":[{"@type":"ListItem","position":1,"name":"Home","item":"https:\/\/www.bellunopress.it\/"},{"@type":"ListItem","position":2,"name":"L&#8217;acqua bellunese"}]},{"@type":"WebSite","@id":"https:\/\/www.bellunopress.it\/#website","url":"https:\/\/www.bellunopress.it\/","name":"Bellunopress - Dolomiti","description":"e-mail: redazione@bellunopress.it","publisher":{"@id":"https:\/\/www.bellunopress.it\/#organization"},"potentialAction":[{"@type":"SearchAction","target":{"@type":"EntryPoint","urlTemplate":"https:\/\/www.bellunopress.it\/?s={search_term_string}"},"query-input":{"@type":"PropertyValueSpecification","valueRequired":true,"valueName":"search_term_string"}}],"inLanguage":"fr-FR"},{"@type":"Organization","@id":"https:\/\/www.bellunopress.it\/#organization","name":"Bellunopress","url":"https:\/\/www.bellunopress.it\/","logo":{"@type":"ImageObject","inLanguage":"fr-FR","@id":"https:\/\/www.bellunopress.it\/#\/schema\/logo\/image\/","url":"https:\/\/www.bellunopress.it\/wp-content\/uploads\/2011\/05\/cropped-logo-bellunopress-.jpg","contentUrl":"https:\/\/www.bellunopress.it\/wp-content\/uploads\/2011\/05\/cropped-logo-bellunopress-.jpg","width":512,"height":512,"caption":"Bellunopress"},"image":{"@id":"https:\/\/www.bellunopress.it\/#\/schema\/logo\/image\/"},"sameAs":["https:\/\/www.facebook.com\/profile.php?id=100008943462799","https:\/\/x.com\/bellunopress","https:\/\/www.linkedin.com\/hp\/?dnr=JBzUWaJfMUw8vbXJJ2tVW5-I3jZKvC4wsoxE&amp;amp;amp;amp;amp;amp;trk=nav_responsive_tab_home","https:\/\/www.youtube.com\/channel\/UCxL0wu1uN0_3_7hGG0306cw"]},{"@type":"Person","@id":"https:\/\/www.bellunopress.it\/#\/schema\/person\/79bb06722b37ece1c03d3e94beb30d73","name":"r\u00e9daction","image":{"@type":"ImageObject","inLanguage":"fr-FR","@id":"https:\/\/secure.gravatar.com\/avatar\/37d968a2e67a6fd04c169c4bdef102d0bc5d31b2546345219e348575eb80e9a0?s=96&d=mm&r=g","url":"https:\/\/secure.gravatar.com\/avatar\/37d968a2e67a6fd04c169c4bdef102d0bc5d31b2546345219e348575eb80e9a0?s=96&d=mm&r=g","contentUrl":"https:\/\/secure.gravatar.com\/avatar\/37d968a2e67a6fd04c169c4bdef102d0bc5d31b2546345219e348575eb80e9a0?s=96&d=mm&r=g","caption":"redazione"},"sameAs":["http:\/\/www.bellunopress.it","https:\/\/x.com\/bellunopress"],"url":"https:\/\/www.bellunopress.it\/fr\/author\/redazione\/"}]}},"_links":{"self":[{"href":"https:\/\/www.bellunopress.it\/fr\/wp-json\/wp\/v2\/posts\/173065","targetHints":{"allow":["GET"]}}],"collection":[{"href":"https:\/\/www.bellunopress.it\/fr\/wp-json\/wp\/v2\/posts"}],"about":[{"href":"https:\/\/www.bellunopress.it\/fr\/wp-json\/wp\/v2\/types\/post"}],"author":[{"embeddable":true,"href":"https:\/\/www.bellunopress.it\/fr\/wp-json\/wp\/v2\/users\/2"}],"replies":[{"embeddable":true,"href":"https:\/\/www.bellunopress.it\/fr\/wp-json\/wp\/v2\/comments?post=173065"}],"version-history":[{"count":3,"href":"https:\/\/www.bellunopress.it\/fr\/wp-json\/wp\/v2\/posts\/173065\/revisions"}],"predecessor-version":[{"id":173068,"href":"https:\/\/www.bellunopress.it\/fr\/wp-json\/wp\/v2\/posts\/173065\/revisions\/173068"}],"wp:featuredmedia":[{"embeddable":true,"href":"https:\/\/www.bellunopress.it\/fr\/wp-json\/wp\/v2\/media\/112601"}],"wp:attachment":[{"href":"https:\/\/www.bellunopress.it\/fr\/wp-json\/wp\/v2\/media?parent=173065"}],"wp:term":[{"taxonomy":"category","embeddable":true,"href":"https:\/\/www.bellunopress.it\/fr\/wp-json\/wp\/v2\/categories?post=173065"},{"taxonomy":"post_tag","embeddable":true,"href":"https:\/\/www.bellunopress.it\/fr\/wp-json\/wp\/v2\/tags?post=173065"}],"curies":[{"name":"wp","href":"https:\/\/api.w.org\/{rel}","templated":true}]}}