{"id":173060,"date":"2026-09-01T21:48:27","date_gmt":"2026-09-01T19:48:27","guid":{"rendered":"https:\/\/www.bellunopress.it\/?p=173060"},"modified":"2026-09-01T21:48:27","modified_gmt":"2026-09-01T19:48:27","slug":"rifiuti-e-tariffe-il-comitato-cittadini-di-feltre-invoca-una-gestione-unitaria-provinciale","status":"publish","type":"post","link":"https:\/\/www.bellunopress.it\/fr\/2026\/09\/01\/rifiuti-e-tariffe-il-comitato-cittadini-di-feltre-invoca-una-gestione-unitaria-provinciale\/","title":{"rendered":"Rifiuti e tariffe: il Comitato Cittadini di Feltre invoca una gestione unitaria provinciale"},"content":{"rendered":"<p>Belluno, 01\/09\/2026 \u2014 Mettere ordine nel sistema dei rifiuti della provincia di Belluno, uniformando tariffe, regole e modalit\u00e0 di raccolta per tutelare cittadini e imprese ed evitare l&#8217;arrivo di grandi multi-utility extraprovinciali. \u00c8 la richiesta forte che emerge dall&#8217;incontro promosso dal Comitato cittadini di Feltre nella sede della Provincia, a cui hanno preso parte anche l&#8217;associazione Vivaio Dolomiti e Confcommercio.<\/p>\n<p>Al centro del confronto, definito costruttivo e aperto dalla partecipazione del consigliere provinciale delegato Renzo Minella e del direttore del Consiglio di Bacino Dolomiti Marco Pazzini, c&#8217;\u00e8 l&#8217;attuale disomogeneit\u00e0 territoriale. Sul tavolo pesano infatti le differenze tariffarie ereditate dalle diverse politiche dei gestori precedenti, acuite soprattutto dalla contrapposizione tra i sistemi di raccolta porta a porta e quelli stradali. Dal dibattito \u00e8 emersa l&#8217;auspicabile necessit\u00e0 di arrivare a una gestione unitaria a livello provinciale nel minor tempo possibile, pur mettendo in conto che il servizio porta a porta comporta inevitabilmente costi superiori rispetto allo svuotamento dei cassonetti stradali.<\/p>\n<p>La proposta del Comitato guarda gi\u00e0 al futuro prossimo e punta su un altro pilastro normativo: la stesura di un regolamento unico provinciale. L&#8217;obiettivo \u00e8 azzerare gli squilibri tra Comune e Comune, garantendo che tutti i residenti del territorio siano trattati allo stesso modo in termini di norme di conferimento, agevolazioni, sconti e quote, evitando cos\u00ec trattamenti difformi.<\/p>\n<p>Parole chiave del documento sono coesione e difesa del territorio. Dopo anni definiti di \u00abgestioni disastrose\u00bb e episodi critici come il fallimento dell&#8217;Unione montana Belluno Ponte nelle Alpi, il Bellunese viene esortato a fare squadra per blindare il mercato locale contro l&#8217;avanzata di colossi multiservizi esterni. A questo proposito, il Comitato ha ribadito il pieno sostegno alla riqualificazione e all&#8217;implementazione dell&#8217;impianto del Maserot, considerato un valore aggiunto strategico e la prova che una governance locale possa garantire performance migliori rispetto alle offerte provenienti da fuori provincia. Il timore espresso \u00e8 quello delle politiche di dumping commerciale: grandi operatori in grado di praticare tariffe inizialmente sotto costo per conquistare il mercato, con il rischio di presentare conti ben pi\u00f9 salati in futuro.<\/p>","protected":false},"excerpt":{"rendered":"<p>Belluno, 01\/09\/2026 \u2014 Mettere ordine nel sistema dei rifiuti della provincia di Belluno, uniformando tariffe, regole e modalit\u00e0 di raccolta per tutelare cittadini e imprese ed evitare l&#8217;arrivo di grandi multi-utility extraprovinciali. \u00c8 la richiesta forte che emerge dall&#8217;incontro promosso dal Comitato cittadini di Feltre nella sede della Provincia, a cui hanno preso parte anche [&hellip;]<\/p>\n","protected":false},"author":2,"featured_media":102898,"comment_status":"closed","ping_status":"open","sticky":false,"template":"","format":"standard","meta":{"footnotes":""},"categories":[8],"tags":[],"class_list":["post-173060","post","type-post","status-publish","format-standard","has-post-thumbnail","category-societa-istituzioni"],"yoast_head":"<!-- This site is optimized with the Yoast SEO plugin v28.4 - https:\/\/yoast.com\/product\/yoast-seo-wordpress\/ -->\n<title>Rifiuti e tariffe: il Comitato Cittadini di Feltre invoca una gestione unitaria provinciale - Bellunopress - Dolomiti<\/title>\n<meta name=\"robots\" content=\"index, follow, max-snippet:-1, max-image-preview:large, max-video-preview:-1\" \/>\n<link rel=\"canonical\" href=\"https:\/\/www.bellunopress.it\/fr\/2026\/09\/01\/rifiuti-e-tariffe-il-comitato-cittadini-di-feltre-invoca-una-gestione-unitaria-provinciale\/\" \/>\n<meta property=\"og:locale\" content=\"fr_FR\" \/>\n<meta property=\"og:type\" content=\"article\" \/>\n<meta property=\"og:title\" content=\"Rifiuti e tariffe: il Comitato Cittadini di Feltre invoca una gestione unitaria provinciale - Bellunopress - Dolomiti\" \/>\n<meta property=\"og:description\" content=\"Belluno, 01\/09\/2026 \u2014 Mettere ordine nel sistema dei rifiuti della provincia di Belluno, uniformando tariffe, regole e modalit\u00e0 di raccolta per tutelare cittadini e imprese ed evitare l&#8217;arrivo di grandi multi-utility extraprovinciali. \u00c8 la richiesta forte che emerge dall&#8217;incontro promosso dal Comitato cittadini di Feltre nella sede della Provincia, a cui hanno preso parte anche [&hellip;]\" \/>\n<meta property=\"og:url\" content=\"https:\/\/www.bellunopress.it\/fr\/2026\/09\/01\/rifiuti-e-tariffe-il-comitato-cittadini-di-feltre-invoca-una-gestione-unitaria-provinciale\/\" \/>\n<meta property=\"og:site_name\" content=\"Bellunopress - Dolomiti\" \/>\n<meta property=\"article:publisher\" content=\"https:\/\/www.facebook.com\/profile.php?id=100008943462799\" \/>\n<meta property=\"article:published_time\" content=\"2026-09-01T19:48:27+00:00\" \/>\n<meta property=\"og:image\" content=\"https:\/\/www.bellunopress.it\/wp-content\/uploads\/2019\/03\/cassonetto-spazzatura-secco.jpg\" \/>\n\t<meta property=\"og:image:width\" content=\"290\" \/>\n\t<meta property=\"og:image:height\" content=\"241\" \/>\n\t<meta property=\"og:image:type\" content=\"image\/jpeg\" \/>\n<meta name=\"author\" content=\"redazione\" \/>\n<meta name=\"twitter:card\" content=\"summary_large_image\" \/>\n<meta name=\"twitter:creator\" content=\"@bellunopress\" \/>\n<meta name=\"twitter:site\" content=\"@bellunopress\" \/>\n<meta name=\"twitter:label1\" content=\"\u00c9crit par\" \/>\n\t<meta name=\"twitter:data1\" content=\"redazione\" \/>\n\t<meta name=\"twitter:label2\" content=\"Dur\u00e9e de lecture estim\u00e9e\" \/>\n\t<meta name=\"twitter:data2\" content=\"2 minutes\" \/>\n<script type=\"application\/ld+json\" class=\"yoast-schema-graph\">{\"@context\":\"https:\\\/\\\/schema.org\",\"@graph\":[{\"@type\":\"Article\",\"@id\":\"https:\\\/\\\/www.bellunopress.it\\\/2026\\\/09\\\/01\\\/rifiuti-e-tariffe-il-comitato-cittadini-di-feltre-invoca-una-gestione-unitaria-provinciale\\\/#article\",\"isPartOf\":{\"@id\":\"https:\\\/\\\/www.bellunopress.it\\\/2026\\\/09\\\/01\\\/rifiuti-e-tariffe-il-comitato-cittadini-di-feltre-invoca-una-gestione-unitaria-provinciale\\\/\"},\"author\":{\"name\":\"redazione\",\"@id\":\"https:\\\/\\\/www.bellunopress.it\\\/#\\\/schema\\\/person\\\/79bb06722b37ece1c03d3e94beb30d73\"},\"headline\":\"Rifiuti e tariffe: il Comitato Cittadini di Feltre invoca una gestione unitaria provinciale\",\"datePublished\":\"2026-09-01T19:48:27+00:00\",\"mainEntityOfPage\":{\"@id\":\"https:\\\/\\\/www.bellunopress.it\\\/2026\\\/09\\\/01\\\/rifiuti-e-tariffe-il-comitato-cittadini-di-feltre-invoca-una-gestione-unitaria-provinciale\\\/\"},\"wordCount\":354,\"publisher\":{\"@id\":\"https:\\\/\\\/www.bellunopress.it\\\/#organization\"},\"image\":{\"@id\":\"https:\\\/\\\/www.bellunopress.it\\\/2026\\\/09\\\/01\\\/rifiuti-e-tariffe-il-comitato-cittadini-di-feltre-invoca-una-gestione-unitaria-provinciale\\\/#primaryimage\"},\"thumbnailUrl\":\"https:\\\/\\\/www.bellunopress.it\\\/wp-content\\\/uploads\\\/2019\\\/03\\\/cassonetto-spazzatura-secco.jpg\",\"articleSection\":[\"Societ\u00e0, Associazioni, Istituzioni\"],\"inLanguage\":\"fr-FR\"},{\"@type\":\"WebPage\",\"@id\":\"https:\\\/\\\/www.bellunopress.it\\\/2026\\\/09\\\/01\\\/rifiuti-e-tariffe-il-comitato-cittadini-di-feltre-invoca-una-gestione-unitaria-provinciale\\\/\",\"url\":\"https:\\\/\\\/www.bellunopress.it\\\/2026\\\/09\\\/01\\\/rifiuti-e-tariffe-il-comitato-cittadini-di-feltre-invoca-una-gestione-unitaria-provinciale\\\/\",\"name\":\"Rifiuti e tariffe: il Comitato Cittadini di Feltre invoca una gestione unitaria provinciale - Bellunopress - Dolomiti\",\"isPartOf\":{\"@id\":\"https:\\\/\\\/www.bellunopress.it\\\/#website\"},\"primaryImageOfPage\":{\"@id\":\"https:\\\/\\\/www.bellunopress.it\\\/2026\\\/09\\\/01\\\/rifiuti-e-tariffe-il-comitato-cittadini-di-feltre-invoca-una-gestione-unitaria-provinciale\\\/#primaryimage\"},\"image\":{\"@id\":\"https:\\\/\\\/www.bellunopress.it\\\/2026\\\/09\\\/01\\\/rifiuti-e-tariffe-il-comitato-cittadini-di-feltre-invoca-una-gestione-unitaria-provinciale\\\/#primaryimage\"},\"thumbnailUrl\":\"https:\\\/\\\/www.bellunopress.it\\\/wp-content\\\/uploads\\\/2019\\\/03\\\/cassonetto-spazzatura-secco.jpg\",\"datePublished\":\"2026-09-01T19:48:27+00:00\",\"breadcrumb\":{\"@id\":\"https:\\\/\\\/www.bellunopress.it\\\/2026\\\/09\\\/01\\\/rifiuti-e-tariffe-il-comitato-cittadini-di-feltre-invoca-una-gestione-unitaria-provinciale\\\/#breadcrumb\"},\"inLanguage\":\"fr-FR\",\"potentialAction\":[{\"@type\":\"ReadAction\",\"target\":[\"https:\\\/\\\/www.bellunopress.it\\\/2026\\\/09\\\/01\\\/rifiuti-e-tariffe-il-comitato-cittadini-di-feltre-invoca-una-gestione-unitaria-provinciale\\\/\"]}]},{\"@type\":\"ImageObject\",\"inLanguage\":\"fr-FR\",\"@id\":\"https:\\\/\\\/www.bellunopress.it\\\/2026\\\/09\\\/01\\\/rifiuti-e-tariffe-il-comitato-cittadini-di-feltre-invoca-una-gestione-unitaria-provinciale\\\/#primaryimage\",\"url\":\"https:\\\/\\\/www.bellunopress.it\\\/wp-content\\\/uploads\\\/2019\\\/03\\\/cassonetto-spazzatura-secco.jpg\",\"contentUrl\":\"https:\\\/\\\/www.bellunopress.it\\\/wp-content\\\/uploads\\\/2019\\\/03\\\/cassonetto-spazzatura-secco.jpg\",\"width\":290,\"height\":241},{\"@type\":\"BreadcrumbList\",\"@id\":\"https:\\\/\\\/www.bellunopress.it\\\/2026\\\/09\\\/01\\\/rifiuti-e-tariffe-il-comitato-cittadini-di-feltre-invoca-una-gestione-unitaria-provinciale\\\/#breadcrumb\",\"itemListElement\":[{\"@type\":\"ListItem\",\"position\":1,\"name\":\"Home\",\"item\":\"https:\\\/\\\/www.bellunopress.it\\\/\"},{\"@type\":\"ListItem\",\"position\":2,\"name\":\"Rifiuti e tariffe: il Comitato Cittadini di Feltre invoca una gestione unitaria provinciale\"}]},{\"@type\":\"WebSite\",\"@id\":\"https:\\\/\\\/www.bellunopress.it\\\/#website\",\"url\":\"https:\\\/\\\/www.bellunopress.it\\\/\",\"name\":\"Bellunopress - Dolomiti\",\"description\":\"e-mail: redazione@bellunopress.it\",\"publisher\":{\"@id\":\"https:\\\/\\\/www.bellunopress.it\\\/#organization\"},\"potentialAction\":[{\"@type\":\"SearchAction\",\"target\":{\"@type\":\"EntryPoint\",\"urlTemplate\":\"https:\\\/\\\/www.bellunopress.it\\\/?s={search_term_string}\"},\"query-input\":{\"@type\":\"PropertyValueSpecification\",\"valueRequired\":true,\"valueName\":\"search_term_string\"}}],\"inLanguage\":\"fr-FR\"},{\"@type\":\"Organization\",\"@id\":\"https:\\\/\\\/www.bellunopress.it\\\/#organization\",\"name\":\"Bellunopress\",\"url\":\"https:\\\/\\\/www.bellunopress.it\\\/\",\"logo\":{\"@type\":\"ImageObject\",\"inLanguage\":\"fr-FR\",\"@id\":\"https:\\\/\\\/www.bellunopress.it\\\/#\\\/schema\\\/logo\\\/image\\\/\",\"url\":\"https:\\\/\\\/www.bellunopress.it\\\/wp-content\\\/uploads\\\/2011\\\/05\\\/cropped-logo-bellunopress-.jpg\",\"contentUrl\":\"https:\\\/\\\/www.bellunopress.it\\\/wp-content\\\/uploads\\\/2011\\\/05\\\/cropped-logo-bellunopress-.jpg\",\"width\":512,\"height\":512,\"caption\":\"Bellunopress\"},\"image\":{\"@id\":\"https:\\\/\\\/www.bellunopress.it\\\/#\\\/schema\\\/logo\\\/image\\\/\"},\"sameAs\":[\"https:\\\/\\\/www.facebook.com\\\/profile.php?id=100008943462799\",\"https:\\\/\\\/x.com\\\/bellunopress\",\"https:\\\/\\\/www.linkedin.com\\\/hp\\\/?dnr=JBzUWaJfMUw8vbXJJ2tVW5-I3jZKvC4wsoxE&amp;amp;amp;amp;amp;amp;trk=nav_responsive_tab_home\",\"https:\\\/\\\/www.youtube.com\\\/channel\\\/UCxL0wu1uN0_3_7hGG0306cw\"]},{\"@type\":\"Person\",\"@id\":\"https:\\\/\\\/www.bellunopress.it\\\/#\\\/schema\\\/person\\\/79bb06722b37ece1c03d3e94beb30d73\",\"name\":\"redazione\",\"image\":{\"@type\":\"ImageObject\",\"inLanguage\":\"fr-FR\",\"@id\":\"https:\\\/\\\/secure.gravatar.com\\\/avatar\\\/37d968a2e67a6fd04c169c4bdef102d0bc5d31b2546345219e348575eb80e9a0?s=96&d=mm&r=g\",\"url\":\"https:\\\/\\\/secure.gravatar.com\\\/avatar\\\/37d968a2e67a6fd04c169c4bdef102d0bc5d31b2546345219e348575eb80e9a0?s=96&d=mm&r=g\",\"contentUrl\":\"https:\\\/\\\/secure.gravatar.com\\\/avatar\\\/37d968a2e67a6fd04c169c4bdef102d0bc5d31b2546345219e348575eb80e9a0?s=96&d=mm&r=g\",\"caption\":\"redazione\"},\"sameAs\":[\"http:\\\/\\\/www.bellunopress.it\",\"https:\\\/\\\/x.com\\\/bellunopress\"],\"url\":\"https:\\\/\\\/www.bellunopress.it\\\/fr\\\/author\\\/redazione\\\/\"}]}<\/script>\n<!-- \/ Yoast SEO plugin. -->","yoast_head_json":{"title":"Rifiuti e tariffe: il Comitato Cittadini di Feltre invoca una gestione unitaria provinciale - Bellunopress - Dolomiti","robots":{"index":"index","follow":"follow","max-snippet":"max-snippet:-1","max-image-preview":"max-image-preview:large","max-video-preview":"max-video-preview:-1"},"canonical":"https:\/\/www.bellunopress.it\/fr\/2026\/09\/01\/rifiuti-e-tariffe-il-comitato-cittadini-di-feltre-invoca-una-gestione-unitaria-provinciale\/","og_locale":"fr_FR","og_type":"article","og_title":"Rifiuti e tariffe: il Comitato Cittadini di Feltre invoca una gestione unitaria provinciale - Bellunopress - Dolomiti","og_description":"Belluno, 01\/09\/2026 \u2014 Mettere ordine nel sistema dei rifiuti della provincia di Belluno, uniformando tariffe, regole e modalit\u00e0 di raccolta per tutelare cittadini e imprese ed evitare l&#8217;arrivo di grandi multi-utility extraprovinciali. \u00c8 la richiesta forte che emerge dall&#8217;incontro promosso dal Comitato cittadini di Feltre nella sede della Provincia, a cui hanno preso parte anche [&hellip;]","og_url":"https:\/\/www.bellunopress.it\/fr\/2026\/09\/01\/rifiuti-e-tariffe-il-comitato-cittadini-di-feltre-invoca-una-gestione-unitaria-provinciale\/","og_site_name":"Bellunopress - Dolomiti","article_publisher":"https:\/\/www.facebook.com\/profile.php?id=100008943462799","article_published_time":"2026-09-01T19:48:27+00:00","og_image":[{"width":290,"height":241,"url":"https:\/\/www.bellunopress.it\/wp-content\/uploads\/2019\/03\/cassonetto-spazzatura-secco.jpg","type":"image\/jpeg"}],"author":"redazione","twitter_card":"summary_large_image","twitter_creator":"@bellunopress","twitter_site":"@bellunopress","twitter_misc":{"\u00c9crit par":"redazione","Dur\u00e9e de lecture estim\u00e9e":"2 minutes"},"schema":{"@context":"https:\/\/schema.org","@graph":[{"@type":"Article","@id":"https:\/\/www.bellunopress.it\/2026\/09\/01\/rifiuti-e-tariffe-il-comitato-cittadini-di-feltre-invoca-una-gestione-unitaria-provinciale\/#article","isPartOf":{"@id":"https:\/\/www.bellunopress.it\/2026\/09\/01\/rifiuti-e-tariffe-il-comitato-cittadini-di-feltre-invoca-una-gestione-unitaria-provinciale\/"},"author":{"name":"redazione","@id":"https:\/\/www.bellunopress.it\/#\/schema\/person\/79bb06722b37ece1c03d3e94beb30d73"},"headline":"Rifiuti e tariffe: il Comitato Cittadini di Feltre invoca una gestione unitaria provinciale","datePublished":"2026-09-01T19:48:27+00:00","mainEntityOfPage":{"@id":"https:\/\/www.bellunopress.it\/2026\/09\/01\/rifiuti-e-tariffe-il-comitato-cittadini-di-feltre-invoca-una-gestione-unitaria-provinciale\/"},"wordCount":354,"publisher":{"@id":"https:\/\/www.bellunopress.it\/#organization"},"image":{"@id":"https:\/\/www.bellunopress.it\/2026\/09\/01\/rifiuti-e-tariffe-il-comitato-cittadini-di-feltre-invoca-una-gestione-unitaria-provinciale\/#primaryimage"},"thumbnailUrl":"https:\/\/www.bellunopress.it\/wp-content\/uploads\/2019\/03\/cassonetto-spazzatura-secco.jpg","articleSection":["Societ\u00e0, Associazioni, Istituzioni"],"inLanguage":"fr-FR"},{"@type":"WebPage","@id":"https:\/\/www.bellunopress.it\/2026\/09\/01\/rifiuti-e-tariffe-il-comitato-cittadini-di-feltre-invoca-una-gestione-unitaria-provinciale\/","url":"https:\/\/www.bellunopress.it\/2026\/09\/01\/rifiuti-e-tariffe-il-comitato-cittadini-di-feltre-invoca-una-gestione-unitaria-provinciale\/","name":"Rifiuti e tariffe: il Comitato Cittadini di Feltre invoca una gestione unitaria provinciale - Bellunopress - Dolomiti","isPartOf":{"@id":"https:\/\/www.bellunopress.it\/#website"},"primaryImageOfPage":{"@id":"https:\/\/www.bellunopress.it\/2026\/09\/01\/rifiuti-e-tariffe-il-comitato-cittadini-di-feltre-invoca-una-gestione-unitaria-provinciale\/#primaryimage"},"image":{"@id":"https:\/\/www.bellunopress.it\/2026\/09\/01\/rifiuti-e-tariffe-il-comitato-cittadini-di-feltre-invoca-una-gestione-unitaria-provinciale\/#primaryimage"},"thumbnailUrl":"https:\/\/www.bellunopress.it\/wp-content\/uploads\/2019\/03\/cassonetto-spazzatura-secco.jpg","datePublished":"2026-09-01T19:48:27+00:00","breadcrumb":{"@id":"https:\/\/www.bellunopress.it\/2026\/09\/01\/rifiuti-e-tariffe-il-comitato-cittadini-di-feltre-invoca-una-gestione-unitaria-provinciale\/#breadcrumb"},"inLanguage":"fr-FR","potentialAction":[{"@type":"ReadAction","target":["https:\/\/www.bellunopress.it\/2026\/09\/01\/rifiuti-e-tariffe-il-comitato-cittadini-di-feltre-invoca-una-gestione-unitaria-provinciale\/"]}]},{"@type":"ImageObject","inLanguage":"fr-FR","@id":"https:\/\/www.bellunopress.it\/2026\/09\/01\/rifiuti-e-tariffe-il-comitato-cittadini-di-feltre-invoca-una-gestione-unitaria-provinciale\/#primaryimage","url":"https:\/\/www.bellunopress.it\/wp-content\/uploads\/2019\/03\/cassonetto-spazzatura-secco.jpg","contentUrl":"https:\/\/www.bellunopress.it\/wp-content\/uploads\/2019\/03\/cassonetto-spazzatura-secco.jpg","width":290,"height":241},{"@type":"BreadcrumbList","@id":"https:\/\/www.bellunopress.it\/2026\/09\/01\/rifiuti-e-tariffe-il-comitato-cittadini-di-feltre-invoca-una-gestione-unitaria-provinciale\/#breadcrumb","itemListElement":[{"@type":"ListItem","position":1,"name":"Home","item":"https:\/\/www.bellunopress.it\/"},{"@type":"ListItem","position":2,"name":"Rifiuti e tariffe: il Comitato Cittadini di Feltre invoca una gestione unitaria provinciale"}]},{"@type":"WebSite","@id":"https:\/\/www.bellunopress.it\/#website","url":"https:\/\/www.bellunopress.it\/","name":"Bellunopress - Dolomiti","description":"e-mail: redazione@bellunopress.it","publisher":{"@id":"https:\/\/www.bellunopress.it\/#organization"},"potentialAction":[{"@type":"SearchAction","target":{"@type":"EntryPoint","urlTemplate":"https:\/\/www.bellunopress.it\/?s={search_term_string}"},"query-input":{"@type":"PropertyValueSpecification","valueRequired":true,"valueName":"search_term_string"}}],"inLanguage":"fr-FR"},{"@type":"Organization","@id":"https:\/\/www.bellunopress.it\/#organization","name":"Bellunopress","url":"https:\/\/www.bellunopress.it\/","logo":{"@type":"ImageObject","inLanguage":"fr-FR","@id":"https:\/\/www.bellunopress.it\/#\/schema\/logo\/image\/","url":"https:\/\/www.bellunopress.it\/wp-content\/uploads\/2011\/05\/cropped-logo-bellunopress-.jpg","contentUrl":"https:\/\/www.bellunopress.it\/wp-content\/uploads\/2011\/05\/cropped-logo-bellunopress-.jpg","width":512,"height":512,"caption":"Bellunopress"},"image":{"@id":"https:\/\/www.bellunopress.it\/#\/schema\/logo\/image\/"},"sameAs":["https:\/\/www.facebook.com\/profile.php?id=100008943462799","https:\/\/x.com\/bellunopress","https:\/\/www.linkedin.com\/hp\/?dnr=JBzUWaJfMUw8vbXJJ2tVW5-I3jZKvC4wsoxE&amp;amp;amp;amp;amp;amp;trk=nav_responsive_tab_home","https:\/\/www.youtube.com\/channel\/UCxL0wu1uN0_3_7hGG0306cw"]},{"@type":"Person","@id":"https:\/\/www.bellunopress.it\/#\/schema\/person\/79bb06722b37ece1c03d3e94beb30d73","name":"r\u00e9daction","image":{"@type":"ImageObject","inLanguage":"fr-FR","@id":"https:\/\/secure.gravatar.com\/avatar\/37d968a2e67a6fd04c169c4bdef102d0bc5d31b2546345219e348575eb80e9a0?s=96&d=mm&r=g","url":"https:\/\/secure.gravatar.com\/avatar\/37d968a2e67a6fd04c169c4bdef102d0bc5d31b2546345219e348575eb80e9a0?s=96&d=mm&r=g","contentUrl":"https:\/\/secure.gravatar.com\/avatar\/37d968a2e67a6fd04c169c4bdef102d0bc5d31b2546345219e348575eb80e9a0?s=96&d=mm&r=g","caption":"redazione"},"sameAs":["http:\/\/www.bellunopress.it","https:\/\/x.com\/bellunopress"],"url":"https:\/\/www.bellunopress.it\/fr\/author\/redazione\/"}]}},"_links":{"self":[{"href":"https:\/\/www.bellunopress.it\/fr\/wp-json\/wp\/v2\/posts\/173060","targetHints":{"allow":["GET"]}}],"collection":[{"href":"https:\/\/www.bellunopress.it\/fr\/wp-json\/wp\/v2\/posts"}],"about":[{"href":"https:\/\/www.bellunopress.it\/fr\/wp-json\/wp\/v2\/types\/post"}],"author":[{"embeddable":true,"href":"https:\/\/www.bellunopress.it\/fr\/wp-json\/wp\/v2\/users\/2"}],"replies":[{"embeddable":true,"href":"https:\/\/www.bellunopress.it\/fr\/wp-json\/wp\/v2\/comments?post=173060"}],"version-history":[{"count":1,"href":"https:\/\/www.bellunopress.it\/fr\/wp-json\/wp\/v2\/posts\/173060\/revisions"}],"predecessor-version":[{"id":173061,"href":"https:\/\/www.bellunopress.it\/fr\/wp-json\/wp\/v2\/posts\/173060\/revisions\/173061"}],"wp:featuredmedia":[{"embeddable":true,"href":"https:\/\/www.bellunopress.it\/fr\/wp-json\/wp\/v2\/media\/102898"}],"wp:attachment":[{"href":"https:\/\/www.bellunopress.it\/fr\/wp-json\/wp\/v2\/media?parent=173060"}],"wp:term":[{"taxonomy":"category","embeddable":true,"href":"https:\/\/www.bellunopress.it\/fr\/wp-json\/wp\/v2\/categories?post=173060"},{"taxonomy":"post_tag","embeddable":true,"href":"https:\/\/www.bellunopress.it\/fr\/wp-json\/wp\/v2\/tags?post=173060"}],"curies":[{"name":"wp","href":"https:\/\/api.w.org\/{rel}","templated":true}]}}