{"id":173041,"date":"2026-09-01T13:49:15","date_gmt":"2026-09-01T11:49:15","guid":{"rendered":"https:\/\/www.bellunopress.it\/?p=173041"},"modified":"2026-09-01T13:49:27","modified_gmt":"2026-09-01T11:49:27","slug":"seren-del-grappa-scuola-e-servizi-alle-famiglie-numeri-positivi-allavvio-del-nuovo-anno-scolastico","status":"publish","type":"post","link":"https:\/\/www.bellunopress.it\/fr\/2026\/09\/01\/seren-del-grappa-scuola-e-servizi-alle-famiglie-numeri-positivi-allavvio-del-nuovo-anno-scolastico\/","title":{"rendered":"Seren del Grappa. \u00c9cole et services aux familles : chiffres positifs au d\u00e9marrage de la nouvelle ann\u00e9e scolaire"},"content":{"rendered":"<p><strong>Il sindaco Scopel: &#8220;Una comunit\u00e0 che investe sui suoi bambini costruisce il proprio futuro. La scuola leva fondamentale anche contro lo spopolamento&#8221;<\/strong><\/p>\n<p>Seren del Grappa, 01\/09\/2026 &#8211; Il Comune di Seren del Grappa si prepara ad affrontare il nuovo anno scolastico con numeri che confermano la vitalit\u00e0 del sistema educativo locale e, pi\u00f9 in generale, la capacit\u00e0 del territorio di offrire alle famiglie servizi fondamentali per la crescita dei propri figli.<\/p>\n<p>Saranno infatti 38 i bambini iscritti alla scuola dell&#8217;infanzia del plesso di Rasai, mentre saranno 107 gli alunni della scuola primaria e 63 quelli della scuola secondaria di primo grado dell&#8217;Istituto comprensivo di Seren del Grappa. A questi si aggiungono i 14 bambini del micronido comunale, gestito in convenzione nel centro di Seren, che anche quest&#8217;anno raggiunge la piena occupazione dei posti disponibili.<\/p>\n<p>Numeri che rappresentano un segnale particolarmente significativo per una realt\u00e0 montana e che, secondo il sindaco Dario Scopel, testimoniano l&#8217;importanza di continuare a investire sulla qualit\u00e0 delle strutture e dei servizi scolastici.<\/p>\n<p>&#8220;L&#8217;avvio del nuovo anno scolastico ci consegna numeri che non possiamo che guardare con soddisfazione, sottolinea Scopel. Avere 38 bambini alla scuola dell&#8217;infanzia, oltre un centinaio alla primaria e 63 ragazzi alle medie, insieme ai 15 piccoli che frequentano il micronido, significa avere una comunit\u00e0 giovane che continua ad avere fiducia nei servizi del proprio territorio. \u00c8 un patrimonio che dobbiamo tutelare e sul quale \u00e8 nostro dovere continuare a investire; un risultato reso possibile grazie ad una sinergia ampia, che vede coinvolto tutto il personale docente e ATA, il micronido &#8220;Gli Gnomi&#8221; e Dolomiti Hub, che ringrazio per la collaborazione preziosa &#8220;, aggiunge il sindaco Scopel.<\/p>\n<p>In questa direzione prosegue anche l&#8217;impegno dell&#8217;amministrazione comunale sul fronte della manutenzione, dell&#8217;innovazione e dell&#8217;efficientamento delle strutture scolastiche. Dopo gli importanti interventi realizzati negli scorsi anni, proprio in questi giorni sono in corso nuovi acquisti di materiale informatico destinato alle scuole elementari e medie, resi possibili da un contributo di 5 mila euro stanziato dal Comune di Seren del Grappa.<\/p>\n<p>Ma la programmazione guarda gi\u00e0 al prossimo anno. Si pensa ad un importante intervento di rewamping dell&#8217;impianto di illuminazione dell&#8217;intero plesso scolastico di Seren, palestra compresa. L&#8217;obiettivo sar\u00e0 duplice: migliorare la qualit\u00e0 dell&#8217;illuminazione degli ambienti utilizzati quotidianamente da studenti e personale e, al tempo stesso, ridurre i consumi energetici, rendendo la struttura ancora pi\u00f9 efficiente e sostenibile.<\/p>\n<p>Parallelamente, nelle ultime settimane sono stati realizzati anche alcuni interventi di miglioramento anche presso la scuola dell&#8217;infanzia di Rasai, grazie alle risorse del Fondo FOSMIT (Fondo per lo sviluppo delle montagne italiane), attraverso l&#8217;Unione Montana Feltrina. Sono stati acquistati nuovi giochi per gli spazi esterni e installate tende oscuranti nelle aule maggiormente esposte al sole, con l&#8217;obiettivo di rendere gli ambienti pi\u00f9 confortevoli per i bambini.<\/p>\n<p>Sempre sul fronte dell&#8217;efficientamento energetico, il plesso di Rasai pu\u00f2 inoltre contare su una nuova caldaia, fornita a costo zero da Italgas, un intervento che contribuisce a migliorare ulteriormente le prestazioni energetiche della struttura senza gravare sulle casse comunali.<\/p>\n<p>Per il sindaco, tuttavia, il tema va ben oltre la semplice gestione degli edifici scolastici e dei servizi educativi.<\/p>\n<p>&#8220;La scuola \u00e8 uno dei servizi principali per le famiglie e rappresenta una delle condizioni che possono incidere concretamente sulle scelte di chi decide dove vivere, crescere i propri figli e costruire il proprio futuro. Garantire servizi scolastici di qualit\u00e0 significa quindi offrire una carta importante non soltanto ai residenti di Seren del Grappa, ma anche alle famiglie dei territori vicini. In una fase nella quale i piccoli Comuni montani devono confrontarsi quotidianamente con il fenomeno dello spopolamento, soprattutto per quanto riguarda le fasce pi\u00f9 giovani, investire sui bambini, sulla scuola e sui servizi alle famiglie significa investire sulla possibilit\u00e0 stessa di avere un futuro per la nostra comunit\u00e0. I numeri di questo nuovo anno scolastico ci danno fiducia e, allo stesso tempo, ci ricordano quanto sia importante continuare su questa strada&#8221;.Sere<\/p>","protected":false},"excerpt":{"rendered":"<p>Il sindaco Scopel: &#8220;Una comunit\u00e0 che investe sui suoi bambini costruisce il proprio futuro. La scuola leva fondamentale anche contro lo spopolamento&#8221; Seren del Grappa, 01\/09\/2026 &#8211; Il Comune di Seren del Grappa si prepara ad affrontare il nuovo anno scolastico con numeri che confermano la vitalit\u00e0 del sistema educativo locale e, pi\u00f9 in generale, [&hellip;]<\/p>\n","protected":false},"author":2,"featured_media":172493,"comment_status":"closed","ping_status":"open","sticky":false,"template":"","format":"standard","meta":{"footnotes":""},"categories":[26,15],"tags":[],"class_list":["post-173041","post","type-post","status-publish","format-standard","has-post-thumbnail","category-prima-pagina","category-scuola"],"yoast_head":"<!-- This site is optimized with the Yoast SEO plugin v28.4 - https:\/\/yoast.com\/product\/yoast-seo-wordpress\/ -->\n<title>Seren del Grappa. Scuola e servizi alle famiglie: numeri positivi all&#039;avvio del nuovo anno scolastico - Bellunopress - Dolomiti<\/title>\n<meta name=\"robots\" content=\"index, follow, max-snippet:-1, max-image-preview:large, max-video-preview:-1\" \/>\n<link rel=\"canonical\" href=\"https:\/\/www.bellunopress.it\/fr\/2026\/09\/01\/seren-del-grappa-scuola-e-servizi-alle-famiglie-numeri-positivi-allavvio-del-nuovo-anno-scolastico\/\" \/>\n<meta property=\"og:locale\" content=\"fr_FR\" \/>\n<meta property=\"og:type\" content=\"article\" \/>\n<meta property=\"og:title\" content=\"Seren del Grappa. Scuola e servizi alle famiglie: numeri positivi all&#039;avvio del nuovo anno scolastico - Bellunopress - Dolomiti\" \/>\n<meta property=\"og:description\" content=\"Il sindaco Scopel: &#8220;Una comunit\u00e0 che investe sui suoi bambini costruisce il proprio futuro. La scuola leva fondamentale anche contro lo spopolamento&#8221; Seren del Grappa, 01\/09\/2026 &#8211; Il Comune di Seren del Grappa si prepara ad affrontare il nuovo anno scolastico con numeri che confermano la vitalit\u00e0 del sistema educativo locale e, pi\u00f9 in generale, [&hellip;]\" \/>\n<meta property=\"og:url\" content=\"https:\/\/www.bellunopress.it\/fr\/2026\/09\/01\/seren-del-grappa-scuola-e-servizi-alle-famiglie-numeri-positivi-allavvio-del-nuovo-anno-scolastico\/\" \/>\n<meta property=\"og:site_name\" content=\"Bellunopress - Dolomiti\" \/>\n<meta property=\"article:publisher\" content=\"https:\/\/www.facebook.com\/profile.php?id=100008943462799\" \/>\n<meta property=\"article:published_time\" content=\"2026-09-01T11:49:15+00:00\" \/>\n<meta property=\"article:modified_time\" content=\"2026-09-01T11:49:27+00:00\" \/>\n<meta property=\"og:image\" content=\"https:\/\/www.bellunopress.it\/wp-content\/uploads\/2026\/08\/Dario-Scopel-sindaco-Seren-del-Grappa.jpeg\" \/>\n\t<meta property=\"og:image:width\" content=\"364\" \/>\n\t<meta property=\"og:image:height\" content=\"378\" \/>\n\t<meta property=\"og:image:type\" content=\"image\/jpeg\" \/>\n<meta name=\"author\" content=\"redazione\" \/>\n<meta name=\"twitter:card\" content=\"summary_large_image\" \/>\n<meta name=\"twitter:creator\" content=\"@bellunopress\" \/>\n<meta name=\"twitter:site\" content=\"@bellunopress\" \/>\n<meta name=\"twitter:label1\" content=\"Written by\" \/>\n\t<meta name=\"twitter:data1\" content=\"redazione\" \/>\n\t<meta name=\"twitter:label2\" content=\"Est. reading time\" \/>\n\t<meta name=\"twitter:data2\" content=\"4 minutes\" \/>\n<script type=\"application\/ld+json\" class=\"yoast-schema-graph\">{\"@context\":\"https:\\\/\\\/schema.org\",\"@graph\":[{\"@type\":\"Article\",\"@id\":\"https:\\\/\\\/www.bellunopress.it\\\/2026\\\/09\\\/01\\\/seren-del-grappa-scuola-e-servizi-alle-famiglie-numeri-positivi-allavvio-del-nuovo-anno-scolastico\\\/#article\",\"isPartOf\":{\"@id\":\"https:\\\/\\\/www.bellunopress.it\\\/2026\\\/09\\\/01\\\/seren-del-grappa-scuola-e-servizi-alle-famiglie-numeri-positivi-allavvio-del-nuovo-anno-scolastico\\\/\"},\"author\":{\"name\":\"redazione\",\"@id\":\"https:\\\/\\\/www.bellunopress.it\\\/#\\\/schema\\\/person\\\/79bb06722b37ece1c03d3e94beb30d73\"},\"headline\":\"Seren del Grappa. Scuola e servizi alle famiglie: numeri positivi all&#8217;avvio del nuovo anno scolastico\",\"datePublished\":\"2026-09-01T11:49:15+00:00\",\"dateModified\":\"2026-09-01T11:49:27+00:00\",\"mainEntityOfPage\":{\"@id\":\"https:\\\/\\\/www.bellunopress.it\\\/2026\\\/09\\\/01\\\/seren-del-grappa-scuola-e-servizi-alle-famiglie-numeri-positivi-allavvio-del-nuovo-anno-scolastico\\\/\"},\"wordCount\":668,\"publisher\":{\"@id\":\"https:\\\/\\\/www.bellunopress.it\\\/#organization\"},\"image\":{\"@id\":\"https:\\\/\\\/www.bellunopress.it\\\/2026\\\/09\\\/01\\\/seren-del-grappa-scuola-e-servizi-alle-famiglie-numeri-positivi-allavvio-del-nuovo-anno-scolastico\\\/#primaryimage\"},\"thumbnailUrl\":\"https:\\\/\\\/www.bellunopress.it\\\/wp-content\\\/uploads\\\/2026\\\/08\\\/Dario-Scopel-sindaco-Seren-del-Grappa.jpeg\",\"articleSection\":[\"Prima Pagina\",\"Scuola\"],\"inLanguage\":\"fr-FR\"},{\"@type\":\"WebPage\",\"@id\":\"https:\\\/\\\/www.bellunopress.it\\\/2026\\\/09\\\/01\\\/seren-del-grappa-scuola-e-servizi-alle-famiglie-numeri-positivi-allavvio-del-nuovo-anno-scolastico\\\/\",\"url\":\"https:\\\/\\\/www.bellunopress.it\\\/2026\\\/09\\\/01\\\/seren-del-grappa-scuola-e-servizi-alle-famiglie-numeri-positivi-allavvio-del-nuovo-anno-scolastico\\\/\",\"name\":\"Seren del Grappa. Scuola e servizi alle famiglie: numeri positivi all'avvio del nuovo anno scolastico - Bellunopress - Dolomiti\",\"isPartOf\":{\"@id\":\"https:\\\/\\\/www.bellunopress.it\\\/#website\"},\"primaryImageOfPage\":{\"@id\":\"https:\\\/\\\/www.bellunopress.it\\\/2026\\\/09\\\/01\\\/seren-del-grappa-scuola-e-servizi-alle-famiglie-numeri-positivi-allavvio-del-nuovo-anno-scolastico\\\/#primaryimage\"},\"image\":{\"@id\":\"https:\\\/\\\/www.bellunopress.it\\\/2026\\\/09\\\/01\\\/seren-del-grappa-scuola-e-servizi-alle-famiglie-numeri-positivi-allavvio-del-nuovo-anno-scolastico\\\/#primaryimage\"},\"thumbnailUrl\":\"https:\\\/\\\/www.bellunopress.it\\\/wp-content\\\/uploads\\\/2026\\\/08\\\/Dario-Scopel-sindaco-Seren-del-Grappa.jpeg\",\"datePublished\":\"2026-09-01T11:49:15+00:00\",\"dateModified\":\"2026-09-01T11:49:27+00:00\",\"breadcrumb\":{\"@id\":\"https:\\\/\\\/www.bellunopress.it\\\/2026\\\/09\\\/01\\\/seren-del-grappa-scuola-e-servizi-alle-famiglie-numeri-positivi-allavvio-del-nuovo-anno-scolastico\\\/#breadcrumb\"},\"inLanguage\":\"fr-FR\",\"potentialAction\":[{\"@type\":\"ReadAction\",\"target\":[\"https:\\\/\\\/www.bellunopress.it\\\/2026\\\/09\\\/01\\\/seren-del-grappa-scuola-e-servizi-alle-famiglie-numeri-positivi-allavvio-del-nuovo-anno-scolastico\\\/\"]}]},{\"@type\":\"ImageObject\",\"inLanguage\":\"fr-FR\",\"@id\":\"https:\\\/\\\/www.bellunopress.it\\\/2026\\\/09\\\/01\\\/seren-del-grappa-scuola-e-servizi-alle-famiglie-numeri-positivi-allavvio-del-nuovo-anno-scolastico\\\/#primaryimage\",\"url\":\"https:\\\/\\\/www.bellunopress.it\\\/wp-content\\\/uploads\\\/2026\\\/08\\\/Dario-Scopel-sindaco-Seren-del-Grappa.jpeg\",\"contentUrl\":\"https:\\\/\\\/www.bellunopress.it\\\/wp-content\\\/uploads\\\/2026\\\/08\\\/Dario-Scopel-sindaco-Seren-del-Grappa.jpeg\",\"width\":364,\"height\":378,\"caption\":\"Dario Scopel, sindaco di Seren del Grappa\"},{\"@type\":\"BreadcrumbList\",\"@id\":\"https:\\\/\\\/www.bellunopress.it\\\/2026\\\/09\\\/01\\\/seren-del-grappa-scuola-e-servizi-alle-famiglie-numeri-positivi-allavvio-del-nuovo-anno-scolastico\\\/#breadcrumb\",\"itemListElement\":[{\"@type\":\"ListItem\",\"position\":1,\"name\":\"Home\",\"item\":\"https:\\\/\\\/www.bellunopress.it\\\/\"},{\"@type\":\"ListItem\",\"position\":2,\"name\":\"Seren del Grappa. Scuola e servizi alle famiglie: numeri positivi all&#8217;avvio del nuovo anno scolastico\"}]},{\"@type\":\"WebSite\",\"@id\":\"https:\\\/\\\/www.bellunopress.it\\\/#website\",\"url\":\"https:\\\/\\\/www.bellunopress.it\\\/\",\"name\":\"Bellunopress - Dolomiti\",\"description\":\"e-mail: redazione@bellunopress.it\",\"publisher\":{\"@id\":\"https:\\\/\\\/www.bellunopress.it\\\/#organization\"},\"potentialAction\":[{\"@type\":\"SearchAction\",\"target\":{\"@type\":\"EntryPoint\",\"urlTemplate\":\"https:\\\/\\\/www.bellunopress.it\\\/?s={search_term_string}\"},\"query-input\":{\"@type\":\"PropertyValueSpecification\",\"valueRequired\":true,\"valueName\":\"search_term_string\"}}],\"inLanguage\":\"fr-FR\"},{\"@type\":\"Organization\",\"@id\":\"https:\\\/\\\/www.bellunopress.it\\\/#organization\",\"name\":\"Bellunopress\",\"url\":\"https:\\\/\\\/www.bellunopress.it\\\/\",\"logo\":{\"@type\":\"ImageObject\",\"inLanguage\":\"fr-FR\",\"@id\":\"https:\\\/\\\/www.bellunopress.it\\\/#\\\/schema\\\/logo\\\/image\\\/\",\"url\":\"https:\\\/\\\/www.bellunopress.it\\\/wp-content\\\/uploads\\\/2011\\\/05\\\/cropped-logo-bellunopress-.jpg\",\"contentUrl\":\"https:\\\/\\\/www.bellunopress.it\\\/wp-content\\\/uploads\\\/2011\\\/05\\\/cropped-logo-bellunopress-.jpg\",\"width\":512,\"height\":512,\"caption\":\"Bellunopress\"},\"image\":{\"@id\":\"https:\\\/\\\/www.bellunopress.it\\\/#\\\/schema\\\/logo\\\/image\\\/\"},\"sameAs\":[\"https:\\\/\\\/www.facebook.com\\\/profile.php?id=100008943462799\",\"https:\\\/\\\/x.com\\\/bellunopress\",\"https:\\\/\\\/www.linkedin.com\\\/hp\\\/?dnr=JBzUWaJfMUw8vbXJJ2tVW5-I3jZKvC4wsoxE&amp;amp;amp;amp;amp;amp;trk=nav_responsive_tab_home\",\"https:\\\/\\\/www.youtube.com\\\/channel\\\/UCxL0wu1uN0_3_7hGG0306cw\"]},{\"@type\":\"Person\",\"@id\":\"https:\\\/\\\/www.bellunopress.it\\\/#\\\/schema\\\/person\\\/79bb06722b37ece1c03d3e94beb30d73\",\"name\":\"redazione\",\"image\":{\"@type\":\"ImageObject\",\"inLanguage\":\"fr-FR\",\"@id\":\"https:\\\/\\\/secure.gravatar.com\\\/avatar\\\/37d968a2e67a6fd04c169c4bdef102d0bc5d31b2546345219e348575eb80e9a0?s=96&d=mm&r=g\",\"url\":\"https:\\\/\\\/secure.gravatar.com\\\/avatar\\\/37d968a2e67a6fd04c169c4bdef102d0bc5d31b2546345219e348575eb80e9a0?s=96&d=mm&r=g\",\"contentUrl\":\"https:\\\/\\\/secure.gravatar.com\\\/avatar\\\/37d968a2e67a6fd04c169c4bdef102d0bc5d31b2546345219e348575eb80e9a0?s=96&d=mm&r=g\",\"caption\":\"redazione\"},\"sameAs\":[\"http:\\\/\\\/www.bellunopress.it\",\"https:\\\/\\\/x.com\\\/bellunopress\"],\"url\":\"https:\\\/\\\/www.bellunopress.it\\\/fr\\\/author\\\/redazione\\\/\"}]}<\/script>\n<!-- \/ Yoast SEO plugin. -->","yoast_head_json":{"title":"Seren del Grappa. Scuola e servizi alle famiglie: numeri positivi all'avvio del nuovo anno scolastico - Bellunopress - Dolomiti","robots":{"index":"index","follow":"follow","max-snippet":"max-snippet:-1","max-image-preview":"max-image-preview:large","max-video-preview":"max-video-preview:-1"},"canonical":"https:\/\/www.bellunopress.it\/fr\/2026\/09\/01\/seren-del-grappa-scuola-e-servizi-alle-famiglie-numeri-positivi-allavvio-del-nuovo-anno-scolastico\/","og_locale":"fr_FR","og_type":"article","og_title":"Seren del Grappa. Scuola e servizi alle famiglie: numeri positivi all'avvio del nuovo anno scolastico - Bellunopress - Dolomiti","og_description":"Il sindaco Scopel: &#8220;Una comunit\u00e0 che investe sui suoi bambini costruisce il proprio futuro. La scuola leva fondamentale anche contro lo spopolamento&#8221; Seren del Grappa, 01\/09\/2026 &#8211; Il Comune di Seren del Grappa si prepara ad affrontare il nuovo anno scolastico con numeri che confermano la vitalit\u00e0 del sistema educativo locale e, pi\u00f9 in generale, [&hellip;]","og_url":"https:\/\/www.bellunopress.it\/fr\/2026\/09\/01\/seren-del-grappa-scuola-e-servizi-alle-famiglie-numeri-positivi-allavvio-del-nuovo-anno-scolastico\/","og_site_name":"Bellunopress - Dolomiti","article_publisher":"https:\/\/www.facebook.com\/profile.php?id=100008943462799","article_published_time":"2026-09-01T11:49:15+00:00","article_modified_time":"2026-09-01T11:49:27+00:00","og_image":[{"width":364,"height":378,"url":"https:\/\/www.bellunopress.it\/wp-content\/uploads\/2026\/08\/Dario-Scopel-sindaco-Seren-del-Grappa.jpeg","type":"image\/jpeg"}],"author":"redazione","twitter_card":"summary_large_image","twitter_creator":"@bellunopress","twitter_site":"@bellunopress","twitter_misc":{"Written by":"redazione","Est. reading time":"4 minutes"},"schema":{"@context":"https:\/\/schema.org","@graph":[{"@type":"Article","@id":"https:\/\/www.bellunopress.it\/2026\/09\/01\/seren-del-grappa-scuola-e-servizi-alle-famiglie-numeri-positivi-allavvio-del-nuovo-anno-scolastico\/#article","isPartOf":{"@id":"https:\/\/www.bellunopress.it\/2026\/09\/01\/seren-del-grappa-scuola-e-servizi-alle-famiglie-numeri-positivi-allavvio-del-nuovo-anno-scolastico\/"},"author":{"name":"redazione","@id":"https:\/\/www.bellunopress.it\/#\/schema\/person\/79bb06722b37ece1c03d3e94beb30d73"},"headline":"Seren del Grappa. Scuola e servizi alle famiglie: numeri positivi all&#8217;avvio del nuovo anno scolastico","datePublished":"2026-09-01T11:49:15+00:00","dateModified":"2026-09-01T11:49:27+00:00","mainEntityOfPage":{"@id":"https:\/\/www.bellunopress.it\/2026\/09\/01\/seren-del-grappa-scuola-e-servizi-alle-famiglie-numeri-positivi-allavvio-del-nuovo-anno-scolastico\/"},"wordCount":668,"publisher":{"@id":"https:\/\/www.bellunopress.it\/#organization"},"image":{"@id":"https:\/\/www.bellunopress.it\/2026\/09\/01\/seren-del-grappa-scuola-e-servizi-alle-famiglie-numeri-positivi-allavvio-del-nuovo-anno-scolastico\/#primaryimage"},"thumbnailUrl":"https:\/\/www.bellunopress.it\/wp-content\/uploads\/2026\/08\/Dario-Scopel-sindaco-Seren-del-Grappa.jpeg","articleSection":["Prima Pagina","Scuola"],"inLanguage":"fr-FR"},{"@type":"WebPage","@id":"https:\/\/www.bellunopress.it\/2026\/09\/01\/seren-del-grappa-scuola-e-servizi-alle-famiglie-numeri-positivi-allavvio-del-nuovo-anno-scolastico\/","url":"https:\/\/www.bellunopress.it\/2026\/09\/01\/seren-del-grappa-scuola-e-servizi-alle-famiglie-numeri-positivi-allavvio-del-nuovo-anno-scolastico\/","name":"Seren del Grappa. Scuola e servizi alle famiglie: numeri positivi all'avvio del nuovo anno scolastico - Bellunopress - Dolomiti","isPartOf":{"@id":"https:\/\/www.bellunopress.it\/#website"},"primaryImageOfPage":{"@id":"https:\/\/www.bellunopress.it\/2026\/09\/01\/seren-del-grappa-scuola-e-servizi-alle-famiglie-numeri-positivi-allavvio-del-nuovo-anno-scolastico\/#primaryimage"},"image":{"@id":"https:\/\/www.bellunopress.it\/2026\/09\/01\/seren-del-grappa-scuola-e-servizi-alle-famiglie-numeri-positivi-allavvio-del-nuovo-anno-scolastico\/#primaryimage"},"thumbnailUrl":"https:\/\/www.bellunopress.it\/wp-content\/uploads\/2026\/08\/Dario-Scopel-sindaco-Seren-del-Grappa.jpeg","datePublished":"2026-09-01T11:49:15+00:00","dateModified":"2026-09-01T11:49:27+00:00","breadcrumb":{"@id":"https:\/\/www.bellunopress.it\/2026\/09\/01\/seren-del-grappa-scuola-e-servizi-alle-famiglie-numeri-positivi-allavvio-del-nuovo-anno-scolastico\/#breadcrumb"},"inLanguage":"fr-FR","potentialAction":[{"@type":"ReadAction","target":["https:\/\/www.bellunopress.it\/2026\/09\/01\/seren-del-grappa-scuola-e-servizi-alle-famiglie-numeri-positivi-allavvio-del-nuovo-anno-scolastico\/"]}]},{"@type":"ImageObject","inLanguage":"fr-FR","@id":"https:\/\/www.bellunopress.it\/2026\/09\/01\/seren-del-grappa-scuola-e-servizi-alle-famiglie-numeri-positivi-allavvio-del-nuovo-anno-scolastico\/#primaryimage","url":"https:\/\/www.bellunopress.it\/wp-content\/uploads\/2026\/08\/Dario-Scopel-sindaco-Seren-del-Grappa.jpeg","contentUrl":"https:\/\/www.bellunopress.it\/wp-content\/uploads\/2026\/08\/Dario-Scopel-sindaco-Seren-del-Grappa.jpeg","width":364,"height":378,"caption":"Dario Scopel, sindaco di Seren del Grappa"},{"@type":"BreadcrumbList","@id":"https:\/\/www.bellunopress.it\/2026\/09\/01\/seren-del-grappa-scuola-e-servizi-alle-famiglie-numeri-positivi-allavvio-del-nuovo-anno-scolastico\/#breadcrumb","itemListElement":[{"@type":"ListItem","position":1,"name":"Home","item":"https:\/\/www.bellunopress.it\/"},{"@type":"ListItem","position":2,"name":"Seren del Grappa. Scuola e servizi alle famiglie: numeri positivi all&#8217;avvio del nuovo anno scolastico"}]},{"@type":"WebSite","@id":"https:\/\/www.bellunopress.it\/#website","url":"https:\/\/www.bellunopress.it\/","name":"Bellunopress - Dolomiti","description":"e-mail: redazione@bellunopress.it","publisher":{"@id":"https:\/\/www.bellunopress.it\/#organization"},"potentialAction":[{"@type":"SearchAction","target":{"@type":"EntryPoint","urlTemplate":"https:\/\/www.bellunopress.it\/?s={search_term_string}"},"query-input":{"@type":"PropertyValueSpecification","valueRequired":true,"valueName":"search_term_string"}}],"inLanguage":"fr-FR"},{"@type":"Organization","@id":"https:\/\/www.bellunopress.it\/#organization","name":"Bellunopress","url":"https:\/\/www.bellunopress.it\/","logo":{"@type":"ImageObject","inLanguage":"fr-FR","@id":"https:\/\/www.bellunopress.it\/#\/schema\/logo\/image\/","url":"https:\/\/www.bellunopress.it\/wp-content\/uploads\/2011\/05\/cropped-logo-bellunopress-.jpg","contentUrl":"https:\/\/www.bellunopress.it\/wp-content\/uploads\/2011\/05\/cropped-logo-bellunopress-.jpg","width":512,"height":512,"caption":"Bellunopress"},"image":{"@id":"https:\/\/www.bellunopress.it\/#\/schema\/logo\/image\/"},"sameAs":["https:\/\/www.facebook.com\/profile.php?id=100008943462799","https:\/\/x.com\/bellunopress","https:\/\/www.linkedin.com\/hp\/?dnr=JBzUWaJfMUw8vbXJJ2tVW5-I3jZKvC4wsoxE&amp;amp;amp;amp;amp;amp;trk=nav_responsive_tab_home","https:\/\/www.youtube.com\/channel\/UCxL0wu1uN0_3_7hGG0306cw"]},{"@type":"Person","@id":"https:\/\/www.bellunopress.it\/#\/schema\/person\/79bb06722b37ece1c03d3e94beb30d73","name":"r\u00e9daction","image":{"@type":"ImageObject","inLanguage":"fr-FR","@id":"https:\/\/secure.gravatar.com\/avatar\/37d968a2e67a6fd04c169c4bdef102d0bc5d31b2546345219e348575eb80e9a0?s=96&d=mm&r=g","url":"https:\/\/secure.gravatar.com\/avatar\/37d968a2e67a6fd04c169c4bdef102d0bc5d31b2546345219e348575eb80e9a0?s=96&d=mm&r=g","contentUrl":"https:\/\/secure.gravatar.com\/avatar\/37d968a2e67a6fd04c169c4bdef102d0bc5d31b2546345219e348575eb80e9a0?s=96&d=mm&r=g","caption":"redazione"},"sameAs":["http:\/\/www.bellunopress.it","https:\/\/x.com\/bellunopress"],"url":"https:\/\/www.bellunopress.it\/fr\/author\/redazione\/"}]}},"_links":{"self":[{"href":"https:\/\/www.bellunopress.it\/fr\/wp-json\/wp\/v2\/posts\/173041","targetHints":{"allow":["GET"]}}],"collection":[{"href":"https:\/\/www.bellunopress.it\/fr\/wp-json\/wp\/v2\/posts"}],"about":[{"href":"https:\/\/www.bellunopress.it\/fr\/wp-json\/wp\/v2\/types\/post"}],"author":[{"embeddable":true,"href":"https:\/\/www.bellunopress.it\/fr\/wp-json\/wp\/v2\/users\/2"}],"replies":[{"embeddable":true,"href":"https:\/\/www.bellunopress.it\/fr\/wp-json\/wp\/v2\/comments?post=173041"}],"version-history":[{"count":2,"href":"https:\/\/www.bellunopress.it\/fr\/wp-json\/wp\/v2\/posts\/173041\/revisions"}],"predecessor-version":[{"id":173043,"href":"https:\/\/www.bellunopress.it\/fr\/wp-json\/wp\/v2\/posts\/173041\/revisions\/173043"}],"wp:featuredmedia":[{"embeddable":true,"href":"https:\/\/www.bellunopress.it\/fr\/wp-json\/wp\/v2\/media\/172493"}],"wp:attachment":[{"href":"https:\/\/www.bellunopress.it\/fr\/wp-json\/wp\/v2\/media?parent=173041"}],"wp:term":[{"taxonomy":"category","embeddable":true,"href":"https:\/\/www.bellunopress.it\/fr\/wp-json\/wp\/v2\/categories?post=173041"},{"taxonomy":"post_tag","embeddable":true,"href":"https:\/\/www.bellunopress.it\/fr\/wp-json\/wp\/v2\/tags?post=173041"}],"curies":[{"name":"wp","href":"https:\/\/api.w.org\/{rel}","templated":true}]}}