{"id":173034,"date":"2026-09-01T07:04:19","date_gmt":"2026-09-01T05:04:19","guid":{"rendered":"https:\/\/www.bellunopress.it\/?p=173034"},"modified":"2026-09-01T07:05:08","modified_gmt":"2026-09-01T05:05:08","slug":"belluno-baldenich-quei-vuoti-urbani-da-trasformare-in-luoghi-per-la-comunita-venerdi-laperitivo-al-barwu-ex-daj-dam","status":"publish","type":"post","link":"https:\/\/www.bellunopress.it\/fr\/2026\/09\/01\/belluno-baldenich-quei-vuoti-urbani-da-trasformare-in-luoghi-per-la-comunita-venerdi-laperitivo-al-barwu-ex-daj-dam\/","title":{"rendered":"Belluno. Baldenich, quei \u201cvuoti urbani\u201d da trasformare in luoghi per la comunit\u00e0. Venerd\u00ec l&#8217;aperitivo al Bar Wu ex Daj Dam"},"content":{"rendered":"<p><em><strong>Panchine, verde e piccoli interventi per ridare funzione agli spazi residuali del quartiere. Al centro la proposta per l&#8217;area dell&#8217;ex piazzetta De Luca: se ne parler\u00e0 venerd\u00ec 4 settembre alle ore 18 al Bar Wu in Piazzale della Resistenza 6 (ex Daj Dam), con gli \u00abUrban Talks \u2013 Dialoghi urbani\u00bb, un aperitivo di quartiere dedicato proprio al tema dei vuoti urbani. <\/strong><\/em><\/p>\n<p><em>L&#8217;incontro nasce con l&#8217;obiettivo di affiancare gli appuntamenti partecipativi mensili del comitato, aprendo uno spazio di confronto pi\u00f9 informale su urbanistica, mobilit\u00e0, viabilit\u00e0, verde urbano, illuminazione e arredo. Al centro del primo incontro ci saranno dunque gli spazi del quartiere \u00abda riempire, valorizzare e ripensare\u00bb, compresa la necessit\u00e0 di creare nuovi luoghi di sosta.<\/em><\/p>\n<p>Belluno, 01\/09\/2026 &#8211; Ci sono spazi della citt\u00e0 che tutti conoscono, ma che nessuno considera davvero un luogo. Si passa accanto, si attraversano, ci si parcheggia vicino. Difficilmente ci si ferma.<br \/>\n\u00abA Baldenich ce ne sono diversi. Piccoli ritagli di territorio rimasti ai margini della viabilit\u00e0 o dell&#8217;edificazione, aree nate per assolvere a una funzione precisa e che oggi sembrano averne persa una propria. \u00c8 su questi spazi che il comitato di quartiere Baldenich24 ha deciso di concentrare una parte della propria riflessione, provando a immaginare come possano tornare a essere luoghi vissuti\u00bb dice Luigi Filippo Daniele, Capofrazione di Baldenich e promotore del Comitato di Quartiere Baldenich24.<\/p>\n<p>La proposta pi\u00f9 significativa riguarda l&#8217;area che si trova davanti alla Lidl, accanto alla rotatoria. \u00c8 ci\u00f2 che resta della vecchia piazzetta De Luca, cancellata nella sua configurazione originaria con la realizzazione della rotatoria. Oggi quello spazio \u00e8 prevalentemente un&#8217;area di passaggio. L&#8217;idea \u00e8 invece quella di trasformarlo in una piccola piazza di quartiere.<\/p>\n<p>Il nome immaginato per il progetto \u00e8 curioso e volutamente provocatorio: &#8220;Piazzetta delle occasioni perdute&#8221;.<\/p>\n<p>\u00abNon un nuovo intervento urbanistico di grandi dimensioni, ma una piccola operazione di micro-rigenerazione urbana: panchine, fioriere, alberi e qualche elemento di arredo per creare un luogo dove potersi fermare, aspettare qualcuno, incontrare un vicino o semplicemente trascorrere qualche minuto\u00bb dice Daniele .<\/p>\n<p><strong>Dal &#8220;vuoto&#8221; alla piazza<\/strong><\/p>\n<p>Il concetto dal quale parte la proposta \u00e8 quello dei &#8220;vuoti urbani&#8221;: spazi che, pur trovandosi all&#8217;interno della citt\u00e0 costruita, non hanno una vera funzione sociale e rischiano di diventare semplicemente superfici residuali.<\/p>\n<p>A Baldenich e Nogar\u00e8 l&#8217;idea \u00e8 provare a rovesciare questa prospettiva. Non necessariamente costruendo qualcosa di nuovo, ma dando una funzione diversa a ci\u00f2 che gi\u00e0 esiste.<\/p>\n<p>Nel caso dell&#8217;ex piazzetta De Luca, l&#8217;ipotesi \u00e8 quella di una sorta di pocket plaza, una piccola piazza ottenuta attraverso interventi puntuali. Le panchine potrebbero essere disposte in modo da favorire la conversazione e il contatto tra le persone, mentre alberi e fioriere avrebbero anche il compito di rendere pi\u00f9 confortevole lo spazio e creare una separazione rispetto alla strada e al traffico.<\/p>\n<p>\u00c8 una questione apparentemente semplice, ma che porta con s\u00e9 una domanda pi\u00f9 ampia: quanto spazio della citt\u00e0 \u00e8 realmente pensato per essere vissuto dalle persone e quanto, invece, soltanto attraversato?<\/p>\n<p><strong>Non soltanto l&#8217;ex piazzetta De Luca<\/strong><\/p>\n<p>La ricognizione del comitato non si ferma allo spiazzo davanti alla Lidl. Nel documento dedicato ai vuoti urbani vengono individuati diversi altri punti di Baldenich nei quali, secondo la proposta, sarebbe possibile intervenire con soluzioni relativamente semplici.<\/p>\n<p>In via Alpago Novello, ad esempio, vengono presi in considerazione alcuni spazi che potrebbero accogliere verde e sedute, anche in prossimit\u00e0 delle fermate dell&#8217;autobus. L&#8217;obiettivo sarebbe rendere pi\u00f9 confortevole l&#8217;attesa del trasporto pubblico, soprattutto attraverso alberature e punti di sosta.<\/p>\n<p>C&#8217;\u00e8 poi piazza Lollino, uno dei pochi spazi del quartiere con una dimensione propriamente pedonale, ma oggi in parte condizionato dalla presenza di contenitori per i rifiuti e dalla sosta delle automobili. Qui la riflessione riguarda la possibilit\u00e0 di recuperare una parte della piazza alla sua funzione sociale.<\/p>\n<p>In via Bettio, invece, esiste gi\u00e0 una panchina. Il problema \u00e8 il contesto: sterrato, alberi e automobili rendono poco valorizzato quello che potrebbe diventare un piccolo punto di sosta. La proposta passa quindi dalla pavimentazione all&#8217;illuminazione, fino a un arredo urbano essenziale.<\/p>\n<p>Un&#8217;altra attenzione riguarda le fermate dell&#8217;autobus di via Vittorio Veneto e, in particolare, uno spazio residuale nei pressi dell&#8217;attuale centro commerciale Veneggia. Anche in questo caso l&#8217;idea \u00e8 quella di creare un piccolo punto di sosta attraverso pochi elementi: una panchina, del verde, una fioriera.<\/p>\n<p>Interventi piccoli, dunque, ma accomunati da una stessa logica: rendere nuovamente utilizzabili spazi che oggi vengono percepiti soltanto come margini.<\/p>\n<figure id=\"attachment_168548\" aria-describedby=\"caption-attachment-168548\" style=\"width: 434px\" class=\"wp-caption aligncenter\"><img loading=\"lazy\" decoding=\"async\" class=\"size-full wp-image-168548\" src=\"https:\/\/www.bellunopress.it\/wp-content\/uploads\/2026\/03\/Luigi-Filippo-Daniele-capofrazione-Baldenich.jpg\" alt=\"\" width=\"434\" height=\"500\" srcset=\"https:\/\/www.bellunopress.it\/wp-content\/uploads\/2026\/03\/Luigi-Filippo-Daniele-capofrazione-Baldenich.jpg 434w, https:\/\/www.bellunopress.it\/wp-content\/uploads\/2026\/03\/Luigi-Filippo-Daniele-capofrazione-Baldenich-365x420.jpg 365w, https:\/\/www.bellunopress.it\/wp-content\/uploads\/2026\/03\/Luigi-Filippo-Daniele-capofrazione-Baldenich-150x173.jpg 150w, https:\/\/www.bellunopress.it\/wp-content\/uploads\/2026\/03\/Luigi-Filippo-Daniele-capofrazione-Baldenich-300x346.jpg 300w\" sizes=\"auto, (max-width: 434px) 100vw, 434px\" \/><figcaption id=\"caption-attachment-168548\" class=\"wp-caption-text\">Luigi Filippo Daniele &#8211; Capofrazione di Baldenich (Belluno)<\/figcaption><\/figure>\n<p><strong>Il confronto parte dal quartiere<\/strong><\/p>\n<p>Il tema sar\u00e0 al centro dell&#8217;appuntamento di venerd\u00ec 4 settembre alle 18 al Bar Wu, in piazzale della Resistenza 6, primo incontro del nuovo ciclo &#8220;Urban Talks \u2013 Dialoghi urbani&#8221; promosso da Baldenich24.<\/p>\n<p>L&#8217;incontro, intitolato &#8220;I vuoti urbani del nostro quartiere: riempire gli spazi&#8221;, sar\u00e0 dedicato proprio alla possibilit\u00e0 di recuperare questi luoghi attraverso interventi di verde, arredo urbano, illuminazione e sosta.<\/p>\n<p>\u00abNon sar\u00e0 presentato un progetto definitivo, n\u00e9 una soluzione gi\u00e0 confezionata. L&#8217;obiettivo \u00e8 aprire una discussione con chi il quartiere lo vive quotidianamente, raccogliendo osservazioni e suggerimenti e verificando quali siano gli spazi considerati pi\u00f9 importanti dai residenti.<br \/>\n\u00c8, in sostanza, un tentativo di partire dal basso: prima individuare i problemi e le potenzialit\u00e0, poi capire quali interventi siano concretamente realizzabili e, infine, sottoporli all&#8217;amministrazione comunale\u00bb conclude Daniele .<\/p>\n<p><strong>Una panchina pu\u00f2 cambiare un luogo?<\/strong><\/p>\n<p>La questione dei vuoti urbani porta cos\u00ec Baldenich dentro un dibattito che riguarda molte citt\u00e0: quello sulla qualit\u00e0 dello spazio pubblico e sulla possibilit\u00e0 di migliorare i quartieri anche senza ricorrere necessariamente a grandi opere.<\/p>\n<p>Una panchina, da sola, non cambia una citt\u00e0. Ma pu\u00f2 cambiare il modo in cui viene vissuto un angolo di citt\u00e0. Un albero pu\u00f2 fare la differenza tra uno spazio completamente esposto al traffico e un luogo nel quale \u00e8 possibile fermarsi. Una fioriera pu\u00f2 diventare un elemento di separazione, ma anche un segnale che quello spazio non \u00e8 soltanto una superficie da attraversare.<\/p>\n<p>La sfida della &#8220;Piazzetta delle occasioni perdute&#8221; parte proprio da qui: capire se uno spazio che oggi appare quasi anonimo possa acquistare una nuova identit\u00e0.<br \/>\nE soprattutto se, attraverso interventi limitati ma mirati, uno dei tanti &#8220;vuoti&#8221; di Baldenich possa diventare finalmente un luogo.<\/p>","protected":false},"excerpt":{"rendered":"<p>Panchine, verde e piccoli interventi per ridare funzione agli spazi residuali del quartiere. Al centro la proposta per l&#8217;area dell&#8217;ex piazzetta De Luca: se ne parler\u00e0 venerd\u00ec 4 settembre alle ore 18 al Bar Wu in Piazzale della Resistenza 6 (ex Daj Dam), con gli \u00abUrban Talks \u2013 Dialoghi urbani\u00bb, un aperitivo di quartiere dedicato [&hellip;]<\/p>\n","protected":false},"author":2,"featured_media":173035,"comment_status":"closed","ping_status":"open","sticky":false,"template":"","format":"standard","meta":{"footnotes":""},"categories":[5,25],"tags":[],"class_list":["post-173034","post","type-post","status-publish","format-standard","has-post-thumbnail","category-cronaca","category-pausa-caffe"],"yoast_head":"<!-- This site is optimized with the Yoast SEO plugin v28.4 - https:\/\/yoast.com\/product\/yoast-seo-wordpress\/ -->\n<title>Belluno. Baldenich, quei \u201cvuoti urbani\u201d da trasformare in luoghi per la comunit\u00e0. Venerd\u00ec l&#039;aperitivo al Bar Wu ex Daj Dam - Bellunopress - Dolomiti<\/title>\n<meta name=\"robots\" content=\"index, follow, max-snippet:-1, max-image-preview:large, max-video-preview:-1\" \/>\n<link rel=\"canonical\" href=\"https:\/\/www.bellunopress.it\/fr\/2026\/09\/01\/belluno-baldenich-quei-vuoti-urbani-da-trasformare-in-luoghi-per-la-comunita-venerdi-laperitivo-al-barwu-ex-daj-dam\/\" \/>\n<meta property=\"og:locale\" content=\"fr_FR\" \/>\n<meta property=\"og:type\" content=\"article\" \/>\n<meta property=\"og:title\" content=\"Belluno. Baldenich, quei \u201cvuoti urbani\u201d da trasformare in luoghi per la comunit\u00e0. Venerd\u00ec l&#039;aperitivo al Bar Wu ex Daj Dam - Bellunopress - Dolomiti\" \/>\n<meta property=\"og:description\" content=\"Panchine, verde e piccoli interventi per ridare funzione agli spazi residuali del quartiere. Al centro la proposta per l&#8217;area dell&#8217;ex piazzetta De Luca: se ne parler\u00e0 venerd\u00ec 4 settembre alle ore 18 al Bar Wu in Piazzale della Resistenza 6 (ex Daj Dam), con gli \u00abUrban Talks \u2013 Dialoghi urbani\u00bb, un aperitivo di quartiere dedicato [&hellip;]\" \/>\n<meta property=\"og:url\" content=\"https:\/\/www.bellunopress.it\/fr\/2026\/09\/01\/belluno-baldenich-quei-vuoti-urbani-da-trasformare-in-luoghi-per-la-comunita-venerdi-laperitivo-al-barwu-ex-daj-dam\/\" \/>\n<meta property=\"og:site_name\" content=\"Bellunopress - Dolomiti\" \/>\n<meta property=\"article:publisher\" content=\"https:\/\/www.facebook.com\/profile.php?id=100008943462799\" \/>\n<meta property=\"article:published_time\" content=\"2026-09-01T05:04:19+00:00\" \/>\n<meta property=\"article:modified_time\" content=\"2026-09-01T05:05:08+00:00\" \/>\n<meta property=\"og:image\" content=\"https:\/\/www.bellunopress.it\/wp-content\/uploads\/2026\/09\/urban-talks-bar-wu.jpg\" \/>\n\t<meta property=\"og:image:width\" content=\"500\" \/>\n\t<meta property=\"og:image:height\" content=\"500\" \/>\n\t<meta property=\"og:image:type\" content=\"image\/jpeg\" \/>\n<meta name=\"author\" content=\"redazione\" \/>\n<meta name=\"twitter:card\" content=\"summary_large_image\" \/>\n<meta name=\"twitter:creator\" content=\"@bellunopress\" \/>\n<meta name=\"twitter:site\" content=\"@bellunopress\" \/>\n<meta name=\"twitter:label1\" content=\"Written by\" \/>\n\t<meta name=\"twitter:data1\" content=\"redazione\" \/>\n\t<meta name=\"twitter:label2\" content=\"Est. reading time\" \/>\n\t<meta name=\"twitter:data2\" content=\"6 minutes\" \/>\n<script type=\"application\/ld+json\" class=\"yoast-schema-graph\">{\"@context\":\"https:\\\/\\\/schema.org\",\"@graph\":[{\"@type\":\"Article\",\"@id\":\"https:\\\/\\\/www.bellunopress.it\\\/2026\\\/09\\\/01\\\/belluno-baldenich-quei-vuoti-urbani-da-trasformare-in-luoghi-per-la-comunita-venerdi-laperitivo-al-barwu-ex-daj-dam\\\/#article\",\"isPartOf\":{\"@id\":\"https:\\\/\\\/www.bellunopress.it\\\/2026\\\/09\\\/01\\\/belluno-baldenich-quei-vuoti-urbani-da-trasformare-in-luoghi-per-la-comunita-venerdi-laperitivo-al-barwu-ex-daj-dam\\\/\"},\"author\":{\"name\":\"redazione\",\"@id\":\"https:\\\/\\\/www.bellunopress.it\\\/#\\\/schema\\\/person\\\/79bb06722b37ece1c03d3e94beb30d73\"},\"headline\":\"Belluno. Baldenich, quei \u201cvuoti urbani\u201d da trasformare in luoghi per la comunit\u00e0. Venerd\u00ec l&#8217;aperitivo al Bar Wu ex Daj Dam\",\"datePublished\":\"2026-09-01T05:04:19+00:00\",\"dateModified\":\"2026-09-01T05:05:08+00:00\",\"mainEntityOfPage\":{\"@id\":\"https:\\\/\\\/www.bellunopress.it\\\/2026\\\/09\\\/01\\\/belluno-baldenich-quei-vuoti-urbani-da-trasformare-in-luoghi-per-la-comunita-venerdi-laperitivo-al-barwu-ex-daj-dam\\\/\"},\"wordCount\":1049,\"publisher\":{\"@id\":\"https:\\\/\\\/www.bellunopress.it\\\/#organization\"},\"image\":{\"@id\":\"https:\\\/\\\/www.bellunopress.it\\\/2026\\\/09\\\/01\\\/belluno-baldenich-quei-vuoti-urbani-da-trasformare-in-luoghi-per-la-comunita-venerdi-laperitivo-al-barwu-ex-daj-dam\\\/#primaryimage\"},\"thumbnailUrl\":\"https:\\\/\\\/www.bellunopress.it\\\/wp-content\\\/uploads\\\/2026\\\/09\\\/urban-talks-bar-wu.jpg\",\"articleSection\":[\"Cronaca\\\/Politica\",\"Pausa Caff\u00e8\"],\"inLanguage\":\"fr-FR\"},{\"@type\":\"WebPage\",\"@id\":\"https:\\\/\\\/www.bellunopress.it\\\/2026\\\/09\\\/01\\\/belluno-baldenich-quei-vuoti-urbani-da-trasformare-in-luoghi-per-la-comunita-venerdi-laperitivo-al-barwu-ex-daj-dam\\\/\",\"url\":\"https:\\\/\\\/www.bellunopress.it\\\/2026\\\/09\\\/01\\\/belluno-baldenich-quei-vuoti-urbani-da-trasformare-in-luoghi-per-la-comunita-venerdi-laperitivo-al-barwu-ex-daj-dam\\\/\",\"name\":\"Belluno. Baldenich, quei \u201cvuoti urbani\u201d da trasformare in luoghi per la comunit\u00e0. Venerd\u00ec l'aperitivo al Bar Wu ex Daj Dam - Bellunopress - Dolomiti\",\"isPartOf\":{\"@id\":\"https:\\\/\\\/www.bellunopress.it\\\/#website\"},\"primaryImageOfPage\":{\"@id\":\"https:\\\/\\\/www.bellunopress.it\\\/2026\\\/09\\\/01\\\/belluno-baldenich-quei-vuoti-urbani-da-trasformare-in-luoghi-per-la-comunita-venerdi-laperitivo-al-barwu-ex-daj-dam\\\/#primaryimage\"},\"image\":{\"@id\":\"https:\\\/\\\/www.bellunopress.it\\\/2026\\\/09\\\/01\\\/belluno-baldenich-quei-vuoti-urbani-da-trasformare-in-luoghi-per-la-comunita-venerdi-laperitivo-al-barwu-ex-daj-dam\\\/#primaryimage\"},\"thumbnailUrl\":\"https:\\\/\\\/www.bellunopress.it\\\/wp-content\\\/uploads\\\/2026\\\/09\\\/urban-talks-bar-wu.jpg\",\"datePublished\":\"2026-09-01T05:04:19+00:00\",\"dateModified\":\"2026-09-01T05:05:08+00:00\",\"breadcrumb\":{\"@id\":\"https:\\\/\\\/www.bellunopress.it\\\/2026\\\/09\\\/01\\\/belluno-baldenich-quei-vuoti-urbani-da-trasformare-in-luoghi-per-la-comunita-venerdi-laperitivo-al-barwu-ex-daj-dam\\\/#breadcrumb\"},\"inLanguage\":\"fr-FR\",\"potentialAction\":[{\"@type\":\"ReadAction\",\"target\":[\"https:\\\/\\\/www.bellunopress.it\\\/2026\\\/09\\\/01\\\/belluno-baldenich-quei-vuoti-urbani-da-trasformare-in-luoghi-per-la-comunita-venerdi-laperitivo-al-barwu-ex-daj-dam\\\/\"]}]},{\"@type\":\"ImageObject\",\"inLanguage\":\"fr-FR\",\"@id\":\"https:\\\/\\\/www.bellunopress.it\\\/2026\\\/09\\\/01\\\/belluno-baldenich-quei-vuoti-urbani-da-trasformare-in-luoghi-per-la-comunita-venerdi-laperitivo-al-barwu-ex-daj-dam\\\/#primaryimage\",\"url\":\"https:\\\/\\\/www.bellunopress.it\\\/wp-content\\\/uploads\\\/2026\\\/09\\\/urban-talks-bar-wu.jpg\",\"contentUrl\":\"https:\\\/\\\/www.bellunopress.it\\\/wp-content\\\/uploads\\\/2026\\\/09\\\/urban-talks-bar-wu.jpg\",\"width\":500,\"height\":500},{\"@type\":\"BreadcrumbList\",\"@id\":\"https:\\\/\\\/www.bellunopress.it\\\/2026\\\/09\\\/01\\\/belluno-baldenich-quei-vuoti-urbani-da-trasformare-in-luoghi-per-la-comunita-venerdi-laperitivo-al-barwu-ex-daj-dam\\\/#breadcrumb\",\"itemListElement\":[{\"@type\":\"ListItem\",\"position\":1,\"name\":\"Home\",\"item\":\"https:\\\/\\\/www.bellunopress.it\\\/\"},{\"@type\":\"ListItem\",\"position\":2,\"name\":\"Belluno. Baldenich, quei \u201cvuoti urbani\u201d da trasformare in luoghi per la comunit\u00e0. Venerd\u00ec l&#8217;aperitivo al Bar Wu ex Daj Dam\"}]},{\"@type\":\"WebSite\",\"@id\":\"https:\\\/\\\/www.bellunopress.it\\\/#website\",\"url\":\"https:\\\/\\\/www.bellunopress.it\\\/\",\"name\":\"Bellunopress - Dolomiti\",\"description\":\"e-mail: redazione@bellunopress.it\",\"publisher\":{\"@id\":\"https:\\\/\\\/www.bellunopress.it\\\/#organization\"},\"potentialAction\":[{\"@type\":\"SearchAction\",\"target\":{\"@type\":\"EntryPoint\",\"urlTemplate\":\"https:\\\/\\\/www.bellunopress.it\\\/?s={search_term_string}\"},\"query-input\":{\"@type\":\"PropertyValueSpecification\",\"valueRequired\":true,\"valueName\":\"search_term_string\"}}],\"inLanguage\":\"fr-FR\"},{\"@type\":\"Organization\",\"@id\":\"https:\\\/\\\/www.bellunopress.it\\\/#organization\",\"name\":\"Bellunopress\",\"url\":\"https:\\\/\\\/www.bellunopress.it\\\/\",\"logo\":{\"@type\":\"ImageObject\",\"inLanguage\":\"fr-FR\",\"@id\":\"https:\\\/\\\/www.bellunopress.it\\\/#\\\/schema\\\/logo\\\/image\\\/\",\"url\":\"https:\\\/\\\/www.bellunopress.it\\\/wp-content\\\/uploads\\\/2011\\\/05\\\/cropped-logo-bellunopress-.jpg\",\"contentUrl\":\"https:\\\/\\\/www.bellunopress.it\\\/wp-content\\\/uploads\\\/2011\\\/05\\\/cropped-logo-bellunopress-.jpg\",\"width\":512,\"height\":512,\"caption\":\"Bellunopress\"},\"image\":{\"@id\":\"https:\\\/\\\/www.bellunopress.it\\\/#\\\/schema\\\/logo\\\/image\\\/\"},\"sameAs\":[\"https:\\\/\\\/www.facebook.com\\\/profile.php?id=100008943462799\",\"https:\\\/\\\/x.com\\\/bellunopress\",\"https:\\\/\\\/www.linkedin.com\\\/hp\\\/?dnr=JBzUWaJfMUw8vbXJJ2tVW5-I3jZKvC4wsoxE&amp;amp;amp;amp;amp;amp;trk=nav_responsive_tab_home\",\"https:\\\/\\\/www.youtube.com\\\/channel\\\/UCxL0wu1uN0_3_7hGG0306cw\"]},{\"@type\":\"Person\",\"@id\":\"https:\\\/\\\/www.bellunopress.it\\\/#\\\/schema\\\/person\\\/79bb06722b37ece1c03d3e94beb30d73\",\"name\":\"redazione\",\"image\":{\"@type\":\"ImageObject\",\"inLanguage\":\"fr-FR\",\"@id\":\"https:\\\/\\\/secure.gravatar.com\\\/avatar\\\/37d968a2e67a6fd04c169c4bdef102d0bc5d31b2546345219e348575eb80e9a0?s=96&d=mm&r=g\",\"url\":\"https:\\\/\\\/secure.gravatar.com\\\/avatar\\\/37d968a2e67a6fd04c169c4bdef102d0bc5d31b2546345219e348575eb80e9a0?s=96&d=mm&r=g\",\"contentUrl\":\"https:\\\/\\\/secure.gravatar.com\\\/avatar\\\/37d968a2e67a6fd04c169c4bdef102d0bc5d31b2546345219e348575eb80e9a0?s=96&d=mm&r=g\",\"caption\":\"redazione\"},\"sameAs\":[\"http:\\\/\\\/www.bellunopress.it\",\"https:\\\/\\\/x.com\\\/bellunopress\"],\"url\":\"https:\\\/\\\/www.bellunopress.it\\\/fr\\\/author\\\/redazione\\\/\"}]}<\/script>\n<!-- \/ Yoast SEO plugin. -->","yoast_head_json":{"title":"Belluno. Baldenich, quei \u201cvuoti urbani\u201d da trasformare in luoghi per la comunit\u00e0. Venerd\u00ec l'aperitivo al Bar Wu ex Daj Dam - Bellunopress - Dolomiti","robots":{"index":"index","follow":"follow","max-snippet":"max-snippet:-1","max-image-preview":"max-image-preview:large","max-video-preview":"max-video-preview:-1"},"canonical":"https:\/\/www.bellunopress.it\/fr\/2026\/09\/01\/belluno-baldenich-quei-vuoti-urbani-da-trasformare-in-luoghi-per-la-comunita-venerdi-laperitivo-al-barwu-ex-daj-dam\/","og_locale":"fr_FR","og_type":"article","og_title":"Belluno. Baldenich, quei \u201cvuoti urbani\u201d da trasformare in luoghi per la comunit\u00e0. Venerd\u00ec l'aperitivo al Bar Wu ex Daj Dam - Bellunopress - Dolomiti","og_description":"Panchine, verde e piccoli interventi per ridare funzione agli spazi residuali del quartiere. Al centro la proposta per l&#8217;area dell&#8217;ex piazzetta De Luca: se ne parler\u00e0 venerd\u00ec 4 settembre alle ore 18 al Bar Wu in Piazzale della Resistenza 6 (ex Daj Dam), con gli \u00abUrban Talks \u2013 Dialoghi urbani\u00bb, un aperitivo di quartiere dedicato [&hellip;]","og_url":"https:\/\/www.bellunopress.it\/fr\/2026\/09\/01\/belluno-baldenich-quei-vuoti-urbani-da-trasformare-in-luoghi-per-la-comunita-venerdi-laperitivo-al-barwu-ex-daj-dam\/","og_site_name":"Bellunopress - Dolomiti","article_publisher":"https:\/\/www.facebook.com\/profile.php?id=100008943462799","article_published_time":"2026-09-01T05:04:19+00:00","article_modified_time":"2026-09-01T05:05:08+00:00","og_image":[{"width":500,"height":500,"url":"https:\/\/www.bellunopress.it\/wp-content\/uploads\/2026\/09\/urban-talks-bar-wu.jpg","type":"image\/jpeg"}],"author":"redazione","twitter_card":"summary_large_image","twitter_creator":"@bellunopress","twitter_site":"@bellunopress","twitter_misc":{"Written by":"redazione","Est. reading time":"6 minutes"},"schema":{"@context":"https:\/\/schema.org","@graph":[{"@type":"Article","@id":"https:\/\/www.bellunopress.it\/2026\/09\/01\/belluno-baldenich-quei-vuoti-urbani-da-trasformare-in-luoghi-per-la-comunita-venerdi-laperitivo-al-barwu-ex-daj-dam\/#article","isPartOf":{"@id":"https:\/\/www.bellunopress.it\/2026\/09\/01\/belluno-baldenich-quei-vuoti-urbani-da-trasformare-in-luoghi-per-la-comunita-venerdi-laperitivo-al-barwu-ex-daj-dam\/"},"author":{"name":"redazione","@id":"https:\/\/www.bellunopress.it\/#\/schema\/person\/79bb06722b37ece1c03d3e94beb30d73"},"headline":"Belluno. Baldenich, quei \u201cvuoti urbani\u201d da trasformare in luoghi per la comunit\u00e0. Venerd\u00ec l&#8217;aperitivo al Bar Wu ex Daj Dam","datePublished":"2026-09-01T05:04:19+00:00","dateModified":"2026-09-01T05:05:08+00:00","mainEntityOfPage":{"@id":"https:\/\/www.bellunopress.it\/2026\/09\/01\/belluno-baldenich-quei-vuoti-urbani-da-trasformare-in-luoghi-per-la-comunita-venerdi-laperitivo-al-barwu-ex-daj-dam\/"},"wordCount":1049,"publisher":{"@id":"https:\/\/www.bellunopress.it\/#organization"},"image":{"@id":"https:\/\/www.bellunopress.it\/2026\/09\/01\/belluno-baldenich-quei-vuoti-urbani-da-trasformare-in-luoghi-per-la-comunita-venerdi-laperitivo-al-barwu-ex-daj-dam\/#primaryimage"},"thumbnailUrl":"https:\/\/www.bellunopress.it\/wp-content\/uploads\/2026\/09\/urban-talks-bar-wu.jpg","articleSection":["Cronaca\/Politica","Pausa Caff\u00e8"],"inLanguage":"fr-FR"},{"@type":"WebPage","@id":"https:\/\/www.bellunopress.it\/2026\/09\/01\/belluno-baldenich-quei-vuoti-urbani-da-trasformare-in-luoghi-per-la-comunita-venerdi-laperitivo-al-barwu-ex-daj-dam\/","url":"https:\/\/www.bellunopress.it\/2026\/09\/01\/belluno-baldenich-quei-vuoti-urbani-da-trasformare-in-luoghi-per-la-comunita-venerdi-laperitivo-al-barwu-ex-daj-dam\/","name":"Belluno. Baldenich, quei \u201cvuoti urbani\u201d da trasformare in luoghi per la comunit\u00e0. Venerd\u00ec l'aperitivo al Bar Wu ex Daj Dam - Bellunopress - Dolomiti","isPartOf":{"@id":"https:\/\/www.bellunopress.it\/#website"},"primaryImageOfPage":{"@id":"https:\/\/www.bellunopress.it\/2026\/09\/01\/belluno-baldenich-quei-vuoti-urbani-da-trasformare-in-luoghi-per-la-comunita-venerdi-laperitivo-al-barwu-ex-daj-dam\/#primaryimage"},"image":{"@id":"https:\/\/www.bellunopress.it\/2026\/09\/01\/belluno-baldenich-quei-vuoti-urbani-da-trasformare-in-luoghi-per-la-comunita-venerdi-laperitivo-al-barwu-ex-daj-dam\/#primaryimage"},"thumbnailUrl":"https:\/\/www.bellunopress.it\/wp-content\/uploads\/2026\/09\/urban-talks-bar-wu.jpg","datePublished":"2026-09-01T05:04:19+00:00","dateModified":"2026-09-01T05:05:08+00:00","breadcrumb":{"@id":"https:\/\/www.bellunopress.it\/2026\/09\/01\/belluno-baldenich-quei-vuoti-urbani-da-trasformare-in-luoghi-per-la-comunita-venerdi-laperitivo-al-barwu-ex-daj-dam\/#breadcrumb"},"inLanguage":"fr-FR","potentialAction":[{"@type":"ReadAction","target":["https:\/\/www.bellunopress.it\/2026\/09\/01\/belluno-baldenich-quei-vuoti-urbani-da-trasformare-in-luoghi-per-la-comunita-venerdi-laperitivo-al-barwu-ex-daj-dam\/"]}]},{"@type":"ImageObject","inLanguage":"fr-FR","@id":"https:\/\/www.bellunopress.it\/2026\/09\/01\/belluno-baldenich-quei-vuoti-urbani-da-trasformare-in-luoghi-per-la-comunita-venerdi-laperitivo-al-barwu-ex-daj-dam\/#primaryimage","url":"https:\/\/www.bellunopress.it\/wp-content\/uploads\/2026\/09\/urban-talks-bar-wu.jpg","contentUrl":"https:\/\/www.bellunopress.it\/wp-content\/uploads\/2026\/09\/urban-talks-bar-wu.jpg","width":500,"height":500},{"@type":"BreadcrumbList","@id":"https:\/\/www.bellunopress.it\/2026\/09\/01\/belluno-baldenich-quei-vuoti-urbani-da-trasformare-in-luoghi-per-la-comunita-venerdi-laperitivo-al-barwu-ex-daj-dam\/#breadcrumb","itemListElement":[{"@type":"ListItem","position":1,"name":"Home","item":"https:\/\/www.bellunopress.it\/"},{"@type":"ListItem","position":2,"name":"Belluno. Baldenich, quei \u201cvuoti urbani\u201d da trasformare in luoghi per la comunit\u00e0. Venerd\u00ec l&#8217;aperitivo al Bar Wu ex Daj Dam"}]},{"@type":"WebSite","@id":"https:\/\/www.bellunopress.it\/#website","url":"https:\/\/www.bellunopress.it\/","name":"Bellunopress - Dolomiti","description":"e-mail: redazione@bellunopress.it","publisher":{"@id":"https:\/\/www.bellunopress.it\/#organization"},"potentialAction":[{"@type":"SearchAction","target":{"@type":"EntryPoint","urlTemplate":"https:\/\/www.bellunopress.it\/?s={search_term_string}"},"query-input":{"@type":"PropertyValueSpecification","valueRequired":true,"valueName":"search_term_string"}}],"inLanguage":"fr-FR"},{"@type":"Organization","@id":"https:\/\/www.bellunopress.it\/#organization","name":"Bellunopress","url":"https:\/\/www.bellunopress.it\/","logo":{"@type":"ImageObject","inLanguage":"fr-FR","@id":"https:\/\/www.bellunopress.it\/#\/schema\/logo\/image\/","url":"https:\/\/www.bellunopress.it\/wp-content\/uploads\/2011\/05\/cropped-logo-bellunopress-.jpg","contentUrl":"https:\/\/www.bellunopress.it\/wp-content\/uploads\/2011\/05\/cropped-logo-bellunopress-.jpg","width":512,"height":512,"caption":"Bellunopress"},"image":{"@id":"https:\/\/www.bellunopress.it\/#\/schema\/logo\/image\/"},"sameAs":["https:\/\/www.facebook.com\/profile.php?id=100008943462799","https:\/\/x.com\/bellunopress","https:\/\/www.linkedin.com\/hp\/?dnr=JBzUWaJfMUw8vbXJJ2tVW5-I3jZKvC4wsoxE&amp;amp;amp;amp;amp;amp;trk=nav_responsive_tab_home","https:\/\/www.youtube.com\/channel\/UCxL0wu1uN0_3_7hGG0306cw"]},{"@type":"Person","@id":"https:\/\/www.bellunopress.it\/#\/schema\/person\/79bb06722b37ece1c03d3e94beb30d73","name":"r\u00e9daction","image":{"@type":"ImageObject","inLanguage":"fr-FR","@id":"https:\/\/secure.gravatar.com\/avatar\/37d968a2e67a6fd04c169c4bdef102d0bc5d31b2546345219e348575eb80e9a0?s=96&d=mm&r=g","url":"https:\/\/secure.gravatar.com\/avatar\/37d968a2e67a6fd04c169c4bdef102d0bc5d31b2546345219e348575eb80e9a0?s=96&d=mm&r=g","contentUrl":"https:\/\/secure.gravatar.com\/avatar\/37d968a2e67a6fd04c169c4bdef102d0bc5d31b2546345219e348575eb80e9a0?s=96&d=mm&r=g","caption":"redazione"},"sameAs":["http:\/\/www.bellunopress.it","https:\/\/x.com\/bellunopress"],"url":"https:\/\/www.bellunopress.it\/fr\/author\/redazione\/"}]}},"_links":{"self":[{"href":"https:\/\/www.bellunopress.it\/fr\/wp-json\/wp\/v2\/posts\/173034","targetHints":{"allow":["GET"]}}],"collection":[{"href":"https:\/\/www.bellunopress.it\/fr\/wp-json\/wp\/v2\/posts"}],"about":[{"href":"https:\/\/www.bellunopress.it\/fr\/wp-json\/wp\/v2\/types\/post"}],"author":[{"embeddable":true,"href":"https:\/\/www.bellunopress.it\/fr\/wp-json\/wp\/v2\/users\/2"}],"replies":[{"embeddable":true,"href":"https:\/\/www.bellunopress.it\/fr\/wp-json\/wp\/v2\/comments?post=173034"}],"version-history":[{"count":2,"href":"https:\/\/www.bellunopress.it\/fr\/wp-json\/wp\/v2\/posts\/173034\/revisions"}],"predecessor-version":[{"id":173037,"href":"https:\/\/www.bellunopress.it\/fr\/wp-json\/wp\/v2\/posts\/173034\/revisions\/173037"}],"wp:featuredmedia":[{"embeddable":true,"href":"https:\/\/www.bellunopress.it\/fr\/wp-json\/wp\/v2\/media\/173035"}],"wp:attachment":[{"href":"https:\/\/www.bellunopress.it\/fr\/wp-json\/wp\/v2\/media?parent=173034"}],"wp:term":[{"taxonomy":"category","embeddable":true,"href":"https:\/\/www.bellunopress.it\/fr\/wp-json\/wp\/v2\/categories?post=173034"},{"taxonomy":"post_tag","embeddable":true,"href":"https:\/\/www.bellunopress.it\/fr\/wp-json\/wp\/v2\/tags?post=173034"}],"curies":[{"name":"wp","href":"https:\/\/api.w.org\/{rel}","templated":true}]}}