{"id":173026,"date":"2026-08-31T15:42:02","date_gmt":"2026-08-31T13:42:02","guid":{"rendered":"https:\/\/www.bellunopress.it\/?p=173026"},"modified":"2026-08-31T15:42:02","modified_gmt":"2026-08-31T13:42:02","slug":"torna-pom-per-a-moldoi-de-sospiroi-domenica-6-settembre-a-villa-zasso","status":"publish","type":"post","link":"https:\/\/www.bellunopress.it\/fr\/2026\/08\/31\/torna-pom-per-a-moldoi-de-sospiroi-domenica-6-settembre-a-villa-zasso\/","title":{"rendered":"Retour de Pom &amp; Per \u00e0 Moldoi de Sospiroi, dimanche 6 septembre \u00e0 la Villa Zasso"},"content":{"rendered":"<p><strong>&#8220;Pom &amp; Per a Moldoi de Sospiroi&#8221;: domenica 6 settembre a Villa Zasso una giornata tra biodiversit\u00e0, tradizioni, cultura e natura<\/strong><\/p>\n<p>Una giornata dedicata alla natura, alla cultura, alle tradizioni agricole e alla valorizzazione del territorio bellunese. \u00c8 &#8220;Pom &amp; Per a Moldoi de Sospiroi&#8221;, l&#8217;appuntamento in programma domenica 6 settembre dalle 10 alle 18, negli spazi di Villa Sandi-Zasso in localit\u00e0 Moldoi a Sospirolo, a cura della Pro Loco &#8220;Monti del Sole&#8221; e Comune di Sospirolo, con la collaborazione e il patrocinio di diversi enti.<br \/>\nLa manifestazione riunir\u00e0 produttori, artigiani, istituzioni, associazioni e appassionati in una giornata pensata per riscoprire la ricchezza dell&#8217;agro-biodiversit\u00e0 locale e il patrimonio storico e culturale di una delle aree pi\u00f9 suggestive del territorio.<\/p>\n<p>Per tutta la giornata sar\u00e0 possibile visitare l&#8217;esposizione di prodotti ortofrutticoli, artigianato locale e artistico, insieme a un ricco programma di mostre, attivit\u00e0, visite guidate e momenti di intrattenimento.<\/p>\n<p>Ad aprire gli appuntamenti sar\u00e0, alle 10.30, il convegno &#8220;Custodire l&#8217;agro-biodiversit\u00e0: principi e tecniche per la conservazione in campo e nella Banca del Germoplasma&#8221;, curato da docenti e allievi dell&#8217;Istituto Agrario &#8220;A. Della Lucia&#8221; di Feltre, nell&#8217;ambito del Progetto BIONET \u2013 CSR Veneto. Un&#8217;occasione per approfondire il valore della conservazione delle variet\u00e0 agricole e il ruolo che la biodiversit\u00e0 coltivata riveste per il futuro dell&#8217;agricoltura.<\/p>\n<p>Nel pomeriggio il salone di Villa Zasso ospiter\u00e0 la proiezione dei film finalisti del Bio Film Festival, aggiungendo alla manifestazione una nuova occasione di riflessione sui temi dell&#8217;ambiente e della sostenibilit\u00e0.<\/p>\n<p>Alle 14.30 partir\u00e0 una visita guidata alla scoperta dei dintorni di Moldoi-Maras e di Villa Zasso (con esclusione delle parti abitate). Il percorso, lungo circa 2,5 chilometri, condurr\u00e0 i partecipanti alla chiesetta di San Biagio, al sito del ritrovamento del guerriero longobardo e ai campi di ortaggi di Staolaz, offrendo un punto di vista particolare sulla storia e sulle colture del territorio. Sono consigliate scarpe da trekking.<\/p>\n<p>Sempre dalle 14.30 alle 17.30, grandi e bambini potranno cimentarsi nei &#8220;Giochi di un tempo&#8221;, proposti dal Comitato per Pullir, per riscoprire il divertimento semplice e genuino dei giochi della tradizione, oltre ed Eros e il suo organetto di barberia.<\/p>\n<p>Alle 16.30 spazio alla musica con il concerto del Corpo Musicale Comunale di Sedico, diretto dal M\u00b0 Francesco Pasuch.<\/p>\n<p>Ad arricchire la giornata saranno inoltre diverse esposizioni: la mostra pomologica di mele e pere curata dal Centro Sperimentale Pradon di Porto Tolle (RO) di Veneto Agricoltura, la personale di pittura di Matteo Tartaglia, le sculture lignee di Giancarlo Cassol, un laboratorio con i mattoncini Lego e la bancarella di libri della Biblioteca comunale sospirolese.<\/p>\n<p>Particolarmente suggestiva sar\u00e0 inoltre la presenza, durante la giornata, dei Piloti di Montagna (AIPM), che effettueranno atterraggi e decolli sui prati circostanti Villa Zasso, offrendo al pubblico un particolare spettacolo tra cielo e paesaggio.<\/p>\n<p>La manifestazione sar\u00e0 anche un momento conviviale: sar\u00e0 infatti attivo un posto di ristoro con piatti della tradizione bellunese con lo spiedo come specialit\u00e0 del giorno.<\/p>\n<p>&#8220;Pom &amp; Per a Moldoi de Sospiroi&#8221; nasce anche nel segno della memoria. La giornata sar\u00e0 infatti dedicata al ricordo di Carlo Zasso (1836-1912), amministratore pubblico ed esperto agronomo, figura legata alla storia e alla vocazione agricola del territorio.<\/p>\n<p>L&#8217;accesso \u00e8 dal centro di Maras, procedendo verso monte per circa 600 metri. \u00c8 disponibile un ampio parcheggio di fronte a Villa Zasso.<\/p>\n<p>La manifestazione vede il patrocinio di Regione Veneto, Provincia di Belluno, Unpli Veneto, Unione montana Val Belluna, Veneto Agricoltura, Istituto Agrario di Feltre., Consorzio Pro Loco Pedemontane Valbelluna e Feltrino.<\/p>","protected":false},"excerpt":{"rendered":"<p>&#8220;Pom &amp; Per a Moldoi de Sospiroi&#8221;: domenica 6 settembre a Villa Zasso una giornata tra biodiversit\u00e0, tradizioni, cultura e natura Una giornata dedicata alla natura, alla cultura, alle tradizioni agricole e alla valorizzazione del territorio bellunese. \u00c8 &#8220;Pom &amp; Per a Moldoi de Sospiroi&#8221;, l&#8217;appuntamento in programma domenica 6 settembre dalle 10 alle 18, [&hellip;]<\/p>\n","protected":false},"author":2,"featured_media":127390,"comment_status":"closed","ping_status":"open","sticky":false,"template":"","format":"standard","meta":{"footnotes":""},"categories":[25,8,4],"tags":[],"class_list":["post-173026","post","type-post","status-publish","format-standard","has-post-thumbnail","category-pausa-caffe","category-societa-istituzioni","category-sport"],"yoast_head":"<!-- This site is optimized with the Yoast SEO plugin v28.4 - https:\/\/yoast.com\/product\/yoast-seo-wordpress\/ -->\n<title>Torna Pom &amp; Per a Moldoi de Sospiroi, domenica 6 settembre a Villa Zasso - Bellunopress - Dolomiti<\/title>\n<meta name=\"robots\" content=\"index, follow, max-snippet:-1, max-image-preview:large, max-video-preview:-1\" \/>\n<link rel=\"canonical\" href=\"https:\/\/www.bellunopress.it\/fr\/2026\/08\/31\/torna-pom-per-a-moldoi-de-sospiroi-domenica-6-settembre-a-villa-zasso\/\" \/>\n<meta property=\"og:locale\" content=\"fr_FR\" \/>\n<meta property=\"og:type\" content=\"article\" \/>\n<meta property=\"og:title\" content=\"Torna Pom &amp; Per a Moldoi de Sospiroi, domenica 6 settembre a Villa Zasso - Bellunopress - Dolomiti\" \/>\n<meta property=\"og:description\" content=\"&#8220;Pom &amp; Per a Moldoi de Sospiroi&#8221;: domenica 6 settembre a Villa Zasso una giornata tra biodiversit\u00e0, tradizioni, cultura e natura Una giornata dedicata alla natura, alla cultura, alle tradizioni agricole e alla valorizzazione del territorio bellunese. \u00c8 &#8220;Pom &amp; Per a Moldoi de Sospiroi&#8221;, l&#8217;appuntamento in programma domenica 6 settembre dalle 10 alle 18, [&hellip;]\" \/>\n<meta property=\"og:url\" content=\"https:\/\/www.bellunopress.it\/fr\/2026\/08\/31\/torna-pom-per-a-moldoi-de-sospiroi-domenica-6-settembre-a-villa-zasso\/\" \/>\n<meta property=\"og:site_name\" content=\"Bellunopress - Dolomiti\" \/>\n<meta property=\"article:publisher\" content=\"https:\/\/www.facebook.com\/profile.php?id=100008943462799\" \/>\n<meta property=\"article:published_time\" content=\"2026-08-31T13:42:02+00:00\" \/>\n<meta property=\"og:image\" content=\"https:\/\/www.bellunopress.it\/wp-content\/uploads\/2021\/08\/pom-e-per-villa-zasso-moldoi-sospirolo_edited.jpg\" \/>\n\t<meta property=\"og:image:width\" content=\"800\" \/>\n\t<meta property=\"og:image:height\" content=\"601\" \/>\n\t<meta property=\"og:image:type\" content=\"image\/jpeg\" \/>\n<meta name=\"author\" content=\"redazione\" \/>\n<meta name=\"twitter:card\" content=\"summary_large_image\" \/>\n<meta name=\"twitter:creator\" content=\"@bellunopress\" \/>\n<meta name=\"twitter:site\" content=\"@bellunopress\" \/>\n<meta name=\"twitter:label1\" content=\"\u00c9crit par\" \/>\n\t<meta name=\"twitter:data1\" content=\"redazione\" \/>\n\t<meta name=\"twitter:label2\" content=\"Dur\u00e9e de lecture estim\u00e9e\" \/>\n\t<meta name=\"twitter:data2\" content=\"4 minutes\" \/>\n<script type=\"application\/ld+json\" class=\"yoast-schema-graph\">{\"@context\":\"https:\\\/\\\/schema.org\",\"@graph\":[{\"@type\":\"Article\",\"@id\":\"https:\\\/\\\/www.bellunopress.it\\\/2026\\\/08\\\/31\\\/torna-pom-per-a-moldoi-de-sospiroi-domenica-6-settembre-a-villa-zasso\\\/#article\",\"isPartOf\":{\"@id\":\"https:\\\/\\\/www.bellunopress.it\\\/2026\\\/08\\\/31\\\/torna-pom-per-a-moldoi-de-sospiroi-domenica-6-settembre-a-villa-zasso\\\/\"},\"author\":{\"name\":\"redazione\",\"@id\":\"https:\\\/\\\/www.bellunopress.it\\\/#\\\/schema\\\/person\\\/79bb06722b37ece1c03d3e94beb30d73\"},\"headline\":\"Torna Pom &#038; Per a Moldoi de Sospiroi, domenica 6 settembre a Villa Zasso\",\"datePublished\":\"2026-08-31T13:42:02+00:00\",\"mainEntityOfPage\":{\"@id\":\"https:\\\/\\\/www.bellunopress.it\\\/2026\\\/08\\\/31\\\/torna-pom-per-a-moldoi-de-sospiroi-domenica-6-settembre-a-villa-zasso\\\/\"},\"wordCount\":584,\"publisher\":{\"@id\":\"https:\\\/\\\/www.bellunopress.it\\\/#organization\"},\"image\":{\"@id\":\"https:\\\/\\\/www.bellunopress.it\\\/2026\\\/08\\\/31\\\/torna-pom-per-a-moldoi-de-sospiroi-domenica-6-settembre-a-villa-zasso\\\/#primaryimage\"},\"thumbnailUrl\":\"https:\\\/\\\/www.bellunopress.it\\\/wp-content\\\/uploads\\\/2021\\\/08\\\/pom-e-per-villa-zasso-moldoi-sospirolo_edited.jpg\",\"articleSection\":[\"Pausa Caff\u00e8\",\"Societ\u00e0, Associazioni, Istituzioni\",\"Sport, tempo libero\"],\"inLanguage\":\"fr-FR\"},{\"@type\":\"WebPage\",\"@id\":\"https:\\\/\\\/www.bellunopress.it\\\/2026\\\/08\\\/31\\\/torna-pom-per-a-moldoi-de-sospiroi-domenica-6-settembre-a-villa-zasso\\\/\",\"url\":\"https:\\\/\\\/www.bellunopress.it\\\/2026\\\/08\\\/31\\\/torna-pom-per-a-moldoi-de-sospiroi-domenica-6-settembre-a-villa-zasso\\\/\",\"name\":\"Torna Pom & Per a Moldoi de Sospiroi, domenica 6 settembre a Villa Zasso - Bellunopress - Dolomiti\",\"isPartOf\":{\"@id\":\"https:\\\/\\\/www.bellunopress.it\\\/#website\"},\"primaryImageOfPage\":{\"@id\":\"https:\\\/\\\/www.bellunopress.it\\\/2026\\\/08\\\/31\\\/torna-pom-per-a-moldoi-de-sospiroi-domenica-6-settembre-a-villa-zasso\\\/#primaryimage\"},\"image\":{\"@id\":\"https:\\\/\\\/www.bellunopress.it\\\/2026\\\/08\\\/31\\\/torna-pom-per-a-moldoi-de-sospiroi-domenica-6-settembre-a-villa-zasso\\\/#primaryimage\"},\"thumbnailUrl\":\"https:\\\/\\\/www.bellunopress.it\\\/wp-content\\\/uploads\\\/2021\\\/08\\\/pom-e-per-villa-zasso-moldoi-sospirolo_edited.jpg\",\"datePublished\":\"2026-08-31T13:42:02+00:00\",\"breadcrumb\":{\"@id\":\"https:\\\/\\\/www.bellunopress.it\\\/2026\\\/08\\\/31\\\/torna-pom-per-a-moldoi-de-sospiroi-domenica-6-settembre-a-villa-zasso\\\/#breadcrumb\"},\"inLanguage\":\"fr-FR\",\"potentialAction\":[{\"@type\":\"ReadAction\",\"target\":[\"https:\\\/\\\/www.bellunopress.it\\\/2026\\\/08\\\/31\\\/torna-pom-per-a-moldoi-de-sospiroi-domenica-6-settembre-a-villa-zasso\\\/\"]}]},{\"@type\":\"ImageObject\",\"inLanguage\":\"fr-FR\",\"@id\":\"https:\\\/\\\/www.bellunopress.it\\\/2026\\\/08\\\/31\\\/torna-pom-per-a-moldoi-de-sospiroi-domenica-6-settembre-a-villa-zasso\\\/#primaryimage\",\"url\":\"https:\\\/\\\/www.bellunopress.it\\\/wp-content\\\/uploads\\\/2021\\\/08\\\/pom-e-per-villa-zasso-moldoi-sospirolo_edited.jpg\",\"contentUrl\":\"https:\\\/\\\/www.bellunopress.it\\\/wp-content\\\/uploads\\\/2021\\\/08\\\/pom-e-per-villa-zasso-moldoi-sospirolo_edited.jpg\",\"width\":800,\"height\":601,\"caption\":\"\\\"Pom e per\\\" Villa Zasso - Moldoi di Sospirolo\"},{\"@type\":\"BreadcrumbList\",\"@id\":\"https:\\\/\\\/www.bellunopress.it\\\/2026\\\/08\\\/31\\\/torna-pom-per-a-moldoi-de-sospiroi-domenica-6-settembre-a-villa-zasso\\\/#breadcrumb\",\"itemListElement\":[{\"@type\":\"ListItem\",\"position\":1,\"name\":\"Home\",\"item\":\"https:\\\/\\\/www.bellunopress.it\\\/\"},{\"@type\":\"ListItem\",\"position\":2,\"name\":\"Torna Pom &#038; Per a Moldoi de Sospiroi, domenica 6 settembre a Villa Zasso\"}]},{\"@type\":\"WebSite\",\"@id\":\"https:\\\/\\\/www.bellunopress.it\\\/#website\",\"url\":\"https:\\\/\\\/www.bellunopress.it\\\/\",\"name\":\"Bellunopress - Dolomiti\",\"description\":\"e-mail: redazione@bellunopress.it\",\"publisher\":{\"@id\":\"https:\\\/\\\/www.bellunopress.it\\\/#organization\"},\"potentialAction\":[{\"@type\":\"SearchAction\",\"target\":{\"@type\":\"EntryPoint\",\"urlTemplate\":\"https:\\\/\\\/www.bellunopress.it\\\/?s={search_term_string}\"},\"query-input\":{\"@type\":\"PropertyValueSpecification\",\"valueRequired\":true,\"valueName\":\"search_term_string\"}}],\"inLanguage\":\"fr-FR\"},{\"@type\":\"Organization\",\"@id\":\"https:\\\/\\\/www.bellunopress.it\\\/#organization\",\"name\":\"Bellunopress\",\"url\":\"https:\\\/\\\/www.bellunopress.it\\\/\",\"logo\":{\"@type\":\"ImageObject\",\"inLanguage\":\"fr-FR\",\"@id\":\"https:\\\/\\\/www.bellunopress.it\\\/#\\\/schema\\\/logo\\\/image\\\/\",\"url\":\"https:\\\/\\\/www.bellunopress.it\\\/wp-content\\\/uploads\\\/2011\\\/05\\\/cropped-logo-bellunopress-.jpg\",\"contentUrl\":\"https:\\\/\\\/www.bellunopress.it\\\/wp-content\\\/uploads\\\/2011\\\/05\\\/cropped-logo-bellunopress-.jpg\",\"width\":512,\"height\":512,\"caption\":\"Bellunopress\"},\"image\":{\"@id\":\"https:\\\/\\\/www.bellunopress.it\\\/#\\\/schema\\\/logo\\\/image\\\/\"},\"sameAs\":[\"https:\\\/\\\/www.facebook.com\\\/profile.php?id=100008943462799\",\"https:\\\/\\\/x.com\\\/bellunopress\",\"https:\\\/\\\/www.linkedin.com\\\/hp\\\/?dnr=JBzUWaJfMUw8vbXJJ2tVW5-I3jZKvC4wsoxE&amp;amp;amp;amp;amp;amp;trk=nav_responsive_tab_home\",\"https:\\\/\\\/www.youtube.com\\\/channel\\\/UCxL0wu1uN0_3_7hGG0306cw\"]},{\"@type\":\"Person\",\"@id\":\"https:\\\/\\\/www.bellunopress.it\\\/#\\\/schema\\\/person\\\/79bb06722b37ece1c03d3e94beb30d73\",\"name\":\"redazione\",\"image\":{\"@type\":\"ImageObject\",\"inLanguage\":\"fr-FR\",\"@id\":\"https:\\\/\\\/secure.gravatar.com\\\/avatar\\\/37d968a2e67a6fd04c169c4bdef102d0bc5d31b2546345219e348575eb80e9a0?s=96&d=mm&r=g\",\"url\":\"https:\\\/\\\/secure.gravatar.com\\\/avatar\\\/37d968a2e67a6fd04c169c4bdef102d0bc5d31b2546345219e348575eb80e9a0?s=96&d=mm&r=g\",\"contentUrl\":\"https:\\\/\\\/secure.gravatar.com\\\/avatar\\\/37d968a2e67a6fd04c169c4bdef102d0bc5d31b2546345219e348575eb80e9a0?s=96&d=mm&r=g\",\"caption\":\"redazione\"},\"sameAs\":[\"http:\\\/\\\/www.bellunopress.it\",\"https:\\\/\\\/x.com\\\/bellunopress\"],\"url\":\"https:\\\/\\\/www.bellunopress.it\\\/fr\\\/author\\\/redazione\\\/\"}]}<\/script>\n<!-- \/ Yoast SEO plugin. -->","yoast_head_json":{"title":"Torna Pom & Per a Moldoi de Sospiroi, domenica 6 settembre a Villa Zasso - Bellunopress - Dolomiti","robots":{"index":"index","follow":"follow","max-snippet":"max-snippet:-1","max-image-preview":"max-image-preview:large","max-video-preview":"max-video-preview:-1"},"canonical":"https:\/\/www.bellunopress.it\/fr\/2026\/08\/31\/torna-pom-per-a-moldoi-de-sospiroi-domenica-6-settembre-a-villa-zasso\/","og_locale":"fr_FR","og_type":"article","og_title":"Torna Pom & Per a Moldoi de Sospiroi, domenica 6 settembre a Villa Zasso - Bellunopress - Dolomiti","og_description":"&#8220;Pom &amp; Per a Moldoi de Sospiroi&#8221;: domenica 6 settembre a Villa Zasso una giornata tra biodiversit\u00e0, tradizioni, cultura e natura Una giornata dedicata alla natura, alla cultura, alle tradizioni agricole e alla valorizzazione del territorio bellunese. \u00c8 &#8220;Pom &amp; Per a Moldoi de Sospiroi&#8221;, l&#8217;appuntamento in programma domenica 6 settembre dalle 10 alle 18, [&hellip;]","og_url":"https:\/\/www.bellunopress.it\/fr\/2026\/08\/31\/torna-pom-per-a-moldoi-de-sospiroi-domenica-6-settembre-a-villa-zasso\/","og_site_name":"Bellunopress - Dolomiti","article_publisher":"https:\/\/www.facebook.com\/profile.php?id=100008943462799","article_published_time":"2026-08-31T13:42:02+00:00","og_image":[{"width":800,"height":601,"url":"https:\/\/www.bellunopress.it\/wp-content\/uploads\/2021\/08\/pom-e-per-villa-zasso-moldoi-sospirolo_edited.jpg","type":"image\/jpeg"}],"author":"redazione","twitter_card":"summary_large_image","twitter_creator":"@bellunopress","twitter_site":"@bellunopress","twitter_misc":{"\u00c9crit par":"redazione","Dur\u00e9e de lecture estim\u00e9e":"4 minutes"},"schema":{"@context":"https:\/\/schema.org","@graph":[{"@type":"Article","@id":"https:\/\/www.bellunopress.it\/2026\/08\/31\/torna-pom-per-a-moldoi-de-sospiroi-domenica-6-settembre-a-villa-zasso\/#article","isPartOf":{"@id":"https:\/\/www.bellunopress.it\/2026\/08\/31\/torna-pom-per-a-moldoi-de-sospiroi-domenica-6-settembre-a-villa-zasso\/"},"author":{"name":"redazione","@id":"https:\/\/www.bellunopress.it\/#\/schema\/person\/79bb06722b37ece1c03d3e94beb30d73"},"headline":"Torna Pom &#038; Per a Moldoi de Sospiroi, domenica 6 settembre a Villa Zasso","datePublished":"2026-08-31T13:42:02+00:00","mainEntityOfPage":{"@id":"https:\/\/www.bellunopress.it\/2026\/08\/31\/torna-pom-per-a-moldoi-de-sospiroi-domenica-6-settembre-a-villa-zasso\/"},"wordCount":584,"publisher":{"@id":"https:\/\/www.bellunopress.it\/#organization"},"image":{"@id":"https:\/\/www.bellunopress.it\/2026\/08\/31\/torna-pom-per-a-moldoi-de-sospiroi-domenica-6-settembre-a-villa-zasso\/#primaryimage"},"thumbnailUrl":"https:\/\/www.bellunopress.it\/wp-content\/uploads\/2021\/08\/pom-e-per-villa-zasso-moldoi-sospirolo_edited.jpg","articleSection":["Pausa Caff\u00e8","Societ\u00e0, Associazioni, Istituzioni","Sport, tempo libero"],"inLanguage":"fr-FR"},{"@type":"WebPage","@id":"https:\/\/www.bellunopress.it\/2026\/08\/31\/torna-pom-per-a-moldoi-de-sospiroi-domenica-6-settembre-a-villa-zasso\/","url":"https:\/\/www.bellunopress.it\/2026\/08\/31\/torna-pom-per-a-moldoi-de-sospiroi-domenica-6-settembre-a-villa-zasso\/","name":"Torna Pom & Per a Moldoi de Sospiroi, domenica 6 settembre a Villa Zasso - Bellunopress - Dolomiti","isPartOf":{"@id":"https:\/\/www.bellunopress.it\/#website"},"primaryImageOfPage":{"@id":"https:\/\/www.bellunopress.it\/2026\/08\/31\/torna-pom-per-a-moldoi-de-sospiroi-domenica-6-settembre-a-villa-zasso\/#primaryimage"},"image":{"@id":"https:\/\/www.bellunopress.it\/2026\/08\/31\/torna-pom-per-a-moldoi-de-sospiroi-domenica-6-settembre-a-villa-zasso\/#primaryimage"},"thumbnailUrl":"https:\/\/www.bellunopress.it\/wp-content\/uploads\/2021\/08\/pom-e-per-villa-zasso-moldoi-sospirolo_edited.jpg","datePublished":"2026-08-31T13:42:02+00:00","breadcrumb":{"@id":"https:\/\/www.bellunopress.it\/2026\/08\/31\/torna-pom-per-a-moldoi-de-sospiroi-domenica-6-settembre-a-villa-zasso\/#breadcrumb"},"inLanguage":"fr-FR","potentialAction":[{"@type":"ReadAction","target":["https:\/\/www.bellunopress.it\/2026\/08\/31\/torna-pom-per-a-moldoi-de-sospiroi-domenica-6-settembre-a-villa-zasso\/"]}]},{"@type":"ImageObject","inLanguage":"fr-FR","@id":"https:\/\/www.bellunopress.it\/2026\/08\/31\/torna-pom-per-a-moldoi-de-sospiroi-domenica-6-settembre-a-villa-zasso\/#primaryimage","url":"https:\/\/www.bellunopress.it\/wp-content\/uploads\/2021\/08\/pom-e-per-villa-zasso-moldoi-sospirolo_edited.jpg","contentUrl":"https:\/\/www.bellunopress.it\/wp-content\/uploads\/2021\/08\/pom-e-per-villa-zasso-moldoi-sospirolo_edited.jpg","width":800,"height":601,"caption":"\"Pom e per\" Villa Zasso - Moldoi di Sospirolo"},{"@type":"BreadcrumbList","@id":"https:\/\/www.bellunopress.it\/2026\/08\/31\/torna-pom-per-a-moldoi-de-sospiroi-domenica-6-settembre-a-villa-zasso\/#breadcrumb","itemListElement":[{"@type":"ListItem","position":1,"name":"Home","item":"https:\/\/www.bellunopress.it\/"},{"@type":"ListItem","position":2,"name":"Torna Pom &#038; Per a Moldoi de Sospiroi, domenica 6 settembre a Villa Zasso"}]},{"@type":"WebSite","@id":"https:\/\/www.bellunopress.it\/#website","url":"https:\/\/www.bellunopress.it\/","name":"Bellunopress - Dolomiti","description":"e-mail: redazione@bellunopress.it","publisher":{"@id":"https:\/\/www.bellunopress.it\/#organization"},"potentialAction":[{"@type":"SearchAction","target":{"@type":"EntryPoint","urlTemplate":"https:\/\/www.bellunopress.it\/?s={search_term_string}"},"query-input":{"@type":"PropertyValueSpecification","valueRequired":true,"valueName":"search_term_string"}}],"inLanguage":"fr-FR"},{"@type":"Organization","@id":"https:\/\/www.bellunopress.it\/#organization","name":"Bellunopress","url":"https:\/\/www.bellunopress.it\/","logo":{"@type":"ImageObject","inLanguage":"fr-FR","@id":"https:\/\/www.bellunopress.it\/#\/schema\/logo\/image\/","url":"https:\/\/www.bellunopress.it\/wp-content\/uploads\/2011\/05\/cropped-logo-bellunopress-.jpg","contentUrl":"https:\/\/www.bellunopress.it\/wp-content\/uploads\/2011\/05\/cropped-logo-bellunopress-.jpg","width":512,"height":512,"caption":"Bellunopress"},"image":{"@id":"https:\/\/www.bellunopress.it\/#\/schema\/logo\/image\/"},"sameAs":["https:\/\/www.facebook.com\/profile.php?id=100008943462799","https:\/\/x.com\/bellunopress","https:\/\/www.linkedin.com\/hp\/?dnr=JBzUWaJfMUw8vbXJJ2tVW5-I3jZKvC4wsoxE&amp;amp;amp;amp;amp;amp;trk=nav_responsive_tab_home","https:\/\/www.youtube.com\/channel\/UCxL0wu1uN0_3_7hGG0306cw"]},{"@type":"Person","@id":"https:\/\/www.bellunopress.it\/#\/schema\/person\/79bb06722b37ece1c03d3e94beb30d73","name":"r\u00e9daction","image":{"@type":"ImageObject","inLanguage":"fr-FR","@id":"https:\/\/secure.gravatar.com\/avatar\/37d968a2e67a6fd04c169c4bdef102d0bc5d31b2546345219e348575eb80e9a0?s=96&d=mm&r=g","url":"https:\/\/secure.gravatar.com\/avatar\/37d968a2e67a6fd04c169c4bdef102d0bc5d31b2546345219e348575eb80e9a0?s=96&d=mm&r=g","contentUrl":"https:\/\/secure.gravatar.com\/avatar\/37d968a2e67a6fd04c169c4bdef102d0bc5d31b2546345219e348575eb80e9a0?s=96&d=mm&r=g","caption":"redazione"},"sameAs":["http:\/\/www.bellunopress.it","https:\/\/x.com\/bellunopress"],"url":"https:\/\/www.bellunopress.it\/fr\/author\/redazione\/"}]}},"_links":{"self":[{"href":"https:\/\/www.bellunopress.it\/fr\/wp-json\/wp\/v2\/posts\/173026","targetHints":{"allow":["GET"]}}],"collection":[{"href":"https:\/\/www.bellunopress.it\/fr\/wp-json\/wp\/v2\/posts"}],"about":[{"href":"https:\/\/www.bellunopress.it\/fr\/wp-json\/wp\/v2\/types\/post"}],"author":[{"embeddable":true,"href":"https:\/\/www.bellunopress.it\/fr\/wp-json\/wp\/v2\/users\/2"}],"replies":[{"embeddable":true,"href":"https:\/\/www.bellunopress.it\/fr\/wp-json\/wp\/v2\/comments?post=173026"}],"version-history":[{"count":1,"href":"https:\/\/www.bellunopress.it\/fr\/wp-json\/wp\/v2\/posts\/173026\/revisions"}],"predecessor-version":[{"id":173027,"href":"https:\/\/www.bellunopress.it\/fr\/wp-json\/wp\/v2\/posts\/173026\/revisions\/173027"}],"wp:featuredmedia":[{"embeddable":true,"href":"https:\/\/www.bellunopress.it\/fr\/wp-json\/wp\/v2\/media\/127390"}],"wp:attachment":[{"href":"https:\/\/www.bellunopress.it\/fr\/wp-json\/wp\/v2\/media?parent=173026"}],"wp:term":[{"taxonomy":"category","embeddable":true,"href":"https:\/\/www.bellunopress.it\/fr\/wp-json\/wp\/v2\/categories?post=173026"},{"taxonomy":"post_tag","embeddable":true,"href":"https:\/\/www.bellunopress.it\/fr\/wp-json\/wp\/v2\/tags?post=173026"}],"curies":[{"name":"wp","href":"https:\/\/api.w.org\/{rel}","templated":true}]}}