{"id":173024,"date":"2026-08-31T13:45:57","date_gmt":"2026-08-31T11:45:57","guid":{"rendered":"https:\/\/www.bellunopress.it\/?p=173024"},"modified":"2026-08-31T13:45:57","modified_gmt":"2026-08-31T11:45:57","slug":"fine-vita-al-voto-in-consiglio-regionale-gli-appuntamenti-delle-associazioni","status":"publish","type":"post","link":"https:\/\/www.bellunopress.it\/fr\/2026\/08\/31\/fine-vita-al-voto-in-consiglio-regionale-gli-appuntamenti-delle-associazioni\/","title":{"rendered":"Fine vita al voto in consiglio regionale. Gli appuntamenti delle associazioni"},"content":{"rendered":"<p><strong>Saranno presenti Cristina Gheller, Marco Cappato, l&#8217;Associazione Luca Coscioni per rappresentare le oltre 15mila persone che hanno firmato la proposta<\/strong><\/p>\n<p><strong>Marted\u00ec 1\u00b0 settembre presidio fisso dalle 9.45 alle 11 in Calle Larga XXII marzo angolo Calle del Pestrin<\/strong><\/p>\n<p><strong>Cappato: &#8220;Abbiamo fiducia nei Consiglieri, chiediamo che la proposta sia approvata integralmente&#8221;<\/strong><\/p>\n<p>L&#8217;Associazione Luca Coscioni sar\u00e0 domani in Consiglio regionale per seguire la discussione della proposta di legge di iniziativa popolare &#8220;Liberi Subito&#8221;, arrivata all&#8217;esame dell&#8217;Aula dopo la mobilitazione in grado di raccogliere le oltre 9.000 firme necessarie al deposito in Commissione.<br \/>\nLa proposta nasce dalla necessit\u00e0 di garantire che il percorso previsto dalla sentenza n. 242 del 2019 della Corte costituzionale possa essere attuato attraverso procedure uniformi e senza ingiustificati ritardi, evitando che l&#8217;accesso al suicidio medicalmente assistito dipenda da procedure differenti da territorio a territorio.<br \/>\nIl Veneto \u00e8 stata la prima Regione a discutere una proposta di legge popolare sul fine vita, il 16 gennaio 2024 il testo \u00e8 stato respinto in Aula per un solo voto, ma non \u00e8 decaduto e, con la nuova legislatura, \u00e8 tornato all&#8217;esame della Commissione Sanit\u00e0.<br \/>\nIl testo resta quello di iniziativa popolare, ma sono stati preparati emendamenti per adeguarlo ai paletti fissati dalla Corte costituzionale sulle leggi di Toscana e Sardegna. In particolare, viene superato il termine fisso di venti giorni per la verifica iniziale, sostituito dall&#8217;obbligo di procedere &#8220;senza ingiustificati ritardi&#8221; e secondo tempi compatibili con le condizioni cliniche del paziente.<br \/>\nIn Veneto, dal 2019, sono state presentate circa venti domande di accesso al suicidio medicalmente assistito e tre sono state autorizzate: un dato che conferma la necessit\u00e0 di regole trasparenti, responsabilit\u00e0 definite e garanzie effettive per le persone malate, le famiglie e gli operatori sanitari.<\/p>\n<p>Marco Cappato: &#8220;Abbiamo fiducia che le persone componenti del Consiglio regionale del Veneto non vorranno perdere questa occasione storica per schierarsi dalla parte di chi vuole esercitare il proprio diritto, gi\u00e0 in vigore in Italia, ad essere aiutato a decidere sul proprio corpo, sul proprio dolore e sulla propria vita, senza dover subire come un tortura delle scelte imposte da altri. Chiediamo che la nostra proposta di legge di iniziativa popolare sia approvata integralmente, senza cedere a tentativi di svuotarla o renderne pi\u00f9 difficoltosa l&#8217;applicazione&#8221;<\/p>\n<p>Insieme a Cappato per il Comitato promotore saranno presenti:<\/p>\n<p>Matteo Mainardi, coordinatore della campagna Liberi Subito<\/p>\n<p>Il coordinatore della Cellula Coscioni veneta Diego Silvestri<\/p>\n<p>Il disobbediente civile Matteo D&#8217;Angelo, che insieme a Cappato rischia fino a 12 di anni di carcere per avere accompagnato in Svizzera per l&#8217;accesso alla morte volontaria Martina Oppelli e altre persone discriminate in Italia<\/p>\n<p>&nbsp;<\/p>\n<p><strong>APPROFONDIMENTO<\/strong><br \/>\nIN BREVE &#8211; FINE VITA, COSA PREVEDE LA PROPOSTA DI LEGGE REGIONALE IN VENETO &#8211; QUI il testo integrale della proposta di legge dell&#8217;Associazione Luca Coscioni in discussione domani:<\/p>\n<p>La proposta di legge regionale promossa dall&#8217;Associazione Luca Coscioni punta a definire ruoli, procedure e tempi del Servizio sanitario regionale per l&#8217;accesso al suicidio medicalmente assistito, dando attuazione alla sentenza n. 242\/2019 della Corte costituzionale, in attesa di una disciplina nazionale.<\/p>\n<p><strong>LE PRINCIPALI EVIDENZE<\/strong><\/p>\n<p>\u2022 Accesso garantito: fino all&#8217;entrata in vigore di una legge nazionale, la Regione garantisce l&#8217;assistenza alle persone che possiedono i requisiti stabiliti dalla sentenza n. 242\/2019: proposito di suicidio autonomo e liberamente formato; dipendenza da trattamenti di sostegno vitale; patologia irreversibile; sofferenze fisiche o psicologiche ritenute intollerabili; piena capacit\u00e0 di prendere decisioni libere e consapevoli. Le condizioni e le modalit\u00e0 devono essere verificate da una struttura pubblica del SSN, previo parere del Comitato etico competente.<\/p>\n<p>\u2022 Commissione medica multidisciplinare: ogni azienda sanitaria deve istituirla entro 15 giorni dall&#8217;entrata in vigore della legge per verificare le condizioni della persona e le modalit\u00e0 di esecuzione.<\/p>\n<p>\u2022 Procedura complessiva in 20 giorni: la verifica deve concludersi entro 20 giorni dalla richiesta. La Commissione medica ha 10 giorni per le verifiche; l&#8217;Azienda sanitaria trasmette la relazione al Comitato etico entro 5 giorni; il Comitato etico deve esprimere il proprio parere nei successivi 5 giorni.<\/p>\n<p>\u2022 Dopo l&#8217;esito positivo: le prestazioni e i trattamenti per l&#8217;autosomministrazione devono essere erogati entro un massimo di 7 giorni dalla richiesta.<\/p>\n<p>\u2022 Assistenza sanitaria completa: le strutture pubbliche devono garantire supporto, assistenza e mezzi necessari, compresi farmaco, macchinario e assistenza medica per la preparazione all&#8217;autosomministrazione. La prestazione pu\u00f2 avvenire in ospedale, hospice o al domicilio, se richiesto.<\/p>\n<p>\u2022 Libert\u00e0 della persona: la persona malata pu\u00f2 in ogni momento posticipare, sospendere o annullare la prestazione.<\/p>\n<p>\u2022 Gratuit\u00e0: le prestazioni di verifica e assistenza sono assicurate gratuitamente nell&#8217;ambito del percorso terapeutico-assistenziale.<\/p>\n<p>\u2022 Nessun nuovo onere per il bilancio regionale: la proposta prevede una clausola di invarianza finanziaria, stabilendo che i costi siano sostenuti nell&#8217;ambito della dotazione del Fondo sanitario regionale.<\/p>","protected":false},"excerpt":{"rendered":"<p>Saranno presenti Cristina Gheller, Marco Cappato, l&#8217;Associazione Luca Coscioni per rappresentare le oltre 15mila persone che hanno firmato la proposta Marted\u00ec 1\u00b0 settembre presidio fisso dalle 9.45 alle 11 in Calle Larga XXII marzo angolo Calle del Pestrin Cappato: &#8220;Abbiamo fiducia nei Consiglieri, chiediamo che la proposta sia approvata integralmente&#8221; L&#8217;Associazione Luca Coscioni sar\u00e0 domani [&hellip;]<\/p>\n","protected":false},"author":2,"featured_media":114469,"comment_status":"closed","ping_status":"open","sticky":false,"template":"","format":"standard","meta":{"footnotes":""},"categories":[1],"tags":[],"class_list":["post-173024","post","type-post","status-publish","format-standard","has-post-thumbnail","category-leo"],"yoast_head":"<!-- This site is optimized with the Yoast SEO plugin v28.4 - https:\/\/yoast.com\/product\/yoast-seo-wordpress\/ -->\n<title>Fine vita al voto in consiglio regionale. Gli appuntamenti delle associazioni - Bellunopress - Dolomiti<\/title>\n<meta name=\"robots\" content=\"index, follow, max-snippet:-1, max-image-preview:large, max-video-preview:-1\" \/>\n<link rel=\"canonical\" href=\"https:\/\/www.bellunopress.it\/fr\/2026\/08\/31\/fine-vita-al-voto-in-consiglio-regionale-gli-appuntamenti-delle-associazioni\/\" \/>\n<meta property=\"og:locale\" content=\"fr_FR\" \/>\n<meta property=\"og:type\" content=\"article\" \/>\n<meta property=\"og:title\" content=\"Fine vita al voto in consiglio regionale. Gli appuntamenti delle associazioni - Bellunopress - Dolomiti\" \/>\n<meta property=\"og:description\" content=\"Saranno presenti Cristina Gheller, Marco Cappato, l&#8217;Associazione Luca Coscioni per rappresentare le oltre 15mila persone che hanno firmato la proposta Marted\u00ec 1\u00b0 settembre presidio fisso dalle 9.45 alle 11 in Calle Larga XXII marzo angolo Calle del Pestrin Cappato: &#8220;Abbiamo fiducia nei Consiglieri, chiediamo che la proposta sia approvata integralmente&#8221; L&#8217;Associazione Luca Coscioni sar\u00e0 domani [&hellip;]\" \/>\n<meta property=\"og:url\" content=\"https:\/\/www.bellunopress.it\/fr\/2026\/08\/31\/fine-vita-al-voto-in-consiglio-regionale-gli-appuntamenti-delle-associazioni\/\" \/>\n<meta property=\"og:site_name\" content=\"Bellunopress - Dolomiti\" \/>\n<meta property=\"article:publisher\" content=\"https:\/\/www.facebook.com\/profile.php?id=100008943462799\" \/>\n<meta property=\"article:published_time\" content=\"2026-08-31T11:45:57+00:00\" \/>\n<meta property=\"og:image\" content=\"https:\/\/www.bellunopress.it\/wp-content\/uploads\/2020\/05\/Regione-Veneto-Palazzo-Ferro-Fini-sede-del-Consiglio-regionale_edited.jpg\" \/>\n\t<meta property=\"og:image:width\" content=\"780\" \/>\n\t<meta property=\"og:image:height\" content=\"405\" \/>\n\t<meta property=\"og:image:type\" content=\"image\/jpeg\" \/>\n<meta name=\"author\" content=\"redazione\" \/>\n<meta name=\"twitter:card\" content=\"summary_large_image\" \/>\n<meta name=\"twitter:creator\" content=\"@bellunopress\" \/>\n<meta name=\"twitter:site\" content=\"@bellunopress\" \/>\n<meta name=\"twitter:label1\" content=\"\u00c9crit par\" \/>\n\t<meta name=\"twitter:data1\" content=\"redazione\" \/>\n\t<meta name=\"twitter:label2\" content=\"Dur\u00e9e de lecture estim\u00e9e\" \/>\n\t<meta name=\"twitter:data2\" content=\"5 minutes\" \/>\n<script type=\"application\/ld+json\" class=\"yoast-schema-graph\">{\"@context\":\"https:\\\/\\\/schema.org\",\"@graph\":[{\"@type\":\"Article\",\"@id\":\"https:\\\/\\\/www.bellunopress.it\\\/2026\\\/08\\\/31\\\/fine-vita-al-voto-in-consiglio-regionale-gli-appuntamenti-delle-associazioni\\\/#article\",\"isPartOf\":{\"@id\":\"https:\\\/\\\/www.bellunopress.it\\\/2026\\\/08\\\/31\\\/fine-vita-al-voto-in-consiglio-regionale-gli-appuntamenti-delle-associazioni\\\/\"},\"author\":{\"name\":\"redazione\",\"@id\":\"https:\\\/\\\/www.bellunopress.it\\\/#\\\/schema\\\/person\\\/79bb06722b37ece1c03d3e94beb30d73\"},\"headline\":\"Fine vita al voto in consiglio regionale. Gli appuntamenti delle associazioni\",\"datePublished\":\"2026-08-31T11:45:57+00:00\",\"mainEntityOfPage\":{\"@id\":\"https:\\\/\\\/www.bellunopress.it\\\/2026\\\/08\\\/31\\\/fine-vita-al-voto-in-consiglio-regionale-gli-appuntamenti-delle-associazioni\\\/\"},\"wordCount\":774,\"publisher\":{\"@id\":\"https:\\\/\\\/www.bellunopress.it\\\/#organization\"},\"image\":{\"@id\":\"https:\\\/\\\/www.bellunopress.it\\\/2026\\\/08\\\/31\\\/fine-vita-al-voto-in-consiglio-regionale-gli-appuntamenti-delle-associazioni\\\/#primaryimage\"},\"thumbnailUrl\":\"https:\\\/\\\/www.bellunopress.it\\\/wp-content\\\/uploads\\\/2020\\\/05\\\/Regione-Veneto-Palazzo-Ferro-Fini-sede-del-Consiglio-regionale_edited.jpg\",\"articleSection\":[\"Lettere Opinioni\"],\"inLanguage\":\"fr-FR\"},{\"@type\":\"WebPage\",\"@id\":\"https:\\\/\\\/www.bellunopress.it\\\/2026\\\/08\\\/31\\\/fine-vita-al-voto-in-consiglio-regionale-gli-appuntamenti-delle-associazioni\\\/\",\"url\":\"https:\\\/\\\/www.bellunopress.it\\\/2026\\\/08\\\/31\\\/fine-vita-al-voto-in-consiglio-regionale-gli-appuntamenti-delle-associazioni\\\/\",\"name\":\"Fine vita al voto in consiglio regionale. Gli appuntamenti delle associazioni - Bellunopress - Dolomiti\",\"isPartOf\":{\"@id\":\"https:\\\/\\\/www.bellunopress.it\\\/#website\"},\"primaryImageOfPage\":{\"@id\":\"https:\\\/\\\/www.bellunopress.it\\\/2026\\\/08\\\/31\\\/fine-vita-al-voto-in-consiglio-regionale-gli-appuntamenti-delle-associazioni\\\/#primaryimage\"},\"image\":{\"@id\":\"https:\\\/\\\/www.bellunopress.it\\\/2026\\\/08\\\/31\\\/fine-vita-al-voto-in-consiglio-regionale-gli-appuntamenti-delle-associazioni\\\/#primaryimage\"},\"thumbnailUrl\":\"https:\\\/\\\/www.bellunopress.it\\\/wp-content\\\/uploads\\\/2020\\\/05\\\/Regione-Veneto-Palazzo-Ferro-Fini-sede-del-Consiglio-regionale_edited.jpg\",\"datePublished\":\"2026-08-31T11:45:57+00:00\",\"breadcrumb\":{\"@id\":\"https:\\\/\\\/www.bellunopress.it\\\/2026\\\/08\\\/31\\\/fine-vita-al-voto-in-consiglio-regionale-gli-appuntamenti-delle-associazioni\\\/#breadcrumb\"},\"inLanguage\":\"fr-FR\",\"potentialAction\":[{\"@type\":\"ReadAction\",\"target\":[\"https:\\\/\\\/www.bellunopress.it\\\/2026\\\/08\\\/31\\\/fine-vita-al-voto-in-consiglio-regionale-gli-appuntamenti-delle-associazioni\\\/\"]}]},{\"@type\":\"ImageObject\",\"inLanguage\":\"fr-FR\",\"@id\":\"https:\\\/\\\/www.bellunopress.it\\\/2026\\\/08\\\/31\\\/fine-vita-al-voto-in-consiglio-regionale-gli-appuntamenti-delle-associazioni\\\/#primaryimage\",\"url\":\"https:\\\/\\\/www.bellunopress.it\\\/wp-content\\\/uploads\\\/2020\\\/05\\\/Regione-Veneto-Palazzo-Ferro-Fini-sede-del-Consiglio-regionale_edited.jpg\",\"contentUrl\":\"https:\\\/\\\/www.bellunopress.it\\\/wp-content\\\/uploads\\\/2020\\\/05\\\/Regione-Veneto-Palazzo-Ferro-Fini-sede-del-Consiglio-regionale_edited.jpg\",\"width\":780,\"height\":405,\"caption\":\"Palazzo Ferro Fini, sede del Consiglio regionale del Veneto\"},{\"@type\":\"BreadcrumbList\",\"@id\":\"https:\\\/\\\/www.bellunopress.it\\\/2026\\\/08\\\/31\\\/fine-vita-al-voto-in-consiglio-regionale-gli-appuntamenti-delle-associazioni\\\/#breadcrumb\",\"itemListElement\":[{\"@type\":\"ListItem\",\"position\":1,\"name\":\"Home\",\"item\":\"https:\\\/\\\/www.bellunopress.it\\\/\"},{\"@type\":\"ListItem\",\"position\":2,\"name\":\"Fine vita al voto in consiglio regionale. Gli appuntamenti delle associazioni\"}]},{\"@type\":\"WebSite\",\"@id\":\"https:\\\/\\\/www.bellunopress.it\\\/#website\",\"url\":\"https:\\\/\\\/www.bellunopress.it\\\/\",\"name\":\"Bellunopress - Dolomiti\",\"description\":\"e-mail: redazione@bellunopress.it\",\"publisher\":{\"@id\":\"https:\\\/\\\/www.bellunopress.it\\\/#organization\"},\"potentialAction\":[{\"@type\":\"SearchAction\",\"target\":{\"@type\":\"EntryPoint\",\"urlTemplate\":\"https:\\\/\\\/www.bellunopress.it\\\/?s={search_term_string}\"},\"query-input\":{\"@type\":\"PropertyValueSpecification\",\"valueRequired\":true,\"valueName\":\"search_term_string\"}}],\"inLanguage\":\"fr-FR\"},{\"@type\":\"Organization\",\"@id\":\"https:\\\/\\\/www.bellunopress.it\\\/#organization\",\"name\":\"Bellunopress\",\"url\":\"https:\\\/\\\/www.bellunopress.it\\\/\",\"logo\":{\"@type\":\"ImageObject\",\"inLanguage\":\"fr-FR\",\"@id\":\"https:\\\/\\\/www.bellunopress.it\\\/#\\\/schema\\\/logo\\\/image\\\/\",\"url\":\"https:\\\/\\\/www.bellunopress.it\\\/wp-content\\\/uploads\\\/2011\\\/05\\\/cropped-logo-bellunopress-.jpg\",\"contentUrl\":\"https:\\\/\\\/www.bellunopress.it\\\/wp-content\\\/uploads\\\/2011\\\/05\\\/cropped-logo-bellunopress-.jpg\",\"width\":512,\"height\":512,\"caption\":\"Bellunopress\"},\"image\":{\"@id\":\"https:\\\/\\\/www.bellunopress.it\\\/#\\\/schema\\\/logo\\\/image\\\/\"},\"sameAs\":[\"https:\\\/\\\/www.facebook.com\\\/profile.php?id=100008943462799\",\"https:\\\/\\\/x.com\\\/bellunopress\",\"https:\\\/\\\/www.linkedin.com\\\/hp\\\/?dnr=JBzUWaJfMUw8vbXJJ2tVW5-I3jZKvC4wsoxE&amp;amp;amp;amp;amp;amp;trk=nav_responsive_tab_home\",\"https:\\\/\\\/www.youtube.com\\\/channel\\\/UCxL0wu1uN0_3_7hGG0306cw\"]},{\"@type\":\"Person\",\"@id\":\"https:\\\/\\\/www.bellunopress.it\\\/#\\\/schema\\\/person\\\/79bb06722b37ece1c03d3e94beb30d73\",\"name\":\"redazione\",\"image\":{\"@type\":\"ImageObject\",\"inLanguage\":\"fr-FR\",\"@id\":\"https:\\\/\\\/secure.gravatar.com\\\/avatar\\\/37d968a2e67a6fd04c169c4bdef102d0bc5d31b2546345219e348575eb80e9a0?s=96&d=mm&r=g\",\"url\":\"https:\\\/\\\/secure.gravatar.com\\\/avatar\\\/37d968a2e67a6fd04c169c4bdef102d0bc5d31b2546345219e348575eb80e9a0?s=96&d=mm&r=g\",\"contentUrl\":\"https:\\\/\\\/secure.gravatar.com\\\/avatar\\\/37d968a2e67a6fd04c169c4bdef102d0bc5d31b2546345219e348575eb80e9a0?s=96&d=mm&r=g\",\"caption\":\"redazione\"},\"sameAs\":[\"http:\\\/\\\/www.bellunopress.it\",\"https:\\\/\\\/x.com\\\/bellunopress\"],\"url\":\"https:\\\/\\\/www.bellunopress.it\\\/fr\\\/author\\\/redazione\\\/\"}]}<\/script>\n<!-- \/ Yoast SEO plugin. -->","yoast_head_json":{"title":"Fine vita al voto in consiglio regionale. Gli appuntamenti delle associazioni - Bellunopress - Dolomiti","robots":{"index":"index","follow":"follow","max-snippet":"max-snippet:-1","max-image-preview":"max-image-preview:large","max-video-preview":"max-video-preview:-1"},"canonical":"https:\/\/www.bellunopress.it\/fr\/2026\/08\/31\/fine-vita-al-voto-in-consiglio-regionale-gli-appuntamenti-delle-associazioni\/","og_locale":"fr_FR","og_type":"article","og_title":"Fine vita al voto in consiglio regionale. Gli appuntamenti delle associazioni - Bellunopress - Dolomiti","og_description":"Saranno presenti Cristina Gheller, Marco Cappato, l&#8217;Associazione Luca Coscioni per rappresentare le oltre 15mila persone che hanno firmato la proposta Marted\u00ec 1\u00b0 settembre presidio fisso dalle 9.45 alle 11 in Calle Larga XXII marzo angolo Calle del Pestrin Cappato: &#8220;Abbiamo fiducia nei Consiglieri, chiediamo che la proposta sia approvata integralmente&#8221; L&#8217;Associazione Luca Coscioni sar\u00e0 domani [&hellip;]","og_url":"https:\/\/www.bellunopress.it\/fr\/2026\/08\/31\/fine-vita-al-voto-in-consiglio-regionale-gli-appuntamenti-delle-associazioni\/","og_site_name":"Bellunopress - Dolomiti","article_publisher":"https:\/\/www.facebook.com\/profile.php?id=100008943462799","article_published_time":"2026-08-31T11:45:57+00:00","og_image":[{"width":780,"height":405,"url":"https:\/\/www.bellunopress.it\/wp-content\/uploads\/2020\/05\/Regione-Veneto-Palazzo-Ferro-Fini-sede-del-Consiglio-regionale_edited.jpg","type":"image\/jpeg"}],"author":"redazione","twitter_card":"summary_large_image","twitter_creator":"@bellunopress","twitter_site":"@bellunopress","twitter_misc":{"\u00c9crit par":"redazione","Dur\u00e9e de lecture estim\u00e9e":"5 minutes"},"schema":{"@context":"https:\/\/schema.org","@graph":[{"@type":"Article","@id":"https:\/\/www.bellunopress.it\/2026\/08\/31\/fine-vita-al-voto-in-consiglio-regionale-gli-appuntamenti-delle-associazioni\/#article","isPartOf":{"@id":"https:\/\/www.bellunopress.it\/2026\/08\/31\/fine-vita-al-voto-in-consiglio-regionale-gli-appuntamenti-delle-associazioni\/"},"author":{"name":"redazione","@id":"https:\/\/www.bellunopress.it\/#\/schema\/person\/79bb06722b37ece1c03d3e94beb30d73"},"headline":"Fine vita al voto in consiglio regionale. Gli appuntamenti delle associazioni","datePublished":"2026-08-31T11:45:57+00:00","mainEntityOfPage":{"@id":"https:\/\/www.bellunopress.it\/2026\/08\/31\/fine-vita-al-voto-in-consiglio-regionale-gli-appuntamenti-delle-associazioni\/"},"wordCount":774,"publisher":{"@id":"https:\/\/www.bellunopress.it\/#organization"},"image":{"@id":"https:\/\/www.bellunopress.it\/2026\/08\/31\/fine-vita-al-voto-in-consiglio-regionale-gli-appuntamenti-delle-associazioni\/#primaryimage"},"thumbnailUrl":"https:\/\/www.bellunopress.it\/wp-content\/uploads\/2020\/05\/Regione-Veneto-Palazzo-Ferro-Fini-sede-del-Consiglio-regionale_edited.jpg","articleSection":["Lettere Opinioni"],"inLanguage":"fr-FR"},{"@type":"WebPage","@id":"https:\/\/www.bellunopress.it\/2026\/08\/31\/fine-vita-al-voto-in-consiglio-regionale-gli-appuntamenti-delle-associazioni\/","url":"https:\/\/www.bellunopress.it\/2026\/08\/31\/fine-vita-al-voto-in-consiglio-regionale-gli-appuntamenti-delle-associazioni\/","name":"Fine vita al voto in consiglio regionale. Gli appuntamenti delle associazioni - Bellunopress - Dolomiti","isPartOf":{"@id":"https:\/\/www.bellunopress.it\/#website"},"primaryImageOfPage":{"@id":"https:\/\/www.bellunopress.it\/2026\/08\/31\/fine-vita-al-voto-in-consiglio-regionale-gli-appuntamenti-delle-associazioni\/#primaryimage"},"image":{"@id":"https:\/\/www.bellunopress.it\/2026\/08\/31\/fine-vita-al-voto-in-consiglio-regionale-gli-appuntamenti-delle-associazioni\/#primaryimage"},"thumbnailUrl":"https:\/\/www.bellunopress.it\/wp-content\/uploads\/2020\/05\/Regione-Veneto-Palazzo-Ferro-Fini-sede-del-Consiglio-regionale_edited.jpg","datePublished":"2026-08-31T11:45:57+00:00","breadcrumb":{"@id":"https:\/\/www.bellunopress.it\/2026\/08\/31\/fine-vita-al-voto-in-consiglio-regionale-gli-appuntamenti-delle-associazioni\/#breadcrumb"},"inLanguage":"fr-FR","potentialAction":[{"@type":"ReadAction","target":["https:\/\/www.bellunopress.it\/2026\/08\/31\/fine-vita-al-voto-in-consiglio-regionale-gli-appuntamenti-delle-associazioni\/"]}]},{"@type":"ImageObject","inLanguage":"fr-FR","@id":"https:\/\/www.bellunopress.it\/2026\/08\/31\/fine-vita-al-voto-in-consiglio-regionale-gli-appuntamenti-delle-associazioni\/#primaryimage","url":"https:\/\/www.bellunopress.it\/wp-content\/uploads\/2020\/05\/Regione-Veneto-Palazzo-Ferro-Fini-sede-del-Consiglio-regionale_edited.jpg","contentUrl":"https:\/\/www.bellunopress.it\/wp-content\/uploads\/2020\/05\/Regione-Veneto-Palazzo-Ferro-Fini-sede-del-Consiglio-regionale_edited.jpg","width":780,"height":405,"caption":"Palazzo Ferro Fini, sede del Consiglio regionale del Veneto"},{"@type":"BreadcrumbList","@id":"https:\/\/www.bellunopress.it\/2026\/08\/31\/fine-vita-al-voto-in-consiglio-regionale-gli-appuntamenti-delle-associazioni\/#breadcrumb","itemListElement":[{"@type":"ListItem","position":1,"name":"Home","item":"https:\/\/www.bellunopress.it\/"},{"@type":"ListItem","position":2,"name":"Fine vita al voto in consiglio regionale. Gli appuntamenti delle associazioni"}]},{"@type":"WebSite","@id":"https:\/\/www.bellunopress.it\/#website","url":"https:\/\/www.bellunopress.it\/","name":"Bellunopress - Dolomiti","description":"e-mail: redazione@bellunopress.it","publisher":{"@id":"https:\/\/www.bellunopress.it\/#organization"},"potentialAction":[{"@type":"SearchAction","target":{"@type":"EntryPoint","urlTemplate":"https:\/\/www.bellunopress.it\/?s={search_term_string}"},"query-input":{"@type":"PropertyValueSpecification","valueRequired":true,"valueName":"search_term_string"}}],"inLanguage":"fr-FR"},{"@type":"Organization","@id":"https:\/\/www.bellunopress.it\/#organization","name":"Bellunopress","url":"https:\/\/www.bellunopress.it\/","logo":{"@type":"ImageObject","inLanguage":"fr-FR","@id":"https:\/\/www.bellunopress.it\/#\/schema\/logo\/image\/","url":"https:\/\/www.bellunopress.it\/wp-content\/uploads\/2011\/05\/cropped-logo-bellunopress-.jpg","contentUrl":"https:\/\/www.bellunopress.it\/wp-content\/uploads\/2011\/05\/cropped-logo-bellunopress-.jpg","width":512,"height":512,"caption":"Bellunopress"},"image":{"@id":"https:\/\/www.bellunopress.it\/#\/schema\/logo\/image\/"},"sameAs":["https:\/\/www.facebook.com\/profile.php?id=100008943462799","https:\/\/x.com\/bellunopress","https:\/\/www.linkedin.com\/hp\/?dnr=JBzUWaJfMUw8vbXJJ2tVW5-I3jZKvC4wsoxE&amp;amp;amp;amp;amp;amp;trk=nav_responsive_tab_home","https:\/\/www.youtube.com\/channel\/UCxL0wu1uN0_3_7hGG0306cw"]},{"@type":"Person","@id":"https:\/\/www.bellunopress.it\/#\/schema\/person\/79bb06722b37ece1c03d3e94beb30d73","name":"r\u00e9daction","image":{"@type":"ImageObject","inLanguage":"fr-FR","@id":"https:\/\/secure.gravatar.com\/avatar\/37d968a2e67a6fd04c169c4bdef102d0bc5d31b2546345219e348575eb80e9a0?s=96&d=mm&r=g","url":"https:\/\/secure.gravatar.com\/avatar\/37d968a2e67a6fd04c169c4bdef102d0bc5d31b2546345219e348575eb80e9a0?s=96&d=mm&r=g","contentUrl":"https:\/\/secure.gravatar.com\/avatar\/37d968a2e67a6fd04c169c4bdef102d0bc5d31b2546345219e348575eb80e9a0?s=96&d=mm&r=g","caption":"redazione"},"sameAs":["http:\/\/www.bellunopress.it","https:\/\/x.com\/bellunopress"],"url":"https:\/\/www.bellunopress.it\/fr\/author\/redazione\/"}]}},"_links":{"self":[{"href":"https:\/\/www.bellunopress.it\/fr\/wp-json\/wp\/v2\/posts\/173024","targetHints":{"allow":["GET"]}}],"collection":[{"href":"https:\/\/www.bellunopress.it\/fr\/wp-json\/wp\/v2\/posts"}],"about":[{"href":"https:\/\/www.bellunopress.it\/fr\/wp-json\/wp\/v2\/types\/post"}],"author":[{"embeddable":true,"href":"https:\/\/www.bellunopress.it\/fr\/wp-json\/wp\/v2\/users\/2"}],"replies":[{"embeddable":true,"href":"https:\/\/www.bellunopress.it\/fr\/wp-json\/wp\/v2\/comments?post=173024"}],"version-history":[{"count":1,"href":"https:\/\/www.bellunopress.it\/fr\/wp-json\/wp\/v2\/posts\/173024\/revisions"}],"predecessor-version":[{"id":173025,"href":"https:\/\/www.bellunopress.it\/fr\/wp-json\/wp\/v2\/posts\/173024\/revisions\/173025"}],"wp:featuredmedia":[{"embeddable":true,"href":"https:\/\/www.bellunopress.it\/fr\/wp-json\/wp\/v2\/media\/114469"}],"wp:attachment":[{"href":"https:\/\/www.bellunopress.it\/fr\/wp-json\/wp\/v2\/media?parent=173024"}],"wp:term":[{"taxonomy":"category","embeddable":true,"href":"https:\/\/www.bellunopress.it\/fr\/wp-json\/wp\/v2\/categories?post=173024"},{"taxonomy":"post_tag","embeddable":true,"href":"https:\/\/www.bellunopress.it\/fr\/wp-json\/wp\/v2\/tags?post=173024"}],"curies":[{"name":"wp","href":"https:\/\/api.w.org\/{rel}","templated":true}]}}