{"id":173022,"date":"2026-08-31T13:25:57","date_gmt":"2026-08-31T11:25:57","guid":{"rendered":"https:\/\/www.bellunopress.it\/?p=173022"},"modified":"2026-08-31T16:59:07","modified_gmt":"2026-08-31T14:59:07","slug":"montagna-ricerche-in-corso","status":"publish","type":"post","link":"https:\/\/www.bellunopress.it\/fr\/2026\/08\/31\/montagna-ricerche-in-corso\/","title":{"rendered":"Montagne. Recherches en cours"},"content":{"rendered":"<p>Cortina d&#8217;Ampezzo (BL), 31 &#8211; 08 &#8211; 2026\u00a0 \u00a0 \u00c8 stato ritrovato in una fitta boscaglia di mughi l&#8217;escursionista di 67 anni di Bologna, di cui non si avevano pi\u00f9 notizie da questa notte, quando, dopo aver avvertito di essersi attardato nel rientrare dalla zona del Lavinores, che aveva perso lo zaino ed era caduto, dopo le 2.30, non aveva pi\u00f9 risposto alle chiamate della moglie.<\/p>\n<p>Scattato l&#8217;allarme attorno alle 5.30, sono partite le ricerche a terra e in volo. L&#8217;elicottero della Guardia di finanza di Bolzano, attraverso il tracciamento dell&#8217;Imsi Catcher, aveva delimitato una prima area di ricerca a una zona a circa 1.540 metri di quota sotto il Lavinores, senza per\u00f2 riscontri. In una seconda perlustrazione, in cui era stata ristretta l&#8217;area, l&#8217;equipaggio aveva notato uno zaino blu, fissandone le coordinate.<\/p>\n<p>Una squadra mista a terra \u00e8 risalita avvicinandosi allo zaino e agli oggetti, appartenenti all&#8217;escursionista. Mentre i soccorritori si muovevano a terra nell&#8217;intrico della boscaglia, il B3 dell&#8217;Air service center convenzionato con il Soccorso alpino Dolomiti Bellunesi, si \u00e8 avvicinato riuscendo con il movimento dell&#8217;aria a spostare in alcuni punti la vegetazione migliorando la visibilit\u00e0, finche l&#8217;uomo non \u00e8 stato individuato e poi raggiunto dai soccorritori 100 metri pi\u00f9 in basso, sopra il Cason d&#8217;Antruiles.<\/p>\n<p>L&#8217;uomo \u00e8 stato quindi preso in carico dall&#8217;equipe medica e dal tecnico di elisoccorso dell&#8217;elicottero del Suem di Pieve di Cadore, calati sulla verticale, che ne hanno valutato le condizioni: era disidratato e lamentava dolori all&#8217;anca e alla schiena. Caricato in barella e issato a bordo con un verricello di 10 metri, l&#8217;uomo \u00e8 stato trasportato per accertamenti in ospedale a Belluno.<br \/>\nAppassionato di antichi tracciati, dal suo racconto aveva cercato di risalire sul Lavinores da Antruiles lungo una itinerario non segnalato che segue una cengia. Quando aveva deciso di rientrare sul versante sud aveva perso l&#8217;orientamento in mezzo ai mughi, aveva lasciato lo zaino ed era ruzzolato tra gli alberi senza ritrovare pi\u00f9 il cellulare.<\/p>\n<p>Hanno preso parte alle ricerche una cinquantina di persone del Soccorso alpino di Cortina, della Guardia di finanza, dei Carabinieri, dei Vigili del fuoco. Operativi gli elicotteri della Guardia di finanza di Bolzano, dei Vigili del fuoco e dell&#8217;Air service center, convenzionato con il Soccorso alpino Dolomiti Bellunesi. Presenti tre unit\u00e0 cinofile del Cnsas e dei Vigili del fuoco. Un aiuto importante \u00e8 arrivato da uno dei guardiaparco che ha indicato ai soccorritori il reticolo dei vecchi tracciati presenti.<\/p>\n<p>Cortina d&#8217;Ampezzo (BL), 31 &#8211; 08 &#8211; 2026\u00a0 \u00a0 \u00a0\u00c8 scattato questa mattina verso le 5.30 l&#8217;allarme per il mancato rientro di un escursionista dalle Dolomiti d&#8217;Ampezzo. Il 67enne di Bologna ieri sera aveva avvisato la moglie di essere in rientro dalla Cengia del Lavinores, di essere attardato e che avrebbe probabilmente bivaccato all&#8217;aperto. Di seguito la moglie lo aveva sentito nuovamente e l&#8217;ultimo contatto risale alle 2 circa. Poi il cellulare ha iniziato a suonare libero senza risposta. La macchina \u00e8 ancora parcheggiata alla partenza dei sentieri. Al momento sono impegnate una cinquantina di persone del Soccorso alpino di Cortina, della Guardia di finanza, dei Carabinieri, dei Vigili del fuoco. Gli elicotteri della Guardia di finanza di Bolzano, dei Vigili del fuoco e dell&#8217;Air service center, convenzionato con il Soccorso alpino Dolomiti Bellunesi, stanno sorvolando l&#8217;area. Sono presenti tre unit\u00e0 cinofile del Cnsas e dei Vigili del fuoco.<\/p>\n<p>Recoaro Terme (VI), 31 &#8211; 08 &#8211; 2026\u00a0 \u00a0 Sono in corso le ricerche di un giovane escursionista, partito sabato per intraprendere il tracciato della Ferrata del Vajo Scuro e dormire al Rifugio Fraccaroli, al momento chiuso, ma non rientrato ieri. La macchina del 22enne padovano \u00e8 ancora parcheggiata al Rifugio Battisti. L&#8217;ultimo contatto con i genitori risale alle 13.30 di sabato. Attualmente il cellulare risulta spento e il lungo sorvolo dell&#8217;elicottero della Guardia di finanza &#8211; a bordo personale del Soccorso alpino di Recoaro &#8211; Valdagno &#8211; ha dato esito negativo, anche da parte dell&#8217;Imsi Catcher, il dispositivo elettronico in grado di intercettare, individuare e localizzare i telefoni cellulari. Le squadre si stanno muovendo in quota e sono state analizzate le celle telefoniche agganciate, che porterebbero a pensare il giovane possa trovarsi sui versanti vicentini del Gruppo del Fumante, Monte Plische, Passo della Lora.<br \/>\nSono operativi il Soccorso alpino di Recoaro- Valdagno, Schio, Arsiero, i soccorritori della Guardia di finanza, i Vigili del fuoco, i Carabinieri.<\/p>","protected":false},"excerpt":{"rendered":"<p>Cortina d&#8217;Ampezzo (BL), 31 &#8211; 08 &#8211; 2026\u00a0 \u00a0 \u00c8 stato ritrovato in una fitta boscaglia di mughi l&#8217;escursionista di 67 anni di Bologna, di cui non si avevano pi\u00f9 notizie da questa notte, quando, dopo aver avvertito di essersi attardato nel rientrare dalla zona del Lavinores, che aveva perso lo zaino ed era caduto, [&hellip;]<\/p>\n","protected":false},"author":2,"featured_media":161933,"comment_status":"closed","ping_status":"open","sticky":false,"template":"","format":"standard","meta":{"footnotes":""},"categories":[5,26],"tags":[],"class_list":["post-173022","post","type-post","status-publish","format-standard","has-post-thumbnail","category-cronaca","category-prima-pagina"],"yoast_head":"<!-- This site is optimized with the Yoast SEO plugin v28.4 - https:\/\/yoast.com\/product\/yoast-seo-wordpress\/ -->\n<title>Montagna. Ricerche in corso - Bellunopress - Dolomiti<\/title>\n<meta name=\"robots\" content=\"index, follow, max-snippet:-1, max-image-preview:large, max-video-preview:-1\" \/>\n<link rel=\"canonical\" href=\"https:\/\/www.bellunopress.it\/fr\/2026\/08\/31\/montagna-ricerche-in-corso\/\" \/>\n<meta property=\"og:locale\" content=\"fr_FR\" \/>\n<meta property=\"og:type\" content=\"article\" \/>\n<meta property=\"og:title\" content=\"Montagna. Ricerche in corso - Bellunopress - Dolomiti\" \/>\n<meta property=\"og:description\" content=\"Cortina d&#8217;Ampezzo (BL), 31 &#8211; 08 &#8211; 2026\u00a0 \u00a0 \u00c8 stato ritrovato in una fitta boscaglia di mughi l&#8217;escursionista di 67 anni di Bologna, di cui non si avevano pi\u00f9 notizie da questa notte, quando, dopo aver avvertito di essersi attardato nel rientrare dalla zona del Lavinores, che aveva perso lo zaino ed era caduto, [&hellip;]\" \/>\n<meta property=\"og:url\" content=\"https:\/\/www.bellunopress.it\/fr\/2026\/08\/31\/montagna-ricerche-in-corso\/\" \/>\n<meta property=\"og:site_name\" content=\"Bellunopress - Dolomiti\" \/>\n<meta property=\"article:publisher\" content=\"https:\/\/www.facebook.com\/profile.php?id=100008943462799\" \/>\n<meta property=\"article:published_time\" content=\"2026-08-31T11:25:57+00:00\" \/>\n<meta property=\"article:modified_time\" content=\"2026-08-31T14:59:07+00:00\" \/>\n<meta property=\"og:image\" content=\"https:\/\/www.bellunopress.it\/wp-content\/uploads\/2025\/07\/soccorso_edited.jpg\" \/>\n\t<meta property=\"og:image:width\" content=\"601\" \/>\n\t<meta property=\"og:image:height\" content=\"800\" \/>\n\t<meta property=\"og:image:type\" content=\"image\/jpeg\" \/>\n<meta name=\"author\" content=\"redazione\" \/>\n<meta name=\"twitter:card\" content=\"summary_large_image\" \/>\n<meta name=\"twitter:creator\" content=\"@bellunopress\" \/>\n<meta name=\"twitter:site\" content=\"@bellunopress\" \/>\n<meta name=\"twitter:label1\" content=\"Written by\" \/>\n\t<meta name=\"twitter:data1\" content=\"redazione\" \/>\n\t<meta name=\"twitter:label2\" content=\"Est. reading time\" \/>\n\t<meta name=\"twitter:data2\" content=\"4 minutes\" \/>\n<script type=\"application\/ld+json\" class=\"yoast-schema-graph\">{\"@context\":\"https:\\\/\\\/schema.org\",\"@graph\":[{\"@type\":\"Article\",\"@id\":\"https:\\\/\\\/www.bellunopress.it\\\/2026\\\/08\\\/31\\\/montagna-ricerche-in-corso\\\/#article\",\"isPartOf\":{\"@id\":\"https:\\\/\\\/www.bellunopress.it\\\/2026\\\/08\\\/31\\\/montagna-ricerche-in-corso\\\/\"},\"author\":{\"name\":\"redazione\",\"@id\":\"https:\\\/\\\/www.bellunopress.it\\\/#\\\/schema\\\/person\\\/79bb06722b37ece1c03d3e94beb30d73\"},\"headline\":\"Montagna. Ricerche in corso\",\"datePublished\":\"2026-08-31T11:25:57+00:00\",\"dateModified\":\"2026-08-31T14:59:07+00:00\",\"mainEntityOfPage\":{\"@id\":\"https:\\\/\\\/www.bellunopress.it\\\/2026\\\/08\\\/31\\\/montagna-ricerche-in-corso\\\/\"},\"wordCount\":722,\"publisher\":{\"@id\":\"https:\\\/\\\/www.bellunopress.it\\\/#organization\"},\"image\":{\"@id\":\"https:\\\/\\\/www.bellunopress.it\\\/2026\\\/08\\\/31\\\/montagna-ricerche-in-corso\\\/#primaryimage\"},\"thumbnailUrl\":\"https:\\\/\\\/www.bellunopress.it\\\/wp-content\\\/uploads\\\/2025\\\/07\\\/soccorso_edited.jpg\",\"articleSection\":[\"Cronaca\\\/Politica\",\"Prima Pagina\"],\"inLanguage\":\"fr-FR\"},{\"@type\":\"WebPage\",\"@id\":\"https:\\\/\\\/www.bellunopress.it\\\/2026\\\/08\\\/31\\\/montagna-ricerche-in-corso\\\/\",\"url\":\"https:\\\/\\\/www.bellunopress.it\\\/2026\\\/08\\\/31\\\/montagna-ricerche-in-corso\\\/\",\"name\":\"Montagna. Ricerche in corso - Bellunopress - Dolomiti\",\"isPartOf\":{\"@id\":\"https:\\\/\\\/www.bellunopress.it\\\/#website\"},\"primaryImageOfPage\":{\"@id\":\"https:\\\/\\\/www.bellunopress.it\\\/2026\\\/08\\\/31\\\/montagna-ricerche-in-corso\\\/#primaryimage\"},\"image\":{\"@id\":\"https:\\\/\\\/www.bellunopress.it\\\/2026\\\/08\\\/31\\\/montagna-ricerche-in-corso\\\/#primaryimage\"},\"thumbnailUrl\":\"https:\\\/\\\/www.bellunopress.it\\\/wp-content\\\/uploads\\\/2025\\\/07\\\/soccorso_edited.jpg\",\"datePublished\":\"2026-08-31T11:25:57+00:00\",\"dateModified\":\"2026-08-31T14:59:07+00:00\",\"breadcrumb\":{\"@id\":\"https:\\\/\\\/www.bellunopress.it\\\/2026\\\/08\\\/31\\\/montagna-ricerche-in-corso\\\/#breadcrumb\"},\"inLanguage\":\"fr-FR\",\"potentialAction\":[{\"@type\":\"ReadAction\",\"target\":[\"https:\\\/\\\/www.bellunopress.it\\\/2026\\\/08\\\/31\\\/montagna-ricerche-in-corso\\\/\"]}]},{\"@type\":\"ImageObject\",\"inLanguage\":\"fr-FR\",\"@id\":\"https:\\\/\\\/www.bellunopress.it\\\/2026\\\/08\\\/31\\\/montagna-ricerche-in-corso\\\/#primaryimage\",\"url\":\"https:\\\/\\\/www.bellunopress.it\\\/wp-content\\\/uploads\\\/2025\\\/07\\\/soccorso_edited.jpg\",\"contentUrl\":\"https:\\\/\\\/www.bellunopress.it\\\/wp-content\\\/uploads\\\/2025\\\/07\\\/soccorso_edited.jpg\",\"width\":601,\"height\":800},{\"@type\":\"BreadcrumbList\",\"@id\":\"https:\\\/\\\/www.bellunopress.it\\\/2026\\\/08\\\/31\\\/montagna-ricerche-in-corso\\\/#breadcrumb\",\"itemListElement\":[{\"@type\":\"ListItem\",\"position\":1,\"name\":\"Home\",\"item\":\"https:\\\/\\\/www.bellunopress.it\\\/\"},{\"@type\":\"ListItem\",\"position\":2,\"name\":\"Montagna. Ricerche in corso\"}]},{\"@type\":\"WebSite\",\"@id\":\"https:\\\/\\\/www.bellunopress.it\\\/#website\",\"url\":\"https:\\\/\\\/www.bellunopress.it\\\/\",\"name\":\"Bellunopress - Dolomiti\",\"description\":\"e-mail: redazione@bellunopress.it\",\"publisher\":{\"@id\":\"https:\\\/\\\/www.bellunopress.it\\\/#organization\"},\"potentialAction\":[{\"@type\":\"SearchAction\",\"target\":{\"@type\":\"EntryPoint\",\"urlTemplate\":\"https:\\\/\\\/www.bellunopress.it\\\/?s={search_term_string}\"},\"query-input\":{\"@type\":\"PropertyValueSpecification\",\"valueRequired\":true,\"valueName\":\"search_term_string\"}}],\"inLanguage\":\"fr-FR\"},{\"@type\":\"Organization\",\"@id\":\"https:\\\/\\\/www.bellunopress.it\\\/#organization\",\"name\":\"Bellunopress\",\"url\":\"https:\\\/\\\/www.bellunopress.it\\\/\",\"logo\":{\"@type\":\"ImageObject\",\"inLanguage\":\"fr-FR\",\"@id\":\"https:\\\/\\\/www.bellunopress.it\\\/#\\\/schema\\\/logo\\\/image\\\/\",\"url\":\"https:\\\/\\\/www.bellunopress.it\\\/wp-content\\\/uploads\\\/2011\\\/05\\\/cropped-logo-bellunopress-.jpg\",\"contentUrl\":\"https:\\\/\\\/www.bellunopress.it\\\/wp-content\\\/uploads\\\/2011\\\/05\\\/cropped-logo-bellunopress-.jpg\",\"width\":512,\"height\":512,\"caption\":\"Bellunopress\"},\"image\":{\"@id\":\"https:\\\/\\\/www.bellunopress.it\\\/#\\\/schema\\\/logo\\\/image\\\/\"},\"sameAs\":[\"https:\\\/\\\/www.facebook.com\\\/profile.php?id=100008943462799\",\"https:\\\/\\\/x.com\\\/bellunopress\",\"https:\\\/\\\/www.linkedin.com\\\/hp\\\/?dnr=JBzUWaJfMUw8vbXJJ2tVW5-I3jZKvC4wsoxE&amp;amp;amp;amp;amp;amp;trk=nav_responsive_tab_home\",\"https:\\\/\\\/www.youtube.com\\\/channel\\\/UCxL0wu1uN0_3_7hGG0306cw\"]},{\"@type\":\"Person\",\"@id\":\"https:\\\/\\\/www.bellunopress.it\\\/#\\\/schema\\\/person\\\/79bb06722b37ece1c03d3e94beb30d73\",\"name\":\"redazione\",\"image\":{\"@type\":\"ImageObject\",\"inLanguage\":\"fr-FR\",\"@id\":\"https:\\\/\\\/secure.gravatar.com\\\/avatar\\\/37d968a2e67a6fd04c169c4bdef102d0bc5d31b2546345219e348575eb80e9a0?s=96&d=mm&r=g\",\"url\":\"https:\\\/\\\/secure.gravatar.com\\\/avatar\\\/37d968a2e67a6fd04c169c4bdef102d0bc5d31b2546345219e348575eb80e9a0?s=96&d=mm&r=g\",\"contentUrl\":\"https:\\\/\\\/secure.gravatar.com\\\/avatar\\\/37d968a2e67a6fd04c169c4bdef102d0bc5d31b2546345219e348575eb80e9a0?s=96&d=mm&r=g\",\"caption\":\"redazione\"},\"sameAs\":[\"http:\\\/\\\/www.bellunopress.it\",\"https:\\\/\\\/x.com\\\/bellunopress\"],\"url\":\"https:\\\/\\\/www.bellunopress.it\\\/fr\\\/author\\\/redazione\\\/\"}]}<\/script>\n<!-- \/ Yoast SEO plugin. -->","yoast_head_json":{"title":"Montagna. Ricerche in corso - Bellunopress - Dolomiti","robots":{"index":"index","follow":"follow","max-snippet":"max-snippet:-1","max-image-preview":"max-image-preview:large","max-video-preview":"max-video-preview:-1"},"canonical":"https:\/\/www.bellunopress.it\/fr\/2026\/08\/31\/montagna-ricerche-in-corso\/","og_locale":"fr_FR","og_type":"article","og_title":"Montagna. Ricerche in corso - Bellunopress - Dolomiti","og_description":"Cortina d&#8217;Ampezzo (BL), 31 &#8211; 08 &#8211; 2026\u00a0 \u00a0 \u00c8 stato ritrovato in una fitta boscaglia di mughi l&#8217;escursionista di 67 anni di Bologna, di cui non si avevano pi\u00f9 notizie da questa notte, quando, dopo aver avvertito di essersi attardato nel rientrare dalla zona del Lavinores, che aveva perso lo zaino ed era caduto, [&hellip;]","og_url":"https:\/\/www.bellunopress.it\/fr\/2026\/08\/31\/montagna-ricerche-in-corso\/","og_site_name":"Bellunopress - Dolomiti","article_publisher":"https:\/\/www.facebook.com\/profile.php?id=100008943462799","article_published_time":"2026-08-31T11:25:57+00:00","article_modified_time":"2026-08-31T14:59:07+00:00","og_image":[{"width":601,"height":800,"url":"https:\/\/www.bellunopress.it\/wp-content\/uploads\/2025\/07\/soccorso_edited.jpg","type":"image\/jpeg"}],"author":"redazione","twitter_card":"summary_large_image","twitter_creator":"@bellunopress","twitter_site":"@bellunopress","twitter_misc":{"Written by":"redazione","Est. reading time":"4 minutes"},"schema":{"@context":"https:\/\/schema.org","@graph":[{"@type":"Article","@id":"https:\/\/www.bellunopress.it\/2026\/08\/31\/montagna-ricerche-in-corso\/#article","isPartOf":{"@id":"https:\/\/www.bellunopress.it\/2026\/08\/31\/montagna-ricerche-in-corso\/"},"author":{"name":"redazione","@id":"https:\/\/www.bellunopress.it\/#\/schema\/person\/79bb06722b37ece1c03d3e94beb30d73"},"headline":"Montagna. Ricerche in corso","datePublished":"2026-08-31T11:25:57+00:00","dateModified":"2026-08-31T14:59:07+00:00","mainEntityOfPage":{"@id":"https:\/\/www.bellunopress.it\/2026\/08\/31\/montagna-ricerche-in-corso\/"},"wordCount":722,"publisher":{"@id":"https:\/\/www.bellunopress.it\/#organization"},"image":{"@id":"https:\/\/www.bellunopress.it\/2026\/08\/31\/montagna-ricerche-in-corso\/#primaryimage"},"thumbnailUrl":"https:\/\/www.bellunopress.it\/wp-content\/uploads\/2025\/07\/soccorso_edited.jpg","articleSection":["Cronaca\/Politica","Prima Pagina"],"inLanguage":"fr-FR"},{"@type":"WebPage","@id":"https:\/\/www.bellunopress.it\/2026\/08\/31\/montagna-ricerche-in-corso\/","url":"https:\/\/www.bellunopress.it\/2026\/08\/31\/montagna-ricerche-in-corso\/","name":"Montagna. Ricerche in corso - Bellunopress - Dolomiti","isPartOf":{"@id":"https:\/\/www.bellunopress.it\/#website"},"primaryImageOfPage":{"@id":"https:\/\/www.bellunopress.it\/2026\/08\/31\/montagna-ricerche-in-corso\/#primaryimage"},"image":{"@id":"https:\/\/www.bellunopress.it\/2026\/08\/31\/montagna-ricerche-in-corso\/#primaryimage"},"thumbnailUrl":"https:\/\/www.bellunopress.it\/wp-content\/uploads\/2025\/07\/soccorso_edited.jpg","datePublished":"2026-08-31T11:25:57+00:00","dateModified":"2026-08-31T14:59:07+00:00","breadcrumb":{"@id":"https:\/\/www.bellunopress.it\/2026\/08\/31\/montagna-ricerche-in-corso\/#breadcrumb"},"inLanguage":"fr-FR","potentialAction":[{"@type":"ReadAction","target":["https:\/\/www.bellunopress.it\/2026\/08\/31\/montagna-ricerche-in-corso\/"]}]},{"@type":"ImageObject","inLanguage":"fr-FR","@id":"https:\/\/www.bellunopress.it\/2026\/08\/31\/montagna-ricerche-in-corso\/#primaryimage","url":"https:\/\/www.bellunopress.it\/wp-content\/uploads\/2025\/07\/soccorso_edited.jpg","contentUrl":"https:\/\/www.bellunopress.it\/wp-content\/uploads\/2025\/07\/soccorso_edited.jpg","width":601,"height":800},{"@type":"BreadcrumbList","@id":"https:\/\/www.bellunopress.it\/2026\/08\/31\/montagna-ricerche-in-corso\/#breadcrumb","itemListElement":[{"@type":"ListItem","position":1,"name":"Home","item":"https:\/\/www.bellunopress.it\/"},{"@type":"ListItem","position":2,"name":"Montagna. Ricerche in corso"}]},{"@type":"WebSite","@id":"https:\/\/www.bellunopress.it\/#website","url":"https:\/\/www.bellunopress.it\/","name":"Bellunopress - Dolomiti","description":"e-mail: redazione@bellunopress.it","publisher":{"@id":"https:\/\/www.bellunopress.it\/#organization"},"potentialAction":[{"@type":"SearchAction","target":{"@type":"EntryPoint","urlTemplate":"https:\/\/www.bellunopress.it\/?s={search_term_string}"},"query-input":{"@type":"PropertyValueSpecification","valueRequired":true,"valueName":"search_term_string"}}],"inLanguage":"fr-FR"},{"@type":"Organization","@id":"https:\/\/www.bellunopress.it\/#organization","name":"Bellunopress","url":"https:\/\/www.bellunopress.it\/","logo":{"@type":"ImageObject","inLanguage":"fr-FR","@id":"https:\/\/www.bellunopress.it\/#\/schema\/logo\/image\/","url":"https:\/\/www.bellunopress.it\/wp-content\/uploads\/2011\/05\/cropped-logo-bellunopress-.jpg","contentUrl":"https:\/\/www.bellunopress.it\/wp-content\/uploads\/2011\/05\/cropped-logo-bellunopress-.jpg","width":512,"height":512,"caption":"Bellunopress"},"image":{"@id":"https:\/\/www.bellunopress.it\/#\/schema\/logo\/image\/"},"sameAs":["https:\/\/www.facebook.com\/profile.php?id=100008943462799","https:\/\/x.com\/bellunopress","https:\/\/www.linkedin.com\/hp\/?dnr=JBzUWaJfMUw8vbXJJ2tVW5-I3jZKvC4wsoxE&amp;amp;amp;amp;amp;amp;trk=nav_responsive_tab_home","https:\/\/www.youtube.com\/channel\/UCxL0wu1uN0_3_7hGG0306cw"]},{"@type":"Person","@id":"https:\/\/www.bellunopress.it\/#\/schema\/person\/79bb06722b37ece1c03d3e94beb30d73","name":"r\u00e9daction","image":{"@type":"ImageObject","inLanguage":"fr-FR","@id":"https:\/\/secure.gravatar.com\/avatar\/37d968a2e67a6fd04c169c4bdef102d0bc5d31b2546345219e348575eb80e9a0?s=96&d=mm&r=g","url":"https:\/\/secure.gravatar.com\/avatar\/37d968a2e67a6fd04c169c4bdef102d0bc5d31b2546345219e348575eb80e9a0?s=96&d=mm&r=g","contentUrl":"https:\/\/secure.gravatar.com\/avatar\/37d968a2e67a6fd04c169c4bdef102d0bc5d31b2546345219e348575eb80e9a0?s=96&d=mm&r=g","caption":"redazione"},"sameAs":["http:\/\/www.bellunopress.it","https:\/\/x.com\/bellunopress"],"url":"https:\/\/www.bellunopress.it\/fr\/author\/redazione\/"}]}},"_links":{"self":[{"href":"https:\/\/www.bellunopress.it\/fr\/wp-json\/wp\/v2\/posts\/173022","targetHints":{"allow":["GET"]}}],"collection":[{"href":"https:\/\/www.bellunopress.it\/fr\/wp-json\/wp\/v2\/posts"}],"about":[{"href":"https:\/\/www.bellunopress.it\/fr\/wp-json\/wp\/v2\/types\/post"}],"author":[{"embeddable":true,"href":"https:\/\/www.bellunopress.it\/fr\/wp-json\/wp\/v2\/users\/2"}],"replies":[{"embeddable":true,"href":"https:\/\/www.bellunopress.it\/fr\/wp-json\/wp\/v2\/comments?post=173022"}],"version-history":[{"count":3,"href":"https:\/\/www.bellunopress.it\/fr\/wp-json\/wp\/v2\/posts\/173022\/revisions"}],"predecessor-version":[{"id":173033,"href":"https:\/\/www.bellunopress.it\/fr\/wp-json\/wp\/v2\/posts\/173022\/revisions\/173033"}],"wp:featuredmedia":[{"embeddable":true,"href":"https:\/\/www.bellunopress.it\/fr\/wp-json\/wp\/v2\/media\/161933"}],"wp:attachment":[{"href":"https:\/\/www.bellunopress.it\/fr\/wp-json\/wp\/v2\/media?parent=173022"}],"wp:term":[{"taxonomy":"category","embeddable":true,"href":"https:\/\/www.bellunopress.it\/fr\/wp-json\/wp\/v2\/categories?post=173022"},{"taxonomy":"post_tag","embeddable":true,"href":"https:\/\/www.bellunopress.it\/fr\/wp-json\/wp\/v2\/tags?post=173022"}],"curies":[{"name":"wp","href":"https:\/\/api.w.org\/{rel}","templated":true}]}}