{"id":173017,"date":"2026-08-31T11:17:26","date_gmt":"2026-08-31T09:17:26","guid":{"rendered":"https:\/\/www.bellunopress.it\/?p=173017"},"modified":"2026-08-31T11:22:31","modified_gmt":"2026-08-31T09:22:31","slug":"case-di-comunita-in-provincia-di-belluno-riusciremo-a-renderle-pienamente-funzionanti-lanalisi-del-comitato-feltrino","status":"publish","type":"post","link":"https:\/\/www.bellunopress.it\/fr\/2026\/08\/31\/case-di-comunita-in-provincia-di-belluno-riusciremo-a-renderle-pienamente-funzionanti-lanalisi-del-comitato-feltrino\/","title":{"rendered":"Case di Comunit\u00e0 in provincia di Belluno: riusciremo a renderle pienamente funzionanti? L&#8217;analisi del Comitato Feltrino"},"content":{"rendered":"<p data-path-to-node=\"4\">Nel mese di agosto 2026, in seguito all&#8217;apertura delle quattro Case di Comunit\u00e0 (CdC) all&#8217;interno dell&#8217;ULSS 1 Dolomiti, il Comitato Feltrino per il Diritto alla Salute &#8211; Gi\u00f9 le mani dalla sanit\u00e0 bellunese ha effettuato un primo &#8220;check-up&#8221; approfondito sui servizi erogati. L&#8217;obiettivo dell&#8217;iniziativa non \u00e8 stato quello di emettere giudizi affrettati, bens\u00ec di valutare lo stato di avanzamento dei lavori, comprendere i cambiamenti reali in atto nel territorio e verificare se la rotta intrapresa sia quella giusta per migliorare l\u2019assistenza socio-sanitaria dei cittadini al di fuori degli ospedali.<\/p>\n<h2 data-path-to-node=\"5\">Il contesto normativo e la sfida del PNRR<\/h2>\n<p data-path-to-node=\"6\">Le Case di Comunit\u00e0, introdotte dal <i data-path-to-node=\"6\" data-index-in-node=\"36\">Decreto del 23 maggio 2023 n. 77<\/i>, attuano la Missione 6 &#8211; Salute del PNRR, focalizzata sulle reti di prossimit\u00e0, le strutture intermedie e la telemedicina per l&#8217;assistenza sanitaria territoriale. Dal punto di vista strutturale e organizzativo, esse si dividono in:<\/p>\n<ul data-path-to-node=\"7\">\n<li>\n<p data-path-to-node=\"7,0,0\">Case di Comunit\u00e0 HUB: previste una ogni 40-50.000 abitanti (quattro in totale nell&#8217;ULSS 1 Dolomiti).<\/p>\n<\/li>\n<li>\n<p data-path-to-node=\"7,1,0\">Case di Comunit\u00e0 SPOKE: dislocate in base alle specifiche caratteristiche territoriali (attualmente individuate a Canale d&#8217;Agordo e Caprile).<\/p>\n<\/li>\n<\/ul>\n<p data-path-to-node=\"8\">Se la prima fase del PNRR si \u00e8 concentrata sulla creazione della nuova rete e delle sedi fisiche, la seconda fase \u2014 decisamente pi\u00f9 complessa \u2014 consiste nel trasformare gli edifici in servizi concreti per i cittadini. A ci\u00f2 si aggiunge una criticit\u00e0 non prevista dal piano: reperire e mantenere risorse professionali adeguate in un periodo di grave carenza di personale, garantendo al contempo che l&#8217;intera offerta resti rigorosamente pubblica per assicurare equit\u00e0 e accesso universale.<\/p>\n<h2 data-path-to-node=\"9\"><img loading=\"lazy\" decoding=\"async\" class=\"aligncenter size-full wp-image-173019\" src=\"https:\/\/www.bellunopress.it\/wp-content\/uploads\/2026\/08\/Comitato-feltrino-Tabella-2.jpg\" alt=\"\" width=\"424\" height=\"600\" srcset=\"https:\/\/www.bellunopress.it\/wp-content\/uploads\/2026\/08\/Comitato-feltrino-Tabella-2.jpg 424w, https:\/\/www.bellunopress.it\/wp-content\/uploads\/2026\/08\/Comitato-feltrino-Tabella-2-353x500.jpg 353w, https:\/\/www.bellunopress.it\/wp-content\/uploads\/2026\/08\/Comitato-feltrino-Tabella-2-297x420.jpg 297w, https:\/\/www.bellunopress.it\/wp-content\/uploads\/2026\/08\/Comitato-feltrino-Tabella-2-150x212.jpg 150w, https:\/\/www.bellunopress.it\/wp-content\/uploads\/2026\/08\/Comitato-feltrino-Tabella-2-300x425.jpg 300w\" sizes=\"auto, (max-width: 424px) 100vw, 424px\" \/> <img loading=\"lazy\" decoding=\"async\" class=\"aligncenter size-full wp-image-173020\" src=\"https:\/\/www.bellunopress.it\/wp-content\/uploads\/2026\/08\/Comitato-feltrino-Tabella-1.jpg\" alt=\"\" width=\"424\" height=\"600\" srcset=\"https:\/\/www.bellunopress.it\/wp-content\/uploads\/2026\/08\/Comitato-feltrino-Tabella-1.jpg 424w, https:\/\/www.bellunopress.it\/wp-content\/uploads\/2026\/08\/Comitato-feltrino-Tabella-1-353x500.jpg 353w, https:\/\/www.bellunopress.it\/wp-content\/uploads\/2026\/08\/Comitato-feltrino-Tabella-1-297x420.jpg 297w, https:\/\/www.bellunopress.it\/wp-content\/uploads\/2026\/08\/Comitato-feltrino-Tabella-1-150x212.jpg 150w, https:\/\/www.bellunopress.it\/wp-content\/uploads\/2026\/08\/Comitato-feltrino-Tabella-1-300x425.jpg 300w\" sizes=\"auto, (max-width: 424px) 100vw, 424px\" \/><\/h2>\n<h2 data-path-to-node=\"9\">La situazione delle sedi HUB in provincia<\/h2>\n<p data-path-to-node=\"10\">Le quattro sedi HUB visitate dal Comitato sono attualmente operative, sebbene ad agosto 2026 presentino un livello di attivazione dei servizi ancora disomogeneo. Le sedi presentano differenti configurazioni logistiche:<\/p>\n<ul data-path-to-node=\"11\">\n<li>\n<p data-path-to-node=\"11,0,0\">Feltre e Pieve di Cadore: collocate al di fuori del perimetro ospedaliero mediante la ristrutturazione di edifici esistenti. In particolare a Pieve di Cadore si \u00e8 registrato un forte entusiasmo per la costruzione di servizi vicini alle terre alte, storicamente penalizzate da percezioni di perifericit\u00e0.<\/p>\n<\/li>\n<li>\n<p data-path-to-node=\"11,1,0\">Belluno: situata in un palazzo di nuova costruzione, collocato all&#8217;estremit\u00e0 sud e interno all&#8217;area ospedaliera.<\/p>\n<\/li>\n<li>\n<p data-path-to-node=\"11,2,0\">Agordo: ricavata dalla ristrutturazione di un&#8217;ala dell&#8217;ospedale unico. Questa scelta la rende l&#8217;unica CdC a non favorire pienamente la de-ospedalizzazione, rimanendo strettamente legata concettualmente al presidio per acuti.<\/p>\n<\/li>\n<\/ul>\n<blockquote data-path-to-node=\"12\">\n<h6 style=\"text-align: left;\" data-path-to-node=\"12,0\"><b data-path-to-node=\"12,0\" data-index-in-node=\"0\">Cos&#8217;\u00e8 una Casa di Comunit\u00e0?<\/b> \u00c8 un punto di accesso ambulatoriale aperto per visite e assistenza primaria, pensato per alleggerire i Pronto Soccorso e gestire la cronicit\u00e0. Si distingue dall&#8217;<b data-path-to-node=\"12,0\" data-index-in-node=\"189\">Ospedale di Comunit\u00e0<\/b>, che \u00e8 invece una struttura di ricovero temporaneo h24 a bassa intensit\u00e0 clinica.<\/h6>\n<\/blockquote>\n<h2 data-path-to-node=\"13\">Criticit\u00e0 emerse e aree di miglioramento<\/h2>\n<p data-path-to-node=\"14\">Dalle visite e dall&#8217;analisi della Carta dei Servizi, il Comitato ha evidenziato diverse problematiche operative che richiedono interventi rapidi:<\/p>\n<ul data-path-to-node=\"15\">\n<li>\n<p data-path-to-node=\"15,0,0\"><b data-path-to-node=\"15,0,0\" data-index-in-node=\"0\">Accessibilit\u00e0 e Orientamento<\/b><\/p>\n<ul data-path-to-node=\"15,0,1\">\n<li>\n<p data-path-to-node=\"15,0,1,0,0\"><i data-path-to-node=\"15,0,1,0,0\" data-index-in-node=\"0\">Problematica rilevata:<\/i> Difficolt\u00e0 nel trovare gli edifici o i reparti corretti all&#8217;interno dei poli, barriera critica per anziani e fragili.<\/p>\n<\/li>\n<li>\n<p data-path-to-node=\"15,0,1,1,0\"><i data-path-to-node=\"15,0,1,1,0\" data-index-in-node=\"0\">Obiettivo di miglioramento:<\/i> Segnaletica chiara e punti informativi dedicati.<\/p>\n<\/li>\n<\/ul>\n<\/li>\n<li>\n<p data-path-to-node=\"15,1,0\"><b data-path-to-node=\"15,1,0\" data-index-in-node=\"0\">Comunicazione al Pubblico<\/b><\/p>\n<ul data-path-to-node=\"15,1,1\">\n<li>\n<p data-path-to-node=\"15,1,1,0,0\"><i data-path-to-node=\"15,1,1,0,0\" data-index-in-node=\"0\">Problematica rilevata:<\/i> Informazioni frammentate sui servizi realmente attivi e sulle modalit\u00e0 di accesso.<\/p>\n<\/li>\n<li>\n<p data-path-to-node=\"15,1,1,1,0\"><i data-path-to-node=\"15,1,1,1,0\" data-index-in-node=\"0\">Obiettivo di miglioramento:<\/i> Campagne informative trasparenti e turni riconoscibili per l&#8217;accesso diretto.<\/p>\n<\/li>\n<\/ul>\n<\/li>\n<li>\n<p data-path-to-node=\"15,2,0\"><b data-path-to-node=\"15,2,0\" data-index-in-node=\"0\">Presa in carico<\/b><\/p>\n<ul data-path-to-node=\"15,2,1\">\n<li>\n<p data-path-to-node=\"15,2,1,0,0\"><i data-path-to-node=\"15,2,1,0,0\" data-index-in-node=\"0\">Problematica rilevata:<\/i> Percorsi dedicati ai malati cronici ancora in fase di costruzione.<\/p>\n<\/li>\n<li>\n<p data-path-to-node=\"15,2,1,1,0\"><i data-path-to-node=\"15,2,1,1,0\" data-index-in-node=\"0\">Obiettivo di miglioramento:<\/i> Definizione di protocolli strutturati e integrazione con le COT (Centrali Operative Territoriali).<\/p>\n<\/li>\n<\/ul>\n<\/li>\n<li>\n<p data-path-to-node=\"15,3,0\"><b data-path-to-node=\"15,3,0\" data-index-in-node=\"0\">Personale e MMG<\/b><\/p>\n<ul data-path-to-node=\"15,3,1\">\n<li>\n<p data-path-to-node=\"15,3,1,0,0\"><i data-path-to-node=\"15,3,1,0,0\" data-index-in-node=\"0\">Problematica rilevata:<\/i> Carenza di medici di medicina generale e pediatri; copertura oraria parziale rispetto ai bandi.<\/p>\n<\/li>\n<li>\n<p data-path-to-node=\"15,3,1,1,0\"><i data-path-to-node=\"15,3,1,1,0\" data-index-in-node=\"0\">Obiettivo di miglioramento:<\/i> Reclutamento attivo e coinvolgimento di medici in pensione, tutelando le aree isolate.<\/p>\n<\/li>\n<\/ul>\n<\/li>\n<\/ul>\n<h2 data-path-to-node=\"16\">Il ruolo del 116117 e dei Medici di Famiglia<\/h2>\n<p data-path-to-node=\"17\">Il servizio di continuit\u00e0 assistenziale (ex guardia medica) fa capo alle Case di Comunit\u00e0 h24, 7 giorni su 7, ed \u00e8 collegato al numero europeo non urgente <b data-path-to-node=\"17\" data-index-in-node=\"155\">116117<\/b> (con sede a Mestre, mentre per le emergenze resta attivo il <strong>118<\/strong>). I medici di continuit\u00e0 gestiscono territori vastissimi (ad esempio, la sede di Feltre copre da Setteville alla Stanga), evidenziando nel tempo una riduzione dei presidi territoriali diffusi.<\/p>\n<p data-path-to-node=\"18\">Per quanto riguarda i Medici di Medicina Generale (richiesti per almeno 4 ore sulle 6 previste dagli accordi), l&#8217;ultimo bando scaduto il 18 agosto punta a costruire elenchi di disponibilit\u00e0 estesi anche ai medici in pensione. Tuttavia, l&#8217;integrazione dei medici di famiglia nelle CdC incontra ostacoli legati alla complessa orografia del territorio bellunese e alla presenza di numerosi abitanti isolati.<\/p>\n<blockquote data-path-to-node=\"19\">\n<h6 style=\"text-align: left;\" data-path-to-node=\"19,0\"><b data-path-to-node=\"19,0\" data-index-in-node=\"0\">Le domande chiave del Comitato Feltrino:<\/b> Il monitoraggio continuer\u00e0 ponendo cinque interrogativi fondamentali all&#8217;ULSS 1: Chi c&#8217;\u00e8 ogni giorno? Quali servizi riceve concretamente un cittadino? Chi coordina il percorso di cura? Come viene condiviso il flusso informativo tra medici, specialisti e ospedale? Quali risultati di salute vengono misurati?<\/h6>\n<\/blockquote>\n<p data-path-to-node=\"21\"><b data-path-to-node=\"21\" data-index-in-node=\"0\">Comitato Feltrino per il Diritto alla Salute &#8211; Gi\u00f9 le mani dalla sanit\u00e0 bellunese<\/b><\/p>\n<p data-path-to-node=\"22\">Sede: Feltre, Via Monte Cima 1 \u2014 Telefono: 388 6390112<\/p>\n<p data-path-to-node=\"23\"><i data-path-to-node=\"23\" data-index-in-node=\"0\">Il monitoraggio civico prosegue per garantire che le Case di Comunit\u00e0 non restino contenitori vuoti, ma diventino presidi reali di salute pubblica.<\/i><\/p>","protected":false},"excerpt":{"rendered":"<p>Nel mese di agosto 2026, in seguito all&#8217;apertura delle quattro Case di Comunit\u00e0 (CdC) all&#8217;interno dell&#8217;ULSS 1 Dolomiti, il Comitato Feltrino per il Diritto alla Salute &#8211; Gi\u00f9 le mani dalla sanit\u00e0 bellunese ha effettuato un primo &#8220;check-up&#8221; approfondito sui servizi erogati. L&#8217;obiettivo dell&#8217;iniziativa non \u00e8 stato quello di emettere giudizi affrettati, bens\u00ec di valutare [&hellip;]<\/p>\n","protected":false},"author":2,"featured_media":172410,"comment_status":"closed","ping_status":"open","sticky":false,"template":"","format":"standard","meta":{"footnotes":""},"categories":[26,17,8],"tags":[],"class_list":["post-173017","post","type-post","status-publish","format-standard","has-post-thumbnail","category-prima-pagina","category-sanita","category-societa-istituzioni"],"yoast_head":"<!-- This site is optimized with the Yoast SEO plugin v28.4 - https:\/\/yoast.com\/product\/yoast-seo-wordpress\/ -->\n<title>Case di Comunit\u00e0 in provincia di Belluno: riusciremo a renderle pienamente funzionanti? L&#039;analisi del Comitato Feltrino - Bellunopress - Dolomiti<\/title>\n<meta name=\"robots\" content=\"index, follow, max-snippet:-1, max-image-preview:large, max-video-preview:-1\" \/>\n<link rel=\"canonical\" href=\"https:\/\/www.bellunopress.it\/fr\/2026\/08\/31\/case-di-comunita-in-provincia-di-belluno-riusciremo-a-renderle-pienamente-funzionanti-lanalisi-del-comitato-feltrino\/\" \/>\n<meta property=\"og:locale\" content=\"fr_FR\" \/>\n<meta property=\"og:type\" content=\"article\" \/>\n<meta property=\"og:title\" content=\"Case di Comunit\u00e0 in provincia di Belluno: riusciremo a renderle pienamente funzionanti? L&#039;analisi del Comitato Feltrino - Bellunopress - Dolomiti\" \/>\n<meta property=\"og:description\" content=\"Nel mese di agosto 2026, in seguito all&#8217;apertura delle quattro Case di Comunit\u00e0 (CdC) all&#8217;interno dell&#8217;ULSS 1 Dolomiti, il Comitato Feltrino per il Diritto alla Salute &#8211; Gi\u00f9 le mani dalla sanit\u00e0 bellunese ha effettuato un primo &#8220;check-up&#8221; approfondito sui servizi erogati. L&#8217;obiettivo dell&#8217;iniziativa non \u00e8 stato quello di emettere giudizi affrettati, bens\u00ec di valutare [&hellip;]\" \/>\n<meta property=\"og:url\" content=\"https:\/\/www.bellunopress.it\/fr\/2026\/08\/31\/case-di-comunita-in-provincia-di-belluno-riusciremo-a-renderle-pienamente-funzionanti-lanalisi-del-comitato-feltrino\/\" \/>\n<meta property=\"og:site_name\" content=\"Bellunopress - Dolomiti\" \/>\n<meta property=\"article:publisher\" content=\"https:\/\/www.facebook.com\/profile.php?id=100008943462799\" \/>\n<meta property=\"article:published_time\" content=\"2026-08-31T09:17:26+00:00\" \/>\n<meta property=\"article:modified_time\" content=\"2026-08-31T09:22:31+00:00\" \/>\n<meta property=\"og:image\" content=\"https:\/\/www.bellunopress.it\/wp-content\/uploads\/2026\/08\/Comitato-feltrino-giu-le-mani-dalla-sanita-bellunese.jpeg\" \/>\n\t<meta property=\"og:image:width\" content=\"534\" \/>\n\t<meta property=\"og:image:height\" content=\"595\" \/>\n\t<meta property=\"og:image:type\" content=\"image\/jpeg\" \/>\n<meta name=\"author\" content=\"redazione\" \/>\n<meta name=\"twitter:card\" content=\"summary_large_image\" \/>\n<meta name=\"twitter:creator\" content=\"@bellunopress\" \/>\n<meta name=\"twitter:site\" content=\"@bellunopress\" \/>\n<meta name=\"twitter:label1\" content=\"Written by\" \/>\n\t<meta name=\"twitter:data1\" content=\"redazione\" \/>\n\t<meta name=\"twitter:label2\" content=\"Est. reading time\" \/>\n\t<meta name=\"twitter:data2\" content=\"5 minutes\" \/>\n<script type=\"application\/ld+json\" class=\"yoast-schema-graph\">{\"@context\":\"https:\\\/\\\/schema.org\",\"@graph\":[{\"@type\":\"Article\",\"@id\":\"https:\\\/\\\/www.bellunopress.it\\\/2026\\\/08\\\/31\\\/case-di-comunita-in-provincia-di-belluno-riusciremo-a-renderle-pienamente-funzionanti-lanalisi-del-comitato-feltrino\\\/#article\",\"isPartOf\":{\"@id\":\"https:\\\/\\\/www.bellunopress.it\\\/2026\\\/08\\\/31\\\/case-di-comunita-in-provincia-di-belluno-riusciremo-a-renderle-pienamente-funzionanti-lanalisi-del-comitato-feltrino\\\/\"},\"author\":{\"name\":\"redazione\",\"@id\":\"https:\\\/\\\/www.bellunopress.it\\\/#\\\/schema\\\/person\\\/79bb06722b37ece1c03d3e94beb30d73\"},\"headline\":\"Case di Comunit\u00e0 in provincia di Belluno: riusciremo a renderle pienamente funzionanti? L&#8217;analisi del Comitato Feltrino\",\"datePublished\":\"2026-08-31T09:17:26+00:00\",\"dateModified\":\"2026-08-31T09:22:31+00:00\",\"mainEntityOfPage\":{\"@id\":\"https:\\\/\\\/www.bellunopress.it\\\/2026\\\/08\\\/31\\\/case-di-comunita-in-provincia-di-belluno-riusciremo-a-renderle-pienamente-funzionanti-lanalisi-del-comitato-feltrino\\\/\"},\"wordCount\":811,\"publisher\":{\"@id\":\"https:\\\/\\\/www.bellunopress.it\\\/#organization\"},\"image\":{\"@id\":\"https:\\\/\\\/www.bellunopress.it\\\/2026\\\/08\\\/31\\\/case-di-comunita-in-provincia-di-belluno-riusciremo-a-renderle-pienamente-funzionanti-lanalisi-del-comitato-feltrino\\\/#primaryimage\"},\"thumbnailUrl\":\"https:\\\/\\\/www.bellunopress.it\\\/wp-content\\\/uploads\\\/2026\\\/08\\\/Comitato-feltrino-giu-le-mani-dalla-sanita-bellunese.jpeg\",\"articleSection\":[\"Prima Pagina\",\"Sanit\u00e0 Medicina\",\"Societ\u00e0, Associazioni, Istituzioni\"],\"inLanguage\":\"fr-FR\"},{\"@type\":\"WebPage\",\"@id\":\"https:\\\/\\\/www.bellunopress.it\\\/2026\\\/08\\\/31\\\/case-di-comunita-in-provincia-di-belluno-riusciremo-a-renderle-pienamente-funzionanti-lanalisi-del-comitato-feltrino\\\/\",\"url\":\"https:\\\/\\\/www.bellunopress.it\\\/2026\\\/08\\\/31\\\/case-di-comunita-in-provincia-di-belluno-riusciremo-a-renderle-pienamente-funzionanti-lanalisi-del-comitato-feltrino\\\/\",\"name\":\"Case di Comunit\u00e0 in provincia di Belluno: riusciremo a renderle pienamente funzionanti? L'analisi del Comitato Feltrino - Bellunopress - Dolomiti\",\"isPartOf\":{\"@id\":\"https:\\\/\\\/www.bellunopress.it\\\/#website\"},\"primaryImageOfPage\":{\"@id\":\"https:\\\/\\\/www.bellunopress.it\\\/2026\\\/08\\\/31\\\/case-di-comunita-in-provincia-di-belluno-riusciremo-a-renderle-pienamente-funzionanti-lanalisi-del-comitato-feltrino\\\/#primaryimage\"},\"image\":{\"@id\":\"https:\\\/\\\/www.bellunopress.it\\\/2026\\\/08\\\/31\\\/case-di-comunita-in-provincia-di-belluno-riusciremo-a-renderle-pienamente-funzionanti-lanalisi-del-comitato-feltrino\\\/#primaryimage\"},\"thumbnailUrl\":\"https:\\\/\\\/www.bellunopress.it\\\/wp-content\\\/uploads\\\/2026\\\/08\\\/Comitato-feltrino-giu-le-mani-dalla-sanita-bellunese.jpeg\",\"datePublished\":\"2026-08-31T09:17:26+00:00\",\"dateModified\":\"2026-08-31T09:22:31+00:00\",\"breadcrumb\":{\"@id\":\"https:\\\/\\\/www.bellunopress.it\\\/2026\\\/08\\\/31\\\/case-di-comunita-in-provincia-di-belluno-riusciremo-a-renderle-pienamente-funzionanti-lanalisi-del-comitato-feltrino\\\/#breadcrumb\"},\"inLanguage\":\"fr-FR\",\"potentialAction\":[{\"@type\":\"ReadAction\",\"target\":[\"https:\\\/\\\/www.bellunopress.it\\\/2026\\\/08\\\/31\\\/case-di-comunita-in-provincia-di-belluno-riusciremo-a-renderle-pienamente-funzionanti-lanalisi-del-comitato-feltrino\\\/\"]}]},{\"@type\":\"ImageObject\",\"inLanguage\":\"fr-FR\",\"@id\":\"https:\\\/\\\/www.bellunopress.it\\\/2026\\\/08\\\/31\\\/case-di-comunita-in-provincia-di-belluno-riusciremo-a-renderle-pienamente-funzionanti-lanalisi-del-comitato-feltrino\\\/#primaryimage\",\"url\":\"https:\\\/\\\/www.bellunopress.it\\\/wp-content\\\/uploads\\\/2026\\\/08\\\/Comitato-feltrino-giu-le-mani-dalla-sanita-bellunese.jpeg\",\"contentUrl\":\"https:\\\/\\\/www.bellunopress.it\\\/wp-content\\\/uploads\\\/2026\\\/08\\\/Comitato-feltrino-giu-le-mani-dalla-sanita-bellunese.jpeg\",\"width\":534,\"height\":595},{\"@type\":\"BreadcrumbList\",\"@id\":\"https:\\\/\\\/www.bellunopress.it\\\/2026\\\/08\\\/31\\\/case-di-comunita-in-provincia-di-belluno-riusciremo-a-renderle-pienamente-funzionanti-lanalisi-del-comitato-feltrino\\\/#breadcrumb\",\"itemListElement\":[{\"@type\":\"ListItem\",\"position\":1,\"name\":\"Home\",\"item\":\"https:\\\/\\\/www.bellunopress.it\\\/\"},{\"@type\":\"ListItem\",\"position\":2,\"name\":\"Case di Comunit\u00e0 in provincia di Belluno: riusciremo a renderle pienamente funzionanti? L&#8217;analisi del Comitato Feltrino\"}]},{\"@type\":\"WebSite\",\"@id\":\"https:\\\/\\\/www.bellunopress.it\\\/#website\",\"url\":\"https:\\\/\\\/www.bellunopress.it\\\/\",\"name\":\"Bellunopress - Dolomiti\",\"description\":\"e-mail: redazione@bellunopress.it\",\"publisher\":{\"@id\":\"https:\\\/\\\/www.bellunopress.it\\\/#organization\"},\"potentialAction\":[{\"@type\":\"SearchAction\",\"target\":{\"@type\":\"EntryPoint\",\"urlTemplate\":\"https:\\\/\\\/www.bellunopress.it\\\/?s={search_term_string}\"},\"query-input\":{\"@type\":\"PropertyValueSpecification\",\"valueRequired\":true,\"valueName\":\"search_term_string\"}}],\"inLanguage\":\"fr-FR\"},{\"@type\":\"Organization\",\"@id\":\"https:\\\/\\\/www.bellunopress.it\\\/#organization\",\"name\":\"Bellunopress\",\"url\":\"https:\\\/\\\/www.bellunopress.it\\\/\",\"logo\":{\"@type\":\"ImageObject\",\"inLanguage\":\"fr-FR\",\"@id\":\"https:\\\/\\\/www.bellunopress.it\\\/#\\\/schema\\\/logo\\\/image\\\/\",\"url\":\"https:\\\/\\\/www.bellunopress.it\\\/wp-content\\\/uploads\\\/2011\\\/05\\\/cropped-logo-bellunopress-.jpg\",\"contentUrl\":\"https:\\\/\\\/www.bellunopress.it\\\/wp-content\\\/uploads\\\/2011\\\/05\\\/cropped-logo-bellunopress-.jpg\",\"width\":512,\"height\":512,\"caption\":\"Bellunopress\"},\"image\":{\"@id\":\"https:\\\/\\\/www.bellunopress.it\\\/#\\\/schema\\\/logo\\\/image\\\/\"},\"sameAs\":[\"https:\\\/\\\/www.facebook.com\\\/profile.php?id=100008943462799\",\"https:\\\/\\\/x.com\\\/bellunopress\",\"https:\\\/\\\/www.linkedin.com\\\/hp\\\/?dnr=JBzUWaJfMUw8vbXJJ2tVW5-I3jZKvC4wsoxE&amp;amp;amp;amp;amp;amp;trk=nav_responsive_tab_home\",\"https:\\\/\\\/www.youtube.com\\\/channel\\\/UCxL0wu1uN0_3_7hGG0306cw\"]},{\"@type\":\"Person\",\"@id\":\"https:\\\/\\\/www.bellunopress.it\\\/#\\\/schema\\\/person\\\/79bb06722b37ece1c03d3e94beb30d73\",\"name\":\"redazione\",\"image\":{\"@type\":\"ImageObject\",\"inLanguage\":\"fr-FR\",\"@id\":\"https:\\\/\\\/secure.gravatar.com\\\/avatar\\\/37d968a2e67a6fd04c169c4bdef102d0bc5d31b2546345219e348575eb80e9a0?s=96&d=mm&r=g\",\"url\":\"https:\\\/\\\/secure.gravatar.com\\\/avatar\\\/37d968a2e67a6fd04c169c4bdef102d0bc5d31b2546345219e348575eb80e9a0?s=96&d=mm&r=g\",\"contentUrl\":\"https:\\\/\\\/secure.gravatar.com\\\/avatar\\\/37d968a2e67a6fd04c169c4bdef102d0bc5d31b2546345219e348575eb80e9a0?s=96&d=mm&r=g\",\"caption\":\"redazione\"},\"sameAs\":[\"http:\\\/\\\/www.bellunopress.it\",\"https:\\\/\\\/x.com\\\/bellunopress\"],\"url\":\"https:\\\/\\\/www.bellunopress.it\\\/fr\\\/author\\\/redazione\\\/\"}]}<\/script>\n<!-- \/ Yoast SEO plugin. -->","yoast_head_json":{"title":"Case di Comunit\u00e0 in provincia di Belluno: riusciremo a renderle pienamente funzionanti? L'analisi del Comitato Feltrino - Bellunopress - Dolomiti","robots":{"index":"index","follow":"follow","max-snippet":"max-snippet:-1","max-image-preview":"max-image-preview:large","max-video-preview":"max-video-preview:-1"},"canonical":"https:\/\/www.bellunopress.it\/fr\/2026\/08\/31\/case-di-comunita-in-provincia-di-belluno-riusciremo-a-renderle-pienamente-funzionanti-lanalisi-del-comitato-feltrino\/","og_locale":"fr_FR","og_type":"article","og_title":"Case di Comunit\u00e0 in provincia di Belluno: riusciremo a renderle pienamente funzionanti? L'analisi del Comitato Feltrino - Bellunopress - Dolomiti","og_description":"Nel mese di agosto 2026, in seguito all&#8217;apertura delle quattro Case di Comunit\u00e0 (CdC) all&#8217;interno dell&#8217;ULSS 1 Dolomiti, il Comitato Feltrino per il Diritto alla Salute &#8211; Gi\u00f9 le mani dalla sanit\u00e0 bellunese ha effettuato un primo &#8220;check-up&#8221; approfondito sui servizi erogati. L&#8217;obiettivo dell&#8217;iniziativa non \u00e8 stato quello di emettere giudizi affrettati, bens\u00ec di valutare [&hellip;]","og_url":"https:\/\/www.bellunopress.it\/fr\/2026\/08\/31\/case-di-comunita-in-provincia-di-belluno-riusciremo-a-renderle-pienamente-funzionanti-lanalisi-del-comitato-feltrino\/","og_site_name":"Bellunopress - Dolomiti","article_publisher":"https:\/\/www.facebook.com\/profile.php?id=100008943462799","article_published_time":"2026-08-31T09:17:26+00:00","article_modified_time":"2026-08-31T09:22:31+00:00","og_image":[{"width":534,"height":595,"url":"https:\/\/www.bellunopress.it\/wp-content\/uploads\/2026\/08\/Comitato-feltrino-giu-le-mani-dalla-sanita-bellunese.jpeg","type":"image\/jpeg"}],"author":"redazione","twitter_card":"summary_large_image","twitter_creator":"@bellunopress","twitter_site":"@bellunopress","twitter_misc":{"Written by":"redazione","Est. reading time":"5 minutes"},"schema":{"@context":"https:\/\/schema.org","@graph":[{"@type":"Article","@id":"https:\/\/www.bellunopress.it\/2026\/08\/31\/case-di-comunita-in-provincia-di-belluno-riusciremo-a-renderle-pienamente-funzionanti-lanalisi-del-comitato-feltrino\/#article","isPartOf":{"@id":"https:\/\/www.bellunopress.it\/2026\/08\/31\/case-di-comunita-in-provincia-di-belluno-riusciremo-a-renderle-pienamente-funzionanti-lanalisi-del-comitato-feltrino\/"},"author":{"name":"redazione","@id":"https:\/\/www.bellunopress.it\/#\/schema\/person\/79bb06722b37ece1c03d3e94beb30d73"},"headline":"Case di Comunit\u00e0 in provincia di Belluno: riusciremo a renderle pienamente funzionanti? L&#8217;analisi del Comitato Feltrino","datePublished":"2026-08-31T09:17:26+00:00","dateModified":"2026-08-31T09:22:31+00:00","mainEntityOfPage":{"@id":"https:\/\/www.bellunopress.it\/2026\/08\/31\/case-di-comunita-in-provincia-di-belluno-riusciremo-a-renderle-pienamente-funzionanti-lanalisi-del-comitato-feltrino\/"},"wordCount":811,"publisher":{"@id":"https:\/\/www.bellunopress.it\/#organization"},"image":{"@id":"https:\/\/www.bellunopress.it\/2026\/08\/31\/case-di-comunita-in-provincia-di-belluno-riusciremo-a-renderle-pienamente-funzionanti-lanalisi-del-comitato-feltrino\/#primaryimage"},"thumbnailUrl":"https:\/\/www.bellunopress.it\/wp-content\/uploads\/2026\/08\/Comitato-feltrino-giu-le-mani-dalla-sanita-bellunese.jpeg","articleSection":["Prima Pagina","Sanit\u00e0 Medicina","Societ\u00e0, Associazioni, Istituzioni"],"inLanguage":"fr-FR"},{"@type":"WebPage","@id":"https:\/\/www.bellunopress.it\/2026\/08\/31\/case-di-comunita-in-provincia-di-belluno-riusciremo-a-renderle-pienamente-funzionanti-lanalisi-del-comitato-feltrino\/","url":"https:\/\/www.bellunopress.it\/2026\/08\/31\/case-di-comunita-in-provincia-di-belluno-riusciremo-a-renderle-pienamente-funzionanti-lanalisi-del-comitato-feltrino\/","name":"Case di Comunit\u00e0 in provincia di Belluno: riusciremo a renderle pienamente funzionanti? L'analisi del Comitato Feltrino - Bellunopress - Dolomiti","isPartOf":{"@id":"https:\/\/www.bellunopress.it\/#website"},"primaryImageOfPage":{"@id":"https:\/\/www.bellunopress.it\/2026\/08\/31\/case-di-comunita-in-provincia-di-belluno-riusciremo-a-renderle-pienamente-funzionanti-lanalisi-del-comitato-feltrino\/#primaryimage"},"image":{"@id":"https:\/\/www.bellunopress.it\/2026\/08\/31\/case-di-comunita-in-provincia-di-belluno-riusciremo-a-renderle-pienamente-funzionanti-lanalisi-del-comitato-feltrino\/#primaryimage"},"thumbnailUrl":"https:\/\/www.bellunopress.it\/wp-content\/uploads\/2026\/08\/Comitato-feltrino-giu-le-mani-dalla-sanita-bellunese.jpeg","datePublished":"2026-08-31T09:17:26+00:00","dateModified":"2026-08-31T09:22:31+00:00","breadcrumb":{"@id":"https:\/\/www.bellunopress.it\/2026\/08\/31\/case-di-comunita-in-provincia-di-belluno-riusciremo-a-renderle-pienamente-funzionanti-lanalisi-del-comitato-feltrino\/#breadcrumb"},"inLanguage":"fr-FR","potentialAction":[{"@type":"ReadAction","target":["https:\/\/www.bellunopress.it\/2026\/08\/31\/case-di-comunita-in-provincia-di-belluno-riusciremo-a-renderle-pienamente-funzionanti-lanalisi-del-comitato-feltrino\/"]}]},{"@type":"ImageObject","inLanguage":"fr-FR","@id":"https:\/\/www.bellunopress.it\/2026\/08\/31\/case-di-comunita-in-provincia-di-belluno-riusciremo-a-renderle-pienamente-funzionanti-lanalisi-del-comitato-feltrino\/#primaryimage","url":"https:\/\/www.bellunopress.it\/wp-content\/uploads\/2026\/08\/Comitato-feltrino-giu-le-mani-dalla-sanita-bellunese.jpeg","contentUrl":"https:\/\/www.bellunopress.it\/wp-content\/uploads\/2026\/08\/Comitato-feltrino-giu-le-mani-dalla-sanita-bellunese.jpeg","width":534,"height":595},{"@type":"BreadcrumbList","@id":"https:\/\/www.bellunopress.it\/2026\/08\/31\/case-di-comunita-in-provincia-di-belluno-riusciremo-a-renderle-pienamente-funzionanti-lanalisi-del-comitato-feltrino\/#breadcrumb","itemListElement":[{"@type":"ListItem","position":1,"name":"Home","item":"https:\/\/www.bellunopress.it\/"},{"@type":"ListItem","position":2,"name":"Case di Comunit\u00e0 in provincia di Belluno: riusciremo a renderle pienamente funzionanti? L&#8217;analisi del Comitato Feltrino"}]},{"@type":"WebSite","@id":"https:\/\/www.bellunopress.it\/#website","url":"https:\/\/www.bellunopress.it\/","name":"Bellunopress - Dolomiti","description":"e-mail: redazione@bellunopress.it","publisher":{"@id":"https:\/\/www.bellunopress.it\/#organization"},"potentialAction":[{"@type":"SearchAction","target":{"@type":"EntryPoint","urlTemplate":"https:\/\/www.bellunopress.it\/?s={search_term_string}"},"query-input":{"@type":"PropertyValueSpecification","valueRequired":true,"valueName":"search_term_string"}}],"inLanguage":"fr-FR"},{"@type":"Organization","@id":"https:\/\/www.bellunopress.it\/#organization","name":"Bellunopress","url":"https:\/\/www.bellunopress.it\/","logo":{"@type":"ImageObject","inLanguage":"fr-FR","@id":"https:\/\/www.bellunopress.it\/#\/schema\/logo\/image\/","url":"https:\/\/www.bellunopress.it\/wp-content\/uploads\/2011\/05\/cropped-logo-bellunopress-.jpg","contentUrl":"https:\/\/www.bellunopress.it\/wp-content\/uploads\/2011\/05\/cropped-logo-bellunopress-.jpg","width":512,"height":512,"caption":"Bellunopress"},"image":{"@id":"https:\/\/www.bellunopress.it\/#\/schema\/logo\/image\/"},"sameAs":["https:\/\/www.facebook.com\/profile.php?id=100008943462799","https:\/\/x.com\/bellunopress","https:\/\/www.linkedin.com\/hp\/?dnr=JBzUWaJfMUw8vbXJJ2tVW5-I3jZKvC4wsoxE&amp;amp;amp;amp;amp;amp;trk=nav_responsive_tab_home","https:\/\/www.youtube.com\/channel\/UCxL0wu1uN0_3_7hGG0306cw"]},{"@type":"Person","@id":"https:\/\/www.bellunopress.it\/#\/schema\/person\/79bb06722b37ece1c03d3e94beb30d73","name":"r\u00e9daction","image":{"@type":"ImageObject","inLanguage":"fr-FR","@id":"https:\/\/secure.gravatar.com\/avatar\/37d968a2e67a6fd04c169c4bdef102d0bc5d31b2546345219e348575eb80e9a0?s=96&d=mm&r=g","url":"https:\/\/secure.gravatar.com\/avatar\/37d968a2e67a6fd04c169c4bdef102d0bc5d31b2546345219e348575eb80e9a0?s=96&d=mm&r=g","contentUrl":"https:\/\/secure.gravatar.com\/avatar\/37d968a2e67a6fd04c169c4bdef102d0bc5d31b2546345219e348575eb80e9a0?s=96&d=mm&r=g","caption":"redazione"},"sameAs":["http:\/\/www.bellunopress.it","https:\/\/x.com\/bellunopress"],"url":"https:\/\/www.bellunopress.it\/fr\/author\/redazione\/"}]}},"_links":{"self":[{"href":"https:\/\/www.bellunopress.it\/fr\/wp-json\/wp\/v2\/posts\/173017","targetHints":{"allow":["GET"]}}],"collection":[{"href":"https:\/\/www.bellunopress.it\/fr\/wp-json\/wp\/v2\/posts"}],"about":[{"href":"https:\/\/www.bellunopress.it\/fr\/wp-json\/wp\/v2\/types\/post"}],"author":[{"embeddable":true,"href":"https:\/\/www.bellunopress.it\/fr\/wp-json\/wp\/v2\/users\/2"}],"replies":[{"embeddable":true,"href":"https:\/\/www.bellunopress.it\/fr\/wp-json\/wp\/v2\/comments?post=173017"}],"version-history":[{"count":2,"href":"https:\/\/www.bellunopress.it\/fr\/wp-json\/wp\/v2\/posts\/173017\/revisions"}],"predecessor-version":[{"id":173021,"href":"https:\/\/www.bellunopress.it\/fr\/wp-json\/wp\/v2\/posts\/173017\/revisions\/173021"}],"wp:featuredmedia":[{"embeddable":true,"href":"https:\/\/www.bellunopress.it\/fr\/wp-json\/wp\/v2\/media\/172410"}],"wp:attachment":[{"href":"https:\/\/www.bellunopress.it\/fr\/wp-json\/wp\/v2\/media?parent=173017"}],"wp:term":[{"taxonomy":"category","embeddable":true,"href":"https:\/\/www.bellunopress.it\/fr\/wp-json\/wp\/v2\/categories?post=173017"},{"taxonomy":"post_tag","embeddable":true,"href":"https:\/\/www.bellunopress.it\/fr\/wp-json\/wp\/v2\/tags?post=173017"}],"curies":[{"name":"wp","href":"https:\/\/api.w.org\/{rel}","templated":true}]}}