{"id":173015,"date":"2026-08-31T10:55:32","date_gmt":"2026-08-31T08:55:32","guid":{"rendered":"https:\/\/www.bellunopress.it\/?p=173015"},"modified":"2026-08-31T10:55:32","modified_gmt":"2026-08-31T08:55:32","slug":"sede-ana-alla-caserma-zannettelli-di-feltre","status":"publish","type":"post","link":"https:\/\/www.bellunopress.it\/fr\/2026\/08\/31\/sede-ana-alla-caserma-zannettelli-di-feltre\/","title":{"rendered":"Sede Ana alla Caserma Zannettelli di Feltre"},"content":{"rendered":"<p>Spazi rinnovati e pi\u00f9 funzionali, nuovi impianti e servizi Spazi pi\u00f9 funzionali per la Protezione Civile e per gli Alpini, ma anche una struttura maggiormente adeguata ad accogliere le numerose attivit\u00e0 promosse dall\u2019ANA che durante l\u2019anno trovano posto all\u2019interno dell\u2019ex caserma Zannettelli.<\/p>\n<p>\u00c8 stato approvato nei giorni scorsi in sede di Giunta il progetto di fattibilit\u00e0 tecnico-economica per l\u2019adeguamento funzionale e<br \/>\nimpiantistico della sede di ANA e Protezione Civile di via Mazzini, per un investimento complessivo di 350 mila euro finanziato attraverso i Fondi Comuni di Confine. L\u2019intervento riguarder\u00e0 una porzione dell\u2019edificio comunale e consentir\u00e0 di rinnovare impianti e servizi, migliorando concretamente la funzionalit\u00e0 di una struttura utilizzata durante tutto l\u2019anno.<br \/>\n\u201c\u00c8 un progetto che riguarda un luogo importante per Feltre e per le tante persone che, a diverso titolo, lo vivono e che si inserisce all\u2019interno del pi\u00f9 ampio disegno di valorizzazione dell\u2019intero compendio \u2013 sottolinea il sindaco Viviana Fusaro \u2013. Da una parte c\u2019\u00e8 la necessit\u00e0 di garantire alla nostra Protezione Civile spazi sempre pi\u00f9 adeguati alle proprie attivit\u00e0, dall\u2019altra la<br \/>\npresenza degli Alpini e il grande lavoro che svolgono per la comunit\u00e0. Con questo intervento diamo una risposta concreta a entrambe queste esigenze e proseguiamo nel percorso di recupero e valorizzazione della Zannettelli\u201d.<\/p>\n<p><strong>LA RIQUALIFICAZIONE<\/strong><br \/>\nIl progetto si concentra su due principali ambiti di intervento: gli impianti tecnologici e la realizzazione di un nuovo blocco di servizi igienici. Gli interventi saranno realizzati prevalentemente all\u2019interno dell\u2019edificio, fatta eccezione per i collegamenti con i sottoservizi.<br \/>\nPer la mensa e i nuovi servizi igienici sar\u00e0 realizzato un nuovo impianto di riscaldamento e raffrescamento a volume di refrigerante variabile, dotato di un sistema centralizzato che consentir\u00e0 di programmarne il funzionamento<br \/>\nanche da remoto. L\u2019acqua calda sanitaria sar\u00e0 invece prodotta attraverso una caldaia a condensazione alimentata a gas metano con produttore istantaneo;<br \/>\nsaranno inoltre realizzati tutti gli impianti necessari al funzionamento dei nuovi servizi, dalle reti idrico-sanitarie agli scarichi fino alla ventilazione.<\/p>\n<p>L\u2019intervento comprende anche la verifica e la messa a norma della canna fumaria per l\u2019evacuazione dei fumi della caldaia e la predisposizione per un futuro impianto di riscaldamento dei piani superiori. Sul fronte elettrico, nei nuovi servizi saranno realizzati integralmente gli impianti elettrici e di illuminazione, mentre nella mensa sar\u00e0 adeguato l\u2019impianto esistente e le<br \/>\nattuali luci saranno sostituite con lampade a led. Sar\u00e0 inoltre installato un nuovo quadro elettrico a servizio dei nuovi impianti tecnologici.<br \/>\nLa trasformazione pi\u00f9 evidente interesser\u00e0 l\u2019attuale ex vano lavaggio pentolame, dove sar\u00e0 realizzato un nuovo blocco di servizi accessibile sia dalla mensa sia dall\u2019esterno. Troveranno spazio un bagno accessibile alle persone con disabilit\u00e0, oltre a servizi igienici, docce e un piccolo spogliatoio distinti per uomini e donne.<br \/>\nPer ricavare i nuovi ambienti saranno demoliti pavimenti e massetti esistenti e realizzate nuove reti di scarico, con tubazioni e pozzetto condensagrassi fino al collegamento alla fognatura. Sono inoltre previsti un nuovo controsoffitto, tramezze divisorie resistenti all\u2019umidit\u00e0, la sostituzione dei serramenti esterni e la posa di quelli interni, oltre a nuove pavimentazioni e rivestimenti in gres.<br \/>\nIl progetto comprende, infine, la predisposizione esterna per eventuali allacciamenti temporanei alla fognatura, con separazione delle acque bianche e nere.<\/p>\n<p>\u201cL\u2019intervento si inserisce nel percorso di recupero e progressiva rifunzionalizzazione dell\u2019ex caserma Zannettelli, un patrimonio comunale sul quale stiamo lavorando per restituire spazi adeguati alle funzioni che oggi ospita \u2013 spiega l\u2019assessore ai Lavori pubblici Andrea Bona \u2013. In questo caso interveniamo su elementi molto concreti, dagli impianti ai servizi, dal<br \/>\nriscaldamento all\u2019illuminazione, con opere che permetteranno di migliorare sensibilmente la fruibilit\u00e0 dell\u2019edificio. \u00c8 un altro tassello del percorso che stiamo portando avanti sulla Zannettelli, recuperando progressivamente gli spazi del compendio e restituendo loro funzioni utili alla Citt\u00e0\u201d.<br \/>\nL\u2019adeguamento della sede assume un rilievo particolare per la Protezione Civile, che utilizza l\u2019edificio come propria base e deve poter disporre di ambienti funzionali sia per l\u2019attivit\u00e0 ordinaria sia, soprattutto, quando \u00e8 necessario attivarsi sul territorio. \u201cPer la Protezione Civile poter contare su una sede adeguata ha una ricaduta diretta sull\u2019organizzazione e sull\u2019operativit\u00e0 \u2013 sottolinea l\u2019assessore alla Protezione Civile Maurizio Zatta \u2013.<br \/>\nMigliorare questa struttura significa mettere i nostri volontari nelle condizioni di lavorare meglio e rendere pi\u00f9 efficiente una base che rappresenta un punto di riferimento importante in caso di necessit\u00e0. Per questo voglio ringraziare il presidente dei Fondi Comuni di Confine Dario Bond per l\u2019attenzione riservata a questo intervento e per le risorse che consentiranno di compiere un passo avanti concreto nell\u2019adeguamento della sede\u201d.<\/p>","protected":false},"excerpt":{"rendered":"<p>Spazi rinnovati e pi\u00f9 funzionali, nuovi impianti e servizi Spazi pi\u00f9 funzionali per la Protezione Civile e per gli Alpini, ma anche una struttura maggiormente adeguata ad accogliere le numerose attivit\u00e0 promosse dall\u2019ANA che durante l\u2019anno trovano posto all\u2019interno dell\u2019ex caserma Zannettelli. \u00c8 stato approvato nei giorni scorsi in sede di Giunta il progetto di [&hellip;]<\/p>\n","protected":false},"author":2,"featured_media":130901,"comment_status":"closed","ping_status":"open","sticky":false,"template":"","format":"standard","meta":{"footnotes":""},"categories":[26,8],"tags":[],"class_list":["post-173015","post","type-post","status-publish","format-standard","has-post-thumbnail","category-prima-pagina","category-societa-istituzioni"],"yoast_head":"<!-- This site is optimized with the Yoast SEO plugin v28.4 - https:\/\/yoast.com\/product\/yoast-seo-wordpress\/ -->\n<title>Sede Ana alla Caserma Zannettelli di Feltre - Bellunopress - Dolomiti<\/title>\n<meta name=\"robots\" content=\"index, follow, max-snippet:-1, max-image-preview:large, max-video-preview:-1\" \/>\n<link rel=\"canonical\" href=\"https:\/\/www.bellunopress.it\/fr\/2026\/08\/31\/sede-ana-alla-caserma-zannettelli-di-feltre\/\" \/>\n<meta property=\"og:locale\" content=\"fr_FR\" \/>\n<meta property=\"og:type\" content=\"article\" \/>\n<meta property=\"og:title\" content=\"Sede Ana alla Caserma Zannettelli di Feltre - Bellunopress - Dolomiti\" \/>\n<meta property=\"og:description\" content=\"Spazi rinnovati e pi\u00f9 funzionali, nuovi impianti e servizi Spazi pi\u00f9 funzionali per la Protezione Civile e per gli Alpini, ma anche una struttura maggiormente adeguata ad accogliere le numerose attivit\u00e0 promosse dall\u2019ANA che durante l\u2019anno trovano posto all\u2019interno dell\u2019ex caserma Zannettelli. \u00c8 stato approvato nei giorni scorsi in sede di Giunta il progetto di [&hellip;]\" \/>\n<meta property=\"og:url\" content=\"https:\/\/www.bellunopress.it\/fr\/2026\/08\/31\/sede-ana-alla-caserma-zannettelli-di-feltre\/\" \/>\n<meta property=\"og:site_name\" content=\"Bellunopress - Dolomiti\" \/>\n<meta property=\"article:publisher\" content=\"https:\/\/www.facebook.com\/profile.php?id=100008943462799\" \/>\n<meta property=\"article:published_time\" content=\"2026-08-31T08:55:32+00:00\" \/>\n<meta property=\"og:image\" content=\"https:\/\/www.bellunopress.it\/wp-content\/uploads\/2022\/01\/Caserma-Zannettelli_edited.jpg\" \/>\n\t<meta property=\"og:image:width\" content=\"1000\" \/>\n\t<meta property=\"og:image:height\" content=\"750\" \/>\n\t<meta property=\"og:image:type\" content=\"image\/jpeg\" \/>\n<meta name=\"author\" content=\"redazione\" \/>\n<meta name=\"twitter:card\" content=\"summary_large_image\" \/>\n<meta name=\"twitter:creator\" content=\"@bellunopress\" \/>\n<meta name=\"twitter:site\" content=\"@bellunopress\" \/>\n<meta name=\"twitter:label1\" content=\"Written by\" \/>\n\t<meta name=\"twitter:data1\" content=\"redazione\" \/>\n\t<meta name=\"twitter:label2\" content=\"Est. reading time\" \/>\n\t<meta name=\"twitter:data2\" content=\"5 minutes\" \/>\n<script type=\"application\/ld+json\" class=\"yoast-schema-graph\">{\"@context\":\"https:\\\/\\\/schema.org\",\"@graph\":[{\"@type\":\"Article\",\"@id\":\"https:\\\/\\\/www.bellunopress.it\\\/2026\\\/08\\\/31\\\/sede-ana-alla-caserma-zannettelli-di-feltre\\\/#article\",\"isPartOf\":{\"@id\":\"https:\\\/\\\/www.bellunopress.it\\\/2026\\\/08\\\/31\\\/sede-ana-alla-caserma-zannettelli-di-feltre\\\/\"},\"author\":{\"name\":\"redazione\",\"@id\":\"https:\\\/\\\/www.bellunopress.it\\\/#\\\/schema\\\/person\\\/79bb06722b37ece1c03d3e94beb30d73\"},\"headline\":\"Sede Ana alla Caserma Zannettelli di Feltre\",\"datePublished\":\"2026-08-31T08:55:32+00:00\",\"mainEntityOfPage\":{\"@id\":\"https:\\\/\\\/www.bellunopress.it\\\/2026\\\/08\\\/31\\\/sede-ana-alla-caserma-zannettelli-di-feltre\\\/\"},\"wordCount\":762,\"publisher\":{\"@id\":\"https:\\\/\\\/www.bellunopress.it\\\/#organization\"},\"image\":{\"@id\":\"https:\\\/\\\/www.bellunopress.it\\\/2026\\\/08\\\/31\\\/sede-ana-alla-caserma-zannettelli-di-feltre\\\/#primaryimage\"},\"thumbnailUrl\":\"https:\\\/\\\/www.bellunopress.it\\\/wp-content\\\/uploads\\\/2022\\\/01\\\/Caserma-Zannettelli_edited.jpg\",\"articleSection\":[\"Prima Pagina\",\"Societ\u00e0, Associazioni, Istituzioni\"],\"inLanguage\":\"fr-FR\"},{\"@type\":\"WebPage\",\"@id\":\"https:\\\/\\\/www.bellunopress.it\\\/2026\\\/08\\\/31\\\/sede-ana-alla-caserma-zannettelli-di-feltre\\\/\",\"url\":\"https:\\\/\\\/www.bellunopress.it\\\/2026\\\/08\\\/31\\\/sede-ana-alla-caserma-zannettelli-di-feltre\\\/\",\"name\":\"Sede Ana alla Caserma Zannettelli di Feltre - Bellunopress - Dolomiti\",\"isPartOf\":{\"@id\":\"https:\\\/\\\/www.bellunopress.it\\\/#website\"},\"primaryImageOfPage\":{\"@id\":\"https:\\\/\\\/www.bellunopress.it\\\/2026\\\/08\\\/31\\\/sede-ana-alla-caserma-zannettelli-di-feltre\\\/#primaryimage\"},\"image\":{\"@id\":\"https:\\\/\\\/www.bellunopress.it\\\/2026\\\/08\\\/31\\\/sede-ana-alla-caserma-zannettelli-di-feltre\\\/#primaryimage\"},\"thumbnailUrl\":\"https:\\\/\\\/www.bellunopress.it\\\/wp-content\\\/uploads\\\/2022\\\/01\\\/Caserma-Zannettelli_edited.jpg\",\"datePublished\":\"2026-08-31T08:55:32+00:00\",\"breadcrumb\":{\"@id\":\"https:\\\/\\\/www.bellunopress.it\\\/2026\\\/08\\\/31\\\/sede-ana-alla-caserma-zannettelli-di-feltre\\\/#breadcrumb\"},\"inLanguage\":\"fr-FR\",\"potentialAction\":[{\"@type\":\"ReadAction\",\"target\":[\"https:\\\/\\\/www.bellunopress.it\\\/2026\\\/08\\\/31\\\/sede-ana-alla-caserma-zannettelli-di-feltre\\\/\"]}]},{\"@type\":\"ImageObject\",\"inLanguage\":\"fr-FR\",\"@id\":\"https:\\\/\\\/www.bellunopress.it\\\/2026\\\/08\\\/31\\\/sede-ana-alla-caserma-zannettelli-di-feltre\\\/#primaryimage\",\"url\":\"https:\\\/\\\/www.bellunopress.it\\\/wp-content\\\/uploads\\\/2022\\\/01\\\/Caserma-Zannettelli_edited.jpg\",\"contentUrl\":\"https:\\\/\\\/www.bellunopress.it\\\/wp-content\\\/uploads\\\/2022\\\/01\\\/Caserma-Zannettelli_edited.jpg\",\"width\":1000,\"height\":750,\"caption\":\"Caserma \\\"Zannettelli\\\" - Feltre\"},{\"@type\":\"BreadcrumbList\",\"@id\":\"https:\\\/\\\/www.bellunopress.it\\\/2026\\\/08\\\/31\\\/sede-ana-alla-caserma-zannettelli-di-feltre\\\/#breadcrumb\",\"itemListElement\":[{\"@type\":\"ListItem\",\"position\":1,\"name\":\"Home\",\"item\":\"https:\\\/\\\/www.bellunopress.it\\\/\"},{\"@type\":\"ListItem\",\"position\":2,\"name\":\"Sede Ana alla Caserma Zannettelli di Feltre\"}]},{\"@type\":\"WebSite\",\"@id\":\"https:\\\/\\\/www.bellunopress.it\\\/#website\",\"url\":\"https:\\\/\\\/www.bellunopress.it\\\/\",\"name\":\"Bellunopress - Dolomiti\",\"description\":\"e-mail: redazione@bellunopress.it\",\"publisher\":{\"@id\":\"https:\\\/\\\/www.bellunopress.it\\\/#organization\"},\"potentialAction\":[{\"@type\":\"SearchAction\",\"target\":{\"@type\":\"EntryPoint\",\"urlTemplate\":\"https:\\\/\\\/www.bellunopress.it\\\/?s={search_term_string}\"},\"query-input\":{\"@type\":\"PropertyValueSpecification\",\"valueRequired\":true,\"valueName\":\"search_term_string\"}}],\"inLanguage\":\"fr-FR\"},{\"@type\":\"Organization\",\"@id\":\"https:\\\/\\\/www.bellunopress.it\\\/#organization\",\"name\":\"Bellunopress\",\"url\":\"https:\\\/\\\/www.bellunopress.it\\\/\",\"logo\":{\"@type\":\"ImageObject\",\"inLanguage\":\"fr-FR\",\"@id\":\"https:\\\/\\\/www.bellunopress.it\\\/#\\\/schema\\\/logo\\\/image\\\/\",\"url\":\"https:\\\/\\\/www.bellunopress.it\\\/wp-content\\\/uploads\\\/2011\\\/05\\\/cropped-logo-bellunopress-.jpg\",\"contentUrl\":\"https:\\\/\\\/www.bellunopress.it\\\/wp-content\\\/uploads\\\/2011\\\/05\\\/cropped-logo-bellunopress-.jpg\",\"width\":512,\"height\":512,\"caption\":\"Bellunopress\"},\"image\":{\"@id\":\"https:\\\/\\\/www.bellunopress.it\\\/#\\\/schema\\\/logo\\\/image\\\/\"},\"sameAs\":[\"https:\\\/\\\/www.facebook.com\\\/profile.php?id=100008943462799\",\"https:\\\/\\\/x.com\\\/bellunopress\",\"https:\\\/\\\/www.linkedin.com\\\/hp\\\/?dnr=JBzUWaJfMUw8vbXJJ2tVW5-I3jZKvC4wsoxE&amp;amp;amp;amp;amp;amp;trk=nav_responsive_tab_home\",\"https:\\\/\\\/www.youtube.com\\\/channel\\\/UCxL0wu1uN0_3_7hGG0306cw\"]},{\"@type\":\"Person\",\"@id\":\"https:\\\/\\\/www.bellunopress.it\\\/#\\\/schema\\\/person\\\/79bb06722b37ece1c03d3e94beb30d73\",\"name\":\"redazione\",\"image\":{\"@type\":\"ImageObject\",\"inLanguage\":\"fr-FR\",\"@id\":\"https:\\\/\\\/secure.gravatar.com\\\/avatar\\\/37d968a2e67a6fd04c169c4bdef102d0bc5d31b2546345219e348575eb80e9a0?s=96&d=mm&r=g\",\"url\":\"https:\\\/\\\/secure.gravatar.com\\\/avatar\\\/37d968a2e67a6fd04c169c4bdef102d0bc5d31b2546345219e348575eb80e9a0?s=96&d=mm&r=g\",\"contentUrl\":\"https:\\\/\\\/secure.gravatar.com\\\/avatar\\\/37d968a2e67a6fd04c169c4bdef102d0bc5d31b2546345219e348575eb80e9a0?s=96&d=mm&r=g\",\"caption\":\"redazione\"},\"sameAs\":[\"http:\\\/\\\/www.bellunopress.it\",\"https:\\\/\\\/x.com\\\/bellunopress\"],\"url\":\"https:\\\/\\\/www.bellunopress.it\\\/fr\\\/author\\\/redazione\\\/\"}]}<\/script>\n<!-- \/ Yoast SEO plugin. -->","yoast_head_json":{"title":"Sede Ana alla Caserma Zannettelli di Feltre - Bellunopress - Dolomiti","robots":{"index":"index","follow":"follow","max-snippet":"max-snippet:-1","max-image-preview":"max-image-preview:large","max-video-preview":"max-video-preview:-1"},"canonical":"https:\/\/www.bellunopress.it\/fr\/2026\/08\/31\/sede-ana-alla-caserma-zannettelli-di-feltre\/","og_locale":"fr_FR","og_type":"article","og_title":"Sede Ana alla Caserma Zannettelli di Feltre - Bellunopress - Dolomiti","og_description":"Spazi rinnovati e pi\u00f9 funzionali, nuovi impianti e servizi Spazi pi\u00f9 funzionali per la Protezione Civile e per gli Alpini, ma anche una struttura maggiormente adeguata ad accogliere le numerose attivit\u00e0 promosse dall\u2019ANA che durante l\u2019anno trovano posto all\u2019interno dell\u2019ex caserma Zannettelli. \u00c8 stato approvato nei giorni scorsi in sede di Giunta il progetto di [&hellip;]","og_url":"https:\/\/www.bellunopress.it\/fr\/2026\/08\/31\/sede-ana-alla-caserma-zannettelli-di-feltre\/","og_site_name":"Bellunopress - Dolomiti","article_publisher":"https:\/\/www.facebook.com\/profile.php?id=100008943462799","article_published_time":"2026-08-31T08:55:32+00:00","og_image":[{"width":1000,"height":750,"url":"https:\/\/www.bellunopress.it\/wp-content\/uploads\/2022\/01\/Caserma-Zannettelli_edited.jpg","type":"image\/jpeg"}],"author":"redazione","twitter_card":"summary_large_image","twitter_creator":"@bellunopress","twitter_site":"@bellunopress","twitter_misc":{"Written by":"redazione","Est. reading time":"5 minutes"},"schema":{"@context":"https:\/\/schema.org","@graph":[{"@type":"Article","@id":"https:\/\/www.bellunopress.it\/2026\/08\/31\/sede-ana-alla-caserma-zannettelli-di-feltre\/#article","isPartOf":{"@id":"https:\/\/www.bellunopress.it\/2026\/08\/31\/sede-ana-alla-caserma-zannettelli-di-feltre\/"},"author":{"name":"redazione","@id":"https:\/\/www.bellunopress.it\/#\/schema\/person\/79bb06722b37ece1c03d3e94beb30d73"},"headline":"Sede Ana alla Caserma Zannettelli di Feltre","datePublished":"2026-08-31T08:55:32+00:00","mainEntityOfPage":{"@id":"https:\/\/www.bellunopress.it\/2026\/08\/31\/sede-ana-alla-caserma-zannettelli-di-feltre\/"},"wordCount":762,"publisher":{"@id":"https:\/\/www.bellunopress.it\/#organization"},"image":{"@id":"https:\/\/www.bellunopress.it\/2026\/08\/31\/sede-ana-alla-caserma-zannettelli-di-feltre\/#primaryimage"},"thumbnailUrl":"https:\/\/www.bellunopress.it\/wp-content\/uploads\/2022\/01\/Caserma-Zannettelli_edited.jpg","articleSection":["Prima Pagina","Societ\u00e0, Associazioni, Istituzioni"],"inLanguage":"fr-FR"},{"@type":"WebPage","@id":"https:\/\/www.bellunopress.it\/2026\/08\/31\/sede-ana-alla-caserma-zannettelli-di-feltre\/","url":"https:\/\/www.bellunopress.it\/2026\/08\/31\/sede-ana-alla-caserma-zannettelli-di-feltre\/","name":"Sede Ana alla Caserma Zannettelli di Feltre - Bellunopress - Dolomiti","isPartOf":{"@id":"https:\/\/www.bellunopress.it\/#website"},"primaryImageOfPage":{"@id":"https:\/\/www.bellunopress.it\/2026\/08\/31\/sede-ana-alla-caserma-zannettelli-di-feltre\/#primaryimage"},"image":{"@id":"https:\/\/www.bellunopress.it\/2026\/08\/31\/sede-ana-alla-caserma-zannettelli-di-feltre\/#primaryimage"},"thumbnailUrl":"https:\/\/www.bellunopress.it\/wp-content\/uploads\/2022\/01\/Caserma-Zannettelli_edited.jpg","datePublished":"2026-08-31T08:55:32+00:00","breadcrumb":{"@id":"https:\/\/www.bellunopress.it\/2026\/08\/31\/sede-ana-alla-caserma-zannettelli-di-feltre\/#breadcrumb"},"inLanguage":"fr-FR","potentialAction":[{"@type":"ReadAction","target":["https:\/\/www.bellunopress.it\/2026\/08\/31\/sede-ana-alla-caserma-zannettelli-di-feltre\/"]}]},{"@type":"ImageObject","inLanguage":"fr-FR","@id":"https:\/\/www.bellunopress.it\/2026\/08\/31\/sede-ana-alla-caserma-zannettelli-di-feltre\/#primaryimage","url":"https:\/\/www.bellunopress.it\/wp-content\/uploads\/2022\/01\/Caserma-Zannettelli_edited.jpg","contentUrl":"https:\/\/www.bellunopress.it\/wp-content\/uploads\/2022\/01\/Caserma-Zannettelli_edited.jpg","width":1000,"height":750,"caption":"Caserma \"Zannettelli\" - Feltre"},{"@type":"BreadcrumbList","@id":"https:\/\/www.bellunopress.it\/2026\/08\/31\/sede-ana-alla-caserma-zannettelli-di-feltre\/#breadcrumb","itemListElement":[{"@type":"ListItem","position":1,"name":"Home","item":"https:\/\/www.bellunopress.it\/"},{"@type":"ListItem","position":2,"name":"Sede Ana alla Caserma Zannettelli di Feltre"}]},{"@type":"WebSite","@id":"https:\/\/www.bellunopress.it\/#website","url":"https:\/\/www.bellunopress.it\/","name":"Bellunopress - Dolomiti","description":"e-mail: redazione@bellunopress.it","publisher":{"@id":"https:\/\/www.bellunopress.it\/#organization"},"potentialAction":[{"@type":"SearchAction","target":{"@type":"EntryPoint","urlTemplate":"https:\/\/www.bellunopress.it\/?s={search_term_string}"},"query-input":{"@type":"PropertyValueSpecification","valueRequired":true,"valueName":"search_term_string"}}],"inLanguage":"fr-FR"},{"@type":"Organization","@id":"https:\/\/www.bellunopress.it\/#organization","name":"Bellunopress","url":"https:\/\/www.bellunopress.it\/","logo":{"@type":"ImageObject","inLanguage":"fr-FR","@id":"https:\/\/www.bellunopress.it\/#\/schema\/logo\/image\/","url":"https:\/\/www.bellunopress.it\/wp-content\/uploads\/2011\/05\/cropped-logo-bellunopress-.jpg","contentUrl":"https:\/\/www.bellunopress.it\/wp-content\/uploads\/2011\/05\/cropped-logo-bellunopress-.jpg","width":512,"height":512,"caption":"Bellunopress"},"image":{"@id":"https:\/\/www.bellunopress.it\/#\/schema\/logo\/image\/"},"sameAs":["https:\/\/www.facebook.com\/profile.php?id=100008943462799","https:\/\/x.com\/bellunopress","https:\/\/www.linkedin.com\/hp\/?dnr=JBzUWaJfMUw8vbXJJ2tVW5-I3jZKvC4wsoxE&amp;amp;amp;amp;amp;amp;trk=nav_responsive_tab_home","https:\/\/www.youtube.com\/channel\/UCxL0wu1uN0_3_7hGG0306cw"]},{"@type":"Person","@id":"https:\/\/www.bellunopress.it\/#\/schema\/person\/79bb06722b37ece1c03d3e94beb30d73","name":"r\u00e9daction","image":{"@type":"ImageObject","inLanguage":"fr-FR","@id":"https:\/\/secure.gravatar.com\/avatar\/37d968a2e67a6fd04c169c4bdef102d0bc5d31b2546345219e348575eb80e9a0?s=96&d=mm&r=g","url":"https:\/\/secure.gravatar.com\/avatar\/37d968a2e67a6fd04c169c4bdef102d0bc5d31b2546345219e348575eb80e9a0?s=96&d=mm&r=g","contentUrl":"https:\/\/secure.gravatar.com\/avatar\/37d968a2e67a6fd04c169c4bdef102d0bc5d31b2546345219e348575eb80e9a0?s=96&d=mm&r=g","caption":"redazione"},"sameAs":["http:\/\/www.bellunopress.it","https:\/\/x.com\/bellunopress"],"url":"https:\/\/www.bellunopress.it\/fr\/author\/redazione\/"}]}},"_links":{"self":[{"href":"https:\/\/www.bellunopress.it\/fr\/wp-json\/wp\/v2\/posts\/173015","targetHints":{"allow":["GET"]}}],"collection":[{"href":"https:\/\/www.bellunopress.it\/fr\/wp-json\/wp\/v2\/posts"}],"about":[{"href":"https:\/\/www.bellunopress.it\/fr\/wp-json\/wp\/v2\/types\/post"}],"author":[{"embeddable":true,"href":"https:\/\/www.bellunopress.it\/fr\/wp-json\/wp\/v2\/users\/2"}],"replies":[{"embeddable":true,"href":"https:\/\/www.bellunopress.it\/fr\/wp-json\/wp\/v2\/comments?post=173015"}],"version-history":[{"count":1,"href":"https:\/\/www.bellunopress.it\/fr\/wp-json\/wp\/v2\/posts\/173015\/revisions"}],"predecessor-version":[{"id":173016,"href":"https:\/\/www.bellunopress.it\/fr\/wp-json\/wp\/v2\/posts\/173015\/revisions\/173016"}],"wp:featuredmedia":[{"embeddable":true,"href":"https:\/\/www.bellunopress.it\/fr\/wp-json\/wp\/v2\/media\/130901"}],"wp:attachment":[{"href":"https:\/\/www.bellunopress.it\/fr\/wp-json\/wp\/v2\/media?parent=173015"}],"wp:term":[{"taxonomy":"category","embeddable":true,"href":"https:\/\/www.bellunopress.it\/fr\/wp-json\/wp\/v2\/categories?post=173015"},{"taxonomy":"post_tag","embeddable":true,"href":"https:\/\/www.bellunopress.it\/fr\/wp-json\/wp\/v2\/tags?post=173015"}],"curies":[{"name":"wp","href":"https:\/\/api.w.org\/{rel}","templated":true}]}}