{"id":173012,"date":"2026-08-31T10:49:24","date_gmt":"2026-08-31T08:49:24","guid":{"rendered":"https:\/\/www.bellunopress.it\/?p=173012"},"modified":"2026-08-31T10:49:24","modified_gmt":"2026-08-31T08:49:24","slug":"disturbi-del-comportamento-alimentare-tra-letteratura-e-prevenzione-se-ne-parla-venerdi-a-fonzaso","status":"publish","type":"post","link":"https:\/\/www.bellunopress.it\/fr\/2026\/08\/31\/disturbi-del-comportamento-alimentare-tra-letteratura-e-prevenzione-se-ne-parla-venerdi-a-fonzaso\/","title":{"rendered":"Troubles du comportement alimentaire entre litt\u00e9rature et pr\u00e9vention. On en parle vendredi \u00e0 Fonzaso"},"content":{"rendered":"<p><strong>Voglio sentire la neve: un racconto di lotta e di rinascita contro i disturbi alimentari.<\/strong><\/p>\n<p>Venerd\u00ec 4 settembre, alle ore 20:30, alla Sala del Municipio, il Comune di Fonzaso, per il tramite della Biblioteca Civica, promuove l\u2019incontro \u201cCorpo, identit\u00e0 e fragilit\u00e0: i disturbi del comportamento alimentare tra letteratura e prevenzione\u201d, una serata dedicata alla riflessione su una delle problematiche pi\u00f9 complesse e diffuse del nostro tempo, capace di intrecciare<br \/>\naspetti psicologici, relazionali, sociali e culturali.<\/p>\n<p>Fulcro dell\u2019incontro sar\u00e0 la presentazione del romanzo autobiografico Voglio sentire la neve di Cristina Lora, un\u2019opera intensa e profondamente autentica che racconta il tormentato percorso di una giovane donna alle prese con un disturbo del comportamento alimentare vissuto durante la fase dell\u2019adolescenza.<br \/>\nAttraverso una narrazione intima e priva di retorica, l\u2019autrice accompagna il lettore dentro un oscuro universo fatto di silenzi, paure, senso di inadeguatezza e ricerca ossessiva di controllo, mostrando come il rapporto con il cibo finisca spesso per rappresentare il sintomo pi\u00f9 evidente di un disagio profondo.<br \/>\nNel libro il corpo diventa il luogo in cui si manifestano emozioni inesprimibili, fragilit\u00e0 interiori e conflitti identitari, richiamando al contempo il desiderio di tornare a percepire le emozioni, il mondo e s\u00e9 stessi senza il filtro della patologia.<br \/>\nA completare il percorso di riflessione saranno gli interventi di Virginia Giuffrida, Presidente dell\u2019Associazione Margherita Fenice di Belluno, e dello psicologo Federico Caforio, che offriranno un quadro dettagliato del fenomeno nella realt\u00e0 della Provincia di Belluno, mettendo altres\u00ec in risalto le molteplici attivit\u00e0 che il sodalizio porta avanti da anni nel sostegno alle persone<br \/>\ne alle loro famiglie, soffermandosi in particolare sui numerosi progetti di prevenzione, educazione e sensibilizzazione sviluppati nelle scuole.<br \/>\n.<br \/>\nAttraverso il racconto autobiografico e il contributo di professionisti impegnati quotidianamente sul campo, la serata offrir\u00e0 strumenti per leggere con maggiore profondit\u00e0 il fenomeno dei disturbi del comportamento alimentare, allo scopo di<br \/>\npromuovere una cultura della prevenzione fondata sull\u2019ascolto, sull\u2019informazione e sulla cura delle relazioni umane.<\/p>","protected":false},"excerpt":{"rendered":"<p>Voglio sentire la neve: un racconto di lotta e di rinascita contro i disturbi alimentari. Venerd\u00ec 4 settembre, alle ore 20:30, alla Sala del Municipio, il Comune di Fonzaso, per il tramite della Biblioteca Civica, promuove l\u2019incontro \u201cCorpo, identit\u00e0 e fragilit\u00e0: i disturbi del comportamento alimentare tra letteratura e prevenzione\u201d, una serata dedicata alla riflessione [&hellip;]<\/p>\n","protected":false},"author":2,"featured_media":173013,"comment_status":"closed","ping_status":"open","sticky":false,"template":"","format":"standard","meta":{"footnotes":""},"categories":[27,25,17],"tags":[],"class_list":["post-173012","post","type-post","status-publish","format-standard","has-post-thumbnail","category-appuntamenti","category-pausa-caffe","category-sanita"],"yoast_head":"<!-- This site is optimized with the Yoast SEO plugin v28.4 - https:\/\/yoast.com\/product\/yoast-seo-wordpress\/ -->\n<title>Disturbi del comportamento alimentare tra letteratura e prevenzione. Se ne parla venerd\u00ec a Fonzaso - Bellunopress - Dolomiti<\/title>\n<meta name=\"robots\" content=\"index, follow, max-snippet:-1, max-image-preview:large, max-video-preview:-1\" \/>\n<link rel=\"canonical\" href=\"https:\/\/www.bellunopress.it\/fr\/2026\/08\/31\/disturbi-del-comportamento-alimentare-tra-letteratura-e-prevenzione-se-ne-parla-venerdi-a-fonzaso\/\" \/>\n<meta property=\"og:locale\" content=\"fr_FR\" \/>\n<meta property=\"og:type\" content=\"article\" \/>\n<meta property=\"og:title\" content=\"Disturbi del comportamento alimentare tra letteratura e prevenzione. Se ne parla venerd\u00ec a Fonzaso - Bellunopress - Dolomiti\" \/>\n<meta property=\"og:description\" content=\"Voglio sentire la neve: un racconto di lotta e di rinascita contro i disturbi alimentari. Venerd\u00ec 4 settembre, alle ore 20:30, alla Sala del Municipio, il Comune di Fonzaso, per il tramite della Biblioteca Civica, promuove l\u2019incontro \u201cCorpo, identit\u00e0 e fragilit\u00e0: i disturbi del comportamento alimentare tra letteratura e prevenzione\u201d, una serata dedicata alla riflessione [&hellip;]\" \/>\n<meta property=\"og:url\" content=\"https:\/\/www.bellunopress.it\/fr\/2026\/08\/31\/disturbi-del-comportamento-alimentare-tra-letteratura-e-prevenzione-se-ne-parla-venerdi-a-fonzaso\/\" \/>\n<meta property=\"og:site_name\" content=\"Bellunopress - Dolomiti\" \/>\n<meta property=\"article:publisher\" content=\"https:\/\/www.facebook.com\/profile.php?id=100008943462799\" \/>\n<meta property=\"article:published_time\" content=\"2026-08-31T08:49:24+00:00\" \/>\n<meta property=\"og:image\" content=\"https:\/\/www.bellunopress.it\/wp-content\/uploads\/2026\/08\/disturbi-alimentari-Fonzaso.jpg\" \/>\n\t<meta property=\"og:image:width\" content=\"435\" \/>\n\t<meta property=\"og:image:height\" content=\"600\" \/>\n\t<meta property=\"og:image:type\" content=\"image\/jpeg\" \/>\n<meta name=\"author\" content=\"redazione\" \/>\n<meta name=\"twitter:card\" content=\"summary_large_image\" \/>\n<meta name=\"twitter:creator\" content=\"@bellunopress\" \/>\n<meta name=\"twitter:site\" content=\"@bellunopress\" \/>\n<meta name=\"twitter:label1\" content=\"Written by\" \/>\n\t<meta name=\"twitter:data1\" content=\"redazione\" \/>\n\t<meta name=\"twitter:label2\" content=\"Est. reading time\" \/>\n\t<meta name=\"twitter:data2\" content=\"2 minutes\" \/>\n<script type=\"application\/ld+json\" class=\"yoast-schema-graph\">{\"@context\":\"https:\\\/\\\/schema.org\",\"@graph\":[{\"@type\":\"Article\",\"@id\":\"https:\\\/\\\/www.bellunopress.it\\\/2026\\\/08\\\/31\\\/disturbi-del-comportamento-alimentare-tra-letteratura-e-prevenzione-se-ne-parla-venerdi-a-fonzaso\\\/#article\",\"isPartOf\":{\"@id\":\"https:\\\/\\\/www.bellunopress.it\\\/2026\\\/08\\\/31\\\/disturbi-del-comportamento-alimentare-tra-letteratura-e-prevenzione-se-ne-parla-venerdi-a-fonzaso\\\/\"},\"author\":{\"name\":\"redazione\",\"@id\":\"https:\\\/\\\/www.bellunopress.it\\\/#\\\/schema\\\/person\\\/79bb06722b37ece1c03d3e94beb30d73\"},\"headline\":\"Disturbi del comportamento alimentare tra letteratura e prevenzione. Se ne parla venerd\u00ec a Fonzaso\",\"datePublished\":\"2026-08-31T08:49:24+00:00\",\"mainEntityOfPage\":{\"@id\":\"https:\\\/\\\/www.bellunopress.it\\\/2026\\\/08\\\/31\\\/disturbi-del-comportamento-alimentare-tra-letteratura-e-prevenzione-se-ne-parla-venerdi-a-fonzaso\\\/\"},\"wordCount\":341,\"publisher\":{\"@id\":\"https:\\\/\\\/www.bellunopress.it\\\/#organization\"},\"image\":{\"@id\":\"https:\\\/\\\/www.bellunopress.it\\\/2026\\\/08\\\/31\\\/disturbi-del-comportamento-alimentare-tra-letteratura-e-prevenzione-se-ne-parla-venerdi-a-fonzaso\\\/#primaryimage\"},\"thumbnailUrl\":\"https:\\\/\\\/www.bellunopress.it\\\/wp-content\\\/uploads\\\/2026\\\/08\\\/disturbi-alimentari-Fonzaso.jpg\",\"articleSection\":[\"Appuntamenti, Eventi\",\"Pausa Caff\u00e8\",\"Sanit\u00e0 Medicina\"],\"inLanguage\":\"fr-FR\"},{\"@type\":\"WebPage\",\"@id\":\"https:\\\/\\\/www.bellunopress.it\\\/2026\\\/08\\\/31\\\/disturbi-del-comportamento-alimentare-tra-letteratura-e-prevenzione-se-ne-parla-venerdi-a-fonzaso\\\/\",\"url\":\"https:\\\/\\\/www.bellunopress.it\\\/2026\\\/08\\\/31\\\/disturbi-del-comportamento-alimentare-tra-letteratura-e-prevenzione-se-ne-parla-venerdi-a-fonzaso\\\/\",\"name\":\"Disturbi del comportamento alimentare tra letteratura e prevenzione. Se ne parla venerd\u00ec a Fonzaso - Bellunopress - Dolomiti\",\"isPartOf\":{\"@id\":\"https:\\\/\\\/www.bellunopress.it\\\/#website\"},\"primaryImageOfPage\":{\"@id\":\"https:\\\/\\\/www.bellunopress.it\\\/2026\\\/08\\\/31\\\/disturbi-del-comportamento-alimentare-tra-letteratura-e-prevenzione-se-ne-parla-venerdi-a-fonzaso\\\/#primaryimage\"},\"image\":{\"@id\":\"https:\\\/\\\/www.bellunopress.it\\\/2026\\\/08\\\/31\\\/disturbi-del-comportamento-alimentare-tra-letteratura-e-prevenzione-se-ne-parla-venerdi-a-fonzaso\\\/#primaryimage\"},\"thumbnailUrl\":\"https:\\\/\\\/www.bellunopress.it\\\/wp-content\\\/uploads\\\/2026\\\/08\\\/disturbi-alimentari-Fonzaso.jpg\",\"datePublished\":\"2026-08-31T08:49:24+00:00\",\"breadcrumb\":{\"@id\":\"https:\\\/\\\/www.bellunopress.it\\\/2026\\\/08\\\/31\\\/disturbi-del-comportamento-alimentare-tra-letteratura-e-prevenzione-se-ne-parla-venerdi-a-fonzaso\\\/#breadcrumb\"},\"inLanguage\":\"fr-FR\",\"potentialAction\":[{\"@type\":\"ReadAction\",\"target\":[\"https:\\\/\\\/www.bellunopress.it\\\/2026\\\/08\\\/31\\\/disturbi-del-comportamento-alimentare-tra-letteratura-e-prevenzione-se-ne-parla-venerdi-a-fonzaso\\\/\"]}]},{\"@type\":\"ImageObject\",\"inLanguage\":\"fr-FR\",\"@id\":\"https:\\\/\\\/www.bellunopress.it\\\/2026\\\/08\\\/31\\\/disturbi-del-comportamento-alimentare-tra-letteratura-e-prevenzione-se-ne-parla-venerdi-a-fonzaso\\\/#primaryimage\",\"url\":\"https:\\\/\\\/www.bellunopress.it\\\/wp-content\\\/uploads\\\/2026\\\/08\\\/disturbi-alimentari-Fonzaso.jpg\",\"contentUrl\":\"https:\\\/\\\/www.bellunopress.it\\\/wp-content\\\/uploads\\\/2026\\\/08\\\/disturbi-alimentari-Fonzaso.jpg\",\"width\":435,\"height\":600},{\"@type\":\"BreadcrumbList\",\"@id\":\"https:\\\/\\\/www.bellunopress.it\\\/2026\\\/08\\\/31\\\/disturbi-del-comportamento-alimentare-tra-letteratura-e-prevenzione-se-ne-parla-venerdi-a-fonzaso\\\/#breadcrumb\",\"itemListElement\":[{\"@type\":\"ListItem\",\"position\":1,\"name\":\"Home\",\"item\":\"https:\\\/\\\/www.bellunopress.it\\\/\"},{\"@type\":\"ListItem\",\"position\":2,\"name\":\"Disturbi del comportamento alimentare tra letteratura e prevenzione. Se ne parla venerd\u00ec a Fonzaso\"}]},{\"@type\":\"WebSite\",\"@id\":\"https:\\\/\\\/www.bellunopress.it\\\/#website\",\"url\":\"https:\\\/\\\/www.bellunopress.it\\\/\",\"name\":\"Bellunopress - Dolomiti\",\"description\":\"e-mail: redazione@bellunopress.it\",\"publisher\":{\"@id\":\"https:\\\/\\\/www.bellunopress.it\\\/#organization\"},\"potentialAction\":[{\"@type\":\"SearchAction\",\"target\":{\"@type\":\"EntryPoint\",\"urlTemplate\":\"https:\\\/\\\/www.bellunopress.it\\\/?s={search_term_string}\"},\"query-input\":{\"@type\":\"PropertyValueSpecification\",\"valueRequired\":true,\"valueName\":\"search_term_string\"}}],\"inLanguage\":\"fr-FR\"},{\"@type\":\"Organization\",\"@id\":\"https:\\\/\\\/www.bellunopress.it\\\/#organization\",\"name\":\"Bellunopress\",\"url\":\"https:\\\/\\\/www.bellunopress.it\\\/\",\"logo\":{\"@type\":\"ImageObject\",\"inLanguage\":\"fr-FR\",\"@id\":\"https:\\\/\\\/www.bellunopress.it\\\/#\\\/schema\\\/logo\\\/image\\\/\",\"url\":\"https:\\\/\\\/www.bellunopress.it\\\/wp-content\\\/uploads\\\/2011\\\/05\\\/cropped-logo-bellunopress-.jpg\",\"contentUrl\":\"https:\\\/\\\/www.bellunopress.it\\\/wp-content\\\/uploads\\\/2011\\\/05\\\/cropped-logo-bellunopress-.jpg\",\"width\":512,\"height\":512,\"caption\":\"Bellunopress\"},\"image\":{\"@id\":\"https:\\\/\\\/www.bellunopress.it\\\/#\\\/schema\\\/logo\\\/image\\\/\"},\"sameAs\":[\"https:\\\/\\\/www.facebook.com\\\/profile.php?id=100008943462799\",\"https:\\\/\\\/x.com\\\/bellunopress\",\"https:\\\/\\\/www.linkedin.com\\\/hp\\\/?dnr=JBzUWaJfMUw8vbXJJ2tVW5-I3jZKvC4wsoxE&amp;amp;amp;amp;amp;amp;trk=nav_responsive_tab_home\",\"https:\\\/\\\/www.youtube.com\\\/channel\\\/UCxL0wu1uN0_3_7hGG0306cw\"]},{\"@type\":\"Person\",\"@id\":\"https:\\\/\\\/www.bellunopress.it\\\/#\\\/schema\\\/person\\\/79bb06722b37ece1c03d3e94beb30d73\",\"name\":\"redazione\",\"image\":{\"@type\":\"ImageObject\",\"inLanguage\":\"fr-FR\",\"@id\":\"https:\\\/\\\/secure.gravatar.com\\\/avatar\\\/37d968a2e67a6fd04c169c4bdef102d0bc5d31b2546345219e348575eb80e9a0?s=96&d=mm&r=g\",\"url\":\"https:\\\/\\\/secure.gravatar.com\\\/avatar\\\/37d968a2e67a6fd04c169c4bdef102d0bc5d31b2546345219e348575eb80e9a0?s=96&d=mm&r=g\",\"contentUrl\":\"https:\\\/\\\/secure.gravatar.com\\\/avatar\\\/37d968a2e67a6fd04c169c4bdef102d0bc5d31b2546345219e348575eb80e9a0?s=96&d=mm&r=g\",\"caption\":\"redazione\"},\"sameAs\":[\"http:\\\/\\\/www.bellunopress.it\",\"https:\\\/\\\/x.com\\\/bellunopress\"],\"url\":\"https:\\\/\\\/www.bellunopress.it\\\/fr\\\/author\\\/redazione\\\/\"}]}<\/script>\n<!-- \/ Yoast SEO plugin. -->","yoast_head_json":{"title":"Disturbi del comportamento alimentare tra letteratura e prevenzione. Se ne parla venerd\u00ec a Fonzaso - Bellunopress - Dolomiti","robots":{"index":"index","follow":"follow","max-snippet":"max-snippet:-1","max-image-preview":"max-image-preview:large","max-video-preview":"max-video-preview:-1"},"canonical":"https:\/\/www.bellunopress.it\/fr\/2026\/08\/31\/disturbi-del-comportamento-alimentare-tra-letteratura-e-prevenzione-se-ne-parla-venerdi-a-fonzaso\/","og_locale":"fr_FR","og_type":"article","og_title":"Disturbi del comportamento alimentare tra letteratura e prevenzione. Se ne parla venerd\u00ec a Fonzaso - Bellunopress - Dolomiti","og_description":"Voglio sentire la neve: un racconto di lotta e di rinascita contro i disturbi alimentari. Venerd\u00ec 4 settembre, alle ore 20:30, alla Sala del Municipio, il Comune di Fonzaso, per il tramite della Biblioteca Civica, promuove l\u2019incontro \u201cCorpo, identit\u00e0 e fragilit\u00e0: i disturbi del comportamento alimentare tra letteratura e prevenzione\u201d, una serata dedicata alla riflessione [&hellip;]","og_url":"https:\/\/www.bellunopress.it\/fr\/2026\/08\/31\/disturbi-del-comportamento-alimentare-tra-letteratura-e-prevenzione-se-ne-parla-venerdi-a-fonzaso\/","og_site_name":"Bellunopress - Dolomiti","article_publisher":"https:\/\/www.facebook.com\/profile.php?id=100008943462799","article_published_time":"2026-08-31T08:49:24+00:00","og_image":[{"width":435,"height":600,"url":"https:\/\/www.bellunopress.it\/wp-content\/uploads\/2026\/08\/disturbi-alimentari-Fonzaso.jpg","type":"image\/jpeg"}],"author":"redazione","twitter_card":"summary_large_image","twitter_creator":"@bellunopress","twitter_site":"@bellunopress","twitter_misc":{"Written by":"redazione","Est. reading time":"2 minutes"},"schema":{"@context":"https:\/\/schema.org","@graph":[{"@type":"Article","@id":"https:\/\/www.bellunopress.it\/2026\/08\/31\/disturbi-del-comportamento-alimentare-tra-letteratura-e-prevenzione-se-ne-parla-venerdi-a-fonzaso\/#article","isPartOf":{"@id":"https:\/\/www.bellunopress.it\/2026\/08\/31\/disturbi-del-comportamento-alimentare-tra-letteratura-e-prevenzione-se-ne-parla-venerdi-a-fonzaso\/"},"author":{"name":"redazione","@id":"https:\/\/www.bellunopress.it\/#\/schema\/person\/79bb06722b37ece1c03d3e94beb30d73"},"headline":"Disturbi del comportamento alimentare tra letteratura e prevenzione. Se ne parla venerd\u00ec a Fonzaso","datePublished":"2026-08-31T08:49:24+00:00","mainEntityOfPage":{"@id":"https:\/\/www.bellunopress.it\/2026\/08\/31\/disturbi-del-comportamento-alimentare-tra-letteratura-e-prevenzione-se-ne-parla-venerdi-a-fonzaso\/"},"wordCount":341,"publisher":{"@id":"https:\/\/www.bellunopress.it\/#organization"},"image":{"@id":"https:\/\/www.bellunopress.it\/2026\/08\/31\/disturbi-del-comportamento-alimentare-tra-letteratura-e-prevenzione-se-ne-parla-venerdi-a-fonzaso\/#primaryimage"},"thumbnailUrl":"https:\/\/www.bellunopress.it\/wp-content\/uploads\/2026\/08\/disturbi-alimentari-Fonzaso.jpg","articleSection":["Appuntamenti, Eventi","Pausa Caff\u00e8","Sanit\u00e0 Medicina"],"inLanguage":"fr-FR"},{"@type":"WebPage","@id":"https:\/\/www.bellunopress.it\/2026\/08\/31\/disturbi-del-comportamento-alimentare-tra-letteratura-e-prevenzione-se-ne-parla-venerdi-a-fonzaso\/","url":"https:\/\/www.bellunopress.it\/2026\/08\/31\/disturbi-del-comportamento-alimentare-tra-letteratura-e-prevenzione-se-ne-parla-venerdi-a-fonzaso\/","name":"Disturbi del comportamento alimentare tra letteratura e prevenzione. Se ne parla venerd\u00ec a Fonzaso - Bellunopress - Dolomiti","isPartOf":{"@id":"https:\/\/www.bellunopress.it\/#website"},"primaryImageOfPage":{"@id":"https:\/\/www.bellunopress.it\/2026\/08\/31\/disturbi-del-comportamento-alimentare-tra-letteratura-e-prevenzione-se-ne-parla-venerdi-a-fonzaso\/#primaryimage"},"image":{"@id":"https:\/\/www.bellunopress.it\/2026\/08\/31\/disturbi-del-comportamento-alimentare-tra-letteratura-e-prevenzione-se-ne-parla-venerdi-a-fonzaso\/#primaryimage"},"thumbnailUrl":"https:\/\/www.bellunopress.it\/wp-content\/uploads\/2026\/08\/disturbi-alimentari-Fonzaso.jpg","datePublished":"2026-08-31T08:49:24+00:00","breadcrumb":{"@id":"https:\/\/www.bellunopress.it\/2026\/08\/31\/disturbi-del-comportamento-alimentare-tra-letteratura-e-prevenzione-se-ne-parla-venerdi-a-fonzaso\/#breadcrumb"},"inLanguage":"fr-FR","potentialAction":[{"@type":"ReadAction","target":["https:\/\/www.bellunopress.it\/2026\/08\/31\/disturbi-del-comportamento-alimentare-tra-letteratura-e-prevenzione-se-ne-parla-venerdi-a-fonzaso\/"]}]},{"@type":"ImageObject","inLanguage":"fr-FR","@id":"https:\/\/www.bellunopress.it\/2026\/08\/31\/disturbi-del-comportamento-alimentare-tra-letteratura-e-prevenzione-se-ne-parla-venerdi-a-fonzaso\/#primaryimage","url":"https:\/\/www.bellunopress.it\/wp-content\/uploads\/2026\/08\/disturbi-alimentari-Fonzaso.jpg","contentUrl":"https:\/\/www.bellunopress.it\/wp-content\/uploads\/2026\/08\/disturbi-alimentari-Fonzaso.jpg","width":435,"height":600},{"@type":"BreadcrumbList","@id":"https:\/\/www.bellunopress.it\/2026\/08\/31\/disturbi-del-comportamento-alimentare-tra-letteratura-e-prevenzione-se-ne-parla-venerdi-a-fonzaso\/#breadcrumb","itemListElement":[{"@type":"ListItem","position":1,"name":"Home","item":"https:\/\/www.bellunopress.it\/"},{"@type":"ListItem","position":2,"name":"Disturbi del comportamento alimentare tra letteratura e prevenzione. Se ne parla venerd\u00ec a Fonzaso"}]},{"@type":"WebSite","@id":"https:\/\/www.bellunopress.it\/#website","url":"https:\/\/www.bellunopress.it\/","name":"Bellunopress - Dolomiti","description":"e-mail: redazione@bellunopress.it","publisher":{"@id":"https:\/\/www.bellunopress.it\/#organization"},"potentialAction":[{"@type":"SearchAction","target":{"@type":"EntryPoint","urlTemplate":"https:\/\/www.bellunopress.it\/?s={search_term_string}"},"query-input":{"@type":"PropertyValueSpecification","valueRequired":true,"valueName":"search_term_string"}}],"inLanguage":"fr-FR"},{"@type":"Organization","@id":"https:\/\/www.bellunopress.it\/#organization","name":"Bellunopress","url":"https:\/\/www.bellunopress.it\/","logo":{"@type":"ImageObject","inLanguage":"fr-FR","@id":"https:\/\/www.bellunopress.it\/#\/schema\/logo\/image\/","url":"https:\/\/www.bellunopress.it\/wp-content\/uploads\/2011\/05\/cropped-logo-bellunopress-.jpg","contentUrl":"https:\/\/www.bellunopress.it\/wp-content\/uploads\/2011\/05\/cropped-logo-bellunopress-.jpg","width":512,"height":512,"caption":"Bellunopress"},"image":{"@id":"https:\/\/www.bellunopress.it\/#\/schema\/logo\/image\/"},"sameAs":["https:\/\/www.facebook.com\/profile.php?id=100008943462799","https:\/\/x.com\/bellunopress","https:\/\/www.linkedin.com\/hp\/?dnr=JBzUWaJfMUw8vbXJJ2tVW5-I3jZKvC4wsoxE&amp;amp;amp;amp;amp;amp;trk=nav_responsive_tab_home","https:\/\/www.youtube.com\/channel\/UCxL0wu1uN0_3_7hGG0306cw"]},{"@type":"Person","@id":"https:\/\/www.bellunopress.it\/#\/schema\/person\/79bb06722b37ece1c03d3e94beb30d73","name":"r\u00e9daction","image":{"@type":"ImageObject","inLanguage":"fr-FR","@id":"https:\/\/secure.gravatar.com\/avatar\/37d968a2e67a6fd04c169c4bdef102d0bc5d31b2546345219e348575eb80e9a0?s=96&d=mm&r=g","url":"https:\/\/secure.gravatar.com\/avatar\/37d968a2e67a6fd04c169c4bdef102d0bc5d31b2546345219e348575eb80e9a0?s=96&d=mm&r=g","contentUrl":"https:\/\/secure.gravatar.com\/avatar\/37d968a2e67a6fd04c169c4bdef102d0bc5d31b2546345219e348575eb80e9a0?s=96&d=mm&r=g","caption":"redazione"},"sameAs":["http:\/\/www.bellunopress.it","https:\/\/x.com\/bellunopress"],"url":"https:\/\/www.bellunopress.it\/fr\/author\/redazione\/"}]}},"_links":{"self":[{"href":"https:\/\/www.bellunopress.it\/fr\/wp-json\/wp\/v2\/posts\/173012","targetHints":{"allow":["GET"]}}],"collection":[{"href":"https:\/\/www.bellunopress.it\/fr\/wp-json\/wp\/v2\/posts"}],"about":[{"href":"https:\/\/www.bellunopress.it\/fr\/wp-json\/wp\/v2\/types\/post"}],"author":[{"embeddable":true,"href":"https:\/\/www.bellunopress.it\/fr\/wp-json\/wp\/v2\/users\/2"}],"replies":[{"embeddable":true,"href":"https:\/\/www.bellunopress.it\/fr\/wp-json\/wp\/v2\/comments?post=173012"}],"version-history":[{"count":1,"href":"https:\/\/www.bellunopress.it\/fr\/wp-json\/wp\/v2\/posts\/173012\/revisions"}],"predecessor-version":[{"id":173014,"href":"https:\/\/www.bellunopress.it\/fr\/wp-json\/wp\/v2\/posts\/173012\/revisions\/173014"}],"wp:featuredmedia":[{"embeddable":true,"href":"https:\/\/www.bellunopress.it\/fr\/wp-json\/wp\/v2\/media\/173013"}],"wp:attachment":[{"href":"https:\/\/www.bellunopress.it\/fr\/wp-json\/wp\/v2\/media?parent=173012"}],"wp:term":[{"taxonomy":"category","embeddable":true,"href":"https:\/\/www.bellunopress.it\/fr\/wp-json\/wp\/v2\/categories?post=173012"},{"taxonomy":"post_tag","embeddable":true,"href":"https:\/\/www.bellunopress.it\/fr\/wp-json\/wp\/v2\/tags?post=173012"}],"curies":[{"name":"wp","href":"https:\/\/api.w.org\/{rel}","templated":true}]}}