{"id":173010,"date":"2026-08-31T07:01:27","date_gmt":"2026-08-31T05:01:27","guid":{"rendered":"https:\/\/www.bellunopress.it\/?p=173010"},"modified":"2026-08-31T07:01:27","modified_gmt":"2026-08-31T05:01:27","slug":"sanzioni-usa-contro-il-sito-italiano-autistici-inventati-acerbo-lantifascismo-non-e-perseguibile-in-italia","status":"publish","type":"post","link":"https:\/\/www.bellunopress.it\/fr\/2026\/08\/31\/sanzioni-usa-contro-il-sito-italiano-autistici-inventati-acerbo-lantifascismo-non-e-perseguibile-in-italia\/","title":{"rendered":"Sanzioni USA contro il sito italiano Autistici\/Inventati. Acerbo: &#8220;L&#8217;antifascismo non \u00e8 perseguibile in Italia&#8221;"},"content":{"rendered":"<p><strong>Quando la scure di Washington colpisce i servizi di rete indipendenti: l&#8217;impatto sul dissenso radicale, la privacy online e le reazioni della politica italiana<\/strong><\/p>\n<p>La decisione degli Stati Uniti di inserire il collettivo italiano Autistici\/Inventati nella lista nera del terrorismo globale apre un pericoloso precedente giuridico e politico, trasformando i fornitori di servizi di privacy e crittografia in bersagli strategici.<\/p>\n<p>Il 26 agosto, il segretario di Stato americano Marco Rubio e il segretario al Tesoro Scott Bessent hanno annunciato l&#8217;applicazione di sanzioni antiterrorismo nei confronti del collettivo Autistici\/Inventati (A\/I Collective), organizzazione con sede in Italia. La mossa si inserisce in una pi\u00f9 ampia e aggressiva strategia dell&#8217;amministrazione statunitense tesa a reprimere il dissenso radicale su scala globale, un pacchetto di misure che nello stesso provvedimento ha colpito sigle internazionali come Palestine Action e Masar Badil.<\/p>\n<p>La base legale invocata da Washington \u00e8 l&#8217;Executive Order 13224, un provvedimento firmato all&#8217;indomani degli attentati dell&#8217;11 settembre 2001, che conferisce al Dipartimento del Tesoro un&#8217;ampia discrezionalit\u00e0 per colpire chiunque abbia &#8220;materialmente assistito, sponsorizzato o fornito supporto finanziario, materiale o tecnologico&#8221; ad atti terroristici. La formula chiave, e al tempo stesso pi\u00f9 controversa di tutta la vicenda, \u00e8 proprio &#8220;supporto tecnologico&#8221;: \u00e8 attraverso questa categoria giuridica che un provider di servizi informatici viene equiparato a un fiancheggiatore.<\/p>\n<p><strong>Il ruolo della tecnologia: posta anonima e noblogs.org nel mirino<\/strong><br \/>\nIl collettivo A\/I fornisce da anni infrastrutture digitali e strumenti di comunicazione sicura \u2014 tra cui servizi di posta elettronica anonima e la diffusissima piattaforma di blogging noblogs.org \u2014 largamente utilizzati da reti anarchiche, antifasciste e di sinistra radicale sia negli Stati Uniti che in Europa. Il blocco dei servizi e la conseguente oscurazione dei siti legati al collettivo non colpiscono tanto i singoli autori di azioni violente, quanto l&#8217;infrastruttura tecnologica che garantisce la riservatezza delle comunicazioni.<\/p>\n<p>\u201cStanno prendendo di mira il messaggero. Non credo che i membri del gruppo approverebbero necessariamente le azioni delle persone che ospitano. Ci\u00f2 che approvano \u00e8 la libert\u00e0 di ospitare, la possibilit\u00e0 di rimanere anonimi, la possibilit\u00e0 di mantenere la privacy.\u201d\u00a0\u2014 Jillian York, Electronic Frontier Foundation (EFF)<\/p>\n<p>Esperti di diritti digitali e sicurezza informatica, come Jillian York dell&#8217;Electronic Frontier Foundation, hanno avvertito delle enormi implicazioni che questa dottrina comporta per il futuro della libert\u00e0 di espressione su Internet. Perquisire, sanzionare o oscurare un fornitore di servizi Internet (ISP) o un provider di hosting a causa dei contenuti o delle opinioni espresse dai propri utenti significa delegittimare alla radice il principio stesso della segretezza delle comunicazioni e della tutela della privacy online.<\/p>\n<p><strong>Le polemiche in Italia: la destra esegue e la sinistra protesta<\/strong><br \/>\nLa scia delle decisioni statunitensi ha immediatamente avuto ripercussioni sul dibattito politico italiano. Nelle ore successive all&#8217;oscuramento dei siti del collettivo, il dibattito si \u00e8 infiammato a seguito delle prese di posizione della maggioranza di governo. Il parlamentare di Fratelli d&#8217;Italia Carlo Fidanza ha invocato pubblicamente accertamenti e chiarimenti in merito a presunti collegamenti tra la sinistra italiana e il Collettivo Autistici\/Inventati, un attacco aspramente criticato dalle opposizioni come un&#8217;adesione acritica alla linea repressiva d&#8217;oltreoceano.<\/p>\n<p><strong>Il nodo della sovranit\u00e0 e i rapporti transatlantici<\/strong><br \/>\nLe opposizioni denunciano un preoccupante asse politico in cui l&#8217;esecutivo italiano subirebbe passivamente le direttive di Washington. A supporto di questa tesi viene ricordata la missione del sottosegretario Nicola Molteni, inviato il 16 luglio scorso a un summit statunitense incentrato sul contrasto al &#8220;pericolo comunista&#8221; globale.<\/p>\n<p>La reazione del mondo della sinistra non si \u00e8 fatta attendere. Il segretario nazionale di Rifondazione Comunista, Maurizio Acerbo, e il coordinatore nazionale dei Giovani Comunisti\/e, Paolo Bertolozzi, hanno diffuso una nota congiunta per esprimere piena solidariet\u00e0 al collettivo militante.<br \/>\nNel comunicato, i vertici di Rifondazione Comunista denunciano il metodo con cui decisioni calate dall&#8217;alto calpestano la sovranit\u00e0 nazionale e chiedono l&#8217;immediato ripristino dei servizi di A\/I, oltre a pretendere una netta presa di distanza da parte del governo italiano rispetto alle dichiarazioni di Carlo Fidanza.<\/p>\n<p>Maurizio Acerbo, Segretario Nazionale del Partito della Rifondazione Comunista Paolo Bertolozzi, Coordinatore Nazionale dei Giovani Comunisti\/e: \u00abL&#8217;antifascismo nel nostro paese non \u00e8 perseguibile, anzi ricordiamo ai Fratelli d&#8217;Italia che esso \u00e8 il valore fondante della nostra Repubblica.\u00bb<\/p>","protected":false},"excerpt":{"rendered":"<p>Quando la scure di Washington colpisce i servizi di rete indipendenti: l&#8217;impatto sul dissenso radicale, la privacy online e le reazioni della politica italiana La decisione degli Stati Uniti di inserire il collettivo italiano Autistici\/Inventati nella lista nera del terrorismo globale apre un pericoloso precedente giuridico e politico, trasformando i fornitori di servizi di privacy [&hellip;]<\/p>\n","protected":false},"author":2,"featured_media":110944,"comment_status":"closed","ping_status":"open","sticky":false,"template":"","format":"standard","meta":{"footnotes":""},"categories":[5,26],"tags":[],"class_list":["post-173010","post","type-post","status-publish","format-standard","has-post-thumbnail","category-cronaca","category-prima-pagina"],"yoast_head":"<!-- This site is optimized with the Yoast SEO plugin v28.4 - https:\/\/yoast.com\/product\/yoast-seo-wordpress\/ -->\n<title>Sanzioni USA contro il sito italiano Autistici\/Inventati. Acerbo: &quot;L&#039;antifascismo non \u00e8 perseguibile in Italia&quot; - Bellunopress - Dolomiti<\/title>\n<meta name=\"robots\" content=\"index, follow, max-snippet:-1, max-image-preview:large, max-video-preview:-1\" \/>\n<link rel=\"canonical\" href=\"https:\/\/www.bellunopress.it\/fr\/2026\/08\/31\/sanzioni-usa-contro-il-sito-italiano-autistici-inventati-acerbo-lantifascismo-non-e-perseguibile-in-italia\/\" \/>\n<meta property=\"og:locale\" content=\"fr_FR\" \/>\n<meta property=\"og:type\" content=\"article\" \/>\n<meta property=\"og:title\" content=\"Sanzioni USA contro il sito italiano Autistici\/Inventati. Acerbo: &quot;L&#039;antifascismo non \u00e8 perseguibile in Italia&quot; - Bellunopress - Dolomiti\" \/>\n<meta property=\"og:description\" content=\"Quando la scure di Washington colpisce i servizi di rete indipendenti: l&#8217;impatto sul dissenso radicale, la privacy online e le reazioni della politica italiana La decisione degli Stati Uniti di inserire il collettivo italiano Autistici\/Inventati nella lista nera del terrorismo globale apre un pericoloso precedente giuridico e politico, trasformando i fornitori di servizi di privacy [&hellip;]\" \/>\n<meta property=\"og:url\" content=\"https:\/\/www.bellunopress.it\/fr\/2026\/08\/31\/sanzioni-usa-contro-il-sito-italiano-autistici-inventati-acerbo-lantifascismo-non-e-perseguibile-in-italia\/\" \/>\n<meta property=\"og:site_name\" content=\"Bellunopress - Dolomiti\" \/>\n<meta property=\"article:publisher\" content=\"https:\/\/www.facebook.com\/profile.php?id=100008943462799\" \/>\n<meta property=\"article:published_time\" content=\"2026-08-31T05:01:27+00:00\" \/>\n<meta property=\"og:image\" content=\"https:\/\/www.bellunopress.it\/wp-content\/uploads\/2020\/01\/Maurizio-Acerbo.jpg\" \/>\n\t<meta property=\"og:image:width\" content=\"234\" \/>\n\t<meta property=\"og:image:height\" content=\"300\" \/>\n\t<meta property=\"og:image:type\" content=\"image\/jpeg\" \/>\n<meta name=\"author\" content=\"redazione\" \/>\n<meta name=\"twitter:card\" content=\"summary_large_image\" \/>\n<meta name=\"twitter:creator\" content=\"@bellunopress\" \/>\n<meta name=\"twitter:site\" content=\"@bellunopress\" \/>\n<meta name=\"twitter:label1\" content=\"Written by\" \/>\n\t<meta name=\"twitter:data1\" content=\"redazione\" \/>\n\t<meta name=\"twitter:label2\" content=\"Est. reading time\" \/>\n\t<meta name=\"twitter:data2\" content=\"4 minutes\" \/>\n<script type=\"application\/ld+json\" class=\"yoast-schema-graph\">{\"@context\":\"https:\\\/\\\/schema.org\",\"@graph\":[{\"@type\":\"Article\",\"@id\":\"https:\\\/\\\/www.bellunopress.it\\\/2026\\\/08\\\/31\\\/sanzioni-usa-contro-il-sito-italiano-autistici-inventati-acerbo-lantifascismo-non-e-perseguibile-in-italia\\\/#article\",\"isPartOf\":{\"@id\":\"https:\\\/\\\/www.bellunopress.it\\\/2026\\\/08\\\/31\\\/sanzioni-usa-contro-il-sito-italiano-autistici-inventati-acerbo-lantifascismo-non-e-perseguibile-in-italia\\\/\"},\"author\":{\"name\":\"redazione\",\"@id\":\"https:\\\/\\\/www.bellunopress.it\\\/#\\\/schema\\\/person\\\/79bb06722b37ece1c03d3e94beb30d73\"},\"headline\":\"Sanzioni USA contro il sito italiano Autistici\\\/Inventati. Acerbo: &#8220;L&#8217;antifascismo non \u00e8 perseguibile in Italia&#8221;\",\"datePublished\":\"2026-08-31T05:01:27+00:00\",\"mainEntityOfPage\":{\"@id\":\"https:\\\/\\\/www.bellunopress.it\\\/2026\\\/08\\\/31\\\/sanzioni-usa-contro-il-sito-italiano-autistici-inventati-acerbo-lantifascismo-non-e-perseguibile-in-italia\\\/\"},\"wordCount\":710,\"publisher\":{\"@id\":\"https:\\\/\\\/www.bellunopress.it\\\/#organization\"},\"image\":{\"@id\":\"https:\\\/\\\/www.bellunopress.it\\\/2026\\\/08\\\/31\\\/sanzioni-usa-contro-il-sito-italiano-autistici-inventati-acerbo-lantifascismo-non-e-perseguibile-in-italia\\\/#primaryimage\"},\"thumbnailUrl\":\"https:\\\/\\\/www.bellunopress.it\\\/wp-content\\\/uploads\\\/2020\\\/01\\\/Maurizio-Acerbo.jpg\",\"articleSection\":[\"Cronaca\\\/Politica\",\"Prima Pagina\"],\"inLanguage\":\"fr-FR\"},{\"@type\":\"WebPage\",\"@id\":\"https:\\\/\\\/www.bellunopress.it\\\/2026\\\/08\\\/31\\\/sanzioni-usa-contro-il-sito-italiano-autistici-inventati-acerbo-lantifascismo-non-e-perseguibile-in-italia\\\/\",\"url\":\"https:\\\/\\\/www.bellunopress.it\\\/2026\\\/08\\\/31\\\/sanzioni-usa-contro-il-sito-italiano-autistici-inventati-acerbo-lantifascismo-non-e-perseguibile-in-italia\\\/\",\"name\":\"Sanzioni USA contro il sito italiano Autistici\\\/Inventati. Acerbo: \\\"L'antifascismo non \u00e8 perseguibile in Italia\\\" - Bellunopress - Dolomiti\",\"isPartOf\":{\"@id\":\"https:\\\/\\\/www.bellunopress.it\\\/#website\"},\"primaryImageOfPage\":{\"@id\":\"https:\\\/\\\/www.bellunopress.it\\\/2026\\\/08\\\/31\\\/sanzioni-usa-contro-il-sito-italiano-autistici-inventati-acerbo-lantifascismo-non-e-perseguibile-in-italia\\\/#primaryimage\"},\"image\":{\"@id\":\"https:\\\/\\\/www.bellunopress.it\\\/2026\\\/08\\\/31\\\/sanzioni-usa-contro-il-sito-italiano-autistici-inventati-acerbo-lantifascismo-non-e-perseguibile-in-italia\\\/#primaryimage\"},\"thumbnailUrl\":\"https:\\\/\\\/www.bellunopress.it\\\/wp-content\\\/uploads\\\/2020\\\/01\\\/Maurizio-Acerbo.jpg\",\"datePublished\":\"2026-08-31T05:01:27+00:00\",\"breadcrumb\":{\"@id\":\"https:\\\/\\\/www.bellunopress.it\\\/2026\\\/08\\\/31\\\/sanzioni-usa-contro-il-sito-italiano-autistici-inventati-acerbo-lantifascismo-non-e-perseguibile-in-italia\\\/#breadcrumb\"},\"inLanguage\":\"fr-FR\",\"potentialAction\":[{\"@type\":\"ReadAction\",\"target\":[\"https:\\\/\\\/www.bellunopress.it\\\/2026\\\/08\\\/31\\\/sanzioni-usa-contro-il-sito-italiano-autistici-inventati-acerbo-lantifascismo-non-e-perseguibile-in-italia\\\/\"]}]},{\"@type\":\"ImageObject\",\"inLanguage\":\"fr-FR\",\"@id\":\"https:\\\/\\\/www.bellunopress.it\\\/2026\\\/08\\\/31\\\/sanzioni-usa-contro-il-sito-italiano-autistici-inventati-acerbo-lantifascismo-non-e-perseguibile-in-italia\\\/#primaryimage\",\"url\":\"https:\\\/\\\/www.bellunopress.it\\\/wp-content\\\/uploads\\\/2020\\\/01\\\/Maurizio-Acerbo.jpg\",\"contentUrl\":\"https:\\\/\\\/www.bellunopress.it\\\/wp-content\\\/uploads\\\/2020\\\/01\\\/Maurizio-Acerbo.jpg\",\"width\":234,\"height\":300,\"caption\":\"Maurizio Acerbo, segretario nazionale Rifondazione Comunista\"},{\"@type\":\"BreadcrumbList\",\"@id\":\"https:\\\/\\\/www.bellunopress.it\\\/2026\\\/08\\\/31\\\/sanzioni-usa-contro-il-sito-italiano-autistici-inventati-acerbo-lantifascismo-non-e-perseguibile-in-italia\\\/#breadcrumb\",\"itemListElement\":[{\"@type\":\"ListItem\",\"position\":1,\"name\":\"Home\",\"item\":\"https:\\\/\\\/www.bellunopress.it\\\/\"},{\"@type\":\"ListItem\",\"position\":2,\"name\":\"Sanzioni USA contro il sito italiano Autistici\\\/Inventati. Acerbo: &#8220;L&#8217;antifascismo non \u00e8 perseguibile in Italia&#8221;\"}]},{\"@type\":\"WebSite\",\"@id\":\"https:\\\/\\\/www.bellunopress.it\\\/#website\",\"url\":\"https:\\\/\\\/www.bellunopress.it\\\/\",\"name\":\"Bellunopress - Dolomiti\",\"description\":\"e-mail: redazione@bellunopress.it\",\"publisher\":{\"@id\":\"https:\\\/\\\/www.bellunopress.it\\\/#organization\"},\"potentialAction\":[{\"@type\":\"SearchAction\",\"target\":{\"@type\":\"EntryPoint\",\"urlTemplate\":\"https:\\\/\\\/www.bellunopress.it\\\/?s={search_term_string}\"},\"query-input\":{\"@type\":\"PropertyValueSpecification\",\"valueRequired\":true,\"valueName\":\"search_term_string\"}}],\"inLanguage\":\"fr-FR\"},{\"@type\":\"Organization\",\"@id\":\"https:\\\/\\\/www.bellunopress.it\\\/#organization\",\"name\":\"Bellunopress\",\"url\":\"https:\\\/\\\/www.bellunopress.it\\\/\",\"logo\":{\"@type\":\"ImageObject\",\"inLanguage\":\"fr-FR\",\"@id\":\"https:\\\/\\\/www.bellunopress.it\\\/#\\\/schema\\\/logo\\\/image\\\/\",\"url\":\"https:\\\/\\\/www.bellunopress.it\\\/wp-content\\\/uploads\\\/2011\\\/05\\\/cropped-logo-bellunopress-.jpg\",\"contentUrl\":\"https:\\\/\\\/www.bellunopress.it\\\/wp-content\\\/uploads\\\/2011\\\/05\\\/cropped-logo-bellunopress-.jpg\",\"width\":512,\"height\":512,\"caption\":\"Bellunopress\"},\"image\":{\"@id\":\"https:\\\/\\\/www.bellunopress.it\\\/#\\\/schema\\\/logo\\\/image\\\/\"},\"sameAs\":[\"https:\\\/\\\/www.facebook.com\\\/profile.php?id=100008943462799\",\"https:\\\/\\\/x.com\\\/bellunopress\",\"https:\\\/\\\/www.linkedin.com\\\/hp\\\/?dnr=JBzUWaJfMUw8vbXJJ2tVW5-I3jZKvC4wsoxE&amp;amp;amp;amp;amp;amp;trk=nav_responsive_tab_home\",\"https:\\\/\\\/www.youtube.com\\\/channel\\\/UCxL0wu1uN0_3_7hGG0306cw\"]},{\"@type\":\"Person\",\"@id\":\"https:\\\/\\\/www.bellunopress.it\\\/#\\\/schema\\\/person\\\/79bb06722b37ece1c03d3e94beb30d73\",\"name\":\"redazione\",\"image\":{\"@type\":\"ImageObject\",\"inLanguage\":\"fr-FR\",\"@id\":\"https:\\\/\\\/secure.gravatar.com\\\/avatar\\\/37d968a2e67a6fd04c169c4bdef102d0bc5d31b2546345219e348575eb80e9a0?s=96&d=mm&r=g\",\"url\":\"https:\\\/\\\/secure.gravatar.com\\\/avatar\\\/37d968a2e67a6fd04c169c4bdef102d0bc5d31b2546345219e348575eb80e9a0?s=96&d=mm&r=g\",\"contentUrl\":\"https:\\\/\\\/secure.gravatar.com\\\/avatar\\\/37d968a2e67a6fd04c169c4bdef102d0bc5d31b2546345219e348575eb80e9a0?s=96&d=mm&r=g\",\"caption\":\"redazione\"},\"sameAs\":[\"http:\\\/\\\/www.bellunopress.it\",\"https:\\\/\\\/x.com\\\/bellunopress\"],\"url\":\"https:\\\/\\\/www.bellunopress.it\\\/fr\\\/author\\\/redazione\\\/\"}]}<\/script>\n<!-- \/ Yoast SEO plugin. -->","yoast_head_json":{"title":"Sanzioni USA contro il sito italiano Autistici\/Inventati. Acerbo: \"L'antifascismo non \u00e8 perseguibile in Italia\" - Bellunopress - Dolomiti","robots":{"index":"index","follow":"follow","max-snippet":"max-snippet:-1","max-image-preview":"max-image-preview:large","max-video-preview":"max-video-preview:-1"},"canonical":"https:\/\/www.bellunopress.it\/fr\/2026\/08\/31\/sanzioni-usa-contro-il-sito-italiano-autistici-inventati-acerbo-lantifascismo-non-e-perseguibile-in-italia\/","og_locale":"fr_FR","og_type":"article","og_title":"Sanzioni USA contro il sito italiano Autistici\/Inventati. Acerbo: \"L'antifascismo non \u00e8 perseguibile in Italia\" - Bellunopress - Dolomiti","og_description":"Quando la scure di Washington colpisce i servizi di rete indipendenti: l&#8217;impatto sul dissenso radicale, la privacy online e le reazioni della politica italiana La decisione degli Stati Uniti di inserire il collettivo italiano Autistici\/Inventati nella lista nera del terrorismo globale apre un pericoloso precedente giuridico e politico, trasformando i fornitori di servizi di privacy [&hellip;]","og_url":"https:\/\/www.bellunopress.it\/fr\/2026\/08\/31\/sanzioni-usa-contro-il-sito-italiano-autistici-inventati-acerbo-lantifascismo-non-e-perseguibile-in-italia\/","og_site_name":"Bellunopress - Dolomiti","article_publisher":"https:\/\/www.facebook.com\/profile.php?id=100008943462799","article_published_time":"2026-08-31T05:01:27+00:00","og_image":[{"width":234,"height":300,"url":"https:\/\/www.bellunopress.it\/wp-content\/uploads\/2020\/01\/Maurizio-Acerbo.jpg","type":"image\/jpeg"}],"author":"redazione","twitter_card":"summary_large_image","twitter_creator":"@bellunopress","twitter_site":"@bellunopress","twitter_misc":{"Written by":"redazione","Est. reading time":"4 minutes"},"schema":{"@context":"https:\/\/schema.org","@graph":[{"@type":"Article","@id":"https:\/\/www.bellunopress.it\/2026\/08\/31\/sanzioni-usa-contro-il-sito-italiano-autistici-inventati-acerbo-lantifascismo-non-e-perseguibile-in-italia\/#article","isPartOf":{"@id":"https:\/\/www.bellunopress.it\/2026\/08\/31\/sanzioni-usa-contro-il-sito-italiano-autistici-inventati-acerbo-lantifascismo-non-e-perseguibile-in-italia\/"},"author":{"name":"redazione","@id":"https:\/\/www.bellunopress.it\/#\/schema\/person\/79bb06722b37ece1c03d3e94beb30d73"},"headline":"Sanzioni USA contro il sito italiano Autistici\/Inventati. Acerbo: &#8220;L&#8217;antifascismo non \u00e8 perseguibile in Italia&#8221;","datePublished":"2026-08-31T05:01:27+00:00","mainEntityOfPage":{"@id":"https:\/\/www.bellunopress.it\/2026\/08\/31\/sanzioni-usa-contro-il-sito-italiano-autistici-inventati-acerbo-lantifascismo-non-e-perseguibile-in-italia\/"},"wordCount":710,"publisher":{"@id":"https:\/\/www.bellunopress.it\/#organization"},"image":{"@id":"https:\/\/www.bellunopress.it\/2026\/08\/31\/sanzioni-usa-contro-il-sito-italiano-autistici-inventati-acerbo-lantifascismo-non-e-perseguibile-in-italia\/#primaryimage"},"thumbnailUrl":"https:\/\/www.bellunopress.it\/wp-content\/uploads\/2020\/01\/Maurizio-Acerbo.jpg","articleSection":["Cronaca\/Politica","Prima Pagina"],"inLanguage":"fr-FR"},{"@type":"WebPage","@id":"https:\/\/www.bellunopress.it\/2026\/08\/31\/sanzioni-usa-contro-il-sito-italiano-autistici-inventati-acerbo-lantifascismo-non-e-perseguibile-in-italia\/","url":"https:\/\/www.bellunopress.it\/2026\/08\/31\/sanzioni-usa-contro-il-sito-italiano-autistici-inventati-acerbo-lantifascismo-non-e-perseguibile-in-italia\/","name":"Sanzioni USA contro il sito italiano Autistici\/Inventati. Acerbo: \"L'antifascismo non \u00e8 perseguibile in Italia\" - Bellunopress - Dolomiti","isPartOf":{"@id":"https:\/\/www.bellunopress.it\/#website"},"primaryImageOfPage":{"@id":"https:\/\/www.bellunopress.it\/2026\/08\/31\/sanzioni-usa-contro-il-sito-italiano-autistici-inventati-acerbo-lantifascismo-non-e-perseguibile-in-italia\/#primaryimage"},"image":{"@id":"https:\/\/www.bellunopress.it\/2026\/08\/31\/sanzioni-usa-contro-il-sito-italiano-autistici-inventati-acerbo-lantifascismo-non-e-perseguibile-in-italia\/#primaryimage"},"thumbnailUrl":"https:\/\/www.bellunopress.it\/wp-content\/uploads\/2020\/01\/Maurizio-Acerbo.jpg","datePublished":"2026-08-31T05:01:27+00:00","breadcrumb":{"@id":"https:\/\/www.bellunopress.it\/2026\/08\/31\/sanzioni-usa-contro-il-sito-italiano-autistici-inventati-acerbo-lantifascismo-non-e-perseguibile-in-italia\/#breadcrumb"},"inLanguage":"fr-FR","potentialAction":[{"@type":"ReadAction","target":["https:\/\/www.bellunopress.it\/2026\/08\/31\/sanzioni-usa-contro-il-sito-italiano-autistici-inventati-acerbo-lantifascismo-non-e-perseguibile-in-italia\/"]}]},{"@type":"ImageObject","inLanguage":"fr-FR","@id":"https:\/\/www.bellunopress.it\/2026\/08\/31\/sanzioni-usa-contro-il-sito-italiano-autistici-inventati-acerbo-lantifascismo-non-e-perseguibile-in-italia\/#primaryimage","url":"https:\/\/www.bellunopress.it\/wp-content\/uploads\/2020\/01\/Maurizio-Acerbo.jpg","contentUrl":"https:\/\/www.bellunopress.it\/wp-content\/uploads\/2020\/01\/Maurizio-Acerbo.jpg","width":234,"height":300,"caption":"Maurizio Acerbo, segretario nazionale Rifondazione Comunista"},{"@type":"BreadcrumbList","@id":"https:\/\/www.bellunopress.it\/2026\/08\/31\/sanzioni-usa-contro-il-sito-italiano-autistici-inventati-acerbo-lantifascismo-non-e-perseguibile-in-italia\/#breadcrumb","itemListElement":[{"@type":"ListItem","position":1,"name":"Home","item":"https:\/\/www.bellunopress.it\/"},{"@type":"ListItem","position":2,"name":"Sanzioni USA contro il sito italiano Autistici\/Inventati. Acerbo: &#8220;L&#8217;antifascismo non \u00e8 perseguibile in Italia&#8221;"}]},{"@type":"WebSite","@id":"https:\/\/www.bellunopress.it\/#website","url":"https:\/\/www.bellunopress.it\/","name":"Bellunopress - Dolomiti","description":"e-mail: redazione@bellunopress.it","publisher":{"@id":"https:\/\/www.bellunopress.it\/#organization"},"potentialAction":[{"@type":"SearchAction","target":{"@type":"EntryPoint","urlTemplate":"https:\/\/www.bellunopress.it\/?s={search_term_string}"},"query-input":{"@type":"PropertyValueSpecification","valueRequired":true,"valueName":"search_term_string"}}],"inLanguage":"fr-FR"},{"@type":"Organization","@id":"https:\/\/www.bellunopress.it\/#organization","name":"Bellunopress","url":"https:\/\/www.bellunopress.it\/","logo":{"@type":"ImageObject","inLanguage":"fr-FR","@id":"https:\/\/www.bellunopress.it\/#\/schema\/logo\/image\/","url":"https:\/\/www.bellunopress.it\/wp-content\/uploads\/2011\/05\/cropped-logo-bellunopress-.jpg","contentUrl":"https:\/\/www.bellunopress.it\/wp-content\/uploads\/2011\/05\/cropped-logo-bellunopress-.jpg","width":512,"height":512,"caption":"Bellunopress"},"image":{"@id":"https:\/\/www.bellunopress.it\/#\/schema\/logo\/image\/"},"sameAs":["https:\/\/www.facebook.com\/profile.php?id=100008943462799","https:\/\/x.com\/bellunopress","https:\/\/www.linkedin.com\/hp\/?dnr=JBzUWaJfMUw8vbXJJ2tVW5-I3jZKvC4wsoxE&amp;amp;amp;amp;amp;amp;trk=nav_responsive_tab_home","https:\/\/www.youtube.com\/channel\/UCxL0wu1uN0_3_7hGG0306cw"]},{"@type":"Person","@id":"https:\/\/www.bellunopress.it\/#\/schema\/person\/79bb06722b37ece1c03d3e94beb30d73","name":"r\u00e9daction","image":{"@type":"ImageObject","inLanguage":"fr-FR","@id":"https:\/\/secure.gravatar.com\/avatar\/37d968a2e67a6fd04c169c4bdef102d0bc5d31b2546345219e348575eb80e9a0?s=96&d=mm&r=g","url":"https:\/\/secure.gravatar.com\/avatar\/37d968a2e67a6fd04c169c4bdef102d0bc5d31b2546345219e348575eb80e9a0?s=96&d=mm&r=g","contentUrl":"https:\/\/secure.gravatar.com\/avatar\/37d968a2e67a6fd04c169c4bdef102d0bc5d31b2546345219e348575eb80e9a0?s=96&d=mm&r=g","caption":"redazione"},"sameAs":["http:\/\/www.bellunopress.it","https:\/\/x.com\/bellunopress"],"url":"https:\/\/www.bellunopress.it\/fr\/author\/redazione\/"}]}},"_links":{"self":[{"href":"https:\/\/www.bellunopress.it\/fr\/wp-json\/wp\/v2\/posts\/173010","targetHints":{"allow":["GET"]}}],"collection":[{"href":"https:\/\/www.bellunopress.it\/fr\/wp-json\/wp\/v2\/posts"}],"about":[{"href":"https:\/\/www.bellunopress.it\/fr\/wp-json\/wp\/v2\/types\/post"}],"author":[{"embeddable":true,"href":"https:\/\/www.bellunopress.it\/fr\/wp-json\/wp\/v2\/users\/2"}],"replies":[{"embeddable":true,"href":"https:\/\/www.bellunopress.it\/fr\/wp-json\/wp\/v2\/comments?post=173010"}],"version-history":[{"count":1,"href":"https:\/\/www.bellunopress.it\/fr\/wp-json\/wp\/v2\/posts\/173010\/revisions"}],"predecessor-version":[{"id":173011,"href":"https:\/\/www.bellunopress.it\/fr\/wp-json\/wp\/v2\/posts\/173010\/revisions\/173011"}],"wp:featuredmedia":[{"embeddable":true,"href":"https:\/\/www.bellunopress.it\/fr\/wp-json\/wp\/v2\/media\/110944"}],"wp:attachment":[{"href":"https:\/\/www.bellunopress.it\/fr\/wp-json\/wp\/v2\/media?parent=173010"}],"wp:term":[{"taxonomy":"category","embeddable":true,"href":"https:\/\/www.bellunopress.it\/fr\/wp-json\/wp\/v2\/categories?post=173010"},{"taxonomy":"post_tag","embeddable":true,"href":"https:\/\/www.bellunopress.it\/fr\/wp-json\/wp\/v2\/tags?post=173010"}],"curies":[{"name":"wp","href":"https:\/\/api.w.org\/{rel}","templated":true}]}}