{"id":173003,"date":"2026-08-30T22:11:09","date_gmt":"2026-08-30T20:11:09","guid":{"rendered":"https:\/\/www.bellunopress.it\/?p=173003"},"modified":"2026-08-30T22:11:09","modified_gmt":"2026-08-30T20:11:09","slug":"dolomiti-bellunesi-primo-pareggio-stagionale","status":"publish","type":"post","link":"https:\/\/www.bellunopress.it\/fr\/2026\/08\/30\/dolomiti-bellunesi-primo-pareggio-stagionale\/","title":{"rendered":"Dolomiti Bellunesi : premier match nul de la saison"},"content":{"rendered":"<p><strong>Dolomiti Bellunesi nel segno della continuit\u00e0: buon punto con l&#8217;Alcione<\/strong><\/p>\n<p>DOLOMITI BELLUNESI-ALCIONE MILANO 0-0<\/p>\n<p>DOLOMITI BELLUNESI: Sonzogni; Saccani, Mondonico, Gobetti, Trabucchi (st 44&#8242; Migliardi); Cossalter (st 44&#8242; Agosti), Montenegro, Ba; Clemenza (st 41&#8242; Beltaief), Mignanelli; Kowalski (st 24&#8242; Sia) (in panchina: Lysionok, Coan, Lewis, Morreale, Zidouh, Casanova). Allenatore: A. Bonatti.<\/p>\n<p>ALCIONE MILANO: Nava; Trapani (st 38&#8242; Chierichetti), Pirola, Miculi, Sadotti; Lopes (st 21&#8242; Braida), Galli, Parlati; Morselli, Pitou (st 29&#8242; Puzzoli); Marconi (st 21&#8242; Palombi) (in panchina: Raffaelli, Baldacchino, Ciappellano, Muroni, Lanzi, Mocchi, Zini). Allenatore: G. Cusatis.<\/p>\n<p>ARBITRO: Andrea Giordani di Aprilia (assistenti: Giuseppe Fanara di Cosenza e Valerio Brizzi di Aprilia; quarto ufficiale: Alessandro Pizzi di Bergamo; operatore FVS: Leonardo Tesi di Padova ).<\/p>\n<p>NOTE. Spettatori: 645. Angoli: 1-1. Ammoniti: Lopes, Trapani, Ba, Sia. Recupero: pt 4&#8242;; st 11&#8242;.<\/p>\n<p>&nbsp;<\/p>\n<p>Terza gara ufficiale e terzo risultato utile: dopo aver sconfitto il Treviso in coppa e la Folgore Caratese al debutto in C, la Dolomiti Bellunesi timbra il primo pareggio stagionale. E lo ottiene al cospetto dell&#8217;Alcione Milano, al termine di un&#8217;altra prova brillante, nella quale il gruppo di mister Bonatti ha dimostrato di crederci maggiormente, riuscendo a creare diverse opportunit\u00e0 da rete. Senza considerare il rammarico per un gol annullato&#8230; due volte: a Mignanelli. La prima per offside e, una volta verificato che il mancino originario di Cant\u00f9 fosse in linea, \u00e8 intervenuto il Football Video Support per &#8220;pizzicare&#8221; un fallo precedente di Ba. In ogni caso, un buon punto. Ma non c&#8217;\u00e8 tempo per guardarsi indietro. Perch\u00e9 all&#8217;orizzonte si stagliano due trasferte: mercoled\u00ec si torna in campo per il secondo turno di Coppa Italia, in territorio vicentino contro l&#8217;Arzignano Valchiampo. E domenica sar\u00e0 tempo di riprendere la strada verso la Lombardia: questa volta a Gorgonzola contro la Giana Erminio, nella terza giornata di campionato.<\/p>\n<p>STESSI UNDICI &#8211; Mister Bonatti ripropone lo stesso undici vittorioso nell&#8217;esordio di luned\u00ec scorso a Zanica. Anche perch\u00e9 non recupera nessuno dei cinque in infermeria: Lattanzio, Mazzocco, Masut, Estrella e Toci. In compenso, rispetto al confronto di sei giorni fa, ci sono un paio di elementi in pi\u00f9. Ovvero, le ultime due novit\u00e0 di mercato: il portiere lituano Lysionok e l&#8217;attaccante esterno Diego Sia.<\/p>\n<p>RIMPALLO &#8211; In avvio, a mordere \u00e8 Racine Ba, che prima mette pressione alla retroguardia avversaria e per poco non trova il bersaglio grosso in seguito a un rimpallo; poi, di testa, obbliga Nava a sporcarsi i guantoni. Ma l&#8217;episodio chiave prende forma poco oltre la mezz&#8217;ora, quando Clemenza apre un corridoio illuminante per Mignanelli, freddo e preciso nel battere il portiere in uscita. Il guardalinee sbandiera una posizione di fuorigioco che in realt\u00e0 non c&#8217;\u00e8. Tuttavia, l&#8217;azione \u00e8 viziata da un&#8217;irregolarit\u00e0 in partenza di Ba, ravvisata dopo la chiamata al monitor.<\/p>\n<p>GENEROSIT\u00c0 &#8211; Ancora Mignanelli, in apertura di ripresa, prova a beffare Nava, fuori dai pali, ma il pallonetto termina sull&#8217;esterno della rete. E poco pi\u00f9 tardi, Clemenza &#8220;lucida&#8221; il suo sinistro: palla larga. Bonatti decide allora di cambiare qualcosa. E lancia subito nella mischia Sia, arrivato da una manciata di giorni: a fargli posto, Kowalski, artefice di una prova di grande generosit\u00e0. Ma non manca un brivido finale: al quinto minuto di recupero, anche a causa dell&#8217;inevitabile stanchezza, la retroguardia dolomitica si fa trovare scoperta su un lancio dalle retrovie e Marconi vola verso la porta: in uscita, per\u00f2, Sonzogni \u00e8 semplicemente insuperabile. Sul quarto punto in campionato c&#8217;\u00e8 pure l&#8217;impronta del custode dei pali.<\/p>","protected":false},"excerpt":{"rendered":"<p>Dolomiti Bellunesi nel segno della continuit\u00e0: buon punto con l&#8217;Alcione DOLOMITI BELLUNESI-ALCIONE MILANO 0-0 DOLOMITI BELLUNESI: Sonzogni; Saccani, Mondonico, Gobetti, Trabucchi (st 44&#8242; Migliardi); Cossalter (st 44&#8242; Agosti), Montenegro, Ba; Clemenza (st 41&#8242; Beltaief), Mignanelli; Kowalski (st 24&#8242; Sia) (in panchina: Lysionok, Coan, Lewis, Morreale, Zidouh, Casanova). Allenatore: A. Bonatti. ALCIONE MILANO: Nava; Trapani (st [&hellip;]<\/p>\n","protected":false},"author":2,"featured_media":172864,"comment_status":"closed","ping_status":"open","sticky":false,"template":"","format":"standard","meta":{"footnotes":""},"categories":[26,4],"tags":[],"class_list":["post-173003","post","type-post","status-publish","format-standard","has-post-thumbnail","category-prima-pagina","category-sport"],"yoast_head":"<!-- This site is optimized with the Yoast SEO plugin v28.4 - https:\/\/yoast.com\/product\/yoast-seo-wordpress\/ -->\n<title>Dolomiti Bellunesi: primo pareggio stagionale - Bellunopress - Dolomiti<\/title>\n<meta name=\"robots\" content=\"index, follow, max-snippet:-1, max-image-preview:large, max-video-preview:-1\" \/>\n<link rel=\"canonical\" href=\"https:\/\/www.bellunopress.it\/fr\/2026\/08\/30\/dolomiti-bellunesi-primo-pareggio-stagionale\/\" \/>\n<meta property=\"og:locale\" content=\"fr_FR\" \/>\n<meta property=\"og:type\" content=\"article\" \/>\n<meta property=\"og:title\" content=\"Dolomiti Bellunesi: primo pareggio stagionale - Bellunopress - Dolomiti\" \/>\n<meta property=\"og:description\" content=\"Dolomiti Bellunesi nel segno della continuit\u00e0: buon punto con l&#8217;Alcione DOLOMITI BELLUNESI-ALCIONE MILANO 0-0 DOLOMITI BELLUNESI: Sonzogni; Saccani, Mondonico, Gobetti, Trabucchi (st 44&#8242; Migliardi); Cossalter (st 44&#8242; Agosti), Montenegro, Ba; Clemenza (st 41&#8242; Beltaief), Mignanelli; Kowalski (st 24&#8242; Sia) (in panchina: Lysionok, Coan, Lewis, Morreale, Zidouh, Casanova). Allenatore: A. Bonatti. ALCIONE MILANO: Nava; Trapani (st [&hellip;]\" \/>\n<meta property=\"og:url\" content=\"https:\/\/www.bellunopress.it\/fr\/2026\/08\/30\/dolomiti-bellunesi-primo-pareggio-stagionale\/\" \/>\n<meta property=\"og:site_name\" content=\"Bellunopress - Dolomiti\" \/>\n<meta property=\"article:publisher\" content=\"https:\/\/www.facebook.com\/profile.php?id=100008943462799\" \/>\n<meta property=\"article:published_time\" content=\"2026-08-30T20:11:09+00:00\" \/>\n<meta property=\"og:image\" content=\"https:\/\/www.bellunopress.it\/wp-content\/uploads\/2026\/08\/Dolomiti-Bellunesi-calcio-2026.jpg\" \/>\n\t<meta property=\"og:image:width\" content=\"500\" \/>\n\t<meta property=\"og:image:height\" content=\"368\" \/>\n\t<meta property=\"og:image:type\" content=\"image\/jpeg\" \/>\n<meta name=\"author\" content=\"redazione\" \/>\n<meta name=\"twitter:card\" content=\"summary_large_image\" \/>\n<meta name=\"twitter:creator\" content=\"@bellunopress\" \/>\n<meta name=\"twitter:site\" content=\"@bellunopress\" \/>\n<meta name=\"twitter:label1\" content=\"Written by\" \/>\n\t<meta name=\"twitter:data1\" content=\"redazione\" \/>\n\t<meta name=\"twitter:label2\" content=\"Est. reading time\" \/>\n\t<meta name=\"twitter:data2\" content=\"4 minutes\" \/>\n<script type=\"application\/ld+json\" class=\"yoast-schema-graph\">{\"@context\":\"https:\\\/\\\/schema.org\",\"@graph\":[{\"@type\":\"Article\",\"@id\":\"https:\\\/\\\/www.bellunopress.it\\\/2026\\\/08\\\/30\\\/dolomiti-bellunesi-primo-pareggio-stagionale\\\/#article\",\"isPartOf\":{\"@id\":\"https:\\\/\\\/www.bellunopress.it\\\/2026\\\/08\\\/30\\\/dolomiti-bellunesi-primo-pareggio-stagionale\\\/\"},\"author\":{\"name\":\"redazione\",\"@id\":\"https:\\\/\\\/www.bellunopress.it\\\/#\\\/schema\\\/person\\\/79bb06722b37ece1c03d3e94beb30d73\"},\"headline\":\"Dolomiti Bellunesi: primo pareggio stagionale\",\"datePublished\":\"2026-08-30T20:11:09+00:00\",\"mainEntityOfPage\":{\"@id\":\"https:\\\/\\\/www.bellunopress.it\\\/2026\\\/08\\\/30\\\/dolomiti-bellunesi-primo-pareggio-stagionale\\\/\"},\"wordCount\":570,\"publisher\":{\"@id\":\"https:\\\/\\\/www.bellunopress.it\\\/#organization\"},\"image\":{\"@id\":\"https:\\\/\\\/www.bellunopress.it\\\/2026\\\/08\\\/30\\\/dolomiti-bellunesi-primo-pareggio-stagionale\\\/#primaryimage\"},\"thumbnailUrl\":\"https:\\\/\\\/www.bellunopress.it\\\/wp-content\\\/uploads\\\/2026\\\/08\\\/Dolomiti-Bellunesi-calcio-2026.jpg\",\"articleSection\":[\"Prima Pagina\",\"Sport, tempo libero\"],\"inLanguage\":\"fr-FR\"},{\"@type\":\"WebPage\",\"@id\":\"https:\\\/\\\/www.bellunopress.it\\\/2026\\\/08\\\/30\\\/dolomiti-bellunesi-primo-pareggio-stagionale\\\/\",\"url\":\"https:\\\/\\\/www.bellunopress.it\\\/2026\\\/08\\\/30\\\/dolomiti-bellunesi-primo-pareggio-stagionale\\\/\",\"name\":\"Dolomiti Bellunesi: primo pareggio stagionale - Bellunopress - Dolomiti\",\"isPartOf\":{\"@id\":\"https:\\\/\\\/www.bellunopress.it\\\/#website\"},\"primaryImageOfPage\":{\"@id\":\"https:\\\/\\\/www.bellunopress.it\\\/2026\\\/08\\\/30\\\/dolomiti-bellunesi-primo-pareggio-stagionale\\\/#primaryimage\"},\"image\":{\"@id\":\"https:\\\/\\\/www.bellunopress.it\\\/2026\\\/08\\\/30\\\/dolomiti-bellunesi-primo-pareggio-stagionale\\\/#primaryimage\"},\"thumbnailUrl\":\"https:\\\/\\\/www.bellunopress.it\\\/wp-content\\\/uploads\\\/2026\\\/08\\\/Dolomiti-Bellunesi-calcio-2026.jpg\",\"datePublished\":\"2026-08-30T20:11:09+00:00\",\"breadcrumb\":{\"@id\":\"https:\\\/\\\/www.bellunopress.it\\\/2026\\\/08\\\/30\\\/dolomiti-bellunesi-primo-pareggio-stagionale\\\/#breadcrumb\"},\"inLanguage\":\"fr-FR\",\"potentialAction\":[{\"@type\":\"ReadAction\",\"target\":[\"https:\\\/\\\/www.bellunopress.it\\\/2026\\\/08\\\/30\\\/dolomiti-bellunesi-primo-pareggio-stagionale\\\/\"]}]},{\"@type\":\"ImageObject\",\"inLanguage\":\"fr-FR\",\"@id\":\"https:\\\/\\\/www.bellunopress.it\\\/2026\\\/08\\\/30\\\/dolomiti-bellunesi-primo-pareggio-stagionale\\\/#primaryimage\",\"url\":\"https:\\\/\\\/www.bellunopress.it\\\/wp-content\\\/uploads\\\/2026\\\/08\\\/Dolomiti-Bellunesi-calcio-2026.jpg\",\"contentUrl\":\"https:\\\/\\\/www.bellunopress.it\\\/wp-content\\\/uploads\\\/2026\\\/08\\\/Dolomiti-Bellunesi-calcio-2026.jpg\",\"width\":500,\"height\":368},{\"@type\":\"BreadcrumbList\",\"@id\":\"https:\\\/\\\/www.bellunopress.it\\\/2026\\\/08\\\/30\\\/dolomiti-bellunesi-primo-pareggio-stagionale\\\/#breadcrumb\",\"itemListElement\":[{\"@type\":\"ListItem\",\"position\":1,\"name\":\"Home\",\"item\":\"https:\\\/\\\/www.bellunopress.it\\\/\"},{\"@type\":\"ListItem\",\"position\":2,\"name\":\"Dolomiti Bellunesi: primo pareggio stagionale\"}]},{\"@type\":\"WebSite\",\"@id\":\"https:\\\/\\\/www.bellunopress.it\\\/#website\",\"url\":\"https:\\\/\\\/www.bellunopress.it\\\/\",\"name\":\"Bellunopress - Dolomiti\",\"description\":\"e-mail: redazione@bellunopress.it\",\"publisher\":{\"@id\":\"https:\\\/\\\/www.bellunopress.it\\\/#organization\"},\"potentialAction\":[{\"@type\":\"SearchAction\",\"target\":{\"@type\":\"EntryPoint\",\"urlTemplate\":\"https:\\\/\\\/www.bellunopress.it\\\/?s={search_term_string}\"},\"query-input\":{\"@type\":\"PropertyValueSpecification\",\"valueRequired\":true,\"valueName\":\"search_term_string\"}}],\"inLanguage\":\"fr-FR\"},{\"@type\":\"Organization\",\"@id\":\"https:\\\/\\\/www.bellunopress.it\\\/#organization\",\"name\":\"Bellunopress\",\"url\":\"https:\\\/\\\/www.bellunopress.it\\\/\",\"logo\":{\"@type\":\"ImageObject\",\"inLanguage\":\"fr-FR\",\"@id\":\"https:\\\/\\\/www.bellunopress.it\\\/#\\\/schema\\\/logo\\\/image\\\/\",\"url\":\"https:\\\/\\\/www.bellunopress.it\\\/wp-content\\\/uploads\\\/2011\\\/05\\\/cropped-logo-bellunopress-.jpg\",\"contentUrl\":\"https:\\\/\\\/www.bellunopress.it\\\/wp-content\\\/uploads\\\/2011\\\/05\\\/cropped-logo-bellunopress-.jpg\",\"width\":512,\"height\":512,\"caption\":\"Bellunopress\"},\"image\":{\"@id\":\"https:\\\/\\\/www.bellunopress.it\\\/#\\\/schema\\\/logo\\\/image\\\/\"},\"sameAs\":[\"https:\\\/\\\/www.facebook.com\\\/profile.php?id=100008943462799\",\"https:\\\/\\\/x.com\\\/bellunopress\",\"https:\\\/\\\/www.linkedin.com\\\/hp\\\/?dnr=JBzUWaJfMUw8vbXJJ2tVW5-I3jZKvC4wsoxE&amp;amp;amp;amp;amp;amp;trk=nav_responsive_tab_home\",\"https:\\\/\\\/www.youtube.com\\\/channel\\\/UCxL0wu1uN0_3_7hGG0306cw\"]},{\"@type\":\"Person\",\"@id\":\"https:\\\/\\\/www.bellunopress.it\\\/#\\\/schema\\\/person\\\/79bb06722b37ece1c03d3e94beb30d73\",\"name\":\"redazione\",\"image\":{\"@type\":\"ImageObject\",\"inLanguage\":\"fr-FR\",\"@id\":\"https:\\\/\\\/secure.gravatar.com\\\/avatar\\\/37d968a2e67a6fd04c169c4bdef102d0bc5d31b2546345219e348575eb80e9a0?s=96&d=mm&r=g\",\"url\":\"https:\\\/\\\/secure.gravatar.com\\\/avatar\\\/37d968a2e67a6fd04c169c4bdef102d0bc5d31b2546345219e348575eb80e9a0?s=96&d=mm&r=g\",\"contentUrl\":\"https:\\\/\\\/secure.gravatar.com\\\/avatar\\\/37d968a2e67a6fd04c169c4bdef102d0bc5d31b2546345219e348575eb80e9a0?s=96&d=mm&r=g\",\"caption\":\"redazione\"},\"sameAs\":[\"http:\\\/\\\/www.bellunopress.it\",\"https:\\\/\\\/x.com\\\/bellunopress\"],\"url\":\"https:\\\/\\\/www.bellunopress.it\\\/fr\\\/author\\\/redazione\\\/\"}]}<\/script>\n<!-- \/ Yoast SEO plugin. -->","yoast_head_json":{"title":"Dolomiti Bellunesi: primo pareggio stagionale - Bellunopress - Dolomiti","robots":{"index":"index","follow":"follow","max-snippet":"max-snippet:-1","max-image-preview":"max-image-preview:large","max-video-preview":"max-video-preview:-1"},"canonical":"https:\/\/www.bellunopress.it\/fr\/2026\/08\/30\/dolomiti-bellunesi-primo-pareggio-stagionale\/","og_locale":"fr_FR","og_type":"article","og_title":"Dolomiti Bellunesi: primo pareggio stagionale - Bellunopress - Dolomiti","og_description":"Dolomiti Bellunesi nel segno della continuit\u00e0: buon punto con l&#8217;Alcione DOLOMITI BELLUNESI-ALCIONE MILANO 0-0 DOLOMITI BELLUNESI: Sonzogni; Saccani, Mondonico, Gobetti, Trabucchi (st 44&#8242; Migliardi); Cossalter (st 44&#8242; Agosti), Montenegro, Ba; Clemenza (st 41&#8242; Beltaief), Mignanelli; Kowalski (st 24&#8242; Sia) (in panchina: Lysionok, Coan, Lewis, Morreale, Zidouh, Casanova). Allenatore: A. Bonatti. ALCIONE MILANO: Nava; Trapani (st [&hellip;]","og_url":"https:\/\/www.bellunopress.it\/fr\/2026\/08\/30\/dolomiti-bellunesi-primo-pareggio-stagionale\/","og_site_name":"Bellunopress - Dolomiti","article_publisher":"https:\/\/www.facebook.com\/profile.php?id=100008943462799","article_published_time":"2026-08-30T20:11:09+00:00","og_image":[{"width":500,"height":368,"url":"https:\/\/www.bellunopress.it\/wp-content\/uploads\/2026\/08\/Dolomiti-Bellunesi-calcio-2026.jpg","type":"image\/jpeg"}],"author":"redazione","twitter_card":"summary_large_image","twitter_creator":"@bellunopress","twitter_site":"@bellunopress","twitter_misc":{"Written by":"redazione","Est. reading time":"4 minutes"},"schema":{"@context":"https:\/\/schema.org","@graph":[{"@type":"Article","@id":"https:\/\/www.bellunopress.it\/2026\/08\/30\/dolomiti-bellunesi-primo-pareggio-stagionale\/#article","isPartOf":{"@id":"https:\/\/www.bellunopress.it\/2026\/08\/30\/dolomiti-bellunesi-primo-pareggio-stagionale\/"},"author":{"name":"redazione","@id":"https:\/\/www.bellunopress.it\/#\/schema\/person\/79bb06722b37ece1c03d3e94beb30d73"},"headline":"Dolomiti Bellunesi: primo pareggio stagionale","datePublished":"2026-08-30T20:11:09+00:00","mainEntityOfPage":{"@id":"https:\/\/www.bellunopress.it\/2026\/08\/30\/dolomiti-bellunesi-primo-pareggio-stagionale\/"},"wordCount":570,"publisher":{"@id":"https:\/\/www.bellunopress.it\/#organization"},"image":{"@id":"https:\/\/www.bellunopress.it\/2026\/08\/30\/dolomiti-bellunesi-primo-pareggio-stagionale\/#primaryimage"},"thumbnailUrl":"https:\/\/www.bellunopress.it\/wp-content\/uploads\/2026\/08\/Dolomiti-Bellunesi-calcio-2026.jpg","articleSection":["Prima Pagina","Sport, tempo libero"],"inLanguage":"fr-FR"},{"@type":"WebPage","@id":"https:\/\/www.bellunopress.it\/2026\/08\/30\/dolomiti-bellunesi-primo-pareggio-stagionale\/","url":"https:\/\/www.bellunopress.it\/2026\/08\/30\/dolomiti-bellunesi-primo-pareggio-stagionale\/","name":"Dolomiti Bellunesi: primo pareggio stagionale - Bellunopress - Dolomiti","isPartOf":{"@id":"https:\/\/www.bellunopress.it\/#website"},"primaryImageOfPage":{"@id":"https:\/\/www.bellunopress.it\/2026\/08\/30\/dolomiti-bellunesi-primo-pareggio-stagionale\/#primaryimage"},"image":{"@id":"https:\/\/www.bellunopress.it\/2026\/08\/30\/dolomiti-bellunesi-primo-pareggio-stagionale\/#primaryimage"},"thumbnailUrl":"https:\/\/www.bellunopress.it\/wp-content\/uploads\/2026\/08\/Dolomiti-Bellunesi-calcio-2026.jpg","datePublished":"2026-08-30T20:11:09+00:00","breadcrumb":{"@id":"https:\/\/www.bellunopress.it\/2026\/08\/30\/dolomiti-bellunesi-primo-pareggio-stagionale\/#breadcrumb"},"inLanguage":"fr-FR","potentialAction":[{"@type":"ReadAction","target":["https:\/\/www.bellunopress.it\/2026\/08\/30\/dolomiti-bellunesi-primo-pareggio-stagionale\/"]}]},{"@type":"ImageObject","inLanguage":"fr-FR","@id":"https:\/\/www.bellunopress.it\/2026\/08\/30\/dolomiti-bellunesi-primo-pareggio-stagionale\/#primaryimage","url":"https:\/\/www.bellunopress.it\/wp-content\/uploads\/2026\/08\/Dolomiti-Bellunesi-calcio-2026.jpg","contentUrl":"https:\/\/www.bellunopress.it\/wp-content\/uploads\/2026\/08\/Dolomiti-Bellunesi-calcio-2026.jpg","width":500,"height":368},{"@type":"BreadcrumbList","@id":"https:\/\/www.bellunopress.it\/2026\/08\/30\/dolomiti-bellunesi-primo-pareggio-stagionale\/#breadcrumb","itemListElement":[{"@type":"ListItem","position":1,"name":"Home","item":"https:\/\/www.bellunopress.it\/"},{"@type":"ListItem","position":2,"name":"Dolomiti Bellunesi: primo pareggio stagionale"}]},{"@type":"WebSite","@id":"https:\/\/www.bellunopress.it\/#website","url":"https:\/\/www.bellunopress.it\/","name":"Bellunopress - Dolomiti","description":"e-mail: redazione@bellunopress.it","publisher":{"@id":"https:\/\/www.bellunopress.it\/#organization"},"potentialAction":[{"@type":"SearchAction","target":{"@type":"EntryPoint","urlTemplate":"https:\/\/www.bellunopress.it\/?s={search_term_string}"},"query-input":{"@type":"PropertyValueSpecification","valueRequired":true,"valueName":"search_term_string"}}],"inLanguage":"fr-FR"},{"@type":"Organization","@id":"https:\/\/www.bellunopress.it\/#organization","name":"Bellunopress","url":"https:\/\/www.bellunopress.it\/","logo":{"@type":"ImageObject","inLanguage":"fr-FR","@id":"https:\/\/www.bellunopress.it\/#\/schema\/logo\/image\/","url":"https:\/\/www.bellunopress.it\/wp-content\/uploads\/2011\/05\/cropped-logo-bellunopress-.jpg","contentUrl":"https:\/\/www.bellunopress.it\/wp-content\/uploads\/2011\/05\/cropped-logo-bellunopress-.jpg","width":512,"height":512,"caption":"Bellunopress"},"image":{"@id":"https:\/\/www.bellunopress.it\/#\/schema\/logo\/image\/"},"sameAs":["https:\/\/www.facebook.com\/profile.php?id=100008943462799","https:\/\/x.com\/bellunopress","https:\/\/www.linkedin.com\/hp\/?dnr=JBzUWaJfMUw8vbXJJ2tVW5-I3jZKvC4wsoxE&amp;amp;amp;amp;amp;amp;trk=nav_responsive_tab_home","https:\/\/www.youtube.com\/channel\/UCxL0wu1uN0_3_7hGG0306cw"]},{"@type":"Person","@id":"https:\/\/www.bellunopress.it\/#\/schema\/person\/79bb06722b37ece1c03d3e94beb30d73","name":"r\u00e9daction","image":{"@type":"ImageObject","inLanguage":"fr-FR","@id":"https:\/\/secure.gravatar.com\/avatar\/37d968a2e67a6fd04c169c4bdef102d0bc5d31b2546345219e348575eb80e9a0?s=96&d=mm&r=g","url":"https:\/\/secure.gravatar.com\/avatar\/37d968a2e67a6fd04c169c4bdef102d0bc5d31b2546345219e348575eb80e9a0?s=96&d=mm&r=g","contentUrl":"https:\/\/secure.gravatar.com\/avatar\/37d968a2e67a6fd04c169c4bdef102d0bc5d31b2546345219e348575eb80e9a0?s=96&d=mm&r=g","caption":"redazione"},"sameAs":["http:\/\/www.bellunopress.it","https:\/\/x.com\/bellunopress"],"url":"https:\/\/www.bellunopress.it\/fr\/author\/redazione\/"}]}},"_links":{"self":[{"href":"https:\/\/www.bellunopress.it\/fr\/wp-json\/wp\/v2\/posts\/173003","targetHints":{"allow":["GET"]}}],"collection":[{"href":"https:\/\/www.bellunopress.it\/fr\/wp-json\/wp\/v2\/posts"}],"about":[{"href":"https:\/\/www.bellunopress.it\/fr\/wp-json\/wp\/v2\/types\/post"}],"author":[{"embeddable":true,"href":"https:\/\/www.bellunopress.it\/fr\/wp-json\/wp\/v2\/users\/2"}],"replies":[{"embeddable":true,"href":"https:\/\/www.bellunopress.it\/fr\/wp-json\/wp\/v2\/comments?post=173003"}],"version-history":[{"count":1,"href":"https:\/\/www.bellunopress.it\/fr\/wp-json\/wp\/v2\/posts\/173003\/revisions"}],"predecessor-version":[{"id":173004,"href":"https:\/\/www.bellunopress.it\/fr\/wp-json\/wp\/v2\/posts\/173003\/revisions\/173004"}],"wp:featuredmedia":[{"embeddable":true,"href":"https:\/\/www.bellunopress.it\/fr\/wp-json\/wp\/v2\/media\/172864"}],"wp:attachment":[{"href":"https:\/\/www.bellunopress.it\/fr\/wp-json\/wp\/v2\/media?parent=173003"}],"wp:term":[{"taxonomy":"category","embeddable":true,"href":"https:\/\/www.bellunopress.it\/fr\/wp-json\/wp\/v2\/categories?post=173003"},{"taxonomy":"post_tag","embeddable":true,"href":"https:\/\/www.bellunopress.it\/fr\/wp-json\/wp\/v2\/tags?post=173003"}],"curies":[{"name":"wp","href":"https:\/\/api.w.org\/{rel}","templated":true}]}}