{"id":172994,"date":"2026-08-30T10:04:45","date_gmt":"2026-08-30T08:04:45","guid":{"rendered":"https:\/\/www.bellunopress.it\/?p=172994"},"modified":"2026-08-30T10:05:46","modified_gmt":"2026-08-30T08:05:46","slug":"giro-delle-mura-di-feltre-il-bilancio-della-37ma-edizione","status":"publish","type":"post","link":"https:\/\/www.bellunopress.it\/fr\/2026\/08\/30\/giro-delle-mura-di-feltre-il-bilancio-della-37ma-edizione\/","title":{"rendered":"Tour des Murailles de Feltre. Le bilan de la 37e \u00e9dition"},"content":{"rendered":"<p>Feltre, 30\/08\/2026 &#8211; Cala il sipario sulla 37\u00aa edizione del Giro delle Mura Citt\u00e0 di Feltre, ma resta forte la sensazione di aver vissuto una delle edizioni pi\u00f9 riuscite e partecipate di sempre. Sabato sera la citt\u00e0 murata si \u00e8 trasformata ancora una volta in un grande palcoscenico dello sport, con un susseguirsi incessante di gare, iniziative e momenti di animazione, accompagnati da una cornice di pubblico straordinaria, cresciuta con il passare delle ore fino a riempire il centro cittadino. Un\u2019edizione che, sul piano dei numeri, ha superato ogni aspettativa e fatto registrare un nuovo record di partecipazione<\/p>\n<p>Sul piano agonistico, uno dei momenti pi\u00f9 spettacolari della serata \u00e8 stata senza dubbio la Running Seven Laps, che ha visto imporsi con autorevolezza la coppia formata da Yassin Bouih e Laura Pellicoro. I due azzurri hanno dimostrato margine e capacit\u00e0, riuscendo a precedere la fortissima coppia spagnola composta da Ignacio Fontes e Lorena Mart\u00edn. Sul terzo gradino del podio Giulia Macchi e Simone Valduga.<\/p>\n<p>A chiudere il programma agonistico \u00e8 stato, come da tradizione, il Giro delle Mura Elite, gara regina della manifestazione. A conquistare la vittoria in 26\u2019 e 10\u201d \u00e8 stato Abderrazak Gasmi, capace di precedere Abraham Carson Gotti e il keniano Jacob Kipkorir Kosgei. Una sfida di assoluto livello che ha confermato anche quest&#8217;anno la vocazione internazionale della manifestazione feltrina, capace di portare attorno alle proprie mura alcuni tra i protagonisti pi\u00f9 interessanti della scena podistica.<\/p>\n<p>Grande interesse ha suscitato anche la prova inserita nel programma del Campionato Europeo dei Vigili del Fuoco, giunto alla sua 25esima edizione, dove ancora una volta sono stati i colori della Polonia a salire sul gradino pi\u00f9 alto del podio. La vittoria \u00e8 andata a Rafa\u0142 Smolinski, davanti a un altro connazionale e all\u2019italiano Riccardo Sterni.<\/p>\n<p>Nel Giro delle Mura Amatori, valido quest&#8217;anno anche come Campionato Regionale FIDAL sulla distanza dei 10 chilometri, il successo \u00e8 andato a Giacomo Esposito dell&#8217;Atletica San Biagio; al femminile si \u00e8 imposta invece la giovane portacolori del Toscana atletica Empoli Giulia Bernini.<\/p>\n<p>Tra i momenti pi\u00f9 partecipati e calorosi della serata, ancora una volta, il Miglio dei Comuni, appuntamento che ha portato sulle strade del centro storico i giovani atleti del Feltrino e della Valbelluna, insieme ai rappresentanti di Primiero e a una delegazione proveniente dall&#8217;Ungheria. Protagonisti i ragazzi delle annate 2012, 2013 e 2014, accolti da un pubblico particolarmente caloroso. A mettersi in particolar evidenza, sia la maschile che al femminile, \u00e8 stato Borgo Valbelluna, al termine di una sfida vissuta all&#8217;insegna dell&#8217;entusiasmo e del divertimento.<\/p>\n<p>Tra gli ospiti pi\u00f9 attesi della serata c&#8217;era anche Pietro Riva, vicecampione europeo della maratona ai recenti Giochi di Birmingham. L&#8217;atleta non ha purtroppo potuto prendere parte alla competizione a causa di un risentimento muscolare, ma la sua presenza ha comunque rappresentato uno dei momenti pi\u00f9 significativi della manifestazione. Riva ha espresso grande soddisfazione per l&#8217;evento, complimentandosi con gli organizzatori per la qualit\u00e0 della manifestazione e sottolineando il clima straordinario che si respira a Feltre durante il Giro delle Mura. Un rapporto con la citt\u00e0 che affonda le radici anche nel passato, visto che l&#8217;atleta aveva gi\u00e0 corso a Feltre alcuni anni fa. E proprio da Feltre \u00e8 arrivata la promessa di un ritorno: l&#8217;obiettivo \u00e8 tornare quanto prima a correre il Giro delle Mura.<\/p>\n<p>Il bilancio della 37\u00aa edizione va per\u00f2 ben oltre i risultati delle singole gare. La serata ha confermato ancora una volta come il Giro delle Mura sia diventato un appuntamento capace di coinvolgere l&#8217;intera citt\u00e0 e il territorio circostante.<br \/>\n\u201cSiamo estremamente soddisfatti \u2013 \u00e8 il commento dell&#8217;Associazione Giro delle Mura Citt\u00e0 di Feltre \u2013 perch\u00e9 questa 37\u00aa edizione ha superato ogni nostra aspettativa. I numeri ci hanno consegnato un nuovo record di partecipazione e, soprattutto, abbiamo visto una citt\u00e0 sempre pi\u00f9 coinvolta, con il centro storico progressivamente riempito da atleti, famiglie, appassionati e spettatori. \u00c8 questa, forse, la soddisfazione pi\u00f9 grande\u201d.<br \/>\n\u201cIl Giro delle Mura \u2013 prosegue l&#8217;associazione per voce del suo presidente Diego Da Col \u2013 si \u00e8 dimostrato ancora una volta un punto di riferimento non soltanto sul piano sportivo, ma anche per l&#8217;animazione sociale e culturale della citt\u00e0 e dell&#8217;intero comprensorio. Dietro questo risultato ci sono il lavoro di mesi, la collaborazione di istituzioni, associazioni, volontari, partner e di tutte le persone che rendono possibile questa manifestazione. A tutti loro va il nostro ringraziamento\u201d.<\/p>\n<p>classifiche complete:\u00a0 \u00a0 \u00a0<a href=\"https:\/\/my.raceresult.com\/400828\/results\">https:\/\/my.raceresult.com\/400828\/results<\/a><\/p>","protected":false},"excerpt":{"rendered":"<p>Feltre, 30\/08\/2026 &#8211; Cala il sipario sulla 37\u00aa edizione del Giro delle Mura Citt\u00e0 di Feltre, ma resta forte la sensazione di aver vissuto una delle edizioni pi\u00f9 riuscite e partecipate di sempre. Sabato sera la citt\u00e0 murata si \u00e8 trasformata ancora una volta in un grande palcoscenico dello sport, con un susseguirsi incessante di [&hellip;]<\/p>\n","protected":false},"author":2,"featured_media":172995,"comment_status":"closed","ping_status":"open","sticky":false,"template":"","format":"standard","meta":{"footnotes":""},"categories":[25,4],"tags":[],"class_list":["post-172994","post","type-post","status-publish","format-standard","has-post-thumbnail","category-pausa-caffe","category-sport"],"yoast_head":"<!-- This site is optimized with the Yoast SEO plugin v28.4 - https:\/\/yoast.com\/product\/yoast-seo-wordpress\/ -->\n<title>Giro delle Mura di Feltre. Il bilancio della 37ma edizione - Bellunopress - Dolomiti<\/title>\n<meta name=\"robots\" content=\"index, follow, max-snippet:-1, max-image-preview:large, max-video-preview:-1\" \/>\n<link rel=\"canonical\" href=\"https:\/\/www.bellunopress.it\/fr\/2026\/08\/30\/giro-delle-mura-di-feltre-il-bilancio-della-37ma-edizione\/\" \/>\n<meta property=\"og:locale\" content=\"fr_FR\" \/>\n<meta property=\"og:type\" content=\"article\" \/>\n<meta property=\"og:title\" content=\"Giro delle Mura di Feltre. Il bilancio della 37ma edizione - Bellunopress - Dolomiti\" \/>\n<meta property=\"og:description\" content=\"Feltre, 30\/08\/2026 &#8211; Cala il sipario sulla 37\u00aa edizione del Giro delle Mura Citt\u00e0 di Feltre, ma resta forte la sensazione di aver vissuto una delle edizioni pi\u00f9 riuscite e partecipate di sempre. Sabato sera la citt\u00e0 murata si \u00e8 trasformata ancora una volta in un grande palcoscenico dello sport, con un susseguirsi incessante di [&hellip;]\" \/>\n<meta property=\"og:url\" content=\"https:\/\/www.bellunopress.it\/fr\/2026\/08\/30\/giro-delle-mura-di-feltre-il-bilancio-della-37ma-edizione\/\" \/>\n<meta property=\"og:site_name\" content=\"Bellunopress - Dolomiti\" \/>\n<meta property=\"article:publisher\" content=\"https:\/\/www.facebook.com\/profile.php?id=100008943462799\" \/>\n<meta property=\"article:published_time\" content=\"2026-08-30T08:04:45+00:00\" \/>\n<meta property=\"article:modified_time\" content=\"2026-08-30T08:05:46+00:00\" \/>\n<meta property=\"og:image\" content=\"https:\/\/www.bellunopress.it\/wp-content\/uploads\/2026\/08\/Giro-delle-Mura-Feltre-37ma-ediz-2026.jpg\" \/>\n\t<meta property=\"og:image:width\" content=\"561\" \/>\n\t<meta property=\"og:image:height\" content=\"327\" \/>\n\t<meta property=\"og:image:type\" content=\"image\/jpeg\" \/>\n<meta name=\"author\" content=\"redazione\" \/>\n<meta name=\"twitter:card\" content=\"summary_large_image\" \/>\n<meta name=\"twitter:creator\" content=\"@bellunopress\" \/>\n<meta name=\"twitter:site\" content=\"@bellunopress\" \/>\n<meta name=\"twitter:label1\" content=\"Written by\" \/>\n\t<meta name=\"twitter:data1\" content=\"redazione\" \/>\n\t<meta name=\"twitter:label2\" content=\"Est. reading time\" \/>\n\t<meta name=\"twitter:data2\" content=\"5 minutes\" \/>\n<script type=\"application\/ld+json\" class=\"yoast-schema-graph\">{\"@context\":\"https:\\\/\\\/schema.org\",\"@graph\":[{\"@type\":\"Article\",\"@id\":\"https:\\\/\\\/www.bellunopress.it\\\/2026\\\/08\\\/30\\\/giro-delle-mura-di-feltre-il-bilancio-della-37ma-edizione\\\/#article\",\"isPartOf\":{\"@id\":\"https:\\\/\\\/www.bellunopress.it\\\/2026\\\/08\\\/30\\\/giro-delle-mura-di-feltre-il-bilancio-della-37ma-edizione\\\/\"},\"author\":{\"name\":\"redazione\",\"@id\":\"https:\\\/\\\/www.bellunopress.it\\\/#\\\/schema\\\/person\\\/79bb06722b37ece1c03d3e94beb30d73\"},\"headline\":\"Giro delle Mura di Feltre. Il bilancio della 37ma edizione\",\"datePublished\":\"2026-08-30T08:04:45+00:00\",\"dateModified\":\"2026-08-30T08:05:46+00:00\",\"mainEntityOfPage\":{\"@id\":\"https:\\\/\\\/www.bellunopress.it\\\/2026\\\/08\\\/30\\\/giro-delle-mura-di-feltre-il-bilancio-della-37ma-edizione\\\/\"},\"wordCount\":732,\"publisher\":{\"@id\":\"https:\\\/\\\/www.bellunopress.it\\\/#organization\"},\"image\":{\"@id\":\"https:\\\/\\\/www.bellunopress.it\\\/2026\\\/08\\\/30\\\/giro-delle-mura-di-feltre-il-bilancio-della-37ma-edizione\\\/#primaryimage\"},\"thumbnailUrl\":\"https:\\\/\\\/www.bellunopress.it\\\/wp-content\\\/uploads\\\/2026\\\/08\\\/Giro-delle-Mura-Feltre-37ma-ediz-2026.jpg\",\"articleSection\":[\"Pausa Caff\u00e8\",\"Sport, tempo libero\"],\"inLanguage\":\"fr-FR\"},{\"@type\":\"WebPage\",\"@id\":\"https:\\\/\\\/www.bellunopress.it\\\/2026\\\/08\\\/30\\\/giro-delle-mura-di-feltre-il-bilancio-della-37ma-edizione\\\/\",\"url\":\"https:\\\/\\\/www.bellunopress.it\\\/2026\\\/08\\\/30\\\/giro-delle-mura-di-feltre-il-bilancio-della-37ma-edizione\\\/\",\"name\":\"Giro delle Mura di Feltre. Il bilancio della 37ma edizione - Bellunopress - Dolomiti\",\"isPartOf\":{\"@id\":\"https:\\\/\\\/www.bellunopress.it\\\/#website\"},\"primaryImageOfPage\":{\"@id\":\"https:\\\/\\\/www.bellunopress.it\\\/2026\\\/08\\\/30\\\/giro-delle-mura-di-feltre-il-bilancio-della-37ma-edizione\\\/#primaryimage\"},\"image\":{\"@id\":\"https:\\\/\\\/www.bellunopress.it\\\/2026\\\/08\\\/30\\\/giro-delle-mura-di-feltre-il-bilancio-della-37ma-edizione\\\/#primaryimage\"},\"thumbnailUrl\":\"https:\\\/\\\/www.bellunopress.it\\\/wp-content\\\/uploads\\\/2026\\\/08\\\/Giro-delle-Mura-Feltre-37ma-ediz-2026.jpg\",\"datePublished\":\"2026-08-30T08:04:45+00:00\",\"dateModified\":\"2026-08-30T08:05:46+00:00\",\"breadcrumb\":{\"@id\":\"https:\\\/\\\/www.bellunopress.it\\\/2026\\\/08\\\/30\\\/giro-delle-mura-di-feltre-il-bilancio-della-37ma-edizione\\\/#breadcrumb\"},\"inLanguage\":\"fr-FR\",\"potentialAction\":[{\"@type\":\"ReadAction\",\"target\":[\"https:\\\/\\\/www.bellunopress.it\\\/2026\\\/08\\\/30\\\/giro-delle-mura-di-feltre-il-bilancio-della-37ma-edizione\\\/\"]}]},{\"@type\":\"ImageObject\",\"inLanguage\":\"fr-FR\",\"@id\":\"https:\\\/\\\/www.bellunopress.it\\\/2026\\\/08\\\/30\\\/giro-delle-mura-di-feltre-il-bilancio-della-37ma-edizione\\\/#primaryimage\",\"url\":\"https:\\\/\\\/www.bellunopress.it\\\/wp-content\\\/uploads\\\/2026\\\/08\\\/Giro-delle-Mura-Feltre-37ma-ediz-2026.jpg\",\"contentUrl\":\"https:\\\/\\\/www.bellunopress.it\\\/wp-content\\\/uploads\\\/2026\\\/08\\\/Giro-delle-Mura-Feltre-37ma-ediz-2026.jpg\",\"width\":561,\"height\":327},{\"@type\":\"BreadcrumbList\",\"@id\":\"https:\\\/\\\/www.bellunopress.it\\\/2026\\\/08\\\/30\\\/giro-delle-mura-di-feltre-il-bilancio-della-37ma-edizione\\\/#breadcrumb\",\"itemListElement\":[{\"@type\":\"ListItem\",\"position\":1,\"name\":\"Home\",\"item\":\"https:\\\/\\\/www.bellunopress.it\\\/\"},{\"@type\":\"ListItem\",\"position\":2,\"name\":\"Giro delle Mura di Feltre. Il bilancio della 37ma edizione\"}]},{\"@type\":\"WebSite\",\"@id\":\"https:\\\/\\\/www.bellunopress.it\\\/#website\",\"url\":\"https:\\\/\\\/www.bellunopress.it\\\/\",\"name\":\"Bellunopress - Dolomiti\",\"description\":\"e-mail: redazione@bellunopress.it\",\"publisher\":{\"@id\":\"https:\\\/\\\/www.bellunopress.it\\\/#organization\"},\"potentialAction\":[{\"@type\":\"SearchAction\",\"target\":{\"@type\":\"EntryPoint\",\"urlTemplate\":\"https:\\\/\\\/www.bellunopress.it\\\/?s={search_term_string}\"},\"query-input\":{\"@type\":\"PropertyValueSpecification\",\"valueRequired\":true,\"valueName\":\"search_term_string\"}}],\"inLanguage\":\"fr-FR\"},{\"@type\":\"Organization\",\"@id\":\"https:\\\/\\\/www.bellunopress.it\\\/#organization\",\"name\":\"Bellunopress\",\"url\":\"https:\\\/\\\/www.bellunopress.it\\\/\",\"logo\":{\"@type\":\"ImageObject\",\"inLanguage\":\"fr-FR\",\"@id\":\"https:\\\/\\\/www.bellunopress.it\\\/#\\\/schema\\\/logo\\\/image\\\/\",\"url\":\"https:\\\/\\\/www.bellunopress.it\\\/wp-content\\\/uploads\\\/2011\\\/05\\\/cropped-logo-bellunopress-.jpg\",\"contentUrl\":\"https:\\\/\\\/www.bellunopress.it\\\/wp-content\\\/uploads\\\/2011\\\/05\\\/cropped-logo-bellunopress-.jpg\",\"width\":512,\"height\":512,\"caption\":\"Bellunopress\"},\"image\":{\"@id\":\"https:\\\/\\\/www.bellunopress.it\\\/#\\\/schema\\\/logo\\\/image\\\/\"},\"sameAs\":[\"https:\\\/\\\/www.facebook.com\\\/profile.php?id=100008943462799\",\"https:\\\/\\\/x.com\\\/bellunopress\",\"https:\\\/\\\/www.linkedin.com\\\/hp\\\/?dnr=JBzUWaJfMUw8vbXJJ2tVW5-I3jZKvC4wsoxE&amp;amp;amp;amp;amp;amp;trk=nav_responsive_tab_home\",\"https:\\\/\\\/www.youtube.com\\\/channel\\\/UCxL0wu1uN0_3_7hGG0306cw\"]},{\"@type\":\"Person\",\"@id\":\"https:\\\/\\\/www.bellunopress.it\\\/#\\\/schema\\\/person\\\/79bb06722b37ece1c03d3e94beb30d73\",\"name\":\"redazione\",\"image\":{\"@type\":\"ImageObject\",\"inLanguage\":\"fr-FR\",\"@id\":\"https:\\\/\\\/secure.gravatar.com\\\/avatar\\\/37d968a2e67a6fd04c169c4bdef102d0bc5d31b2546345219e348575eb80e9a0?s=96&d=mm&r=g\",\"url\":\"https:\\\/\\\/secure.gravatar.com\\\/avatar\\\/37d968a2e67a6fd04c169c4bdef102d0bc5d31b2546345219e348575eb80e9a0?s=96&d=mm&r=g\",\"contentUrl\":\"https:\\\/\\\/secure.gravatar.com\\\/avatar\\\/37d968a2e67a6fd04c169c4bdef102d0bc5d31b2546345219e348575eb80e9a0?s=96&d=mm&r=g\",\"caption\":\"redazione\"},\"sameAs\":[\"http:\\\/\\\/www.bellunopress.it\",\"https:\\\/\\\/x.com\\\/bellunopress\"],\"url\":\"https:\\\/\\\/www.bellunopress.it\\\/fr\\\/author\\\/redazione\\\/\"}]}<\/script>\n<!-- \/ Yoast SEO plugin. -->","yoast_head_json":{"title":"Giro delle Mura di Feltre. Il bilancio della 37ma edizione - Bellunopress - Dolomiti","robots":{"index":"index","follow":"follow","max-snippet":"max-snippet:-1","max-image-preview":"max-image-preview:large","max-video-preview":"max-video-preview:-1"},"canonical":"https:\/\/www.bellunopress.it\/fr\/2026\/08\/30\/giro-delle-mura-di-feltre-il-bilancio-della-37ma-edizione\/","og_locale":"fr_FR","og_type":"article","og_title":"Giro delle Mura di Feltre. Il bilancio della 37ma edizione - Bellunopress - Dolomiti","og_description":"Feltre, 30\/08\/2026 &#8211; Cala il sipario sulla 37\u00aa edizione del Giro delle Mura Citt\u00e0 di Feltre, ma resta forte la sensazione di aver vissuto una delle edizioni pi\u00f9 riuscite e partecipate di sempre. Sabato sera la citt\u00e0 murata si \u00e8 trasformata ancora una volta in un grande palcoscenico dello sport, con un susseguirsi incessante di [&hellip;]","og_url":"https:\/\/www.bellunopress.it\/fr\/2026\/08\/30\/giro-delle-mura-di-feltre-il-bilancio-della-37ma-edizione\/","og_site_name":"Bellunopress - Dolomiti","article_publisher":"https:\/\/www.facebook.com\/profile.php?id=100008943462799","article_published_time":"2026-08-30T08:04:45+00:00","article_modified_time":"2026-08-30T08:05:46+00:00","og_image":[{"width":561,"height":327,"url":"https:\/\/www.bellunopress.it\/wp-content\/uploads\/2026\/08\/Giro-delle-Mura-Feltre-37ma-ediz-2026.jpg","type":"image\/jpeg"}],"author":"redazione","twitter_card":"summary_large_image","twitter_creator":"@bellunopress","twitter_site":"@bellunopress","twitter_misc":{"Written by":"redazione","Est. reading time":"5 minutes"},"schema":{"@context":"https:\/\/schema.org","@graph":[{"@type":"Article","@id":"https:\/\/www.bellunopress.it\/2026\/08\/30\/giro-delle-mura-di-feltre-il-bilancio-della-37ma-edizione\/#article","isPartOf":{"@id":"https:\/\/www.bellunopress.it\/2026\/08\/30\/giro-delle-mura-di-feltre-il-bilancio-della-37ma-edizione\/"},"author":{"name":"redazione","@id":"https:\/\/www.bellunopress.it\/#\/schema\/person\/79bb06722b37ece1c03d3e94beb30d73"},"headline":"Giro delle Mura di Feltre. Il bilancio della 37ma edizione","datePublished":"2026-08-30T08:04:45+00:00","dateModified":"2026-08-30T08:05:46+00:00","mainEntityOfPage":{"@id":"https:\/\/www.bellunopress.it\/2026\/08\/30\/giro-delle-mura-di-feltre-il-bilancio-della-37ma-edizione\/"},"wordCount":732,"publisher":{"@id":"https:\/\/www.bellunopress.it\/#organization"},"image":{"@id":"https:\/\/www.bellunopress.it\/2026\/08\/30\/giro-delle-mura-di-feltre-il-bilancio-della-37ma-edizione\/#primaryimage"},"thumbnailUrl":"https:\/\/www.bellunopress.it\/wp-content\/uploads\/2026\/08\/Giro-delle-Mura-Feltre-37ma-ediz-2026.jpg","articleSection":["Pausa Caff\u00e8","Sport, tempo libero"],"inLanguage":"fr-FR"},{"@type":"WebPage","@id":"https:\/\/www.bellunopress.it\/2026\/08\/30\/giro-delle-mura-di-feltre-il-bilancio-della-37ma-edizione\/","url":"https:\/\/www.bellunopress.it\/2026\/08\/30\/giro-delle-mura-di-feltre-il-bilancio-della-37ma-edizione\/","name":"Giro delle Mura di Feltre. Il bilancio della 37ma edizione - Bellunopress - Dolomiti","isPartOf":{"@id":"https:\/\/www.bellunopress.it\/#website"},"primaryImageOfPage":{"@id":"https:\/\/www.bellunopress.it\/2026\/08\/30\/giro-delle-mura-di-feltre-il-bilancio-della-37ma-edizione\/#primaryimage"},"image":{"@id":"https:\/\/www.bellunopress.it\/2026\/08\/30\/giro-delle-mura-di-feltre-il-bilancio-della-37ma-edizione\/#primaryimage"},"thumbnailUrl":"https:\/\/www.bellunopress.it\/wp-content\/uploads\/2026\/08\/Giro-delle-Mura-Feltre-37ma-ediz-2026.jpg","datePublished":"2026-08-30T08:04:45+00:00","dateModified":"2026-08-30T08:05:46+00:00","breadcrumb":{"@id":"https:\/\/www.bellunopress.it\/2026\/08\/30\/giro-delle-mura-di-feltre-il-bilancio-della-37ma-edizione\/#breadcrumb"},"inLanguage":"fr-FR","potentialAction":[{"@type":"ReadAction","target":["https:\/\/www.bellunopress.it\/2026\/08\/30\/giro-delle-mura-di-feltre-il-bilancio-della-37ma-edizione\/"]}]},{"@type":"ImageObject","inLanguage":"fr-FR","@id":"https:\/\/www.bellunopress.it\/2026\/08\/30\/giro-delle-mura-di-feltre-il-bilancio-della-37ma-edizione\/#primaryimage","url":"https:\/\/www.bellunopress.it\/wp-content\/uploads\/2026\/08\/Giro-delle-Mura-Feltre-37ma-ediz-2026.jpg","contentUrl":"https:\/\/www.bellunopress.it\/wp-content\/uploads\/2026\/08\/Giro-delle-Mura-Feltre-37ma-ediz-2026.jpg","width":561,"height":327},{"@type":"BreadcrumbList","@id":"https:\/\/www.bellunopress.it\/2026\/08\/30\/giro-delle-mura-di-feltre-il-bilancio-della-37ma-edizione\/#breadcrumb","itemListElement":[{"@type":"ListItem","position":1,"name":"Home","item":"https:\/\/www.bellunopress.it\/"},{"@type":"ListItem","position":2,"name":"Giro delle Mura di Feltre. Il bilancio della 37ma edizione"}]},{"@type":"WebSite","@id":"https:\/\/www.bellunopress.it\/#website","url":"https:\/\/www.bellunopress.it\/","name":"Bellunopress - Dolomiti","description":"e-mail: redazione@bellunopress.it","publisher":{"@id":"https:\/\/www.bellunopress.it\/#organization"},"potentialAction":[{"@type":"SearchAction","target":{"@type":"EntryPoint","urlTemplate":"https:\/\/www.bellunopress.it\/?s={search_term_string}"},"query-input":{"@type":"PropertyValueSpecification","valueRequired":true,"valueName":"search_term_string"}}],"inLanguage":"fr-FR"},{"@type":"Organization","@id":"https:\/\/www.bellunopress.it\/#organization","name":"Bellunopress","url":"https:\/\/www.bellunopress.it\/","logo":{"@type":"ImageObject","inLanguage":"fr-FR","@id":"https:\/\/www.bellunopress.it\/#\/schema\/logo\/image\/","url":"https:\/\/www.bellunopress.it\/wp-content\/uploads\/2011\/05\/cropped-logo-bellunopress-.jpg","contentUrl":"https:\/\/www.bellunopress.it\/wp-content\/uploads\/2011\/05\/cropped-logo-bellunopress-.jpg","width":512,"height":512,"caption":"Bellunopress"},"image":{"@id":"https:\/\/www.bellunopress.it\/#\/schema\/logo\/image\/"},"sameAs":["https:\/\/www.facebook.com\/profile.php?id=100008943462799","https:\/\/x.com\/bellunopress","https:\/\/www.linkedin.com\/hp\/?dnr=JBzUWaJfMUw8vbXJJ2tVW5-I3jZKvC4wsoxE&amp;amp;amp;amp;amp;amp;trk=nav_responsive_tab_home","https:\/\/www.youtube.com\/channel\/UCxL0wu1uN0_3_7hGG0306cw"]},{"@type":"Person","@id":"https:\/\/www.bellunopress.it\/#\/schema\/person\/79bb06722b37ece1c03d3e94beb30d73","name":"r\u00e9daction","image":{"@type":"ImageObject","inLanguage":"fr-FR","@id":"https:\/\/secure.gravatar.com\/avatar\/37d968a2e67a6fd04c169c4bdef102d0bc5d31b2546345219e348575eb80e9a0?s=96&d=mm&r=g","url":"https:\/\/secure.gravatar.com\/avatar\/37d968a2e67a6fd04c169c4bdef102d0bc5d31b2546345219e348575eb80e9a0?s=96&d=mm&r=g","contentUrl":"https:\/\/secure.gravatar.com\/avatar\/37d968a2e67a6fd04c169c4bdef102d0bc5d31b2546345219e348575eb80e9a0?s=96&d=mm&r=g","caption":"redazione"},"sameAs":["http:\/\/www.bellunopress.it","https:\/\/x.com\/bellunopress"],"url":"https:\/\/www.bellunopress.it\/fr\/author\/redazione\/"}]}},"_links":{"self":[{"href":"https:\/\/www.bellunopress.it\/fr\/wp-json\/wp\/v2\/posts\/172994","targetHints":{"allow":["GET"]}}],"collection":[{"href":"https:\/\/www.bellunopress.it\/fr\/wp-json\/wp\/v2\/posts"}],"about":[{"href":"https:\/\/www.bellunopress.it\/fr\/wp-json\/wp\/v2\/types\/post"}],"author":[{"embeddable":true,"href":"https:\/\/www.bellunopress.it\/fr\/wp-json\/wp\/v2\/users\/2"}],"replies":[{"embeddable":true,"href":"https:\/\/www.bellunopress.it\/fr\/wp-json\/wp\/v2\/comments?post=172994"}],"version-history":[{"count":2,"href":"https:\/\/www.bellunopress.it\/fr\/wp-json\/wp\/v2\/posts\/172994\/revisions"}],"predecessor-version":[{"id":172997,"href":"https:\/\/www.bellunopress.it\/fr\/wp-json\/wp\/v2\/posts\/172994\/revisions\/172997"}],"wp:featuredmedia":[{"embeddable":true,"href":"https:\/\/www.bellunopress.it\/fr\/wp-json\/wp\/v2\/media\/172995"}],"wp:attachment":[{"href":"https:\/\/www.bellunopress.it\/fr\/wp-json\/wp\/v2\/media?parent=172994"}],"wp:term":[{"taxonomy":"category","embeddable":true,"href":"https:\/\/www.bellunopress.it\/fr\/wp-json\/wp\/v2\/categories?post=172994"},{"taxonomy":"post_tag","embeddable":true,"href":"https:\/\/www.bellunopress.it\/fr\/wp-json\/wp\/v2\/tags?post=172994"}],"curies":[{"name":"wp","href":"https:\/\/api.w.org\/{rel}","templated":true}]}}