{"id":172991,"date":"2026-08-30T09:56:32","date_gmt":"2026-08-30T07:56:32","guid":{"rendered":"https:\/\/www.bellunopress.it\/?p=172991"},"modified":"2026-08-30T09:56:32","modified_gmt":"2026-08-30T07:56:32","slug":"mindfulness-weekend-successo-a-cortina-per-la-5a-edizione-della-manifestazione","status":"publish","type":"post","link":"https:\/\/www.bellunopress.it\/fr\/2026\/08\/30\/mindfulness-weekend-successo-a-cortina-per-la-5a-edizione-della-manifestazione\/","title":{"rendered":"Week-end de pleine conscience. Succ\u00e8s \u00e0 Cortina pour la 5e \u00e9dition de la manifestation"},"content":{"rendered":"<p>Benessere interiore, digital detox e self \u2013 compassion protagonisti nella Conca durante la quinta edizione del weekend dedicato alla Mindfulness promosso dall\u2019Associazione degli Albergatori. Con Lorenza Guidotti e Lara Pelagotti a guidare meditazioni e pratiche.<\/p>\n<p>Da Regina delle Dolomiti a capitale del benessere interiore. Il 28 e 29 agosto a Cortina si \u00e8 rinnovato l\u2019appuntamento con la meditazione di consapevolezza (Mindfulness).<br \/>\nLa Conca Ampezzana ha infatti ospitato la quinta edizione del Cortina Mindfulness Weekend, iniziativa promossa dall\u2019Associazione Albergatori di Cortina e inserita, per il secondo anno consecutivo, all\u2019interno del programma di Cortina in Wellness, kermesse coordinata da Wellness Foundation con Technogym come Official Training Partner.<br \/>\nQuattro incontri, all\u2019interno di alcune delle strutture ricettive pi\u00f9 rappresentative della destinazione (Hotel Ancora, Rosapetra Spa Resort, Hotel de la Poste e il nuovissimo Casa Guargn\u00e9), per approfondire una pratica sempre pi\u00f9 apprezzata e diffusa; due le professioniste che hanno guidato i partecipanti in un vero e proprio viaggio alla riscoperta di se stessi tra momenti teorici e pratiche guidate immersi nell\u2019incantevole scenario delle Dolomiti patrimonio UNESCO.<\/p>\n<p>Lorenza Guidotti, giornalista, gi\u00e0 firma di Starbene, podcaster, blogger e istruttrice di Mindfulness, si \u00e8 soffermata sul valore della mindfulness quale strumento utile per affrontare e gestire al meglio alcune delle problematiche figlie della societ\u00e0 odierna, iper connessa e preda di pensieri intrusivi. In particolare, ha toccato il tema attualissimo delle dipendenze digitali e dei suoi effetti sull\u2019individuo in termini biochimici, fisici e relazionali, tra disturbi del sonno, frammentazione dell\u2019attenzione, pigrizia cognitiva e nuove inquietanti sindromi &#8211; dalla Nomofobia (ansia di essere disconnessi) al Fomo (fear of missing out &#8211; paura di restare tagliati fuori) \u2013 che colpiscono soprattutto gli adolescenti. In uno scenario in cui in Italia \u2013 dati Istat alla mano \u2013 l\u201983,1% della popolazione sopra i sei anni trascorre pi\u00f9 di sei ore al giorno in rete e 2,5 ore sui social media, la mindfulness pu\u00f2 fungere da supporto per la regolazione emotiva in quanto \u00e8 stato dimostrato che riduce l\u2019attivit\u00e0 dell\u2019amigdala, migliora la connettivit\u00e0 cerebrale e favorisce l\u2019utilizzo consapevole della tecnologia contribuendo a creare momenti \u201csenza schermi\u201d, con pause consapevoli. La Guidotti ha anche parlato del rapporto privilegiato tra mindfulness e turismo, chiarendo come secondo il Global Wellness Institute il comparto del wellness tourism ad oggi nel nostro paese valga 20 miliardi di dollari all\u2019anno e come dunque l\u2019introduzione di pratiche meditative nella proposta alberghiera possa rappresentare un plus, considerando anche che, secondo recenti studi, sempre pi\u00f9 viaggiatori vanno alla ricerca di esperienze di benessere di qualit\u00e0 e sono disposti a pagare fino al 150% in pi\u00f9 per averle. Del resto \u00abIl vero lusso \u2013 ha precisato \u2013 al giorno d\u2019oggi \u00e8 nel silenzio, nella disconnessione e nell\u2019avere a disposizione percorsi personalizzati dedicati al benessere e al rilassamento profondo come la mindfulness\u00bb<br \/>\nParticolarmente apprezzata \u00e8 stata infine la pratica dedicata al mindful-eating, branca della mindfulness che si sta diffondendo ultimamente e che si propone di far riscoprire il piacere autentico di stare a tavola e di gustare il cibo senza distrazioni.<\/p>\n<p>Pi\u00f9 rivolti alla sfera individuale i contributi affidati a Lara Pelagotti, psicologa, psicoterapeuta, creator digitale specializzata in psico-divulgazione, autrice di vari volumi di auto-aiuto, speaker e collaboratrice di aziende, universit\u00e0 e brand nel settore del benessere psicologico, della salute mentale e della comunicazione. I suoi interventi si sono concentrati soprattutto alla self-compassion, finalizzata a insegnare la generosit\u00e0 verso noi stessi, non nel senso di indulgenza o autocommiserazione, ma intesa come attenzione e cura, la stessa che rivolgiamo alle persone che amiamo e che invece spesso facciamo fatica ad applicare nei nostri confronti. Tra meditazioni all\u2019aria aperta e intensi momenti di condivisione, Pelagotti ha ricordato come l\u2019attivazione di questi meccanismi di auto protezione influisca positivamente sull\u2019umore e sui livelli di ansia e stress, specialmente nel contesto della societ\u00e0 occidentale estremamente votata al raggiungimento costante di obiettivi. A tal proposito ha suggerito piccoli semplici accorgimenti che ciascuno pu\u00f2 adottare nel quotidiano, dall\u2019adozione di pratiche di mindfulness informali, all\u2019abitudine di cambiare il tono di voce che usiamo quando parliamo con noi stessi. Perch\u00e9, ha precisato, \u00abse \u00e8 vero che parte del lavoro \u00e8 imparare a stare con le emozioni difficili, \u00e8 vero anche che per una buona salute mentale, \u00e8 fondamentale avere sempre con s\u00e9 una valigia colma di strategie di autocura. E pi\u00f9 ne abbiamo, meglio \u00e8\u00bb.<\/p>\n<p>\u00abAnche questa quinta edizione del mindfulness weekend \u00e8 stata un successo. &#8211; Ha commentato Sandra Ruatti, presidente dell\u2019Associazione degli Albergatori di Cortina &#8211; In un momento storico in cui gli ospiti sempre di pi\u00f9 cercano esperienze turistiche orientate anche al wellness, crediamo sia importante che gli operatori del settore recepiscano questa esigenza e imparino a dialogare con determinate discipline, provando a integrarle nella propria offerta proprio al fine di regalare al turista una proposta completa e soddisfacente. In montagna puoi rigenerarti, ricaricare le batterie e da sempre questi sono luoghi che ispirano relax, dove anche il benessere interiore, oltre a quello fisico, \u00e8 e deve continuare a essere protagonista. Ringraziamo pertanto le due professioniste che hanno contribuito ad arricchire questa iniziativa, molto apprezzata da tutti i partecipanti, e ci auguriamo di poter continuare a promuovere simili progetti anche in futuro, certi che rappresentino un valore aggiunto per la nostra destinazione\u00bb.<\/p>","protected":false},"excerpt":{"rendered":"<p>Benessere interiore, digital detox e self \u2013 compassion protagonisti nella Conca durante la quinta edizione del weekend dedicato alla Mindfulness promosso dall\u2019Associazione degli Albergatori. Con Lorenza Guidotti e Lara Pelagotti a guidare meditazioni e pratiche. Da Regina delle Dolomiti a capitale del benessere interiore. Il 28 e 29 agosto a Cortina si \u00e8 rinnovato l\u2019appuntamento [&hellip;]<\/p>\n","protected":false},"author":2,"featured_media":172992,"comment_status":"closed","ping_status":"open","sticky":false,"template":"","format":"standard","meta":{"footnotes":""},"categories":[25,4],"tags":[],"class_list":["post-172991","post","type-post","status-publish","format-standard","has-post-thumbnail","category-pausa-caffe","category-sport"],"yoast_head":"<!-- This site is optimized with the Yoast SEO plugin v28.4 - https:\/\/yoast.com\/product\/yoast-seo-wordpress\/ -->\n<title>Mindfulness weekend. Successo a Cortina per la 5a edizione della manifestazione - Bellunopress - Dolomiti<\/title>\n<meta name=\"robots\" content=\"index, follow, max-snippet:-1, max-image-preview:large, max-video-preview:-1\" \/>\n<link rel=\"canonical\" href=\"https:\/\/www.bellunopress.it\/fr\/2026\/08\/30\/mindfulness-weekend-successo-a-cortina-per-la-5a-edizione-della-manifestazione\/\" \/>\n<meta property=\"og:locale\" content=\"fr_FR\" \/>\n<meta property=\"og:type\" content=\"article\" \/>\n<meta property=\"og:title\" content=\"Mindfulness weekend. Successo a Cortina per la 5a edizione della manifestazione - Bellunopress - Dolomiti\" \/>\n<meta property=\"og:description\" content=\"Benessere interiore, digital detox e self \u2013 compassion protagonisti nella Conca durante la quinta edizione del weekend dedicato alla Mindfulness promosso dall\u2019Associazione degli Albergatori. Con Lorenza Guidotti e Lara Pelagotti a guidare meditazioni e pratiche. Da Regina delle Dolomiti a capitale del benessere interiore. Il 28 e 29 agosto a Cortina si \u00e8 rinnovato l\u2019appuntamento [&hellip;]\" \/>\n<meta property=\"og:url\" content=\"https:\/\/www.bellunopress.it\/fr\/2026\/08\/30\/mindfulness-weekend-successo-a-cortina-per-la-5a-edizione-della-manifestazione\/\" \/>\n<meta property=\"og:site_name\" content=\"Bellunopress - Dolomiti\" \/>\n<meta property=\"article:publisher\" content=\"https:\/\/www.facebook.com\/profile.php?id=100008943462799\" \/>\n<meta property=\"article:published_time\" content=\"2026-08-30T07:56:32+00:00\" \/>\n<meta property=\"og:image\" content=\"https:\/\/www.bellunopress.it\/wp-content\/uploads\/2026\/08\/Mindfulness-weekend-Cortina.jpeg\" \/>\n\t<meta property=\"og:image:width\" content=\"600\" \/>\n\t<meta property=\"og:image:height\" content=\"449\" \/>\n\t<meta property=\"og:image:type\" content=\"image\/jpeg\" \/>\n<meta name=\"author\" content=\"redazione\" \/>\n<meta name=\"twitter:card\" content=\"summary_large_image\" \/>\n<meta name=\"twitter:creator\" content=\"@bellunopress\" \/>\n<meta name=\"twitter:site\" content=\"@bellunopress\" \/>\n<meta name=\"twitter:label1\" content=\"Written by\" \/>\n\t<meta name=\"twitter:data1\" content=\"redazione\" \/>\n\t<meta name=\"twitter:label2\" content=\"Est. reading time\" \/>\n\t<meta name=\"twitter:data2\" content=\"5 minutes\" \/>\n<script type=\"application\/ld+json\" class=\"yoast-schema-graph\">{\"@context\":\"https:\\\/\\\/schema.org\",\"@graph\":[{\"@type\":\"Article\",\"@id\":\"https:\\\/\\\/www.bellunopress.it\\\/2026\\\/08\\\/30\\\/mindfulness-weekend-successo-a-cortina-per-la-5a-edizione-della-manifestazione\\\/#article\",\"isPartOf\":{\"@id\":\"https:\\\/\\\/www.bellunopress.it\\\/2026\\\/08\\\/30\\\/mindfulness-weekend-successo-a-cortina-per-la-5a-edizione-della-manifestazione\\\/\"},\"author\":{\"name\":\"redazione\",\"@id\":\"https:\\\/\\\/www.bellunopress.it\\\/#\\\/schema\\\/person\\\/79bb06722b37ece1c03d3e94beb30d73\"},\"headline\":\"Mindfulness weekend. Successo a Cortina per la 5a edizione della manifestazione\",\"datePublished\":\"2026-08-30T07:56:32+00:00\",\"mainEntityOfPage\":{\"@id\":\"https:\\\/\\\/www.bellunopress.it\\\/2026\\\/08\\\/30\\\/mindfulness-weekend-successo-a-cortina-per-la-5a-edizione-della-manifestazione\\\/\"},\"wordCount\":871,\"publisher\":{\"@id\":\"https:\\\/\\\/www.bellunopress.it\\\/#organization\"},\"image\":{\"@id\":\"https:\\\/\\\/www.bellunopress.it\\\/2026\\\/08\\\/30\\\/mindfulness-weekend-successo-a-cortina-per-la-5a-edizione-della-manifestazione\\\/#primaryimage\"},\"thumbnailUrl\":\"https:\\\/\\\/www.bellunopress.it\\\/wp-content\\\/uploads\\\/2026\\\/08\\\/Mindfulness-weekend-Cortina.jpeg\",\"articleSection\":[\"Pausa Caff\u00e8\",\"Sport, tempo libero\"],\"inLanguage\":\"fr-FR\"},{\"@type\":\"WebPage\",\"@id\":\"https:\\\/\\\/www.bellunopress.it\\\/2026\\\/08\\\/30\\\/mindfulness-weekend-successo-a-cortina-per-la-5a-edizione-della-manifestazione\\\/\",\"url\":\"https:\\\/\\\/www.bellunopress.it\\\/2026\\\/08\\\/30\\\/mindfulness-weekend-successo-a-cortina-per-la-5a-edizione-della-manifestazione\\\/\",\"name\":\"Mindfulness weekend. Successo a Cortina per la 5a edizione della manifestazione - Bellunopress - Dolomiti\",\"isPartOf\":{\"@id\":\"https:\\\/\\\/www.bellunopress.it\\\/#website\"},\"primaryImageOfPage\":{\"@id\":\"https:\\\/\\\/www.bellunopress.it\\\/2026\\\/08\\\/30\\\/mindfulness-weekend-successo-a-cortina-per-la-5a-edizione-della-manifestazione\\\/#primaryimage\"},\"image\":{\"@id\":\"https:\\\/\\\/www.bellunopress.it\\\/2026\\\/08\\\/30\\\/mindfulness-weekend-successo-a-cortina-per-la-5a-edizione-della-manifestazione\\\/#primaryimage\"},\"thumbnailUrl\":\"https:\\\/\\\/www.bellunopress.it\\\/wp-content\\\/uploads\\\/2026\\\/08\\\/Mindfulness-weekend-Cortina.jpeg\",\"datePublished\":\"2026-08-30T07:56:32+00:00\",\"breadcrumb\":{\"@id\":\"https:\\\/\\\/www.bellunopress.it\\\/2026\\\/08\\\/30\\\/mindfulness-weekend-successo-a-cortina-per-la-5a-edizione-della-manifestazione\\\/#breadcrumb\"},\"inLanguage\":\"fr-FR\",\"potentialAction\":[{\"@type\":\"ReadAction\",\"target\":[\"https:\\\/\\\/www.bellunopress.it\\\/2026\\\/08\\\/30\\\/mindfulness-weekend-successo-a-cortina-per-la-5a-edizione-della-manifestazione\\\/\"]}]},{\"@type\":\"ImageObject\",\"inLanguage\":\"fr-FR\",\"@id\":\"https:\\\/\\\/www.bellunopress.it\\\/2026\\\/08\\\/30\\\/mindfulness-weekend-successo-a-cortina-per-la-5a-edizione-della-manifestazione\\\/#primaryimage\",\"url\":\"https:\\\/\\\/www.bellunopress.it\\\/wp-content\\\/uploads\\\/2026\\\/08\\\/Mindfulness-weekend-Cortina.jpeg\",\"contentUrl\":\"https:\\\/\\\/www.bellunopress.it\\\/wp-content\\\/uploads\\\/2026\\\/08\\\/Mindfulness-weekend-Cortina.jpeg\",\"width\":600,\"height\":449},{\"@type\":\"BreadcrumbList\",\"@id\":\"https:\\\/\\\/www.bellunopress.it\\\/2026\\\/08\\\/30\\\/mindfulness-weekend-successo-a-cortina-per-la-5a-edizione-della-manifestazione\\\/#breadcrumb\",\"itemListElement\":[{\"@type\":\"ListItem\",\"position\":1,\"name\":\"Home\",\"item\":\"https:\\\/\\\/www.bellunopress.it\\\/\"},{\"@type\":\"ListItem\",\"position\":2,\"name\":\"Mindfulness weekend. Successo a Cortina per la 5a edizione della manifestazione\"}]},{\"@type\":\"WebSite\",\"@id\":\"https:\\\/\\\/www.bellunopress.it\\\/#website\",\"url\":\"https:\\\/\\\/www.bellunopress.it\\\/\",\"name\":\"Bellunopress - Dolomiti\",\"description\":\"e-mail: redazione@bellunopress.it\",\"publisher\":{\"@id\":\"https:\\\/\\\/www.bellunopress.it\\\/#organization\"},\"potentialAction\":[{\"@type\":\"SearchAction\",\"target\":{\"@type\":\"EntryPoint\",\"urlTemplate\":\"https:\\\/\\\/www.bellunopress.it\\\/?s={search_term_string}\"},\"query-input\":{\"@type\":\"PropertyValueSpecification\",\"valueRequired\":true,\"valueName\":\"search_term_string\"}}],\"inLanguage\":\"fr-FR\"},{\"@type\":\"Organization\",\"@id\":\"https:\\\/\\\/www.bellunopress.it\\\/#organization\",\"name\":\"Bellunopress\",\"url\":\"https:\\\/\\\/www.bellunopress.it\\\/\",\"logo\":{\"@type\":\"ImageObject\",\"inLanguage\":\"fr-FR\",\"@id\":\"https:\\\/\\\/www.bellunopress.it\\\/#\\\/schema\\\/logo\\\/image\\\/\",\"url\":\"https:\\\/\\\/www.bellunopress.it\\\/wp-content\\\/uploads\\\/2011\\\/05\\\/cropped-logo-bellunopress-.jpg\",\"contentUrl\":\"https:\\\/\\\/www.bellunopress.it\\\/wp-content\\\/uploads\\\/2011\\\/05\\\/cropped-logo-bellunopress-.jpg\",\"width\":512,\"height\":512,\"caption\":\"Bellunopress\"},\"image\":{\"@id\":\"https:\\\/\\\/www.bellunopress.it\\\/#\\\/schema\\\/logo\\\/image\\\/\"},\"sameAs\":[\"https:\\\/\\\/www.facebook.com\\\/profile.php?id=100008943462799\",\"https:\\\/\\\/x.com\\\/bellunopress\",\"https:\\\/\\\/www.linkedin.com\\\/hp\\\/?dnr=JBzUWaJfMUw8vbXJJ2tVW5-I3jZKvC4wsoxE&amp;amp;amp;amp;amp;amp;trk=nav_responsive_tab_home\",\"https:\\\/\\\/www.youtube.com\\\/channel\\\/UCxL0wu1uN0_3_7hGG0306cw\"]},{\"@type\":\"Person\",\"@id\":\"https:\\\/\\\/www.bellunopress.it\\\/#\\\/schema\\\/person\\\/79bb06722b37ece1c03d3e94beb30d73\",\"name\":\"redazione\",\"image\":{\"@type\":\"ImageObject\",\"inLanguage\":\"fr-FR\",\"@id\":\"https:\\\/\\\/secure.gravatar.com\\\/avatar\\\/37d968a2e67a6fd04c169c4bdef102d0bc5d31b2546345219e348575eb80e9a0?s=96&d=mm&r=g\",\"url\":\"https:\\\/\\\/secure.gravatar.com\\\/avatar\\\/37d968a2e67a6fd04c169c4bdef102d0bc5d31b2546345219e348575eb80e9a0?s=96&d=mm&r=g\",\"contentUrl\":\"https:\\\/\\\/secure.gravatar.com\\\/avatar\\\/37d968a2e67a6fd04c169c4bdef102d0bc5d31b2546345219e348575eb80e9a0?s=96&d=mm&r=g\",\"caption\":\"redazione\"},\"sameAs\":[\"http:\\\/\\\/www.bellunopress.it\",\"https:\\\/\\\/x.com\\\/bellunopress\"],\"url\":\"https:\\\/\\\/www.bellunopress.it\\\/fr\\\/author\\\/redazione\\\/\"}]}<\/script>\n<!-- \/ Yoast SEO plugin. -->","yoast_head_json":{"title":"Mindfulness weekend. Successo a Cortina per la 5a edizione della manifestazione - Bellunopress - Dolomiti","robots":{"index":"index","follow":"follow","max-snippet":"max-snippet:-1","max-image-preview":"max-image-preview:large","max-video-preview":"max-video-preview:-1"},"canonical":"https:\/\/www.bellunopress.it\/fr\/2026\/08\/30\/mindfulness-weekend-successo-a-cortina-per-la-5a-edizione-della-manifestazione\/","og_locale":"fr_FR","og_type":"article","og_title":"Mindfulness weekend. Successo a Cortina per la 5a edizione della manifestazione - Bellunopress - Dolomiti","og_description":"Benessere interiore, digital detox e self \u2013 compassion protagonisti nella Conca durante la quinta edizione del weekend dedicato alla Mindfulness promosso dall\u2019Associazione degli Albergatori. Con Lorenza Guidotti e Lara Pelagotti a guidare meditazioni e pratiche. Da Regina delle Dolomiti a capitale del benessere interiore. Il 28 e 29 agosto a Cortina si \u00e8 rinnovato l\u2019appuntamento [&hellip;]","og_url":"https:\/\/www.bellunopress.it\/fr\/2026\/08\/30\/mindfulness-weekend-successo-a-cortina-per-la-5a-edizione-della-manifestazione\/","og_site_name":"Bellunopress - Dolomiti","article_publisher":"https:\/\/www.facebook.com\/profile.php?id=100008943462799","article_published_time":"2026-08-30T07:56:32+00:00","og_image":[{"width":600,"height":449,"url":"https:\/\/www.bellunopress.it\/wp-content\/uploads\/2026\/08\/Mindfulness-weekend-Cortina.jpeg","type":"image\/jpeg"}],"author":"redazione","twitter_card":"summary_large_image","twitter_creator":"@bellunopress","twitter_site":"@bellunopress","twitter_misc":{"Written by":"redazione","Est. reading time":"5 minutes"},"schema":{"@context":"https:\/\/schema.org","@graph":[{"@type":"Article","@id":"https:\/\/www.bellunopress.it\/2026\/08\/30\/mindfulness-weekend-successo-a-cortina-per-la-5a-edizione-della-manifestazione\/#article","isPartOf":{"@id":"https:\/\/www.bellunopress.it\/2026\/08\/30\/mindfulness-weekend-successo-a-cortina-per-la-5a-edizione-della-manifestazione\/"},"author":{"name":"redazione","@id":"https:\/\/www.bellunopress.it\/#\/schema\/person\/79bb06722b37ece1c03d3e94beb30d73"},"headline":"Mindfulness weekend. Successo a Cortina per la 5a edizione della manifestazione","datePublished":"2026-08-30T07:56:32+00:00","mainEntityOfPage":{"@id":"https:\/\/www.bellunopress.it\/2026\/08\/30\/mindfulness-weekend-successo-a-cortina-per-la-5a-edizione-della-manifestazione\/"},"wordCount":871,"publisher":{"@id":"https:\/\/www.bellunopress.it\/#organization"},"image":{"@id":"https:\/\/www.bellunopress.it\/2026\/08\/30\/mindfulness-weekend-successo-a-cortina-per-la-5a-edizione-della-manifestazione\/#primaryimage"},"thumbnailUrl":"https:\/\/www.bellunopress.it\/wp-content\/uploads\/2026\/08\/Mindfulness-weekend-Cortina.jpeg","articleSection":["Pausa Caff\u00e8","Sport, tempo libero"],"inLanguage":"fr-FR"},{"@type":"WebPage","@id":"https:\/\/www.bellunopress.it\/2026\/08\/30\/mindfulness-weekend-successo-a-cortina-per-la-5a-edizione-della-manifestazione\/","url":"https:\/\/www.bellunopress.it\/2026\/08\/30\/mindfulness-weekend-successo-a-cortina-per-la-5a-edizione-della-manifestazione\/","name":"Mindfulness weekend. Successo a Cortina per la 5a edizione della manifestazione - Bellunopress - Dolomiti","isPartOf":{"@id":"https:\/\/www.bellunopress.it\/#website"},"primaryImageOfPage":{"@id":"https:\/\/www.bellunopress.it\/2026\/08\/30\/mindfulness-weekend-successo-a-cortina-per-la-5a-edizione-della-manifestazione\/#primaryimage"},"image":{"@id":"https:\/\/www.bellunopress.it\/2026\/08\/30\/mindfulness-weekend-successo-a-cortina-per-la-5a-edizione-della-manifestazione\/#primaryimage"},"thumbnailUrl":"https:\/\/www.bellunopress.it\/wp-content\/uploads\/2026\/08\/Mindfulness-weekend-Cortina.jpeg","datePublished":"2026-08-30T07:56:32+00:00","breadcrumb":{"@id":"https:\/\/www.bellunopress.it\/2026\/08\/30\/mindfulness-weekend-successo-a-cortina-per-la-5a-edizione-della-manifestazione\/#breadcrumb"},"inLanguage":"fr-FR","potentialAction":[{"@type":"ReadAction","target":["https:\/\/www.bellunopress.it\/2026\/08\/30\/mindfulness-weekend-successo-a-cortina-per-la-5a-edizione-della-manifestazione\/"]}]},{"@type":"ImageObject","inLanguage":"fr-FR","@id":"https:\/\/www.bellunopress.it\/2026\/08\/30\/mindfulness-weekend-successo-a-cortina-per-la-5a-edizione-della-manifestazione\/#primaryimage","url":"https:\/\/www.bellunopress.it\/wp-content\/uploads\/2026\/08\/Mindfulness-weekend-Cortina.jpeg","contentUrl":"https:\/\/www.bellunopress.it\/wp-content\/uploads\/2026\/08\/Mindfulness-weekend-Cortina.jpeg","width":600,"height":449},{"@type":"BreadcrumbList","@id":"https:\/\/www.bellunopress.it\/2026\/08\/30\/mindfulness-weekend-successo-a-cortina-per-la-5a-edizione-della-manifestazione\/#breadcrumb","itemListElement":[{"@type":"ListItem","position":1,"name":"Home","item":"https:\/\/www.bellunopress.it\/"},{"@type":"ListItem","position":2,"name":"Mindfulness weekend. Successo a Cortina per la 5a edizione della manifestazione"}]},{"@type":"WebSite","@id":"https:\/\/www.bellunopress.it\/#website","url":"https:\/\/www.bellunopress.it\/","name":"Bellunopress - Dolomiti","description":"e-mail: redazione@bellunopress.it","publisher":{"@id":"https:\/\/www.bellunopress.it\/#organization"},"potentialAction":[{"@type":"SearchAction","target":{"@type":"EntryPoint","urlTemplate":"https:\/\/www.bellunopress.it\/?s={search_term_string}"},"query-input":{"@type":"PropertyValueSpecification","valueRequired":true,"valueName":"search_term_string"}}],"inLanguage":"fr-FR"},{"@type":"Organization","@id":"https:\/\/www.bellunopress.it\/#organization","name":"Bellunopress","url":"https:\/\/www.bellunopress.it\/","logo":{"@type":"ImageObject","inLanguage":"fr-FR","@id":"https:\/\/www.bellunopress.it\/#\/schema\/logo\/image\/","url":"https:\/\/www.bellunopress.it\/wp-content\/uploads\/2011\/05\/cropped-logo-bellunopress-.jpg","contentUrl":"https:\/\/www.bellunopress.it\/wp-content\/uploads\/2011\/05\/cropped-logo-bellunopress-.jpg","width":512,"height":512,"caption":"Bellunopress"},"image":{"@id":"https:\/\/www.bellunopress.it\/#\/schema\/logo\/image\/"},"sameAs":["https:\/\/www.facebook.com\/profile.php?id=100008943462799","https:\/\/x.com\/bellunopress","https:\/\/www.linkedin.com\/hp\/?dnr=JBzUWaJfMUw8vbXJJ2tVW5-I3jZKvC4wsoxE&amp;amp;amp;amp;amp;amp;trk=nav_responsive_tab_home","https:\/\/www.youtube.com\/channel\/UCxL0wu1uN0_3_7hGG0306cw"]},{"@type":"Person","@id":"https:\/\/www.bellunopress.it\/#\/schema\/person\/79bb06722b37ece1c03d3e94beb30d73","name":"r\u00e9daction","image":{"@type":"ImageObject","inLanguage":"fr-FR","@id":"https:\/\/secure.gravatar.com\/avatar\/37d968a2e67a6fd04c169c4bdef102d0bc5d31b2546345219e348575eb80e9a0?s=96&d=mm&r=g","url":"https:\/\/secure.gravatar.com\/avatar\/37d968a2e67a6fd04c169c4bdef102d0bc5d31b2546345219e348575eb80e9a0?s=96&d=mm&r=g","contentUrl":"https:\/\/secure.gravatar.com\/avatar\/37d968a2e67a6fd04c169c4bdef102d0bc5d31b2546345219e348575eb80e9a0?s=96&d=mm&r=g","caption":"redazione"},"sameAs":["http:\/\/www.bellunopress.it","https:\/\/x.com\/bellunopress"],"url":"https:\/\/www.bellunopress.it\/fr\/author\/redazione\/"}]}},"_links":{"self":[{"href":"https:\/\/www.bellunopress.it\/fr\/wp-json\/wp\/v2\/posts\/172991","targetHints":{"allow":["GET"]}}],"collection":[{"href":"https:\/\/www.bellunopress.it\/fr\/wp-json\/wp\/v2\/posts"}],"about":[{"href":"https:\/\/www.bellunopress.it\/fr\/wp-json\/wp\/v2\/types\/post"}],"author":[{"embeddable":true,"href":"https:\/\/www.bellunopress.it\/fr\/wp-json\/wp\/v2\/users\/2"}],"replies":[{"embeddable":true,"href":"https:\/\/www.bellunopress.it\/fr\/wp-json\/wp\/v2\/comments?post=172991"}],"version-history":[{"count":1,"href":"https:\/\/www.bellunopress.it\/fr\/wp-json\/wp\/v2\/posts\/172991\/revisions"}],"predecessor-version":[{"id":172993,"href":"https:\/\/www.bellunopress.it\/fr\/wp-json\/wp\/v2\/posts\/172991\/revisions\/172993"}],"wp:featuredmedia":[{"embeddable":true,"href":"https:\/\/www.bellunopress.it\/fr\/wp-json\/wp\/v2\/media\/172992"}],"wp:attachment":[{"href":"https:\/\/www.bellunopress.it\/fr\/wp-json\/wp\/v2\/media?parent=172991"}],"wp:term":[{"taxonomy":"category","embeddable":true,"href":"https:\/\/www.bellunopress.it\/fr\/wp-json\/wp\/v2\/categories?post=172991"},{"taxonomy":"post_tag","embeddable":true,"href":"https:\/\/www.bellunopress.it\/fr\/wp-json\/wp\/v2\/tags?post=172991"}],"curies":[{"name":"wp","href":"https:\/\/api.w.org\/{rel}","templated":true}]}}