{"id":172989,"date":"2026-08-29T19:50:32","date_gmt":"2026-08-29T17:50:32","guid":{"rendered":"https:\/\/www.bellunopress.it\/?p=172989"},"modified":"2026-08-30T10:12:52","modified_gmt":"2026-08-30T08:12:52","slug":"alpinista-vola-sulla-via-don-quixote-in-marmolada-altri-interventi","status":"publish","type":"post","link":"https:\/\/www.bellunopress.it\/fr\/2026\/08\/29\/alpinista-vola-sulla-via-don-quixote-in-marmolada-altri-interventi\/","title":{"rendered":"Alpinista vola sulla Via Don Quixote in Marmolada. Altri interventi"},"content":{"rendered":"<p>Rocca Pietore (BL), 29 &#8211; 08 &#8211; 2026\u00a0 \u00a0 Mentre stava scalando primo di cordata, quando mancavano un centinaio di metri all&#8217;uscita dalla Via Don Quixote sulla parete sud della Marmolada, un alpinista \u00e8 volato, cadendo per 10\/15 metri e impattando nella roccia con un piede.<br \/>\nRicevuto l&#8217;allarme verso le 15 e ottenute le informazioni sul punto dell&#8217;incidente, la Centrale del Suem ha fatto intervenire Falco 2, che, una volta sul posto, ha fissato il campo base al Rifugio Falier, per poi risalire di quota. Avvicinatisi alla parete, con un verricello di 50 metri \u00e8 stato calato il tecnico di elisoccorso, che ha recuperato l&#8217;infortunato, un 27enne di Cordignano (TV), e il compagno di cordata. Lo scalatore, con un probabile trauma alla caviglia, \u00e8 stato trasportato all&#8217;ospedale di Agordo, l&#8217;amico \u00e8 stato lasciato al Rifugio Falier.<\/p>\n<p>Belluno, 29 &#8211; 08 &#8211; 2026\u00a0 \u00a0 \u00a0Nel pomeriggio Falco 2 \u00e8 intervenuto a Baita Pianezza, in comune di Vallada Agordina, dove un bambino di 10 anni di Vicenza era stato punto da una vespa. Il bimbo, che si trovava assieme ai genitori, \u00e8 stato trasportato per accertamenti all&#8217;ospedale di Belluno. L&#8217;elicottero del Suem di Pieve di Cadore \u00e8 invece volato in Val di Zoldo per un infortunio sul sentiero. Percorrendo assieme alla moglie l&#8217;itinerario che dal Rifugio Sora l&#8217;Sass porta a Casera Mezzod\u00ec, un 62enne di Villorba aveva riportato uno strappo muscolare, che gli impediva di camminare. Poich\u00e9 si trovava in mezzo al bosco, l&#8217;uomo \u00e8 stato aiutato da alcune persone di passaggio a raggiungere la Casera, da dove \u00e8 stato recuperato dell&#8217;eliambulanza e trasportato al San Martino.<br \/>\nUna squadra del Soccorso alpino di Livinallongo \u00e8 stata infine inviata lungo il sentiero numero 640, che da Bec de Roces scende al Vallon, poich\u00e9 un&#8217;escursionista 60enne di Roma si era fatta male al ginocchio. Arrivati da lei, che era in compagnia della figlia, i soccorritori le hanno prestato prima assistenza, per poi imbarellarla e trasportarla a spalla una ventina di minuti fino alla jeep. Da l\u00ec la donna \u00e8 stata poi portata al rendez vous con l&#8217;ambulanza.<\/p>\n<p>Lozzo di Cadore (BL), 29 &#8211; 08 &#8211; 2026\u00a0 \u00a0 Percorrendo ieri il giro ad anello del Forte di Col Vidal, due coppie di amici settantenni di Padova hanno smarrito il sentiero e si sono trovate a ridosso di salti di roccia, senza sapere pi\u00f9 cosa fare. Scattato l&#8217;allarme, attorno alle 19 la Centrale del Suem ha allertato il Soccorso alpino del Centro Cadore. Dodici soccorritori si sono riuniti e hanno raggiunto con i mezzi l&#8217;imbocco dell&#8217;itinerario per poi proseguire a piedi, guidati dalle coordinate del punto in cui i 4 dovevano trovarsi. Dopo averli individuati sotto il sentiero, li hanno raggiunti e hanno attrezzato 70 metri di corde fisse per far loro superare il tratto pi\u00f9 impegnativo, riaccompagnandoli verso l&#8217;alto. Tornati sul sentiero, i soccorritori sono rientrati alle jeep assieme alle due coppie e le hanno poi trasportate a Pian dei Buoi.<\/p>\n<p>&nbsp;<\/p>","protected":false},"excerpt":{"rendered":"<p>Rocca Pietore (BL), 29 &#8211; 08 &#8211; 2026\u00a0 \u00a0 Mentre stava scalando primo di cordata, quando mancavano un centinaio di metri all&#8217;uscita dalla Via Don Quixote sulla parete sud della Marmolada, un alpinista \u00e8 volato, cadendo per 10\/15 metri e impattando nella roccia con un piede. Ricevuto l&#8217;allarme verso le 15 e ottenute le informazioni [&hellip;]<\/p>\n","protected":false},"author":2,"featured_media":152111,"comment_status":"closed","ping_status":"open","sticky":false,"template":"","format":"standard","meta":{"footnotes":""},"categories":[5,26],"tags":[],"class_list":["post-172989","post","type-post","status-publish","format-standard","has-post-thumbnail","category-cronaca","category-prima-pagina"],"yoast_head":"<!-- This site is optimized with the Yoast SEO plugin v28.4 - https:\/\/yoast.com\/product\/yoast-seo-wordpress\/ -->\n<title>Alpinista vola sulla Via Don Quixote in Marmolada. Altri interventi - Bellunopress - Dolomiti<\/title>\n<meta name=\"robots\" content=\"index, follow, max-snippet:-1, max-image-preview:large, max-video-preview:-1\" \/>\n<link rel=\"canonical\" href=\"https:\/\/www.bellunopress.it\/fr\/2026\/08\/29\/alpinista-vola-sulla-via-don-quixote-in-marmolada-altri-interventi\/\" \/>\n<meta property=\"og:locale\" content=\"fr_FR\" \/>\n<meta property=\"og:type\" content=\"article\" \/>\n<meta property=\"og:title\" content=\"Alpinista vola sulla Via Don Quixote in Marmolada. Altri interventi - Bellunopress - Dolomiti\" \/>\n<meta property=\"og:description\" content=\"Rocca Pietore (BL), 29 &#8211; 08 &#8211; 2026\u00a0 \u00a0 Mentre stava scalando primo di cordata, quando mancavano un centinaio di metri all&#8217;uscita dalla Via Don Quixote sulla parete sud della Marmolada, un alpinista \u00e8 volato, cadendo per 10\/15 metri e impattando nella roccia con un piede. Ricevuto l&#8217;allarme verso le 15 e ottenute le informazioni [&hellip;]\" \/>\n<meta property=\"og:url\" content=\"https:\/\/www.bellunopress.it\/fr\/2026\/08\/29\/alpinista-vola-sulla-via-don-quixote-in-marmolada-altri-interventi\/\" \/>\n<meta property=\"og:site_name\" content=\"Bellunopress - Dolomiti\" \/>\n<meta property=\"article:publisher\" content=\"https:\/\/www.facebook.com\/profile.php?id=100008943462799\" \/>\n<meta property=\"article:published_time\" content=\"2026-08-29T17:50:32+00:00\" \/>\n<meta property=\"article:modified_time\" content=\"2026-08-30T08:12:52+00:00\" \/>\n<meta property=\"og:image\" content=\"https:\/\/www.bellunopress.it\/wp-content\/uploads\/2024\/07\/Suem-118-soccorso-.jpg\" \/>\n\t<meta property=\"og:image:width\" content=\"1000\" \/>\n\t<meta property=\"og:image:height\" content=\"583\" \/>\n\t<meta property=\"og:image:type\" content=\"image\/jpeg\" \/>\n<meta name=\"author\" content=\"redazione\" \/>\n<meta name=\"twitter:card\" content=\"summary_large_image\" \/>\n<meta name=\"twitter:creator\" content=\"@bellunopress\" \/>\n<meta name=\"twitter:site\" content=\"@bellunopress\" \/>\n<meta name=\"twitter:label1\" content=\"Written by\" \/>\n\t<meta name=\"twitter:data1\" content=\"redazione\" \/>\n\t<meta name=\"twitter:label2\" content=\"Est. reading time\" \/>\n\t<meta name=\"twitter:data2\" content=\"3 minutes\" \/>\n<script type=\"application\/ld+json\" class=\"yoast-schema-graph\">{\"@context\":\"https:\\\/\\\/schema.org\",\"@graph\":[{\"@type\":\"Article\",\"@id\":\"https:\\\/\\\/www.bellunopress.it\\\/2026\\\/08\\\/29\\\/alpinista-vola-sulla-via-don-quixote-in-marmolada-altri-interventi\\\/#article\",\"isPartOf\":{\"@id\":\"https:\\\/\\\/www.bellunopress.it\\\/2026\\\/08\\\/29\\\/alpinista-vola-sulla-via-don-quixote-in-marmolada-altri-interventi\\\/\"},\"author\":{\"name\":\"redazione\",\"@id\":\"https:\\\/\\\/www.bellunopress.it\\\/#\\\/schema\\\/person\\\/79bb06722b37ece1c03d3e94beb30d73\"},\"headline\":\"Alpinista vola sulla Via Don Quixote in Marmolada. Altri interventi\",\"datePublished\":\"2026-08-29T17:50:32+00:00\",\"dateModified\":\"2026-08-30T08:12:52+00:00\",\"mainEntityOfPage\":{\"@id\":\"https:\\\/\\\/www.bellunopress.it\\\/2026\\\/08\\\/29\\\/alpinista-vola-sulla-via-don-quixote-in-marmolada-altri-interventi\\\/\"},\"wordCount\":482,\"publisher\":{\"@id\":\"https:\\\/\\\/www.bellunopress.it\\\/#organization\"},\"image\":{\"@id\":\"https:\\\/\\\/www.bellunopress.it\\\/2026\\\/08\\\/29\\\/alpinista-vola-sulla-via-don-quixote-in-marmolada-altri-interventi\\\/#primaryimage\"},\"thumbnailUrl\":\"https:\\\/\\\/www.bellunopress.it\\\/wp-content\\\/uploads\\\/2024\\\/07\\\/Suem-118-soccorso-.jpg\",\"articleSection\":[\"Cronaca\\\/Politica\",\"Prima Pagina\"],\"inLanguage\":\"fr-FR\"},{\"@type\":\"WebPage\",\"@id\":\"https:\\\/\\\/www.bellunopress.it\\\/2026\\\/08\\\/29\\\/alpinista-vola-sulla-via-don-quixote-in-marmolada-altri-interventi\\\/\",\"url\":\"https:\\\/\\\/www.bellunopress.it\\\/2026\\\/08\\\/29\\\/alpinista-vola-sulla-via-don-quixote-in-marmolada-altri-interventi\\\/\",\"name\":\"Alpinista vola sulla Via Don Quixote in Marmolada. Altri interventi - Bellunopress - Dolomiti\",\"isPartOf\":{\"@id\":\"https:\\\/\\\/www.bellunopress.it\\\/#website\"},\"primaryImageOfPage\":{\"@id\":\"https:\\\/\\\/www.bellunopress.it\\\/2026\\\/08\\\/29\\\/alpinista-vola-sulla-via-don-quixote-in-marmolada-altri-interventi\\\/#primaryimage\"},\"image\":{\"@id\":\"https:\\\/\\\/www.bellunopress.it\\\/2026\\\/08\\\/29\\\/alpinista-vola-sulla-via-don-quixote-in-marmolada-altri-interventi\\\/#primaryimage\"},\"thumbnailUrl\":\"https:\\\/\\\/www.bellunopress.it\\\/wp-content\\\/uploads\\\/2024\\\/07\\\/Suem-118-soccorso-.jpg\",\"datePublished\":\"2026-08-29T17:50:32+00:00\",\"dateModified\":\"2026-08-30T08:12:52+00:00\",\"breadcrumb\":{\"@id\":\"https:\\\/\\\/www.bellunopress.it\\\/2026\\\/08\\\/29\\\/alpinista-vola-sulla-via-don-quixote-in-marmolada-altri-interventi\\\/#breadcrumb\"},\"inLanguage\":\"fr-FR\",\"potentialAction\":[{\"@type\":\"ReadAction\",\"target\":[\"https:\\\/\\\/www.bellunopress.it\\\/2026\\\/08\\\/29\\\/alpinista-vola-sulla-via-don-quixote-in-marmolada-altri-interventi\\\/\"]}]},{\"@type\":\"ImageObject\",\"inLanguage\":\"fr-FR\",\"@id\":\"https:\\\/\\\/www.bellunopress.it\\\/2026\\\/08\\\/29\\\/alpinista-vola-sulla-via-don-quixote-in-marmolada-altri-interventi\\\/#primaryimage\",\"url\":\"https:\\\/\\\/www.bellunopress.it\\\/wp-content\\\/uploads\\\/2024\\\/07\\\/Suem-118-soccorso-.jpg\",\"contentUrl\":\"https:\\\/\\\/www.bellunopress.it\\\/wp-content\\\/uploads\\\/2024\\\/07\\\/Suem-118-soccorso-.jpg\",\"width\":1000,\"height\":583},{\"@type\":\"BreadcrumbList\",\"@id\":\"https:\\\/\\\/www.bellunopress.it\\\/2026\\\/08\\\/29\\\/alpinista-vola-sulla-via-don-quixote-in-marmolada-altri-interventi\\\/#breadcrumb\",\"itemListElement\":[{\"@type\":\"ListItem\",\"position\":1,\"name\":\"Home\",\"item\":\"https:\\\/\\\/www.bellunopress.it\\\/\"},{\"@type\":\"ListItem\",\"position\":2,\"name\":\"Alpinista vola sulla Via Don Quixote in Marmolada. Altri interventi\"}]},{\"@type\":\"WebSite\",\"@id\":\"https:\\\/\\\/www.bellunopress.it\\\/#website\",\"url\":\"https:\\\/\\\/www.bellunopress.it\\\/\",\"name\":\"Bellunopress - Dolomiti\",\"description\":\"e-mail: redazione@bellunopress.it\",\"publisher\":{\"@id\":\"https:\\\/\\\/www.bellunopress.it\\\/#organization\"},\"potentialAction\":[{\"@type\":\"SearchAction\",\"target\":{\"@type\":\"EntryPoint\",\"urlTemplate\":\"https:\\\/\\\/www.bellunopress.it\\\/?s={search_term_string}\"},\"query-input\":{\"@type\":\"PropertyValueSpecification\",\"valueRequired\":true,\"valueName\":\"search_term_string\"}}],\"inLanguage\":\"fr-FR\"},{\"@type\":\"Organization\",\"@id\":\"https:\\\/\\\/www.bellunopress.it\\\/#organization\",\"name\":\"Bellunopress\",\"url\":\"https:\\\/\\\/www.bellunopress.it\\\/\",\"logo\":{\"@type\":\"ImageObject\",\"inLanguage\":\"fr-FR\",\"@id\":\"https:\\\/\\\/www.bellunopress.it\\\/#\\\/schema\\\/logo\\\/image\\\/\",\"url\":\"https:\\\/\\\/www.bellunopress.it\\\/wp-content\\\/uploads\\\/2011\\\/05\\\/cropped-logo-bellunopress-.jpg\",\"contentUrl\":\"https:\\\/\\\/www.bellunopress.it\\\/wp-content\\\/uploads\\\/2011\\\/05\\\/cropped-logo-bellunopress-.jpg\",\"width\":512,\"height\":512,\"caption\":\"Bellunopress\"},\"image\":{\"@id\":\"https:\\\/\\\/www.bellunopress.it\\\/#\\\/schema\\\/logo\\\/image\\\/\"},\"sameAs\":[\"https:\\\/\\\/www.facebook.com\\\/profile.php?id=100008943462799\",\"https:\\\/\\\/x.com\\\/bellunopress\",\"https:\\\/\\\/www.linkedin.com\\\/hp\\\/?dnr=JBzUWaJfMUw8vbXJJ2tVW5-I3jZKvC4wsoxE&amp;amp;amp;amp;amp;amp;trk=nav_responsive_tab_home\",\"https:\\\/\\\/www.youtube.com\\\/channel\\\/UCxL0wu1uN0_3_7hGG0306cw\"]},{\"@type\":\"Person\",\"@id\":\"https:\\\/\\\/www.bellunopress.it\\\/#\\\/schema\\\/person\\\/79bb06722b37ece1c03d3e94beb30d73\",\"name\":\"redazione\",\"image\":{\"@type\":\"ImageObject\",\"inLanguage\":\"fr-FR\",\"@id\":\"https:\\\/\\\/secure.gravatar.com\\\/avatar\\\/37d968a2e67a6fd04c169c4bdef102d0bc5d31b2546345219e348575eb80e9a0?s=96&d=mm&r=g\",\"url\":\"https:\\\/\\\/secure.gravatar.com\\\/avatar\\\/37d968a2e67a6fd04c169c4bdef102d0bc5d31b2546345219e348575eb80e9a0?s=96&d=mm&r=g\",\"contentUrl\":\"https:\\\/\\\/secure.gravatar.com\\\/avatar\\\/37d968a2e67a6fd04c169c4bdef102d0bc5d31b2546345219e348575eb80e9a0?s=96&d=mm&r=g\",\"caption\":\"redazione\"},\"sameAs\":[\"http:\\\/\\\/www.bellunopress.it\",\"https:\\\/\\\/x.com\\\/bellunopress\"],\"url\":\"https:\\\/\\\/www.bellunopress.it\\\/fr\\\/author\\\/redazione\\\/\"}]}<\/script>\n<!-- \/ Yoast SEO plugin. -->","yoast_head_json":{"title":"Alpinista vola sulla Via Don Quixote in Marmolada. Altri interventi - Bellunopress - Dolomiti","robots":{"index":"index","follow":"follow","max-snippet":"max-snippet:-1","max-image-preview":"max-image-preview:large","max-video-preview":"max-video-preview:-1"},"canonical":"https:\/\/www.bellunopress.it\/fr\/2026\/08\/29\/alpinista-vola-sulla-via-don-quixote-in-marmolada-altri-interventi\/","og_locale":"fr_FR","og_type":"article","og_title":"Alpinista vola sulla Via Don Quixote in Marmolada. Altri interventi - Bellunopress - Dolomiti","og_description":"Rocca Pietore (BL), 29 &#8211; 08 &#8211; 2026\u00a0 \u00a0 Mentre stava scalando primo di cordata, quando mancavano un centinaio di metri all&#8217;uscita dalla Via Don Quixote sulla parete sud della Marmolada, un alpinista \u00e8 volato, cadendo per 10\/15 metri e impattando nella roccia con un piede. Ricevuto l&#8217;allarme verso le 15 e ottenute le informazioni [&hellip;]","og_url":"https:\/\/www.bellunopress.it\/fr\/2026\/08\/29\/alpinista-vola-sulla-via-don-quixote-in-marmolada-altri-interventi\/","og_site_name":"Bellunopress - Dolomiti","article_publisher":"https:\/\/www.facebook.com\/profile.php?id=100008943462799","article_published_time":"2026-08-29T17:50:32+00:00","article_modified_time":"2026-08-30T08:12:52+00:00","og_image":[{"width":1000,"height":583,"url":"https:\/\/www.bellunopress.it\/wp-content\/uploads\/2024\/07\/Suem-118-soccorso-.jpg","type":"image\/jpeg"}],"author":"redazione","twitter_card":"summary_large_image","twitter_creator":"@bellunopress","twitter_site":"@bellunopress","twitter_misc":{"Written by":"redazione","Est. reading time":"3 minutes"},"schema":{"@context":"https:\/\/schema.org","@graph":[{"@type":"Article","@id":"https:\/\/www.bellunopress.it\/2026\/08\/29\/alpinista-vola-sulla-via-don-quixote-in-marmolada-altri-interventi\/#article","isPartOf":{"@id":"https:\/\/www.bellunopress.it\/2026\/08\/29\/alpinista-vola-sulla-via-don-quixote-in-marmolada-altri-interventi\/"},"author":{"name":"redazione","@id":"https:\/\/www.bellunopress.it\/#\/schema\/person\/79bb06722b37ece1c03d3e94beb30d73"},"headline":"Alpinista vola sulla Via Don Quixote in Marmolada. Altri interventi","datePublished":"2026-08-29T17:50:32+00:00","dateModified":"2026-08-30T08:12:52+00:00","mainEntityOfPage":{"@id":"https:\/\/www.bellunopress.it\/2026\/08\/29\/alpinista-vola-sulla-via-don-quixote-in-marmolada-altri-interventi\/"},"wordCount":482,"publisher":{"@id":"https:\/\/www.bellunopress.it\/#organization"},"image":{"@id":"https:\/\/www.bellunopress.it\/2026\/08\/29\/alpinista-vola-sulla-via-don-quixote-in-marmolada-altri-interventi\/#primaryimage"},"thumbnailUrl":"https:\/\/www.bellunopress.it\/wp-content\/uploads\/2024\/07\/Suem-118-soccorso-.jpg","articleSection":["Cronaca\/Politica","Prima Pagina"],"inLanguage":"fr-FR"},{"@type":"WebPage","@id":"https:\/\/www.bellunopress.it\/2026\/08\/29\/alpinista-vola-sulla-via-don-quixote-in-marmolada-altri-interventi\/","url":"https:\/\/www.bellunopress.it\/2026\/08\/29\/alpinista-vola-sulla-via-don-quixote-in-marmolada-altri-interventi\/","name":"Alpinista vola sulla Via Don Quixote in Marmolada. Altri interventi - Bellunopress - Dolomiti","isPartOf":{"@id":"https:\/\/www.bellunopress.it\/#website"},"primaryImageOfPage":{"@id":"https:\/\/www.bellunopress.it\/2026\/08\/29\/alpinista-vola-sulla-via-don-quixote-in-marmolada-altri-interventi\/#primaryimage"},"image":{"@id":"https:\/\/www.bellunopress.it\/2026\/08\/29\/alpinista-vola-sulla-via-don-quixote-in-marmolada-altri-interventi\/#primaryimage"},"thumbnailUrl":"https:\/\/www.bellunopress.it\/wp-content\/uploads\/2024\/07\/Suem-118-soccorso-.jpg","datePublished":"2026-08-29T17:50:32+00:00","dateModified":"2026-08-30T08:12:52+00:00","breadcrumb":{"@id":"https:\/\/www.bellunopress.it\/2026\/08\/29\/alpinista-vola-sulla-via-don-quixote-in-marmolada-altri-interventi\/#breadcrumb"},"inLanguage":"fr-FR","potentialAction":[{"@type":"ReadAction","target":["https:\/\/www.bellunopress.it\/2026\/08\/29\/alpinista-vola-sulla-via-don-quixote-in-marmolada-altri-interventi\/"]}]},{"@type":"ImageObject","inLanguage":"fr-FR","@id":"https:\/\/www.bellunopress.it\/2026\/08\/29\/alpinista-vola-sulla-via-don-quixote-in-marmolada-altri-interventi\/#primaryimage","url":"https:\/\/www.bellunopress.it\/wp-content\/uploads\/2024\/07\/Suem-118-soccorso-.jpg","contentUrl":"https:\/\/www.bellunopress.it\/wp-content\/uploads\/2024\/07\/Suem-118-soccorso-.jpg","width":1000,"height":583},{"@type":"BreadcrumbList","@id":"https:\/\/www.bellunopress.it\/2026\/08\/29\/alpinista-vola-sulla-via-don-quixote-in-marmolada-altri-interventi\/#breadcrumb","itemListElement":[{"@type":"ListItem","position":1,"name":"Home","item":"https:\/\/www.bellunopress.it\/"},{"@type":"ListItem","position":2,"name":"Alpinista vola sulla Via Don Quixote in Marmolada. Altri interventi"}]},{"@type":"WebSite","@id":"https:\/\/www.bellunopress.it\/#website","url":"https:\/\/www.bellunopress.it\/","name":"Bellunopress - Dolomiti","description":"e-mail: redazione@bellunopress.it","publisher":{"@id":"https:\/\/www.bellunopress.it\/#organization"},"potentialAction":[{"@type":"SearchAction","target":{"@type":"EntryPoint","urlTemplate":"https:\/\/www.bellunopress.it\/?s={search_term_string}"},"query-input":{"@type":"PropertyValueSpecification","valueRequired":true,"valueName":"search_term_string"}}],"inLanguage":"fr-FR"},{"@type":"Organization","@id":"https:\/\/www.bellunopress.it\/#organization","name":"Bellunopress","url":"https:\/\/www.bellunopress.it\/","logo":{"@type":"ImageObject","inLanguage":"fr-FR","@id":"https:\/\/www.bellunopress.it\/#\/schema\/logo\/image\/","url":"https:\/\/www.bellunopress.it\/wp-content\/uploads\/2011\/05\/cropped-logo-bellunopress-.jpg","contentUrl":"https:\/\/www.bellunopress.it\/wp-content\/uploads\/2011\/05\/cropped-logo-bellunopress-.jpg","width":512,"height":512,"caption":"Bellunopress"},"image":{"@id":"https:\/\/www.bellunopress.it\/#\/schema\/logo\/image\/"},"sameAs":["https:\/\/www.facebook.com\/profile.php?id=100008943462799","https:\/\/x.com\/bellunopress","https:\/\/www.linkedin.com\/hp\/?dnr=JBzUWaJfMUw8vbXJJ2tVW5-I3jZKvC4wsoxE&amp;amp;amp;amp;amp;amp;trk=nav_responsive_tab_home","https:\/\/www.youtube.com\/channel\/UCxL0wu1uN0_3_7hGG0306cw"]},{"@type":"Person","@id":"https:\/\/www.bellunopress.it\/#\/schema\/person\/79bb06722b37ece1c03d3e94beb30d73","name":"r\u00e9daction","image":{"@type":"ImageObject","inLanguage":"fr-FR","@id":"https:\/\/secure.gravatar.com\/avatar\/37d968a2e67a6fd04c169c4bdef102d0bc5d31b2546345219e348575eb80e9a0?s=96&d=mm&r=g","url":"https:\/\/secure.gravatar.com\/avatar\/37d968a2e67a6fd04c169c4bdef102d0bc5d31b2546345219e348575eb80e9a0?s=96&d=mm&r=g","contentUrl":"https:\/\/secure.gravatar.com\/avatar\/37d968a2e67a6fd04c169c4bdef102d0bc5d31b2546345219e348575eb80e9a0?s=96&d=mm&r=g","caption":"redazione"},"sameAs":["http:\/\/www.bellunopress.it","https:\/\/x.com\/bellunopress"],"url":"https:\/\/www.bellunopress.it\/fr\/author\/redazione\/"}]}},"_links":{"self":[{"href":"https:\/\/www.bellunopress.it\/fr\/wp-json\/wp\/v2\/posts\/172989","targetHints":{"allow":["GET"]}}],"collection":[{"href":"https:\/\/www.bellunopress.it\/fr\/wp-json\/wp\/v2\/posts"}],"about":[{"href":"https:\/\/www.bellunopress.it\/fr\/wp-json\/wp\/v2\/types\/post"}],"author":[{"embeddable":true,"href":"https:\/\/www.bellunopress.it\/fr\/wp-json\/wp\/v2\/users\/2"}],"replies":[{"embeddable":true,"href":"https:\/\/www.bellunopress.it\/fr\/wp-json\/wp\/v2\/comments?post=172989"}],"version-history":[{"count":2,"href":"https:\/\/www.bellunopress.it\/fr\/wp-json\/wp\/v2\/posts\/172989\/revisions"}],"predecessor-version":[{"id":172998,"href":"https:\/\/www.bellunopress.it\/fr\/wp-json\/wp\/v2\/posts\/172989\/revisions\/172998"}],"wp:featuredmedia":[{"embeddable":true,"href":"https:\/\/www.bellunopress.it\/fr\/wp-json\/wp\/v2\/media\/152111"}],"wp:attachment":[{"href":"https:\/\/www.bellunopress.it\/fr\/wp-json\/wp\/v2\/media?parent=172989"}],"wp:term":[{"taxonomy":"category","embeddable":true,"href":"https:\/\/www.bellunopress.it\/fr\/wp-json\/wp\/v2\/categories?post=172989"},{"taxonomy":"post_tag","embeddable":true,"href":"https:\/\/www.bellunopress.it\/fr\/wp-json\/wp\/v2\/tags?post=172989"}],"curies":[{"name":"wp","href":"https:\/\/api.w.org\/{rel}","templated":true}]}}