{"id":172982,"date":"2026-08-29T15:20:09","date_gmt":"2026-08-29T13:20:09","guid":{"rendered":"https:\/\/www.bellunopress.it\/?p=172982"},"modified":"2026-08-29T15:20:09","modified_gmt":"2026-08-29T13:20:09","slug":"en-plein-air-domenica-la-scampagnata-con-attivita-di-disegno-per-grandi-e-piccini-a-cura-della-lipu-belluno","status":"publish","type":"post","link":"https:\/\/www.bellunopress.it\/fr\/2026\/08\/29\/en-plein-air-domenica-la-scampagnata-con-attivita-di-disegno-per-grandi-e-piccini-a-cura-della-lipu-belluno\/","title":{"rendered":"En Plein Air, dimanche la sortie en plein air avec des activit\u00e9s de dessin pour petits et grands organis\u00e9e par la LIPU Belluno"},"content":{"rendered":"<p>Belluno, 29\/08\/2026 &#8211;\u00a0La natura incontredibile della Valbelluna torna a essere protagonista di una giornata all&#8217;insegna dell&#8217;arte<br \/>\ne della consapevolezza ambientale. La Delegazione LIPU di Belluno organizza per domenica 30 agosto 2026 l&#8217;evento &#8220;En Plein Air&#8221;, una suggestiva scampagnata aperta a grandi e piccini pensata per unire il piacere della camminata all&#8217;aria aperta con la pratica del disegno dal vivo.<br \/>\nL&#8217;iniziativa si propone di offrire ai partecipanti un momento di pausa dai ritmi quotidiani, riscoprendo il paesaggio circostante attraverso l&#8217;osservazione attenta e la creativit\u00e0 artistica, guidati dallo spirito di tutela e valorizzazione della biodiversit\u00e0 che da sempre contraddistingue le attivit\u00e0 della LIPU.<\/p>\n<p>Il programma<br \/>\nL&#8217;appuntamento \u00e8 fissato per le ore 08:30 presso il parcheggio del campo sportivo di Lentiai, in via Impianti Sportivi (Borgo Valbelluna). Da qui prender\u00e0 il via l&#8217;attivit\u00e0, strutturata in due momenti principali:<br \/>\nPasseggiata naturalistica: Una camminata in compagnia di circa 3 km (della durata stimata di circa 1 ora), adatta a tutti, che permetter\u00e0 di immergersi nella quiete del territorio.<br \/>\nSessione di disegno dal vivo: Una sosta prolungata di circa 2 ore dedicata all&#8217;osservazione della natura e alla trasposizione artistica su carta di ci\u00f2 che ci circonda.<\/p>\n<p>Scheda informativa dell&#8217;evento<br \/>\nQuando: Domenica 30 agosto 2026, ore 08:30<br \/>\nDove: Parcheggio campo sportivo di Lentiai, via Impianti Sportivi,\u00a0Borgo Valbelluna (BL)<\/p>\n<p>Cosa portare: Taccuino o album, materiale da disegno personale e scarpe\u00a0adatte a suolo irregolare.<\/p>\n<p>Quota di partecipazione: Offerta di 5 \u20ac a persona (gratuito per i soci LIPU).<br \/>\nContatti e prenotazioni: Prenotazione obbligatoria (posti limitati). WhatsApp:\u00a03451167023 | Email: belluno@lipu.it<\/p>\n<p>Modalit\u00e0 di partecipazione e consigli pratici<br \/>\nDato il carattere itinerante e naturalistico dell&#8217;evento e per garantire un&#8217;esperienza ottimale a tutti i<br \/>\npartecipanti, i posti sono limitati e la prenotazione \u00e8 obbligatoria. \u00c8 possibile assicurarsi un posto\u00a0contattando l&#8217;organizzazione tramite messaggio WhatsApp al numero 3451167023 oppure inviando un&#8217;e-mail all&#8217;indirizzo belluno@lipu.it.<\/p>\n<p>Si raccomanda di indossare abbigliamento comodo e, in particolare, scarpe adatte a suolo irregolare per affrontare in sicurezza i sentieri della camminata. Ciascun partecipante \u00e8 inoltre invitato a portare con s\u00e9 il proprio materiale da disegno (taccuino, album, matite, colori o acquerelli).<\/p>\n<p>Nota importante: L&#8217;iniziativa si svolger\u00e0 all&#8217;aperto; pertanto, in caso di maltempo o pioggia l&#8217;evento verr\u00e0 rimandato a data da destinarsi.<\/p>\n<p>&nbsp;<\/p>","protected":false},"excerpt":{"rendered":"<p>Belluno, 29\/08\/2026 &#8211;\u00a0La natura incontredibile della Valbelluna torna a essere protagonista di una giornata all&#8217;insegna dell&#8217;arte e della consapevolezza ambientale. La Delegazione LIPU di Belluno organizza per domenica 30 agosto 2026 l&#8217;evento &#8220;En Plein Air&#8221;, una suggestiva scampagnata aperta a grandi e piccini pensata per unire il piacere della camminata all&#8217;aria aperta con la pratica [&hellip;]<\/p>\n","protected":false},"author":2,"featured_media":170978,"comment_status":"closed","ping_status":"open","sticky":false,"template":"","format":"standard","meta":{"footnotes":""},"categories":[4],"tags":[],"class_list":["post-172982","post","type-post","status-publish","format-standard","has-post-thumbnail","category-sport"],"yoast_head":"<!-- This site is optimized with the Yoast SEO plugin v28.4 - https:\/\/yoast.com\/product\/yoast-seo-wordpress\/ -->\n<title>En Plein Air, domenica la scampagnata con attivit\u00e0 di disegno per grandi e piccini a cura della LIPU Belluno - Bellunopress - Dolomiti<\/title>\n<meta name=\"robots\" content=\"index, follow, max-snippet:-1, max-image-preview:large, max-video-preview:-1\" \/>\n<link rel=\"canonical\" href=\"https:\/\/www.bellunopress.it\/fr\/2026\/08\/29\/en-plein-air-domenica-la-scampagnata-con-attivita-di-disegno-per-grandi-e-piccini-a-cura-della-lipu-belluno\/\" \/>\n<meta property=\"og:locale\" content=\"fr_FR\" \/>\n<meta property=\"og:type\" content=\"article\" \/>\n<meta property=\"og:title\" content=\"En Plein Air, domenica la scampagnata con attivit\u00e0 di disegno per grandi e piccini a cura della LIPU Belluno - Bellunopress - Dolomiti\" \/>\n<meta property=\"og:description\" content=\"Belluno, 29\/08\/2026 &#8211;\u00a0La natura incontredibile della Valbelluna torna a essere protagonista di una giornata all&#8217;insegna dell&#8217;arte e della consapevolezza ambientale. La Delegazione LIPU di Belluno organizza per domenica 30 agosto 2026 l&#8217;evento &#8220;En Plein Air&#8221;, una suggestiva scampagnata aperta a grandi e piccini pensata per unire il piacere della camminata all&#8217;aria aperta con la pratica [&hellip;]\" \/>\n<meta property=\"og:url\" content=\"https:\/\/www.bellunopress.it\/fr\/2026\/08\/29\/en-plein-air-domenica-la-scampagnata-con-attivita-di-disegno-per-grandi-e-piccini-a-cura-della-lipu-belluno\/\" \/>\n<meta property=\"og:site_name\" content=\"Bellunopress - Dolomiti\" \/>\n<meta property=\"article:publisher\" content=\"https:\/\/www.facebook.com\/profile.php?id=100008943462799\" \/>\n<meta property=\"article:published_time\" content=\"2026-08-29T13:20:09+00:00\" \/>\n<meta property=\"og:image\" content=\"https:\/\/www.bellunopress.it\/wp-content\/uploads\/2026\/06\/Lipu.png\" \/>\n\t<meta property=\"og:image:width\" content=\"512\" \/>\n\t<meta property=\"og:image:height\" content=\"512\" \/>\n\t<meta property=\"og:image:type\" content=\"image\/png\" \/>\n<meta name=\"author\" content=\"redazione\" \/>\n<meta name=\"twitter:card\" content=\"summary_large_image\" \/>\n<meta name=\"twitter:creator\" content=\"@bellunopress\" \/>\n<meta name=\"twitter:site\" content=\"@bellunopress\" \/>\n<meta name=\"twitter:label1\" content=\"Written by\" \/>\n\t<meta name=\"twitter:data1\" content=\"redazione\" \/>\n\t<meta name=\"twitter:label2\" content=\"Est. reading time\" \/>\n\t<meta name=\"twitter:data2\" content=\"3 minutes\" \/>\n<script type=\"application\/ld+json\" class=\"yoast-schema-graph\">{\"@context\":\"https:\\\/\\\/schema.org\",\"@graph\":[{\"@type\":\"Article\",\"@id\":\"https:\\\/\\\/www.bellunopress.it\\\/2026\\\/08\\\/29\\\/en-plein-air-domenica-la-scampagnata-con-attivita-di-disegno-per-grandi-e-piccini-a-cura-della-lipu-belluno\\\/#article\",\"isPartOf\":{\"@id\":\"https:\\\/\\\/www.bellunopress.it\\\/2026\\\/08\\\/29\\\/en-plein-air-domenica-la-scampagnata-con-attivita-di-disegno-per-grandi-e-piccini-a-cura-della-lipu-belluno\\\/\"},\"author\":{\"name\":\"redazione\",\"@id\":\"https:\\\/\\\/www.bellunopress.it\\\/#\\\/schema\\\/person\\\/79bb06722b37ece1c03d3e94beb30d73\"},\"headline\":\"En Plein Air, domenica la scampagnata con attivit\u00e0 di disegno per grandi e piccini a cura della LIPU Belluno\",\"datePublished\":\"2026-08-29T13:20:09+00:00\",\"mainEntityOfPage\":{\"@id\":\"https:\\\/\\\/www.bellunopress.it\\\/2026\\\/08\\\/29\\\/en-plein-air-domenica-la-scampagnata-con-attivita-di-disegno-per-grandi-e-piccini-a-cura-della-lipu-belluno\\\/\"},\"wordCount\":388,\"publisher\":{\"@id\":\"https:\\\/\\\/www.bellunopress.it\\\/#organization\"},\"image\":{\"@id\":\"https:\\\/\\\/www.bellunopress.it\\\/2026\\\/08\\\/29\\\/en-plein-air-domenica-la-scampagnata-con-attivita-di-disegno-per-grandi-e-piccini-a-cura-della-lipu-belluno\\\/#primaryimage\"},\"thumbnailUrl\":\"https:\\\/\\\/www.bellunopress.it\\\/wp-content\\\/uploads\\\/2026\\\/06\\\/Lipu.png\",\"articleSection\":[\"Sport, tempo libero\"],\"inLanguage\":\"fr-FR\"},{\"@type\":\"WebPage\",\"@id\":\"https:\\\/\\\/www.bellunopress.it\\\/2026\\\/08\\\/29\\\/en-plein-air-domenica-la-scampagnata-con-attivita-di-disegno-per-grandi-e-piccini-a-cura-della-lipu-belluno\\\/\",\"url\":\"https:\\\/\\\/www.bellunopress.it\\\/2026\\\/08\\\/29\\\/en-plein-air-domenica-la-scampagnata-con-attivita-di-disegno-per-grandi-e-piccini-a-cura-della-lipu-belluno\\\/\",\"name\":\"En Plein Air, domenica la scampagnata con attivit\u00e0 di disegno per grandi e piccini a cura della LIPU Belluno - Bellunopress - Dolomiti\",\"isPartOf\":{\"@id\":\"https:\\\/\\\/www.bellunopress.it\\\/#website\"},\"primaryImageOfPage\":{\"@id\":\"https:\\\/\\\/www.bellunopress.it\\\/2026\\\/08\\\/29\\\/en-plein-air-domenica-la-scampagnata-con-attivita-di-disegno-per-grandi-e-piccini-a-cura-della-lipu-belluno\\\/#primaryimage\"},\"image\":{\"@id\":\"https:\\\/\\\/www.bellunopress.it\\\/2026\\\/08\\\/29\\\/en-plein-air-domenica-la-scampagnata-con-attivita-di-disegno-per-grandi-e-piccini-a-cura-della-lipu-belluno\\\/#primaryimage\"},\"thumbnailUrl\":\"https:\\\/\\\/www.bellunopress.it\\\/wp-content\\\/uploads\\\/2026\\\/06\\\/Lipu.png\",\"datePublished\":\"2026-08-29T13:20:09+00:00\",\"breadcrumb\":{\"@id\":\"https:\\\/\\\/www.bellunopress.it\\\/2026\\\/08\\\/29\\\/en-plein-air-domenica-la-scampagnata-con-attivita-di-disegno-per-grandi-e-piccini-a-cura-della-lipu-belluno\\\/#breadcrumb\"},\"inLanguage\":\"fr-FR\",\"potentialAction\":[{\"@type\":\"ReadAction\",\"target\":[\"https:\\\/\\\/www.bellunopress.it\\\/2026\\\/08\\\/29\\\/en-plein-air-domenica-la-scampagnata-con-attivita-di-disegno-per-grandi-e-piccini-a-cura-della-lipu-belluno\\\/\"]}]},{\"@type\":\"ImageObject\",\"inLanguage\":\"fr-FR\",\"@id\":\"https:\\\/\\\/www.bellunopress.it\\\/2026\\\/08\\\/29\\\/en-plein-air-domenica-la-scampagnata-con-attivita-di-disegno-per-grandi-e-piccini-a-cura-della-lipu-belluno\\\/#primaryimage\",\"url\":\"https:\\\/\\\/www.bellunopress.it\\\/wp-content\\\/uploads\\\/2026\\\/06\\\/Lipu.png\",\"contentUrl\":\"https:\\\/\\\/www.bellunopress.it\\\/wp-content\\\/uploads\\\/2026\\\/06\\\/Lipu.png\",\"width\":512,\"height\":512},{\"@type\":\"BreadcrumbList\",\"@id\":\"https:\\\/\\\/www.bellunopress.it\\\/2026\\\/08\\\/29\\\/en-plein-air-domenica-la-scampagnata-con-attivita-di-disegno-per-grandi-e-piccini-a-cura-della-lipu-belluno\\\/#breadcrumb\",\"itemListElement\":[{\"@type\":\"ListItem\",\"position\":1,\"name\":\"Home\",\"item\":\"https:\\\/\\\/www.bellunopress.it\\\/\"},{\"@type\":\"ListItem\",\"position\":2,\"name\":\"En Plein Air, domenica la scampagnata con attivit\u00e0 di disegno per grandi e piccini a cura della LIPU Belluno\"}]},{\"@type\":\"WebSite\",\"@id\":\"https:\\\/\\\/www.bellunopress.it\\\/#website\",\"url\":\"https:\\\/\\\/www.bellunopress.it\\\/\",\"name\":\"Bellunopress - Dolomiti\",\"description\":\"e-mail: redazione@bellunopress.it\",\"publisher\":{\"@id\":\"https:\\\/\\\/www.bellunopress.it\\\/#organization\"},\"potentialAction\":[{\"@type\":\"SearchAction\",\"target\":{\"@type\":\"EntryPoint\",\"urlTemplate\":\"https:\\\/\\\/www.bellunopress.it\\\/?s={search_term_string}\"},\"query-input\":{\"@type\":\"PropertyValueSpecification\",\"valueRequired\":true,\"valueName\":\"search_term_string\"}}],\"inLanguage\":\"fr-FR\"},{\"@type\":\"Organization\",\"@id\":\"https:\\\/\\\/www.bellunopress.it\\\/#organization\",\"name\":\"Bellunopress\",\"url\":\"https:\\\/\\\/www.bellunopress.it\\\/\",\"logo\":{\"@type\":\"ImageObject\",\"inLanguage\":\"fr-FR\",\"@id\":\"https:\\\/\\\/www.bellunopress.it\\\/#\\\/schema\\\/logo\\\/image\\\/\",\"url\":\"https:\\\/\\\/www.bellunopress.it\\\/wp-content\\\/uploads\\\/2011\\\/05\\\/cropped-logo-bellunopress-.jpg\",\"contentUrl\":\"https:\\\/\\\/www.bellunopress.it\\\/wp-content\\\/uploads\\\/2011\\\/05\\\/cropped-logo-bellunopress-.jpg\",\"width\":512,\"height\":512,\"caption\":\"Bellunopress\"},\"image\":{\"@id\":\"https:\\\/\\\/www.bellunopress.it\\\/#\\\/schema\\\/logo\\\/image\\\/\"},\"sameAs\":[\"https:\\\/\\\/www.facebook.com\\\/profile.php?id=100008943462799\",\"https:\\\/\\\/x.com\\\/bellunopress\",\"https:\\\/\\\/www.linkedin.com\\\/hp\\\/?dnr=JBzUWaJfMUw8vbXJJ2tVW5-I3jZKvC4wsoxE&amp;amp;amp;amp;amp;amp;trk=nav_responsive_tab_home\",\"https:\\\/\\\/www.youtube.com\\\/channel\\\/UCxL0wu1uN0_3_7hGG0306cw\"]},{\"@type\":\"Person\",\"@id\":\"https:\\\/\\\/www.bellunopress.it\\\/#\\\/schema\\\/person\\\/79bb06722b37ece1c03d3e94beb30d73\",\"name\":\"redazione\",\"image\":{\"@type\":\"ImageObject\",\"inLanguage\":\"fr-FR\",\"@id\":\"https:\\\/\\\/secure.gravatar.com\\\/avatar\\\/37d968a2e67a6fd04c169c4bdef102d0bc5d31b2546345219e348575eb80e9a0?s=96&d=mm&r=g\",\"url\":\"https:\\\/\\\/secure.gravatar.com\\\/avatar\\\/37d968a2e67a6fd04c169c4bdef102d0bc5d31b2546345219e348575eb80e9a0?s=96&d=mm&r=g\",\"contentUrl\":\"https:\\\/\\\/secure.gravatar.com\\\/avatar\\\/37d968a2e67a6fd04c169c4bdef102d0bc5d31b2546345219e348575eb80e9a0?s=96&d=mm&r=g\",\"caption\":\"redazione\"},\"sameAs\":[\"http:\\\/\\\/www.bellunopress.it\",\"https:\\\/\\\/x.com\\\/bellunopress\"],\"url\":\"https:\\\/\\\/www.bellunopress.it\\\/fr\\\/author\\\/redazione\\\/\"}]}<\/script>\n<!-- \/ Yoast SEO plugin. -->","yoast_head_json":{"title":"En Plein Air, domenica la scampagnata con attivit\u00e0 di disegno per grandi e piccini a cura della LIPU Belluno - Bellunopress - Dolomiti","robots":{"index":"index","follow":"follow","max-snippet":"max-snippet:-1","max-image-preview":"max-image-preview:large","max-video-preview":"max-video-preview:-1"},"canonical":"https:\/\/www.bellunopress.it\/fr\/2026\/08\/29\/en-plein-air-domenica-la-scampagnata-con-attivita-di-disegno-per-grandi-e-piccini-a-cura-della-lipu-belluno\/","og_locale":"fr_FR","og_type":"article","og_title":"En Plein Air, domenica la scampagnata con attivit\u00e0 di disegno per grandi e piccini a cura della LIPU Belluno - Bellunopress - Dolomiti","og_description":"Belluno, 29\/08\/2026 &#8211;\u00a0La natura incontredibile della Valbelluna torna a essere protagonista di una giornata all&#8217;insegna dell&#8217;arte e della consapevolezza ambientale. La Delegazione LIPU di Belluno organizza per domenica 30 agosto 2026 l&#8217;evento &#8220;En Plein Air&#8221;, una suggestiva scampagnata aperta a grandi e piccini pensata per unire il piacere della camminata all&#8217;aria aperta con la pratica [&hellip;]","og_url":"https:\/\/www.bellunopress.it\/fr\/2026\/08\/29\/en-plein-air-domenica-la-scampagnata-con-attivita-di-disegno-per-grandi-e-piccini-a-cura-della-lipu-belluno\/","og_site_name":"Bellunopress - Dolomiti","article_publisher":"https:\/\/www.facebook.com\/profile.php?id=100008943462799","article_published_time":"2026-08-29T13:20:09+00:00","og_image":[{"width":512,"height":512,"url":"https:\/\/www.bellunopress.it\/wp-content\/uploads\/2026\/06\/Lipu.png","type":"image\/png"}],"author":"redazione","twitter_card":"summary_large_image","twitter_creator":"@bellunopress","twitter_site":"@bellunopress","twitter_misc":{"Written by":"redazione","Est. reading time":"3 minutes"},"schema":{"@context":"https:\/\/schema.org","@graph":[{"@type":"Article","@id":"https:\/\/www.bellunopress.it\/2026\/08\/29\/en-plein-air-domenica-la-scampagnata-con-attivita-di-disegno-per-grandi-e-piccini-a-cura-della-lipu-belluno\/#article","isPartOf":{"@id":"https:\/\/www.bellunopress.it\/2026\/08\/29\/en-plein-air-domenica-la-scampagnata-con-attivita-di-disegno-per-grandi-e-piccini-a-cura-della-lipu-belluno\/"},"author":{"name":"redazione","@id":"https:\/\/www.bellunopress.it\/#\/schema\/person\/79bb06722b37ece1c03d3e94beb30d73"},"headline":"En Plein Air, domenica la scampagnata con attivit\u00e0 di disegno per grandi e piccini a cura della LIPU Belluno","datePublished":"2026-08-29T13:20:09+00:00","mainEntityOfPage":{"@id":"https:\/\/www.bellunopress.it\/2026\/08\/29\/en-plein-air-domenica-la-scampagnata-con-attivita-di-disegno-per-grandi-e-piccini-a-cura-della-lipu-belluno\/"},"wordCount":388,"publisher":{"@id":"https:\/\/www.bellunopress.it\/#organization"},"image":{"@id":"https:\/\/www.bellunopress.it\/2026\/08\/29\/en-plein-air-domenica-la-scampagnata-con-attivita-di-disegno-per-grandi-e-piccini-a-cura-della-lipu-belluno\/#primaryimage"},"thumbnailUrl":"https:\/\/www.bellunopress.it\/wp-content\/uploads\/2026\/06\/Lipu.png","articleSection":["Sport, tempo libero"],"inLanguage":"fr-FR"},{"@type":"WebPage","@id":"https:\/\/www.bellunopress.it\/2026\/08\/29\/en-plein-air-domenica-la-scampagnata-con-attivita-di-disegno-per-grandi-e-piccini-a-cura-della-lipu-belluno\/","url":"https:\/\/www.bellunopress.it\/2026\/08\/29\/en-plein-air-domenica-la-scampagnata-con-attivita-di-disegno-per-grandi-e-piccini-a-cura-della-lipu-belluno\/","name":"En Plein Air, domenica la scampagnata con attivit\u00e0 di disegno per grandi e piccini a cura della LIPU Belluno - Bellunopress - Dolomiti","isPartOf":{"@id":"https:\/\/www.bellunopress.it\/#website"},"primaryImageOfPage":{"@id":"https:\/\/www.bellunopress.it\/2026\/08\/29\/en-plein-air-domenica-la-scampagnata-con-attivita-di-disegno-per-grandi-e-piccini-a-cura-della-lipu-belluno\/#primaryimage"},"image":{"@id":"https:\/\/www.bellunopress.it\/2026\/08\/29\/en-plein-air-domenica-la-scampagnata-con-attivita-di-disegno-per-grandi-e-piccini-a-cura-della-lipu-belluno\/#primaryimage"},"thumbnailUrl":"https:\/\/www.bellunopress.it\/wp-content\/uploads\/2026\/06\/Lipu.png","datePublished":"2026-08-29T13:20:09+00:00","breadcrumb":{"@id":"https:\/\/www.bellunopress.it\/2026\/08\/29\/en-plein-air-domenica-la-scampagnata-con-attivita-di-disegno-per-grandi-e-piccini-a-cura-della-lipu-belluno\/#breadcrumb"},"inLanguage":"fr-FR","potentialAction":[{"@type":"ReadAction","target":["https:\/\/www.bellunopress.it\/2026\/08\/29\/en-plein-air-domenica-la-scampagnata-con-attivita-di-disegno-per-grandi-e-piccini-a-cura-della-lipu-belluno\/"]}]},{"@type":"ImageObject","inLanguage":"fr-FR","@id":"https:\/\/www.bellunopress.it\/2026\/08\/29\/en-plein-air-domenica-la-scampagnata-con-attivita-di-disegno-per-grandi-e-piccini-a-cura-della-lipu-belluno\/#primaryimage","url":"https:\/\/www.bellunopress.it\/wp-content\/uploads\/2026\/06\/Lipu.png","contentUrl":"https:\/\/www.bellunopress.it\/wp-content\/uploads\/2026\/06\/Lipu.png","width":512,"height":512},{"@type":"BreadcrumbList","@id":"https:\/\/www.bellunopress.it\/2026\/08\/29\/en-plein-air-domenica-la-scampagnata-con-attivita-di-disegno-per-grandi-e-piccini-a-cura-della-lipu-belluno\/#breadcrumb","itemListElement":[{"@type":"ListItem","position":1,"name":"Home","item":"https:\/\/www.bellunopress.it\/"},{"@type":"ListItem","position":2,"name":"En Plein Air, domenica la scampagnata con attivit\u00e0 di disegno per grandi e piccini a cura della LIPU Belluno"}]},{"@type":"WebSite","@id":"https:\/\/www.bellunopress.it\/#website","url":"https:\/\/www.bellunopress.it\/","name":"Bellunopress - Dolomiti","description":"e-mail: redazione@bellunopress.it","publisher":{"@id":"https:\/\/www.bellunopress.it\/#organization"},"potentialAction":[{"@type":"SearchAction","target":{"@type":"EntryPoint","urlTemplate":"https:\/\/www.bellunopress.it\/?s={search_term_string}"},"query-input":{"@type":"PropertyValueSpecification","valueRequired":true,"valueName":"search_term_string"}}],"inLanguage":"fr-FR"},{"@type":"Organization","@id":"https:\/\/www.bellunopress.it\/#organization","name":"Bellunopress","url":"https:\/\/www.bellunopress.it\/","logo":{"@type":"ImageObject","inLanguage":"fr-FR","@id":"https:\/\/www.bellunopress.it\/#\/schema\/logo\/image\/","url":"https:\/\/www.bellunopress.it\/wp-content\/uploads\/2011\/05\/cropped-logo-bellunopress-.jpg","contentUrl":"https:\/\/www.bellunopress.it\/wp-content\/uploads\/2011\/05\/cropped-logo-bellunopress-.jpg","width":512,"height":512,"caption":"Bellunopress"},"image":{"@id":"https:\/\/www.bellunopress.it\/#\/schema\/logo\/image\/"},"sameAs":["https:\/\/www.facebook.com\/profile.php?id=100008943462799","https:\/\/x.com\/bellunopress","https:\/\/www.linkedin.com\/hp\/?dnr=JBzUWaJfMUw8vbXJJ2tVW5-I3jZKvC4wsoxE&amp;amp;amp;amp;amp;amp;trk=nav_responsive_tab_home","https:\/\/www.youtube.com\/channel\/UCxL0wu1uN0_3_7hGG0306cw"]},{"@type":"Person","@id":"https:\/\/www.bellunopress.it\/#\/schema\/person\/79bb06722b37ece1c03d3e94beb30d73","name":"r\u00e9daction","image":{"@type":"ImageObject","inLanguage":"fr-FR","@id":"https:\/\/secure.gravatar.com\/avatar\/37d968a2e67a6fd04c169c4bdef102d0bc5d31b2546345219e348575eb80e9a0?s=96&d=mm&r=g","url":"https:\/\/secure.gravatar.com\/avatar\/37d968a2e67a6fd04c169c4bdef102d0bc5d31b2546345219e348575eb80e9a0?s=96&d=mm&r=g","contentUrl":"https:\/\/secure.gravatar.com\/avatar\/37d968a2e67a6fd04c169c4bdef102d0bc5d31b2546345219e348575eb80e9a0?s=96&d=mm&r=g","caption":"redazione"},"sameAs":["http:\/\/www.bellunopress.it","https:\/\/x.com\/bellunopress"],"url":"https:\/\/www.bellunopress.it\/fr\/author\/redazione\/"}]}},"_links":{"self":[{"href":"https:\/\/www.bellunopress.it\/fr\/wp-json\/wp\/v2\/posts\/172982","targetHints":{"allow":["GET"]}}],"collection":[{"href":"https:\/\/www.bellunopress.it\/fr\/wp-json\/wp\/v2\/posts"}],"about":[{"href":"https:\/\/www.bellunopress.it\/fr\/wp-json\/wp\/v2\/types\/post"}],"author":[{"embeddable":true,"href":"https:\/\/www.bellunopress.it\/fr\/wp-json\/wp\/v2\/users\/2"}],"replies":[{"embeddable":true,"href":"https:\/\/www.bellunopress.it\/fr\/wp-json\/wp\/v2\/comments?post=172982"}],"version-history":[{"count":1,"href":"https:\/\/www.bellunopress.it\/fr\/wp-json\/wp\/v2\/posts\/172982\/revisions"}],"predecessor-version":[{"id":172983,"href":"https:\/\/www.bellunopress.it\/fr\/wp-json\/wp\/v2\/posts\/172982\/revisions\/172983"}],"wp:featuredmedia":[{"embeddable":true,"href":"https:\/\/www.bellunopress.it\/fr\/wp-json\/wp\/v2\/media\/170978"}],"wp:attachment":[{"href":"https:\/\/www.bellunopress.it\/fr\/wp-json\/wp\/v2\/media?parent=172982"}],"wp:term":[{"taxonomy":"category","embeddable":true,"href":"https:\/\/www.bellunopress.it\/fr\/wp-json\/wp\/v2\/categories?post=172982"},{"taxonomy":"post_tag","embeddable":true,"href":"https:\/\/www.bellunopress.it\/fr\/wp-json\/wp\/v2\/tags?post=172982"}],"curies":[{"name":"wp","href":"https:\/\/api.w.org\/{rel}","templated":true}]}}