{"id":172980,"date":"2026-08-30T12:00:11","date_gmt":"2026-08-30T10:00:11","guid":{"rendered":"https:\/\/www.bellunopress.it\/?p=172980"},"modified":"2026-08-29T14:20:14","modified_gmt":"2026-08-29T12:20:14","slug":"mirta-amanda-barbonetti-e-alfonso-brezmes-ospiti-al-festival-internazionale-di-poesia-cabudanne-de-sos-poetas","status":"publish","type":"post","link":"https:\/\/www.bellunopress.it\/fr\/2026\/08\/30\/mirta-amanda-barbonetti-e-alfonso-brezmes-ospiti-al-festival-internazionale-di-poesia-cabudanne-de-sos-poetas\/","title":{"rendered":"Mirta Amanda Barbonetti e Alfonso Brezmes ospiti al festival internazionale di poesia Cabudanne De Sos Poetas"},"content":{"rendered":"<p>Seneghe &#8211; Oristano &#8211; 5 settembre: Mirta Amanda Barbonetti torna al festival Cabudanne De Sos Poetas\u00a0 22ma edizione, Sguardi Meridiani per presentare &#8220;Quando ci sono&#8221;, antologia del poeta madrileno Alfonso Brezmes.<br \/>\nIl sodalizio artistico Brezmes-Barbonetti \u00e8 sempre pi\u00f9 collaudato. Non \u00e8 la prima volta che la bellunese Mirta Amanda Barbonetti traduce per Einaudi l\u2019opera poetica dello spagnolo Alfonso Brezmes. Dopo il successo di Quando non ci sono (2021) presentato gi\u00e0 in Sardegna, ma anche a Belluno all\u2019interno della 4^ edizione della rassegna A casa di Dino, organizzata dall\u2019Ass. Villa Buzzati S. Pellegrino il granaio, il festival Cabudanne de sos poetas di Seneghe (OR) il 5 settembre alle 17:00 ospita nuovamente Brezmes e Barbonetti per l\u2019anteprima nazionale di &#8220;Quando ci sono&#8221;, secondo volume del poeta madrileno e seconda fatica della nostra traduttrice bellunese, che nel 2025 venne invitata al Circulo de Bellas Artes di Madrid per presentarne la prima mondiale. Un grande riconoscimento per Mirta Amanda Barbonetti, che da sempre si occupa di poesia e da molto tempo segue l\u2019opera del poeta spagnolo.<\/p>\n<p>&#8220;Quando ci sono&#8221;, gi\u00e0 nel gioco di parole, vuole essere complementare alla precedente antologia, l\u2019altra faccia della stessa medaglia. Impossibile infatti parlare di &#8220;Quando ci sono&#8221; senza ricordare il fratello maggiore, cui \u00e8 legato da un doppio filo, dal momento che sono le due facce della stessa medaglia.<br \/>\n\u00c8 un poeta pi\u00f9 introspettivo e disilluso quello che accompagna il lettore in questo nuovo viaggio; 75 poesie compongono le otto sezioni del testo, in un viaggio a ritroso nel tempo, dall\u2019ultima raccolta del 2023 alla prima del 2013.<br \/>\nBezmes, con questa seconda antologia, ritorna con i leit motiv che tanto hanno incantato il suo pubblico: amore, desiderio, affetti filtrati dalla memoria, nelle loro consuete atmosfere surreali perennemente in bilico tra sogno e realt\u00e0. Chiave di tutto resta la parola, strumento a cui Brezmes, affida poteri assoluti, perch\u00e9 la parola vive dove abita il silenzio.<br \/>\nNella presentazione si parler\u00e0 anche dell\u2019ultimo libro, &#8220;El don de la tristeza&#8221;, pubblicato a marzo del 2026, con cui l\u2019autore ha vinto nel 2025 il prestigioso concorso letterario spagnolo XXIV Premio Emilio Alarcos de Poes\u00eda dedicato alla poesia in lingua castigliana, libro ora allo studio per un nuovo progetto editoriale da parte sempre di Einaudi. Sar\u00e0 una nuova sfida per Mirta Amanda Barbonetti e un\u2019ulteriore possibilit\u00e0 di distinguersi nel panorama dei traduttori di poesia dal castigliano.<\/p>\n<p>(https:\/\/www.settembredeipoeti.it\/),<\/p>","protected":false},"excerpt":{"rendered":"<p>Seneghe &#8211; Oristano &#8211; 5 settembre: Mirta Amanda Barbonetti torna al festival Cabudanne De Sos Poetas\u00a0 22ma edizione, Sguardi Meridiani per presentare &#8220;Quando ci sono&#8221;, antologia del poeta madrileno Alfonso Brezmes. Il sodalizio artistico Brezmes-Barbonetti \u00e8 sempre pi\u00f9 collaudato. Non \u00e8 la prima volta che la bellunese Mirta Amanda Barbonetti traduce per Einaudi l\u2019opera poetica [&hellip;]<\/p>\n","protected":false},"author":2,"featured_media":162908,"comment_status":"closed","ping_status":"open","sticky":false,"template":"","format":"standard","meta":{"footnotes":""},"categories":[3,25],"tags":[],"class_list":["post-172980","post","type-post","status-publish","format-standard","has-post-thumbnail","category-arte-cultura-spettacoli-scienza-archivi","category-pausa-caffe"],"yoast_head":"<!-- This site is optimized with the Yoast SEO plugin v28.4 - https:\/\/yoast.com\/product\/yoast-seo-wordpress\/ -->\n<title>Mirta Amanda Barbonetti e Alfonso Brezmes ospiti al festival internazionale di poesia Cabudanne De Sos Poetas - Bellunopress - Dolomiti<\/title>\n<meta name=\"robots\" content=\"index, follow, max-snippet:-1, max-image-preview:large, max-video-preview:-1\" \/>\n<link rel=\"canonical\" href=\"https:\/\/www.bellunopress.it\/fr\/2026\/08\/30\/mirta-amanda-barbonetti-e-alfonso-brezmes-ospiti-al-festival-internazionale-di-poesia-cabudanne-de-sos-poetas\/\" \/>\n<meta property=\"og:locale\" content=\"fr_FR\" \/>\n<meta property=\"og:type\" content=\"article\" \/>\n<meta property=\"og:title\" content=\"Mirta Amanda Barbonetti e Alfonso Brezmes ospiti al festival internazionale di poesia Cabudanne De Sos Poetas - Bellunopress - Dolomiti\" \/>\n<meta property=\"og:description\" content=\"Seneghe &#8211; Oristano &#8211; 5 settembre: Mirta Amanda Barbonetti torna al festival Cabudanne De Sos Poetas\u00a0 22ma edizione, Sguardi Meridiani per presentare &#8220;Quando ci sono&#8221;, antologia del poeta madrileno Alfonso Brezmes. Il sodalizio artistico Brezmes-Barbonetti \u00e8 sempre pi\u00f9 collaudato. Non \u00e8 la prima volta che la bellunese Mirta Amanda Barbonetti traduce per Einaudi l\u2019opera poetica [&hellip;]\" \/>\n<meta property=\"og:url\" content=\"https:\/\/www.bellunopress.it\/fr\/2026\/08\/30\/mirta-amanda-barbonetti-e-alfonso-brezmes-ospiti-al-festival-internazionale-di-poesia-cabudanne-de-sos-poetas\/\" \/>\n<meta property=\"og:site_name\" content=\"Bellunopress - Dolomiti\" \/>\n<meta property=\"article:publisher\" content=\"https:\/\/www.facebook.com\/profile.php?id=100008943462799\" \/>\n<meta property=\"article:published_time\" content=\"2026-08-30T10:00:11+00:00\" \/>\n<meta property=\"og:image\" content=\"https:\/\/www.bellunopress.it\/wp-content\/uploads\/2025\/08\/Mirta-Amanda-Barbonetti-e-Alfonso-Brezmes-.jpg\" \/>\n\t<meta property=\"og:image:width\" content=\"800\" \/>\n\t<meta property=\"og:image:height\" content=\"578\" \/>\n\t<meta property=\"og:image:type\" content=\"image\/jpeg\" \/>\n<meta name=\"author\" content=\"redazione\" \/>\n<meta name=\"twitter:card\" content=\"summary_large_image\" \/>\n<meta name=\"twitter:creator\" content=\"@bellunopress\" \/>\n<meta name=\"twitter:site\" content=\"@bellunopress\" \/>\n<meta name=\"twitter:label1\" content=\"Written by\" \/>\n\t<meta name=\"twitter:data1\" content=\"redazione\" \/>\n\t<meta name=\"twitter:label2\" content=\"Est. reading time\" \/>\n\t<meta name=\"twitter:data2\" content=\"3 minutes\" \/>\n<script type=\"application\/ld+json\" class=\"yoast-schema-graph\">{\"@context\":\"https:\\\/\\\/schema.org\",\"@graph\":[{\"@type\":\"Article\",\"@id\":\"https:\\\/\\\/www.bellunopress.it\\\/2026\\\/08\\\/30\\\/mirta-amanda-barbonetti-e-alfonso-brezmes-ospiti-al-festival-internazionale-di-poesia-cabudanne-de-sos-poetas\\\/#article\",\"isPartOf\":{\"@id\":\"https:\\\/\\\/www.bellunopress.it\\\/2026\\\/08\\\/30\\\/mirta-amanda-barbonetti-e-alfonso-brezmes-ospiti-al-festival-internazionale-di-poesia-cabudanne-de-sos-poetas\\\/\"},\"author\":{\"name\":\"redazione\",\"@id\":\"https:\\\/\\\/www.bellunopress.it\\\/#\\\/schema\\\/person\\\/79bb06722b37ece1c03d3e94beb30d73\"},\"headline\":\"Mirta Amanda Barbonetti e Alfonso Brezmes ospiti al festival internazionale di poesia Cabudanne De Sos Poetas\",\"datePublished\":\"2026-08-30T10:00:11+00:00\",\"mainEntityOfPage\":{\"@id\":\"https:\\\/\\\/www.bellunopress.it\\\/2026\\\/08\\\/30\\\/mirta-amanda-barbonetti-e-alfonso-brezmes-ospiti-al-festival-internazionale-di-poesia-cabudanne-de-sos-poetas\\\/\"},\"wordCount\":407,\"publisher\":{\"@id\":\"https:\\\/\\\/www.bellunopress.it\\\/#organization\"},\"image\":{\"@id\":\"https:\\\/\\\/www.bellunopress.it\\\/2026\\\/08\\\/30\\\/mirta-amanda-barbonetti-e-alfonso-brezmes-ospiti-al-festival-internazionale-di-poesia-cabudanne-de-sos-poetas\\\/#primaryimage\"},\"thumbnailUrl\":\"https:\\\/\\\/www.bellunopress.it\\\/wp-content\\\/uploads\\\/2025\\\/08\\\/Mirta-Amanda-Barbonetti-e-Alfonso-Brezmes-.jpg\",\"articleSection\":[\"Arte, Cultura, Spettacoli, Scienza\",\"Pausa Caff\u00e8\"],\"inLanguage\":\"fr-FR\"},{\"@type\":\"WebPage\",\"@id\":\"https:\\\/\\\/www.bellunopress.it\\\/2026\\\/08\\\/30\\\/mirta-amanda-barbonetti-e-alfonso-brezmes-ospiti-al-festival-internazionale-di-poesia-cabudanne-de-sos-poetas\\\/\",\"url\":\"https:\\\/\\\/www.bellunopress.it\\\/2026\\\/08\\\/30\\\/mirta-amanda-barbonetti-e-alfonso-brezmes-ospiti-al-festival-internazionale-di-poesia-cabudanne-de-sos-poetas\\\/\",\"name\":\"Mirta Amanda Barbonetti e Alfonso Brezmes ospiti al festival internazionale di poesia Cabudanne De Sos Poetas - Bellunopress - Dolomiti\",\"isPartOf\":{\"@id\":\"https:\\\/\\\/www.bellunopress.it\\\/#website\"},\"primaryImageOfPage\":{\"@id\":\"https:\\\/\\\/www.bellunopress.it\\\/2026\\\/08\\\/30\\\/mirta-amanda-barbonetti-e-alfonso-brezmes-ospiti-al-festival-internazionale-di-poesia-cabudanne-de-sos-poetas\\\/#primaryimage\"},\"image\":{\"@id\":\"https:\\\/\\\/www.bellunopress.it\\\/2026\\\/08\\\/30\\\/mirta-amanda-barbonetti-e-alfonso-brezmes-ospiti-al-festival-internazionale-di-poesia-cabudanne-de-sos-poetas\\\/#primaryimage\"},\"thumbnailUrl\":\"https:\\\/\\\/www.bellunopress.it\\\/wp-content\\\/uploads\\\/2025\\\/08\\\/Mirta-Amanda-Barbonetti-e-Alfonso-Brezmes-.jpg\",\"datePublished\":\"2026-08-30T10:00:11+00:00\",\"breadcrumb\":{\"@id\":\"https:\\\/\\\/www.bellunopress.it\\\/2026\\\/08\\\/30\\\/mirta-amanda-barbonetti-e-alfonso-brezmes-ospiti-al-festival-internazionale-di-poesia-cabudanne-de-sos-poetas\\\/#breadcrumb\"},\"inLanguage\":\"fr-FR\",\"potentialAction\":[{\"@type\":\"ReadAction\",\"target\":[\"https:\\\/\\\/www.bellunopress.it\\\/2026\\\/08\\\/30\\\/mirta-amanda-barbonetti-e-alfonso-brezmes-ospiti-al-festival-internazionale-di-poesia-cabudanne-de-sos-poetas\\\/\"]}]},{\"@type\":\"ImageObject\",\"inLanguage\":\"fr-FR\",\"@id\":\"https:\\\/\\\/www.bellunopress.it\\\/2026\\\/08\\\/30\\\/mirta-amanda-barbonetti-e-alfonso-brezmes-ospiti-al-festival-internazionale-di-poesia-cabudanne-de-sos-poetas\\\/#primaryimage\",\"url\":\"https:\\\/\\\/www.bellunopress.it\\\/wp-content\\\/uploads\\\/2025\\\/08\\\/Mirta-Amanda-Barbonetti-e-Alfonso-Brezmes-.jpg\",\"contentUrl\":\"https:\\\/\\\/www.bellunopress.it\\\/wp-content\\\/uploads\\\/2025\\\/08\\\/Mirta-Amanda-Barbonetti-e-Alfonso-Brezmes-.jpg\",\"width\":800,\"height\":578,\"caption\":\"Mirta Amanda Barbonetti e Alfonso Brezmes\"},{\"@type\":\"BreadcrumbList\",\"@id\":\"https:\\\/\\\/www.bellunopress.it\\\/2026\\\/08\\\/30\\\/mirta-amanda-barbonetti-e-alfonso-brezmes-ospiti-al-festival-internazionale-di-poesia-cabudanne-de-sos-poetas\\\/#breadcrumb\",\"itemListElement\":[{\"@type\":\"ListItem\",\"position\":1,\"name\":\"Home\",\"item\":\"https:\\\/\\\/www.bellunopress.it\\\/\"},{\"@type\":\"ListItem\",\"position\":2,\"name\":\"Mirta Amanda Barbonetti e Alfonso Brezmes ospiti al festival internazionale di poesia Cabudanne De Sos Poetas\"}]},{\"@type\":\"WebSite\",\"@id\":\"https:\\\/\\\/www.bellunopress.it\\\/#website\",\"url\":\"https:\\\/\\\/www.bellunopress.it\\\/\",\"name\":\"Bellunopress - Dolomiti\",\"description\":\"e-mail: redazione@bellunopress.it\",\"publisher\":{\"@id\":\"https:\\\/\\\/www.bellunopress.it\\\/#organization\"},\"potentialAction\":[{\"@type\":\"SearchAction\",\"target\":{\"@type\":\"EntryPoint\",\"urlTemplate\":\"https:\\\/\\\/www.bellunopress.it\\\/?s={search_term_string}\"},\"query-input\":{\"@type\":\"PropertyValueSpecification\",\"valueRequired\":true,\"valueName\":\"search_term_string\"}}],\"inLanguage\":\"fr-FR\"},{\"@type\":\"Organization\",\"@id\":\"https:\\\/\\\/www.bellunopress.it\\\/#organization\",\"name\":\"Bellunopress\",\"url\":\"https:\\\/\\\/www.bellunopress.it\\\/\",\"logo\":{\"@type\":\"ImageObject\",\"inLanguage\":\"fr-FR\",\"@id\":\"https:\\\/\\\/www.bellunopress.it\\\/#\\\/schema\\\/logo\\\/image\\\/\",\"url\":\"https:\\\/\\\/www.bellunopress.it\\\/wp-content\\\/uploads\\\/2011\\\/05\\\/cropped-logo-bellunopress-.jpg\",\"contentUrl\":\"https:\\\/\\\/www.bellunopress.it\\\/wp-content\\\/uploads\\\/2011\\\/05\\\/cropped-logo-bellunopress-.jpg\",\"width\":512,\"height\":512,\"caption\":\"Bellunopress\"},\"image\":{\"@id\":\"https:\\\/\\\/www.bellunopress.it\\\/#\\\/schema\\\/logo\\\/image\\\/\"},\"sameAs\":[\"https:\\\/\\\/www.facebook.com\\\/profile.php?id=100008943462799\",\"https:\\\/\\\/x.com\\\/bellunopress\",\"https:\\\/\\\/www.linkedin.com\\\/hp\\\/?dnr=JBzUWaJfMUw8vbXJJ2tVW5-I3jZKvC4wsoxE&amp;amp;amp;amp;amp;amp;trk=nav_responsive_tab_home\",\"https:\\\/\\\/www.youtube.com\\\/channel\\\/UCxL0wu1uN0_3_7hGG0306cw\"]},{\"@type\":\"Person\",\"@id\":\"https:\\\/\\\/www.bellunopress.it\\\/#\\\/schema\\\/person\\\/79bb06722b37ece1c03d3e94beb30d73\",\"name\":\"redazione\",\"image\":{\"@type\":\"ImageObject\",\"inLanguage\":\"fr-FR\",\"@id\":\"https:\\\/\\\/secure.gravatar.com\\\/avatar\\\/37d968a2e67a6fd04c169c4bdef102d0bc5d31b2546345219e348575eb80e9a0?s=96&d=mm&r=g\",\"url\":\"https:\\\/\\\/secure.gravatar.com\\\/avatar\\\/37d968a2e67a6fd04c169c4bdef102d0bc5d31b2546345219e348575eb80e9a0?s=96&d=mm&r=g\",\"contentUrl\":\"https:\\\/\\\/secure.gravatar.com\\\/avatar\\\/37d968a2e67a6fd04c169c4bdef102d0bc5d31b2546345219e348575eb80e9a0?s=96&d=mm&r=g\",\"caption\":\"redazione\"},\"sameAs\":[\"http:\\\/\\\/www.bellunopress.it\",\"https:\\\/\\\/x.com\\\/bellunopress\"],\"url\":\"https:\\\/\\\/www.bellunopress.it\\\/fr\\\/author\\\/redazione\\\/\"}]}<\/script>\n<!-- \/ Yoast SEO plugin. -->","yoast_head_json":{"title":"Mirta Amanda Barbonetti e Alfonso Brezmes ospiti al festival internazionale di poesia Cabudanne De Sos Poetas - Bellunopress - Dolomiti","robots":{"index":"index","follow":"follow","max-snippet":"max-snippet:-1","max-image-preview":"max-image-preview:large","max-video-preview":"max-video-preview:-1"},"canonical":"https:\/\/www.bellunopress.it\/fr\/2026\/08\/30\/mirta-amanda-barbonetti-e-alfonso-brezmes-ospiti-al-festival-internazionale-di-poesia-cabudanne-de-sos-poetas\/","og_locale":"fr_FR","og_type":"article","og_title":"Mirta Amanda Barbonetti e Alfonso Brezmes ospiti al festival internazionale di poesia Cabudanne De Sos Poetas - Bellunopress - Dolomiti","og_description":"Seneghe &#8211; Oristano &#8211; 5 settembre: Mirta Amanda Barbonetti torna al festival Cabudanne De Sos Poetas\u00a0 22ma edizione, Sguardi Meridiani per presentare &#8220;Quando ci sono&#8221;, antologia del poeta madrileno Alfonso Brezmes. Il sodalizio artistico Brezmes-Barbonetti \u00e8 sempre pi\u00f9 collaudato. Non \u00e8 la prima volta che la bellunese Mirta Amanda Barbonetti traduce per Einaudi l\u2019opera poetica [&hellip;]","og_url":"https:\/\/www.bellunopress.it\/fr\/2026\/08\/30\/mirta-amanda-barbonetti-e-alfonso-brezmes-ospiti-al-festival-internazionale-di-poesia-cabudanne-de-sos-poetas\/","og_site_name":"Bellunopress - Dolomiti","article_publisher":"https:\/\/www.facebook.com\/profile.php?id=100008943462799","article_published_time":"2026-08-30T10:00:11+00:00","og_image":[{"width":800,"height":578,"url":"https:\/\/www.bellunopress.it\/wp-content\/uploads\/2025\/08\/Mirta-Amanda-Barbonetti-e-Alfonso-Brezmes-.jpg","type":"image\/jpeg"}],"author":"redazione","twitter_card":"summary_large_image","twitter_creator":"@bellunopress","twitter_site":"@bellunopress","twitter_misc":{"Written by":"redazione","Est. reading time":"3 minutes"},"schema":{"@context":"https:\/\/schema.org","@graph":[{"@type":"Article","@id":"https:\/\/www.bellunopress.it\/2026\/08\/30\/mirta-amanda-barbonetti-e-alfonso-brezmes-ospiti-al-festival-internazionale-di-poesia-cabudanne-de-sos-poetas\/#article","isPartOf":{"@id":"https:\/\/www.bellunopress.it\/2026\/08\/30\/mirta-amanda-barbonetti-e-alfonso-brezmes-ospiti-al-festival-internazionale-di-poesia-cabudanne-de-sos-poetas\/"},"author":{"name":"redazione","@id":"https:\/\/www.bellunopress.it\/#\/schema\/person\/79bb06722b37ece1c03d3e94beb30d73"},"headline":"Mirta Amanda Barbonetti e Alfonso Brezmes ospiti al festival internazionale di poesia Cabudanne De Sos Poetas","datePublished":"2026-08-30T10:00:11+00:00","mainEntityOfPage":{"@id":"https:\/\/www.bellunopress.it\/2026\/08\/30\/mirta-amanda-barbonetti-e-alfonso-brezmes-ospiti-al-festival-internazionale-di-poesia-cabudanne-de-sos-poetas\/"},"wordCount":407,"publisher":{"@id":"https:\/\/www.bellunopress.it\/#organization"},"image":{"@id":"https:\/\/www.bellunopress.it\/2026\/08\/30\/mirta-amanda-barbonetti-e-alfonso-brezmes-ospiti-al-festival-internazionale-di-poesia-cabudanne-de-sos-poetas\/#primaryimage"},"thumbnailUrl":"https:\/\/www.bellunopress.it\/wp-content\/uploads\/2025\/08\/Mirta-Amanda-Barbonetti-e-Alfonso-Brezmes-.jpg","articleSection":["Arte, Cultura, Spettacoli, Scienza","Pausa Caff\u00e8"],"inLanguage":"fr-FR"},{"@type":"WebPage","@id":"https:\/\/www.bellunopress.it\/2026\/08\/30\/mirta-amanda-barbonetti-e-alfonso-brezmes-ospiti-al-festival-internazionale-di-poesia-cabudanne-de-sos-poetas\/","url":"https:\/\/www.bellunopress.it\/2026\/08\/30\/mirta-amanda-barbonetti-e-alfonso-brezmes-ospiti-al-festival-internazionale-di-poesia-cabudanne-de-sos-poetas\/","name":"Mirta Amanda Barbonetti e Alfonso Brezmes ospiti al festival internazionale di poesia Cabudanne De Sos Poetas - Bellunopress - Dolomiti","isPartOf":{"@id":"https:\/\/www.bellunopress.it\/#website"},"primaryImageOfPage":{"@id":"https:\/\/www.bellunopress.it\/2026\/08\/30\/mirta-amanda-barbonetti-e-alfonso-brezmes-ospiti-al-festival-internazionale-di-poesia-cabudanne-de-sos-poetas\/#primaryimage"},"image":{"@id":"https:\/\/www.bellunopress.it\/2026\/08\/30\/mirta-amanda-barbonetti-e-alfonso-brezmes-ospiti-al-festival-internazionale-di-poesia-cabudanne-de-sos-poetas\/#primaryimage"},"thumbnailUrl":"https:\/\/www.bellunopress.it\/wp-content\/uploads\/2025\/08\/Mirta-Amanda-Barbonetti-e-Alfonso-Brezmes-.jpg","datePublished":"2026-08-30T10:00:11+00:00","breadcrumb":{"@id":"https:\/\/www.bellunopress.it\/2026\/08\/30\/mirta-amanda-barbonetti-e-alfonso-brezmes-ospiti-al-festival-internazionale-di-poesia-cabudanne-de-sos-poetas\/#breadcrumb"},"inLanguage":"fr-FR","potentialAction":[{"@type":"ReadAction","target":["https:\/\/www.bellunopress.it\/2026\/08\/30\/mirta-amanda-barbonetti-e-alfonso-brezmes-ospiti-al-festival-internazionale-di-poesia-cabudanne-de-sos-poetas\/"]}]},{"@type":"ImageObject","inLanguage":"fr-FR","@id":"https:\/\/www.bellunopress.it\/2026\/08\/30\/mirta-amanda-barbonetti-e-alfonso-brezmes-ospiti-al-festival-internazionale-di-poesia-cabudanne-de-sos-poetas\/#primaryimage","url":"https:\/\/www.bellunopress.it\/wp-content\/uploads\/2025\/08\/Mirta-Amanda-Barbonetti-e-Alfonso-Brezmes-.jpg","contentUrl":"https:\/\/www.bellunopress.it\/wp-content\/uploads\/2025\/08\/Mirta-Amanda-Barbonetti-e-Alfonso-Brezmes-.jpg","width":800,"height":578,"caption":"Mirta Amanda Barbonetti e Alfonso Brezmes"},{"@type":"BreadcrumbList","@id":"https:\/\/www.bellunopress.it\/2026\/08\/30\/mirta-amanda-barbonetti-e-alfonso-brezmes-ospiti-al-festival-internazionale-di-poesia-cabudanne-de-sos-poetas\/#breadcrumb","itemListElement":[{"@type":"ListItem","position":1,"name":"Home","item":"https:\/\/www.bellunopress.it\/"},{"@type":"ListItem","position":2,"name":"Mirta Amanda Barbonetti e Alfonso Brezmes ospiti al festival internazionale di poesia Cabudanne De Sos Poetas"}]},{"@type":"WebSite","@id":"https:\/\/www.bellunopress.it\/#website","url":"https:\/\/www.bellunopress.it\/","name":"Bellunopress - Dolomiti","description":"e-mail: redazione@bellunopress.it","publisher":{"@id":"https:\/\/www.bellunopress.it\/#organization"},"potentialAction":[{"@type":"SearchAction","target":{"@type":"EntryPoint","urlTemplate":"https:\/\/www.bellunopress.it\/?s={search_term_string}"},"query-input":{"@type":"PropertyValueSpecification","valueRequired":true,"valueName":"search_term_string"}}],"inLanguage":"fr-FR"},{"@type":"Organization","@id":"https:\/\/www.bellunopress.it\/#organization","name":"Bellunopress","url":"https:\/\/www.bellunopress.it\/","logo":{"@type":"ImageObject","inLanguage":"fr-FR","@id":"https:\/\/www.bellunopress.it\/#\/schema\/logo\/image\/","url":"https:\/\/www.bellunopress.it\/wp-content\/uploads\/2011\/05\/cropped-logo-bellunopress-.jpg","contentUrl":"https:\/\/www.bellunopress.it\/wp-content\/uploads\/2011\/05\/cropped-logo-bellunopress-.jpg","width":512,"height":512,"caption":"Bellunopress"},"image":{"@id":"https:\/\/www.bellunopress.it\/#\/schema\/logo\/image\/"},"sameAs":["https:\/\/www.facebook.com\/profile.php?id=100008943462799","https:\/\/x.com\/bellunopress","https:\/\/www.linkedin.com\/hp\/?dnr=JBzUWaJfMUw8vbXJJ2tVW5-I3jZKvC4wsoxE&amp;amp;amp;amp;amp;amp;trk=nav_responsive_tab_home","https:\/\/www.youtube.com\/channel\/UCxL0wu1uN0_3_7hGG0306cw"]},{"@type":"Person","@id":"https:\/\/www.bellunopress.it\/#\/schema\/person\/79bb06722b37ece1c03d3e94beb30d73","name":"r\u00e9daction","image":{"@type":"ImageObject","inLanguage":"fr-FR","@id":"https:\/\/secure.gravatar.com\/avatar\/37d968a2e67a6fd04c169c4bdef102d0bc5d31b2546345219e348575eb80e9a0?s=96&d=mm&r=g","url":"https:\/\/secure.gravatar.com\/avatar\/37d968a2e67a6fd04c169c4bdef102d0bc5d31b2546345219e348575eb80e9a0?s=96&d=mm&r=g","contentUrl":"https:\/\/secure.gravatar.com\/avatar\/37d968a2e67a6fd04c169c4bdef102d0bc5d31b2546345219e348575eb80e9a0?s=96&d=mm&r=g","caption":"redazione"},"sameAs":["http:\/\/www.bellunopress.it","https:\/\/x.com\/bellunopress"],"url":"https:\/\/www.bellunopress.it\/fr\/author\/redazione\/"}]}},"_links":{"self":[{"href":"https:\/\/www.bellunopress.it\/fr\/wp-json\/wp\/v2\/posts\/172980","targetHints":{"allow":["GET"]}}],"collection":[{"href":"https:\/\/www.bellunopress.it\/fr\/wp-json\/wp\/v2\/posts"}],"about":[{"href":"https:\/\/www.bellunopress.it\/fr\/wp-json\/wp\/v2\/types\/post"}],"author":[{"embeddable":true,"href":"https:\/\/www.bellunopress.it\/fr\/wp-json\/wp\/v2\/users\/2"}],"replies":[{"embeddable":true,"href":"https:\/\/www.bellunopress.it\/fr\/wp-json\/wp\/v2\/comments?post=172980"}],"version-history":[{"count":1,"href":"https:\/\/www.bellunopress.it\/fr\/wp-json\/wp\/v2\/posts\/172980\/revisions"}],"predecessor-version":[{"id":172981,"href":"https:\/\/www.bellunopress.it\/fr\/wp-json\/wp\/v2\/posts\/172980\/revisions\/172981"}],"wp:featuredmedia":[{"embeddable":true,"href":"https:\/\/www.bellunopress.it\/fr\/wp-json\/wp\/v2\/media\/162908"}],"wp:attachment":[{"href":"https:\/\/www.bellunopress.it\/fr\/wp-json\/wp\/v2\/media?parent=172980"}],"wp:term":[{"taxonomy":"category","embeddable":true,"href":"https:\/\/www.bellunopress.it\/fr\/wp-json\/wp\/v2\/categories?post=172980"},{"taxonomy":"post_tag","embeddable":true,"href":"https:\/\/www.bellunopress.it\/fr\/wp-json\/wp\/v2\/tags?post=172980"}],"curies":[{"name":"wp","href":"https:\/\/api.w.org\/{rel}","templated":true}]}}