{"id":172978,"date":"2026-08-29T13:43:03","date_gmt":"2026-08-29T11:43:03","guid":{"rendered":"https:\/\/www.bellunopress.it\/?p=172978"},"modified":"2026-08-29T13:43:03","modified_gmt":"2026-08-29T11:43:03","slug":"83a-mostra-del-cinema-oltre-80-appuntamenti-allo-spazio-regione-veneto","status":"publish","type":"post","link":"https:\/\/www.bellunopress.it\/fr\/2026\/08\/29\/83a-mostra-del-cinema-oltre-80-appuntamenti-allo-spazio-regione-veneto\/","title":{"rendered":"83e Mostra du Cin\u00e9ma, plus de 80 rendez-vous \u00e0 l'Espace R\u00e9gion V\u00e9n\u00e9tie"},"content":{"rendered":"<p><strong>Il 9 settembre il confronto tra le Regioni per \u201cfare sistema\u201d sul cinema. Mantovan: \u201cUn programma ricco per raccontare il cinema e il nostro Veneto\u201d<\/strong><\/p>\n<p>Venezia, 29 agosto 2026\u00a0 &#8211;\u00a0\u00a0\u201cTornare alla Mostra del Cinema di Venezia con lo Spazio Regione Veneto \u00e8 ogni anno un impegno imprescindibile. Anche quest\u2019anno abbiamo costruito un programma con oltre ottanta appuntamenti in dieci giorni, che raccontano il cinema in tutte le sue dimensioni: produzione, formazione, scuola, territorio, sostenibilit\u00e0, parit\u00e0 di genere e promozione dell\u2019identit\u00e0 veneta nel mondo.<\/p>\n<p>C\u2019\u00e8 un appuntamento che considero particolarmente importante: il 9 settembre riuniremo attorno allo stesso tavolo le Regioni e la politica nazionale per confrontarci sul futuro del cinema italiano. \u00c8 un confronto che arriva in un momento decisivo, alla vigilia della nuova legge nazionale sul cinema, e che vuole mettere in rete esperienze, competenze e visioni diverse per costruire una strategia comune\u201d.<\/p>\n<p>Lo dichiara Valeria Mantovan, assessore regionale all\u2019Istruzione, Formazione e Cultura, presentando il programma dello Spazio Regione Veneto alla 83\u00aa Mostra Internazionale d\u2019Arte Cinematografica di Venezia, diretta da Alberto Barbera.<\/p>\n<p>Dal 2 al 12 settembre 2026, la Regione del Veneto e la Veneto Film Commission saranno presenti all\u2019Hotel Excelsior del Lido con uno spazio dedicato alla promozione della cultura cinematografica e audiovisiva regionale. Il programma prevede oltre 80 appuntamenti tra proiezioni, conferenze stampa, panel, presentazioni, premiazioni e incontri rivolti anche alle scuole.<\/p>\n<p>L\u2019edizione 2026 conferma, inoltre, l\u2019impegno della Regione nel sostegno al comparto cinematografico e audiovisivo. Con la DGR n. 285 del 28 aprile 2026, la Giunta regionale ha approvato il quarto bando per la produzione cinematografica e audiovisiva, con una dotazione complessiva di 3,68 milioni di euro. A queste risorse si aggiungono 80 mila euro per la promozione della cultura cinematografica e il programma \u201cLa Regione del Veneto per il cinema di qualit\u00e0\u201d, realizzato in collaborazione con AGIS\/ANEC Tre Venezie.<\/p>\n<p>Il momento centrale del programma sar\u00e0 il 9 settembre alle ore 11.45, con il panel \u201cFare sistema per il cinema. Il contributo delle Regioni\u201d. Per la prima volta, gli assessori alla cultura di diverse Regioni italiane si confronteranno insieme al Presidente della Commissione Cultura della Camera dei Deputati, On. Federico Mollicone, sul ruolo delle istituzioni territoriali e sulle prospettive del settore cinematografico e audiovisivo in un contesto internazionale come quello della Mostra del Cinema di Venezia.<\/p>\n<p>Il confronto assume particolare rilevanza in vista dell\u2019imminente approvazione della nuova legge nazionale sul cinema, destinata a ridisegnare il quadro normativo e finanziario del settore per i prossimi anni. L\u2019obiettivo \u00e8 favorire un confronto tra territori e istituzioni e individuare strumenti comuni per rafforzare la competitivit\u00e0 del cinema italiano, sostenendo produzione, occupazione, formazione e promozione culturale.<\/p>\n<p>Tra gli appuntamenti di rilievo, il 3 settembre sar\u00e0 presentato Salvare Vite di Luca Cari, progetto che, a dieci anni dal terremoto di Amatrice, raccoglie dieci storie reali raccontate dall\u2019interno del Corpo dei Vigili del Fuoco. Un\u2019occasione per approfondire i temi del coraggio, dell\u2019organizzazione e del servizio pubblico insieme al Sottosegretario di Stato all\u2019Interno, On. Emanuele Prisco.<\/p>\n<p>Il 6 settembre, la Veneto Film Commission presenter\u00e0 il proprio Fondo di sviluppo e i risultati del progetto europeo Green SCAP, dedicato alla formazione e alla sostenibilit\u00e0 nel settore della produzione audiovisiva.<\/p>\n<p>Particolare attenzione sar\u00e0 dedicata anche alle giovani generazioni. L\u20198 settembre una giornata sar\u00e0 infatti interamente dedicata alle scuole, con la presentazione del progetto Beauty Storytellers, che ha coinvolto oltre 1.800 studenti di 11 scuole di Montebelluna, del cortometraggio Amore rosso, realizzato dai ragazzi di Ronc\u00e0 sul tema della violenza nelle relazioni adolescenziali, delle opere realizzate da tre istituti superiori padovani e vicentini e della web serie I fuori classe dell\u2019Istituto Don Bosco di Verona.<\/p>\n<p>\u201cLa Mostra del Cinema di Venezia rappresenta uno dei pi\u00f9 importanti appuntamenti culturali internazionali e una straordinaria occasione di promozione e valorizzazione del nostro territorio. Il Veneto vuole essere protagonista di questa partita e lo fa con investimenti concreti e una strategia che mette insieme produzione, cultura cinematografica, formazione e promozione. Per questo invito operatori del settore, giornalisti, studenti e appassionati a venire allo Spazio Regione Veneto: sar\u00e0 un luogo di incontro, confronto e valorizzazione di un settore nel quale il Veneto vuole continuare a crescere e a fare sistema\u201d, ha concluso l\u2019assessore Mantovan.<\/p>\n<p>Il programma completo degli eventi \u00e8 consultabile nel portale <a href=\"https:\/\/www.culturaveneto.it\/\">https:\/\/www.culturaveneto.it\/<\/a><\/p>","protected":false},"excerpt":{"rendered":"<p>Il 9 settembre il confronto tra le Regioni per \u201cfare sistema\u201d sul cinema. Mantovan: \u201cUn programma ricco per raccontare il cinema e il nostro Veneto\u201d Venezia, 29 agosto 2026\u00a0 &#8211;\u00a0\u00a0\u201cTornare alla Mostra del Cinema di Venezia con lo Spazio Regione Veneto \u00e8 ogni anno un impegno imprescindibile. Anche quest\u2019anno abbiamo costruito un programma con oltre [&hellip;]<\/p>\n","protected":false},"author":2,"featured_media":159941,"comment_status":"closed","ping_status":"open","sticky":false,"template":"","format":"standard","meta":{"footnotes":""},"categories":[27,3,25],"tags":[],"class_list":["post-172978","post","type-post","status-publish","format-standard","has-post-thumbnail","category-appuntamenti","category-arte-cultura-spettacoli-scienza-archivi","category-pausa-caffe"],"yoast_head":"<!-- This site is optimized with the Yoast SEO plugin v28.4 - https:\/\/yoast.com\/product\/yoast-seo-wordpress\/ -->\n<title>83\u00aa Mostra del Cinema, oltre 80 appuntamenti allo Spazio Regione Veneto - Bellunopress - Dolomiti<\/title>\n<meta name=\"robots\" content=\"index, follow, max-snippet:-1, max-image-preview:large, max-video-preview:-1\" \/>\n<link rel=\"canonical\" href=\"https:\/\/www.bellunopress.it\/fr\/2026\/08\/29\/83a-mostra-del-cinema-oltre-80-appuntamenti-allo-spazio-regione-veneto\/\" \/>\n<meta property=\"og:locale\" content=\"fr_FR\" \/>\n<meta property=\"og:type\" content=\"article\" \/>\n<meta property=\"og:title\" content=\"83\u00aa Mostra del Cinema, oltre 80 appuntamenti allo Spazio Regione Veneto - Bellunopress - Dolomiti\" \/>\n<meta property=\"og:description\" content=\"Il 9 settembre il confronto tra le Regioni per \u201cfare sistema\u201d sul cinema. Mantovan: \u201cUn programma ricco per raccontare il cinema e il nostro Veneto\u201d Venezia, 29 agosto 2026\u00a0 &#8211;\u00a0\u00a0\u201cTornare alla Mostra del Cinema di Venezia con lo Spazio Regione Veneto \u00e8 ogni anno un impegno imprescindibile. Anche quest\u2019anno abbiamo costruito un programma con oltre [&hellip;]\" \/>\n<meta property=\"og:url\" content=\"https:\/\/www.bellunopress.it\/fr\/2026\/08\/29\/83a-mostra-del-cinema-oltre-80-appuntamenti-allo-spazio-regione-veneto\/\" \/>\n<meta property=\"og:site_name\" content=\"Bellunopress - Dolomiti\" \/>\n<meta property=\"article:publisher\" content=\"https:\/\/www.facebook.com\/profile.php?id=100008943462799\" \/>\n<meta property=\"article:published_time\" content=\"2026-08-29T11:43:03+00:00\" \/>\n<meta property=\"og:image\" content=\"https:\/\/www.bellunopress.it\/wp-content\/uploads\/2025\/05\/Valeria-Mantovan-assessore-regionale_edited.jpg\" \/>\n\t<meta property=\"og:image:width\" content=\"525\" \/>\n\t<meta property=\"og:image:height\" content=\"334\" \/>\n\t<meta property=\"og:image:type\" content=\"image\/jpeg\" \/>\n<meta name=\"author\" content=\"redazione\" \/>\n<meta name=\"twitter:card\" content=\"summary_large_image\" \/>\n<meta name=\"twitter:creator\" content=\"@bellunopress\" \/>\n<meta name=\"twitter:site\" content=\"@bellunopress\" \/>\n<meta name=\"twitter:label1\" content=\"\u00c9crit par\" \/>\n\t<meta name=\"twitter:data1\" content=\"redazione\" \/>\n\t<meta name=\"twitter:label2\" content=\"Dur\u00e9e de lecture estim\u00e9e\" \/>\n\t<meta name=\"twitter:data2\" content=\"4 minutes\" \/>\n<script type=\"application\/ld+json\" class=\"yoast-schema-graph\">{\"@context\":\"https:\\\/\\\/schema.org\",\"@graph\":[{\"@type\":\"Article\",\"@id\":\"https:\\\/\\\/www.bellunopress.it\\\/2026\\\/08\\\/29\\\/83a-mostra-del-cinema-oltre-80-appuntamenti-allo-spazio-regione-veneto\\\/#article\",\"isPartOf\":{\"@id\":\"https:\\\/\\\/www.bellunopress.it\\\/2026\\\/08\\\/29\\\/83a-mostra-del-cinema-oltre-80-appuntamenti-allo-spazio-regione-veneto\\\/\"},\"author\":{\"name\":\"redazione\",\"@id\":\"https:\\\/\\\/www.bellunopress.it\\\/#\\\/schema\\\/person\\\/79bb06722b37ece1c03d3e94beb30d73\"},\"headline\":\"83\u00aa Mostra del Cinema, oltre 80 appuntamenti allo Spazio Regione Veneto\",\"datePublished\":\"2026-08-29T11:43:03+00:00\",\"mainEntityOfPage\":{\"@id\":\"https:\\\/\\\/www.bellunopress.it\\\/2026\\\/08\\\/29\\\/83a-mostra-del-cinema-oltre-80-appuntamenti-allo-spazio-regione-veneto\\\/\"},\"wordCount\":707,\"publisher\":{\"@id\":\"https:\\\/\\\/www.bellunopress.it\\\/#organization\"},\"image\":{\"@id\":\"https:\\\/\\\/www.bellunopress.it\\\/2026\\\/08\\\/29\\\/83a-mostra-del-cinema-oltre-80-appuntamenti-allo-spazio-regione-veneto\\\/#primaryimage\"},\"thumbnailUrl\":\"https:\\\/\\\/www.bellunopress.it\\\/wp-content\\\/uploads\\\/2025\\\/05\\\/Valeria-Mantovan-assessore-regionale_edited.jpg\",\"articleSection\":[\"Appuntamenti, Eventi\",\"Arte, Cultura, Spettacoli, Scienza\",\"Pausa Caff\u00e8\"],\"inLanguage\":\"fr-FR\"},{\"@type\":\"WebPage\",\"@id\":\"https:\\\/\\\/www.bellunopress.it\\\/2026\\\/08\\\/29\\\/83a-mostra-del-cinema-oltre-80-appuntamenti-allo-spazio-regione-veneto\\\/\",\"url\":\"https:\\\/\\\/www.bellunopress.it\\\/2026\\\/08\\\/29\\\/83a-mostra-del-cinema-oltre-80-appuntamenti-allo-spazio-regione-veneto\\\/\",\"name\":\"83\u00aa Mostra del Cinema, oltre 80 appuntamenti allo Spazio Regione Veneto - Bellunopress - Dolomiti\",\"isPartOf\":{\"@id\":\"https:\\\/\\\/www.bellunopress.it\\\/#website\"},\"primaryImageOfPage\":{\"@id\":\"https:\\\/\\\/www.bellunopress.it\\\/2026\\\/08\\\/29\\\/83a-mostra-del-cinema-oltre-80-appuntamenti-allo-spazio-regione-veneto\\\/#primaryimage\"},\"image\":{\"@id\":\"https:\\\/\\\/www.bellunopress.it\\\/2026\\\/08\\\/29\\\/83a-mostra-del-cinema-oltre-80-appuntamenti-allo-spazio-regione-veneto\\\/#primaryimage\"},\"thumbnailUrl\":\"https:\\\/\\\/www.bellunopress.it\\\/wp-content\\\/uploads\\\/2025\\\/05\\\/Valeria-Mantovan-assessore-regionale_edited.jpg\",\"datePublished\":\"2026-08-29T11:43:03+00:00\",\"breadcrumb\":{\"@id\":\"https:\\\/\\\/www.bellunopress.it\\\/2026\\\/08\\\/29\\\/83a-mostra-del-cinema-oltre-80-appuntamenti-allo-spazio-regione-veneto\\\/#breadcrumb\"},\"inLanguage\":\"fr-FR\",\"potentialAction\":[{\"@type\":\"ReadAction\",\"target\":[\"https:\\\/\\\/www.bellunopress.it\\\/2026\\\/08\\\/29\\\/83a-mostra-del-cinema-oltre-80-appuntamenti-allo-spazio-regione-veneto\\\/\"]}]},{\"@type\":\"ImageObject\",\"inLanguage\":\"fr-FR\",\"@id\":\"https:\\\/\\\/www.bellunopress.it\\\/2026\\\/08\\\/29\\\/83a-mostra-del-cinema-oltre-80-appuntamenti-allo-spazio-regione-veneto\\\/#primaryimage\",\"url\":\"https:\\\/\\\/www.bellunopress.it\\\/wp-content\\\/uploads\\\/2025\\\/05\\\/Valeria-Mantovan-assessore-regionale_edited.jpg\",\"contentUrl\":\"https:\\\/\\\/www.bellunopress.it\\\/wp-content\\\/uploads\\\/2025\\\/05\\\/Valeria-Mantovan-assessore-regionale_edited.jpg\",\"width\":525,\"height\":334,\"caption\":\"Valeria Mantovan, assessore regionale al Lavoro e alla Formazione\"},{\"@type\":\"BreadcrumbList\",\"@id\":\"https:\\\/\\\/www.bellunopress.it\\\/2026\\\/08\\\/29\\\/83a-mostra-del-cinema-oltre-80-appuntamenti-allo-spazio-regione-veneto\\\/#breadcrumb\",\"itemListElement\":[{\"@type\":\"ListItem\",\"position\":1,\"name\":\"Home\",\"item\":\"https:\\\/\\\/www.bellunopress.it\\\/\"},{\"@type\":\"ListItem\",\"position\":2,\"name\":\"83\u00aa Mostra del Cinema, oltre 80 appuntamenti allo Spazio Regione Veneto\"}]},{\"@type\":\"WebSite\",\"@id\":\"https:\\\/\\\/www.bellunopress.it\\\/#website\",\"url\":\"https:\\\/\\\/www.bellunopress.it\\\/\",\"name\":\"Bellunopress - Dolomiti\",\"description\":\"e-mail: redazione@bellunopress.it\",\"publisher\":{\"@id\":\"https:\\\/\\\/www.bellunopress.it\\\/#organization\"},\"potentialAction\":[{\"@type\":\"SearchAction\",\"target\":{\"@type\":\"EntryPoint\",\"urlTemplate\":\"https:\\\/\\\/www.bellunopress.it\\\/?s={search_term_string}\"},\"query-input\":{\"@type\":\"PropertyValueSpecification\",\"valueRequired\":true,\"valueName\":\"search_term_string\"}}],\"inLanguage\":\"fr-FR\"},{\"@type\":\"Organization\",\"@id\":\"https:\\\/\\\/www.bellunopress.it\\\/#organization\",\"name\":\"Bellunopress\",\"url\":\"https:\\\/\\\/www.bellunopress.it\\\/\",\"logo\":{\"@type\":\"ImageObject\",\"inLanguage\":\"fr-FR\",\"@id\":\"https:\\\/\\\/www.bellunopress.it\\\/#\\\/schema\\\/logo\\\/image\\\/\",\"url\":\"https:\\\/\\\/www.bellunopress.it\\\/wp-content\\\/uploads\\\/2011\\\/05\\\/cropped-logo-bellunopress-.jpg\",\"contentUrl\":\"https:\\\/\\\/www.bellunopress.it\\\/wp-content\\\/uploads\\\/2011\\\/05\\\/cropped-logo-bellunopress-.jpg\",\"width\":512,\"height\":512,\"caption\":\"Bellunopress\"},\"image\":{\"@id\":\"https:\\\/\\\/www.bellunopress.it\\\/#\\\/schema\\\/logo\\\/image\\\/\"},\"sameAs\":[\"https:\\\/\\\/www.facebook.com\\\/profile.php?id=100008943462799\",\"https:\\\/\\\/x.com\\\/bellunopress\",\"https:\\\/\\\/www.linkedin.com\\\/hp\\\/?dnr=JBzUWaJfMUw8vbXJJ2tVW5-I3jZKvC4wsoxE&amp;amp;amp;amp;amp;amp;trk=nav_responsive_tab_home\",\"https:\\\/\\\/www.youtube.com\\\/channel\\\/UCxL0wu1uN0_3_7hGG0306cw\"]},{\"@type\":\"Person\",\"@id\":\"https:\\\/\\\/www.bellunopress.it\\\/#\\\/schema\\\/person\\\/79bb06722b37ece1c03d3e94beb30d73\",\"name\":\"redazione\",\"image\":{\"@type\":\"ImageObject\",\"inLanguage\":\"fr-FR\",\"@id\":\"https:\\\/\\\/secure.gravatar.com\\\/avatar\\\/37d968a2e67a6fd04c169c4bdef102d0bc5d31b2546345219e348575eb80e9a0?s=96&d=mm&r=g\",\"url\":\"https:\\\/\\\/secure.gravatar.com\\\/avatar\\\/37d968a2e67a6fd04c169c4bdef102d0bc5d31b2546345219e348575eb80e9a0?s=96&d=mm&r=g\",\"contentUrl\":\"https:\\\/\\\/secure.gravatar.com\\\/avatar\\\/37d968a2e67a6fd04c169c4bdef102d0bc5d31b2546345219e348575eb80e9a0?s=96&d=mm&r=g\",\"caption\":\"redazione\"},\"sameAs\":[\"http:\\\/\\\/www.bellunopress.it\",\"https:\\\/\\\/x.com\\\/bellunopress\"],\"url\":\"https:\\\/\\\/www.bellunopress.it\\\/fr\\\/author\\\/redazione\\\/\"}]}<\/script>\n<!-- \/ Yoast SEO plugin. -->","yoast_head_json":{"title":"83\u00aa Mostra del Cinema, oltre 80 appuntamenti allo Spazio Regione Veneto - Bellunopress - Dolomiti","robots":{"index":"index","follow":"follow","max-snippet":"max-snippet:-1","max-image-preview":"max-image-preview:large","max-video-preview":"max-video-preview:-1"},"canonical":"https:\/\/www.bellunopress.it\/fr\/2026\/08\/29\/83a-mostra-del-cinema-oltre-80-appuntamenti-allo-spazio-regione-veneto\/","og_locale":"fr_FR","og_type":"article","og_title":"83\u00aa Mostra del Cinema, oltre 80 appuntamenti allo Spazio Regione Veneto - Bellunopress - Dolomiti","og_description":"Il 9 settembre il confronto tra le Regioni per \u201cfare sistema\u201d sul cinema. Mantovan: \u201cUn programma ricco per raccontare il cinema e il nostro Veneto\u201d Venezia, 29 agosto 2026\u00a0 &#8211;\u00a0\u00a0\u201cTornare alla Mostra del Cinema di Venezia con lo Spazio Regione Veneto \u00e8 ogni anno un impegno imprescindibile. Anche quest\u2019anno abbiamo costruito un programma con oltre [&hellip;]","og_url":"https:\/\/www.bellunopress.it\/fr\/2026\/08\/29\/83a-mostra-del-cinema-oltre-80-appuntamenti-allo-spazio-regione-veneto\/","og_site_name":"Bellunopress - Dolomiti","article_publisher":"https:\/\/www.facebook.com\/profile.php?id=100008943462799","article_published_time":"2026-08-29T11:43:03+00:00","og_image":[{"width":525,"height":334,"url":"https:\/\/www.bellunopress.it\/wp-content\/uploads\/2025\/05\/Valeria-Mantovan-assessore-regionale_edited.jpg","type":"image\/jpeg"}],"author":"redazione","twitter_card":"summary_large_image","twitter_creator":"@bellunopress","twitter_site":"@bellunopress","twitter_misc":{"\u00c9crit par":"redazione","Dur\u00e9e de lecture estim\u00e9e":"4 minutes"},"schema":{"@context":"https:\/\/schema.org","@graph":[{"@type":"Article","@id":"https:\/\/www.bellunopress.it\/2026\/08\/29\/83a-mostra-del-cinema-oltre-80-appuntamenti-allo-spazio-regione-veneto\/#article","isPartOf":{"@id":"https:\/\/www.bellunopress.it\/2026\/08\/29\/83a-mostra-del-cinema-oltre-80-appuntamenti-allo-spazio-regione-veneto\/"},"author":{"name":"redazione","@id":"https:\/\/www.bellunopress.it\/#\/schema\/person\/79bb06722b37ece1c03d3e94beb30d73"},"headline":"83\u00aa Mostra del Cinema, oltre 80 appuntamenti allo Spazio Regione Veneto","datePublished":"2026-08-29T11:43:03+00:00","mainEntityOfPage":{"@id":"https:\/\/www.bellunopress.it\/2026\/08\/29\/83a-mostra-del-cinema-oltre-80-appuntamenti-allo-spazio-regione-veneto\/"},"wordCount":707,"publisher":{"@id":"https:\/\/www.bellunopress.it\/#organization"},"image":{"@id":"https:\/\/www.bellunopress.it\/2026\/08\/29\/83a-mostra-del-cinema-oltre-80-appuntamenti-allo-spazio-regione-veneto\/#primaryimage"},"thumbnailUrl":"https:\/\/www.bellunopress.it\/wp-content\/uploads\/2025\/05\/Valeria-Mantovan-assessore-regionale_edited.jpg","articleSection":["Appuntamenti, Eventi","Arte, Cultura, Spettacoli, Scienza","Pausa Caff\u00e8"],"inLanguage":"fr-FR"},{"@type":"WebPage","@id":"https:\/\/www.bellunopress.it\/2026\/08\/29\/83a-mostra-del-cinema-oltre-80-appuntamenti-allo-spazio-regione-veneto\/","url":"https:\/\/www.bellunopress.it\/2026\/08\/29\/83a-mostra-del-cinema-oltre-80-appuntamenti-allo-spazio-regione-veneto\/","name":"83\u00aa Mostra del Cinema, oltre 80 appuntamenti allo Spazio Regione Veneto - Bellunopress - Dolomiti","isPartOf":{"@id":"https:\/\/www.bellunopress.it\/#website"},"primaryImageOfPage":{"@id":"https:\/\/www.bellunopress.it\/2026\/08\/29\/83a-mostra-del-cinema-oltre-80-appuntamenti-allo-spazio-regione-veneto\/#primaryimage"},"image":{"@id":"https:\/\/www.bellunopress.it\/2026\/08\/29\/83a-mostra-del-cinema-oltre-80-appuntamenti-allo-spazio-regione-veneto\/#primaryimage"},"thumbnailUrl":"https:\/\/www.bellunopress.it\/wp-content\/uploads\/2025\/05\/Valeria-Mantovan-assessore-regionale_edited.jpg","datePublished":"2026-08-29T11:43:03+00:00","breadcrumb":{"@id":"https:\/\/www.bellunopress.it\/2026\/08\/29\/83a-mostra-del-cinema-oltre-80-appuntamenti-allo-spazio-regione-veneto\/#breadcrumb"},"inLanguage":"fr-FR","potentialAction":[{"@type":"ReadAction","target":["https:\/\/www.bellunopress.it\/2026\/08\/29\/83a-mostra-del-cinema-oltre-80-appuntamenti-allo-spazio-regione-veneto\/"]}]},{"@type":"ImageObject","inLanguage":"fr-FR","@id":"https:\/\/www.bellunopress.it\/2026\/08\/29\/83a-mostra-del-cinema-oltre-80-appuntamenti-allo-spazio-regione-veneto\/#primaryimage","url":"https:\/\/www.bellunopress.it\/wp-content\/uploads\/2025\/05\/Valeria-Mantovan-assessore-regionale_edited.jpg","contentUrl":"https:\/\/www.bellunopress.it\/wp-content\/uploads\/2025\/05\/Valeria-Mantovan-assessore-regionale_edited.jpg","width":525,"height":334,"caption":"Valeria Mantovan, assessore regionale al Lavoro e alla Formazione"},{"@type":"BreadcrumbList","@id":"https:\/\/www.bellunopress.it\/2026\/08\/29\/83a-mostra-del-cinema-oltre-80-appuntamenti-allo-spazio-regione-veneto\/#breadcrumb","itemListElement":[{"@type":"ListItem","position":1,"name":"Home","item":"https:\/\/www.bellunopress.it\/"},{"@type":"ListItem","position":2,"name":"83\u00aa Mostra del Cinema, oltre 80 appuntamenti allo Spazio Regione Veneto"}]},{"@type":"WebSite","@id":"https:\/\/www.bellunopress.it\/#website","url":"https:\/\/www.bellunopress.it\/","name":"Bellunopress - Dolomiti","description":"e-mail: redazione@bellunopress.it","publisher":{"@id":"https:\/\/www.bellunopress.it\/#organization"},"potentialAction":[{"@type":"SearchAction","target":{"@type":"EntryPoint","urlTemplate":"https:\/\/www.bellunopress.it\/?s={search_term_string}"},"query-input":{"@type":"PropertyValueSpecification","valueRequired":true,"valueName":"search_term_string"}}],"inLanguage":"fr-FR"},{"@type":"Organization","@id":"https:\/\/www.bellunopress.it\/#organization","name":"Bellunopress","url":"https:\/\/www.bellunopress.it\/","logo":{"@type":"ImageObject","inLanguage":"fr-FR","@id":"https:\/\/www.bellunopress.it\/#\/schema\/logo\/image\/","url":"https:\/\/www.bellunopress.it\/wp-content\/uploads\/2011\/05\/cropped-logo-bellunopress-.jpg","contentUrl":"https:\/\/www.bellunopress.it\/wp-content\/uploads\/2011\/05\/cropped-logo-bellunopress-.jpg","width":512,"height":512,"caption":"Bellunopress"},"image":{"@id":"https:\/\/www.bellunopress.it\/#\/schema\/logo\/image\/"},"sameAs":["https:\/\/www.facebook.com\/profile.php?id=100008943462799","https:\/\/x.com\/bellunopress","https:\/\/www.linkedin.com\/hp\/?dnr=JBzUWaJfMUw8vbXJJ2tVW5-I3jZKvC4wsoxE&amp;amp;amp;amp;amp;amp;trk=nav_responsive_tab_home","https:\/\/www.youtube.com\/channel\/UCxL0wu1uN0_3_7hGG0306cw"]},{"@type":"Person","@id":"https:\/\/www.bellunopress.it\/#\/schema\/person\/79bb06722b37ece1c03d3e94beb30d73","name":"r\u00e9daction","image":{"@type":"ImageObject","inLanguage":"fr-FR","@id":"https:\/\/secure.gravatar.com\/avatar\/37d968a2e67a6fd04c169c4bdef102d0bc5d31b2546345219e348575eb80e9a0?s=96&d=mm&r=g","url":"https:\/\/secure.gravatar.com\/avatar\/37d968a2e67a6fd04c169c4bdef102d0bc5d31b2546345219e348575eb80e9a0?s=96&d=mm&r=g","contentUrl":"https:\/\/secure.gravatar.com\/avatar\/37d968a2e67a6fd04c169c4bdef102d0bc5d31b2546345219e348575eb80e9a0?s=96&d=mm&r=g","caption":"redazione"},"sameAs":["http:\/\/www.bellunopress.it","https:\/\/x.com\/bellunopress"],"url":"https:\/\/www.bellunopress.it\/fr\/author\/redazione\/"}]}},"_links":{"self":[{"href":"https:\/\/www.bellunopress.it\/fr\/wp-json\/wp\/v2\/posts\/172978","targetHints":{"allow":["GET"]}}],"collection":[{"href":"https:\/\/www.bellunopress.it\/fr\/wp-json\/wp\/v2\/posts"}],"about":[{"href":"https:\/\/www.bellunopress.it\/fr\/wp-json\/wp\/v2\/types\/post"}],"author":[{"embeddable":true,"href":"https:\/\/www.bellunopress.it\/fr\/wp-json\/wp\/v2\/users\/2"}],"replies":[{"embeddable":true,"href":"https:\/\/www.bellunopress.it\/fr\/wp-json\/wp\/v2\/comments?post=172978"}],"version-history":[{"count":1,"href":"https:\/\/www.bellunopress.it\/fr\/wp-json\/wp\/v2\/posts\/172978\/revisions"}],"predecessor-version":[{"id":172979,"href":"https:\/\/www.bellunopress.it\/fr\/wp-json\/wp\/v2\/posts\/172978\/revisions\/172979"}],"wp:featuredmedia":[{"embeddable":true,"href":"https:\/\/www.bellunopress.it\/fr\/wp-json\/wp\/v2\/media\/159941"}],"wp:attachment":[{"href":"https:\/\/www.bellunopress.it\/fr\/wp-json\/wp\/v2\/media?parent=172978"}],"wp:term":[{"taxonomy":"category","embeddable":true,"href":"https:\/\/www.bellunopress.it\/fr\/wp-json\/wp\/v2\/categories?post=172978"},{"taxonomy":"post_tag","embeddable":true,"href":"https:\/\/www.bellunopress.it\/fr\/wp-json\/wp\/v2\/tags?post=172978"}],"curies":[{"name":"wp","href":"https:\/\/api.w.org\/{rel}","templated":true}]}}