{"id":172974,"date":"2026-08-29T11:34:38","date_gmt":"2026-08-29T09:34:38","guid":{"rendered":"https:\/\/www.bellunopress.it\/?p=172974"},"modified":"2026-08-29T11:34:38","modified_gmt":"2026-08-29T09:34:38","slug":"feltre-urban-trail-2026-e-record-in-950-al-via-nel-cuore-della-citta","status":"publish","type":"post","link":"https:\/\/www.bellunopress.it\/fr\/2026\/08\/29\/feltre-urban-trail-2026-e-record-in-950-al-via-nel-cuore-della-citta\/","title":{"rendered":"Feltre Urban Trail 2026, \u00e8 record: in 950 al via nel cuore della citt\u00e0"},"content":{"rendered":"<p><strong>Roberto Fregona e Sara Cavallet firmano l\u2019undicesima edizione. Questa sera il gran finale con la 37\u00aa edizione del Giro delle Mura<\/strong><\/p>\n<p>Novecentoquarantanove. \u00c8 il numero che fotografa meglio di ogni altro il successo dell\u2019edizione 2026 della Feltre Urban Trail, andata in scena venerd\u00ec sera nel cuore della citt\u00e0. Un\u2019autentica marea di atleti e appassionati ha invaso le vie e le piazze del centro storico, dando vita a un appuntamento che, anno dopo anno, conferma la propria capacit\u00e0 di coniugare sport, spettacolo e valorizzazione del territorio. Un percorso nel quale la componente agonistica si \u00e8 intrecciata con la bellezza di Feltre, attraversando alcuni degli angoli pi\u00f9 suggestivi della citt\u00e0 e regalando ai partecipanti scorci storici, architettonici e naturalistici di straordinario fascino.<\/p>\n<p>Sul piano sportivo, a mettere tutti in fila nella prova agonistica maschile \u00e8 stato Roberto Fregona, capace di fermare il cronometro sul tempo di 34\u201959\u201d. Alle sue spalle hanno chiuso Lorenzo De Vettori e Mattia Scopel, protagonisti di una gara combattuta e di alto livello. In campo femminile \u00e8 arrivata la conferma di Sara Cavallet, che ha concesso il bis dopo il successo dello scorso anno. La vincitrice ha completato il tracciato in 42\u201947\u201d, precedendo Martina De Silvestro ed Elena Andrich.<\/p>\n<p>Al di l\u00e0 delle classifiche e dei tempi, a caratterizzare la serata \u00e8 stata soprattutto la straordinaria risposta degli sportivi. Un risultato che riempie di soddisfazione l\u2019associazione Giro delle Mura Citt\u00e0 di Feltre. \u201cVedere 950 atleti e sportivi al via della nostra Urban Trail \u00e8 motivo di grande orgoglio \u2013 sottolinea il presidente Diego Da Col \u2013. \u00c8 un risultato che premia il lavoro di tante persone e di tutti coloro che, a vario titolo, contribuiscono alla riuscita di questa manifestazione. Ma ci\u00f2 che ci rende ancora pi\u00f9 felici \u00e8 l&#8217;attaccamento che atleti, famiglie e appassionati continuano a dimostrare nei confronti del Giro delle Mura.<\/p>\n<p>La partecipazione di ieri sera rappresenta il miglior viatico possibile per la grande serata di oggi\u201d.<br \/>\nE proprio questa sera Feltre torner\u00e0 a trasformarsi in una grande pista a cielo aperto per la 37\u00aa edizione del Giro delle Mura. Un carosello di prove che accompagner\u00e0 il pubblico lungo tutta la serata, mettendo in campo atleti e appassionati di ogni generazione. \u201cTra Urban Trail e Giro delle Mura, in queste due giornate arriveremo complessivamente a quasi 1.500 atleti \u2013 aggiunge Da Col \u2013. \u00c8 un dato straordinario, che racconta la forza e la credibilit\u00e0 raggiunte dal nostro evento. Ora ci aspetta la serata pi\u00f9 attesa: vogliamo viverla insieme alla citt\u00e0, ai volontari, agli atleti e a tutto il pubblico che ogni anno ci regala il proprio entusiasmo\u201d.<\/p>\n<p>Qui il link alle classifiche complete:<\/p>\n<p><a href=\"https:\/\/my.raceresult.com\/404385\/\">https:\/\/my.raceresult.com\/404385\/<\/a><\/p>","protected":false},"excerpt":{"rendered":"<p>Roberto Fregona e Sara Cavallet firmano l\u2019undicesima edizione. Questa sera il gran finale con la 37\u00aa edizione del Giro delle Mura Novecentoquarantanove. \u00c8 il numero che fotografa meglio di ogni altro il successo dell\u2019edizione 2026 della Feltre Urban Trail, andata in scena venerd\u00ec sera nel cuore della citt\u00e0. Un\u2019autentica marea di atleti e appassionati ha [&hellip;]<\/p>\n","protected":false},"author":2,"featured_media":172975,"comment_status":"closed","ping_status":"open","sticky":false,"template":"","format":"standard","meta":{"footnotes":""},"categories":[26,4],"tags":[],"class_list":["post-172974","post","type-post","status-publish","format-standard","has-post-thumbnail","category-prima-pagina","category-sport"],"yoast_head":"<!-- This site is optimized with the Yoast SEO plugin v28.4 - https:\/\/yoast.com\/product\/yoast-seo-wordpress\/ -->\n<title>Feltre Urban Trail 2026, \u00e8 record: in 950 al via nel cuore della citt\u00e0 - Bellunopress - Dolomiti<\/title>\n<meta name=\"robots\" content=\"index, follow, max-snippet:-1, max-image-preview:large, max-video-preview:-1\" \/>\n<link rel=\"canonical\" href=\"https:\/\/www.bellunopress.it\/fr\/2026\/08\/29\/feltre-urban-trail-2026-e-record-in-950-al-via-nel-cuore-della-citta\/\" \/>\n<meta property=\"og:locale\" content=\"fr_FR\" \/>\n<meta property=\"og:type\" content=\"article\" \/>\n<meta property=\"og:title\" content=\"Feltre Urban Trail 2026, \u00e8 record: in 950 al via nel cuore della citt\u00e0 - Bellunopress - Dolomiti\" \/>\n<meta property=\"og:description\" content=\"Roberto Fregona e Sara Cavallet firmano l\u2019undicesima edizione. Questa sera il gran finale con la 37\u00aa edizione del Giro delle Mura Novecentoquarantanove. \u00c8 il numero che fotografa meglio di ogni altro il successo dell\u2019edizione 2026 della Feltre Urban Trail, andata in scena venerd\u00ec sera nel cuore della citt\u00e0. Un\u2019autentica marea di atleti e appassionati ha [&hellip;]\" \/>\n<meta property=\"og:url\" content=\"https:\/\/www.bellunopress.it\/fr\/2026\/08\/29\/feltre-urban-trail-2026-e-record-in-950-al-via-nel-cuore-della-citta\/\" \/>\n<meta property=\"og:site_name\" content=\"Bellunopress - Dolomiti\" \/>\n<meta property=\"article:publisher\" content=\"https:\/\/www.facebook.com\/profile.php?id=100008943462799\" \/>\n<meta property=\"article:published_time\" content=\"2026-08-29T09:34:38+00:00\" \/>\n<meta property=\"og:image\" content=\"https:\/\/www.bellunopress.it\/wp-content\/uploads\/2026\/08\/Partenza-Urban-Trail-2026.jpg\" \/>\n\t<meta property=\"og:image:width\" content=\"600\" \/>\n\t<meta property=\"og:image:height\" content=\"337\" \/>\n\t<meta property=\"og:image:type\" content=\"image\/jpeg\" \/>\n<meta name=\"author\" content=\"redazione\" \/>\n<meta name=\"twitter:card\" content=\"summary_large_image\" \/>\n<meta name=\"twitter:creator\" content=\"@bellunopress\" \/>\n<meta name=\"twitter:site\" content=\"@bellunopress\" \/>\n<meta name=\"twitter:label1\" content=\"Written by\" \/>\n\t<meta name=\"twitter:data1\" content=\"redazione\" \/>\n\t<meta name=\"twitter:label2\" content=\"Est. reading time\" \/>\n\t<meta name=\"twitter:data2\" content=\"3 minutes\" \/>\n<script type=\"application\/ld+json\" class=\"yoast-schema-graph\">{\"@context\":\"https:\\\/\\\/schema.org\",\"@graph\":[{\"@type\":\"Article\",\"@id\":\"https:\\\/\\\/www.bellunopress.it\\\/2026\\\/08\\\/29\\\/feltre-urban-trail-2026-e-record-in-950-al-via-nel-cuore-della-citta\\\/#article\",\"isPartOf\":{\"@id\":\"https:\\\/\\\/www.bellunopress.it\\\/2026\\\/08\\\/29\\\/feltre-urban-trail-2026-e-record-in-950-al-via-nel-cuore-della-citta\\\/\"},\"author\":{\"name\":\"redazione\",\"@id\":\"https:\\\/\\\/www.bellunopress.it\\\/#\\\/schema\\\/person\\\/79bb06722b37ece1c03d3e94beb30d73\"},\"headline\":\"Feltre Urban Trail 2026, \u00e8 record: in 950 al via nel cuore della citt\u00e0\",\"datePublished\":\"2026-08-29T09:34:38+00:00\",\"mainEntityOfPage\":{\"@id\":\"https:\\\/\\\/www.bellunopress.it\\\/2026\\\/08\\\/29\\\/feltre-urban-trail-2026-e-record-in-950-al-via-nel-cuore-della-citta\\\/\"},\"wordCount\":438,\"publisher\":{\"@id\":\"https:\\\/\\\/www.bellunopress.it\\\/#organization\"},\"image\":{\"@id\":\"https:\\\/\\\/www.bellunopress.it\\\/2026\\\/08\\\/29\\\/feltre-urban-trail-2026-e-record-in-950-al-via-nel-cuore-della-citta\\\/#primaryimage\"},\"thumbnailUrl\":\"https:\\\/\\\/www.bellunopress.it\\\/wp-content\\\/uploads\\\/2026\\\/08\\\/Partenza-Urban-Trail-2026.jpg\",\"articleSection\":[\"Prima Pagina\",\"Sport, tempo libero\"],\"inLanguage\":\"fr-FR\"},{\"@type\":\"WebPage\",\"@id\":\"https:\\\/\\\/www.bellunopress.it\\\/2026\\\/08\\\/29\\\/feltre-urban-trail-2026-e-record-in-950-al-via-nel-cuore-della-citta\\\/\",\"url\":\"https:\\\/\\\/www.bellunopress.it\\\/2026\\\/08\\\/29\\\/feltre-urban-trail-2026-e-record-in-950-al-via-nel-cuore-della-citta\\\/\",\"name\":\"Feltre Urban Trail 2026, \u00e8 record: in 950 al via nel cuore della citt\u00e0 - Bellunopress - Dolomiti\",\"isPartOf\":{\"@id\":\"https:\\\/\\\/www.bellunopress.it\\\/#website\"},\"primaryImageOfPage\":{\"@id\":\"https:\\\/\\\/www.bellunopress.it\\\/2026\\\/08\\\/29\\\/feltre-urban-trail-2026-e-record-in-950-al-via-nel-cuore-della-citta\\\/#primaryimage\"},\"image\":{\"@id\":\"https:\\\/\\\/www.bellunopress.it\\\/2026\\\/08\\\/29\\\/feltre-urban-trail-2026-e-record-in-950-al-via-nel-cuore-della-citta\\\/#primaryimage\"},\"thumbnailUrl\":\"https:\\\/\\\/www.bellunopress.it\\\/wp-content\\\/uploads\\\/2026\\\/08\\\/Partenza-Urban-Trail-2026.jpg\",\"datePublished\":\"2026-08-29T09:34:38+00:00\",\"breadcrumb\":{\"@id\":\"https:\\\/\\\/www.bellunopress.it\\\/2026\\\/08\\\/29\\\/feltre-urban-trail-2026-e-record-in-950-al-via-nel-cuore-della-citta\\\/#breadcrumb\"},\"inLanguage\":\"fr-FR\",\"potentialAction\":[{\"@type\":\"ReadAction\",\"target\":[\"https:\\\/\\\/www.bellunopress.it\\\/2026\\\/08\\\/29\\\/feltre-urban-trail-2026-e-record-in-950-al-via-nel-cuore-della-citta\\\/\"]}]},{\"@type\":\"ImageObject\",\"inLanguage\":\"fr-FR\",\"@id\":\"https:\\\/\\\/www.bellunopress.it\\\/2026\\\/08\\\/29\\\/feltre-urban-trail-2026-e-record-in-950-al-via-nel-cuore-della-citta\\\/#primaryimage\",\"url\":\"https:\\\/\\\/www.bellunopress.it\\\/wp-content\\\/uploads\\\/2026\\\/08\\\/Partenza-Urban-Trail-2026.jpg\",\"contentUrl\":\"https:\\\/\\\/www.bellunopress.it\\\/wp-content\\\/uploads\\\/2026\\\/08\\\/Partenza-Urban-Trail-2026.jpg\",\"width\":600,\"height\":337,\"caption\":\"Partenza Urban Trail 2026 Feltre\"},{\"@type\":\"BreadcrumbList\",\"@id\":\"https:\\\/\\\/www.bellunopress.it\\\/2026\\\/08\\\/29\\\/feltre-urban-trail-2026-e-record-in-950-al-via-nel-cuore-della-citta\\\/#breadcrumb\",\"itemListElement\":[{\"@type\":\"ListItem\",\"position\":1,\"name\":\"Home\",\"item\":\"https:\\\/\\\/www.bellunopress.it\\\/\"},{\"@type\":\"ListItem\",\"position\":2,\"name\":\"Feltre Urban Trail 2026, \u00e8 record: in 950 al via nel cuore della citt\u00e0\"}]},{\"@type\":\"WebSite\",\"@id\":\"https:\\\/\\\/www.bellunopress.it\\\/#website\",\"url\":\"https:\\\/\\\/www.bellunopress.it\\\/\",\"name\":\"Bellunopress - Dolomiti\",\"description\":\"e-mail: redazione@bellunopress.it\",\"publisher\":{\"@id\":\"https:\\\/\\\/www.bellunopress.it\\\/#organization\"},\"potentialAction\":[{\"@type\":\"SearchAction\",\"target\":{\"@type\":\"EntryPoint\",\"urlTemplate\":\"https:\\\/\\\/www.bellunopress.it\\\/?s={search_term_string}\"},\"query-input\":{\"@type\":\"PropertyValueSpecification\",\"valueRequired\":true,\"valueName\":\"search_term_string\"}}],\"inLanguage\":\"fr-FR\"},{\"@type\":\"Organization\",\"@id\":\"https:\\\/\\\/www.bellunopress.it\\\/#organization\",\"name\":\"Bellunopress\",\"url\":\"https:\\\/\\\/www.bellunopress.it\\\/\",\"logo\":{\"@type\":\"ImageObject\",\"inLanguage\":\"fr-FR\",\"@id\":\"https:\\\/\\\/www.bellunopress.it\\\/#\\\/schema\\\/logo\\\/image\\\/\",\"url\":\"https:\\\/\\\/www.bellunopress.it\\\/wp-content\\\/uploads\\\/2011\\\/05\\\/cropped-logo-bellunopress-.jpg\",\"contentUrl\":\"https:\\\/\\\/www.bellunopress.it\\\/wp-content\\\/uploads\\\/2011\\\/05\\\/cropped-logo-bellunopress-.jpg\",\"width\":512,\"height\":512,\"caption\":\"Bellunopress\"},\"image\":{\"@id\":\"https:\\\/\\\/www.bellunopress.it\\\/#\\\/schema\\\/logo\\\/image\\\/\"},\"sameAs\":[\"https:\\\/\\\/www.facebook.com\\\/profile.php?id=100008943462799\",\"https:\\\/\\\/x.com\\\/bellunopress\",\"https:\\\/\\\/www.linkedin.com\\\/hp\\\/?dnr=JBzUWaJfMUw8vbXJJ2tVW5-I3jZKvC4wsoxE&amp;amp;amp;amp;amp;amp;trk=nav_responsive_tab_home\",\"https:\\\/\\\/www.youtube.com\\\/channel\\\/UCxL0wu1uN0_3_7hGG0306cw\"]},{\"@type\":\"Person\",\"@id\":\"https:\\\/\\\/www.bellunopress.it\\\/#\\\/schema\\\/person\\\/79bb06722b37ece1c03d3e94beb30d73\",\"name\":\"redazione\",\"image\":{\"@type\":\"ImageObject\",\"inLanguage\":\"fr-FR\",\"@id\":\"https:\\\/\\\/secure.gravatar.com\\\/avatar\\\/37d968a2e67a6fd04c169c4bdef102d0bc5d31b2546345219e348575eb80e9a0?s=96&d=mm&r=g\",\"url\":\"https:\\\/\\\/secure.gravatar.com\\\/avatar\\\/37d968a2e67a6fd04c169c4bdef102d0bc5d31b2546345219e348575eb80e9a0?s=96&d=mm&r=g\",\"contentUrl\":\"https:\\\/\\\/secure.gravatar.com\\\/avatar\\\/37d968a2e67a6fd04c169c4bdef102d0bc5d31b2546345219e348575eb80e9a0?s=96&d=mm&r=g\",\"caption\":\"redazione\"},\"sameAs\":[\"http:\\\/\\\/www.bellunopress.it\",\"https:\\\/\\\/x.com\\\/bellunopress\"],\"url\":\"https:\\\/\\\/www.bellunopress.it\\\/fr\\\/author\\\/redazione\\\/\"}]}<\/script>\n<!-- \/ Yoast SEO plugin. -->","yoast_head_json":{"title":"Feltre Urban Trail 2026, \u00e8 record: in 950 al via nel cuore della citt\u00e0 - Bellunopress - Dolomiti","robots":{"index":"index","follow":"follow","max-snippet":"max-snippet:-1","max-image-preview":"max-image-preview:large","max-video-preview":"max-video-preview:-1"},"canonical":"https:\/\/www.bellunopress.it\/fr\/2026\/08\/29\/feltre-urban-trail-2026-e-record-in-950-al-via-nel-cuore-della-citta\/","og_locale":"fr_FR","og_type":"article","og_title":"Feltre Urban Trail 2026, \u00e8 record: in 950 al via nel cuore della citt\u00e0 - Bellunopress - Dolomiti","og_description":"Roberto Fregona e Sara Cavallet firmano l\u2019undicesima edizione. Questa sera il gran finale con la 37\u00aa edizione del Giro delle Mura Novecentoquarantanove. \u00c8 il numero che fotografa meglio di ogni altro il successo dell\u2019edizione 2026 della Feltre Urban Trail, andata in scena venerd\u00ec sera nel cuore della citt\u00e0. Un\u2019autentica marea di atleti e appassionati ha [&hellip;]","og_url":"https:\/\/www.bellunopress.it\/fr\/2026\/08\/29\/feltre-urban-trail-2026-e-record-in-950-al-via-nel-cuore-della-citta\/","og_site_name":"Bellunopress - Dolomiti","article_publisher":"https:\/\/www.facebook.com\/profile.php?id=100008943462799","article_published_time":"2026-08-29T09:34:38+00:00","og_image":[{"width":600,"height":337,"url":"https:\/\/www.bellunopress.it\/wp-content\/uploads\/2026\/08\/Partenza-Urban-Trail-2026.jpg","type":"image\/jpeg"}],"author":"redazione","twitter_card":"summary_large_image","twitter_creator":"@bellunopress","twitter_site":"@bellunopress","twitter_misc":{"Written by":"redazione","Est. reading time":"3 minutes"},"schema":{"@context":"https:\/\/schema.org","@graph":[{"@type":"Article","@id":"https:\/\/www.bellunopress.it\/2026\/08\/29\/feltre-urban-trail-2026-e-record-in-950-al-via-nel-cuore-della-citta\/#article","isPartOf":{"@id":"https:\/\/www.bellunopress.it\/2026\/08\/29\/feltre-urban-trail-2026-e-record-in-950-al-via-nel-cuore-della-citta\/"},"author":{"name":"redazione","@id":"https:\/\/www.bellunopress.it\/#\/schema\/person\/79bb06722b37ece1c03d3e94beb30d73"},"headline":"Feltre Urban Trail 2026, \u00e8 record: in 950 al via nel cuore della citt\u00e0","datePublished":"2026-08-29T09:34:38+00:00","mainEntityOfPage":{"@id":"https:\/\/www.bellunopress.it\/2026\/08\/29\/feltre-urban-trail-2026-e-record-in-950-al-via-nel-cuore-della-citta\/"},"wordCount":438,"publisher":{"@id":"https:\/\/www.bellunopress.it\/#organization"},"image":{"@id":"https:\/\/www.bellunopress.it\/2026\/08\/29\/feltre-urban-trail-2026-e-record-in-950-al-via-nel-cuore-della-citta\/#primaryimage"},"thumbnailUrl":"https:\/\/www.bellunopress.it\/wp-content\/uploads\/2026\/08\/Partenza-Urban-Trail-2026.jpg","articleSection":["Prima Pagina","Sport, tempo libero"],"inLanguage":"fr-FR"},{"@type":"WebPage","@id":"https:\/\/www.bellunopress.it\/2026\/08\/29\/feltre-urban-trail-2026-e-record-in-950-al-via-nel-cuore-della-citta\/","url":"https:\/\/www.bellunopress.it\/2026\/08\/29\/feltre-urban-trail-2026-e-record-in-950-al-via-nel-cuore-della-citta\/","name":"Feltre Urban Trail 2026, \u00e8 record: in 950 al via nel cuore della citt\u00e0 - Bellunopress - Dolomiti","isPartOf":{"@id":"https:\/\/www.bellunopress.it\/#website"},"primaryImageOfPage":{"@id":"https:\/\/www.bellunopress.it\/2026\/08\/29\/feltre-urban-trail-2026-e-record-in-950-al-via-nel-cuore-della-citta\/#primaryimage"},"image":{"@id":"https:\/\/www.bellunopress.it\/2026\/08\/29\/feltre-urban-trail-2026-e-record-in-950-al-via-nel-cuore-della-citta\/#primaryimage"},"thumbnailUrl":"https:\/\/www.bellunopress.it\/wp-content\/uploads\/2026\/08\/Partenza-Urban-Trail-2026.jpg","datePublished":"2026-08-29T09:34:38+00:00","breadcrumb":{"@id":"https:\/\/www.bellunopress.it\/2026\/08\/29\/feltre-urban-trail-2026-e-record-in-950-al-via-nel-cuore-della-citta\/#breadcrumb"},"inLanguage":"fr-FR","potentialAction":[{"@type":"ReadAction","target":["https:\/\/www.bellunopress.it\/2026\/08\/29\/feltre-urban-trail-2026-e-record-in-950-al-via-nel-cuore-della-citta\/"]}]},{"@type":"ImageObject","inLanguage":"fr-FR","@id":"https:\/\/www.bellunopress.it\/2026\/08\/29\/feltre-urban-trail-2026-e-record-in-950-al-via-nel-cuore-della-citta\/#primaryimage","url":"https:\/\/www.bellunopress.it\/wp-content\/uploads\/2026\/08\/Partenza-Urban-Trail-2026.jpg","contentUrl":"https:\/\/www.bellunopress.it\/wp-content\/uploads\/2026\/08\/Partenza-Urban-Trail-2026.jpg","width":600,"height":337,"caption":"Partenza Urban Trail 2026 Feltre"},{"@type":"BreadcrumbList","@id":"https:\/\/www.bellunopress.it\/2026\/08\/29\/feltre-urban-trail-2026-e-record-in-950-al-via-nel-cuore-della-citta\/#breadcrumb","itemListElement":[{"@type":"ListItem","position":1,"name":"Home","item":"https:\/\/www.bellunopress.it\/"},{"@type":"ListItem","position":2,"name":"Feltre Urban Trail 2026, \u00e8 record: in 950 al via nel cuore della citt\u00e0"}]},{"@type":"WebSite","@id":"https:\/\/www.bellunopress.it\/#website","url":"https:\/\/www.bellunopress.it\/","name":"Bellunopress - Dolomiti","description":"e-mail: redazione@bellunopress.it","publisher":{"@id":"https:\/\/www.bellunopress.it\/#organization"},"potentialAction":[{"@type":"SearchAction","target":{"@type":"EntryPoint","urlTemplate":"https:\/\/www.bellunopress.it\/?s={search_term_string}"},"query-input":{"@type":"PropertyValueSpecification","valueRequired":true,"valueName":"search_term_string"}}],"inLanguage":"fr-FR"},{"@type":"Organization","@id":"https:\/\/www.bellunopress.it\/#organization","name":"Bellunopress","url":"https:\/\/www.bellunopress.it\/","logo":{"@type":"ImageObject","inLanguage":"fr-FR","@id":"https:\/\/www.bellunopress.it\/#\/schema\/logo\/image\/","url":"https:\/\/www.bellunopress.it\/wp-content\/uploads\/2011\/05\/cropped-logo-bellunopress-.jpg","contentUrl":"https:\/\/www.bellunopress.it\/wp-content\/uploads\/2011\/05\/cropped-logo-bellunopress-.jpg","width":512,"height":512,"caption":"Bellunopress"},"image":{"@id":"https:\/\/www.bellunopress.it\/#\/schema\/logo\/image\/"},"sameAs":["https:\/\/www.facebook.com\/profile.php?id=100008943462799","https:\/\/x.com\/bellunopress","https:\/\/www.linkedin.com\/hp\/?dnr=JBzUWaJfMUw8vbXJJ2tVW5-I3jZKvC4wsoxE&amp;amp;amp;amp;amp;amp;trk=nav_responsive_tab_home","https:\/\/www.youtube.com\/channel\/UCxL0wu1uN0_3_7hGG0306cw"]},{"@type":"Person","@id":"https:\/\/www.bellunopress.it\/#\/schema\/person\/79bb06722b37ece1c03d3e94beb30d73","name":"r\u00e9daction","image":{"@type":"ImageObject","inLanguage":"fr-FR","@id":"https:\/\/secure.gravatar.com\/avatar\/37d968a2e67a6fd04c169c4bdef102d0bc5d31b2546345219e348575eb80e9a0?s=96&d=mm&r=g","url":"https:\/\/secure.gravatar.com\/avatar\/37d968a2e67a6fd04c169c4bdef102d0bc5d31b2546345219e348575eb80e9a0?s=96&d=mm&r=g","contentUrl":"https:\/\/secure.gravatar.com\/avatar\/37d968a2e67a6fd04c169c4bdef102d0bc5d31b2546345219e348575eb80e9a0?s=96&d=mm&r=g","caption":"redazione"},"sameAs":["http:\/\/www.bellunopress.it","https:\/\/x.com\/bellunopress"],"url":"https:\/\/www.bellunopress.it\/fr\/author\/redazione\/"}]}},"_links":{"self":[{"href":"https:\/\/www.bellunopress.it\/fr\/wp-json\/wp\/v2\/posts\/172974","targetHints":{"allow":["GET"]}}],"collection":[{"href":"https:\/\/www.bellunopress.it\/fr\/wp-json\/wp\/v2\/posts"}],"about":[{"href":"https:\/\/www.bellunopress.it\/fr\/wp-json\/wp\/v2\/types\/post"}],"author":[{"embeddable":true,"href":"https:\/\/www.bellunopress.it\/fr\/wp-json\/wp\/v2\/users\/2"}],"replies":[{"embeddable":true,"href":"https:\/\/www.bellunopress.it\/fr\/wp-json\/wp\/v2\/comments?post=172974"}],"version-history":[{"count":1,"href":"https:\/\/www.bellunopress.it\/fr\/wp-json\/wp\/v2\/posts\/172974\/revisions"}],"predecessor-version":[{"id":172976,"href":"https:\/\/www.bellunopress.it\/fr\/wp-json\/wp\/v2\/posts\/172974\/revisions\/172976"}],"wp:featuredmedia":[{"embeddable":true,"href":"https:\/\/www.bellunopress.it\/fr\/wp-json\/wp\/v2\/media\/172975"}],"wp:attachment":[{"href":"https:\/\/www.bellunopress.it\/fr\/wp-json\/wp\/v2\/media?parent=172974"}],"wp:term":[{"taxonomy":"category","embeddable":true,"href":"https:\/\/www.bellunopress.it\/fr\/wp-json\/wp\/v2\/categories?post=172974"},{"taxonomy":"post_tag","embeddable":true,"href":"https:\/\/www.bellunopress.it\/fr\/wp-json\/wp\/v2\/tags?post=172974"}],"curies":[{"name":"wp","href":"https:\/\/api.w.org\/{rel}","templated":true}]}}