{"id":172972,"date":"2026-08-30T11:21:00","date_gmt":"2026-08-30T09:21:00","guid":{"rendered":"https:\/\/www.bellunopress.it\/?p=172972"},"modified":"2026-08-29T11:25:42","modified_gmt":"2026-08-29T09:25:42","slug":"lorenza-gentile-premio-bancarella-2026-giovedi-alla-libreria-agora-di-feltre","status":"publish","type":"post","link":"https:\/\/www.bellunopress.it\/fr\/2026\/08\/30\/lorenza-gentile-premio-bancarella-2026-giovedi-alla-libreria-agora-di-feltre\/","title":{"rendered":"Lorenza Gentile, Prix Bancarella 2026 jeudi \u00e0 la Librairie Agor\u00e0 de Feltre"},"content":{"rendered":"<p><strong>Prosegue il programma estivo della Libreria Agor\u00e0 con un ospite d&#8217;eccezione: la vincitrice del premio bancarella 2026 Lorenza Gentile<\/strong><\/p>\n<p>La libreria Agor\u00e0 inizia il mese di settembre con un altro regalo per tutti i suoi lettori.\u00a0 Dopo aver ospitato autori di rilievo come Mariapia Veladiano, Matteo Melchiorre, Gigi Corazzol, Danilo Gasparini e Lorenzo Carlini, gioved\u00ec 3 settembre, alle ore 18.30 Alberto Bortot discuter\u00e0 con Lorenza Gentile del suo ultimo romanzo \u201cLa volta giusta\u201d che, nel mese di luglio, ha vinto il prestigioso \u201cPremio Bancarella 2026\u201d, l&#8217;unico premio nazionale in cui sono i librai a votare il vincitore. Un evento che rende ancora pi\u00f9 pregevole una rassegna estiva gi\u00e0 ricca di sorprese.<\/p>\n<p>Il romanzo permette a tutti di specchiarsi, la protagonista infatti, Lucilla, dopo numerose delusioni d&#8217;amore si ritrova a dover riqualificare una locanda in un \u201cpaese polvere\u201d, un paese in via di spopolamento, nelle Alpi marittime. Lucilla, per\u00f2, non conosce nulla della vita in montagna e deve affrontare tutte le insicurezze che una situazione del genere pu\u00f2 generare. Ad aiutarla, per\u00f2, trover\u00e0 degli abitanti accoglienti e amichevoli che riusciranno a mostrare alla protagonista qualcosa di pi\u00f9 della semplice vita in montagna, ma una nuova comunit\u00e0 da poter definire casa.<\/p>\n<p>L&#8217;incontro \u00e8 aperto a tutti e non \u00e8 richiesta prenotazione, per qualsiasi informazione \u00e8 possibile contattare direttamente la libreria al numero di telefono 0439 83487 o all&#8217;indirizzo email libreria.agora@libero.it.<\/p>\n<p>&nbsp;<\/p>","protected":false},"excerpt":{"rendered":"<p>Prosegue il programma estivo della Libreria Agor\u00e0 con un ospite d&#8217;eccezione: la vincitrice del premio bancarella 2026 Lorenza Gentile La libreria Agor\u00e0 inizia il mese di settembre con un altro regalo per tutti i suoi lettori.\u00a0 Dopo aver ospitato autori di rilievo come Mariapia Veladiano, Matteo Melchiorre, Gigi Corazzol, Danilo Gasparini e Lorenzo Carlini, gioved\u00ec [&hellip;]<\/p>\n","protected":false},"author":2,"featured_media":171902,"comment_status":"closed","ping_status":"open","sticky":false,"template":"","format":"standard","meta":{"footnotes":""},"categories":[27,25],"tags":[],"class_list":["post-172972","post","type-post","status-publish","format-standard","has-post-thumbnail","category-appuntamenti","category-pausa-caffe"],"yoast_head":"<!-- This site is optimized with the Yoast SEO plugin v28.4 - https:\/\/yoast.com\/product\/yoast-seo-wordpress\/ -->\n<title>Lorenza Gentile, Premio Bancarella 2026 gioved\u00ec alla Libreria Agor\u00e0 di Feltre - Bellunopress - Dolomiti<\/title>\n<meta name=\"robots\" content=\"index, follow, max-snippet:-1, max-image-preview:large, max-video-preview:-1\" \/>\n<link rel=\"canonical\" href=\"https:\/\/www.bellunopress.it\/fr\/2026\/08\/30\/lorenza-gentile-premio-bancarella-2026-giovedi-alla-libreria-agora-di-feltre\/\" \/>\n<meta property=\"og:locale\" content=\"fr_FR\" \/>\n<meta property=\"og:type\" content=\"article\" \/>\n<meta property=\"og:title\" content=\"Lorenza Gentile, Premio Bancarella 2026 gioved\u00ec alla Libreria Agor\u00e0 di Feltre - Bellunopress - Dolomiti\" \/>\n<meta property=\"og:description\" content=\"Prosegue il programma estivo della Libreria Agor\u00e0 con un ospite d&#8217;eccezione: la vincitrice del premio bancarella 2026 Lorenza Gentile La libreria Agor\u00e0 inizia il mese di settembre con un altro regalo per tutti i suoi lettori.\u00a0 Dopo aver ospitato autori di rilievo come Mariapia Veladiano, Matteo Melchiorre, Gigi Corazzol, Danilo Gasparini e Lorenzo Carlini, gioved\u00ec [&hellip;]\" \/>\n<meta property=\"og:url\" content=\"https:\/\/www.bellunopress.it\/fr\/2026\/08\/30\/lorenza-gentile-premio-bancarella-2026-giovedi-alla-libreria-agora-di-feltre\/\" \/>\n<meta property=\"og:site_name\" content=\"Bellunopress - Dolomiti\" \/>\n<meta property=\"article:publisher\" content=\"https:\/\/www.facebook.com\/profile.php?id=100008943462799\" \/>\n<meta property=\"article:published_time\" content=\"2026-08-30T09:21:00+00:00\" \/>\n<meta property=\"og:image\" content=\"https:\/\/www.bellunopress.it\/wp-content\/uploads\/2026\/07\/alessandro-dalla-gasperina.jpg\" \/>\n\t<meta property=\"og:image:width\" content=\"477\" \/>\n\t<meta property=\"og:image:height\" content=\"549\" \/>\n\t<meta property=\"og:image:type\" content=\"image\/jpeg\" \/>\n<meta name=\"author\" content=\"redazione\" \/>\n<meta name=\"twitter:card\" content=\"summary_large_image\" \/>\n<meta name=\"twitter:creator\" content=\"@bellunopress\" \/>\n<meta name=\"twitter:site\" content=\"@bellunopress\" \/>\n<meta name=\"twitter:label1\" content=\"Written by\" \/>\n\t<meta name=\"twitter:data1\" content=\"redazione\" \/>\n\t<meta name=\"twitter:label2\" content=\"Est. reading time\" \/>\n\t<meta name=\"twitter:data2\" content=\"2 minutes\" \/>\n<script type=\"application\/ld+json\" class=\"yoast-schema-graph\">{\"@context\":\"https:\\\/\\\/schema.org\",\"@graph\":[{\"@type\":\"Article\",\"@id\":\"https:\\\/\\\/www.bellunopress.it\\\/2026\\\/08\\\/30\\\/lorenza-gentile-premio-bancarella-2026-giovedi-alla-libreria-agora-di-feltre\\\/#article\",\"isPartOf\":{\"@id\":\"https:\\\/\\\/www.bellunopress.it\\\/2026\\\/08\\\/30\\\/lorenza-gentile-premio-bancarella-2026-giovedi-alla-libreria-agora-di-feltre\\\/\"},\"author\":{\"name\":\"redazione\",\"@id\":\"https:\\\/\\\/www.bellunopress.it\\\/#\\\/schema\\\/person\\\/79bb06722b37ece1c03d3e94beb30d73\"},\"headline\":\"Lorenza Gentile, Premio Bancarella 2026 gioved\u00ec alla Libreria Agor\u00e0 di Feltre\",\"datePublished\":\"2026-08-30T09:21:00+00:00\",\"mainEntityOfPage\":{\"@id\":\"https:\\\/\\\/www.bellunopress.it\\\/2026\\\/08\\\/30\\\/lorenza-gentile-premio-bancarella-2026-giovedi-alla-libreria-agora-di-feltre\\\/\"},\"wordCount\":238,\"publisher\":{\"@id\":\"https:\\\/\\\/www.bellunopress.it\\\/#organization\"},\"image\":{\"@id\":\"https:\\\/\\\/www.bellunopress.it\\\/2026\\\/08\\\/30\\\/lorenza-gentile-premio-bancarella-2026-giovedi-alla-libreria-agora-di-feltre\\\/#primaryimage\"},\"thumbnailUrl\":\"https:\\\/\\\/www.bellunopress.it\\\/wp-content\\\/uploads\\\/2026\\\/07\\\/alessandro-dalla-gasperina.jpg\",\"articleSection\":[\"Appuntamenti, Eventi\",\"Pausa Caff\u00e8\"],\"inLanguage\":\"fr-FR\"},{\"@type\":\"WebPage\",\"@id\":\"https:\\\/\\\/www.bellunopress.it\\\/2026\\\/08\\\/30\\\/lorenza-gentile-premio-bancarella-2026-giovedi-alla-libreria-agora-di-feltre\\\/\",\"url\":\"https:\\\/\\\/www.bellunopress.it\\\/2026\\\/08\\\/30\\\/lorenza-gentile-premio-bancarella-2026-giovedi-alla-libreria-agora-di-feltre\\\/\",\"name\":\"Lorenza Gentile, Premio Bancarella 2026 gioved\u00ec alla Libreria Agor\u00e0 di Feltre - Bellunopress - Dolomiti\",\"isPartOf\":{\"@id\":\"https:\\\/\\\/www.bellunopress.it\\\/#website\"},\"primaryImageOfPage\":{\"@id\":\"https:\\\/\\\/www.bellunopress.it\\\/2026\\\/08\\\/30\\\/lorenza-gentile-premio-bancarella-2026-giovedi-alla-libreria-agora-di-feltre\\\/#primaryimage\"},\"image\":{\"@id\":\"https:\\\/\\\/www.bellunopress.it\\\/2026\\\/08\\\/30\\\/lorenza-gentile-premio-bancarella-2026-giovedi-alla-libreria-agora-di-feltre\\\/#primaryimage\"},\"thumbnailUrl\":\"https:\\\/\\\/www.bellunopress.it\\\/wp-content\\\/uploads\\\/2026\\\/07\\\/alessandro-dalla-gasperina.jpg\",\"datePublished\":\"2026-08-30T09:21:00+00:00\",\"breadcrumb\":{\"@id\":\"https:\\\/\\\/www.bellunopress.it\\\/2026\\\/08\\\/30\\\/lorenza-gentile-premio-bancarella-2026-giovedi-alla-libreria-agora-di-feltre\\\/#breadcrumb\"},\"inLanguage\":\"fr-FR\",\"potentialAction\":[{\"@type\":\"ReadAction\",\"target\":[\"https:\\\/\\\/www.bellunopress.it\\\/2026\\\/08\\\/30\\\/lorenza-gentile-premio-bancarella-2026-giovedi-alla-libreria-agora-di-feltre\\\/\"]}]},{\"@type\":\"ImageObject\",\"inLanguage\":\"fr-FR\",\"@id\":\"https:\\\/\\\/www.bellunopress.it\\\/2026\\\/08\\\/30\\\/lorenza-gentile-premio-bancarella-2026-giovedi-alla-libreria-agora-di-feltre\\\/#primaryimage\",\"url\":\"https:\\\/\\\/www.bellunopress.it\\\/wp-content\\\/uploads\\\/2026\\\/07\\\/alessandro-dalla-gasperina.jpg\",\"contentUrl\":\"https:\\\/\\\/www.bellunopress.it\\\/wp-content\\\/uploads\\\/2026\\\/07\\\/alessandro-dalla-gasperina.jpg\",\"width\":477,\"height\":549,\"caption\":\"Alessandro Dalla Gasperina, titolare della Libreria Agor\u00e0 di Feltre\"},{\"@type\":\"BreadcrumbList\",\"@id\":\"https:\\\/\\\/www.bellunopress.it\\\/2026\\\/08\\\/30\\\/lorenza-gentile-premio-bancarella-2026-giovedi-alla-libreria-agora-di-feltre\\\/#breadcrumb\",\"itemListElement\":[{\"@type\":\"ListItem\",\"position\":1,\"name\":\"Home\",\"item\":\"https:\\\/\\\/www.bellunopress.it\\\/\"},{\"@type\":\"ListItem\",\"position\":2,\"name\":\"Lorenza Gentile, Premio Bancarella 2026 gioved\u00ec alla Libreria Agor\u00e0 di Feltre\"}]},{\"@type\":\"WebSite\",\"@id\":\"https:\\\/\\\/www.bellunopress.it\\\/#website\",\"url\":\"https:\\\/\\\/www.bellunopress.it\\\/\",\"name\":\"Bellunopress - Dolomiti\",\"description\":\"e-mail: redazione@bellunopress.it\",\"publisher\":{\"@id\":\"https:\\\/\\\/www.bellunopress.it\\\/#organization\"},\"potentialAction\":[{\"@type\":\"SearchAction\",\"target\":{\"@type\":\"EntryPoint\",\"urlTemplate\":\"https:\\\/\\\/www.bellunopress.it\\\/?s={search_term_string}\"},\"query-input\":{\"@type\":\"PropertyValueSpecification\",\"valueRequired\":true,\"valueName\":\"search_term_string\"}}],\"inLanguage\":\"fr-FR\"},{\"@type\":\"Organization\",\"@id\":\"https:\\\/\\\/www.bellunopress.it\\\/#organization\",\"name\":\"Bellunopress\",\"url\":\"https:\\\/\\\/www.bellunopress.it\\\/\",\"logo\":{\"@type\":\"ImageObject\",\"inLanguage\":\"fr-FR\",\"@id\":\"https:\\\/\\\/www.bellunopress.it\\\/#\\\/schema\\\/logo\\\/image\\\/\",\"url\":\"https:\\\/\\\/www.bellunopress.it\\\/wp-content\\\/uploads\\\/2011\\\/05\\\/cropped-logo-bellunopress-.jpg\",\"contentUrl\":\"https:\\\/\\\/www.bellunopress.it\\\/wp-content\\\/uploads\\\/2011\\\/05\\\/cropped-logo-bellunopress-.jpg\",\"width\":512,\"height\":512,\"caption\":\"Bellunopress\"},\"image\":{\"@id\":\"https:\\\/\\\/www.bellunopress.it\\\/#\\\/schema\\\/logo\\\/image\\\/\"},\"sameAs\":[\"https:\\\/\\\/www.facebook.com\\\/profile.php?id=100008943462799\",\"https:\\\/\\\/x.com\\\/bellunopress\",\"https:\\\/\\\/www.linkedin.com\\\/hp\\\/?dnr=JBzUWaJfMUw8vbXJJ2tVW5-I3jZKvC4wsoxE&amp;amp;amp;amp;amp;amp;trk=nav_responsive_tab_home\",\"https:\\\/\\\/www.youtube.com\\\/channel\\\/UCxL0wu1uN0_3_7hGG0306cw\"]},{\"@type\":\"Person\",\"@id\":\"https:\\\/\\\/www.bellunopress.it\\\/#\\\/schema\\\/person\\\/79bb06722b37ece1c03d3e94beb30d73\",\"name\":\"redazione\",\"image\":{\"@type\":\"ImageObject\",\"inLanguage\":\"fr-FR\",\"@id\":\"https:\\\/\\\/secure.gravatar.com\\\/avatar\\\/37d968a2e67a6fd04c169c4bdef102d0bc5d31b2546345219e348575eb80e9a0?s=96&d=mm&r=g\",\"url\":\"https:\\\/\\\/secure.gravatar.com\\\/avatar\\\/37d968a2e67a6fd04c169c4bdef102d0bc5d31b2546345219e348575eb80e9a0?s=96&d=mm&r=g\",\"contentUrl\":\"https:\\\/\\\/secure.gravatar.com\\\/avatar\\\/37d968a2e67a6fd04c169c4bdef102d0bc5d31b2546345219e348575eb80e9a0?s=96&d=mm&r=g\",\"caption\":\"redazione\"},\"sameAs\":[\"http:\\\/\\\/www.bellunopress.it\",\"https:\\\/\\\/x.com\\\/bellunopress\"],\"url\":\"https:\\\/\\\/www.bellunopress.it\\\/fr\\\/author\\\/redazione\\\/\"}]}<\/script>\n<!-- \/ Yoast SEO plugin. -->","yoast_head_json":{"title":"Lorenza Gentile, Premio Bancarella 2026 gioved\u00ec alla Libreria Agor\u00e0 di Feltre - Bellunopress - Dolomiti","robots":{"index":"index","follow":"follow","max-snippet":"max-snippet:-1","max-image-preview":"max-image-preview:large","max-video-preview":"max-video-preview:-1"},"canonical":"https:\/\/www.bellunopress.it\/fr\/2026\/08\/30\/lorenza-gentile-premio-bancarella-2026-giovedi-alla-libreria-agora-di-feltre\/","og_locale":"fr_FR","og_type":"article","og_title":"Lorenza Gentile, Premio Bancarella 2026 gioved\u00ec alla Libreria Agor\u00e0 di Feltre - Bellunopress - Dolomiti","og_description":"Prosegue il programma estivo della Libreria Agor\u00e0 con un ospite d&#8217;eccezione: la vincitrice del premio bancarella 2026 Lorenza Gentile La libreria Agor\u00e0 inizia il mese di settembre con un altro regalo per tutti i suoi lettori.\u00a0 Dopo aver ospitato autori di rilievo come Mariapia Veladiano, Matteo Melchiorre, Gigi Corazzol, Danilo Gasparini e Lorenzo Carlini, gioved\u00ec [&hellip;]","og_url":"https:\/\/www.bellunopress.it\/fr\/2026\/08\/30\/lorenza-gentile-premio-bancarella-2026-giovedi-alla-libreria-agora-di-feltre\/","og_site_name":"Bellunopress - Dolomiti","article_publisher":"https:\/\/www.facebook.com\/profile.php?id=100008943462799","article_published_time":"2026-08-30T09:21:00+00:00","og_image":[{"width":477,"height":549,"url":"https:\/\/www.bellunopress.it\/wp-content\/uploads\/2026\/07\/alessandro-dalla-gasperina.jpg","type":"image\/jpeg"}],"author":"redazione","twitter_card":"summary_large_image","twitter_creator":"@bellunopress","twitter_site":"@bellunopress","twitter_misc":{"Written by":"redazione","Est. reading time":"2 minutes"},"schema":{"@context":"https:\/\/schema.org","@graph":[{"@type":"Article","@id":"https:\/\/www.bellunopress.it\/2026\/08\/30\/lorenza-gentile-premio-bancarella-2026-giovedi-alla-libreria-agora-di-feltre\/#article","isPartOf":{"@id":"https:\/\/www.bellunopress.it\/2026\/08\/30\/lorenza-gentile-premio-bancarella-2026-giovedi-alla-libreria-agora-di-feltre\/"},"author":{"name":"redazione","@id":"https:\/\/www.bellunopress.it\/#\/schema\/person\/79bb06722b37ece1c03d3e94beb30d73"},"headline":"Lorenza Gentile, Premio Bancarella 2026 gioved\u00ec alla Libreria Agor\u00e0 di Feltre","datePublished":"2026-08-30T09:21:00+00:00","mainEntityOfPage":{"@id":"https:\/\/www.bellunopress.it\/2026\/08\/30\/lorenza-gentile-premio-bancarella-2026-giovedi-alla-libreria-agora-di-feltre\/"},"wordCount":238,"publisher":{"@id":"https:\/\/www.bellunopress.it\/#organization"},"image":{"@id":"https:\/\/www.bellunopress.it\/2026\/08\/30\/lorenza-gentile-premio-bancarella-2026-giovedi-alla-libreria-agora-di-feltre\/#primaryimage"},"thumbnailUrl":"https:\/\/www.bellunopress.it\/wp-content\/uploads\/2026\/07\/alessandro-dalla-gasperina.jpg","articleSection":["Appuntamenti, Eventi","Pausa Caff\u00e8"],"inLanguage":"fr-FR"},{"@type":"WebPage","@id":"https:\/\/www.bellunopress.it\/2026\/08\/30\/lorenza-gentile-premio-bancarella-2026-giovedi-alla-libreria-agora-di-feltre\/","url":"https:\/\/www.bellunopress.it\/2026\/08\/30\/lorenza-gentile-premio-bancarella-2026-giovedi-alla-libreria-agora-di-feltre\/","name":"Lorenza Gentile, Premio Bancarella 2026 gioved\u00ec alla Libreria Agor\u00e0 di Feltre - Bellunopress - Dolomiti","isPartOf":{"@id":"https:\/\/www.bellunopress.it\/#website"},"primaryImageOfPage":{"@id":"https:\/\/www.bellunopress.it\/2026\/08\/30\/lorenza-gentile-premio-bancarella-2026-giovedi-alla-libreria-agora-di-feltre\/#primaryimage"},"image":{"@id":"https:\/\/www.bellunopress.it\/2026\/08\/30\/lorenza-gentile-premio-bancarella-2026-giovedi-alla-libreria-agora-di-feltre\/#primaryimage"},"thumbnailUrl":"https:\/\/www.bellunopress.it\/wp-content\/uploads\/2026\/07\/alessandro-dalla-gasperina.jpg","datePublished":"2026-08-30T09:21:00+00:00","breadcrumb":{"@id":"https:\/\/www.bellunopress.it\/2026\/08\/30\/lorenza-gentile-premio-bancarella-2026-giovedi-alla-libreria-agora-di-feltre\/#breadcrumb"},"inLanguage":"fr-FR","potentialAction":[{"@type":"ReadAction","target":["https:\/\/www.bellunopress.it\/2026\/08\/30\/lorenza-gentile-premio-bancarella-2026-giovedi-alla-libreria-agora-di-feltre\/"]}]},{"@type":"ImageObject","inLanguage":"fr-FR","@id":"https:\/\/www.bellunopress.it\/2026\/08\/30\/lorenza-gentile-premio-bancarella-2026-giovedi-alla-libreria-agora-di-feltre\/#primaryimage","url":"https:\/\/www.bellunopress.it\/wp-content\/uploads\/2026\/07\/alessandro-dalla-gasperina.jpg","contentUrl":"https:\/\/www.bellunopress.it\/wp-content\/uploads\/2026\/07\/alessandro-dalla-gasperina.jpg","width":477,"height":549,"caption":"Alessandro Dalla Gasperina, titolare della Libreria Agor\u00e0 di Feltre"},{"@type":"BreadcrumbList","@id":"https:\/\/www.bellunopress.it\/2026\/08\/30\/lorenza-gentile-premio-bancarella-2026-giovedi-alla-libreria-agora-di-feltre\/#breadcrumb","itemListElement":[{"@type":"ListItem","position":1,"name":"Home","item":"https:\/\/www.bellunopress.it\/"},{"@type":"ListItem","position":2,"name":"Lorenza Gentile, Premio Bancarella 2026 gioved\u00ec alla Libreria Agor\u00e0 di Feltre"}]},{"@type":"WebSite","@id":"https:\/\/www.bellunopress.it\/#website","url":"https:\/\/www.bellunopress.it\/","name":"Bellunopress - Dolomiti","description":"e-mail: redazione@bellunopress.it","publisher":{"@id":"https:\/\/www.bellunopress.it\/#organization"},"potentialAction":[{"@type":"SearchAction","target":{"@type":"EntryPoint","urlTemplate":"https:\/\/www.bellunopress.it\/?s={search_term_string}"},"query-input":{"@type":"PropertyValueSpecification","valueRequired":true,"valueName":"search_term_string"}}],"inLanguage":"fr-FR"},{"@type":"Organization","@id":"https:\/\/www.bellunopress.it\/#organization","name":"Bellunopress","url":"https:\/\/www.bellunopress.it\/","logo":{"@type":"ImageObject","inLanguage":"fr-FR","@id":"https:\/\/www.bellunopress.it\/#\/schema\/logo\/image\/","url":"https:\/\/www.bellunopress.it\/wp-content\/uploads\/2011\/05\/cropped-logo-bellunopress-.jpg","contentUrl":"https:\/\/www.bellunopress.it\/wp-content\/uploads\/2011\/05\/cropped-logo-bellunopress-.jpg","width":512,"height":512,"caption":"Bellunopress"},"image":{"@id":"https:\/\/www.bellunopress.it\/#\/schema\/logo\/image\/"},"sameAs":["https:\/\/www.facebook.com\/profile.php?id=100008943462799","https:\/\/x.com\/bellunopress","https:\/\/www.linkedin.com\/hp\/?dnr=JBzUWaJfMUw8vbXJJ2tVW5-I3jZKvC4wsoxE&amp;amp;amp;amp;amp;amp;trk=nav_responsive_tab_home","https:\/\/www.youtube.com\/channel\/UCxL0wu1uN0_3_7hGG0306cw"]},{"@type":"Person","@id":"https:\/\/www.bellunopress.it\/#\/schema\/person\/79bb06722b37ece1c03d3e94beb30d73","name":"r\u00e9daction","image":{"@type":"ImageObject","inLanguage":"fr-FR","@id":"https:\/\/secure.gravatar.com\/avatar\/37d968a2e67a6fd04c169c4bdef102d0bc5d31b2546345219e348575eb80e9a0?s=96&d=mm&r=g","url":"https:\/\/secure.gravatar.com\/avatar\/37d968a2e67a6fd04c169c4bdef102d0bc5d31b2546345219e348575eb80e9a0?s=96&d=mm&r=g","contentUrl":"https:\/\/secure.gravatar.com\/avatar\/37d968a2e67a6fd04c169c4bdef102d0bc5d31b2546345219e348575eb80e9a0?s=96&d=mm&r=g","caption":"redazione"},"sameAs":["http:\/\/www.bellunopress.it","https:\/\/x.com\/bellunopress"],"url":"https:\/\/www.bellunopress.it\/fr\/author\/redazione\/"}]}},"_links":{"self":[{"href":"https:\/\/www.bellunopress.it\/fr\/wp-json\/wp\/v2\/posts\/172972","targetHints":{"allow":["GET"]}}],"collection":[{"href":"https:\/\/www.bellunopress.it\/fr\/wp-json\/wp\/v2\/posts"}],"about":[{"href":"https:\/\/www.bellunopress.it\/fr\/wp-json\/wp\/v2\/types\/post"}],"author":[{"embeddable":true,"href":"https:\/\/www.bellunopress.it\/fr\/wp-json\/wp\/v2\/users\/2"}],"replies":[{"embeddable":true,"href":"https:\/\/www.bellunopress.it\/fr\/wp-json\/wp\/v2\/comments?post=172972"}],"version-history":[{"count":1,"href":"https:\/\/www.bellunopress.it\/fr\/wp-json\/wp\/v2\/posts\/172972\/revisions"}],"predecessor-version":[{"id":172973,"href":"https:\/\/www.bellunopress.it\/fr\/wp-json\/wp\/v2\/posts\/172972\/revisions\/172973"}],"wp:featuredmedia":[{"embeddable":true,"href":"https:\/\/www.bellunopress.it\/fr\/wp-json\/wp\/v2\/media\/171902"}],"wp:attachment":[{"href":"https:\/\/www.bellunopress.it\/fr\/wp-json\/wp\/v2\/media?parent=172972"}],"wp:term":[{"taxonomy":"category","embeddable":true,"href":"https:\/\/www.bellunopress.it\/fr\/wp-json\/wp\/v2\/categories?post=172972"},{"taxonomy":"post_tag","embeddable":true,"href":"https:\/\/www.bellunopress.it\/fr\/wp-json\/wp\/v2\/tags?post=172972"}],"curies":[{"name":"wp","href":"https:\/\/api.w.org\/{rel}","templated":true}]}}