{"id":172962,"date":"2026-08-29T07:58:53","date_gmt":"2026-08-29T05:58:53","guid":{"rendered":"https:\/\/www.bellunopress.it\/?p=172962"},"modified":"2026-08-29T07:58:53","modified_gmt":"2026-08-29T05:58:53","slug":"ritornare-a-vivere-in-quota-il-futuro-sostenibile-delle-terre-alte-presentato-il-progetto-chalet-therapy-al-lago-ghedina","status":"publish","type":"post","link":"https:\/\/www.bellunopress.it\/fr\/2026\/08\/29\/ritornare-a-vivere-in-quota-il-futuro-sostenibile-delle-terre-alte-presentato-il-progetto-chalet-therapy-al-lago-ghedina\/","title":{"rendered":"Ritornare a vivere in quota: il futuro sostenibile delle terre alte. Presentato il progetto Chalet Therapy al Lago Ghedina"},"content":{"rendered":"<p>Cortina d&#8217;Ampezzo, 29\/08\/2026 &#8211; &#8220;La montagna non \u00e8 solo un paesaggio da cartolina o una meta turistica stagionale, ma un ecosistema vivo che ha bisogno di ritrovare una stanzialit\u00e0 attiva&#8221;.<\/p>\n<p>Lo ha detto l&#8217;architetto Ambra Piccin, nel corso della presentazione del progetto Chalet Therapy, in collaborazione con l&#8217;azienda veneta Varaschin, punto di riferimento internazionale nell&#8217;arredo outdoor di alta gamma. La collezione \u00e8 stata presentata ieri pomeriggio, venerd\u00ec 28 agosto, in anteprima assoluta a Cortina d&#8217;Ampezzo, nella suggestiva cornice del Lago Ghedina.<\/p>\n<p>&#8220;Parlare di montagna oggi &#8211; ha proseguito l&#8217;architetto Piccin &#8211; significa fare i conti con un paradosso: da un lato l&#8217;attrattivit\u00e0 ineguagliabile dei panorami alpini, dall&#8217;altro lo spopolamento progressivo e la desertificazione dei servizi che rendono complessa la quotidianit\u00e0 di chi sceglie di rimanere o di trasferirsi in quota&#8221;. \u00c8 in questo scenario complesso che si inserisce la lucida analisi dell&#8217;architetto Ambre Piccin, la quale individua nella riappropriazione del desiderio di vivere la montagna la chiave di volta per il futuro delle terre alte.<\/p>\n<p>Il fulcro dell&#8217;intervento risiede in un cambio di prospettiva culturale: la montagna deve tornare ad essere un luogo di residenza stabile e consapevole, non un mero rifugio del fine settimana. Tuttavia, il ritorno a vivere in quota non pu\u00f2 prescindere da condizioni economiche e sociali sostenibili. \u00c8 qui che entra in gioco la valorizzazione delle attivit\u00e0 tradizionali e innovative legate al territorio.<\/p>\n<p>&#8220;La valorizzazione economica delle specificit\u00e0 locali, dall&#8217;artigianato all&#8217;agricoltura eroica, dal turismo sostenibile alla gestione attiva del bosco, rappresentano il vero motore per invertire la rotta. Non si tratta di sterile nostalgia, ma di un&#8217;operazione di lungimiranza economica capace di generare occupazione qualificata e di trattenere i giovani nelle valli&#8221;.<\/p>\n<p><strong>Verso un nuovo umanesimo alpino<\/strong><\/p>\n<p>La sfida lanciata dall&#8217;architetto Piccin apre a una riflessione pi\u00f9 ampia sul futuro delle aree interne e montane. Creare le condizioni affinch\u00e9 vivere in montagna sia una scelta attraente e non un atto di resistenza eroica richiede investimenti mirati in infrastrutture digitali, servizi essenziali e, soprattutto, in una visione urbanistica e architettonica che rispetti e valorizzi il paesaggio senza snaturarlo.\u00a0In un&#8217;epoca segnata dalla crisi climatica e dalla ricerca di una qualit\u00e0 della vita a misura d&#8217;uomo, le terre alte si candidano a diventare laboratori di innovazione sociale. Raccogliere l&#8217;appello di Ambre Piccin significa riconoscere che il futuro delle comunit\u00e0 montane \u00e8, per molti versi, il termometro della salute dell&#8217;intero territorio nazionale.<\/p>\n<p>Da questa visione nasce una collezione destinata in particolare al mondo dell&#8217;hospitality e delle residenze contemporanee, pensata per vivere l&#8217;outdoor durante tutto l&#8217;anno e trasformare gli spazi esterni in luoghi di incontro, relax e convivialit\u00e0.<\/p>\n<p>&#8220;Chalet Therapy \u00e8 inoltre legata a una riflessione sul modo in cui oggi viviamo la montagna \u2013 ha detto Stefano Giust, direttore operativo di Varaschin \u2013. Il benessere contemporaneo passa sempre pi\u00f9 dalla possibilit\u00e0 di ristabilire una relazione autentica con i luoghi e con la natura. Terrazze, giardini, lounge panoramiche, dehors e spazi wellness diventano cos\u00ec vere e proprie estensioni dell&#8217;abitare, da progettare con la stessa cura e qualit\u00e0 degli ambienti interni&#8221;.<\/p>\n<p>Il progetto guarda alla cultura materiale alpina e alla tradizione artigianale italiana, senza cadere nella citazione letterale dello chalet. Le forme morbide e accoglienti richiamano il senso di protezione delle architetture di montagna; il legno e le finiture ispirate alle tonalit\u00e0 della pietra dolomitica costruiscono un dialogo con il paesaggio; la cura dei dettagli restituisce invece quella dimensione sartoriale che caratterizza la manifattura italiana.<\/p>\n<p>La collaborazione tra Varaschin e Ambra Piccin nasce dall&#8217;incontro di due sensibilit\u00e0 accomunate dalla ricerca della qualit\u00e0 e da una particolare attenzione al rapporto tra progetto e territorio: quella di un&#8217;azienda che ha costruito la propria identit\u00e0 sull&#8217;eccellenza dell&#8217;outdoor e quella di una progettista da anni impegnata nel raccontare, attraverso l&#8217;architettura e il design, l&#8217;identit\u00e0 dei luoghi alpini.<\/p>\n<p>&#8220;Cortina per noi non \u00e8 semplicemente una location, ma un luogo con cui sentiamo una profonda affinit\u00e0 \u2013 sottolinea Verena Varaschin, Responsabile Marketing &amp; Communication di Varaschin \u2013. Natura e montagna sono valori presenti nel dna dell&#8217;azienda fin dalle sue origini. Con Chalet Therapy li abbiamo tradotti in un progetto che unisce ricerca, artigianalit\u00e0 e comfort e che porta all&#8217;esterno quella qualit\u00e0 sartoriale che da sempre contraddistingue le nostre collezioni. \u00c8 un progetto che, come suggerisce il nome, vuole anche generare una sensazione: stare bene, semplicemente, attraverso il contatto con il luogo che ci circonda&#8221;.<\/p>\n<p>Il risultato \u00e8 un sistema di arredi che interpreta l&#8217;outdoor come una nuova dimensione dell&#8217;abitare, superando la tradizionale distinzione tra interno ed esterno. Il layout presentato a Cortina propone un ambiente dedicato al relax e alla convivialit\u00e0: la sedia e la poltroncina da pranzo esprimono un comfort elegante e contemporaneo, mentre poltrona e divano a due posti costruiscono vere e proprie oasi di benessere per dehors e terrazze.<\/p>\n<p>Chalet Therapy diventa cos\u00ec un invito a rallentare, a stare insieme, a ritrovare il rapporto con il paesaggio. Un progetto nel quale il design non si limita ad arredare uno spazio, ma contribuisce a costruire un&#8217;esperienza: quella di abitare la montagna.<\/p>\n<p><img loading=\"lazy\" decoding=\"async\" class=\"aligncenter size-full wp-image-172964\" src=\"https:\/\/www.bellunopress.it\/wp-content\/uploads\/2026\/08\/chalet-therapy-cortina.jpg\" alt=\"\" width=\"600\" height=\"449\" srcset=\"https:\/\/www.bellunopress.it\/wp-content\/uploads\/2026\/08\/chalet-therapy-cortina.jpg 600w, https:\/\/www.bellunopress.it\/wp-content\/uploads\/2026\/08\/chalet-therapy-cortina-500x374.jpg 500w, https:\/\/www.bellunopress.it\/wp-content\/uploads\/2026\/08\/chalet-therapy-cortina-561x420.jpg 561w, https:\/\/www.bellunopress.it\/wp-content\/uploads\/2026\/08\/chalet-therapy-cortina-80x60.jpg 80w, https:\/\/www.bellunopress.it\/wp-content\/uploads\/2026\/08\/chalet-therapy-cortina-150x112.jpg 150w, https:\/\/www.bellunopress.it\/wp-content\/uploads\/2026\/08\/chalet-therapy-cortina-300x225.jpg 300w\" sizes=\"auto, (max-width: 600px) 100vw, 600px\" \/><\/p>\n<p>All&#8217;incontro sono intervenuti il senatore Luca De Carlo, il consigliere provinciale Renzo Minella in rappresentanza del presidente della provincia Marco Staunovo Polacco impegnato all&#8217;estero, il giornalista\/scrittore del Corriere della Sera Massimo Nava. Ha condotto il pomeriggio la giornalista Chiara Caliceti.<\/p>\n<p>&nbsp;<\/p>\n<figure id=\"attachment_171863\" aria-describedby=\"caption-attachment-171863\" style=\"width: 477px\" class=\"wp-caption aligncenter\"><img loading=\"lazy\" decoding=\"async\" class=\"size-full wp-image-171863\" src=\"https:\/\/www.bellunopress.it\/wp-content\/uploads\/2026\/07\/Ambra-Piccin-ATIC.jpg\" alt=\"\" width=\"477\" height=\"600\" srcset=\"https:\/\/www.bellunopress.it\/wp-content\/uploads\/2026\/07\/Ambra-Piccin-ATIC.jpg 477w, https:\/\/www.bellunopress.it\/wp-content\/uploads\/2026\/07\/Ambra-Piccin-ATIC-398x500.jpg 398w, https:\/\/www.bellunopress.it\/wp-content\/uploads\/2026\/07\/Ambra-Piccin-ATIC-334x420.jpg 334w, https:\/\/www.bellunopress.it\/wp-content\/uploads\/2026\/07\/Ambra-Piccin-ATIC-150x189.jpg 150w, https:\/\/www.bellunopress.it\/wp-content\/uploads\/2026\/07\/Ambra-Piccin-ATIC-300x377.jpg 300w\" sizes=\"auto, (max-width: 477px) 100vw, 477px\" \/><figcaption id=\"caption-attachment-171863\" class=\"wp-caption-text\">Ambra Piccin &#8211; Architetto<\/figcaption><\/figure>\n<p><strong>Ambra Piccin<\/strong><\/p>\n<p>E&#8217; il primo Architetto donna ad aprire nel 1991 uno Studio di Architettura a Cortina d&#8217;Ampezzo, che da trent&#8217;anni \u00e8 il pi\u00f9 grande ed attrezzato della Conca. \u00c8 la protagonista di molte realizzazioni e progetti in tutta Italia e nei Paesi del Nord Europa, soprattutto in rinomate localit\u00e0 montane di tutto l&#8217;Arco Alpino, ma anche a Roma, a Milano, Udine, Verona, Firenze, ecc.<\/p>\n<p>La classicit\u00e0 senza tempo del linguaggio montano intrecciata a una pi\u00f9 moderna concezione dell&#8217;eleganza, riconoscibile in soluzioni architettoniche e di interior dal carattere spiccatamente originale che tengono insieme, in un equilibrio perfetto, tecnica ed evoluzione. Si occupa di progettazioni complesse in ambito Residenziale, Alberghiero e Commerciale, con nuove costruzioni, ristrutturazioni edilizie, risanamento conservativo e interior design.<\/p>\n<p>Il portfolio dell&#8217;architetto vanta 750 progetti realizzati. Lo studio \u00e8 inoltre altamente specializzato nella progettazione ed esecuzione, sia strutturale che di interni, di Hotel e SPA. La sua esperienza si integra e completa nella realizzazione architettonica paesaggistica o urbanistica attraverso opere di riqualificazione ambientale, cos\u00ec importanti per lei.<\/p>\n<p>Ambra Piccin \u00e8 anche autrice di quattro pubblicazioni dedicate all&#8217;architettura di interni a Cortina e promotrice della formazione dei giovani attraverso il suo studio. Il suo approccio, fortemente umano e sensibile, trasforma ogni progetto in un dialogo con il cliente e con lo spazio, dove l&#8217;architettura diventa arte dell&#8217;abitare e strumento di narrazione. In occasione dell&#8217;ultima edizione del Salone del Mobile di Milano, ha ricevuto uno dei quattro &#8220;Premi Speciali&#8221; al 9\u00b0 Design Awards Riva1920 &#8220;Tavolo e Panca Outdoor&#8221;, insieme a Monica Gasperini, per il progetto panca Molina, premiato durante l&#8217;evento organizzato presso l&#8217;ADI Design Museum di Milano.<\/p>\n<p>Ambra Piccin \u00e8 anche co-fondatrice di CortinAtelier, uno spazio-laboratorio condiviso con il fratello Virginio Piccin, dove clienti, artigiani e progettisti interagiscono direttamente con i materiali, trasformando ogni progetto in un&#8217;esperienza sensoriale e partecipata. CortinAtelier \u00e8 un punto di riferimento per il design alpino, dove il dialogo tra uomo, natura e materia prende forma concreta.<\/p>\n<p>Nel 2025 pubblica il libro &#8220;Architettura Alpine a Cortina \u2013 Tra eleganza e tradizione&#8221;, un&#8217;opera che raccoglie alcune delle sue realizzazioni pi\u00f9 significative e riflette sul futuro dell&#8217;architettura alpina in relazione ai grandi temi della recente trasformazione dei territori e delle relative dinamiche abitative insediative.<\/p>\n<p>&nbsp;<\/p>\n<p><strong>Varaschin<\/strong><\/p>\n<p>Qualit\u00e0 totale, un&#8217;idea di design che coniuga estetica e relax e la capacit\u00e0 di offrire soluzioni in linea con le aspettative dei mercati globali: queste le qualit\u00e0 che hanno reso Varaschin uno dei pi\u00f9 conosciuti e apprezzati brand internazionali di arredamento outdoor. A monte un&#8217;azienda che dal 1969 ha saputo mantenere la propria proposta sempre al passo con i tempi adattando un saper fare radicato nella tradizione alle esigenze d&#8217;arredo della contemporaneit\u00e0.<\/p>\n<p>Le collezioni Varaschin, frutto della collaborazione con designer di statura internazionale, si distinguono per il comfort, l&#8217;elevata ergonomia e l&#8217;ispirazione naturale che traspare nelle forme degli arredi e nelle finiture che li vestono. Scaldarsi ai raggi del sole, respirare aria pura, gustarsi lo spettacolo del cielo al tramonto sono una vera e propria cura per il corpo e per l&#8217;anima, un mood sintetizzato nel binomio &#8220;Outdoor Therapy&#8221;, scelto come payoff, che corrisponde a un&#8217;idea di design che parte dalla persona e dai suoi desideri pi\u00f9 autentici, per diventare poi progetto.<\/p>\n<p>Puntando sulla specializzazione outdoor, Varaschin sviluppa soluzioni d&#8217;arredo per innumerevoli ambientazioni residenziali e contract: dalla zona pranzo all&#8217;area relax a bordo piscina, offrendo lo scenario ideale per piacevoli e rigeneranti esperienze di immersione nello spazio esterno.<\/p>\n<p>I materiali sono accuratamente selezionati per garantire performance al top in qualsiasi contesto: dalle corde e dai tessuti idrorepellenti e resistenti ai raggi UV, fino alle imbottiture che favoriscono il drenaggio dell&#8217;acqua e una rapida asciugatura, senza dimenticare i trattamenti che preservano le strutture in metallo dalla corrosione dovuta all&#8217;aria salina degli ambienti marini. Cifra stilistica per eccellenza \u00e8 l&#8217;intreccio manuale, originariamente realizzato con fibre naturali e oggi con materiali sintetici, garanzia di grande durevolezza e leggerezza.<\/p>\n<p>(rdn)<\/p>\n<p>&nbsp;<\/p>\n<p>&nbsp;<\/p>","protected":false},"excerpt":{"rendered":"<p>Cortina d&#8217;Ampezzo, 29\/08\/2026 &#8211; &#8220;La montagna non \u00e8 solo un paesaggio da cartolina o una meta turistica stagionale, ma un ecosistema vivo che ha bisogno di ritrovare una stanzialit\u00e0 attiva&#8221;. Lo ha detto l&#8217;architetto Ambra Piccin, nel corso della presentazione del progetto Chalet Therapy, in collaborazione con l&#8217;azienda veneta Varaschin, punto di riferimento internazionale nell&#8217;arredo [&hellip;]<\/p>\n","protected":false},"author":2,"featured_media":172963,"comment_status":"closed","ping_status":"open","sticky":false,"template":"","format":"standard","meta":{"footnotes":""},"categories":[36,26],"tags":[],"class_list":["post-172962","post","type-post","status-publish","format-standard","has-post-thumbnail","category-lavoro-economia","category-prima-pagina"],"yoast_head":"<!-- This site is optimized with the Yoast SEO plugin v28.4 - https:\/\/yoast.com\/product\/yoast-seo-wordpress\/ -->\n<title>Ritornare a vivere in quota: il futuro sostenibile delle terre alte. Presentato il progetto Chalet Therapy al Lago Ghedina - Bellunopress - Dolomiti<\/title>\n<meta name=\"robots\" content=\"index, follow, max-snippet:-1, max-image-preview:large, max-video-preview:-1\" \/>\n<link rel=\"canonical\" href=\"https:\/\/www.bellunopress.it\/fr\/2026\/08\/29\/ritornare-a-vivere-in-quota-il-futuro-sostenibile-delle-terre-alte-presentato-il-progetto-chalet-therapy-al-lago-ghedina\/\" \/>\n<meta property=\"og:locale\" content=\"fr_FR\" \/>\n<meta property=\"og:type\" content=\"article\" \/>\n<meta property=\"og:title\" content=\"Ritornare a vivere in quota: il futuro sostenibile delle terre alte. Presentato il progetto Chalet Therapy al Lago Ghedina - Bellunopress - Dolomiti\" \/>\n<meta property=\"og:description\" content=\"Cortina d&#8217;Ampezzo, 29\/08\/2026 &#8211; &#8220;La montagna non \u00e8 solo un paesaggio da cartolina o una meta turistica stagionale, ma un ecosistema vivo che ha bisogno di ritrovare una stanzialit\u00e0 attiva&#8221;. Lo ha detto l&#8217;architetto Ambra Piccin, nel corso della presentazione del progetto Chalet Therapy, in collaborazione con l&#8217;azienda veneta Varaschin, punto di riferimento internazionale nell&#8217;arredo [&hellip;]\" \/>\n<meta property=\"og:url\" content=\"https:\/\/www.bellunopress.it\/fr\/2026\/08\/29\/ritornare-a-vivere-in-quota-il-futuro-sostenibile-delle-terre-alte-presentato-il-progetto-chalet-therapy-al-lago-ghedina\/\" \/>\n<meta property=\"og:site_name\" content=\"Bellunopress - Dolomiti\" \/>\n<meta property=\"article:publisher\" content=\"https:\/\/www.facebook.com\/profile.php?id=100008943462799\" \/>\n<meta property=\"article:published_time\" content=\"2026-08-29T05:58:53+00:00\" \/>\n<meta property=\"og:image\" content=\"https:\/\/www.bellunopress.it\/wp-content\/uploads\/2026\/08\/chalet-therapy-cortina-1.jpg\" \/>\n\t<meta property=\"og:image:width\" content=\"600\" \/>\n\t<meta property=\"og:image:height\" content=\"449\" \/>\n\t<meta property=\"og:image:type\" content=\"image\/jpeg\" \/>\n<meta name=\"author\" content=\"redazione\" \/>\n<meta name=\"twitter:card\" content=\"summary_large_image\" \/>\n<meta name=\"twitter:creator\" content=\"@bellunopress\" \/>\n<meta name=\"twitter:site\" content=\"@bellunopress\" \/>\n<meta name=\"twitter:label1\" content=\"Written by\" \/>\n\t<meta name=\"twitter:data1\" content=\"redazione\" \/>\n\t<meta name=\"twitter:label2\" content=\"Est. reading time\" \/>\n\t<meta name=\"twitter:data2\" content=\"9 minutes\" \/>\n<script type=\"application\/ld+json\" class=\"yoast-schema-graph\">{\"@context\":\"https:\\\/\\\/schema.org\",\"@graph\":[{\"@type\":\"Article\",\"@id\":\"https:\\\/\\\/www.bellunopress.it\\\/2026\\\/08\\\/29\\\/ritornare-a-vivere-in-quota-il-futuro-sostenibile-delle-terre-alte-presentato-il-progetto-chalet-therapy-al-lago-ghedina\\\/#article\",\"isPartOf\":{\"@id\":\"https:\\\/\\\/www.bellunopress.it\\\/2026\\\/08\\\/29\\\/ritornare-a-vivere-in-quota-il-futuro-sostenibile-delle-terre-alte-presentato-il-progetto-chalet-therapy-al-lago-ghedina\\\/\"},\"author\":{\"name\":\"redazione\",\"@id\":\"https:\\\/\\\/www.bellunopress.it\\\/#\\\/schema\\\/person\\\/79bb06722b37ece1c03d3e94beb30d73\"},\"headline\":\"Ritornare a vivere in quota: il futuro sostenibile delle terre alte. Presentato il progetto Chalet Therapy al Lago Ghedina\",\"datePublished\":\"2026-08-29T05:58:53+00:00\",\"mainEntityOfPage\":{\"@id\":\"https:\\\/\\\/www.bellunopress.it\\\/2026\\\/08\\\/29\\\/ritornare-a-vivere-in-quota-il-futuro-sostenibile-delle-terre-alte-presentato-il-progetto-chalet-therapy-al-lago-ghedina\\\/\"},\"wordCount\":1577,\"publisher\":{\"@id\":\"https:\\\/\\\/www.bellunopress.it\\\/#organization\"},\"image\":{\"@id\":\"https:\\\/\\\/www.bellunopress.it\\\/2026\\\/08\\\/29\\\/ritornare-a-vivere-in-quota-il-futuro-sostenibile-delle-terre-alte-presentato-il-progetto-chalet-therapy-al-lago-ghedina\\\/#primaryimage\"},\"thumbnailUrl\":\"https:\\\/\\\/www.bellunopress.it\\\/wp-content\\\/uploads\\\/2026\\\/08\\\/chalet-therapy-cortina-1.jpg\",\"articleSection\":[\"Lavoro, Economia, Turismo\",\"Prima Pagina\"],\"inLanguage\":\"fr-FR\"},{\"@type\":\"WebPage\",\"@id\":\"https:\\\/\\\/www.bellunopress.it\\\/2026\\\/08\\\/29\\\/ritornare-a-vivere-in-quota-il-futuro-sostenibile-delle-terre-alte-presentato-il-progetto-chalet-therapy-al-lago-ghedina\\\/\",\"url\":\"https:\\\/\\\/www.bellunopress.it\\\/2026\\\/08\\\/29\\\/ritornare-a-vivere-in-quota-il-futuro-sostenibile-delle-terre-alte-presentato-il-progetto-chalet-therapy-al-lago-ghedina\\\/\",\"name\":\"Ritornare a vivere in quota: il futuro sostenibile delle terre alte. Presentato il progetto Chalet Therapy al Lago Ghedina - Bellunopress - Dolomiti\",\"isPartOf\":{\"@id\":\"https:\\\/\\\/www.bellunopress.it\\\/#website\"},\"primaryImageOfPage\":{\"@id\":\"https:\\\/\\\/www.bellunopress.it\\\/2026\\\/08\\\/29\\\/ritornare-a-vivere-in-quota-il-futuro-sostenibile-delle-terre-alte-presentato-il-progetto-chalet-therapy-al-lago-ghedina\\\/#primaryimage\"},\"image\":{\"@id\":\"https:\\\/\\\/www.bellunopress.it\\\/2026\\\/08\\\/29\\\/ritornare-a-vivere-in-quota-il-futuro-sostenibile-delle-terre-alte-presentato-il-progetto-chalet-therapy-al-lago-ghedina\\\/#primaryimage\"},\"thumbnailUrl\":\"https:\\\/\\\/www.bellunopress.it\\\/wp-content\\\/uploads\\\/2026\\\/08\\\/chalet-therapy-cortina-1.jpg\",\"datePublished\":\"2026-08-29T05:58:53+00:00\",\"breadcrumb\":{\"@id\":\"https:\\\/\\\/www.bellunopress.it\\\/2026\\\/08\\\/29\\\/ritornare-a-vivere-in-quota-il-futuro-sostenibile-delle-terre-alte-presentato-il-progetto-chalet-therapy-al-lago-ghedina\\\/#breadcrumb\"},\"inLanguage\":\"fr-FR\",\"potentialAction\":[{\"@type\":\"ReadAction\",\"target\":[\"https:\\\/\\\/www.bellunopress.it\\\/2026\\\/08\\\/29\\\/ritornare-a-vivere-in-quota-il-futuro-sostenibile-delle-terre-alte-presentato-il-progetto-chalet-therapy-al-lago-ghedina\\\/\"]}]},{\"@type\":\"ImageObject\",\"inLanguage\":\"fr-FR\",\"@id\":\"https:\\\/\\\/www.bellunopress.it\\\/2026\\\/08\\\/29\\\/ritornare-a-vivere-in-quota-il-futuro-sostenibile-delle-terre-alte-presentato-il-progetto-chalet-therapy-al-lago-ghedina\\\/#primaryimage\",\"url\":\"https:\\\/\\\/www.bellunopress.it\\\/wp-content\\\/uploads\\\/2026\\\/08\\\/chalet-therapy-cortina-1.jpg\",\"contentUrl\":\"https:\\\/\\\/www.bellunopress.it\\\/wp-content\\\/uploads\\\/2026\\\/08\\\/chalet-therapy-cortina-1.jpg\",\"width\":600,\"height\":449},{\"@type\":\"BreadcrumbList\",\"@id\":\"https:\\\/\\\/www.bellunopress.it\\\/2026\\\/08\\\/29\\\/ritornare-a-vivere-in-quota-il-futuro-sostenibile-delle-terre-alte-presentato-il-progetto-chalet-therapy-al-lago-ghedina\\\/#breadcrumb\",\"itemListElement\":[{\"@type\":\"ListItem\",\"position\":1,\"name\":\"Home\",\"item\":\"https:\\\/\\\/www.bellunopress.it\\\/\"},{\"@type\":\"ListItem\",\"position\":2,\"name\":\"Ritornare a vivere in quota: il futuro sostenibile delle terre alte. Presentato il progetto Chalet Therapy al Lago Ghedina\"}]},{\"@type\":\"WebSite\",\"@id\":\"https:\\\/\\\/www.bellunopress.it\\\/#website\",\"url\":\"https:\\\/\\\/www.bellunopress.it\\\/\",\"name\":\"Bellunopress - Dolomiti\",\"description\":\"e-mail: redazione@bellunopress.it\",\"publisher\":{\"@id\":\"https:\\\/\\\/www.bellunopress.it\\\/#organization\"},\"potentialAction\":[{\"@type\":\"SearchAction\",\"target\":{\"@type\":\"EntryPoint\",\"urlTemplate\":\"https:\\\/\\\/www.bellunopress.it\\\/?s={search_term_string}\"},\"query-input\":{\"@type\":\"PropertyValueSpecification\",\"valueRequired\":true,\"valueName\":\"search_term_string\"}}],\"inLanguage\":\"fr-FR\"},{\"@type\":\"Organization\",\"@id\":\"https:\\\/\\\/www.bellunopress.it\\\/#organization\",\"name\":\"Bellunopress\",\"url\":\"https:\\\/\\\/www.bellunopress.it\\\/\",\"logo\":{\"@type\":\"ImageObject\",\"inLanguage\":\"fr-FR\",\"@id\":\"https:\\\/\\\/www.bellunopress.it\\\/#\\\/schema\\\/logo\\\/image\\\/\",\"url\":\"https:\\\/\\\/www.bellunopress.it\\\/wp-content\\\/uploads\\\/2011\\\/05\\\/cropped-logo-bellunopress-.jpg\",\"contentUrl\":\"https:\\\/\\\/www.bellunopress.it\\\/wp-content\\\/uploads\\\/2011\\\/05\\\/cropped-logo-bellunopress-.jpg\",\"width\":512,\"height\":512,\"caption\":\"Bellunopress\"},\"image\":{\"@id\":\"https:\\\/\\\/www.bellunopress.it\\\/#\\\/schema\\\/logo\\\/image\\\/\"},\"sameAs\":[\"https:\\\/\\\/www.facebook.com\\\/profile.php?id=100008943462799\",\"https:\\\/\\\/x.com\\\/bellunopress\",\"https:\\\/\\\/www.linkedin.com\\\/hp\\\/?dnr=JBzUWaJfMUw8vbXJJ2tVW5-I3jZKvC4wsoxE&amp;amp;amp;amp;amp;amp;trk=nav_responsive_tab_home\",\"https:\\\/\\\/www.youtube.com\\\/channel\\\/UCxL0wu1uN0_3_7hGG0306cw\"]},{\"@type\":\"Person\",\"@id\":\"https:\\\/\\\/www.bellunopress.it\\\/#\\\/schema\\\/person\\\/79bb06722b37ece1c03d3e94beb30d73\",\"name\":\"redazione\",\"image\":{\"@type\":\"ImageObject\",\"inLanguage\":\"fr-FR\",\"@id\":\"https:\\\/\\\/secure.gravatar.com\\\/avatar\\\/37d968a2e67a6fd04c169c4bdef102d0bc5d31b2546345219e348575eb80e9a0?s=96&d=mm&r=g\",\"url\":\"https:\\\/\\\/secure.gravatar.com\\\/avatar\\\/37d968a2e67a6fd04c169c4bdef102d0bc5d31b2546345219e348575eb80e9a0?s=96&d=mm&r=g\",\"contentUrl\":\"https:\\\/\\\/secure.gravatar.com\\\/avatar\\\/37d968a2e67a6fd04c169c4bdef102d0bc5d31b2546345219e348575eb80e9a0?s=96&d=mm&r=g\",\"caption\":\"redazione\"},\"sameAs\":[\"http:\\\/\\\/www.bellunopress.it\",\"https:\\\/\\\/x.com\\\/bellunopress\"],\"url\":\"https:\\\/\\\/www.bellunopress.it\\\/fr\\\/author\\\/redazione\\\/\"}]}<\/script>\n<!-- \/ Yoast SEO plugin. -->","yoast_head_json":{"title":"Ritornare a vivere in quota: il futuro sostenibile delle terre alte. Presentato il progetto Chalet Therapy al Lago Ghedina - Bellunopress - Dolomiti","robots":{"index":"index","follow":"follow","max-snippet":"max-snippet:-1","max-image-preview":"max-image-preview:large","max-video-preview":"max-video-preview:-1"},"canonical":"https:\/\/www.bellunopress.it\/fr\/2026\/08\/29\/ritornare-a-vivere-in-quota-il-futuro-sostenibile-delle-terre-alte-presentato-il-progetto-chalet-therapy-al-lago-ghedina\/","og_locale":"fr_FR","og_type":"article","og_title":"Ritornare a vivere in quota: il futuro sostenibile delle terre alte. Presentato il progetto Chalet Therapy al Lago Ghedina - Bellunopress - Dolomiti","og_description":"Cortina d&#8217;Ampezzo, 29\/08\/2026 &#8211; &#8220;La montagna non \u00e8 solo un paesaggio da cartolina o una meta turistica stagionale, ma un ecosistema vivo che ha bisogno di ritrovare una stanzialit\u00e0 attiva&#8221;. Lo ha detto l&#8217;architetto Ambra Piccin, nel corso della presentazione del progetto Chalet Therapy, in collaborazione con l&#8217;azienda veneta Varaschin, punto di riferimento internazionale nell&#8217;arredo [&hellip;]","og_url":"https:\/\/www.bellunopress.it\/fr\/2026\/08\/29\/ritornare-a-vivere-in-quota-il-futuro-sostenibile-delle-terre-alte-presentato-il-progetto-chalet-therapy-al-lago-ghedina\/","og_site_name":"Bellunopress - Dolomiti","article_publisher":"https:\/\/www.facebook.com\/profile.php?id=100008943462799","article_published_time":"2026-08-29T05:58:53+00:00","og_image":[{"width":600,"height":449,"url":"https:\/\/www.bellunopress.it\/wp-content\/uploads\/2026\/08\/chalet-therapy-cortina-1.jpg","type":"image\/jpeg"}],"author":"redazione","twitter_card":"summary_large_image","twitter_creator":"@bellunopress","twitter_site":"@bellunopress","twitter_misc":{"Written by":"redazione","Est. reading time":"9 minutes"},"schema":{"@context":"https:\/\/schema.org","@graph":[{"@type":"Article","@id":"https:\/\/www.bellunopress.it\/2026\/08\/29\/ritornare-a-vivere-in-quota-il-futuro-sostenibile-delle-terre-alte-presentato-il-progetto-chalet-therapy-al-lago-ghedina\/#article","isPartOf":{"@id":"https:\/\/www.bellunopress.it\/2026\/08\/29\/ritornare-a-vivere-in-quota-il-futuro-sostenibile-delle-terre-alte-presentato-il-progetto-chalet-therapy-al-lago-ghedina\/"},"author":{"name":"redazione","@id":"https:\/\/www.bellunopress.it\/#\/schema\/person\/79bb06722b37ece1c03d3e94beb30d73"},"headline":"Ritornare a vivere in quota: il futuro sostenibile delle terre alte. Presentato il progetto Chalet Therapy al Lago Ghedina","datePublished":"2026-08-29T05:58:53+00:00","mainEntityOfPage":{"@id":"https:\/\/www.bellunopress.it\/2026\/08\/29\/ritornare-a-vivere-in-quota-il-futuro-sostenibile-delle-terre-alte-presentato-il-progetto-chalet-therapy-al-lago-ghedina\/"},"wordCount":1577,"publisher":{"@id":"https:\/\/www.bellunopress.it\/#organization"},"image":{"@id":"https:\/\/www.bellunopress.it\/2026\/08\/29\/ritornare-a-vivere-in-quota-il-futuro-sostenibile-delle-terre-alte-presentato-il-progetto-chalet-therapy-al-lago-ghedina\/#primaryimage"},"thumbnailUrl":"https:\/\/www.bellunopress.it\/wp-content\/uploads\/2026\/08\/chalet-therapy-cortina-1.jpg","articleSection":["Lavoro, Economia, Turismo","Prima Pagina"],"inLanguage":"fr-FR"},{"@type":"WebPage","@id":"https:\/\/www.bellunopress.it\/2026\/08\/29\/ritornare-a-vivere-in-quota-il-futuro-sostenibile-delle-terre-alte-presentato-il-progetto-chalet-therapy-al-lago-ghedina\/","url":"https:\/\/www.bellunopress.it\/2026\/08\/29\/ritornare-a-vivere-in-quota-il-futuro-sostenibile-delle-terre-alte-presentato-il-progetto-chalet-therapy-al-lago-ghedina\/","name":"Ritornare a vivere in quota: il futuro sostenibile delle terre alte. Presentato il progetto Chalet Therapy al Lago Ghedina - Bellunopress - Dolomiti","isPartOf":{"@id":"https:\/\/www.bellunopress.it\/#website"},"primaryImageOfPage":{"@id":"https:\/\/www.bellunopress.it\/2026\/08\/29\/ritornare-a-vivere-in-quota-il-futuro-sostenibile-delle-terre-alte-presentato-il-progetto-chalet-therapy-al-lago-ghedina\/#primaryimage"},"image":{"@id":"https:\/\/www.bellunopress.it\/2026\/08\/29\/ritornare-a-vivere-in-quota-il-futuro-sostenibile-delle-terre-alte-presentato-il-progetto-chalet-therapy-al-lago-ghedina\/#primaryimage"},"thumbnailUrl":"https:\/\/www.bellunopress.it\/wp-content\/uploads\/2026\/08\/chalet-therapy-cortina-1.jpg","datePublished":"2026-08-29T05:58:53+00:00","breadcrumb":{"@id":"https:\/\/www.bellunopress.it\/2026\/08\/29\/ritornare-a-vivere-in-quota-il-futuro-sostenibile-delle-terre-alte-presentato-il-progetto-chalet-therapy-al-lago-ghedina\/#breadcrumb"},"inLanguage":"fr-FR","potentialAction":[{"@type":"ReadAction","target":["https:\/\/www.bellunopress.it\/2026\/08\/29\/ritornare-a-vivere-in-quota-il-futuro-sostenibile-delle-terre-alte-presentato-il-progetto-chalet-therapy-al-lago-ghedina\/"]}]},{"@type":"ImageObject","inLanguage":"fr-FR","@id":"https:\/\/www.bellunopress.it\/2026\/08\/29\/ritornare-a-vivere-in-quota-il-futuro-sostenibile-delle-terre-alte-presentato-il-progetto-chalet-therapy-al-lago-ghedina\/#primaryimage","url":"https:\/\/www.bellunopress.it\/wp-content\/uploads\/2026\/08\/chalet-therapy-cortina-1.jpg","contentUrl":"https:\/\/www.bellunopress.it\/wp-content\/uploads\/2026\/08\/chalet-therapy-cortina-1.jpg","width":600,"height":449},{"@type":"BreadcrumbList","@id":"https:\/\/www.bellunopress.it\/2026\/08\/29\/ritornare-a-vivere-in-quota-il-futuro-sostenibile-delle-terre-alte-presentato-il-progetto-chalet-therapy-al-lago-ghedina\/#breadcrumb","itemListElement":[{"@type":"ListItem","position":1,"name":"Home","item":"https:\/\/www.bellunopress.it\/"},{"@type":"ListItem","position":2,"name":"Ritornare a vivere in quota: il futuro sostenibile delle terre alte. Presentato il progetto Chalet Therapy al Lago Ghedina"}]},{"@type":"WebSite","@id":"https:\/\/www.bellunopress.it\/#website","url":"https:\/\/www.bellunopress.it\/","name":"Bellunopress - Dolomiti","description":"e-mail: redazione@bellunopress.it","publisher":{"@id":"https:\/\/www.bellunopress.it\/#organization"},"potentialAction":[{"@type":"SearchAction","target":{"@type":"EntryPoint","urlTemplate":"https:\/\/www.bellunopress.it\/?s={search_term_string}"},"query-input":{"@type":"PropertyValueSpecification","valueRequired":true,"valueName":"search_term_string"}}],"inLanguage":"fr-FR"},{"@type":"Organization","@id":"https:\/\/www.bellunopress.it\/#organization","name":"Bellunopress","url":"https:\/\/www.bellunopress.it\/","logo":{"@type":"ImageObject","inLanguage":"fr-FR","@id":"https:\/\/www.bellunopress.it\/#\/schema\/logo\/image\/","url":"https:\/\/www.bellunopress.it\/wp-content\/uploads\/2011\/05\/cropped-logo-bellunopress-.jpg","contentUrl":"https:\/\/www.bellunopress.it\/wp-content\/uploads\/2011\/05\/cropped-logo-bellunopress-.jpg","width":512,"height":512,"caption":"Bellunopress"},"image":{"@id":"https:\/\/www.bellunopress.it\/#\/schema\/logo\/image\/"},"sameAs":["https:\/\/www.facebook.com\/profile.php?id=100008943462799","https:\/\/x.com\/bellunopress","https:\/\/www.linkedin.com\/hp\/?dnr=JBzUWaJfMUw8vbXJJ2tVW5-I3jZKvC4wsoxE&amp;amp;amp;amp;amp;amp;trk=nav_responsive_tab_home","https:\/\/www.youtube.com\/channel\/UCxL0wu1uN0_3_7hGG0306cw"]},{"@type":"Person","@id":"https:\/\/www.bellunopress.it\/#\/schema\/person\/79bb06722b37ece1c03d3e94beb30d73","name":"r\u00e9daction","image":{"@type":"ImageObject","inLanguage":"fr-FR","@id":"https:\/\/secure.gravatar.com\/avatar\/37d968a2e67a6fd04c169c4bdef102d0bc5d31b2546345219e348575eb80e9a0?s=96&d=mm&r=g","url":"https:\/\/secure.gravatar.com\/avatar\/37d968a2e67a6fd04c169c4bdef102d0bc5d31b2546345219e348575eb80e9a0?s=96&d=mm&r=g","contentUrl":"https:\/\/secure.gravatar.com\/avatar\/37d968a2e67a6fd04c169c4bdef102d0bc5d31b2546345219e348575eb80e9a0?s=96&d=mm&r=g","caption":"redazione"},"sameAs":["http:\/\/www.bellunopress.it","https:\/\/x.com\/bellunopress"],"url":"https:\/\/www.bellunopress.it\/fr\/author\/redazione\/"}]}},"_links":{"self":[{"href":"https:\/\/www.bellunopress.it\/fr\/wp-json\/wp\/v2\/posts\/172962","targetHints":{"allow":["GET"]}}],"collection":[{"href":"https:\/\/www.bellunopress.it\/fr\/wp-json\/wp\/v2\/posts"}],"about":[{"href":"https:\/\/www.bellunopress.it\/fr\/wp-json\/wp\/v2\/types\/post"}],"author":[{"embeddable":true,"href":"https:\/\/www.bellunopress.it\/fr\/wp-json\/wp\/v2\/users\/2"}],"replies":[{"embeddable":true,"href":"https:\/\/www.bellunopress.it\/fr\/wp-json\/wp\/v2\/comments?post=172962"}],"version-history":[{"count":1,"href":"https:\/\/www.bellunopress.it\/fr\/wp-json\/wp\/v2\/posts\/172962\/revisions"}],"predecessor-version":[{"id":172965,"href":"https:\/\/www.bellunopress.it\/fr\/wp-json\/wp\/v2\/posts\/172962\/revisions\/172965"}],"wp:featuredmedia":[{"embeddable":true,"href":"https:\/\/www.bellunopress.it\/fr\/wp-json\/wp\/v2\/media\/172963"}],"wp:attachment":[{"href":"https:\/\/www.bellunopress.it\/fr\/wp-json\/wp\/v2\/media?parent=172962"}],"wp:term":[{"taxonomy":"category","embeddable":true,"href":"https:\/\/www.bellunopress.it\/fr\/wp-json\/wp\/v2\/categories?post=172962"},{"taxonomy":"post_tag","embeddable":true,"href":"https:\/\/www.bellunopress.it\/fr\/wp-json\/wp\/v2\/tags?post=172962"}],"curies":[{"name":"wp","href":"https:\/\/api.w.org\/{rel}","templated":true}]}}