{"id":172954,"date":"2026-08-28T12:52:41","date_gmt":"2026-08-28T10:52:41","guid":{"rendered":"https:\/\/www.bellunopress.it\/?p=172954"},"modified":"2026-08-28T13:01:37","modified_gmt":"2026-08-28T11:01:37","slug":"dolomitibus-nuove-tariffe-abbonamenti-studenti-scuola-super-plus-2026-2027-il-confronto-con-le-altre-citta","status":"publish","type":"post","link":"https:\/\/www.bellunopress.it\/fr\/2026\/08\/28\/dolomitibus-nuove-tariffe-abbonamenti-studenti-scuola-super-plus-2026-2027-il-confronto-con-le-altre-citta\/","title":{"rendered":"DolomitiBus. Nuove tariffe abbonamenti studenti Scuola Super Plus 2026\/2027. Il confronto con le altre citt\u00e0"},"content":{"rendered":"<p><strong>Con &#8220;Investi Scuola Super Plus\u201d 2026\/2027 la Provincia di Belluno, in collaborazione con Dolomiti Bus, offre agli studenti bellunesi 12 mesi di viaggio al costo di 10. E all\u2019agevolazione \u00e8 possibile accedere in modo totalmente digitale.<\/strong><\/p>\n<p>Belluno, 28 agosto 2026 \u2013 Dodici mesi di trasporto pubblico al costo di dieci e nuove opportunit\u00e0 di accesso alle agevolazioni. Per l\u2019anno scolastico 2026\/2027 la Provincia di Belluno, in collaborazione con Dolomiti Bus, rinnova e rafforza l\u2019\u201cInvesti Scuola Super Plus\u201d, introducendo nuove misure a sostegno degli studenti e delle loro famiglie anche in considerazione degli aumenti tariffari entrati in vigore dal 1\u00b0 agosto.<\/p>\n<p>Le novit\u00e0: 12 mesi al costo di 10 e agevolazioni pi\u00f9 ampie<br \/>\n<strong>La principale novit\u00e0 \u00e8 il nuovo abbonamento annuale studenti agevolato da 349 euro,<\/strong> che sostituisce il precedente titolo valido per dieci mesi. Grazie al contributo della Provincia di Belluno, gli studenti potranno quindi viaggiare per 12 mesi, compresi i mesi estivi, con una tariffa agevolata.<br \/>\nL\u2019agevolazione viene inoltre estesa per la prima volta agli abbonamenti extraurbani di fascia 0-5 km e agli abbonamenti urbani di Belluno, Feltre, Auronzo di Cadore, Pieve di Cadore e Cortina d\u2019Ampezzo (con tariffazione dedicata), ampliando significativamente la platea degli studenti che possono beneficiare del contributo.<strong> L\u2019abbonamento mensile studenti agevolato sar\u00e0 disponibile al costo di 42,60 euro, mentre quello annuale, valido 12 mesi, avr\u00e0 un costo di 349 euro.<\/strong><br \/>\nNei mesi estivi l\u2019abbonamento annuale studenti diventa un vero e proprio titolo Intera Rete: consente di viaggiare senza vincoli di tratta sull\u2019intera rete extraurbana Dolomiti Bus e di utilizzare anche i servizi urbani Trillo di Belluno e Feltre senza costi aggiuntivi. <strong>Chi invece desidera la validit\u00e0 Intera Rete per tutti i 12 mesi pu\u00f2 scegliere l\u2019opzione Intera Rete Agevolato, con un supplemento di 51 euro.<\/strong><br \/>\nTra le novit\u00e0 del bando rientra anche la possibilit\u00e0 di ottenere il rimborso delle spese di trasporto sostenute per raggiungere le sedi di stage, tirocini e percorsi PCTO, sostenendo cos\u00ec la mobilit\u00e0 degli studenti anche durante le esperienze formative presso aziende ed enti del territorio.<\/p>\n<p>A chi \u00e8 destinata l\u2019agevolazione<br \/>\nInvesti Scuola \u201cSuper Plus\u201d \u00e8 rivolta agli studenti residenti in provincia di Belluno che non abbiano compiuto 26 anni al 10 settembre 2026, iscritti a una scuola secondaria di secondo grado, a un centro di formazione professionale regionale o a un corso di specializzazione post diploma presente sul territorio provinciale. Non sono previsti requisiti ISEE.<br \/>\n\u00abCon &#8220;Investi Scuola Super Plus\u201d vogliamo offrire agli studenti e alle loro famiglie una soluzione ancora pi\u00f9 conveniente e flessibile. L\u2019abbonamento a 12 mesi, l\u2019ampliamento delle agevolazioni e una procedura completamente digitale, che permette di gestire tutto in pochi click, senza code e senza tessera fisica, rendono il trasporto pubblico pi\u00f9 accessibile e vicino alle esigenze degli studenti bellunesi. Come Dolomiti Bus siamo impegnati ad accompagnare quotidianamente i ragazzi nel percorso casa-scuola, nelle attivit\u00e0 formative e negli spostamenti sul territorio\u00bb, dichiara Gabriele Mariani, Direttore Operations di Dolomiti Bus.<\/p>\n<p>Investi scuola, una procedura totalmente digitale<br \/>\nLa richiesta dell\u2019agevolazione potr\u00e0 essere effettuata in modo totalmente digitale attraverso l\u2019app o dal sito di Dolomiti Bus, utilizzando il sistema di autenticazione tramite Carta d\u2019Identit\u00e0 Elettronica (CIE) dello studente maggiorenne oppure del genitore\/tutore dello studente minorenne.<br \/>\nLa procedura digitale consente di completare la richiesta senza recarsi allo sportello e, per chi utilizza l\u2019app, senza acquistare la tessera fisica, con il relativo risparmio di 10 euro.<br \/>\nNel caso in cui non si possieda la CIE o si viaggi con altri operatori (ad esempio Trenitalia, Busitalia, ecc.) per i quali \u00e8 necessario utilizzare la tessera fisica, sar\u00e0 possibile accedere all\u2019agevolazione recandosi in una biglietteria Dolomiti Bus, previa prenotazione dell\u2019appuntamento attraverso l\u2019apposito portale sul sito di Dolomiti Bus.<br \/>\nNei prossimi giorni le biglietterie saranno inoltre potenziate per rispondere alle esigenze di chi avr\u00e0 bisogno di assistenza per il rilascio o l\u2019utilizzo della tessera fisica.<br \/>\nCon &#8220;Investi Scuola Super Plus\u201d 2026\/2027, Dolomiti Bus e Provincia di Belluno rafforzano cos\u00ec il sostegno alla mobilit\u00e0 studentesca, offrendo 12 mesi di validit\u00e0 dell\u2019abbonamento al costo di 10, nuove categorie di titoli agevolati e una procedura digitale pensata per rendere pi\u00f9 semplice e conveniente l\u2019accesso al servizio.<\/p>\n<p>la piattaforma per la richiesta dell&#8217;agevolazione sar\u00e0 attiva da domani, sabato 29 agosto 2026.<\/p>\n<p>&nbsp;<\/p>\n<h3><strong>Il confronto con le altre citt\u00e0<\/strong><\/h3>\n<div class=\"container\">\n<div id=\"model-response-message-contentr_2a14b81ccb65ecce\" class=\"markdown markdown-main-panel md-content enable-luminous-fast-follows enable-updated-hr-color\" dir=\"ltr\" aria-busy=\"false\" aria-live=\"off\">\n<p data-path-to-node=\"0\">Gli abbonamenti al trasporto pubblico per gli studenti variano in base alla citt\u00e0, alla tipologia di rete (urbana o extraurbana) e alle eventuali agevolazioni messe a campo dalle amministrazioni locali e regionali. Il quadro dei costi nelle principali aree urbane italiane, con un focus approfondito sul territorio del Veneto, si articola come segue.<\/p>\n<h3 data-path-to-node=\"2\">La situazione in Veneto<\/h3>\n<p data-path-to-node=\"3\"><span class=\"citation-101\">Il sistema di trasporto veneto \u00e8 gestito da diversi operatori locali a seconda del bacino provinciale, ma \u00e8 fortemente sostenuto da misure regionali (come il <\/span><b data-path-to-node=\"3\" data-index-in-node=\"158\"><span class=\"citation-101\">Buono TPL Veneto<\/span><\/b><span class=\"citation-101 citation-end-101\">) che offrono contributi per l&#8217;acquisto degli abbonamenti annuali.<\/span><\/p>\n<div class=\"source-inline-chip-container luminous-sources hide-from-message-actions ng-star-inserted\">\n<div class=\"source-label-container gds-body-s ng-star-inserted\" dir=\"auto\"><span class=\"source-title\">Busitalia<\/span><\/div>\n<\/div>\n<h4 data-path-to-node=\"4\">1. Venezia e Bacino Lagunare (ACTV \/ AVM)<\/h4>\n<ul data-path-to-node=\"5\">\n<li>\n<p data-path-to-node=\"5,0,0\"><b data-path-to-node=\"5,0,0\" data-index-in-node=\"0\">Urbano Rete Unica (Venezia centro storico \/ Mestre):<\/b> <span class=\"citation-100\">L&#8217;abbonamento annuale riservato agli studenti ha un costo di circa <\/span><b data-path-to-node=\"5,0,0\" data-index-in-node=\"120\"><span class=\"citation-100\">230,00 \u20ac<\/span><\/b><span class=\"citation-100 citation-end-100\">.<\/span><\/p>\n<div class=\"source-inline-chip-container luminous-sources hide-from-message-actions ng-star-inserted\">\n<div class=\"source-label-container gds-body-s ng-star-inserted\" dir=\"auto\"><span class=\"source-title\">ACTV &#8211; AVM<\/span><\/div>\n<\/div>\n<\/li>\n<li>\n<p data-path-to-node=\"5,1,0\"><b data-path-to-node=\"5,1,0\" data-index-in-node=\"0\">Urbano Lido (Bus Lido):<\/b> <span class=\"citation-99\">L&#8217;annuale studenti scende a <\/span><b data-path-to-node=\"5,1,0\" data-index-in-node=\"52\"><span class=\"citation-99\">170,00 \u20ac<\/span><\/b><span class=\"citation-99 citation-end-99\">.<\/span><\/p>\n<div class=\"source-inline-chip-container luminous-sources hide-from-message-actions ng-star-inserted\">\n<div class=\"source-label-container gds-body-s ng-star-inserted\" dir=\"auto\"><span class=\"source-title\">ACTV &#8211; AVM<\/span><\/div>\n<\/div>\n<\/li>\n<li>\n<p data-path-to-node=\"5,2,0\"><b data-path-to-node=\"5,2,0\" data-index-in-node=\"0\">Servizio Extraurbano (Tratte):<\/b> <span class=\"citation-98 citation-end-98\">I prezzi variano a seconda delle tratte chilometriche.<\/span> <span class=\"citation-97\">Ad esempio, l&#8217;annuale studente per la tratta 2 costa <\/span><b data-path-to-node=\"5,2,0\" data-index-in-node=\"139\"><span class=\"citation-97\">365,00 \u20ac<\/span><\/b><span class=\"citation-97\">, salendo progressivamente fino a oltre <\/span><b data-path-to-node=\"5,2,0\" data-index-in-node=\"187\"><span class=\"citation-97\">569,00 \u20ac<\/span><\/b><span class=\"citation-97 citation-end-97\"> per le tratte pi\u00f9 lunghe (fasce 8-10).<\/span><\/p>\n<div class=\"source-inline-chip-container luminous-sources hide-from-message-actions ng-star-inserted\">\n<div class=\"source-label-container gds-body-s ng-star-inserted\" dir=\"auto\"><span class=\"source-title\">SVT<\/span><span class=\"source-count ng-star-inserted\">+ 1<\/span><\/div>\n<\/div>\n<\/li>\n<\/ul>\n<h4 data-path-to-node=\"6\">2. Padova e Rovigo (Busitalia Veneto)<\/h4>\n<ul data-path-to-node=\"7\">\n<li>\n<p data-path-to-node=\"7,0,0\"><b data-path-to-node=\"7,0,0\" data-index-in-node=\"0\"><span class=\"citation-96 citation-end-96\">Urbano Padova (TU1):<\/span><\/b> <span class=\"citation-95\">L&#8217;abbonamento annuale studenti si attesta intorno ai <\/span><b data-path-to-node=\"7,0,0\" data-index-in-node=\"74\"><span class=\"citation-95\">247,50 \u20ac<\/span><\/b><span class=\"citation-95\">, mentre per la zona estesa (TU2) sale a circa <\/span><b data-path-to-node=\"7,0,0\" data-index-in-node=\"129\"><span class=\"citation-95\">319,00 \u20ac<\/span><\/b><span class=\"citation-95 citation-end-95\">.<\/span> Mensilmente, la spesa si aggira sui 30-40 \u20ac a seconda delle tariffe specifiche per studenti.<\/p>\n<div class=\"source-inline-chip-container luminous-sources hide-from-message-actions ng-star-inserted\">\n<div class=\"source-label-container gds-body-s ng-star-inserted\" dir=\"auto\"><span class=\"source-title\">Busitalia<\/span><\/div>\n<\/div>\n<\/li>\n<li>\n<p data-path-to-node=\"7,1,0\"><b data-path-to-node=\"7,1,0\" data-index-in-node=\"0\"><span class=\"citation-94 citation-end-94\">Urbano Rovigo:<\/span><\/b> L&#8217;annuale studenti costa all&#8217;incirca <b data-path-to-node=\"7,1,0\" data-index-in-node=\"52\">299,20 \u20ac<\/b>.<\/p>\n<div class=\"source-inline-chip-container luminous-sources hide-from-message-actions ng-star-inserted\">\n<div class=\"source-label-container gds-body-s ng-star-inserted\" dir=\"auto\"><span class=\"source-title\">Busitalia<\/span><\/div>\n<\/div>\n<\/li>\n<li>\n<p data-path-to-node=\"7,2,0\"><b data-path-to-node=\"7,2,0\" data-index-in-node=\"0\"><span class=\"citation-93 citation-end-93\">Extraurbano:<\/span><\/b> I costi variano per classi chilometriche (es. Classe 2 circa <b data-path-to-node=\"7,2,0\" data-index-in-node=\"74\">387,20 \u20ac<\/b> l&#8217;anno; Classe 3 circa <b data-path-to-node=\"7,2,0\" data-index-in-node=\"106\">492,80 \u20ac<\/b>). \u00c8 possibile aggiungere l&#8217;opzione &#8220;Extraurbano PLUS&#8221; per integrare i servizi urbani con un sovrapprezzo di circa 68,00 \u20ac annui.<\/p>\n<div class=\"source-inline-chip-container luminous-sources hide-from-message-actions ng-star-inserted\">\n<div class=\"source-label-container gds-body-s ng-star-inserted\" dir=\"auto\"><span class=\"source-title\">SVT<\/span><\/div>\n<\/div>\n<\/li>\n<\/ul>\n<h4 data-path-to-node=\"8\">3. Verona (ATV)<\/h4>\n<ul data-path-to-node=\"9\">\n<li>\n<p data-path-to-node=\"9,0,0\"><b data-path-to-node=\"9,0,0\" data-index-in-node=\"0\"><span class=\"citation-92 citation-end-92\">Urbano (City Mover Ridotto):<\/span><\/b> <span class=\"citation-91 citation-end-91\">Consente l&#8217;accesso illimitato alla rete urbana di Verona.<\/span> <span class=\"citation-90\">Il costo \u00e8 di <\/span><b data-path-to-node=\"9,0,0\" data-index-in-node=\"101\"><span class=\"citation-90\">24,00 \u20ac mensili<\/span><\/b><span class=\"citation-90\">, mentre la soluzione annuale \u00e8 pari a <\/span><b data-path-to-node=\"9,0,0\" data-index-in-node=\"155\"><span class=\"citation-90\">240,00 \u20ac<\/span><\/b><span class=\"citation-90 citation-end-90\"> (con formule di rinnovo agevolate che spalmano la spesa riducendo l&#8217;impatto mensile).<\/span><\/p>\n<div class=\"source-inline-chip-container luminous-sources hide-from-message-actions ng-star-inserted\">\n<div class=\"source-label-container gds-body-s ng-star-inserted\" dir=\"auto\"><span class=\"source-title\">ATV Verona<\/span><span class=\"source-count ng-star-inserted\">+ 1<\/span><\/div>\n<\/div>\n<\/li>\n<li>\n<p data-path-to-node=\"9,1,0\"><b data-path-to-node=\"9,1,0\" data-index-in-node=\"0\"><span class=\"citation-89 citation-end-89\">Extraurbano (Extroverona studenti fino a 26 anni):<\/span><\/b> Strutturato su tariffe progressive (da Tariffa 2 a Tariffa 8). <span class=\"citation-88\">I mensili variano dai <\/span><b data-path-to-node=\"9,1,0\" data-index-in-node=\"136\"><span class=\"citation-88\">45,00 \u20ac<\/span><\/b><span class=\"citation-88\"> ai <\/span><b data-path-to-node=\"9,1,0\" data-index-in-node=\"147\"><span class=\"citation-88\">72,00 \u20ac<\/span><\/b><span class=\"citation-88\">, mentre gli annuali oscillano indicativamente tra i <\/span><b data-path-to-node=\"9,1,0\" data-index-in-node=\"207\"><span class=\"citation-88\">377,00 \u20ac<\/span><\/b><span class=\"citation-88\"> e i <\/span><b data-path-to-node=\"9,1,0\" data-index-in-node=\"220\"><span class=\"citation-88\">600,00 \u20ac<\/span><\/b><span class=\"citation-88 citation-end-88\"> in base alla distanza chilometrica.<\/span><\/p>\n<div class=\"source-inline-chip-container luminous-sources hide-from-message-actions ng-star-inserted\">\n<div class=\"source-label-container gds-body-s ng-star-inserted\" dir=\"auto\"><span class=\"source-title\">www.atv.verona.it<\/span><span class=\"source-count ng-star-inserted\">+ 1<\/span><\/div>\n<\/div>\n<\/li>\n<\/ul>\n<h4 data-path-to-node=\"10\">4. Vicenza (SVT &#8211; Societ\u00e0 Vicentina Trasporti)<\/h4>\n<ul data-path-to-node=\"11\">\n<li>\n<p data-path-to-node=\"11,0,0\"><b data-path-to-node=\"11,0,0\" data-index-in-node=\"0\"><span class=\"citation-87 citation-end-87\">Urbano Vicenza:<\/span><\/b> <span class=\"citation-86\">L&#8217;abbonamento annuale urbano per studenti costa <\/span><b data-path-to-node=\"11,0,0\" data-index-in-node=\"64\"><span class=\"citation-86\">307,00 \u20ac<\/span><\/b><span class=\"citation-86\"> (nella versione standard a 12 mesi), mentre la formula limitata all&#8217;anno scolastico\/accademico o le opzioni per residenti in provincia possono godere di ulteriori rimodulazioni (es. annuale suburbano a circa <\/span><b data-path-to-node=\"11,0,0\" data-index-in-node=\"281\"><span class=\"citation-86\">333,00 \u20ac<\/span><\/b><span class=\"citation-86 citation-end-86\">).<\/span><\/p>\n<div class=\"source-inline-chip-container luminous-sources hide-from-message-actions ng-star-inserted\">\n<div class=\"source-label-container gds-body-s ng-star-inserted\" dir=\"auto\"><span class=\"source-title\">SVT<\/span><span class=\"source-count ng-star-inserted\">+ 1<\/span><\/div>\n<\/div>\n<\/li>\n<li>\n<p data-path-to-node=\"11,1,0\"><b data-path-to-node=\"11,1,0\" data-index-in-node=\"0\"><span class=\"citation-85 citation-end-85\">Extraurbano:<\/span><\/b> Organizzato per classi di distanza (es. Classe 1 fino a 5 km: annuale intorno ai <b data-path-to-node=\"11,1,0\" data-index-in-node=\"94\">295,00 &#8211; 370,00 \u20ac<\/b>; Classe 3 fino a 20 km: dai <b data-path-to-node=\"11,1,0\" data-index-in-node=\"140\">351,00 \u20ac<\/b> ai <b data-path-to-node=\"11,1,0\" data-index-in-node=\"152\">443,00 \u20ac<\/b> a seconda che si scelga la validit\u00e0 sui 10 o 12 mesi). I titoli mensili studenti per tratte brevi partono da circa <b data-path-to-node=\"11,1,0\" data-index-in-node=\"276\">37,00 \u20ac<\/b>.<\/p>\n<div class=\"source-inline-chip-container luminous-sources hide-from-message-actions ng-star-inserted\">\n<div class=\"source-label-container gds-body-s ng-star-inserted\" dir=\"auto\"><span class=\"source-title\">SVT<\/span><\/div>\n<\/div>\n<\/li>\n<\/ul>\n<h3 data-path-to-node=\"13\">Un confronto con le principali citt\u00e0 italiane<\/h3>\n<p data-path-to-node=\"14\">Fuori dai confini regionali, i costi e le politiche tariffarie per gli studenti presentano scenari differenti:<\/p>\n<ul data-path-to-node=\"15\">\n<li>\n<p data-path-to-node=\"15,0,0\"><b data-path-to-node=\"15,0,0\" data-index-in-node=\"0\">Milano (ATM):<\/b> Gli studenti under 26 beneficiano di tariffe molto vantaggiose indipendentemente dal reddito, con l&#8217;abbonamento annuale urbano che costa <b data-path-to-node=\"15,0,0\" data-index-in-node=\"151\">200,00 \u20ac<\/b>. Per l&#8217;area extraurbana integrata (sistema STIBM) il prezzo varia a seconda delle zone tariffarie scelte.<\/p>\n<\/li>\n<li>\n<p data-path-to-node=\"15,1,0\"><b data-path-to-node=\"15,1,0\" data-index-in-node=\"0\">Roma (Atac):<\/b> Esistono agevolazioni importanti legate all&#8217;ISEE. Per gli studenti sotto i 26 anni con determinati requisiti di reddito, l&#8217;abbonamento annuale agevolato pu\u00f2 costare appena <b data-path-to-node=\"15,1,0\" data-index-in-node=\"185\">50,00 \u20ac<\/b> (oltre a 5,00 \u20ac di diritti di segreteria), mentre la tariffa standard non agevolata si allinea su cifre superiori (circa 250,00 \u20ac per la tratta metropolitana ordinaria).<\/p>\n<\/li>\n<li>\n<p data-path-to-node=\"15,2,0\"><b data-path-to-node=\"15,2,0\" data-index-in-node=\"0\">Bologna \/ Emilia-Romagna (Tper):<\/b> La Regione Emilia-Romagna applica da anni la gratuit\u00e0 del trasporto pubblico urbano ed extraurbano per gli studenti delle scuole elementari, medie e inferiori al limite ISEE stabilito, oppure sconti consistenti per gli istituti superiori. Per chi non rientra nella gratuit\u00e0, le tariffe annuali urbane si aggirano mediamente sui <b data-path-to-node=\"15,2,0\" data-index-in-node=\"361\">220,00 &#8211; 250,00 \u20ac<\/b>.<\/p>\n<\/li>\n<\/ul>\n<p data-path-to-node=\"16\"><i data-path-to-node=\"16\" data-index-in-node=\"0\">Nota: Per quasi tutti gli operatori del Veneto (Busitalia, ATV, SVT, ACTV), l&#8217;accesso alle tariffe agevolate richiede il possesso di una tessera di riconoscimento personale (es. Tessera Venezia Unica, Mobilitattiva, ecc.) del costo solitamente compreso tra i 5,00 \u20ac e i 10,00 \u20ac con validit\u00e0 pluriennale.<\/i><\/p>\n<\/div>\n<\/div>","protected":false},"excerpt":{"rendered":"<p>Con &#8220;Investi Scuola Super Plus\u201d 2026\/2027 la Provincia di Belluno, in collaborazione con Dolomiti Bus, offre agli studenti bellunesi 12 mesi di viaggio al costo di 10. E all\u2019agevolazione \u00e8 possibile accedere in modo totalmente digitale. Belluno, 28 agosto 2026 \u2013 Dodici mesi di trasporto pubblico al costo di dieci e nuove opportunit\u00e0 di accesso [&hellip;]<\/p>\n","protected":false},"author":2,"featured_media":166598,"comment_status":"closed","ping_status":"open","sticky":false,"template":"","format":"standard","meta":{"footnotes":""},"categories":[26,15],"tags":[],"class_list":["post-172954","post","type-post","status-publish","format-standard","has-post-thumbnail","category-prima-pagina","category-scuola"],"yoast_head":"<!-- This site is optimized with the Yoast SEO plugin v28.4 - https:\/\/yoast.com\/product\/yoast-seo-wordpress\/ -->\n<title>DolomitiBus. Nuove tariffe abbonamenti studenti Scuola Super Plus 2026\/2027. Il confronto con le altre citt\u00e0 - Bellunopress - Dolomiti<\/title>\n<meta name=\"robots\" content=\"index, follow, max-snippet:-1, max-image-preview:large, max-video-preview:-1\" \/>\n<link rel=\"canonical\" href=\"https:\/\/www.bellunopress.it\/fr\/2026\/08\/28\/dolomitibus-nuove-tariffe-abbonamenti-studenti-scuola-super-plus-2026-2027-il-confronto-con-le-altre-citta\/\" \/>\n<meta property=\"og:locale\" content=\"fr_FR\" \/>\n<meta property=\"og:type\" content=\"article\" \/>\n<meta property=\"og:title\" content=\"DolomitiBus. Nuove tariffe abbonamenti studenti Scuola Super Plus 2026\/2027. Il confronto con le altre citt\u00e0 - Bellunopress - Dolomiti\" \/>\n<meta property=\"og:description\" content=\"Con &#8220;Investi Scuola Super Plus\u201d 2026\/2027 la Provincia di Belluno, in collaborazione con Dolomiti Bus, offre agli studenti bellunesi 12 mesi di viaggio al costo di 10. E all\u2019agevolazione \u00e8 possibile accedere in modo totalmente digitale. Belluno, 28 agosto 2026 \u2013 Dodici mesi di trasporto pubblico al costo di dieci e nuove opportunit\u00e0 di accesso [&hellip;]\" \/>\n<meta property=\"og:url\" content=\"https:\/\/www.bellunopress.it\/fr\/2026\/08\/28\/dolomitibus-nuove-tariffe-abbonamenti-studenti-scuola-super-plus-2026-2027-il-confronto-con-le-altre-citta\/\" \/>\n<meta property=\"og:site_name\" content=\"Bellunopress - Dolomiti\" \/>\n<meta property=\"article:publisher\" content=\"https:\/\/www.facebook.com\/profile.php?id=100008943462799\" \/>\n<meta property=\"article:published_time\" content=\"2026-08-28T10:52:41+00:00\" \/>\n<meta property=\"article:modified_time\" content=\"2026-08-28T11:01:37+00:00\" \/>\n<meta property=\"og:image\" content=\"https:\/\/www.bellunopress.it\/wp-content\/uploads\/2026\/01\/DolomitiBus-nuovi-mezzi-genn-2026.jpeg\" \/>\n\t<meta property=\"og:image:width\" content=\"600\" \/>\n\t<meta property=\"og:image:height\" content=\"450\" \/>\n\t<meta property=\"og:image:type\" content=\"image\/jpeg\" \/>\n<meta name=\"author\" content=\"redazione\" \/>\n<meta name=\"twitter:card\" content=\"summary_large_image\" \/>\n<meta name=\"twitter:creator\" content=\"@bellunopress\" \/>\n<meta name=\"twitter:site\" content=\"@bellunopress\" \/>\n<meta name=\"twitter:label1\" content=\"Written by\" \/>\n\t<meta name=\"twitter:data1\" content=\"redazione\" \/>\n\t<meta name=\"twitter:label2\" content=\"Est. reading time\" \/>\n\t<meta name=\"twitter:data2\" content=\"8 minutes\" \/>\n<script type=\"application\/ld+json\" class=\"yoast-schema-graph\">{\"@context\":\"https:\\\/\\\/schema.org\",\"@graph\":[{\"@type\":\"Article\",\"@id\":\"https:\\\/\\\/www.bellunopress.it\\\/2026\\\/08\\\/28\\\/dolomitibus-nuove-tariffe-abbonamenti-studenti-scuola-super-plus-2026-2027-il-confronto-con-le-altre-citta\\\/#article\",\"isPartOf\":{\"@id\":\"https:\\\/\\\/www.bellunopress.it\\\/2026\\\/08\\\/28\\\/dolomitibus-nuove-tariffe-abbonamenti-studenti-scuola-super-plus-2026-2027-il-confronto-con-le-altre-citta\\\/\"},\"author\":{\"name\":\"redazione\",\"@id\":\"https:\\\/\\\/www.bellunopress.it\\\/#\\\/schema\\\/person\\\/79bb06722b37ece1c03d3e94beb30d73\"},\"headline\":\"DolomitiBus. Nuove tariffe abbonamenti studenti Scuola Super Plus 2026\\\/2027. Il confronto con le altre citt\u00e0\",\"datePublished\":\"2026-08-28T10:52:41+00:00\",\"dateModified\":\"2026-08-28T11:01:37+00:00\",\"mainEntityOfPage\":{\"@id\":\"https:\\\/\\\/www.bellunopress.it\\\/2026\\\/08\\\/28\\\/dolomitibus-nuove-tariffe-abbonamenti-studenti-scuola-super-plus-2026-2027-il-confronto-con-le-altre-citta\\\/\"},\"wordCount\":1320,\"publisher\":{\"@id\":\"https:\\\/\\\/www.bellunopress.it\\\/#organization\"},\"image\":{\"@id\":\"https:\\\/\\\/www.bellunopress.it\\\/2026\\\/08\\\/28\\\/dolomitibus-nuove-tariffe-abbonamenti-studenti-scuola-super-plus-2026-2027-il-confronto-con-le-altre-citta\\\/#primaryimage\"},\"thumbnailUrl\":\"https:\\\/\\\/www.bellunopress.it\\\/wp-content\\\/uploads\\\/2026\\\/01\\\/DolomitiBus-nuovi-mezzi-genn-2026.jpeg\",\"articleSection\":[\"Prima Pagina\",\"Scuola\"],\"inLanguage\":\"fr-FR\"},{\"@type\":\"WebPage\",\"@id\":\"https:\\\/\\\/www.bellunopress.it\\\/2026\\\/08\\\/28\\\/dolomitibus-nuove-tariffe-abbonamenti-studenti-scuola-super-plus-2026-2027-il-confronto-con-le-altre-citta\\\/\",\"url\":\"https:\\\/\\\/www.bellunopress.it\\\/2026\\\/08\\\/28\\\/dolomitibus-nuove-tariffe-abbonamenti-studenti-scuola-super-plus-2026-2027-il-confronto-con-le-altre-citta\\\/\",\"name\":\"DolomitiBus. Nuove tariffe abbonamenti studenti Scuola Super Plus 2026\\\/2027. Il confronto con le altre citt\u00e0 - Bellunopress - Dolomiti\",\"isPartOf\":{\"@id\":\"https:\\\/\\\/www.bellunopress.it\\\/#website\"},\"primaryImageOfPage\":{\"@id\":\"https:\\\/\\\/www.bellunopress.it\\\/2026\\\/08\\\/28\\\/dolomitibus-nuove-tariffe-abbonamenti-studenti-scuola-super-plus-2026-2027-il-confronto-con-le-altre-citta\\\/#primaryimage\"},\"image\":{\"@id\":\"https:\\\/\\\/www.bellunopress.it\\\/2026\\\/08\\\/28\\\/dolomitibus-nuove-tariffe-abbonamenti-studenti-scuola-super-plus-2026-2027-il-confronto-con-le-altre-citta\\\/#primaryimage\"},\"thumbnailUrl\":\"https:\\\/\\\/www.bellunopress.it\\\/wp-content\\\/uploads\\\/2026\\\/01\\\/DolomitiBus-nuovi-mezzi-genn-2026.jpeg\",\"datePublished\":\"2026-08-28T10:52:41+00:00\",\"dateModified\":\"2026-08-28T11:01:37+00:00\",\"breadcrumb\":{\"@id\":\"https:\\\/\\\/www.bellunopress.it\\\/2026\\\/08\\\/28\\\/dolomitibus-nuove-tariffe-abbonamenti-studenti-scuola-super-plus-2026-2027-il-confronto-con-le-altre-citta\\\/#breadcrumb\"},\"inLanguage\":\"fr-FR\",\"potentialAction\":[{\"@type\":\"ReadAction\",\"target\":[\"https:\\\/\\\/www.bellunopress.it\\\/2026\\\/08\\\/28\\\/dolomitibus-nuove-tariffe-abbonamenti-studenti-scuola-super-plus-2026-2027-il-confronto-con-le-altre-citta\\\/\"]}]},{\"@type\":\"ImageObject\",\"inLanguage\":\"fr-FR\",\"@id\":\"https:\\\/\\\/www.bellunopress.it\\\/2026\\\/08\\\/28\\\/dolomitibus-nuove-tariffe-abbonamenti-studenti-scuola-super-plus-2026-2027-il-confronto-con-le-altre-citta\\\/#primaryimage\",\"url\":\"https:\\\/\\\/www.bellunopress.it\\\/wp-content\\\/uploads\\\/2026\\\/01\\\/DolomitiBus-nuovi-mezzi-genn-2026.jpeg\",\"contentUrl\":\"https:\\\/\\\/www.bellunopress.it\\\/wp-content\\\/uploads\\\/2026\\\/01\\\/DolomitiBus-nuovi-mezzi-genn-2026.jpeg\",\"width\":600,\"height\":450},{\"@type\":\"BreadcrumbList\",\"@id\":\"https:\\\/\\\/www.bellunopress.it\\\/2026\\\/08\\\/28\\\/dolomitibus-nuove-tariffe-abbonamenti-studenti-scuola-super-plus-2026-2027-il-confronto-con-le-altre-citta\\\/#breadcrumb\",\"itemListElement\":[{\"@type\":\"ListItem\",\"position\":1,\"name\":\"Home\",\"item\":\"https:\\\/\\\/www.bellunopress.it\\\/\"},{\"@type\":\"ListItem\",\"position\":2,\"name\":\"DolomitiBus. Nuove tariffe abbonamenti studenti Scuola Super Plus 2026\\\/2027. Il confronto con le altre citt\u00e0\"}]},{\"@type\":\"WebSite\",\"@id\":\"https:\\\/\\\/www.bellunopress.it\\\/#website\",\"url\":\"https:\\\/\\\/www.bellunopress.it\\\/\",\"name\":\"Bellunopress - Dolomiti\",\"description\":\"e-mail: redazione@bellunopress.it\",\"publisher\":{\"@id\":\"https:\\\/\\\/www.bellunopress.it\\\/#organization\"},\"potentialAction\":[{\"@type\":\"SearchAction\",\"target\":{\"@type\":\"EntryPoint\",\"urlTemplate\":\"https:\\\/\\\/www.bellunopress.it\\\/?s={search_term_string}\"},\"query-input\":{\"@type\":\"PropertyValueSpecification\",\"valueRequired\":true,\"valueName\":\"search_term_string\"}}],\"inLanguage\":\"fr-FR\"},{\"@type\":\"Organization\",\"@id\":\"https:\\\/\\\/www.bellunopress.it\\\/#organization\",\"name\":\"Bellunopress\",\"url\":\"https:\\\/\\\/www.bellunopress.it\\\/\",\"logo\":{\"@type\":\"ImageObject\",\"inLanguage\":\"fr-FR\",\"@id\":\"https:\\\/\\\/www.bellunopress.it\\\/#\\\/schema\\\/logo\\\/image\\\/\",\"url\":\"https:\\\/\\\/www.bellunopress.it\\\/wp-content\\\/uploads\\\/2011\\\/05\\\/cropped-logo-bellunopress-.jpg\",\"contentUrl\":\"https:\\\/\\\/www.bellunopress.it\\\/wp-content\\\/uploads\\\/2011\\\/05\\\/cropped-logo-bellunopress-.jpg\",\"width\":512,\"height\":512,\"caption\":\"Bellunopress\"},\"image\":{\"@id\":\"https:\\\/\\\/www.bellunopress.it\\\/#\\\/schema\\\/logo\\\/image\\\/\"},\"sameAs\":[\"https:\\\/\\\/www.facebook.com\\\/profile.php?id=100008943462799\",\"https:\\\/\\\/x.com\\\/bellunopress\",\"https:\\\/\\\/www.linkedin.com\\\/hp\\\/?dnr=JBzUWaJfMUw8vbXJJ2tVW5-I3jZKvC4wsoxE&amp;amp;amp;amp;amp;amp;trk=nav_responsive_tab_home\",\"https:\\\/\\\/www.youtube.com\\\/channel\\\/UCxL0wu1uN0_3_7hGG0306cw\"]},{\"@type\":\"Person\",\"@id\":\"https:\\\/\\\/www.bellunopress.it\\\/#\\\/schema\\\/person\\\/79bb06722b37ece1c03d3e94beb30d73\",\"name\":\"redazione\",\"image\":{\"@type\":\"ImageObject\",\"inLanguage\":\"fr-FR\",\"@id\":\"https:\\\/\\\/secure.gravatar.com\\\/avatar\\\/37d968a2e67a6fd04c169c4bdef102d0bc5d31b2546345219e348575eb80e9a0?s=96&d=mm&r=g\",\"url\":\"https:\\\/\\\/secure.gravatar.com\\\/avatar\\\/37d968a2e67a6fd04c169c4bdef102d0bc5d31b2546345219e348575eb80e9a0?s=96&d=mm&r=g\",\"contentUrl\":\"https:\\\/\\\/secure.gravatar.com\\\/avatar\\\/37d968a2e67a6fd04c169c4bdef102d0bc5d31b2546345219e348575eb80e9a0?s=96&d=mm&r=g\",\"caption\":\"redazione\"},\"sameAs\":[\"http:\\\/\\\/www.bellunopress.it\",\"https:\\\/\\\/x.com\\\/bellunopress\"],\"url\":\"https:\\\/\\\/www.bellunopress.it\\\/fr\\\/author\\\/redazione\\\/\"}]}<\/script>\n<!-- \/ Yoast SEO plugin. -->","yoast_head_json":{"title":"DolomitiBus. Nuove tariffe abbonamenti studenti Scuola Super Plus 2026\/2027. Il confronto con le altre citt\u00e0 - Bellunopress - Dolomiti","robots":{"index":"index","follow":"follow","max-snippet":"max-snippet:-1","max-image-preview":"max-image-preview:large","max-video-preview":"max-video-preview:-1"},"canonical":"https:\/\/www.bellunopress.it\/fr\/2026\/08\/28\/dolomitibus-nuove-tariffe-abbonamenti-studenti-scuola-super-plus-2026-2027-il-confronto-con-le-altre-citta\/","og_locale":"fr_FR","og_type":"article","og_title":"DolomitiBus. Nuove tariffe abbonamenti studenti Scuola Super Plus 2026\/2027. Il confronto con le altre citt\u00e0 - Bellunopress - Dolomiti","og_description":"Con &#8220;Investi Scuola Super Plus\u201d 2026\/2027 la Provincia di Belluno, in collaborazione con Dolomiti Bus, offre agli studenti bellunesi 12 mesi di viaggio al costo di 10. E all\u2019agevolazione \u00e8 possibile accedere in modo totalmente digitale. Belluno, 28 agosto 2026 \u2013 Dodici mesi di trasporto pubblico al costo di dieci e nuove opportunit\u00e0 di accesso [&hellip;]","og_url":"https:\/\/www.bellunopress.it\/fr\/2026\/08\/28\/dolomitibus-nuove-tariffe-abbonamenti-studenti-scuola-super-plus-2026-2027-il-confronto-con-le-altre-citta\/","og_site_name":"Bellunopress - Dolomiti","article_publisher":"https:\/\/www.facebook.com\/profile.php?id=100008943462799","article_published_time":"2026-08-28T10:52:41+00:00","article_modified_time":"2026-08-28T11:01:37+00:00","og_image":[{"width":600,"height":450,"url":"https:\/\/www.bellunopress.it\/wp-content\/uploads\/2026\/01\/DolomitiBus-nuovi-mezzi-genn-2026.jpeg","type":"image\/jpeg"}],"author":"redazione","twitter_card":"summary_large_image","twitter_creator":"@bellunopress","twitter_site":"@bellunopress","twitter_misc":{"Written by":"redazione","Est. reading time":"8 minutes"},"schema":{"@context":"https:\/\/schema.org","@graph":[{"@type":"Article","@id":"https:\/\/www.bellunopress.it\/2026\/08\/28\/dolomitibus-nuove-tariffe-abbonamenti-studenti-scuola-super-plus-2026-2027-il-confronto-con-le-altre-citta\/#article","isPartOf":{"@id":"https:\/\/www.bellunopress.it\/2026\/08\/28\/dolomitibus-nuove-tariffe-abbonamenti-studenti-scuola-super-plus-2026-2027-il-confronto-con-le-altre-citta\/"},"author":{"name":"redazione","@id":"https:\/\/www.bellunopress.it\/#\/schema\/person\/79bb06722b37ece1c03d3e94beb30d73"},"headline":"DolomitiBus. Nuove tariffe abbonamenti studenti Scuola Super Plus 2026\/2027. Il confronto con le altre citt\u00e0","datePublished":"2026-08-28T10:52:41+00:00","dateModified":"2026-08-28T11:01:37+00:00","mainEntityOfPage":{"@id":"https:\/\/www.bellunopress.it\/2026\/08\/28\/dolomitibus-nuove-tariffe-abbonamenti-studenti-scuola-super-plus-2026-2027-il-confronto-con-le-altre-citta\/"},"wordCount":1320,"publisher":{"@id":"https:\/\/www.bellunopress.it\/#organization"},"image":{"@id":"https:\/\/www.bellunopress.it\/2026\/08\/28\/dolomitibus-nuove-tariffe-abbonamenti-studenti-scuola-super-plus-2026-2027-il-confronto-con-le-altre-citta\/#primaryimage"},"thumbnailUrl":"https:\/\/www.bellunopress.it\/wp-content\/uploads\/2026\/01\/DolomitiBus-nuovi-mezzi-genn-2026.jpeg","articleSection":["Prima Pagina","Scuola"],"inLanguage":"fr-FR"},{"@type":"WebPage","@id":"https:\/\/www.bellunopress.it\/2026\/08\/28\/dolomitibus-nuove-tariffe-abbonamenti-studenti-scuola-super-plus-2026-2027-il-confronto-con-le-altre-citta\/","url":"https:\/\/www.bellunopress.it\/2026\/08\/28\/dolomitibus-nuove-tariffe-abbonamenti-studenti-scuola-super-plus-2026-2027-il-confronto-con-le-altre-citta\/","name":"DolomitiBus. Nuove tariffe abbonamenti studenti Scuola Super Plus 2026\/2027. Il confronto con le altre citt\u00e0 - Bellunopress - Dolomiti","isPartOf":{"@id":"https:\/\/www.bellunopress.it\/#website"},"primaryImageOfPage":{"@id":"https:\/\/www.bellunopress.it\/2026\/08\/28\/dolomitibus-nuove-tariffe-abbonamenti-studenti-scuola-super-plus-2026-2027-il-confronto-con-le-altre-citta\/#primaryimage"},"image":{"@id":"https:\/\/www.bellunopress.it\/2026\/08\/28\/dolomitibus-nuove-tariffe-abbonamenti-studenti-scuola-super-plus-2026-2027-il-confronto-con-le-altre-citta\/#primaryimage"},"thumbnailUrl":"https:\/\/www.bellunopress.it\/wp-content\/uploads\/2026\/01\/DolomitiBus-nuovi-mezzi-genn-2026.jpeg","datePublished":"2026-08-28T10:52:41+00:00","dateModified":"2026-08-28T11:01:37+00:00","breadcrumb":{"@id":"https:\/\/www.bellunopress.it\/2026\/08\/28\/dolomitibus-nuove-tariffe-abbonamenti-studenti-scuola-super-plus-2026-2027-il-confronto-con-le-altre-citta\/#breadcrumb"},"inLanguage":"fr-FR","potentialAction":[{"@type":"ReadAction","target":["https:\/\/www.bellunopress.it\/2026\/08\/28\/dolomitibus-nuove-tariffe-abbonamenti-studenti-scuola-super-plus-2026-2027-il-confronto-con-le-altre-citta\/"]}]},{"@type":"ImageObject","inLanguage":"fr-FR","@id":"https:\/\/www.bellunopress.it\/2026\/08\/28\/dolomitibus-nuove-tariffe-abbonamenti-studenti-scuola-super-plus-2026-2027-il-confronto-con-le-altre-citta\/#primaryimage","url":"https:\/\/www.bellunopress.it\/wp-content\/uploads\/2026\/01\/DolomitiBus-nuovi-mezzi-genn-2026.jpeg","contentUrl":"https:\/\/www.bellunopress.it\/wp-content\/uploads\/2026\/01\/DolomitiBus-nuovi-mezzi-genn-2026.jpeg","width":600,"height":450},{"@type":"BreadcrumbList","@id":"https:\/\/www.bellunopress.it\/2026\/08\/28\/dolomitibus-nuove-tariffe-abbonamenti-studenti-scuola-super-plus-2026-2027-il-confronto-con-le-altre-citta\/#breadcrumb","itemListElement":[{"@type":"ListItem","position":1,"name":"Home","item":"https:\/\/www.bellunopress.it\/"},{"@type":"ListItem","position":2,"name":"DolomitiBus. Nuove tariffe abbonamenti studenti Scuola Super Plus 2026\/2027. Il confronto con le altre citt\u00e0"}]},{"@type":"WebSite","@id":"https:\/\/www.bellunopress.it\/#website","url":"https:\/\/www.bellunopress.it\/","name":"Bellunopress - Dolomiti","description":"e-mail: redazione@bellunopress.it","publisher":{"@id":"https:\/\/www.bellunopress.it\/#organization"},"potentialAction":[{"@type":"SearchAction","target":{"@type":"EntryPoint","urlTemplate":"https:\/\/www.bellunopress.it\/?s={search_term_string}"},"query-input":{"@type":"PropertyValueSpecification","valueRequired":true,"valueName":"search_term_string"}}],"inLanguage":"fr-FR"},{"@type":"Organization","@id":"https:\/\/www.bellunopress.it\/#organization","name":"Bellunopress","url":"https:\/\/www.bellunopress.it\/","logo":{"@type":"ImageObject","inLanguage":"fr-FR","@id":"https:\/\/www.bellunopress.it\/#\/schema\/logo\/image\/","url":"https:\/\/www.bellunopress.it\/wp-content\/uploads\/2011\/05\/cropped-logo-bellunopress-.jpg","contentUrl":"https:\/\/www.bellunopress.it\/wp-content\/uploads\/2011\/05\/cropped-logo-bellunopress-.jpg","width":512,"height":512,"caption":"Bellunopress"},"image":{"@id":"https:\/\/www.bellunopress.it\/#\/schema\/logo\/image\/"},"sameAs":["https:\/\/www.facebook.com\/profile.php?id=100008943462799","https:\/\/x.com\/bellunopress","https:\/\/www.linkedin.com\/hp\/?dnr=JBzUWaJfMUw8vbXJJ2tVW5-I3jZKvC4wsoxE&amp;amp;amp;amp;amp;amp;trk=nav_responsive_tab_home","https:\/\/www.youtube.com\/channel\/UCxL0wu1uN0_3_7hGG0306cw"]},{"@type":"Person","@id":"https:\/\/www.bellunopress.it\/#\/schema\/person\/79bb06722b37ece1c03d3e94beb30d73","name":"r\u00e9daction","image":{"@type":"ImageObject","inLanguage":"fr-FR","@id":"https:\/\/secure.gravatar.com\/avatar\/37d968a2e67a6fd04c169c4bdef102d0bc5d31b2546345219e348575eb80e9a0?s=96&d=mm&r=g","url":"https:\/\/secure.gravatar.com\/avatar\/37d968a2e67a6fd04c169c4bdef102d0bc5d31b2546345219e348575eb80e9a0?s=96&d=mm&r=g","contentUrl":"https:\/\/secure.gravatar.com\/avatar\/37d968a2e67a6fd04c169c4bdef102d0bc5d31b2546345219e348575eb80e9a0?s=96&d=mm&r=g","caption":"redazione"},"sameAs":["http:\/\/www.bellunopress.it","https:\/\/x.com\/bellunopress"],"url":"https:\/\/www.bellunopress.it\/fr\/author\/redazione\/"}]}},"_links":{"self":[{"href":"https:\/\/www.bellunopress.it\/fr\/wp-json\/wp\/v2\/posts\/172954","targetHints":{"allow":["GET"]}}],"collection":[{"href":"https:\/\/www.bellunopress.it\/fr\/wp-json\/wp\/v2\/posts"}],"about":[{"href":"https:\/\/www.bellunopress.it\/fr\/wp-json\/wp\/v2\/types\/post"}],"author":[{"embeddable":true,"href":"https:\/\/www.bellunopress.it\/fr\/wp-json\/wp\/v2\/users\/2"}],"replies":[{"embeddable":true,"href":"https:\/\/www.bellunopress.it\/fr\/wp-json\/wp\/v2\/comments?post=172954"}],"version-history":[{"count":2,"href":"https:\/\/www.bellunopress.it\/fr\/wp-json\/wp\/v2\/posts\/172954\/revisions"}],"predecessor-version":[{"id":172957,"href":"https:\/\/www.bellunopress.it\/fr\/wp-json\/wp\/v2\/posts\/172954\/revisions\/172957"}],"wp:featuredmedia":[{"embeddable":true,"href":"https:\/\/www.bellunopress.it\/fr\/wp-json\/wp\/v2\/media\/166598"}],"wp:attachment":[{"href":"https:\/\/www.bellunopress.it\/fr\/wp-json\/wp\/v2\/media?parent=172954"}],"wp:term":[{"taxonomy":"category","embeddable":true,"href":"https:\/\/www.bellunopress.it\/fr\/wp-json\/wp\/v2\/categories?post=172954"},{"taxonomy":"post_tag","embeddable":true,"href":"https:\/\/www.bellunopress.it\/fr\/wp-json\/wp\/v2\/tags?post=172954"}],"curies":[{"name":"wp","href":"https:\/\/api.w.org\/{rel}","templated":true}]}}