{"id":172946,"date":"2026-08-28T10:08:12","date_gmt":"2026-08-28T08:08:12","guid":{"rendered":"https:\/\/www.bellunopress.it\/?p=172946"},"modified":"2026-08-28T10:08:12","modified_gmt":"2026-08-28T08:08:12","slug":"caro-carburanti-scarzanella-presidente-confartigianato-imprese-belluno-servono-interventi-strutturali-per-poter-programmare","status":"publish","type":"post","link":"https:\/\/www.bellunopress.it\/fr\/2026\/08\/28\/caro-carburanti-scarzanella-presidente-confartigianato-imprese-belluno-servono-interventi-strutturali-per-poter-programmare\/","title":{"rendered":"Caro carburanti. Scarzanella, presidente Confartigianato Imprese Belluno: &#8220;Servono interventi strutturali per poter programmare&#8221;"},"content":{"rendered":"<p>Belluno, 28\/08\/2026 &#8211;\u00a0&#8220;Non occorre essere super-informati sull&#8217;attualit\u00e0 per accorgersi della gravit\u00e0 del tema del caro carburanti: basta fermarsi al distributore per fare il pieno&#8221;.<\/p>\n<p>La presidente di Confartigianato Imprese Belluno Claudia Scarzanella interviene sul tema di estrema attualit\u00e0 del costo alle stelle di benzina e gasolio.<\/p>\n<p>&#8220;\u00c8 chiaro che i prezzi di questi giorni, in continua ascesa, siano un balzello per tutti: famiglie, pendolari, imprese, e in particolare ovviamente per le imprese dell&#8217;autotrasporto, sia esso di merci o persone&#8221;. L&#8217;autotrasporto in provincia di Belluno conta (dati al 31.12.2025) 172 imprese artigiane, di cui 6 rientrano nella categoria Autobus operator e servizi turistici (compreso anche il trasporto scolastico), 63 si occupano del trasporto persone (ncc e taxi), e 103 trasporto merci. Il settore trasporti impiega 417 addetti di imprese artigiane, che valgono circa un terzo (28,7%) degli addetti del settore stesso. &#8220;In questi giorni il Governo sta cercando di intervenire in questo ambito, e questo \u00e8 sicuramente apprezzabile, ma il settore dell&#8217;autotrasporto, e a cascata tutti gli altri ambiti e le filiere economiche, hanno bisogno di interventi strutturali e non di soluzioni temporanee di cui leggiamo in queste ore. Finch\u00e9 infatti il costo del trasporto rimarr\u00e0 una variabile aleatoria, soggetta a condizionamenti geopolitici e ad interventi governativi a spot, per le imprese diventa impossibile programmare a medio e lungo termine la propria attivit\u00e0; anche fare un semplice preventivo diventa un problema, se poi tra un mese il costo del gasolio \u00e8 ancora pi\u00f9 alto! Si sa che il trasporto merci, specialmente sui territori quasi esclusivamente raggiungibili su gomma, \u00e8 una voce importante del costo aziendale, e quindi lasciarlo nell&#8217;attuale incertezza porta grande preoccupazione e rende sempre pi\u00f9 difficile governare le nostre imprese, e soprattutto progettare il nostro futuro&#8221;.<\/p>","protected":false},"excerpt":{"rendered":"<p>Belluno, 28\/08\/2026 &#8211;\u00a0&#8220;Non occorre essere super-informati sull&#8217;attualit\u00e0 per accorgersi della gravit\u00e0 del tema del caro carburanti: basta fermarsi al distributore per fare il pieno&#8221;. La presidente di Confartigianato Imprese Belluno Claudia Scarzanella interviene sul tema di estrema attualit\u00e0 del costo alle stelle di benzina e gasolio. &#8220;\u00c8 chiaro che i prezzi di questi giorni, in [&hellip;]<\/p>\n","protected":false},"author":2,"featured_media":161230,"comment_status":"closed","ping_status":"open","sticky":false,"template":"","format":"standard","meta":{"footnotes":""},"categories":[36],"tags":[],"class_list":["post-172946","post","type-post","status-publish","format-standard","has-post-thumbnail","category-lavoro-economia"],"yoast_head":"<!-- This site is optimized with the Yoast SEO plugin v28.4 - https:\/\/yoast.com\/product\/yoast-seo-wordpress\/ -->\n<title>Caro carburanti. Scarzanella, presidente Confartigianato Imprese Belluno: &quot;Servono interventi strutturali per poter programmare&quot; - Bellunopress - Dolomiti<\/title>\n<meta name=\"robots\" content=\"index, follow, max-snippet:-1, max-image-preview:large, max-video-preview:-1\" \/>\n<link rel=\"canonical\" href=\"https:\/\/www.bellunopress.it\/fr\/2026\/08\/28\/caro-carburanti-scarzanella-presidente-confartigianato-imprese-belluno-servono-interventi-strutturali-per-poter-programmare\/\" \/>\n<meta property=\"og:locale\" content=\"fr_FR\" \/>\n<meta property=\"og:type\" content=\"article\" \/>\n<meta property=\"og:title\" content=\"Caro carburanti. Scarzanella, presidente Confartigianato Imprese Belluno: &quot;Servono interventi strutturali per poter programmare&quot; - Bellunopress - Dolomiti\" \/>\n<meta property=\"og:description\" content=\"Belluno, 28\/08\/2026 &#8211;\u00a0&#8220;Non occorre essere super-informati sull&#8217;attualit\u00e0 per accorgersi della gravit\u00e0 del tema del caro carburanti: basta fermarsi al distributore per fare il pieno&#8221;. La presidente di Confartigianato Imprese Belluno Claudia Scarzanella interviene sul tema di estrema attualit\u00e0 del costo alle stelle di benzina e gasolio. &#8220;\u00c8 chiaro che i prezzi di questi giorni, in [&hellip;]\" \/>\n<meta property=\"og:url\" content=\"https:\/\/www.bellunopress.it\/fr\/2026\/08\/28\/caro-carburanti-scarzanella-presidente-confartigianato-imprese-belluno-servono-interventi-strutturali-per-poter-programmare\/\" \/>\n<meta property=\"og:site_name\" content=\"Bellunopress - Dolomiti\" \/>\n<meta property=\"article:publisher\" content=\"https:\/\/www.facebook.com\/profile.php?id=100008943462799\" \/>\n<meta property=\"article:published_time\" content=\"2026-08-28T08:08:12+00:00\" \/>\n<meta property=\"og:image\" content=\"https:\/\/www.bellunopress.it\/wp-content\/uploads\/2025\/06\/claudia-scarzanella.jpg\" \/>\n\t<meta property=\"og:image:width\" content=\"558\" \/>\n\t<meta property=\"og:image:height\" content=\"635\" \/>\n\t<meta property=\"og:image:type\" content=\"image\/jpeg\" \/>\n<meta name=\"author\" content=\"redazione\" \/>\n<meta name=\"twitter:card\" content=\"summary_large_image\" \/>\n<meta name=\"twitter:creator\" content=\"@bellunopress\" \/>\n<meta name=\"twitter:site\" content=\"@bellunopress\" \/>\n<meta name=\"twitter:label1\" content=\"Written by\" \/>\n\t<meta name=\"twitter:data1\" content=\"redazione\" \/>\n\t<meta name=\"twitter:label2\" content=\"Est. reading time\" \/>\n\t<meta name=\"twitter:data2\" content=\"2 minutes\" \/>\n<script type=\"application\/ld+json\" class=\"yoast-schema-graph\">{\"@context\":\"https:\\\/\\\/schema.org\",\"@graph\":[{\"@type\":\"Article\",\"@id\":\"https:\\\/\\\/www.bellunopress.it\\\/2026\\\/08\\\/28\\\/caro-carburanti-scarzanella-presidente-confartigianato-imprese-belluno-servono-interventi-strutturali-per-poter-programmare\\\/#article\",\"isPartOf\":{\"@id\":\"https:\\\/\\\/www.bellunopress.it\\\/2026\\\/08\\\/28\\\/caro-carburanti-scarzanella-presidente-confartigianato-imprese-belluno-servono-interventi-strutturali-per-poter-programmare\\\/\"},\"author\":{\"name\":\"redazione\",\"@id\":\"https:\\\/\\\/www.bellunopress.it\\\/#\\\/schema\\\/person\\\/79bb06722b37ece1c03d3e94beb30d73\"},\"headline\":\"Caro carburanti. Scarzanella, presidente Confartigianato Imprese Belluno: &#8220;Servono interventi strutturali per poter programmare&#8221;\",\"datePublished\":\"2026-08-28T08:08:12+00:00\",\"mainEntityOfPage\":{\"@id\":\"https:\\\/\\\/www.bellunopress.it\\\/2026\\\/08\\\/28\\\/caro-carburanti-scarzanella-presidente-confartigianato-imprese-belluno-servono-interventi-strutturali-per-poter-programmare\\\/\"},\"wordCount\":294,\"publisher\":{\"@id\":\"https:\\\/\\\/www.bellunopress.it\\\/#organization\"},\"image\":{\"@id\":\"https:\\\/\\\/www.bellunopress.it\\\/2026\\\/08\\\/28\\\/caro-carburanti-scarzanella-presidente-confartigianato-imprese-belluno-servono-interventi-strutturali-per-poter-programmare\\\/#primaryimage\"},\"thumbnailUrl\":\"https:\\\/\\\/www.bellunopress.it\\\/wp-content\\\/uploads\\\/2025\\\/06\\\/claudia-scarzanella.jpg\",\"articleSection\":[\"Lavoro, Economia, Turismo\"],\"inLanguage\":\"fr-FR\"},{\"@type\":\"WebPage\",\"@id\":\"https:\\\/\\\/www.bellunopress.it\\\/2026\\\/08\\\/28\\\/caro-carburanti-scarzanella-presidente-confartigianato-imprese-belluno-servono-interventi-strutturali-per-poter-programmare\\\/\",\"url\":\"https:\\\/\\\/www.bellunopress.it\\\/2026\\\/08\\\/28\\\/caro-carburanti-scarzanella-presidente-confartigianato-imprese-belluno-servono-interventi-strutturali-per-poter-programmare\\\/\",\"name\":\"Caro carburanti. Scarzanella, presidente Confartigianato Imprese Belluno: \\\"Servono interventi strutturali per poter programmare\\\" - Bellunopress - Dolomiti\",\"isPartOf\":{\"@id\":\"https:\\\/\\\/www.bellunopress.it\\\/#website\"},\"primaryImageOfPage\":{\"@id\":\"https:\\\/\\\/www.bellunopress.it\\\/2026\\\/08\\\/28\\\/caro-carburanti-scarzanella-presidente-confartigianato-imprese-belluno-servono-interventi-strutturali-per-poter-programmare\\\/#primaryimage\"},\"image\":{\"@id\":\"https:\\\/\\\/www.bellunopress.it\\\/2026\\\/08\\\/28\\\/caro-carburanti-scarzanella-presidente-confartigianato-imprese-belluno-servono-interventi-strutturali-per-poter-programmare\\\/#primaryimage\"},\"thumbnailUrl\":\"https:\\\/\\\/www.bellunopress.it\\\/wp-content\\\/uploads\\\/2025\\\/06\\\/claudia-scarzanella.jpg\",\"datePublished\":\"2026-08-28T08:08:12+00:00\",\"breadcrumb\":{\"@id\":\"https:\\\/\\\/www.bellunopress.it\\\/2026\\\/08\\\/28\\\/caro-carburanti-scarzanella-presidente-confartigianato-imprese-belluno-servono-interventi-strutturali-per-poter-programmare\\\/#breadcrumb\"},\"inLanguage\":\"fr-FR\",\"potentialAction\":[{\"@type\":\"ReadAction\",\"target\":[\"https:\\\/\\\/www.bellunopress.it\\\/2026\\\/08\\\/28\\\/caro-carburanti-scarzanella-presidente-confartigianato-imprese-belluno-servono-interventi-strutturali-per-poter-programmare\\\/\"]}]},{\"@type\":\"ImageObject\",\"inLanguage\":\"fr-FR\",\"@id\":\"https:\\\/\\\/www.bellunopress.it\\\/2026\\\/08\\\/28\\\/caro-carburanti-scarzanella-presidente-confartigianato-imprese-belluno-servono-interventi-strutturali-per-poter-programmare\\\/#primaryimage\",\"url\":\"https:\\\/\\\/www.bellunopress.it\\\/wp-content\\\/uploads\\\/2025\\\/06\\\/claudia-scarzanella.jpg\",\"contentUrl\":\"https:\\\/\\\/www.bellunopress.it\\\/wp-content\\\/uploads\\\/2025\\\/06\\\/claudia-scarzanella.jpg\",\"width\":558,\"height\":635,\"caption\":\"Claudia Scarzanella - Presidente di Confartigianato Imprese Belluno\"},{\"@type\":\"BreadcrumbList\",\"@id\":\"https:\\\/\\\/www.bellunopress.it\\\/2026\\\/08\\\/28\\\/caro-carburanti-scarzanella-presidente-confartigianato-imprese-belluno-servono-interventi-strutturali-per-poter-programmare\\\/#breadcrumb\",\"itemListElement\":[{\"@type\":\"ListItem\",\"position\":1,\"name\":\"Home\",\"item\":\"https:\\\/\\\/www.bellunopress.it\\\/\"},{\"@type\":\"ListItem\",\"position\":2,\"name\":\"Caro carburanti. Scarzanella, presidente Confartigianato Imprese Belluno: &#8220;Servono interventi strutturali per poter programmare&#8221;\"}]},{\"@type\":\"WebSite\",\"@id\":\"https:\\\/\\\/www.bellunopress.it\\\/#website\",\"url\":\"https:\\\/\\\/www.bellunopress.it\\\/\",\"name\":\"Bellunopress - Dolomiti\",\"description\":\"e-mail: redazione@bellunopress.it\",\"publisher\":{\"@id\":\"https:\\\/\\\/www.bellunopress.it\\\/#organization\"},\"potentialAction\":[{\"@type\":\"SearchAction\",\"target\":{\"@type\":\"EntryPoint\",\"urlTemplate\":\"https:\\\/\\\/www.bellunopress.it\\\/?s={search_term_string}\"},\"query-input\":{\"@type\":\"PropertyValueSpecification\",\"valueRequired\":true,\"valueName\":\"search_term_string\"}}],\"inLanguage\":\"fr-FR\"},{\"@type\":\"Organization\",\"@id\":\"https:\\\/\\\/www.bellunopress.it\\\/#organization\",\"name\":\"Bellunopress\",\"url\":\"https:\\\/\\\/www.bellunopress.it\\\/\",\"logo\":{\"@type\":\"ImageObject\",\"inLanguage\":\"fr-FR\",\"@id\":\"https:\\\/\\\/www.bellunopress.it\\\/#\\\/schema\\\/logo\\\/image\\\/\",\"url\":\"https:\\\/\\\/www.bellunopress.it\\\/wp-content\\\/uploads\\\/2011\\\/05\\\/cropped-logo-bellunopress-.jpg\",\"contentUrl\":\"https:\\\/\\\/www.bellunopress.it\\\/wp-content\\\/uploads\\\/2011\\\/05\\\/cropped-logo-bellunopress-.jpg\",\"width\":512,\"height\":512,\"caption\":\"Bellunopress\"},\"image\":{\"@id\":\"https:\\\/\\\/www.bellunopress.it\\\/#\\\/schema\\\/logo\\\/image\\\/\"},\"sameAs\":[\"https:\\\/\\\/www.facebook.com\\\/profile.php?id=100008943462799\",\"https:\\\/\\\/x.com\\\/bellunopress\",\"https:\\\/\\\/www.linkedin.com\\\/hp\\\/?dnr=JBzUWaJfMUw8vbXJJ2tVW5-I3jZKvC4wsoxE&amp;amp;amp;amp;amp;amp;trk=nav_responsive_tab_home\",\"https:\\\/\\\/www.youtube.com\\\/channel\\\/UCxL0wu1uN0_3_7hGG0306cw\"]},{\"@type\":\"Person\",\"@id\":\"https:\\\/\\\/www.bellunopress.it\\\/#\\\/schema\\\/person\\\/79bb06722b37ece1c03d3e94beb30d73\",\"name\":\"redazione\",\"image\":{\"@type\":\"ImageObject\",\"inLanguage\":\"fr-FR\",\"@id\":\"https:\\\/\\\/secure.gravatar.com\\\/avatar\\\/37d968a2e67a6fd04c169c4bdef102d0bc5d31b2546345219e348575eb80e9a0?s=96&d=mm&r=g\",\"url\":\"https:\\\/\\\/secure.gravatar.com\\\/avatar\\\/37d968a2e67a6fd04c169c4bdef102d0bc5d31b2546345219e348575eb80e9a0?s=96&d=mm&r=g\",\"contentUrl\":\"https:\\\/\\\/secure.gravatar.com\\\/avatar\\\/37d968a2e67a6fd04c169c4bdef102d0bc5d31b2546345219e348575eb80e9a0?s=96&d=mm&r=g\",\"caption\":\"redazione\"},\"sameAs\":[\"http:\\\/\\\/www.bellunopress.it\",\"https:\\\/\\\/x.com\\\/bellunopress\"],\"url\":\"https:\\\/\\\/www.bellunopress.it\\\/fr\\\/author\\\/redazione\\\/\"}]}<\/script>\n<!-- \/ Yoast SEO plugin. -->","yoast_head_json":{"title":"Caro carburanti. Scarzanella, presidente Confartigianato Imprese Belluno: \"Servono interventi strutturali per poter programmare\" - Bellunopress - Dolomiti","robots":{"index":"index","follow":"follow","max-snippet":"max-snippet:-1","max-image-preview":"max-image-preview:large","max-video-preview":"max-video-preview:-1"},"canonical":"https:\/\/www.bellunopress.it\/fr\/2026\/08\/28\/caro-carburanti-scarzanella-presidente-confartigianato-imprese-belluno-servono-interventi-strutturali-per-poter-programmare\/","og_locale":"fr_FR","og_type":"article","og_title":"Caro carburanti. Scarzanella, presidente Confartigianato Imprese Belluno: \"Servono interventi strutturali per poter programmare\" - Bellunopress - Dolomiti","og_description":"Belluno, 28\/08\/2026 &#8211;\u00a0&#8220;Non occorre essere super-informati sull&#8217;attualit\u00e0 per accorgersi della gravit\u00e0 del tema del caro carburanti: basta fermarsi al distributore per fare il pieno&#8221;. La presidente di Confartigianato Imprese Belluno Claudia Scarzanella interviene sul tema di estrema attualit\u00e0 del costo alle stelle di benzina e gasolio. &#8220;\u00c8 chiaro che i prezzi di questi giorni, in [&hellip;]","og_url":"https:\/\/www.bellunopress.it\/fr\/2026\/08\/28\/caro-carburanti-scarzanella-presidente-confartigianato-imprese-belluno-servono-interventi-strutturali-per-poter-programmare\/","og_site_name":"Bellunopress - Dolomiti","article_publisher":"https:\/\/www.facebook.com\/profile.php?id=100008943462799","article_published_time":"2026-08-28T08:08:12+00:00","og_image":[{"width":558,"height":635,"url":"https:\/\/www.bellunopress.it\/wp-content\/uploads\/2025\/06\/claudia-scarzanella.jpg","type":"image\/jpeg"}],"author":"redazione","twitter_card":"summary_large_image","twitter_creator":"@bellunopress","twitter_site":"@bellunopress","twitter_misc":{"Written by":"redazione","Est. reading time":"2 minutes"},"schema":{"@context":"https:\/\/schema.org","@graph":[{"@type":"Article","@id":"https:\/\/www.bellunopress.it\/2026\/08\/28\/caro-carburanti-scarzanella-presidente-confartigianato-imprese-belluno-servono-interventi-strutturali-per-poter-programmare\/#article","isPartOf":{"@id":"https:\/\/www.bellunopress.it\/2026\/08\/28\/caro-carburanti-scarzanella-presidente-confartigianato-imprese-belluno-servono-interventi-strutturali-per-poter-programmare\/"},"author":{"name":"redazione","@id":"https:\/\/www.bellunopress.it\/#\/schema\/person\/79bb06722b37ece1c03d3e94beb30d73"},"headline":"Caro carburanti. Scarzanella, presidente Confartigianato Imprese Belluno: &#8220;Servono interventi strutturali per poter programmare&#8221;","datePublished":"2026-08-28T08:08:12+00:00","mainEntityOfPage":{"@id":"https:\/\/www.bellunopress.it\/2026\/08\/28\/caro-carburanti-scarzanella-presidente-confartigianato-imprese-belluno-servono-interventi-strutturali-per-poter-programmare\/"},"wordCount":294,"publisher":{"@id":"https:\/\/www.bellunopress.it\/#organization"},"image":{"@id":"https:\/\/www.bellunopress.it\/2026\/08\/28\/caro-carburanti-scarzanella-presidente-confartigianato-imprese-belluno-servono-interventi-strutturali-per-poter-programmare\/#primaryimage"},"thumbnailUrl":"https:\/\/www.bellunopress.it\/wp-content\/uploads\/2025\/06\/claudia-scarzanella.jpg","articleSection":["Lavoro, Economia, Turismo"],"inLanguage":"fr-FR"},{"@type":"WebPage","@id":"https:\/\/www.bellunopress.it\/2026\/08\/28\/caro-carburanti-scarzanella-presidente-confartigianato-imprese-belluno-servono-interventi-strutturali-per-poter-programmare\/","url":"https:\/\/www.bellunopress.it\/2026\/08\/28\/caro-carburanti-scarzanella-presidente-confartigianato-imprese-belluno-servono-interventi-strutturali-per-poter-programmare\/","name":"Caro carburanti. Scarzanella, presidente Confartigianato Imprese Belluno: \"Servono interventi strutturali per poter programmare\" - Bellunopress - Dolomiti","isPartOf":{"@id":"https:\/\/www.bellunopress.it\/#website"},"primaryImageOfPage":{"@id":"https:\/\/www.bellunopress.it\/2026\/08\/28\/caro-carburanti-scarzanella-presidente-confartigianato-imprese-belluno-servono-interventi-strutturali-per-poter-programmare\/#primaryimage"},"image":{"@id":"https:\/\/www.bellunopress.it\/2026\/08\/28\/caro-carburanti-scarzanella-presidente-confartigianato-imprese-belluno-servono-interventi-strutturali-per-poter-programmare\/#primaryimage"},"thumbnailUrl":"https:\/\/www.bellunopress.it\/wp-content\/uploads\/2025\/06\/claudia-scarzanella.jpg","datePublished":"2026-08-28T08:08:12+00:00","breadcrumb":{"@id":"https:\/\/www.bellunopress.it\/2026\/08\/28\/caro-carburanti-scarzanella-presidente-confartigianato-imprese-belluno-servono-interventi-strutturali-per-poter-programmare\/#breadcrumb"},"inLanguage":"fr-FR","potentialAction":[{"@type":"ReadAction","target":["https:\/\/www.bellunopress.it\/2026\/08\/28\/caro-carburanti-scarzanella-presidente-confartigianato-imprese-belluno-servono-interventi-strutturali-per-poter-programmare\/"]}]},{"@type":"ImageObject","inLanguage":"fr-FR","@id":"https:\/\/www.bellunopress.it\/2026\/08\/28\/caro-carburanti-scarzanella-presidente-confartigianato-imprese-belluno-servono-interventi-strutturali-per-poter-programmare\/#primaryimage","url":"https:\/\/www.bellunopress.it\/wp-content\/uploads\/2025\/06\/claudia-scarzanella.jpg","contentUrl":"https:\/\/www.bellunopress.it\/wp-content\/uploads\/2025\/06\/claudia-scarzanella.jpg","width":558,"height":635,"caption":"Claudia Scarzanella - Presidente di Confartigianato Imprese Belluno"},{"@type":"BreadcrumbList","@id":"https:\/\/www.bellunopress.it\/2026\/08\/28\/caro-carburanti-scarzanella-presidente-confartigianato-imprese-belluno-servono-interventi-strutturali-per-poter-programmare\/#breadcrumb","itemListElement":[{"@type":"ListItem","position":1,"name":"Home","item":"https:\/\/www.bellunopress.it\/"},{"@type":"ListItem","position":2,"name":"Caro carburanti. Scarzanella, presidente Confartigianato Imprese Belluno: &#8220;Servono interventi strutturali per poter programmare&#8221;"}]},{"@type":"WebSite","@id":"https:\/\/www.bellunopress.it\/#website","url":"https:\/\/www.bellunopress.it\/","name":"Bellunopress - Dolomiti","description":"e-mail: redazione@bellunopress.it","publisher":{"@id":"https:\/\/www.bellunopress.it\/#organization"},"potentialAction":[{"@type":"SearchAction","target":{"@type":"EntryPoint","urlTemplate":"https:\/\/www.bellunopress.it\/?s={search_term_string}"},"query-input":{"@type":"PropertyValueSpecification","valueRequired":true,"valueName":"search_term_string"}}],"inLanguage":"fr-FR"},{"@type":"Organization","@id":"https:\/\/www.bellunopress.it\/#organization","name":"Bellunopress","url":"https:\/\/www.bellunopress.it\/","logo":{"@type":"ImageObject","inLanguage":"fr-FR","@id":"https:\/\/www.bellunopress.it\/#\/schema\/logo\/image\/","url":"https:\/\/www.bellunopress.it\/wp-content\/uploads\/2011\/05\/cropped-logo-bellunopress-.jpg","contentUrl":"https:\/\/www.bellunopress.it\/wp-content\/uploads\/2011\/05\/cropped-logo-bellunopress-.jpg","width":512,"height":512,"caption":"Bellunopress"},"image":{"@id":"https:\/\/www.bellunopress.it\/#\/schema\/logo\/image\/"},"sameAs":["https:\/\/www.facebook.com\/profile.php?id=100008943462799","https:\/\/x.com\/bellunopress","https:\/\/www.linkedin.com\/hp\/?dnr=JBzUWaJfMUw8vbXJJ2tVW5-I3jZKvC4wsoxE&amp;amp;amp;amp;amp;amp;trk=nav_responsive_tab_home","https:\/\/www.youtube.com\/channel\/UCxL0wu1uN0_3_7hGG0306cw"]},{"@type":"Person","@id":"https:\/\/www.bellunopress.it\/#\/schema\/person\/79bb06722b37ece1c03d3e94beb30d73","name":"r\u00e9daction","image":{"@type":"ImageObject","inLanguage":"fr-FR","@id":"https:\/\/secure.gravatar.com\/avatar\/37d968a2e67a6fd04c169c4bdef102d0bc5d31b2546345219e348575eb80e9a0?s=96&d=mm&r=g","url":"https:\/\/secure.gravatar.com\/avatar\/37d968a2e67a6fd04c169c4bdef102d0bc5d31b2546345219e348575eb80e9a0?s=96&d=mm&r=g","contentUrl":"https:\/\/secure.gravatar.com\/avatar\/37d968a2e67a6fd04c169c4bdef102d0bc5d31b2546345219e348575eb80e9a0?s=96&d=mm&r=g","caption":"redazione"},"sameAs":["http:\/\/www.bellunopress.it","https:\/\/x.com\/bellunopress"],"url":"https:\/\/www.bellunopress.it\/fr\/author\/redazione\/"}]}},"_links":{"self":[{"href":"https:\/\/www.bellunopress.it\/fr\/wp-json\/wp\/v2\/posts\/172946","targetHints":{"allow":["GET"]}}],"collection":[{"href":"https:\/\/www.bellunopress.it\/fr\/wp-json\/wp\/v2\/posts"}],"about":[{"href":"https:\/\/www.bellunopress.it\/fr\/wp-json\/wp\/v2\/types\/post"}],"author":[{"embeddable":true,"href":"https:\/\/www.bellunopress.it\/fr\/wp-json\/wp\/v2\/users\/2"}],"replies":[{"embeddable":true,"href":"https:\/\/www.bellunopress.it\/fr\/wp-json\/wp\/v2\/comments?post=172946"}],"version-history":[{"count":1,"href":"https:\/\/www.bellunopress.it\/fr\/wp-json\/wp\/v2\/posts\/172946\/revisions"}],"predecessor-version":[{"id":172947,"href":"https:\/\/www.bellunopress.it\/fr\/wp-json\/wp\/v2\/posts\/172946\/revisions\/172947"}],"wp:featuredmedia":[{"embeddable":true,"href":"https:\/\/www.bellunopress.it\/fr\/wp-json\/wp\/v2\/media\/161230"}],"wp:attachment":[{"href":"https:\/\/www.bellunopress.it\/fr\/wp-json\/wp\/v2\/media?parent=172946"}],"wp:term":[{"taxonomy":"category","embeddable":true,"href":"https:\/\/www.bellunopress.it\/fr\/wp-json\/wp\/v2\/categories?post=172946"},{"taxonomy":"post_tag","embeddable":true,"href":"https:\/\/www.bellunopress.it\/fr\/wp-json\/wp\/v2\/tags?post=172946"}],"curies":[{"name":"wp","href":"https:\/\/api.w.org\/{rel}","templated":true}]}}