{"id":172928,"date":"2026-08-27T15:40:20","date_gmt":"2026-08-27T13:40:20","guid":{"rendered":"https:\/\/www.bellunopress.it\/?p=172928"},"modified":"2026-08-27T15:40:20","modified_gmt":"2026-08-27T13:40:20","slug":"impianti-sportivi-di-lentiai-risponde-lassessore-beninca","status":"publish","type":"post","link":"https:\/\/www.bellunopress.it\/fr\/2026\/08\/27\/impianti-sportivi-di-lentiai-risponde-lassessore-beninca\/","title":{"rendered":"Impianti sportivi di Lentiai. Risponde l&#8217;assessore Beninc\u00e0"},"content":{"rendered":"<p>Borgo Valbelluna, 27\/08\/2026 &#8211; In merito all\u2019articolo apparso sulla stampa relativo alla gestione degli impianti sportivi di Lentiai, riteniamo opportuno fornire alcune precisazioni, soprattutto per ricondurre la discussione a dati e fatti concreti.<\/p>\n<p>Per quanto riguarda il problema segnalato all\u2019impianto di irrigazione del nuovo campo sintetico, l\u2019Amministrazione si \u00e8 attivata immediatamente interessando la ditta incaricata della manutenzione. \u00c8 opportuno ricordare, peraltro, che la manutenzione ordinaria dell\u2019impianto \u00e8 contrattualmente a carico del concessionario e non dell\u2019Amministrazione comunale. Nonostante ci\u00f2, il Comune si \u00e8 comunque fatto parte attiva per cercare di risolvere il problema nel pi\u00f9 breve tempo possibile. L\u2019intervento non \u00e8 ancora stato eseguito anche a causa della concomitanza con il periodo di ferie del mese di agosto, circostanza sulla quale evidentemente l\u2019Amministrazione non ha alcuna possibilit\u00e0 di incidere.<\/p>\n<p>Analogo discorso vale per le altre richieste avanzate dalla societ\u00e0. Lo spostamento dei cassonetti dei rifiuti, ad esempio, \u00e8 stato eseguito nel giro di circa due settimane a seguito di una semplice richiesta verbale. Per la sistemazione della recinzione delle tribune, invece, il materiale necessario \u00e8 gi\u00e0 stato ordinato presso una rivendita locale ed \u00e8 in corso la procedura per la relativa fornitura.<\/p>\n<p>Su questo punto \u00e8 forse utile ricordare un aspetto che spesso viene sottovalutato: un ente pubblico non pu\u00f2 operare come un privato, acquistando all\u2019istante ci\u00f2 che ritiene necessario. Anche per interventi apparentemente semplici esistono procedure amministrative, impegni di spesa, affidamenti e adempimenti previsti dalla normativa. Sono passaggi obbligatori che inevitabilmente incidono sulle tempistiche e che non possono essere aggirati in nome della rapidit\u00e0.<br \/>\nLo stesso vale, a maggior ragione, per il nuovo impianto di illuminazione del campo sintetico di Lentiai. Non si tratta della semplice sostituzione di alcuni fari, ma di un intervento del valore di circa 300.000 euro, soggetto alle procedure previste per l\u2019affidamento di lavori pubblici e non gestibile quindi attraverso un semplice acquisto diretto.<br \/>\nVa inoltre precisato un elemento temporale importante: contrariamente a quanto pu\u00f2 emergere dalla lettura dell\u2019articolo, il contributo del Fondo Comuni Confinanti relativo all\u2019intervento \u00e8 stato approvato solamente in data 8 giugno 2026. Da quel momento \u00e8 stato quindi possibile procedere con i successivi adempimenti amministrativi.<\/p>\n<p>In questi mesi l\u2019Ufficio Lavori Pubblici \u00e8 stato inoltre fortemente impegnato nella conclusione e rendicontazione delle numerose opere finanziate attraverso il PNRR, tutte caratterizzate da scadenze rigide e adempimenti particolarmente complessi. Non si tratta di una giustificazione, ma di un dato oggettivo che va considerato quando si giudicano i tempi dell\u2019attivit\u00e0 amministrativa.<br \/>\nCi preme per\u00f2 chiarire soprattutto un altro passaggio dell\u2019articolo: affermare che negli ultimi anni sia mancata una programmazione sull\u2019impiantistica sportiva di Borgo Valbelluna non trova riscontro nella realt\u00e0.<\/p>\n<p>Gli investimenti realizzati e programmati ammontano complessivamente a diversi milioni di euro. Tra gli interventi principali possiamo ricordare la completa riqualificazione della pista di atletica di Mel, la nuova ed innovativa pump-truck a Trichiana con il completo rinnovamento del parco lotto per interventi da mezzo milione di euro, il nuovo campo sintetico di Lentiai e il rifacimento dell\u2019impianto di illuminazione del campo sportivo di Trichiana, quest\u2019ultimo con lavori per circa 85.000 euro. A questi si aggiungono numerosi interventi di manutenzione e miglioramento sugli altri impianti comunali, oltre ai contributi che ogni anno vengono destinati alle associazioni sportive e ai soggetti che gestiscono le strutture.<br \/>\nProgrammare, inoltre, non significa soltanto realizzare le opere per le quali si ottiene immediatamente un finanziamento. In questi anni il Comune ha predisposto diversi progetti per partecipare a bandi regionali e nazionali che, pur non essendo risultati finanziati, rappresentano oggi un patrimonio progettuale gi\u00e0 disponibile e candidabile a nuove opportunit\u00e0.<br \/>\n\u00c8 il caso, ad esempio, del progetto per la realizzazione dei nuovi spogliatoi dello stadio di Mel, con palestra, uffici e cabina di regia, cos\u00ec come del progetto di riqualificazione degli spogliatoi del campo sportivo di Trichiana, accompagnato dalla previsione di un nuovo campo sintetico destinato agli allenamenti.<\/p>\n<p>Sono progetti che richiedono lavoro tecnico, risorse e programmazione e che vengono predisposti proprio con l\u2019obiettivo di essere pronti nel momento in cui si aprono nuove possibilit\u00e0 di finanziamento.<br \/>\nPer questo riteniamo che parlare di una presunta mancanza di \u201cvisione\u201d o di programmazione sullo sport sia una lettura del tutto fuorviante e che non rispecchia quanto concretamente realizzato in questi anni.<br \/>\nQuesto non significa sostenere che negli impianti comunali non vi siano problemi o interventi ancora da completare. Significa semplicemente distinguere tra le legittime richieste delle societ\u00e0 sportive e la rappresentazione di un\u2019Amministrazione immobile o disinteressata.<\/p>\n<p>Le associazioni sportive rappresentano una risorsa fondamentale per il nostro territorio e il confronto con loro rimane indispensabile. Allo stesso tempo, per\u00f2, crediamo che il giudizio sull\u2019attivit\u00e0 dell\u2019Amministrazione debba tenere conto non soltanto di ci\u00f2 che resta da fare, ma anche di quanto \u00e8 stato fatto, finanziato e programmato.<br \/>\nE sotto questo punto di vista i numeri e gli interventi realizzati negli ultimi anni parlano in maniera piuttosto chiara.<\/p>\n<p>Hermann Beninc\u00e0<br \/>\nAssessore alllo Sport e alla Gestione del patrimonio comunale del Comune di Borgo Valbelluna (BL)<\/p>","protected":false},"excerpt":{"rendered":"<p>Borgo Valbelluna, 27\/08\/2026 &#8211; In merito all\u2019articolo apparso sulla stampa relativo alla gestione degli impianti sportivi di Lentiai, riteniamo opportuno fornire alcune precisazioni, soprattutto per ricondurre la discussione a dati e fatti concreti. Per quanto riguarda il problema segnalato all\u2019impianto di irrigazione del nuovo campo sintetico, l\u2019Amministrazione si \u00e8 attivata immediatamente interessando la ditta incaricata [&hellip;]<\/p>\n","protected":false},"author":2,"featured_media":151710,"comment_status":"closed","ping_status":"open","sticky":false,"template":"","format":"standard","meta":{"footnotes":""},"categories":[26,8,4],"tags":[],"class_list":["post-172928","post","type-post","status-publish","format-standard","has-post-thumbnail","category-prima-pagina","category-societa-istituzioni","category-sport"],"yoast_head":"<!-- This site is optimized with the Yoast SEO plugin v28.4 - https:\/\/yoast.com\/product\/yoast-seo-wordpress\/ -->\n<title>Impianti sportivi di Lentiai. Risponde l&#039;assessore Beninc\u00e0 - Bellunopress - Dolomiti<\/title>\n<meta name=\"robots\" content=\"index, follow, max-snippet:-1, max-image-preview:large, max-video-preview:-1\" \/>\n<link rel=\"canonical\" href=\"https:\/\/www.bellunopress.it\/fr\/2026\/08\/27\/impianti-sportivi-di-lentiai-risponde-lassessore-beninca\/\" \/>\n<meta property=\"og:locale\" content=\"fr_FR\" \/>\n<meta property=\"og:type\" content=\"article\" \/>\n<meta property=\"og:title\" content=\"Impianti sportivi di Lentiai. Risponde l&#039;assessore Beninc\u00e0 - Bellunopress - Dolomiti\" \/>\n<meta property=\"og:description\" content=\"Borgo Valbelluna, 27\/08\/2026 &#8211; In merito all\u2019articolo apparso sulla stampa relativo alla gestione degli impianti sportivi di Lentiai, riteniamo opportuno fornire alcune precisazioni, soprattutto per ricondurre la discussione a dati e fatti concreti. Per quanto riguarda il problema segnalato all\u2019impianto di irrigazione del nuovo campo sintetico, l\u2019Amministrazione si \u00e8 attivata immediatamente interessando la ditta incaricata [&hellip;]\" \/>\n<meta property=\"og:url\" content=\"https:\/\/www.bellunopress.it\/fr\/2026\/08\/27\/impianti-sportivi-di-lentiai-risponde-lassessore-beninca\/\" \/>\n<meta property=\"og:site_name\" content=\"Bellunopress - Dolomiti\" \/>\n<meta property=\"article:publisher\" content=\"https:\/\/www.facebook.com\/profile.php?id=100008943462799\" \/>\n<meta property=\"article:published_time\" content=\"2026-08-27T13:40:20+00:00\" \/>\n<meta property=\"og:image\" content=\"https:\/\/www.bellunopress.it\/wp-content\/uploads\/2024\/06\/Hermann_Beninca-assessore.jpg\" \/>\n\t<meta property=\"og:image:width\" content=\"925\" \/>\n\t<meta property=\"og:image:height\" content=\"1000\" \/>\n\t<meta property=\"og:image:type\" content=\"image\/jpeg\" \/>\n<meta name=\"author\" content=\"redazione\" \/>\n<meta name=\"twitter:card\" content=\"summary_large_image\" \/>\n<meta name=\"twitter:creator\" content=\"@bellunopress\" \/>\n<meta name=\"twitter:site\" content=\"@bellunopress\" \/>\n<meta name=\"twitter:label1\" content=\"Written by\" \/>\n\t<meta name=\"twitter:data1\" content=\"redazione\" \/>\n\t<meta name=\"twitter:label2\" content=\"Est. reading time\" \/>\n\t<meta name=\"twitter:data2\" content=\"5 minutes\" \/>\n<script type=\"application\/ld+json\" class=\"yoast-schema-graph\">{\"@context\":\"https:\\\/\\\/schema.org\",\"@graph\":[{\"@type\":\"Article\",\"@id\":\"https:\\\/\\\/www.bellunopress.it\\\/2026\\\/08\\\/27\\\/impianti-sportivi-di-lentiai-risponde-lassessore-beninca\\\/#article\",\"isPartOf\":{\"@id\":\"https:\\\/\\\/www.bellunopress.it\\\/2026\\\/08\\\/27\\\/impianti-sportivi-di-lentiai-risponde-lassessore-beninca\\\/\"},\"author\":{\"name\":\"redazione\",\"@id\":\"https:\\\/\\\/www.bellunopress.it\\\/#\\\/schema\\\/person\\\/79bb06722b37ece1c03d3e94beb30d73\"},\"headline\":\"Impianti sportivi di Lentiai. Risponde l&#8217;assessore Beninc\u00e0\",\"datePublished\":\"2026-08-27T13:40:20+00:00\",\"mainEntityOfPage\":{\"@id\":\"https:\\\/\\\/www.bellunopress.it\\\/2026\\\/08\\\/27\\\/impianti-sportivi-di-lentiai-risponde-lassessore-beninca\\\/\"},\"wordCount\":827,\"publisher\":{\"@id\":\"https:\\\/\\\/www.bellunopress.it\\\/#organization\"},\"image\":{\"@id\":\"https:\\\/\\\/www.bellunopress.it\\\/2026\\\/08\\\/27\\\/impianti-sportivi-di-lentiai-risponde-lassessore-beninca\\\/#primaryimage\"},\"thumbnailUrl\":\"https:\\\/\\\/www.bellunopress.it\\\/wp-content\\\/uploads\\\/2024\\\/06\\\/Hermann_Beninca-assessore.jpg\",\"articleSection\":[\"Prima Pagina\",\"Societ\u00e0, Associazioni, Istituzioni\",\"Sport, tempo libero\"],\"inLanguage\":\"fr-FR\"},{\"@type\":\"WebPage\",\"@id\":\"https:\\\/\\\/www.bellunopress.it\\\/2026\\\/08\\\/27\\\/impianti-sportivi-di-lentiai-risponde-lassessore-beninca\\\/\",\"url\":\"https:\\\/\\\/www.bellunopress.it\\\/2026\\\/08\\\/27\\\/impianti-sportivi-di-lentiai-risponde-lassessore-beninca\\\/\",\"name\":\"Impianti sportivi di Lentiai. Risponde l'assessore Beninc\u00e0 - Bellunopress - Dolomiti\",\"isPartOf\":{\"@id\":\"https:\\\/\\\/www.bellunopress.it\\\/#website\"},\"primaryImageOfPage\":{\"@id\":\"https:\\\/\\\/www.bellunopress.it\\\/2026\\\/08\\\/27\\\/impianti-sportivi-di-lentiai-risponde-lassessore-beninca\\\/#primaryimage\"},\"image\":{\"@id\":\"https:\\\/\\\/www.bellunopress.it\\\/2026\\\/08\\\/27\\\/impianti-sportivi-di-lentiai-risponde-lassessore-beninca\\\/#primaryimage\"},\"thumbnailUrl\":\"https:\\\/\\\/www.bellunopress.it\\\/wp-content\\\/uploads\\\/2024\\\/06\\\/Hermann_Beninca-assessore.jpg\",\"datePublished\":\"2026-08-27T13:40:20+00:00\",\"breadcrumb\":{\"@id\":\"https:\\\/\\\/www.bellunopress.it\\\/2026\\\/08\\\/27\\\/impianti-sportivi-di-lentiai-risponde-lassessore-beninca\\\/#breadcrumb\"},\"inLanguage\":\"fr-FR\",\"potentialAction\":[{\"@type\":\"ReadAction\",\"target\":[\"https:\\\/\\\/www.bellunopress.it\\\/2026\\\/08\\\/27\\\/impianti-sportivi-di-lentiai-risponde-lassessore-beninca\\\/\"]}]},{\"@type\":\"ImageObject\",\"inLanguage\":\"fr-FR\",\"@id\":\"https:\\\/\\\/www.bellunopress.it\\\/2026\\\/08\\\/27\\\/impianti-sportivi-di-lentiai-risponde-lassessore-beninca\\\/#primaryimage\",\"url\":\"https:\\\/\\\/www.bellunopress.it\\\/wp-content\\\/uploads\\\/2024\\\/06\\\/Hermann_Beninca-assessore.jpg\",\"contentUrl\":\"https:\\\/\\\/www.bellunopress.it\\\/wp-content\\\/uploads\\\/2024\\\/06\\\/Hermann_Beninca-assessore.jpg\",\"width\":925,\"height\":1000,\"caption\":\"Hermann Beninc\u00e0, assessore allo sport del Comune di Borgo Valbelluna\"},{\"@type\":\"BreadcrumbList\",\"@id\":\"https:\\\/\\\/www.bellunopress.it\\\/2026\\\/08\\\/27\\\/impianti-sportivi-di-lentiai-risponde-lassessore-beninca\\\/#breadcrumb\",\"itemListElement\":[{\"@type\":\"ListItem\",\"position\":1,\"name\":\"Home\",\"item\":\"https:\\\/\\\/www.bellunopress.it\\\/\"},{\"@type\":\"ListItem\",\"position\":2,\"name\":\"Impianti sportivi di Lentiai. Risponde l&#8217;assessore Beninc\u00e0\"}]},{\"@type\":\"WebSite\",\"@id\":\"https:\\\/\\\/www.bellunopress.it\\\/#website\",\"url\":\"https:\\\/\\\/www.bellunopress.it\\\/\",\"name\":\"Bellunopress - Dolomiti\",\"description\":\"e-mail: redazione@bellunopress.it\",\"publisher\":{\"@id\":\"https:\\\/\\\/www.bellunopress.it\\\/#organization\"},\"potentialAction\":[{\"@type\":\"SearchAction\",\"target\":{\"@type\":\"EntryPoint\",\"urlTemplate\":\"https:\\\/\\\/www.bellunopress.it\\\/?s={search_term_string}\"},\"query-input\":{\"@type\":\"PropertyValueSpecification\",\"valueRequired\":true,\"valueName\":\"search_term_string\"}}],\"inLanguage\":\"fr-FR\"},{\"@type\":\"Organization\",\"@id\":\"https:\\\/\\\/www.bellunopress.it\\\/#organization\",\"name\":\"Bellunopress\",\"url\":\"https:\\\/\\\/www.bellunopress.it\\\/\",\"logo\":{\"@type\":\"ImageObject\",\"inLanguage\":\"fr-FR\",\"@id\":\"https:\\\/\\\/www.bellunopress.it\\\/#\\\/schema\\\/logo\\\/image\\\/\",\"url\":\"https:\\\/\\\/www.bellunopress.it\\\/wp-content\\\/uploads\\\/2011\\\/05\\\/cropped-logo-bellunopress-.jpg\",\"contentUrl\":\"https:\\\/\\\/www.bellunopress.it\\\/wp-content\\\/uploads\\\/2011\\\/05\\\/cropped-logo-bellunopress-.jpg\",\"width\":512,\"height\":512,\"caption\":\"Bellunopress\"},\"image\":{\"@id\":\"https:\\\/\\\/www.bellunopress.it\\\/#\\\/schema\\\/logo\\\/image\\\/\"},\"sameAs\":[\"https:\\\/\\\/www.facebook.com\\\/profile.php?id=100008943462799\",\"https:\\\/\\\/x.com\\\/bellunopress\",\"https:\\\/\\\/www.linkedin.com\\\/hp\\\/?dnr=JBzUWaJfMUw8vbXJJ2tVW5-I3jZKvC4wsoxE&amp;amp;amp;amp;amp;amp;trk=nav_responsive_tab_home\",\"https:\\\/\\\/www.youtube.com\\\/channel\\\/UCxL0wu1uN0_3_7hGG0306cw\"]},{\"@type\":\"Person\",\"@id\":\"https:\\\/\\\/www.bellunopress.it\\\/#\\\/schema\\\/person\\\/79bb06722b37ece1c03d3e94beb30d73\",\"name\":\"redazione\",\"image\":{\"@type\":\"ImageObject\",\"inLanguage\":\"fr-FR\",\"@id\":\"https:\\\/\\\/secure.gravatar.com\\\/avatar\\\/37d968a2e67a6fd04c169c4bdef102d0bc5d31b2546345219e348575eb80e9a0?s=96&d=mm&r=g\",\"url\":\"https:\\\/\\\/secure.gravatar.com\\\/avatar\\\/37d968a2e67a6fd04c169c4bdef102d0bc5d31b2546345219e348575eb80e9a0?s=96&d=mm&r=g\",\"contentUrl\":\"https:\\\/\\\/secure.gravatar.com\\\/avatar\\\/37d968a2e67a6fd04c169c4bdef102d0bc5d31b2546345219e348575eb80e9a0?s=96&d=mm&r=g\",\"caption\":\"redazione\"},\"sameAs\":[\"http:\\\/\\\/www.bellunopress.it\",\"https:\\\/\\\/x.com\\\/bellunopress\"],\"url\":\"https:\\\/\\\/www.bellunopress.it\\\/fr\\\/author\\\/redazione\\\/\"}]}<\/script>\n<!-- \/ Yoast SEO plugin. -->","yoast_head_json":{"title":"Impianti sportivi di Lentiai. Risponde l'assessore Beninc\u00e0 - Bellunopress - Dolomiti","robots":{"index":"index","follow":"follow","max-snippet":"max-snippet:-1","max-image-preview":"max-image-preview:large","max-video-preview":"max-video-preview:-1"},"canonical":"https:\/\/www.bellunopress.it\/fr\/2026\/08\/27\/impianti-sportivi-di-lentiai-risponde-lassessore-beninca\/","og_locale":"fr_FR","og_type":"article","og_title":"Impianti sportivi di Lentiai. Risponde l'assessore Beninc\u00e0 - Bellunopress - Dolomiti","og_description":"Borgo Valbelluna, 27\/08\/2026 &#8211; In merito all\u2019articolo apparso sulla stampa relativo alla gestione degli impianti sportivi di Lentiai, riteniamo opportuno fornire alcune precisazioni, soprattutto per ricondurre la discussione a dati e fatti concreti. Per quanto riguarda il problema segnalato all\u2019impianto di irrigazione del nuovo campo sintetico, l\u2019Amministrazione si \u00e8 attivata immediatamente interessando la ditta incaricata [&hellip;]","og_url":"https:\/\/www.bellunopress.it\/fr\/2026\/08\/27\/impianti-sportivi-di-lentiai-risponde-lassessore-beninca\/","og_site_name":"Bellunopress - Dolomiti","article_publisher":"https:\/\/www.facebook.com\/profile.php?id=100008943462799","article_published_time":"2026-08-27T13:40:20+00:00","og_image":[{"width":925,"height":1000,"url":"https:\/\/www.bellunopress.it\/wp-content\/uploads\/2024\/06\/Hermann_Beninca-assessore.jpg","type":"image\/jpeg"}],"author":"redazione","twitter_card":"summary_large_image","twitter_creator":"@bellunopress","twitter_site":"@bellunopress","twitter_misc":{"Written by":"redazione","Est. reading time":"5 minutes"},"schema":{"@context":"https:\/\/schema.org","@graph":[{"@type":"Article","@id":"https:\/\/www.bellunopress.it\/2026\/08\/27\/impianti-sportivi-di-lentiai-risponde-lassessore-beninca\/#article","isPartOf":{"@id":"https:\/\/www.bellunopress.it\/2026\/08\/27\/impianti-sportivi-di-lentiai-risponde-lassessore-beninca\/"},"author":{"name":"redazione","@id":"https:\/\/www.bellunopress.it\/#\/schema\/person\/79bb06722b37ece1c03d3e94beb30d73"},"headline":"Impianti sportivi di Lentiai. Risponde l&#8217;assessore Beninc\u00e0","datePublished":"2026-08-27T13:40:20+00:00","mainEntityOfPage":{"@id":"https:\/\/www.bellunopress.it\/2026\/08\/27\/impianti-sportivi-di-lentiai-risponde-lassessore-beninca\/"},"wordCount":827,"publisher":{"@id":"https:\/\/www.bellunopress.it\/#organization"},"image":{"@id":"https:\/\/www.bellunopress.it\/2026\/08\/27\/impianti-sportivi-di-lentiai-risponde-lassessore-beninca\/#primaryimage"},"thumbnailUrl":"https:\/\/www.bellunopress.it\/wp-content\/uploads\/2024\/06\/Hermann_Beninca-assessore.jpg","articleSection":["Prima Pagina","Societ\u00e0, Associazioni, Istituzioni","Sport, tempo libero"],"inLanguage":"fr-FR"},{"@type":"WebPage","@id":"https:\/\/www.bellunopress.it\/2026\/08\/27\/impianti-sportivi-di-lentiai-risponde-lassessore-beninca\/","url":"https:\/\/www.bellunopress.it\/2026\/08\/27\/impianti-sportivi-di-lentiai-risponde-lassessore-beninca\/","name":"Impianti sportivi di Lentiai. Risponde l'assessore Beninc\u00e0 - Bellunopress - Dolomiti","isPartOf":{"@id":"https:\/\/www.bellunopress.it\/#website"},"primaryImageOfPage":{"@id":"https:\/\/www.bellunopress.it\/2026\/08\/27\/impianti-sportivi-di-lentiai-risponde-lassessore-beninca\/#primaryimage"},"image":{"@id":"https:\/\/www.bellunopress.it\/2026\/08\/27\/impianti-sportivi-di-lentiai-risponde-lassessore-beninca\/#primaryimage"},"thumbnailUrl":"https:\/\/www.bellunopress.it\/wp-content\/uploads\/2024\/06\/Hermann_Beninca-assessore.jpg","datePublished":"2026-08-27T13:40:20+00:00","breadcrumb":{"@id":"https:\/\/www.bellunopress.it\/2026\/08\/27\/impianti-sportivi-di-lentiai-risponde-lassessore-beninca\/#breadcrumb"},"inLanguage":"fr-FR","potentialAction":[{"@type":"ReadAction","target":["https:\/\/www.bellunopress.it\/2026\/08\/27\/impianti-sportivi-di-lentiai-risponde-lassessore-beninca\/"]}]},{"@type":"ImageObject","inLanguage":"fr-FR","@id":"https:\/\/www.bellunopress.it\/2026\/08\/27\/impianti-sportivi-di-lentiai-risponde-lassessore-beninca\/#primaryimage","url":"https:\/\/www.bellunopress.it\/wp-content\/uploads\/2024\/06\/Hermann_Beninca-assessore.jpg","contentUrl":"https:\/\/www.bellunopress.it\/wp-content\/uploads\/2024\/06\/Hermann_Beninca-assessore.jpg","width":925,"height":1000,"caption":"Hermann Beninc\u00e0, assessore allo sport del Comune di Borgo Valbelluna"},{"@type":"BreadcrumbList","@id":"https:\/\/www.bellunopress.it\/2026\/08\/27\/impianti-sportivi-di-lentiai-risponde-lassessore-beninca\/#breadcrumb","itemListElement":[{"@type":"ListItem","position":1,"name":"Home","item":"https:\/\/www.bellunopress.it\/"},{"@type":"ListItem","position":2,"name":"Impianti sportivi di Lentiai. Risponde l&#8217;assessore Beninc\u00e0"}]},{"@type":"WebSite","@id":"https:\/\/www.bellunopress.it\/#website","url":"https:\/\/www.bellunopress.it\/","name":"Bellunopress - Dolomiti","description":"e-mail: redazione@bellunopress.it","publisher":{"@id":"https:\/\/www.bellunopress.it\/#organization"},"potentialAction":[{"@type":"SearchAction","target":{"@type":"EntryPoint","urlTemplate":"https:\/\/www.bellunopress.it\/?s={search_term_string}"},"query-input":{"@type":"PropertyValueSpecification","valueRequired":true,"valueName":"search_term_string"}}],"inLanguage":"fr-FR"},{"@type":"Organization","@id":"https:\/\/www.bellunopress.it\/#organization","name":"Bellunopress","url":"https:\/\/www.bellunopress.it\/","logo":{"@type":"ImageObject","inLanguage":"fr-FR","@id":"https:\/\/www.bellunopress.it\/#\/schema\/logo\/image\/","url":"https:\/\/www.bellunopress.it\/wp-content\/uploads\/2011\/05\/cropped-logo-bellunopress-.jpg","contentUrl":"https:\/\/www.bellunopress.it\/wp-content\/uploads\/2011\/05\/cropped-logo-bellunopress-.jpg","width":512,"height":512,"caption":"Bellunopress"},"image":{"@id":"https:\/\/www.bellunopress.it\/#\/schema\/logo\/image\/"},"sameAs":["https:\/\/www.facebook.com\/profile.php?id=100008943462799","https:\/\/x.com\/bellunopress","https:\/\/www.linkedin.com\/hp\/?dnr=JBzUWaJfMUw8vbXJJ2tVW5-I3jZKvC4wsoxE&amp;amp;amp;amp;amp;amp;trk=nav_responsive_tab_home","https:\/\/www.youtube.com\/channel\/UCxL0wu1uN0_3_7hGG0306cw"]},{"@type":"Person","@id":"https:\/\/www.bellunopress.it\/#\/schema\/person\/79bb06722b37ece1c03d3e94beb30d73","name":"r\u00e9daction","image":{"@type":"ImageObject","inLanguage":"fr-FR","@id":"https:\/\/secure.gravatar.com\/avatar\/37d968a2e67a6fd04c169c4bdef102d0bc5d31b2546345219e348575eb80e9a0?s=96&d=mm&r=g","url":"https:\/\/secure.gravatar.com\/avatar\/37d968a2e67a6fd04c169c4bdef102d0bc5d31b2546345219e348575eb80e9a0?s=96&d=mm&r=g","contentUrl":"https:\/\/secure.gravatar.com\/avatar\/37d968a2e67a6fd04c169c4bdef102d0bc5d31b2546345219e348575eb80e9a0?s=96&d=mm&r=g","caption":"redazione"},"sameAs":["http:\/\/www.bellunopress.it","https:\/\/x.com\/bellunopress"],"url":"https:\/\/www.bellunopress.it\/fr\/author\/redazione\/"}]}},"_links":{"self":[{"href":"https:\/\/www.bellunopress.it\/fr\/wp-json\/wp\/v2\/posts\/172928","targetHints":{"allow":["GET"]}}],"collection":[{"href":"https:\/\/www.bellunopress.it\/fr\/wp-json\/wp\/v2\/posts"}],"about":[{"href":"https:\/\/www.bellunopress.it\/fr\/wp-json\/wp\/v2\/types\/post"}],"author":[{"embeddable":true,"href":"https:\/\/www.bellunopress.it\/fr\/wp-json\/wp\/v2\/users\/2"}],"replies":[{"embeddable":true,"href":"https:\/\/www.bellunopress.it\/fr\/wp-json\/wp\/v2\/comments?post=172928"}],"version-history":[{"count":1,"href":"https:\/\/www.bellunopress.it\/fr\/wp-json\/wp\/v2\/posts\/172928\/revisions"}],"predecessor-version":[{"id":172929,"href":"https:\/\/www.bellunopress.it\/fr\/wp-json\/wp\/v2\/posts\/172928\/revisions\/172929"}],"wp:featuredmedia":[{"embeddable":true,"href":"https:\/\/www.bellunopress.it\/fr\/wp-json\/wp\/v2\/media\/151710"}],"wp:attachment":[{"href":"https:\/\/www.bellunopress.it\/fr\/wp-json\/wp\/v2\/media?parent=172928"}],"wp:term":[{"taxonomy":"category","embeddable":true,"href":"https:\/\/www.bellunopress.it\/fr\/wp-json\/wp\/v2\/categories?post=172928"},{"taxonomy":"post_tag","embeddable":true,"href":"https:\/\/www.bellunopress.it\/fr\/wp-json\/wp\/v2\/tags?post=172928"}],"curies":[{"name":"wp","href":"https:\/\/api.w.org\/{rel}","templated":true}]}}