{"id":172923,"date":"2026-08-27T15:06:46","date_gmt":"2026-08-27T13:06:46","guid":{"rendered":"https:\/\/www.bellunopress.it\/?p=172923"},"modified":"2026-08-27T15:06:46","modified_gmt":"2026-08-27T13:06:46","slug":"quando-anche-in-sanita-il-cap-fa-la-differenza","status":"publish","type":"post","link":"https:\/\/www.bellunopress.it\/fr\/2026\/08\/27\/quando-anche-in-sanita-il-cap-fa-la-differenza\/","title":{"rendered":"Quando anche in sanit\u00e0 il CAP fa la differenza"},"content":{"rendered":"<p><strong>Crisi della medicina territoriale, incognite sulle AFT e rischio ridimensionamento pubblico nella provincia di Belluno<\/strong><\/p>\n<p>La preoccupazione per la cronica mancanza di Medici di Medicina Generale e pediatri attraversa l&#8217;intera provincia di Belluno, da nord a sud. Un&#8217;emergenza che non risparmia alcun territorio montano e che solleva interrogativi urgenti sul futuro del servizio sanitario pubblico e sull&#8217;effettiva equit\u00e0 del diritto alla cura.<\/p>\n<p>Lo Sportello Diritto alle Cure: il polso del disagio quotidiano<br \/>\nPresso lo Sportello Diritto alle Cure \u2014 aperto a Feltre in Via Monte Cima 1 ogni marted\u00ec dalle 9:00 alle 11:00 \u2014 i volontari del Comitato Feltrino per il Diritto alla Salute \u2013 Gi\u00f9 le mani dalla Sanit\u00e0 Bellunese raccolgono le lamentele quotidiane dei cittadini. Al centro delle proteste vi sono i tempi d&#8217;attesa e, soprattutto, l&#8217;assenza di un punto di riferimento stabile per la propria salute fisica e mentale.<br \/>\nQuando il medico di famiglia viene a mancare e si ricorre a sostituti, guardie mediche o soluzioni precarie, a subire i disagi maggiori sono i pazienti anziani e le persone affette da patologie complesse. Per queste categorie, il rapporto fiduciario con il proprio medico rappresenta un pilastro insostituibile nella gestione complessiva della cura.<\/p>\n<p>Verso il 2027: quali prospettive per la medicina territoriale?<br \/>\nAlla base della crisi odierna vi sono molteplici fattori: l&#8217;aumento di pensionamenti e dimissioni, la scarsa attrattivit\u00e0 della specializzazione e del nuovo Ruolo Unico, e l&#8217;obbligo di prestare servizio nelle Case di Comunit\u00e0 senza considerare le ore dedicate nelle RSA private. A ci\u00f2 si aggiunge la scadenza, prevista per la fine del 2026, del sostegno economico regionale per le forme di aggregazione esistenti, come la Medicina di Gruppo Integrata.<\/p>\n<p>Da gennaio 2027 il modello dovrebbe evolvere verso le AFT (Aggregazioni Funzionali Territoriali). Tuttavia, l&#8217;interrogazione depositata dal Consigliere regionale Carlo Cunegato (AVS) in Quinta Commissione Salute, pur stimolando il dibattito con l&#8217;Assessore alla Sanit\u00e0 Gino Gerosa e il Direttore Generale Socio Sanitario Giancarlo Rusciti, ha evidenziato quanto i dati ufficiali siano ancora nebulosi.<br \/>\n&#8220;Documenti alla mano, non \u00e8 facile districarsi nelle informazioni fornite, che non chiariscono opportunamente cosa accadr\u00e0 da gennaio del prossimo anno. Le quattro realt\u00e0 di Gruppo di Medicina Integrata di Feltre, Belluno, Longarone e Santo Stefano di Cadore saranno costrette a chiudere? Che fine far\u00e0 il personale amministrativo e infermieristico?&#8221;<\/p>\n<p>La ripartizione delle AFT e i timori per le aree montane<br \/>\nLa normativa prevede l&#8217;istituzione di una AFT ogni 30.000 abitanti, suddivise in sei macroaree provinciali:<br \/>\nNonostante la suddivisione, permangono forti timori riguardo alla reale adeguatezza di queste macroaree rispetto alle peculiarit\u00e0 e alle difficolt\u00e0 orografiche del territorio montano.<\/p>\n<p>Il rischio percepito dai cittadini \u00e8 che la riorganizzazione nasconda un progressivo ridimensionamento della sanit\u00e0 pubblica, a tutto vantaggio del fiorire del business della sanit\u00e0 privata.<\/p>\n<p>Servizi concreti e vicinanza ai cittadini<br \/>\nIl Comitato Feltrino e i cittadini bellunesi ribadiscono la necessit\u00e0 di risposte concrete, tempi certi e strutture di prossimit\u00e0. Per un anziano fragile, per chi vive in aree periferiche o montane, e per chi si trova in difficolt\u00e0 economiche, gli spostamenti rappresentano un ostacolo insormontabile.<br \/>\nL &#8216;obiettivo irrinunciabile rimane uno solo: evitare che il diritto alla cura dipenda dal CAP in cui si vive.<\/p>\n<p><strong>Aggregazioni Funzionali Territoriali &#8211; Territorio di riferimento &#8211; numero utenti<\/strong><\/p>\n<p>AFT 1 Da Cortina a tutti i comuni del Cadore fino a Calalzo 31.990<br \/>\nAFT 2 Da Livinallongo del Col di Lana all&#8217;Agordino fino a Gosaldo18.074<br \/>\nAFT 3 Ospitale di Cadore, Zoldano, Ponte nelle Alpi e Alpago 25.789<br \/>\nAFT 4 Belluno e Limana 41.139<br \/>\nAFT 5 Sedico, Sospirolo, Cesiomaggiore, Santa Giustina, San Gregorio nelle<br \/>\nAlpi e Borgo Valbelluna 38.986<br \/>\nAFT 6 Feltrino, da Lamon a Setteville 42.238<\/p>\n<p>Comitato Feltrino per il Diritto alla Salute \u2013 Gi\u00f9 le mani dalla Sanit\u00e0 Bellunese<br \/>\nSportello Diritto alle Cure: Feltre, Via Monte Cima 1 (aperto ogni marted\u00ec dalle 9:00 alle 11:00) \u2014 Telefono: 388-6390112<\/p>\n<p>&nbsp;<\/p>\n<p>&nbsp;<\/p>\n<p>&nbsp;<\/p>\n<p>&nbsp;<\/p>","protected":false},"excerpt":{"rendered":"<p>Crisi della medicina territoriale, incognite sulle AFT e rischio ridimensionamento pubblico nella provincia di Belluno La preoccupazione per la cronica mancanza di Medici di Medicina Generale e pediatri attraversa l&#8217;intera provincia di Belluno, da nord a sud. Un&#8217;emergenza che non risparmia alcun territorio montano e che solleva interrogativi urgenti sul futuro del servizio sanitario pubblico [&hellip;]<\/p>\n","protected":false},"author":2,"featured_media":172410,"comment_status":"closed","ping_status":"open","sticky":false,"template":"","format":"standard","meta":{"footnotes":""},"categories":[26,17],"tags":[],"class_list":["post-172923","post","type-post","status-publish","format-standard","has-post-thumbnail","category-prima-pagina","category-sanita"],"yoast_head":"<!-- This site is optimized with the Yoast SEO plugin v28.4 - https:\/\/yoast.com\/product\/yoast-seo-wordpress\/ -->\n<title>Quando anche in sanit\u00e0 il CAP fa la differenza - Bellunopress - Dolomiti<\/title>\n<meta name=\"robots\" content=\"index, follow, max-snippet:-1, max-image-preview:large, max-video-preview:-1\" \/>\n<link rel=\"canonical\" href=\"https:\/\/www.bellunopress.it\/fr\/2026\/08\/27\/quando-anche-in-sanita-il-cap-fa-la-differenza\/\" \/>\n<meta property=\"og:locale\" content=\"fr_FR\" \/>\n<meta property=\"og:type\" content=\"article\" \/>\n<meta property=\"og:title\" content=\"Quando anche in sanit\u00e0 il CAP fa la differenza - Bellunopress - Dolomiti\" \/>\n<meta property=\"og:description\" content=\"Crisi della medicina territoriale, incognite sulle AFT e rischio ridimensionamento pubblico nella provincia di Belluno La preoccupazione per la cronica mancanza di Medici di Medicina Generale e pediatri attraversa l&#8217;intera provincia di Belluno, da nord a sud. Un&#8217;emergenza che non risparmia alcun territorio montano e che solleva interrogativi urgenti sul futuro del servizio sanitario pubblico [&hellip;]\" \/>\n<meta property=\"og:url\" content=\"https:\/\/www.bellunopress.it\/fr\/2026\/08\/27\/quando-anche-in-sanita-il-cap-fa-la-differenza\/\" \/>\n<meta property=\"og:site_name\" content=\"Bellunopress - Dolomiti\" \/>\n<meta property=\"article:publisher\" content=\"https:\/\/www.facebook.com\/profile.php?id=100008943462799\" \/>\n<meta property=\"article:published_time\" content=\"2026-08-27T13:06:46+00:00\" \/>\n<meta property=\"og:image\" content=\"https:\/\/www.bellunopress.it\/wp-content\/uploads\/2026\/08\/Comitato-feltrino-giu-le-mani-dalla-sanita-bellunese.jpeg\" \/>\n\t<meta property=\"og:image:width\" content=\"534\" \/>\n\t<meta property=\"og:image:height\" content=\"595\" \/>\n\t<meta property=\"og:image:type\" content=\"image\/jpeg\" \/>\n<meta name=\"author\" content=\"redazione\" \/>\n<meta name=\"twitter:card\" content=\"summary_large_image\" \/>\n<meta name=\"twitter:creator\" content=\"@bellunopress\" \/>\n<meta name=\"twitter:site\" content=\"@bellunopress\" \/>\n<meta name=\"twitter:label1\" content=\"Written by\" \/>\n\t<meta name=\"twitter:data1\" content=\"redazione\" \/>\n\t<meta name=\"twitter:label2\" content=\"Est. reading time\" \/>\n\t<meta name=\"twitter:data2\" content=\"4 minutes\" \/>\n<script type=\"application\/ld+json\" class=\"yoast-schema-graph\">{\"@context\":\"https:\\\/\\\/schema.org\",\"@graph\":[{\"@type\":\"Article\",\"@id\":\"https:\\\/\\\/www.bellunopress.it\\\/2026\\\/08\\\/27\\\/quando-anche-in-sanita-il-cap-fa-la-differenza\\\/#article\",\"isPartOf\":{\"@id\":\"https:\\\/\\\/www.bellunopress.it\\\/2026\\\/08\\\/27\\\/quando-anche-in-sanita-il-cap-fa-la-differenza\\\/\"},\"author\":{\"name\":\"redazione\",\"@id\":\"https:\\\/\\\/www.bellunopress.it\\\/#\\\/schema\\\/person\\\/79bb06722b37ece1c03d3e94beb30d73\"},\"headline\":\"Quando anche in sanit\u00e0 il CAP fa la differenza\",\"datePublished\":\"2026-08-27T13:06:46+00:00\",\"mainEntityOfPage\":{\"@id\":\"https:\\\/\\\/www.bellunopress.it\\\/2026\\\/08\\\/27\\\/quando-anche-in-sanita-il-cap-fa-la-differenza\\\/\"},\"wordCount\":627,\"publisher\":{\"@id\":\"https:\\\/\\\/www.bellunopress.it\\\/#organization\"},\"image\":{\"@id\":\"https:\\\/\\\/www.bellunopress.it\\\/2026\\\/08\\\/27\\\/quando-anche-in-sanita-il-cap-fa-la-differenza\\\/#primaryimage\"},\"thumbnailUrl\":\"https:\\\/\\\/www.bellunopress.it\\\/wp-content\\\/uploads\\\/2026\\\/08\\\/Comitato-feltrino-giu-le-mani-dalla-sanita-bellunese.jpeg\",\"articleSection\":[\"Prima Pagina\",\"Sanit\u00e0 Medicina\"],\"inLanguage\":\"fr-FR\"},{\"@type\":\"WebPage\",\"@id\":\"https:\\\/\\\/www.bellunopress.it\\\/2026\\\/08\\\/27\\\/quando-anche-in-sanita-il-cap-fa-la-differenza\\\/\",\"url\":\"https:\\\/\\\/www.bellunopress.it\\\/2026\\\/08\\\/27\\\/quando-anche-in-sanita-il-cap-fa-la-differenza\\\/\",\"name\":\"Quando anche in sanit\u00e0 il CAP fa la differenza - Bellunopress - Dolomiti\",\"isPartOf\":{\"@id\":\"https:\\\/\\\/www.bellunopress.it\\\/#website\"},\"primaryImageOfPage\":{\"@id\":\"https:\\\/\\\/www.bellunopress.it\\\/2026\\\/08\\\/27\\\/quando-anche-in-sanita-il-cap-fa-la-differenza\\\/#primaryimage\"},\"image\":{\"@id\":\"https:\\\/\\\/www.bellunopress.it\\\/2026\\\/08\\\/27\\\/quando-anche-in-sanita-il-cap-fa-la-differenza\\\/#primaryimage\"},\"thumbnailUrl\":\"https:\\\/\\\/www.bellunopress.it\\\/wp-content\\\/uploads\\\/2026\\\/08\\\/Comitato-feltrino-giu-le-mani-dalla-sanita-bellunese.jpeg\",\"datePublished\":\"2026-08-27T13:06:46+00:00\",\"breadcrumb\":{\"@id\":\"https:\\\/\\\/www.bellunopress.it\\\/2026\\\/08\\\/27\\\/quando-anche-in-sanita-il-cap-fa-la-differenza\\\/#breadcrumb\"},\"inLanguage\":\"fr-FR\",\"potentialAction\":[{\"@type\":\"ReadAction\",\"target\":[\"https:\\\/\\\/www.bellunopress.it\\\/2026\\\/08\\\/27\\\/quando-anche-in-sanita-il-cap-fa-la-differenza\\\/\"]}]},{\"@type\":\"ImageObject\",\"inLanguage\":\"fr-FR\",\"@id\":\"https:\\\/\\\/www.bellunopress.it\\\/2026\\\/08\\\/27\\\/quando-anche-in-sanita-il-cap-fa-la-differenza\\\/#primaryimage\",\"url\":\"https:\\\/\\\/www.bellunopress.it\\\/wp-content\\\/uploads\\\/2026\\\/08\\\/Comitato-feltrino-giu-le-mani-dalla-sanita-bellunese.jpeg\",\"contentUrl\":\"https:\\\/\\\/www.bellunopress.it\\\/wp-content\\\/uploads\\\/2026\\\/08\\\/Comitato-feltrino-giu-le-mani-dalla-sanita-bellunese.jpeg\",\"width\":534,\"height\":595},{\"@type\":\"BreadcrumbList\",\"@id\":\"https:\\\/\\\/www.bellunopress.it\\\/2026\\\/08\\\/27\\\/quando-anche-in-sanita-il-cap-fa-la-differenza\\\/#breadcrumb\",\"itemListElement\":[{\"@type\":\"ListItem\",\"position\":1,\"name\":\"Home\",\"item\":\"https:\\\/\\\/www.bellunopress.it\\\/\"},{\"@type\":\"ListItem\",\"position\":2,\"name\":\"Quando anche in sanit\u00e0 il CAP fa la differenza\"}]},{\"@type\":\"WebSite\",\"@id\":\"https:\\\/\\\/www.bellunopress.it\\\/#website\",\"url\":\"https:\\\/\\\/www.bellunopress.it\\\/\",\"name\":\"Bellunopress - Dolomiti\",\"description\":\"e-mail: redazione@bellunopress.it\",\"publisher\":{\"@id\":\"https:\\\/\\\/www.bellunopress.it\\\/#organization\"},\"potentialAction\":[{\"@type\":\"SearchAction\",\"target\":{\"@type\":\"EntryPoint\",\"urlTemplate\":\"https:\\\/\\\/www.bellunopress.it\\\/?s={search_term_string}\"},\"query-input\":{\"@type\":\"PropertyValueSpecification\",\"valueRequired\":true,\"valueName\":\"search_term_string\"}}],\"inLanguage\":\"fr-FR\"},{\"@type\":\"Organization\",\"@id\":\"https:\\\/\\\/www.bellunopress.it\\\/#organization\",\"name\":\"Bellunopress\",\"url\":\"https:\\\/\\\/www.bellunopress.it\\\/\",\"logo\":{\"@type\":\"ImageObject\",\"inLanguage\":\"fr-FR\",\"@id\":\"https:\\\/\\\/www.bellunopress.it\\\/#\\\/schema\\\/logo\\\/image\\\/\",\"url\":\"https:\\\/\\\/www.bellunopress.it\\\/wp-content\\\/uploads\\\/2011\\\/05\\\/cropped-logo-bellunopress-.jpg\",\"contentUrl\":\"https:\\\/\\\/www.bellunopress.it\\\/wp-content\\\/uploads\\\/2011\\\/05\\\/cropped-logo-bellunopress-.jpg\",\"width\":512,\"height\":512,\"caption\":\"Bellunopress\"},\"image\":{\"@id\":\"https:\\\/\\\/www.bellunopress.it\\\/#\\\/schema\\\/logo\\\/image\\\/\"},\"sameAs\":[\"https:\\\/\\\/www.facebook.com\\\/profile.php?id=100008943462799\",\"https:\\\/\\\/x.com\\\/bellunopress\",\"https:\\\/\\\/www.linkedin.com\\\/hp\\\/?dnr=JBzUWaJfMUw8vbXJJ2tVW5-I3jZKvC4wsoxE&amp;amp;amp;amp;amp;amp;trk=nav_responsive_tab_home\",\"https:\\\/\\\/www.youtube.com\\\/channel\\\/UCxL0wu1uN0_3_7hGG0306cw\"]},{\"@type\":\"Person\",\"@id\":\"https:\\\/\\\/www.bellunopress.it\\\/#\\\/schema\\\/person\\\/79bb06722b37ece1c03d3e94beb30d73\",\"name\":\"redazione\",\"image\":{\"@type\":\"ImageObject\",\"inLanguage\":\"fr-FR\",\"@id\":\"https:\\\/\\\/secure.gravatar.com\\\/avatar\\\/37d968a2e67a6fd04c169c4bdef102d0bc5d31b2546345219e348575eb80e9a0?s=96&d=mm&r=g\",\"url\":\"https:\\\/\\\/secure.gravatar.com\\\/avatar\\\/37d968a2e67a6fd04c169c4bdef102d0bc5d31b2546345219e348575eb80e9a0?s=96&d=mm&r=g\",\"contentUrl\":\"https:\\\/\\\/secure.gravatar.com\\\/avatar\\\/37d968a2e67a6fd04c169c4bdef102d0bc5d31b2546345219e348575eb80e9a0?s=96&d=mm&r=g\",\"caption\":\"redazione\"},\"sameAs\":[\"http:\\\/\\\/www.bellunopress.it\",\"https:\\\/\\\/x.com\\\/bellunopress\"],\"url\":\"https:\\\/\\\/www.bellunopress.it\\\/fr\\\/author\\\/redazione\\\/\"}]}<\/script>\n<!-- \/ Yoast SEO plugin. -->","yoast_head_json":{"title":"Quando anche in sanit\u00e0 il CAP fa la differenza - Bellunopress - Dolomiti","robots":{"index":"index","follow":"follow","max-snippet":"max-snippet:-1","max-image-preview":"max-image-preview:large","max-video-preview":"max-video-preview:-1"},"canonical":"https:\/\/www.bellunopress.it\/fr\/2026\/08\/27\/quando-anche-in-sanita-il-cap-fa-la-differenza\/","og_locale":"fr_FR","og_type":"article","og_title":"Quando anche in sanit\u00e0 il CAP fa la differenza - Bellunopress - Dolomiti","og_description":"Crisi della medicina territoriale, incognite sulle AFT e rischio ridimensionamento pubblico nella provincia di Belluno La preoccupazione per la cronica mancanza di Medici di Medicina Generale e pediatri attraversa l&#8217;intera provincia di Belluno, da nord a sud. Un&#8217;emergenza che non risparmia alcun territorio montano e che solleva interrogativi urgenti sul futuro del servizio sanitario pubblico [&hellip;]","og_url":"https:\/\/www.bellunopress.it\/fr\/2026\/08\/27\/quando-anche-in-sanita-il-cap-fa-la-differenza\/","og_site_name":"Bellunopress - Dolomiti","article_publisher":"https:\/\/www.facebook.com\/profile.php?id=100008943462799","article_published_time":"2026-08-27T13:06:46+00:00","og_image":[{"width":534,"height":595,"url":"https:\/\/www.bellunopress.it\/wp-content\/uploads\/2026\/08\/Comitato-feltrino-giu-le-mani-dalla-sanita-bellunese.jpeg","type":"image\/jpeg"}],"author":"redazione","twitter_card":"summary_large_image","twitter_creator":"@bellunopress","twitter_site":"@bellunopress","twitter_misc":{"Written by":"redazione","Est. reading time":"4 minutes"},"schema":{"@context":"https:\/\/schema.org","@graph":[{"@type":"Article","@id":"https:\/\/www.bellunopress.it\/2026\/08\/27\/quando-anche-in-sanita-il-cap-fa-la-differenza\/#article","isPartOf":{"@id":"https:\/\/www.bellunopress.it\/2026\/08\/27\/quando-anche-in-sanita-il-cap-fa-la-differenza\/"},"author":{"name":"redazione","@id":"https:\/\/www.bellunopress.it\/#\/schema\/person\/79bb06722b37ece1c03d3e94beb30d73"},"headline":"Quando anche in sanit\u00e0 il CAP fa la differenza","datePublished":"2026-08-27T13:06:46+00:00","mainEntityOfPage":{"@id":"https:\/\/www.bellunopress.it\/2026\/08\/27\/quando-anche-in-sanita-il-cap-fa-la-differenza\/"},"wordCount":627,"publisher":{"@id":"https:\/\/www.bellunopress.it\/#organization"},"image":{"@id":"https:\/\/www.bellunopress.it\/2026\/08\/27\/quando-anche-in-sanita-il-cap-fa-la-differenza\/#primaryimage"},"thumbnailUrl":"https:\/\/www.bellunopress.it\/wp-content\/uploads\/2026\/08\/Comitato-feltrino-giu-le-mani-dalla-sanita-bellunese.jpeg","articleSection":["Prima Pagina","Sanit\u00e0 Medicina"],"inLanguage":"fr-FR"},{"@type":"WebPage","@id":"https:\/\/www.bellunopress.it\/2026\/08\/27\/quando-anche-in-sanita-il-cap-fa-la-differenza\/","url":"https:\/\/www.bellunopress.it\/2026\/08\/27\/quando-anche-in-sanita-il-cap-fa-la-differenza\/","name":"Quando anche in sanit\u00e0 il CAP fa la differenza - Bellunopress - Dolomiti","isPartOf":{"@id":"https:\/\/www.bellunopress.it\/#website"},"primaryImageOfPage":{"@id":"https:\/\/www.bellunopress.it\/2026\/08\/27\/quando-anche-in-sanita-il-cap-fa-la-differenza\/#primaryimage"},"image":{"@id":"https:\/\/www.bellunopress.it\/2026\/08\/27\/quando-anche-in-sanita-il-cap-fa-la-differenza\/#primaryimage"},"thumbnailUrl":"https:\/\/www.bellunopress.it\/wp-content\/uploads\/2026\/08\/Comitato-feltrino-giu-le-mani-dalla-sanita-bellunese.jpeg","datePublished":"2026-08-27T13:06:46+00:00","breadcrumb":{"@id":"https:\/\/www.bellunopress.it\/2026\/08\/27\/quando-anche-in-sanita-il-cap-fa-la-differenza\/#breadcrumb"},"inLanguage":"fr-FR","potentialAction":[{"@type":"ReadAction","target":["https:\/\/www.bellunopress.it\/2026\/08\/27\/quando-anche-in-sanita-il-cap-fa-la-differenza\/"]}]},{"@type":"ImageObject","inLanguage":"fr-FR","@id":"https:\/\/www.bellunopress.it\/2026\/08\/27\/quando-anche-in-sanita-il-cap-fa-la-differenza\/#primaryimage","url":"https:\/\/www.bellunopress.it\/wp-content\/uploads\/2026\/08\/Comitato-feltrino-giu-le-mani-dalla-sanita-bellunese.jpeg","contentUrl":"https:\/\/www.bellunopress.it\/wp-content\/uploads\/2026\/08\/Comitato-feltrino-giu-le-mani-dalla-sanita-bellunese.jpeg","width":534,"height":595},{"@type":"BreadcrumbList","@id":"https:\/\/www.bellunopress.it\/2026\/08\/27\/quando-anche-in-sanita-il-cap-fa-la-differenza\/#breadcrumb","itemListElement":[{"@type":"ListItem","position":1,"name":"Home","item":"https:\/\/www.bellunopress.it\/"},{"@type":"ListItem","position":2,"name":"Quando anche in sanit\u00e0 il CAP fa la differenza"}]},{"@type":"WebSite","@id":"https:\/\/www.bellunopress.it\/#website","url":"https:\/\/www.bellunopress.it\/","name":"Bellunopress - Dolomiti","description":"e-mail: redazione@bellunopress.it","publisher":{"@id":"https:\/\/www.bellunopress.it\/#organization"},"potentialAction":[{"@type":"SearchAction","target":{"@type":"EntryPoint","urlTemplate":"https:\/\/www.bellunopress.it\/?s={search_term_string}"},"query-input":{"@type":"PropertyValueSpecification","valueRequired":true,"valueName":"search_term_string"}}],"inLanguage":"fr-FR"},{"@type":"Organization","@id":"https:\/\/www.bellunopress.it\/#organization","name":"Bellunopress","url":"https:\/\/www.bellunopress.it\/","logo":{"@type":"ImageObject","inLanguage":"fr-FR","@id":"https:\/\/www.bellunopress.it\/#\/schema\/logo\/image\/","url":"https:\/\/www.bellunopress.it\/wp-content\/uploads\/2011\/05\/cropped-logo-bellunopress-.jpg","contentUrl":"https:\/\/www.bellunopress.it\/wp-content\/uploads\/2011\/05\/cropped-logo-bellunopress-.jpg","width":512,"height":512,"caption":"Bellunopress"},"image":{"@id":"https:\/\/www.bellunopress.it\/#\/schema\/logo\/image\/"},"sameAs":["https:\/\/www.facebook.com\/profile.php?id=100008943462799","https:\/\/x.com\/bellunopress","https:\/\/www.linkedin.com\/hp\/?dnr=JBzUWaJfMUw8vbXJJ2tVW5-I3jZKvC4wsoxE&amp;amp;amp;amp;amp;amp;trk=nav_responsive_tab_home","https:\/\/www.youtube.com\/channel\/UCxL0wu1uN0_3_7hGG0306cw"]},{"@type":"Person","@id":"https:\/\/www.bellunopress.it\/#\/schema\/person\/79bb06722b37ece1c03d3e94beb30d73","name":"r\u00e9daction","image":{"@type":"ImageObject","inLanguage":"fr-FR","@id":"https:\/\/secure.gravatar.com\/avatar\/37d968a2e67a6fd04c169c4bdef102d0bc5d31b2546345219e348575eb80e9a0?s=96&d=mm&r=g","url":"https:\/\/secure.gravatar.com\/avatar\/37d968a2e67a6fd04c169c4bdef102d0bc5d31b2546345219e348575eb80e9a0?s=96&d=mm&r=g","contentUrl":"https:\/\/secure.gravatar.com\/avatar\/37d968a2e67a6fd04c169c4bdef102d0bc5d31b2546345219e348575eb80e9a0?s=96&d=mm&r=g","caption":"redazione"},"sameAs":["http:\/\/www.bellunopress.it","https:\/\/x.com\/bellunopress"],"url":"https:\/\/www.bellunopress.it\/fr\/author\/redazione\/"}]}},"_links":{"self":[{"href":"https:\/\/www.bellunopress.it\/fr\/wp-json\/wp\/v2\/posts\/172923","targetHints":{"allow":["GET"]}}],"collection":[{"href":"https:\/\/www.bellunopress.it\/fr\/wp-json\/wp\/v2\/posts"}],"about":[{"href":"https:\/\/www.bellunopress.it\/fr\/wp-json\/wp\/v2\/types\/post"}],"author":[{"embeddable":true,"href":"https:\/\/www.bellunopress.it\/fr\/wp-json\/wp\/v2\/users\/2"}],"replies":[{"embeddable":true,"href":"https:\/\/www.bellunopress.it\/fr\/wp-json\/wp\/v2\/comments?post=172923"}],"version-history":[{"count":1,"href":"https:\/\/www.bellunopress.it\/fr\/wp-json\/wp\/v2\/posts\/172923\/revisions"}],"predecessor-version":[{"id":172924,"href":"https:\/\/www.bellunopress.it\/fr\/wp-json\/wp\/v2\/posts\/172923\/revisions\/172924"}],"wp:featuredmedia":[{"embeddable":true,"href":"https:\/\/www.bellunopress.it\/fr\/wp-json\/wp\/v2\/media\/172410"}],"wp:attachment":[{"href":"https:\/\/www.bellunopress.it\/fr\/wp-json\/wp\/v2\/media?parent=172923"}],"wp:term":[{"taxonomy":"category","embeddable":true,"href":"https:\/\/www.bellunopress.it\/fr\/wp-json\/wp\/v2\/categories?post=172923"},{"taxonomy":"post_tag","embeddable":true,"href":"https:\/\/www.bellunopress.it\/fr\/wp-json\/wp\/v2\/tags?post=172923"}],"curies":[{"name":"wp","href":"https:\/\/api.w.org\/{rel}","templated":true}]}}