{"id":172919,"date":"2026-08-27T13:33:37","date_gmt":"2026-08-27T11:33:37","guid":{"rendered":"https:\/\/www.bellunopress.it\/?p=172919"},"modified":"2026-08-27T13:33:37","modified_gmt":"2026-08-27T11:33:37","slug":"a-monte-fontana-secca-domenica-alla-scoperta-dei-pascoli-e-dei-malgari","status":"publish","type":"post","link":"https:\/\/www.bellunopress.it\/fr\/2026\/08\/27\/a-monte-fontana-secca-domenica-alla-scoperta-dei-pascoli-e-dei-malgari\/","title":{"rendered":"Au Monte Fontana Secca dimanche \u00e0 la d\u00e9couverte des p\u00e2turages et des vachers"},"content":{"rendered":"<p><strong>Ritorno alle origini sul Massiccio del Grappa: l&#8217;alpeggio del FAI festeggia la rinascita dei pascoli con due appuntamenti inediti tra natura, biodiversit\u00e0 e tradizione. Appuntamento domenica 30 agosto e domenica 6 settembre 2026<\/strong><\/p>\n<p><strong>A luglio 2026, per la prima volta dopo quasi 50 anni, sono tornati allevatori e mandrie e dove pochi giorni fa \u00e8 nata la prima vitellina<\/strong><\/p>\n<p>Setteville, 27\/08\/2026 &#8211; Per celebrare il recupero dei pascoli di Monte Fontana Secca e Col de Spadar\u00f2t a Setteville (BL) \u2013 donato al FAI-Fondo per l\u2019Ambiente Italiano nel 2015 da Bruno e Liliana Collavo, in memoria dei genitori Aldo Collavo ed Erminia Secco \u2013 il FAI-Fondo per l\u2019Ambiente Italiano propone due eventi straordinari volti a far conoscere l\u2019attivit\u00e0 pastorale, i pascoli e il loro contributo alla conservazione degli ecosistemi e alla vita delle comunit\u00e0, promuovendo cos\u00ec l\u2019educazione e il rispetto per la montagna.<\/p>\n<p>Domenica 30 agosto, alle ore 9.30, l\u2019appuntamento \u00e8 con Davide Pasut, dottore forestale che collabora con il FAI nello studio degli aspetti naturalistici del Bene. La passeggiata, della durata di circa tre ore, partir\u00e0 dalle vicinanze della malga e dar\u00e0 l\u2019opportunit\u00e0 di osservare i pascoli e la biodiversit\u00e0 che li caratterizza. Alcune soste lungo il percorso offriranno spunti di riflessione sulle funzioni e sul futuro della millenaria pratica della pastorizia e dell\u2019allevamento al pascolo e sulle sfide che oggi affrontano coloro che lavorano in alta montagna per mantenerla viva. L\u2019arrivo \u00e8 previsto a Malga Fontana Secca dove, all\u2019interno della Casa del Malgaro restaurata, valorizzata e riaperta nel 2025 come nuovo spazio narrativo, sar\u00e0 possibile assistere alla proiezione del video racconto immersivo \u201cTorneranno i pascoli. Una storia di vacche e malgari nel teatro della Grande Guerra\u201d, curato dal FAI e frutto di studi e ricerche svolte in collaborazione con l\u2019Universit\u00e0 di Padova.<\/p>\n<p>Ancora, domenica 6 settembre, alle ore 16.30 fulcro dell\u2019incontro che si terr\u00e0 a Malga Fontana Secca saranno le caratteristiche e la gestione della mandria, con un approfondimento sull\u2019allevamento bovino, sulla monticazione e sulla produzione di formaggi, in compagnia di Danilo Gasparini, docente di Storia dell\u2019Agricoltura, dell\u2019Alimentazione e del Cibo dell\u2019Universit\u00e0 di Padova, e con la presentazione dei formaggi prodotti dai malgari Mirta Lira e Ren\u00e8 Spada.<\/p>\n<p>A luglio 2026 &#8211; Anno Internazionale dei Pascoli e dei Pastori proclamato dall&#8217;Assemblea Generale delle Nazioni Unite, con il coordinamento della FAO &#8211; per la prima volta dopo quasi cinquant\u2019anni, i pascoli di Monte Fontana Secca e Col de Spadar\u00f2t sono tornati ad accogliere le vacche, secondo la tradizione della transumanza, la migrazione stagionale delle mandrie e degli allevatori dalle stalle di fondo valle o di pianura agli alpeggi di montagna. Un momento tanto atteso, perch\u00e9 l\u2019arrivo degli animali sui pascoli di Monta Fontana Secca, estesi per 150 ettari a oltre 1600 metri, e cos\u00ec la riattivazione dell\u2019alpeggio, autentica vocazione di questo territorio, hanno rappresentato una tappa fondamentale del complesso progetto di recupero paesaggistico e ambientale intrapreso dal FAI, in collaborazione con il Comune di Setteville, dopo la ricostruzione dello Stallone e il restauro e l\u2019apertura al pubblico della Casa del Malgaro, che gi\u00e0 ospita un video racconto immersivo dedicato alla storia della malga, inaugurato nel 2025.<\/p>\n<p>Un intervento di recupero vasto, che si fonda sul valore storico di una tipica malga &#8211; che nel 1917 fu anche teatro di una delle pi\u00f9 celebri e drammatiche battaglie della Prima Guerra Mondiale &#8211; ma soprattutto sull\u2019importanza ecologica dei pascoli. Questi ecosistemi, infatti, contribuiscono al mantenimento degli ambienti montani aperti, contrastano l\u2019avanzata del bosco e favoriscono la presenza e la diversit\u00e0 di numerose specie vegetali e animali. Al tempo stesso, rappresentano un presidio importante per la gestione del territorio e sostengono l&#8217;economia locale, valorizzando un&#8217;attivit\u00e0 che da secoli plasma e custodisce il paesaggio montano, che in molte aree interne dell\u2019Italia soffre l\u2019abbandono e lo spopolamento e che, in assenza di una gestione attiva, \u00e8 pi\u00f9 esposto agli effetti del cambiamento climatico e a fenomeni di dissesto idrogeologico.<\/p>\n<p>Malga Fontana Secca \u00e8 un progetto di tutela attiva, cura e presidio del territorio, e sar\u00e0 un osservatorio diretto sulla vita di montagna con funzione di educazione e sensibilizzazione, che realizza appieno la missione ambientalista del FAI. Mentre si riattiva l\u2019alpeggio, prosegue il cantiere sugli edifici storici: le prossime tappe del recupero prevedono, dal 2027, l\u2019ospitalit\u00e0, il ristoro e la didattica all\u2019interno dello Stallone, e nella Casera, il ritorno alla produzione dei tipici formaggi.<\/p>\n<p>Quest\u2019anno sono salite in quota 8 manze e una ventina di vacche, delle razze Pezzata Rossa Italiana, Bruna e Frisona, accompagnate da circa 20 capre, ed \u00e8 di pochi giorni fa la lieta notizia della nascita, nei pressi della malga, della prima vitellina, che \u00e8 stata chiamata \u201cFontanasecca\u201d. Con il ritorno della mandria, condotta dall\u2019allevatrice e imprenditrice Mirta Lira, cui \u00e8 stata affidata la gestione della malga, Monte Fontana Secca ritrova la sua identit\u00e0 originale e la vocazione tradizionale: dopo molti anni, secondo l\u2019antica pratica della monticazione &#8211; la salita estiva in quota -, uomini e animali tornano finalmente a presidiare questo territorio alpino, abitandolo in armoniosa sinergia e reciprocit\u00e0 e contribuendo alla sua cura, alla sua conservazione e al suo equilibrio.<\/p>\n<p>Si ringrazia il Comune di Setteville per la costante collaborazione nella realizzazione del progetto di recupero e valorizzazione della Malga Monte Fontana Secca.<br \/>\nIl calendario \u201cEventi nei Beni del FAI 2026\u201d \u00e8 reso possibile grazie al sostegno di aziende che condividono con il FAI l\u2019impegno per la tutela e la valorizzazione del patrimonio storico, artistico e paesaggistico italiano:\u202fFerrarelle, Partner degli eventi istituzionali e Acqua Ufficiale della Fondazione,\u202fNims, societ\u00e0 del Gruppo Lavazza che rafforza il proprio sostegno al FAI per il 2026 in qualit\u00e0 di sponsor,\u202fPirelli, accanto al FAI dal 2005, che rinnova per il quattordicesimo anno consecutivo la sua storica vicinanza, Pi\u00f9Me insegna che opera nel settore della distribuzione specializzata di prodotti per la cura della persona e della casa, per il primo anno sponsor del progetto, e di\u202fMitsubishi Electric, al fianco del FAI da oltre 15 anni, che dal 2025 ha scelto di rinnovare e rafforzare il proprio impegno con un sostegno ancora pi\u00f9 significativo.<\/p>\n<p>Fino al 10 settembre Monte Fontana Secca e Col de Spadar\u00f2t \u00e8 visitabile nelle sole giornate di sabato e domenica, dalle ore 10 alle 16.<br \/>\nPer informazioni: Monte Fontana Secca e Col de Spadar\u00f2t. Localit\u00e0: Setteville, Provincia di Belluno.<br \/>\nTel. 335\/5246916; https:\/\/fondoambiente.it\/luoghi\/monte-fontana-secca-e-col-de-spadarot<\/p>\n<p>&nbsp;<\/p>","protected":false},"excerpt":{"rendered":"<p>Ritorno alle origini sul Massiccio del Grappa: l&#8217;alpeggio del FAI festeggia la rinascita dei pascoli con due appuntamenti inediti tra natura, biodiversit\u00e0 e tradizione. Appuntamento domenica 30 agosto e domenica 6 settembre 2026 A luglio 2026, per la prima volta dopo quasi 50 anni, sono tornati allevatori e mandrie e dove pochi giorni fa \u00e8 [&hellip;]<\/p>\n","protected":false},"author":2,"featured_media":172920,"comment_status":"closed","ping_status":"open","sticky":false,"template":"","format":"standard","meta":{"footnotes":""},"categories":[27,25,8],"tags":[],"class_list":["post-172919","post","type-post","status-publish","format-standard","has-post-thumbnail","category-appuntamenti","category-pausa-caffe","category-societa-istituzioni"],"yoast_head":"<!-- This site is optimized with the Yoast SEO plugin v28.4 - https:\/\/yoast.com\/product\/yoast-seo-wordpress\/ -->\n<title>A Monte Fontana Secca domenica alla scoperta dei pascoli e dei malgari - Bellunopress - Dolomiti<\/title>\n<meta name=\"robots\" content=\"index, follow, max-snippet:-1, max-image-preview:large, max-video-preview:-1\" \/>\n<link rel=\"canonical\" href=\"https:\/\/www.bellunopress.it\/fr\/2026\/08\/27\/a-monte-fontana-secca-domenica-alla-scoperta-dei-pascoli-e-dei-malgari\/\" \/>\n<meta property=\"og:locale\" content=\"fr_FR\" \/>\n<meta property=\"og:type\" content=\"article\" \/>\n<meta property=\"og:title\" content=\"A Monte Fontana Secca domenica alla scoperta dei pascoli e dei malgari - Bellunopress - Dolomiti\" \/>\n<meta property=\"og:description\" content=\"Ritorno alle origini sul Massiccio del Grappa: l&#8217;alpeggio del FAI festeggia la rinascita dei pascoli con due appuntamenti inediti tra natura, biodiversit\u00e0 e tradizione. Appuntamento domenica 30 agosto e domenica 6 settembre 2026 A luglio 2026, per la prima volta dopo quasi 50 anni, sono tornati allevatori e mandrie e dove pochi giorni fa \u00e8 [&hellip;]\" \/>\n<meta property=\"og:url\" content=\"https:\/\/www.bellunopress.it\/fr\/2026\/08\/27\/a-monte-fontana-secca-domenica-alla-scoperta-dei-pascoli-e-dei-malgari\/\" \/>\n<meta property=\"og:site_name\" content=\"Bellunopress - Dolomiti\" \/>\n<meta property=\"article:publisher\" content=\"https:\/\/www.facebook.com\/profile.php?id=100008943462799\" \/>\n<meta property=\"article:published_time\" content=\"2026-08-27T11:33:37+00:00\" \/>\n<meta property=\"og:image\" content=\"https:\/\/www.bellunopress.it\/wp-content\/uploads\/2026\/08\/Monte-Fontana-Secca-Setteville-BL-luglio-2026-\u00a9-FAI.jpg\" \/>\n\t<meta property=\"og:image:width\" content=\"500\" \/>\n\t<meta property=\"og:image:height\" content=\"333\" \/>\n\t<meta property=\"og:image:type\" content=\"image\/jpeg\" \/>\n<meta name=\"author\" content=\"redazione\" \/>\n<meta name=\"twitter:card\" content=\"summary_large_image\" \/>\n<meta name=\"twitter:creator\" content=\"@bellunopress\" \/>\n<meta name=\"twitter:site\" content=\"@bellunopress\" \/>\n<meta name=\"twitter:label1\" content=\"Written by\" \/>\n\t<meta name=\"twitter:data1\" content=\"redazione\" \/>\n\t<meta name=\"twitter:label2\" content=\"Est. reading time\" \/>\n\t<meta name=\"twitter:data2\" content=\"6 minutes\" \/>\n<script type=\"application\/ld+json\" class=\"yoast-schema-graph\">{\"@context\":\"https:\\\/\\\/schema.org\",\"@graph\":[{\"@type\":\"Article\",\"@id\":\"https:\\\/\\\/www.bellunopress.it\\\/2026\\\/08\\\/27\\\/a-monte-fontana-secca-domenica-alla-scoperta-dei-pascoli-e-dei-malgari\\\/#article\",\"isPartOf\":{\"@id\":\"https:\\\/\\\/www.bellunopress.it\\\/2026\\\/08\\\/27\\\/a-monte-fontana-secca-domenica-alla-scoperta-dei-pascoli-e-dei-malgari\\\/\"},\"author\":{\"name\":\"redazione\",\"@id\":\"https:\\\/\\\/www.bellunopress.it\\\/#\\\/schema\\\/person\\\/79bb06722b37ece1c03d3e94beb30d73\"},\"headline\":\"A Monte Fontana Secca domenica alla scoperta dei pascoli e dei malgari\",\"datePublished\":\"2026-08-27T11:33:37+00:00\",\"mainEntityOfPage\":{\"@id\":\"https:\\\/\\\/www.bellunopress.it\\\/2026\\\/08\\\/27\\\/a-monte-fontana-secca-domenica-alla-scoperta-dei-pascoli-e-dei-malgari\\\/\"},\"wordCount\":1057,\"publisher\":{\"@id\":\"https:\\\/\\\/www.bellunopress.it\\\/#organization\"},\"image\":{\"@id\":\"https:\\\/\\\/www.bellunopress.it\\\/2026\\\/08\\\/27\\\/a-monte-fontana-secca-domenica-alla-scoperta-dei-pascoli-e-dei-malgari\\\/#primaryimage\"},\"thumbnailUrl\":\"https:\\\/\\\/www.bellunopress.it\\\/wp-content\\\/uploads\\\/2026\\\/08\\\/Monte-Fontana-Secca-Setteville-BL-luglio-2026-\u00a9-FAI.jpg\",\"articleSection\":[\"Appuntamenti, Eventi\",\"Pausa Caff\u00e8\",\"Societ\u00e0, Associazioni, Istituzioni\"],\"inLanguage\":\"fr-FR\"},{\"@type\":\"WebPage\",\"@id\":\"https:\\\/\\\/www.bellunopress.it\\\/2026\\\/08\\\/27\\\/a-monte-fontana-secca-domenica-alla-scoperta-dei-pascoli-e-dei-malgari\\\/\",\"url\":\"https:\\\/\\\/www.bellunopress.it\\\/2026\\\/08\\\/27\\\/a-monte-fontana-secca-domenica-alla-scoperta-dei-pascoli-e-dei-malgari\\\/\",\"name\":\"A Monte Fontana Secca domenica alla scoperta dei pascoli e dei malgari - Bellunopress - Dolomiti\",\"isPartOf\":{\"@id\":\"https:\\\/\\\/www.bellunopress.it\\\/#website\"},\"primaryImageOfPage\":{\"@id\":\"https:\\\/\\\/www.bellunopress.it\\\/2026\\\/08\\\/27\\\/a-monte-fontana-secca-domenica-alla-scoperta-dei-pascoli-e-dei-malgari\\\/#primaryimage\"},\"image\":{\"@id\":\"https:\\\/\\\/www.bellunopress.it\\\/2026\\\/08\\\/27\\\/a-monte-fontana-secca-domenica-alla-scoperta-dei-pascoli-e-dei-malgari\\\/#primaryimage\"},\"thumbnailUrl\":\"https:\\\/\\\/www.bellunopress.it\\\/wp-content\\\/uploads\\\/2026\\\/08\\\/Monte-Fontana-Secca-Setteville-BL-luglio-2026-\u00a9-FAI.jpg\",\"datePublished\":\"2026-08-27T11:33:37+00:00\",\"breadcrumb\":{\"@id\":\"https:\\\/\\\/www.bellunopress.it\\\/2026\\\/08\\\/27\\\/a-monte-fontana-secca-domenica-alla-scoperta-dei-pascoli-e-dei-malgari\\\/#breadcrumb\"},\"inLanguage\":\"fr-FR\",\"potentialAction\":[{\"@type\":\"ReadAction\",\"target\":[\"https:\\\/\\\/www.bellunopress.it\\\/2026\\\/08\\\/27\\\/a-monte-fontana-secca-domenica-alla-scoperta-dei-pascoli-e-dei-malgari\\\/\"]}]},{\"@type\":\"ImageObject\",\"inLanguage\":\"fr-FR\",\"@id\":\"https:\\\/\\\/www.bellunopress.it\\\/2026\\\/08\\\/27\\\/a-monte-fontana-secca-domenica-alla-scoperta-dei-pascoli-e-dei-malgari\\\/#primaryimage\",\"url\":\"https:\\\/\\\/www.bellunopress.it\\\/wp-content\\\/uploads\\\/2026\\\/08\\\/Monte-Fontana-Secca-Setteville-BL-luglio-2026-\u00a9-FAI.jpg\",\"contentUrl\":\"https:\\\/\\\/www.bellunopress.it\\\/wp-content\\\/uploads\\\/2026\\\/08\\\/Monte-Fontana-Secca-Setteville-BL-luglio-2026-\u00a9-FAI.jpg\",\"width\":500,\"height\":333,\"caption\":\"Monte Fontana Secca - Setteville (Belluno), luglio 2026 \u00a9 FAI\"},{\"@type\":\"BreadcrumbList\",\"@id\":\"https:\\\/\\\/www.bellunopress.it\\\/2026\\\/08\\\/27\\\/a-monte-fontana-secca-domenica-alla-scoperta-dei-pascoli-e-dei-malgari\\\/#breadcrumb\",\"itemListElement\":[{\"@type\":\"ListItem\",\"position\":1,\"name\":\"Home\",\"item\":\"https:\\\/\\\/www.bellunopress.it\\\/\"},{\"@type\":\"ListItem\",\"position\":2,\"name\":\"A Monte Fontana Secca domenica alla scoperta dei pascoli e dei malgari\"}]},{\"@type\":\"WebSite\",\"@id\":\"https:\\\/\\\/www.bellunopress.it\\\/#website\",\"url\":\"https:\\\/\\\/www.bellunopress.it\\\/\",\"name\":\"Bellunopress - Dolomiti\",\"description\":\"e-mail: redazione@bellunopress.it\",\"publisher\":{\"@id\":\"https:\\\/\\\/www.bellunopress.it\\\/#organization\"},\"potentialAction\":[{\"@type\":\"SearchAction\",\"target\":{\"@type\":\"EntryPoint\",\"urlTemplate\":\"https:\\\/\\\/www.bellunopress.it\\\/?s={search_term_string}\"},\"query-input\":{\"@type\":\"PropertyValueSpecification\",\"valueRequired\":true,\"valueName\":\"search_term_string\"}}],\"inLanguage\":\"fr-FR\"},{\"@type\":\"Organization\",\"@id\":\"https:\\\/\\\/www.bellunopress.it\\\/#organization\",\"name\":\"Bellunopress\",\"url\":\"https:\\\/\\\/www.bellunopress.it\\\/\",\"logo\":{\"@type\":\"ImageObject\",\"inLanguage\":\"fr-FR\",\"@id\":\"https:\\\/\\\/www.bellunopress.it\\\/#\\\/schema\\\/logo\\\/image\\\/\",\"url\":\"https:\\\/\\\/www.bellunopress.it\\\/wp-content\\\/uploads\\\/2011\\\/05\\\/cropped-logo-bellunopress-.jpg\",\"contentUrl\":\"https:\\\/\\\/www.bellunopress.it\\\/wp-content\\\/uploads\\\/2011\\\/05\\\/cropped-logo-bellunopress-.jpg\",\"width\":512,\"height\":512,\"caption\":\"Bellunopress\"},\"image\":{\"@id\":\"https:\\\/\\\/www.bellunopress.it\\\/#\\\/schema\\\/logo\\\/image\\\/\"},\"sameAs\":[\"https:\\\/\\\/www.facebook.com\\\/profile.php?id=100008943462799\",\"https:\\\/\\\/x.com\\\/bellunopress\",\"https:\\\/\\\/www.linkedin.com\\\/hp\\\/?dnr=JBzUWaJfMUw8vbXJJ2tVW5-I3jZKvC4wsoxE&amp;amp;amp;amp;amp;amp;trk=nav_responsive_tab_home\",\"https:\\\/\\\/www.youtube.com\\\/channel\\\/UCxL0wu1uN0_3_7hGG0306cw\"]},{\"@type\":\"Person\",\"@id\":\"https:\\\/\\\/www.bellunopress.it\\\/#\\\/schema\\\/person\\\/79bb06722b37ece1c03d3e94beb30d73\",\"name\":\"redazione\",\"image\":{\"@type\":\"ImageObject\",\"inLanguage\":\"fr-FR\",\"@id\":\"https:\\\/\\\/secure.gravatar.com\\\/avatar\\\/37d968a2e67a6fd04c169c4bdef102d0bc5d31b2546345219e348575eb80e9a0?s=96&d=mm&r=g\",\"url\":\"https:\\\/\\\/secure.gravatar.com\\\/avatar\\\/37d968a2e67a6fd04c169c4bdef102d0bc5d31b2546345219e348575eb80e9a0?s=96&d=mm&r=g\",\"contentUrl\":\"https:\\\/\\\/secure.gravatar.com\\\/avatar\\\/37d968a2e67a6fd04c169c4bdef102d0bc5d31b2546345219e348575eb80e9a0?s=96&d=mm&r=g\",\"caption\":\"redazione\"},\"sameAs\":[\"http:\\\/\\\/www.bellunopress.it\",\"https:\\\/\\\/x.com\\\/bellunopress\"],\"url\":\"https:\\\/\\\/www.bellunopress.it\\\/fr\\\/author\\\/redazione\\\/\"}]}<\/script>\n<!-- \/ Yoast SEO plugin. -->","yoast_head_json":{"title":"A Monte Fontana Secca domenica alla scoperta dei pascoli e dei malgari - Bellunopress - Dolomiti","robots":{"index":"index","follow":"follow","max-snippet":"max-snippet:-1","max-image-preview":"max-image-preview:large","max-video-preview":"max-video-preview:-1"},"canonical":"https:\/\/www.bellunopress.it\/fr\/2026\/08\/27\/a-monte-fontana-secca-domenica-alla-scoperta-dei-pascoli-e-dei-malgari\/","og_locale":"fr_FR","og_type":"article","og_title":"A Monte Fontana Secca domenica alla scoperta dei pascoli e dei malgari - Bellunopress - Dolomiti","og_description":"Ritorno alle origini sul Massiccio del Grappa: l&#8217;alpeggio del FAI festeggia la rinascita dei pascoli con due appuntamenti inediti tra natura, biodiversit\u00e0 e tradizione. Appuntamento domenica 30 agosto e domenica 6 settembre 2026 A luglio 2026, per la prima volta dopo quasi 50 anni, sono tornati allevatori e mandrie e dove pochi giorni fa \u00e8 [&hellip;]","og_url":"https:\/\/www.bellunopress.it\/fr\/2026\/08\/27\/a-monte-fontana-secca-domenica-alla-scoperta-dei-pascoli-e-dei-malgari\/","og_site_name":"Bellunopress - Dolomiti","article_publisher":"https:\/\/www.facebook.com\/profile.php?id=100008943462799","article_published_time":"2026-08-27T11:33:37+00:00","og_image":[{"width":500,"height":333,"url":"https:\/\/www.bellunopress.it\/wp-content\/uploads\/2026\/08\/Monte-Fontana-Secca-Setteville-BL-luglio-2026-\u00a9-FAI.jpg","type":"image\/jpeg"}],"author":"redazione","twitter_card":"summary_large_image","twitter_creator":"@bellunopress","twitter_site":"@bellunopress","twitter_misc":{"Written by":"redazione","Est. reading time":"6 minutes"},"schema":{"@context":"https:\/\/schema.org","@graph":[{"@type":"Article","@id":"https:\/\/www.bellunopress.it\/2026\/08\/27\/a-monte-fontana-secca-domenica-alla-scoperta-dei-pascoli-e-dei-malgari\/#article","isPartOf":{"@id":"https:\/\/www.bellunopress.it\/2026\/08\/27\/a-monte-fontana-secca-domenica-alla-scoperta-dei-pascoli-e-dei-malgari\/"},"author":{"name":"redazione","@id":"https:\/\/www.bellunopress.it\/#\/schema\/person\/79bb06722b37ece1c03d3e94beb30d73"},"headline":"A Monte Fontana Secca domenica alla scoperta dei pascoli e dei malgari","datePublished":"2026-08-27T11:33:37+00:00","mainEntityOfPage":{"@id":"https:\/\/www.bellunopress.it\/2026\/08\/27\/a-monte-fontana-secca-domenica-alla-scoperta-dei-pascoli-e-dei-malgari\/"},"wordCount":1057,"publisher":{"@id":"https:\/\/www.bellunopress.it\/#organization"},"image":{"@id":"https:\/\/www.bellunopress.it\/2026\/08\/27\/a-monte-fontana-secca-domenica-alla-scoperta-dei-pascoli-e-dei-malgari\/#primaryimage"},"thumbnailUrl":"https:\/\/www.bellunopress.it\/wp-content\/uploads\/2026\/08\/Monte-Fontana-Secca-Setteville-BL-luglio-2026-\u00a9-FAI.jpg","articleSection":["Appuntamenti, Eventi","Pausa Caff\u00e8","Societ\u00e0, Associazioni, Istituzioni"],"inLanguage":"fr-FR"},{"@type":"WebPage","@id":"https:\/\/www.bellunopress.it\/2026\/08\/27\/a-monte-fontana-secca-domenica-alla-scoperta-dei-pascoli-e-dei-malgari\/","url":"https:\/\/www.bellunopress.it\/2026\/08\/27\/a-monte-fontana-secca-domenica-alla-scoperta-dei-pascoli-e-dei-malgari\/","name":"A Monte Fontana Secca domenica alla scoperta dei pascoli e dei malgari - Bellunopress - Dolomiti","isPartOf":{"@id":"https:\/\/www.bellunopress.it\/#website"},"primaryImageOfPage":{"@id":"https:\/\/www.bellunopress.it\/2026\/08\/27\/a-monte-fontana-secca-domenica-alla-scoperta-dei-pascoli-e-dei-malgari\/#primaryimage"},"image":{"@id":"https:\/\/www.bellunopress.it\/2026\/08\/27\/a-monte-fontana-secca-domenica-alla-scoperta-dei-pascoli-e-dei-malgari\/#primaryimage"},"thumbnailUrl":"https:\/\/www.bellunopress.it\/wp-content\/uploads\/2026\/08\/Monte-Fontana-Secca-Setteville-BL-luglio-2026-\u00a9-FAI.jpg","datePublished":"2026-08-27T11:33:37+00:00","breadcrumb":{"@id":"https:\/\/www.bellunopress.it\/2026\/08\/27\/a-monte-fontana-secca-domenica-alla-scoperta-dei-pascoli-e-dei-malgari\/#breadcrumb"},"inLanguage":"fr-FR","potentialAction":[{"@type":"ReadAction","target":["https:\/\/www.bellunopress.it\/2026\/08\/27\/a-monte-fontana-secca-domenica-alla-scoperta-dei-pascoli-e-dei-malgari\/"]}]},{"@type":"ImageObject","inLanguage":"fr-FR","@id":"https:\/\/www.bellunopress.it\/2026\/08\/27\/a-monte-fontana-secca-domenica-alla-scoperta-dei-pascoli-e-dei-malgari\/#primaryimage","url":"https:\/\/www.bellunopress.it\/wp-content\/uploads\/2026\/08\/Monte-Fontana-Secca-Setteville-BL-luglio-2026-\u00a9-FAI.jpg","contentUrl":"https:\/\/www.bellunopress.it\/wp-content\/uploads\/2026\/08\/Monte-Fontana-Secca-Setteville-BL-luglio-2026-\u00a9-FAI.jpg","width":500,"height":333,"caption":"Monte Fontana Secca - Setteville (Belluno), luglio 2026 \u00a9 FAI"},{"@type":"BreadcrumbList","@id":"https:\/\/www.bellunopress.it\/2026\/08\/27\/a-monte-fontana-secca-domenica-alla-scoperta-dei-pascoli-e-dei-malgari\/#breadcrumb","itemListElement":[{"@type":"ListItem","position":1,"name":"Home","item":"https:\/\/www.bellunopress.it\/"},{"@type":"ListItem","position":2,"name":"A Monte Fontana Secca domenica alla scoperta dei pascoli e dei malgari"}]},{"@type":"WebSite","@id":"https:\/\/www.bellunopress.it\/#website","url":"https:\/\/www.bellunopress.it\/","name":"Bellunopress - Dolomiti","description":"e-mail: redazione@bellunopress.it","publisher":{"@id":"https:\/\/www.bellunopress.it\/#organization"},"potentialAction":[{"@type":"SearchAction","target":{"@type":"EntryPoint","urlTemplate":"https:\/\/www.bellunopress.it\/?s={search_term_string}"},"query-input":{"@type":"PropertyValueSpecification","valueRequired":true,"valueName":"search_term_string"}}],"inLanguage":"fr-FR"},{"@type":"Organization","@id":"https:\/\/www.bellunopress.it\/#organization","name":"Bellunopress","url":"https:\/\/www.bellunopress.it\/","logo":{"@type":"ImageObject","inLanguage":"fr-FR","@id":"https:\/\/www.bellunopress.it\/#\/schema\/logo\/image\/","url":"https:\/\/www.bellunopress.it\/wp-content\/uploads\/2011\/05\/cropped-logo-bellunopress-.jpg","contentUrl":"https:\/\/www.bellunopress.it\/wp-content\/uploads\/2011\/05\/cropped-logo-bellunopress-.jpg","width":512,"height":512,"caption":"Bellunopress"},"image":{"@id":"https:\/\/www.bellunopress.it\/#\/schema\/logo\/image\/"},"sameAs":["https:\/\/www.facebook.com\/profile.php?id=100008943462799","https:\/\/x.com\/bellunopress","https:\/\/www.linkedin.com\/hp\/?dnr=JBzUWaJfMUw8vbXJJ2tVW5-I3jZKvC4wsoxE&amp;amp;amp;amp;amp;amp;trk=nav_responsive_tab_home","https:\/\/www.youtube.com\/channel\/UCxL0wu1uN0_3_7hGG0306cw"]},{"@type":"Person","@id":"https:\/\/www.bellunopress.it\/#\/schema\/person\/79bb06722b37ece1c03d3e94beb30d73","name":"r\u00e9daction","image":{"@type":"ImageObject","inLanguage":"fr-FR","@id":"https:\/\/secure.gravatar.com\/avatar\/37d968a2e67a6fd04c169c4bdef102d0bc5d31b2546345219e348575eb80e9a0?s=96&d=mm&r=g","url":"https:\/\/secure.gravatar.com\/avatar\/37d968a2e67a6fd04c169c4bdef102d0bc5d31b2546345219e348575eb80e9a0?s=96&d=mm&r=g","contentUrl":"https:\/\/secure.gravatar.com\/avatar\/37d968a2e67a6fd04c169c4bdef102d0bc5d31b2546345219e348575eb80e9a0?s=96&d=mm&r=g","caption":"redazione"},"sameAs":["http:\/\/www.bellunopress.it","https:\/\/x.com\/bellunopress"],"url":"https:\/\/www.bellunopress.it\/fr\/author\/redazione\/"}]}},"_links":{"self":[{"href":"https:\/\/www.bellunopress.it\/fr\/wp-json\/wp\/v2\/posts\/172919","targetHints":{"allow":["GET"]}}],"collection":[{"href":"https:\/\/www.bellunopress.it\/fr\/wp-json\/wp\/v2\/posts"}],"about":[{"href":"https:\/\/www.bellunopress.it\/fr\/wp-json\/wp\/v2\/types\/post"}],"author":[{"embeddable":true,"href":"https:\/\/www.bellunopress.it\/fr\/wp-json\/wp\/v2\/users\/2"}],"replies":[{"embeddable":true,"href":"https:\/\/www.bellunopress.it\/fr\/wp-json\/wp\/v2\/comments?post=172919"}],"version-history":[{"count":1,"href":"https:\/\/www.bellunopress.it\/fr\/wp-json\/wp\/v2\/posts\/172919\/revisions"}],"predecessor-version":[{"id":172921,"href":"https:\/\/www.bellunopress.it\/fr\/wp-json\/wp\/v2\/posts\/172919\/revisions\/172921"}],"wp:featuredmedia":[{"embeddable":true,"href":"https:\/\/www.bellunopress.it\/fr\/wp-json\/wp\/v2\/media\/172920"}],"wp:attachment":[{"href":"https:\/\/www.bellunopress.it\/fr\/wp-json\/wp\/v2\/media?parent=172919"}],"wp:term":[{"taxonomy":"category","embeddable":true,"href":"https:\/\/www.bellunopress.it\/fr\/wp-json\/wp\/v2\/categories?post=172919"},{"taxonomy":"post_tag","embeddable":true,"href":"https:\/\/www.bellunopress.it\/fr\/wp-json\/wp\/v2\/tags?post=172919"}],"curies":[{"name":"wp","href":"https:\/\/api.w.org\/{rel}","templated":true}]}}