{"id":172917,"date":"2026-08-27T10:23:17","date_gmt":"2026-08-27T08:23:17","guid":{"rendered":"https:\/\/www.bellunopress.it\/?p=172917"},"modified":"2026-08-27T10:23:17","modified_gmt":"2026-08-27T08:23:17","slug":"lettera-aperta-sui-lavori-di-via-feltre","status":"publish","type":"post","link":"https:\/\/www.bellunopress.it\/fr\/2026\/08\/27\/lettera-aperta-sui-lavori-di-via-feltre\/","title":{"rendered":"Lettera aperta sui lavori di via Feltre"},"content":{"rendered":"<figure id=\"attachment_169129\" aria-describedby=\"caption-attachment-169129\" style=\"width: 545px\" class=\"wp-caption aligncenter\"><img loading=\"lazy\" decoding=\"async\" class=\"size-full wp-image-169129\" src=\"https:\/\/www.bellunopress.it\/wp-content\/uploads\/2026\/04\/via-feltre-alberi-tagliati.jpg\" alt=\"\" width=\"545\" height=\"600\" srcset=\"https:\/\/www.bellunopress.it\/wp-content\/uploads\/2026\/04\/via-feltre-alberi-tagliati.jpg 545w, https:\/\/www.bellunopress.it\/wp-content\/uploads\/2026\/04\/via-feltre-alberi-tagliati-454x500.jpg 454w, https:\/\/www.bellunopress.it\/wp-content\/uploads\/2026\/04\/via-feltre-alberi-tagliati-382x420.jpg 382w, https:\/\/www.bellunopress.it\/wp-content\/uploads\/2026\/04\/via-feltre-alberi-tagliati-150x165.jpg 150w, https:\/\/www.bellunopress.it\/wp-content\/uploads\/2026\/04\/via-feltre-alberi-tagliati-300x330.jpg 300w\" sizes=\"auto, (max-width: 545px) 100vw, 545px\" \/><figcaption id=\"caption-attachment-169129\" class=\"wp-caption-text\">Belluno, via Feltre (foto di repertorio 14\/04\/2026)<\/figcaption><\/figure>\n<p>Belluno, 27\/08\/2026 &#8211; Come cittadino residente in via Feltre, mi sento in dovere di scrivere questa lettera aperta a seguito di un articolo pubblicato sulla stampa locale.<\/p>\n<p>Il pezzo si basa su alcune citazioni da una lettera al giornale, accompagnate dalle considerazioni del giornalista.<br \/>\nQuesto articolo incarna, a mio parere, ci\u00f2 che il giornalismo non dovrebbe essere, citando una sola fonte senza contraddittorio, come fosse la voce di tutti i residenti, e descrivendo problematiche diverse come fossero una sola.<br \/>\nNell\u2019articolo si dice che i lavori sono fermi all\u2019intervento di SIB \u201cin attesa che si sblocchi il resto della riqualificazione di via Feltre\u201d. E poi si elencano disagi e pericoli, concludendo che la colpa \u00e8 del ricorso delle associazioni ambientaliste, Italia Nostra in primis.<\/p>\n<p>Di fronte a tante inesattezze, \u00e8 necessario mettere ordine, come dovrebbe fare l\u2019informazione autentica. In primo luogo, il progetto di riqualificazione di via Feltre, finanziato dal privato, \u00e8 del tutto distinto e diverso dal progetto sottoservizi SIB a finanziamento pubblico.<\/p>\n<p>E i disagi e i pericoli di cui sopra, se e nella misura in cui attualmente esistono, sono da imputare solo ed esclusivamente al progetto SIB, l\u2019unico su cui oggi si lavora, che non c\u2019entra nulla con i tigli, il ricorso al TAR o Italia Nostra. Ne consegue che l\u2019alternativa \u201calberi o sicurezza\u201d, di cui parla David, \u00e8 priva di fondamento.<br \/>\nCerto, forse sarebbe stato meglio se anche i lavori SIB fossero stati fermati dopo il 26 di giugno, quando il Consiglio di Stato di Roma ha sospeso i lavori di riqualificazione di via Feltre, in modo da attendere l\u2019esito giudiziale e decidere poi come concludere i due progetti nello stesso periodo, minimizzando i disagi. All\u2019epoca il cantiere era circoscritto a piazzale Marconi, con minimo disturbo alla circolazione, e cos\u00ec l\u2019intervento SIB.<\/p>\n<p>Ma le scelte sono state altre e il cantiere SIB \u00e8 proseguito lungo via Feltre fino a dove \u00e8 oggi.<\/p>\n<p>Venendo a disagi e pericoli, va detto che, se i primi sono in una certa misura inevitabili, i secondi invece non sono accettabili. Un cantiere dovrebbe essere sicuro. Se fosse vero che via Feltre, come sostenuto nella lettera al giornale, \u00e8 diventata<br \/>\n\u201cpericolosissima\u201d, vorrebbe dire che la ditta esecutrice dei lavori SIB non opera in sicurezza e quindi qualcuno<br \/>\ndovrebbe intervenire, SIB stessa o il Comune di Belluno.<\/p>\n<p>Ma in realt\u00e0 i pericoli citati nell\u2019articolo sono il restringimento delle carreggiate, che non c\u2019\u00e8 stato perch\u00e9 sono stati tolti i parcheggi a lato strada, e la velocit\u00e0 elevata, che non \u00e8 diversa o pi\u00f9 pericolosa oggi di quanto sia sempre stata.<br \/>\nI cespugli rigogliosi sulle ceppaie sono invece la dimostrazione che i tigli erano sani e vitali. La natura si<br \/>\nperpetua contro ogni insulto dell\u2019uomo. Il che ci riporta alla questione originaria, un vasto patrimonio sprecato di risorse materiali e immateriali, cultura, bellezza (che avremmo dovuto trasmettere), identit\u00e0, tempo ed energie. Il tutto per la supponenza di un\u2019amministrazione, che si arrocca nelle stanze di Palazzo Rosso e rifiuta il dialogo democratico, costringendo ogni altrui ragione a ricorrere ai tribunali.<\/p>\n<p>Le porte di Palazzo Rosso sono rimaste ostinatamente chiuse e sorde a qualsiasi prospettiva di un civile, costruttivo confronto, perfino quando l\u2019ordinanza del Consiglio di Stato di Roma vi ha bussato con forza, invocando addirittura la Costituzione.<br \/>\nQuesto andava detto per completezza e chiarezza. Ma l\u2019articolo del quotidiano locale non lo ha fatto, preferendo la confusione ad effetto, se non ad arte.<\/p>\n<p>Giacomo Fassetta<\/p>","protected":false},"excerpt":{"rendered":"<p>Belluno, 27\/08\/2026 &#8211; Come cittadino residente in via Feltre, mi sento in dovere di scrivere questa lettera aperta a seguito di un articolo pubblicato sulla stampa locale. Il pezzo si basa su alcune citazioni da una lettera al giornale, accompagnate dalle considerazioni del giornalista. Questo articolo incarna, a mio parere, ci\u00f2 che il giornalismo non [&hellip;]<\/p>\n","protected":false},"author":2,"featured_media":123649,"comment_status":"closed","ping_status":"open","sticky":false,"template":"","format":"standard","meta":{"footnotes":""},"categories":[1],"tags":[],"class_list":["post-172917","post","type-post","status-publish","format-standard","has-post-thumbnail","category-leo"],"yoast_head":"<!-- This site is optimized with the Yoast SEO plugin v28.4 - https:\/\/yoast.com\/product\/yoast-seo-wordpress\/ -->\n<title>Lettera aperta sui lavori di via Feltre - Bellunopress - Dolomiti<\/title>\n<meta name=\"robots\" content=\"index, follow, max-snippet:-1, max-image-preview:large, max-video-preview:-1\" \/>\n<link rel=\"canonical\" href=\"https:\/\/www.bellunopress.it\/fr\/2026\/08\/27\/lettera-aperta-sui-lavori-di-via-feltre\/\" \/>\n<meta property=\"og:locale\" content=\"fr_FR\" \/>\n<meta property=\"og:type\" content=\"article\" \/>\n<meta property=\"og:title\" content=\"Lettera aperta sui lavori di via Feltre - Bellunopress - Dolomiti\" \/>\n<meta property=\"og:description\" content=\"Belluno, 27\/08\/2026 &#8211; Come cittadino residente in via Feltre, mi sento in dovere di scrivere questa lettera aperta a seguito di un articolo pubblicato sulla stampa locale. Il pezzo si basa su alcune citazioni da una lettera al giornale, accompagnate dalle considerazioni del giornalista. Questo articolo incarna, a mio parere, ci\u00f2 che il giornalismo non [&hellip;]\" \/>\n<meta property=\"og:url\" content=\"https:\/\/www.bellunopress.it\/fr\/2026\/08\/27\/lettera-aperta-sui-lavori-di-via-feltre\/\" \/>\n<meta property=\"og:site_name\" content=\"Bellunopress - Dolomiti\" \/>\n<meta property=\"article:publisher\" content=\"https:\/\/www.facebook.com\/profile.php?id=100008943462799\" \/>\n<meta property=\"article:published_time\" content=\"2026-08-27T08:23:17+00:00\" \/>\n<meta property=\"og:image\" content=\"https:\/\/www.bellunopress.it\/wp-content\/uploads\/2021\/04\/lettera-mail_edited.jpg\" \/>\n\t<meta property=\"og:image:width\" content=\"962\" \/>\n\t<meta property=\"og:image:height\" content=\"1000\" \/>\n\t<meta property=\"og:image:type\" content=\"image\/jpeg\" \/>\n<meta name=\"author\" content=\"redazione\" \/>\n<meta name=\"twitter:card\" content=\"summary_large_image\" \/>\n<meta name=\"twitter:creator\" content=\"@bellunopress\" \/>\n<meta name=\"twitter:site\" content=\"@bellunopress\" \/>\n<meta name=\"twitter:label1\" content=\"\u00c9crit par\" \/>\n\t<meta name=\"twitter:data1\" content=\"redazione\" \/>\n\t<meta name=\"twitter:label2\" content=\"Dur\u00e9e de lecture estim\u00e9e\" \/>\n\t<meta name=\"twitter:data2\" content=\"4 minutes\" \/>\n<script type=\"application\/ld+json\" class=\"yoast-schema-graph\">{\"@context\":\"https:\\\/\\\/schema.org\",\"@graph\":[{\"@type\":\"Article\",\"@id\":\"https:\\\/\\\/www.bellunopress.it\\\/2026\\\/08\\\/27\\\/lettera-aperta-sui-lavori-di-via-feltre\\\/#article\",\"isPartOf\":{\"@id\":\"https:\\\/\\\/www.bellunopress.it\\\/2026\\\/08\\\/27\\\/lettera-aperta-sui-lavori-di-via-feltre\\\/\"},\"author\":{\"name\":\"redazione\",\"@id\":\"https:\\\/\\\/www.bellunopress.it\\\/#\\\/schema\\\/person\\\/79bb06722b37ece1c03d3e94beb30d73\"},\"headline\":\"Lettera aperta sui lavori di via Feltre\",\"datePublished\":\"2026-08-27T08:23:17+00:00\",\"mainEntityOfPage\":{\"@id\":\"https:\\\/\\\/www.bellunopress.it\\\/2026\\\/08\\\/27\\\/lettera-aperta-sui-lavori-di-via-feltre\\\/\"},\"wordCount\":591,\"publisher\":{\"@id\":\"https:\\\/\\\/www.bellunopress.it\\\/#organization\"},\"image\":{\"@id\":\"https:\\\/\\\/www.bellunopress.it\\\/2026\\\/08\\\/27\\\/lettera-aperta-sui-lavori-di-via-feltre\\\/#primaryimage\"},\"thumbnailUrl\":\"https:\\\/\\\/www.bellunopress.it\\\/wp-content\\\/uploads\\\/2021\\\/04\\\/lettera-mail_edited.jpg\",\"articleSection\":[\"Lettere Opinioni\"],\"inLanguage\":\"fr-FR\"},{\"@type\":\"WebPage\",\"@id\":\"https:\\\/\\\/www.bellunopress.it\\\/2026\\\/08\\\/27\\\/lettera-aperta-sui-lavori-di-via-feltre\\\/\",\"url\":\"https:\\\/\\\/www.bellunopress.it\\\/2026\\\/08\\\/27\\\/lettera-aperta-sui-lavori-di-via-feltre\\\/\",\"name\":\"Lettera aperta sui lavori di via Feltre - Bellunopress - Dolomiti\",\"isPartOf\":{\"@id\":\"https:\\\/\\\/www.bellunopress.it\\\/#website\"},\"primaryImageOfPage\":{\"@id\":\"https:\\\/\\\/www.bellunopress.it\\\/2026\\\/08\\\/27\\\/lettera-aperta-sui-lavori-di-via-feltre\\\/#primaryimage\"},\"image\":{\"@id\":\"https:\\\/\\\/www.bellunopress.it\\\/2026\\\/08\\\/27\\\/lettera-aperta-sui-lavori-di-via-feltre\\\/#primaryimage\"},\"thumbnailUrl\":\"https:\\\/\\\/www.bellunopress.it\\\/wp-content\\\/uploads\\\/2021\\\/04\\\/lettera-mail_edited.jpg\",\"datePublished\":\"2026-08-27T08:23:17+00:00\",\"breadcrumb\":{\"@id\":\"https:\\\/\\\/www.bellunopress.it\\\/2026\\\/08\\\/27\\\/lettera-aperta-sui-lavori-di-via-feltre\\\/#breadcrumb\"},\"inLanguage\":\"fr-FR\",\"potentialAction\":[{\"@type\":\"ReadAction\",\"target\":[\"https:\\\/\\\/www.bellunopress.it\\\/2026\\\/08\\\/27\\\/lettera-aperta-sui-lavori-di-via-feltre\\\/\"]}]},{\"@type\":\"ImageObject\",\"inLanguage\":\"fr-FR\",\"@id\":\"https:\\\/\\\/www.bellunopress.it\\\/2026\\\/08\\\/27\\\/lettera-aperta-sui-lavori-di-via-feltre\\\/#primaryimage\",\"url\":\"https:\\\/\\\/www.bellunopress.it\\\/wp-content\\\/uploads\\\/2021\\\/04\\\/lettera-mail_edited.jpg\",\"contentUrl\":\"https:\\\/\\\/www.bellunopress.it\\\/wp-content\\\/uploads\\\/2021\\\/04\\\/lettera-mail_edited.jpg\",\"width\":962,\"height\":1000},{\"@type\":\"BreadcrumbList\",\"@id\":\"https:\\\/\\\/www.bellunopress.it\\\/2026\\\/08\\\/27\\\/lettera-aperta-sui-lavori-di-via-feltre\\\/#breadcrumb\",\"itemListElement\":[{\"@type\":\"ListItem\",\"position\":1,\"name\":\"Home\",\"item\":\"https:\\\/\\\/www.bellunopress.it\\\/\"},{\"@type\":\"ListItem\",\"position\":2,\"name\":\"Lettera aperta sui lavori di via Feltre\"}]},{\"@type\":\"WebSite\",\"@id\":\"https:\\\/\\\/www.bellunopress.it\\\/#website\",\"url\":\"https:\\\/\\\/www.bellunopress.it\\\/\",\"name\":\"Bellunopress - Dolomiti\",\"description\":\"e-mail: redazione@bellunopress.it\",\"publisher\":{\"@id\":\"https:\\\/\\\/www.bellunopress.it\\\/#organization\"},\"potentialAction\":[{\"@type\":\"SearchAction\",\"target\":{\"@type\":\"EntryPoint\",\"urlTemplate\":\"https:\\\/\\\/www.bellunopress.it\\\/?s={search_term_string}\"},\"query-input\":{\"@type\":\"PropertyValueSpecification\",\"valueRequired\":true,\"valueName\":\"search_term_string\"}}],\"inLanguage\":\"fr-FR\"},{\"@type\":\"Organization\",\"@id\":\"https:\\\/\\\/www.bellunopress.it\\\/#organization\",\"name\":\"Bellunopress\",\"url\":\"https:\\\/\\\/www.bellunopress.it\\\/\",\"logo\":{\"@type\":\"ImageObject\",\"inLanguage\":\"fr-FR\",\"@id\":\"https:\\\/\\\/www.bellunopress.it\\\/#\\\/schema\\\/logo\\\/image\\\/\",\"url\":\"https:\\\/\\\/www.bellunopress.it\\\/wp-content\\\/uploads\\\/2011\\\/05\\\/cropped-logo-bellunopress-.jpg\",\"contentUrl\":\"https:\\\/\\\/www.bellunopress.it\\\/wp-content\\\/uploads\\\/2011\\\/05\\\/cropped-logo-bellunopress-.jpg\",\"width\":512,\"height\":512,\"caption\":\"Bellunopress\"},\"image\":{\"@id\":\"https:\\\/\\\/www.bellunopress.it\\\/#\\\/schema\\\/logo\\\/image\\\/\"},\"sameAs\":[\"https:\\\/\\\/www.facebook.com\\\/profile.php?id=100008943462799\",\"https:\\\/\\\/x.com\\\/bellunopress\",\"https:\\\/\\\/www.linkedin.com\\\/hp\\\/?dnr=JBzUWaJfMUw8vbXJJ2tVW5-I3jZKvC4wsoxE&amp;amp;amp;amp;amp;amp;trk=nav_responsive_tab_home\",\"https:\\\/\\\/www.youtube.com\\\/channel\\\/UCxL0wu1uN0_3_7hGG0306cw\"]},{\"@type\":\"Person\",\"@id\":\"https:\\\/\\\/www.bellunopress.it\\\/#\\\/schema\\\/person\\\/79bb06722b37ece1c03d3e94beb30d73\",\"name\":\"redazione\",\"image\":{\"@type\":\"ImageObject\",\"inLanguage\":\"fr-FR\",\"@id\":\"https:\\\/\\\/secure.gravatar.com\\\/avatar\\\/37d968a2e67a6fd04c169c4bdef102d0bc5d31b2546345219e348575eb80e9a0?s=96&d=mm&r=g\",\"url\":\"https:\\\/\\\/secure.gravatar.com\\\/avatar\\\/37d968a2e67a6fd04c169c4bdef102d0bc5d31b2546345219e348575eb80e9a0?s=96&d=mm&r=g\",\"contentUrl\":\"https:\\\/\\\/secure.gravatar.com\\\/avatar\\\/37d968a2e67a6fd04c169c4bdef102d0bc5d31b2546345219e348575eb80e9a0?s=96&d=mm&r=g\",\"caption\":\"redazione\"},\"sameAs\":[\"http:\\\/\\\/www.bellunopress.it\",\"https:\\\/\\\/x.com\\\/bellunopress\"],\"url\":\"https:\\\/\\\/www.bellunopress.it\\\/fr\\\/author\\\/redazione\\\/\"}]}<\/script>\n<!-- \/ Yoast SEO plugin. -->","yoast_head_json":{"title":"Lettera aperta sui lavori di via Feltre - Bellunopress - Dolomiti","robots":{"index":"index","follow":"follow","max-snippet":"max-snippet:-1","max-image-preview":"max-image-preview:large","max-video-preview":"max-video-preview:-1"},"canonical":"https:\/\/www.bellunopress.it\/fr\/2026\/08\/27\/lettera-aperta-sui-lavori-di-via-feltre\/","og_locale":"fr_FR","og_type":"article","og_title":"Lettera aperta sui lavori di via Feltre - Bellunopress - Dolomiti","og_description":"Belluno, 27\/08\/2026 &#8211; Come cittadino residente in via Feltre, mi sento in dovere di scrivere questa lettera aperta a seguito di un articolo pubblicato sulla stampa locale. Il pezzo si basa su alcune citazioni da una lettera al giornale, accompagnate dalle considerazioni del giornalista. Questo articolo incarna, a mio parere, ci\u00f2 che il giornalismo non [&hellip;]","og_url":"https:\/\/www.bellunopress.it\/fr\/2026\/08\/27\/lettera-aperta-sui-lavori-di-via-feltre\/","og_site_name":"Bellunopress - Dolomiti","article_publisher":"https:\/\/www.facebook.com\/profile.php?id=100008943462799","article_published_time":"2026-08-27T08:23:17+00:00","og_image":[{"width":962,"height":1000,"url":"https:\/\/www.bellunopress.it\/wp-content\/uploads\/2021\/04\/lettera-mail_edited.jpg","type":"image\/jpeg"}],"author":"redazione","twitter_card":"summary_large_image","twitter_creator":"@bellunopress","twitter_site":"@bellunopress","twitter_misc":{"\u00c9crit par":"redazione","Dur\u00e9e de lecture estim\u00e9e":"4 minutes"},"schema":{"@context":"https:\/\/schema.org","@graph":[{"@type":"Article","@id":"https:\/\/www.bellunopress.it\/2026\/08\/27\/lettera-aperta-sui-lavori-di-via-feltre\/#article","isPartOf":{"@id":"https:\/\/www.bellunopress.it\/2026\/08\/27\/lettera-aperta-sui-lavori-di-via-feltre\/"},"author":{"name":"redazione","@id":"https:\/\/www.bellunopress.it\/#\/schema\/person\/79bb06722b37ece1c03d3e94beb30d73"},"headline":"Lettera aperta sui lavori di via Feltre","datePublished":"2026-08-27T08:23:17+00:00","mainEntityOfPage":{"@id":"https:\/\/www.bellunopress.it\/2026\/08\/27\/lettera-aperta-sui-lavori-di-via-feltre\/"},"wordCount":591,"publisher":{"@id":"https:\/\/www.bellunopress.it\/#organization"},"image":{"@id":"https:\/\/www.bellunopress.it\/2026\/08\/27\/lettera-aperta-sui-lavori-di-via-feltre\/#primaryimage"},"thumbnailUrl":"https:\/\/www.bellunopress.it\/wp-content\/uploads\/2021\/04\/lettera-mail_edited.jpg","articleSection":["Lettere Opinioni"],"inLanguage":"fr-FR"},{"@type":"WebPage","@id":"https:\/\/www.bellunopress.it\/2026\/08\/27\/lettera-aperta-sui-lavori-di-via-feltre\/","url":"https:\/\/www.bellunopress.it\/2026\/08\/27\/lettera-aperta-sui-lavori-di-via-feltre\/","name":"Lettera aperta sui lavori di via Feltre - Bellunopress - Dolomiti","isPartOf":{"@id":"https:\/\/www.bellunopress.it\/#website"},"primaryImageOfPage":{"@id":"https:\/\/www.bellunopress.it\/2026\/08\/27\/lettera-aperta-sui-lavori-di-via-feltre\/#primaryimage"},"image":{"@id":"https:\/\/www.bellunopress.it\/2026\/08\/27\/lettera-aperta-sui-lavori-di-via-feltre\/#primaryimage"},"thumbnailUrl":"https:\/\/www.bellunopress.it\/wp-content\/uploads\/2021\/04\/lettera-mail_edited.jpg","datePublished":"2026-08-27T08:23:17+00:00","breadcrumb":{"@id":"https:\/\/www.bellunopress.it\/2026\/08\/27\/lettera-aperta-sui-lavori-di-via-feltre\/#breadcrumb"},"inLanguage":"fr-FR","potentialAction":[{"@type":"ReadAction","target":["https:\/\/www.bellunopress.it\/2026\/08\/27\/lettera-aperta-sui-lavori-di-via-feltre\/"]}]},{"@type":"ImageObject","inLanguage":"fr-FR","@id":"https:\/\/www.bellunopress.it\/2026\/08\/27\/lettera-aperta-sui-lavori-di-via-feltre\/#primaryimage","url":"https:\/\/www.bellunopress.it\/wp-content\/uploads\/2021\/04\/lettera-mail_edited.jpg","contentUrl":"https:\/\/www.bellunopress.it\/wp-content\/uploads\/2021\/04\/lettera-mail_edited.jpg","width":962,"height":1000},{"@type":"BreadcrumbList","@id":"https:\/\/www.bellunopress.it\/2026\/08\/27\/lettera-aperta-sui-lavori-di-via-feltre\/#breadcrumb","itemListElement":[{"@type":"ListItem","position":1,"name":"Home","item":"https:\/\/www.bellunopress.it\/"},{"@type":"ListItem","position":2,"name":"Lettera aperta sui lavori di via Feltre"}]},{"@type":"WebSite","@id":"https:\/\/www.bellunopress.it\/#website","url":"https:\/\/www.bellunopress.it\/","name":"Bellunopress - Dolomiti","description":"e-mail: redazione@bellunopress.it","publisher":{"@id":"https:\/\/www.bellunopress.it\/#organization"},"potentialAction":[{"@type":"SearchAction","target":{"@type":"EntryPoint","urlTemplate":"https:\/\/www.bellunopress.it\/?s={search_term_string}"},"query-input":{"@type":"PropertyValueSpecification","valueRequired":true,"valueName":"search_term_string"}}],"inLanguage":"fr-FR"},{"@type":"Organization","@id":"https:\/\/www.bellunopress.it\/#organization","name":"Bellunopress","url":"https:\/\/www.bellunopress.it\/","logo":{"@type":"ImageObject","inLanguage":"fr-FR","@id":"https:\/\/www.bellunopress.it\/#\/schema\/logo\/image\/","url":"https:\/\/www.bellunopress.it\/wp-content\/uploads\/2011\/05\/cropped-logo-bellunopress-.jpg","contentUrl":"https:\/\/www.bellunopress.it\/wp-content\/uploads\/2011\/05\/cropped-logo-bellunopress-.jpg","width":512,"height":512,"caption":"Bellunopress"},"image":{"@id":"https:\/\/www.bellunopress.it\/#\/schema\/logo\/image\/"},"sameAs":["https:\/\/www.facebook.com\/profile.php?id=100008943462799","https:\/\/x.com\/bellunopress","https:\/\/www.linkedin.com\/hp\/?dnr=JBzUWaJfMUw8vbXJJ2tVW5-I3jZKvC4wsoxE&amp;amp;amp;amp;amp;amp;trk=nav_responsive_tab_home","https:\/\/www.youtube.com\/channel\/UCxL0wu1uN0_3_7hGG0306cw"]},{"@type":"Person","@id":"https:\/\/www.bellunopress.it\/#\/schema\/person\/79bb06722b37ece1c03d3e94beb30d73","name":"r\u00e9daction","image":{"@type":"ImageObject","inLanguage":"fr-FR","@id":"https:\/\/secure.gravatar.com\/avatar\/37d968a2e67a6fd04c169c4bdef102d0bc5d31b2546345219e348575eb80e9a0?s=96&d=mm&r=g","url":"https:\/\/secure.gravatar.com\/avatar\/37d968a2e67a6fd04c169c4bdef102d0bc5d31b2546345219e348575eb80e9a0?s=96&d=mm&r=g","contentUrl":"https:\/\/secure.gravatar.com\/avatar\/37d968a2e67a6fd04c169c4bdef102d0bc5d31b2546345219e348575eb80e9a0?s=96&d=mm&r=g","caption":"redazione"},"sameAs":["http:\/\/www.bellunopress.it","https:\/\/x.com\/bellunopress"],"url":"https:\/\/www.bellunopress.it\/fr\/author\/redazione\/"}]}},"_links":{"self":[{"href":"https:\/\/www.bellunopress.it\/fr\/wp-json\/wp\/v2\/posts\/172917","targetHints":{"allow":["GET"]}}],"collection":[{"href":"https:\/\/www.bellunopress.it\/fr\/wp-json\/wp\/v2\/posts"}],"about":[{"href":"https:\/\/www.bellunopress.it\/fr\/wp-json\/wp\/v2\/types\/post"}],"author":[{"embeddable":true,"href":"https:\/\/www.bellunopress.it\/fr\/wp-json\/wp\/v2\/users\/2"}],"replies":[{"embeddable":true,"href":"https:\/\/www.bellunopress.it\/fr\/wp-json\/wp\/v2\/comments?post=172917"}],"version-history":[{"count":1,"href":"https:\/\/www.bellunopress.it\/fr\/wp-json\/wp\/v2\/posts\/172917\/revisions"}],"predecessor-version":[{"id":172918,"href":"https:\/\/www.bellunopress.it\/fr\/wp-json\/wp\/v2\/posts\/172917\/revisions\/172918"}],"wp:featuredmedia":[{"embeddable":true,"href":"https:\/\/www.bellunopress.it\/fr\/wp-json\/wp\/v2\/media\/123649"}],"wp:attachment":[{"href":"https:\/\/www.bellunopress.it\/fr\/wp-json\/wp\/v2\/media?parent=172917"}],"wp:term":[{"taxonomy":"category","embeddable":true,"href":"https:\/\/www.bellunopress.it\/fr\/wp-json\/wp\/v2\/categories?post=172917"},{"taxonomy":"post_tag","embeddable":true,"href":"https:\/\/www.bellunopress.it\/fr\/wp-json\/wp\/v2\/tags?post=172917"}],"curies":[{"name":"wp","href":"https:\/\/api.w.org\/{rel}","templated":true}]}}