{"id":172913,"date":"2026-08-27T09:56:40","date_gmt":"2026-08-27T07:56:40","guid":{"rendered":"https:\/\/www.bellunopress.it\/?p=172913"},"modified":"2026-08-27T09:56:40","modified_gmt":"2026-08-27T07:56:40","slug":"laboratorio-montagna-tra-lemergenza-del-clima-e-la-sfida-dellinnovazione-hi-tech-per-salvare-le-terre-alte","status":"publish","type":"post","link":"https:\/\/www.bellunopress.it\/fr\/2026\/08\/27\/laboratorio-montagna-tra-lemergenza-del-clima-e-la-sfida-dellinnovazione-hi-tech-per-salvare-le-terre-alte\/","title":{"rendered":"Laboratorio montagna: tra l&#8217;emergenza del clima e la sfida dell&#8217;innovazione hi-tech per salvare le terre alte"},"content":{"rendered":"<p data-path-to-node=\"0\"><strong>Dai drammatici segnali dei ghiacciai alle strategie di tutela idrica di Belluno, fino al progetto di Cortina per congelare il permafrost: quando la montagna diventa il motore culturale e tecnologico del futuro<\/strong><\/p>\n<p data-path-to-node=\"0\">Belluno, 27 agosto 2026 &#8211; La montagna non \u00e8 pi\u00f9 soltanto il rifugio silenzioso della contemplazione, la meta romantica degli escursionisti o il palcoscenico della grande tradizione sportiva. Oggi \u00e8 diventata il fronte avanzato e pi\u00f9 sensibile della crisi climatica globale, ma al tempo stesso un laboratorio straordinario di intelligenza tecnologica, ingegneria d\u2019avanguardia e resilienza culturale.<\/p>\n<p data-path-to-node=\"1\">Mentre in pianura gli effetti del riscaldamento globale si misurano nelle ondate di calore urbano, sulle grandi catene montuose la trasformazione \u00e8 drammatica, visibile e accelerata. Lo dimostra la cronaca recente. Il 26 agosto 2026, un gigantesco collasso glaciale tra il Nepal e il Tibet ha scatenato un&#8217;alluvione lampo devastante, causando almeno 165 vittime e oltre 1.300 dispersi. Un evento estremo che richiama tragicamente l&#8217;attenzione sulla fragilit\u00e0 delle terre alte di tutto il pianeta e sulla pressione esercitata dall&#8217;aumento delle emissioni di anidride carbonica nell&#8217;atmosfera.<\/p>\n<p data-path-to-node=\"2\">Il vero campanello d&#8217;allarme, rimasto troppo spesso inascoltato, risale alla COP di Parigi del 2015, quando i governi di tutto il mondo siglarono l&#8217;impegno storico a mantenere l&#8217;aumento della temperatura media globale al di sotto della soglia critica di 1,5\u00b0C. Una soglia che, drammaticamente, abbiamo gi\u00e0 raggiunto quest&#8217;anno. Oltre questo limite si apre il baratro dello scioglimento del permafrost, il cemento sotterraneo delle montagne: un processo che rischia di liberare in atmosfera una quantit\u00e0 di CO2 doppia rispetto a quella attualmente presente, spingendo la concentrazione globale fino a circa 1.200 ppm e innescando un circolo vizioso climatico senza ritorno.<\/p>\n<figure id=\"attachment_172914\" aria-describedby=\"caption-attachment-172914\" style=\"width: 600px\" class=\"wp-caption aligncenter\"><img loading=\"lazy\" decoding=\"async\" class=\"size-full wp-image-172914\" src=\"https:\/\/www.bellunopress.it\/wp-content\/uploads\/2026\/08\/Montagna-Dolomiti.jpg\" alt=\"\" width=\"600\" height=\"450\" srcset=\"https:\/\/www.bellunopress.it\/wp-content\/uploads\/2026\/08\/Montagna-Dolomiti.jpg 600w, https:\/\/www.bellunopress.it\/wp-content\/uploads\/2026\/08\/Montagna-Dolomiti-500x375.jpg 500w, https:\/\/www.bellunopress.it\/wp-content\/uploads\/2026\/08\/Montagna-Dolomiti-560x420.jpg 560w, https:\/\/www.bellunopress.it\/wp-content\/uploads\/2026\/08\/Montagna-Dolomiti-80x60.jpg 80w, https:\/\/www.bellunopress.it\/wp-content\/uploads\/2026\/08\/Montagna-Dolomiti-150x113.jpg 150w, https:\/\/www.bellunopress.it\/wp-content\/uploads\/2026\/08\/Montagna-Dolomiti-300x225.jpg 300w\" sizes=\"auto, (max-width: 600px) 100vw, 600px\" \/><figcaption id=\"caption-attachment-172914\" class=\"wp-caption-text\">Panorama invernale della montagna dal Rifugio Lagazuoi<\/figcaption><\/figure>\n<p data-path-to-node=\"3\">In questo scenario di profonda incertezza, la risposta non pu\u00f2 ridursi alla gestione delle emergenze, ma deve fondarsi su programmazione, monitoraggio scientifico e innovazione tecnologica. Un cambio di passo culturale e politico emerso con forza anche in Italia, a partire da territori simbolo come le Dolomiti.<\/p>\n<p data-path-to-node=\"4\">Lo scorso 9 maggio, la sala degli Stemmi del Municipio di Feltre ha ospitato il convegno <i data-path-to-node=\"4\" data-index-in-node=\"89\">\u201cIl cambiamento climatico e l\u2019impatto sul ciclo dell\u2019acqua in territorio montano\u201d<\/i>, promosso dal Centro Studi Bellunese. Davanti a una platea che comprendeva amministratori, tecnici e i giovani dell&#8217;Istituto agrario &#8216;Della Lucia&#8217; e del Liceo delle Scienze umane di Feltre, il presidente del Centro Studi, Giovanni Piccoli, ha sottolineato la necessit\u00e0 urgente di tradurre i dati scientifici in scelte di pianificazione concreta.<\/p>\n<p data-path-to-node=\"5\">I dati presentati da ARPAV delineano una tendenza inequivocabile. Stefano Micheletti ha evidenziato come, nel trentennio 1996-2025, il trend delle temperature medie annue in Veneto registri un aumento costante e statisticamente significativo di +0,6 \u00b0C ogni dieci anni, alimentato da una concentrazione di CO2 che a marzo 2026 ha toccato i 433,59 ppm. Un riscaldamento che, come spiegato da Francesco Domenichini, sta stravolgendo il regime nivometrico: tra le Dolomiti e le Prealpi, il deficit di precipitazione nevosa ha raggiunto il 30 percento, riducendo lo spessore medio della neve a livelli minimi storici e accelerandone la fusione precoce.<\/p>\n<p data-path-to-node=\"6\">La provincia di Belluno si conferma cos\u00ec una vera e propria &#8220;torre dell\u2019acqua&#8221; strategica per l&#8217;intera pianura veneta, con un effetto a catena che si ripercuote sull&#8217;energia idroelettrica, sull&#8217;agricoltura, sul turismo e sulla disponibilit\u00e0 di acqua potabile. Di fronte a questa vulnerabilit\u00e0, la risposta passa per la programmazione infrastrutturale illustrata dal direttore del Consiglio di Bacino Dolomiti Bellunesi, Giuseppe Romanello, che spinge verso investimenti mirati alla riduzione delle perdite, alle interconnessioni e al riuso delle acque reflue, in linea con le direttive europee di adattamento.<\/p>\n<p data-path-to-node=\"7\">Ma la montagna non subisce soltanto i cambiamenti climatici: impara a fronteggiarli inventando il futuro. A Cortina d\u2019Ampezzo, la stazione di monte della seggiovia di Ra Valles \u00e8 diventata il teatro di una sperimentazione ingegneristica d&#8217;avanguardia: il progetto <i data-path-to-node=\"7\" data-index-in-node=\"264\">\u201cRescue permafrost\u201d<\/i>.<\/p>\n<p data-path-to-node=\"8\">Ideato da un team multidisciplinare guidato dall&#8217;ingegner Mario Vascellari di Tofana Srl, insieme a esperti di geologia, termotecnica e mondo accademico, il progetto si muove su un paradosso virtuoso: se il sole \u00e8 la principale causa del riscaldamento superficiale in alta quota, sar\u00e0 ancora il sole a fornire l&#8217;energia per raffreddarlo. Sfruttando un ciclo frigorifero avanzato alimentato esclusivamente da un impianto fotovoltaico e geotermico a zero emissioni, il sistema trasferisce il calore lontano dal terreno ghiacciato, rallentandone lo scioglimento. Un esempio concreto di come l&#8217;ingegno umano e la tecnologia possano unire sport, conservazione ambientale e ricerca scientifica in quota.<\/p>\n<p data-path-to-node=\"9\">La montagna, insomma, \u00e8 un laboratorio di civilt\u00e0. Tra innovazioni ingegneristiche per salvare i ghiacci, strategie di gestione idrica lungimiranti e la riscoperta di una cultura della prevenzione che parte dalle scuole, le terre alte dimostrano che la sfida climatica non si vince con la rassegnazione, ma trasformando il limite in una straordinaria occasione di progresso.<\/p>\n<p data-path-to-node=\"9\">Roberto De Nart<\/p>","protected":false},"excerpt":{"rendered":"<p>Dai drammatici segnali dei ghiacciai alle strategie di tutela idrica di Belluno, fino al progetto di Cortina per congelare il permafrost: quando la montagna diventa il motore culturale e tecnologico del futuro Belluno, 27 agosto 2026 &#8211; La montagna non \u00e8 pi\u00f9 soltanto il rifugio silenzioso della contemplazione, la meta romantica degli escursionisti o il [&hellip;]<\/p>\n","protected":false},"author":2,"featured_media":172915,"comment_status":"closed","ping_status":"open","sticky":false,"template":"","format":"standard","meta":{"footnotes":""},"categories":[5,3446,26],"tags":[],"class_list":["post-172913","post","type-post","status-publish","format-standard","has-post-thumbnail","category-cronaca","category-featured","category-prima-pagina"],"yoast_head":"<!-- This site is optimized with the Yoast SEO plugin v28.4 - https:\/\/yoast.com\/product\/yoast-seo-wordpress\/ -->\n<title>Laboratorio montagna: tra l&#039;emergenza del clima e la sfida dell&#039;innovazione hi-tech per salvare le terre alte - Bellunopress - Dolomiti<\/title>\n<meta name=\"robots\" content=\"index, follow, max-snippet:-1, max-image-preview:large, max-video-preview:-1\" \/>\n<link rel=\"canonical\" href=\"https:\/\/www.bellunopress.it\/fr\/2026\/08\/27\/laboratorio-montagna-tra-lemergenza-del-clima-e-la-sfida-dellinnovazione-hi-tech-per-salvare-le-terre-alte\/\" \/>\n<meta property=\"og:locale\" content=\"fr_FR\" \/>\n<meta property=\"og:type\" content=\"article\" \/>\n<meta property=\"og:title\" content=\"Laboratorio montagna: tra l&#039;emergenza del clima e la sfida dell&#039;innovazione hi-tech per salvare le terre alte - Bellunopress - Dolomiti\" \/>\n<meta property=\"og:description\" content=\"Dai drammatici segnali dei ghiacciai alle strategie di tutela idrica di Belluno, fino al progetto di Cortina per congelare il permafrost: quando la montagna diventa il motore culturale e tecnologico del futuro Belluno, 27 agosto 2026 &#8211; La montagna non \u00e8 pi\u00f9 soltanto il rifugio silenzioso della contemplazione, la meta romantica degli escursionisti o il [&hellip;]\" \/>\n<meta property=\"og:url\" content=\"https:\/\/www.bellunopress.it\/fr\/2026\/08\/27\/laboratorio-montagna-tra-lemergenza-del-clima-e-la-sfida-dellinnovazione-hi-tech-per-salvare-le-terre-alte\/\" \/>\n<meta property=\"og:site_name\" content=\"Bellunopress - Dolomiti\" \/>\n<meta property=\"article:publisher\" content=\"https:\/\/www.facebook.com\/profile.php?id=100008943462799\" \/>\n<meta property=\"article:published_time\" content=\"2026-08-27T07:56:40+00:00\" \/>\n<meta property=\"og:image\" content=\"https:\/\/www.bellunopress.it\/wp-content\/uploads\/2026\/08\/Rifugio-agazuoi.jpg\" \/>\n\t<meta property=\"og:image:width\" content=\"600\" \/>\n\t<meta property=\"og:image:height\" content=\"366\" \/>\n\t<meta property=\"og:image:type\" content=\"image\/jpeg\" \/>\n<meta name=\"author\" content=\"redazione\" \/>\n<meta name=\"twitter:card\" content=\"summary_large_image\" \/>\n<meta name=\"twitter:creator\" content=\"@bellunopress\" \/>\n<meta name=\"twitter:site\" content=\"@bellunopress\" \/>\n<meta name=\"twitter:label1\" content=\"\u00c9crit par\" \/>\n\t<meta name=\"twitter:data1\" content=\"redazione\" \/>\n\t<meta name=\"twitter:label2\" content=\"Dur\u00e9e de lecture estim\u00e9e\" \/>\n\t<meta name=\"twitter:data2\" content=\"5 minutes\" \/>\n<script type=\"application\/ld+json\" class=\"yoast-schema-graph\">{\"@context\":\"https:\\\/\\\/schema.org\",\"@graph\":[{\"@type\":\"Article\",\"@id\":\"https:\\\/\\\/www.bellunopress.it\\\/2026\\\/08\\\/27\\\/laboratorio-montagna-tra-lemergenza-del-clima-e-la-sfida-dellinnovazione-hi-tech-per-salvare-le-terre-alte\\\/#article\",\"isPartOf\":{\"@id\":\"https:\\\/\\\/www.bellunopress.it\\\/2026\\\/08\\\/27\\\/laboratorio-montagna-tra-lemergenza-del-clima-e-la-sfida-dellinnovazione-hi-tech-per-salvare-le-terre-alte\\\/\"},\"author\":{\"name\":\"redazione\",\"@id\":\"https:\\\/\\\/www.bellunopress.it\\\/#\\\/schema\\\/person\\\/79bb06722b37ece1c03d3e94beb30d73\"},\"headline\":\"Laboratorio montagna: tra l&#8217;emergenza del clima e la sfida dell&#8217;innovazione hi-tech per salvare le terre alte\",\"datePublished\":\"2026-08-27T07:56:40+00:00\",\"mainEntityOfPage\":{\"@id\":\"https:\\\/\\\/www.bellunopress.it\\\/2026\\\/08\\\/27\\\/laboratorio-montagna-tra-lemergenza-del-clima-e-la-sfida-dellinnovazione-hi-tech-per-salvare-le-terre-alte\\\/\"},\"wordCount\":809,\"publisher\":{\"@id\":\"https:\\\/\\\/www.bellunopress.it\\\/#organization\"},\"image\":{\"@id\":\"https:\\\/\\\/www.bellunopress.it\\\/2026\\\/08\\\/27\\\/laboratorio-montagna-tra-lemergenza-del-clima-e-la-sfida-dellinnovazione-hi-tech-per-salvare-le-terre-alte\\\/#primaryimage\"},\"thumbnailUrl\":\"https:\\\/\\\/www.bellunopress.it\\\/wp-content\\\/uploads\\\/2026\\\/08\\\/Rifugio-agazuoi.jpg\",\"articleSection\":[\"Cronaca\\\/Politica\",\"Featured\",\"Prima Pagina\"],\"inLanguage\":\"fr-FR\"},{\"@type\":\"WebPage\",\"@id\":\"https:\\\/\\\/www.bellunopress.it\\\/2026\\\/08\\\/27\\\/laboratorio-montagna-tra-lemergenza-del-clima-e-la-sfida-dellinnovazione-hi-tech-per-salvare-le-terre-alte\\\/\",\"url\":\"https:\\\/\\\/www.bellunopress.it\\\/2026\\\/08\\\/27\\\/laboratorio-montagna-tra-lemergenza-del-clima-e-la-sfida-dellinnovazione-hi-tech-per-salvare-le-terre-alte\\\/\",\"name\":\"Laboratorio montagna: tra l'emergenza del clima e la sfida dell'innovazione hi-tech per salvare le terre alte - Bellunopress - Dolomiti\",\"isPartOf\":{\"@id\":\"https:\\\/\\\/www.bellunopress.it\\\/#website\"},\"primaryImageOfPage\":{\"@id\":\"https:\\\/\\\/www.bellunopress.it\\\/2026\\\/08\\\/27\\\/laboratorio-montagna-tra-lemergenza-del-clima-e-la-sfida-dellinnovazione-hi-tech-per-salvare-le-terre-alte\\\/#primaryimage\"},\"image\":{\"@id\":\"https:\\\/\\\/www.bellunopress.it\\\/2026\\\/08\\\/27\\\/laboratorio-montagna-tra-lemergenza-del-clima-e-la-sfida-dellinnovazione-hi-tech-per-salvare-le-terre-alte\\\/#primaryimage\"},\"thumbnailUrl\":\"https:\\\/\\\/www.bellunopress.it\\\/wp-content\\\/uploads\\\/2026\\\/08\\\/Rifugio-agazuoi.jpg\",\"datePublished\":\"2026-08-27T07:56:40+00:00\",\"breadcrumb\":{\"@id\":\"https:\\\/\\\/www.bellunopress.it\\\/2026\\\/08\\\/27\\\/laboratorio-montagna-tra-lemergenza-del-clima-e-la-sfida-dellinnovazione-hi-tech-per-salvare-le-terre-alte\\\/#breadcrumb\"},\"inLanguage\":\"fr-FR\",\"potentialAction\":[{\"@type\":\"ReadAction\",\"target\":[\"https:\\\/\\\/www.bellunopress.it\\\/2026\\\/08\\\/27\\\/laboratorio-montagna-tra-lemergenza-del-clima-e-la-sfida-dellinnovazione-hi-tech-per-salvare-le-terre-alte\\\/\"]}]},{\"@type\":\"ImageObject\",\"inLanguage\":\"fr-FR\",\"@id\":\"https:\\\/\\\/www.bellunopress.it\\\/2026\\\/08\\\/27\\\/laboratorio-montagna-tra-lemergenza-del-clima-e-la-sfida-dellinnovazione-hi-tech-per-salvare-le-terre-alte\\\/#primaryimage\",\"url\":\"https:\\\/\\\/www.bellunopress.it\\\/wp-content\\\/uploads\\\/2026\\\/08\\\/Rifugio-agazuoi.jpg\",\"contentUrl\":\"https:\\\/\\\/www.bellunopress.it\\\/wp-content\\\/uploads\\\/2026\\\/08\\\/Rifugio-agazuoi.jpg\",\"width\":600,\"height\":366,\"caption\":\"Rifugio Lagazuoi - Cortina d'Ampezzo\"},{\"@type\":\"BreadcrumbList\",\"@id\":\"https:\\\/\\\/www.bellunopress.it\\\/2026\\\/08\\\/27\\\/laboratorio-montagna-tra-lemergenza-del-clima-e-la-sfida-dellinnovazione-hi-tech-per-salvare-le-terre-alte\\\/#breadcrumb\",\"itemListElement\":[{\"@type\":\"ListItem\",\"position\":1,\"name\":\"Home\",\"item\":\"https:\\\/\\\/www.bellunopress.it\\\/\"},{\"@type\":\"ListItem\",\"position\":2,\"name\":\"Laboratorio montagna: tra l&#8217;emergenza del clima e la sfida dell&#8217;innovazione hi-tech per salvare le terre alte\"}]},{\"@type\":\"WebSite\",\"@id\":\"https:\\\/\\\/www.bellunopress.it\\\/#website\",\"url\":\"https:\\\/\\\/www.bellunopress.it\\\/\",\"name\":\"Bellunopress - Dolomiti\",\"description\":\"e-mail: redazione@bellunopress.it\",\"publisher\":{\"@id\":\"https:\\\/\\\/www.bellunopress.it\\\/#organization\"},\"potentialAction\":[{\"@type\":\"SearchAction\",\"target\":{\"@type\":\"EntryPoint\",\"urlTemplate\":\"https:\\\/\\\/www.bellunopress.it\\\/?s={search_term_string}\"},\"query-input\":{\"@type\":\"PropertyValueSpecification\",\"valueRequired\":true,\"valueName\":\"search_term_string\"}}],\"inLanguage\":\"fr-FR\"},{\"@type\":\"Organization\",\"@id\":\"https:\\\/\\\/www.bellunopress.it\\\/#organization\",\"name\":\"Bellunopress\",\"url\":\"https:\\\/\\\/www.bellunopress.it\\\/\",\"logo\":{\"@type\":\"ImageObject\",\"inLanguage\":\"fr-FR\",\"@id\":\"https:\\\/\\\/www.bellunopress.it\\\/#\\\/schema\\\/logo\\\/image\\\/\",\"url\":\"https:\\\/\\\/www.bellunopress.it\\\/wp-content\\\/uploads\\\/2011\\\/05\\\/cropped-logo-bellunopress-.jpg\",\"contentUrl\":\"https:\\\/\\\/www.bellunopress.it\\\/wp-content\\\/uploads\\\/2011\\\/05\\\/cropped-logo-bellunopress-.jpg\",\"width\":512,\"height\":512,\"caption\":\"Bellunopress\"},\"image\":{\"@id\":\"https:\\\/\\\/www.bellunopress.it\\\/#\\\/schema\\\/logo\\\/image\\\/\"},\"sameAs\":[\"https:\\\/\\\/www.facebook.com\\\/profile.php?id=100008943462799\",\"https:\\\/\\\/x.com\\\/bellunopress\",\"https:\\\/\\\/www.linkedin.com\\\/hp\\\/?dnr=JBzUWaJfMUw8vbXJJ2tVW5-I3jZKvC4wsoxE&amp;amp;amp;amp;amp;amp;trk=nav_responsive_tab_home\",\"https:\\\/\\\/www.youtube.com\\\/channel\\\/UCxL0wu1uN0_3_7hGG0306cw\"]},{\"@type\":\"Person\",\"@id\":\"https:\\\/\\\/www.bellunopress.it\\\/#\\\/schema\\\/person\\\/79bb06722b37ece1c03d3e94beb30d73\",\"name\":\"redazione\",\"image\":{\"@type\":\"ImageObject\",\"inLanguage\":\"fr-FR\",\"@id\":\"https:\\\/\\\/secure.gravatar.com\\\/avatar\\\/37d968a2e67a6fd04c169c4bdef102d0bc5d31b2546345219e348575eb80e9a0?s=96&d=mm&r=g\",\"url\":\"https:\\\/\\\/secure.gravatar.com\\\/avatar\\\/37d968a2e67a6fd04c169c4bdef102d0bc5d31b2546345219e348575eb80e9a0?s=96&d=mm&r=g\",\"contentUrl\":\"https:\\\/\\\/secure.gravatar.com\\\/avatar\\\/37d968a2e67a6fd04c169c4bdef102d0bc5d31b2546345219e348575eb80e9a0?s=96&d=mm&r=g\",\"caption\":\"redazione\"},\"sameAs\":[\"http:\\\/\\\/www.bellunopress.it\",\"https:\\\/\\\/x.com\\\/bellunopress\"],\"url\":\"https:\\\/\\\/www.bellunopress.it\\\/fr\\\/author\\\/redazione\\\/\"}]}<\/script>\n<!-- \/ Yoast SEO plugin. -->","yoast_head_json":{"title":"Laboratorio montagna: tra l'emergenza del clima e la sfida dell'innovazione hi-tech per salvare le terre alte - Bellunopress - Dolomiti","robots":{"index":"index","follow":"follow","max-snippet":"max-snippet:-1","max-image-preview":"max-image-preview:large","max-video-preview":"max-video-preview:-1"},"canonical":"https:\/\/www.bellunopress.it\/fr\/2026\/08\/27\/laboratorio-montagna-tra-lemergenza-del-clima-e-la-sfida-dellinnovazione-hi-tech-per-salvare-le-terre-alte\/","og_locale":"fr_FR","og_type":"article","og_title":"Laboratorio montagna: tra l'emergenza del clima e la sfida dell'innovazione hi-tech per salvare le terre alte - Bellunopress - Dolomiti","og_description":"Dai drammatici segnali dei ghiacciai alle strategie di tutela idrica di Belluno, fino al progetto di Cortina per congelare il permafrost: quando la montagna diventa il motore culturale e tecnologico del futuro Belluno, 27 agosto 2026 &#8211; La montagna non \u00e8 pi\u00f9 soltanto il rifugio silenzioso della contemplazione, la meta romantica degli escursionisti o il [&hellip;]","og_url":"https:\/\/www.bellunopress.it\/fr\/2026\/08\/27\/laboratorio-montagna-tra-lemergenza-del-clima-e-la-sfida-dellinnovazione-hi-tech-per-salvare-le-terre-alte\/","og_site_name":"Bellunopress - Dolomiti","article_publisher":"https:\/\/www.facebook.com\/profile.php?id=100008943462799","article_published_time":"2026-08-27T07:56:40+00:00","og_image":[{"width":600,"height":366,"url":"https:\/\/www.bellunopress.it\/wp-content\/uploads\/2026\/08\/Rifugio-agazuoi.jpg","type":"image\/jpeg"}],"author":"redazione","twitter_card":"summary_large_image","twitter_creator":"@bellunopress","twitter_site":"@bellunopress","twitter_misc":{"\u00c9crit par":"redazione","Dur\u00e9e de lecture estim\u00e9e":"5 minutes"},"schema":{"@context":"https:\/\/schema.org","@graph":[{"@type":"Article","@id":"https:\/\/www.bellunopress.it\/2026\/08\/27\/laboratorio-montagna-tra-lemergenza-del-clima-e-la-sfida-dellinnovazione-hi-tech-per-salvare-le-terre-alte\/#article","isPartOf":{"@id":"https:\/\/www.bellunopress.it\/2026\/08\/27\/laboratorio-montagna-tra-lemergenza-del-clima-e-la-sfida-dellinnovazione-hi-tech-per-salvare-le-terre-alte\/"},"author":{"name":"redazione","@id":"https:\/\/www.bellunopress.it\/#\/schema\/person\/79bb06722b37ece1c03d3e94beb30d73"},"headline":"Laboratorio montagna: tra l&#8217;emergenza del clima e la sfida dell&#8217;innovazione hi-tech per salvare le terre alte","datePublished":"2026-08-27T07:56:40+00:00","mainEntityOfPage":{"@id":"https:\/\/www.bellunopress.it\/2026\/08\/27\/laboratorio-montagna-tra-lemergenza-del-clima-e-la-sfida-dellinnovazione-hi-tech-per-salvare-le-terre-alte\/"},"wordCount":809,"publisher":{"@id":"https:\/\/www.bellunopress.it\/#organization"},"image":{"@id":"https:\/\/www.bellunopress.it\/2026\/08\/27\/laboratorio-montagna-tra-lemergenza-del-clima-e-la-sfida-dellinnovazione-hi-tech-per-salvare-le-terre-alte\/#primaryimage"},"thumbnailUrl":"https:\/\/www.bellunopress.it\/wp-content\/uploads\/2026\/08\/Rifugio-agazuoi.jpg","articleSection":["Cronaca\/Politica","Featured","Prima Pagina"],"inLanguage":"fr-FR"},{"@type":"WebPage","@id":"https:\/\/www.bellunopress.it\/2026\/08\/27\/laboratorio-montagna-tra-lemergenza-del-clima-e-la-sfida-dellinnovazione-hi-tech-per-salvare-le-terre-alte\/","url":"https:\/\/www.bellunopress.it\/2026\/08\/27\/laboratorio-montagna-tra-lemergenza-del-clima-e-la-sfida-dellinnovazione-hi-tech-per-salvare-le-terre-alte\/","name":"Laboratorio montagna: tra l'emergenza del clima e la sfida dell'innovazione hi-tech per salvare le terre alte - Bellunopress - Dolomiti","isPartOf":{"@id":"https:\/\/www.bellunopress.it\/#website"},"primaryImageOfPage":{"@id":"https:\/\/www.bellunopress.it\/2026\/08\/27\/laboratorio-montagna-tra-lemergenza-del-clima-e-la-sfida-dellinnovazione-hi-tech-per-salvare-le-terre-alte\/#primaryimage"},"image":{"@id":"https:\/\/www.bellunopress.it\/2026\/08\/27\/laboratorio-montagna-tra-lemergenza-del-clima-e-la-sfida-dellinnovazione-hi-tech-per-salvare-le-terre-alte\/#primaryimage"},"thumbnailUrl":"https:\/\/www.bellunopress.it\/wp-content\/uploads\/2026\/08\/Rifugio-agazuoi.jpg","datePublished":"2026-08-27T07:56:40+00:00","breadcrumb":{"@id":"https:\/\/www.bellunopress.it\/2026\/08\/27\/laboratorio-montagna-tra-lemergenza-del-clima-e-la-sfida-dellinnovazione-hi-tech-per-salvare-le-terre-alte\/#breadcrumb"},"inLanguage":"fr-FR","potentialAction":[{"@type":"ReadAction","target":["https:\/\/www.bellunopress.it\/2026\/08\/27\/laboratorio-montagna-tra-lemergenza-del-clima-e-la-sfida-dellinnovazione-hi-tech-per-salvare-le-terre-alte\/"]}]},{"@type":"ImageObject","inLanguage":"fr-FR","@id":"https:\/\/www.bellunopress.it\/2026\/08\/27\/laboratorio-montagna-tra-lemergenza-del-clima-e-la-sfida-dellinnovazione-hi-tech-per-salvare-le-terre-alte\/#primaryimage","url":"https:\/\/www.bellunopress.it\/wp-content\/uploads\/2026\/08\/Rifugio-agazuoi.jpg","contentUrl":"https:\/\/www.bellunopress.it\/wp-content\/uploads\/2026\/08\/Rifugio-agazuoi.jpg","width":600,"height":366,"caption":"Rifugio Lagazuoi - Cortina d'Ampezzo"},{"@type":"BreadcrumbList","@id":"https:\/\/www.bellunopress.it\/2026\/08\/27\/laboratorio-montagna-tra-lemergenza-del-clima-e-la-sfida-dellinnovazione-hi-tech-per-salvare-le-terre-alte\/#breadcrumb","itemListElement":[{"@type":"ListItem","position":1,"name":"Home","item":"https:\/\/www.bellunopress.it\/"},{"@type":"ListItem","position":2,"name":"Laboratorio montagna: tra l&#8217;emergenza del clima e la sfida dell&#8217;innovazione hi-tech per salvare le terre alte"}]},{"@type":"WebSite","@id":"https:\/\/www.bellunopress.it\/#website","url":"https:\/\/www.bellunopress.it\/","name":"Bellunopress - Dolomiti","description":"e-mail: redazione@bellunopress.it","publisher":{"@id":"https:\/\/www.bellunopress.it\/#organization"},"potentialAction":[{"@type":"SearchAction","target":{"@type":"EntryPoint","urlTemplate":"https:\/\/www.bellunopress.it\/?s={search_term_string}"},"query-input":{"@type":"PropertyValueSpecification","valueRequired":true,"valueName":"search_term_string"}}],"inLanguage":"fr-FR"},{"@type":"Organization","@id":"https:\/\/www.bellunopress.it\/#organization","name":"Bellunopress","url":"https:\/\/www.bellunopress.it\/","logo":{"@type":"ImageObject","inLanguage":"fr-FR","@id":"https:\/\/www.bellunopress.it\/#\/schema\/logo\/image\/","url":"https:\/\/www.bellunopress.it\/wp-content\/uploads\/2011\/05\/cropped-logo-bellunopress-.jpg","contentUrl":"https:\/\/www.bellunopress.it\/wp-content\/uploads\/2011\/05\/cropped-logo-bellunopress-.jpg","width":512,"height":512,"caption":"Bellunopress"},"image":{"@id":"https:\/\/www.bellunopress.it\/#\/schema\/logo\/image\/"},"sameAs":["https:\/\/www.facebook.com\/profile.php?id=100008943462799","https:\/\/x.com\/bellunopress","https:\/\/www.linkedin.com\/hp\/?dnr=JBzUWaJfMUw8vbXJJ2tVW5-I3jZKvC4wsoxE&amp;amp;amp;amp;amp;amp;trk=nav_responsive_tab_home","https:\/\/www.youtube.com\/channel\/UCxL0wu1uN0_3_7hGG0306cw"]},{"@type":"Person","@id":"https:\/\/www.bellunopress.it\/#\/schema\/person\/79bb06722b37ece1c03d3e94beb30d73","name":"r\u00e9daction","image":{"@type":"ImageObject","inLanguage":"fr-FR","@id":"https:\/\/secure.gravatar.com\/avatar\/37d968a2e67a6fd04c169c4bdef102d0bc5d31b2546345219e348575eb80e9a0?s=96&d=mm&r=g","url":"https:\/\/secure.gravatar.com\/avatar\/37d968a2e67a6fd04c169c4bdef102d0bc5d31b2546345219e348575eb80e9a0?s=96&d=mm&r=g","contentUrl":"https:\/\/secure.gravatar.com\/avatar\/37d968a2e67a6fd04c169c4bdef102d0bc5d31b2546345219e348575eb80e9a0?s=96&d=mm&r=g","caption":"redazione"},"sameAs":["http:\/\/www.bellunopress.it","https:\/\/x.com\/bellunopress"],"url":"https:\/\/www.bellunopress.it\/fr\/author\/redazione\/"}]}},"_links":{"self":[{"href":"https:\/\/www.bellunopress.it\/fr\/wp-json\/wp\/v2\/posts\/172913","targetHints":{"allow":["GET"]}}],"collection":[{"href":"https:\/\/www.bellunopress.it\/fr\/wp-json\/wp\/v2\/posts"}],"about":[{"href":"https:\/\/www.bellunopress.it\/fr\/wp-json\/wp\/v2\/types\/post"}],"author":[{"embeddable":true,"href":"https:\/\/www.bellunopress.it\/fr\/wp-json\/wp\/v2\/users\/2"}],"replies":[{"embeddable":true,"href":"https:\/\/www.bellunopress.it\/fr\/wp-json\/wp\/v2\/comments?post=172913"}],"version-history":[{"count":1,"href":"https:\/\/www.bellunopress.it\/fr\/wp-json\/wp\/v2\/posts\/172913\/revisions"}],"predecessor-version":[{"id":172916,"href":"https:\/\/www.bellunopress.it\/fr\/wp-json\/wp\/v2\/posts\/172913\/revisions\/172916"}],"wp:featuredmedia":[{"embeddable":true,"href":"https:\/\/www.bellunopress.it\/fr\/wp-json\/wp\/v2\/media\/172915"}],"wp:attachment":[{"href":"https:\/\/www.bellunopress.it\/fr\/wp-json\/wp\/v2\/media?parent=172913"}],"wp:term":[{"taxonomy":"category","embeddable":true,"href":"https:\/\/www.bellunopress.it\/fr\/wp-json\/wp\/v2\/categories?post=172913"},{"taxonomy":"post_tag","embeddable":true,"href":"https:\/\/www.bellunopress.it\/fr\/wp-json\/wp\/v2\/tags?post=172913"}],"curies":[{"name":"wp","href":"https:\/\/api.w.org\/{rel}","templated":true}]}}