{"id":172892,"date":"2026-08-26T12:41:32","date_gmt":"2026-08-26T10:41:32","guid":{"rendered":"https:\/\/www.bellunopress.it\/?p=172892"},"modified":"2026-08-26T12:41:32","modified_gmt":"2026-08-26T10:41:32","slug":"belluno-volley-il-presidente-da-rold-e-la-nuova-avventura-in-a2","status":"publish","type":"post","link":"https:\/\/www.bellunopress.it\/fr\/2026\/08\/26\/belluno-volley-il-presidente-da-rold-e-la-nuova-avventura-in-a2\/","title":{"rendered":"Belluno Volley. Il presidente Da Rold e la nuova avventura in A2"},"content":{"rendered":"<p><strong>Sandro Da Rold: \u00abVogliamo emozionare il nostro pubblico\u00bb<\/strong><\/p>\n<p>La Serie A2 bussa alle porte della VHV Arena. E per il presidente del Belluno Volley, Sandro Da Rold, il dirompente entusiasmo \u00e8 accompagnato dalla consapevolezza di aver costruito nel tempo le solide fondamenta per affrontare una sfida di cos\u00ec alto profilo. \u00ab\u00c8 enorme l&#8217;emozione di affrontare la A2 &#8211; afferma -. Dopo cinque anni di A3, utilissimi per far crescere e consolidare la societ\u00e0, finalmente iniziamo questo campionato\u00bb.<\/p>\n<p>Un traguardo che non arriva per caso, ma al termine di un percorso nel quale il Belluno Volley ha cementato in maniera progressiva ogni componente della propria struttura. \u00abAbbiamo ulteriormente ampliato l&#8217;organigramma con un professionista del calibro di Gian Luca Schmidt, direttore commerciale e marketing. Per quanta passione possa avere il presidente \u2013 sorride \u2013 serve un centinaio di sponsor per sostenere una simile avventura dal punto di vista economico\u00bb.<\/p>\n<p>Anche sul taraflex il salto di qualit\u00e0 \u00e8 evidente. Il mercato, infatti, ha portato all&#8217;ombra delle Dolomiti ben dieci volti nuovi, compresi due atleti di livello internazionale: l&#8217;estone Karli Allik e l&#8217;egiziano Ahmed Azab. \u00abMai mi sarei immaginato di vedere giocatori di simile caratura a Belluno\u00bb. Un investimento importante, dunque, ma accompagnato da una prospettiva diversa rispetto alle ultime stagioni. Perch\u00e9 la A2 cambia pure il metro di giudizio: \u00abRispetto agli anni scorsi, in A3, non dobbiamo vincere il campionato. E, di conseguenza, paradossalmente avremo meno pressione\u00bb.<\/p>\n<p>Se il traguardo sportivo sar\u00e0 orientato a consolidare la categoria, il sogno del presidente va oltre la classifica. E abbraccia la VHV Arena: \u00abIl nostro grande obiettivo \u00e8 far emozionare il pubblico e aumentare la presenza dei tifosi sulle tribune\u00bb. Un risultato che, secondo Da Rold, passa dalla qualit\u00e0 dello spettacolo e dal rapporto con chi sostiene il gruppo allenato da coach Mastrangelo: \u00ab\u00c8 necessario coltivare il bel gioco e l&#8217;empatia con i nostri supporter\u00bb.<\/p>\n<p>Il presidente non ha dubbi: \u00abVoglio una squadra che abbia coraggio e faccia divertire, anche prendendosi qualche rischio in battuta\u00bb. La filosofia di pensiero porta a un Belluno Volley capace di affrontare senza timori una categoria nuova, provando a trasformare ogni partita in un&#8217;occasione per creare entusiasmo. Perch\u00e9 la Serie A2, prima ancora di essere una sfida affascinante, rappresenta la possibilit\u00e0 di restituire qualcosa a una piazza che ha accompagnato la crescita dei rinoceronti. \u00abVogliamo emozionare\u00bb: il messaggio di Sandro Da Rold \u00e8 chiaro. E la prima stagione in A2 comincia proprio da qui: dal desiderio di riempire la VHV Arena e trasformarla, partita dopo partita, nel fortino dei rinoceronti.<\/p>","protected":false},"excerpt":{"rendered":"<p>Sandro Da Rold: \u00abVogliamo emozionare il nostro pubblico\u00bb La Serie A2 bussa alle porte della VHV Arena. E per il presidente del Belluno Volley, Sandro Da Rold, il dirompente entusiasmo \u00e8 accompagnato dalla consapevolezza di aver costruito nel tempo le solide fondamenta per affrontare una sfida di cos\u00ec alto profilo. \u00ab\u00c8 enorme l&#8217;emozione di affrontare [&hellip;]<\/p>\n","protected":false},"author":2,"featured_media":169700,"comment_status":"closed","ping_status":"open","sticky":false,"template":"","format":"standard","meta":{"footnotes":""},"categories":[26,4],"tags":[],"class_list":["post-172892","post","type-post","status-publish","format-standard","has-post-thumbnail","category-prima-pagina","category-sport"],"yoast_head":"<!-- This site is optimized with the Yoast SEO plugin v28.4 - https:\/\/yoast.com\/product\/yoast-seo-wordpress\/ -->\n<title>Belluno Volley. Il presidente Da Rold e la nuova avventura in A2 - Bellunopress - Dolomiti<\/title>\n<meta name=\"robots\" content=\"index, follow, max-snippet:-1, max-image-preview:large, max-video-preview:-1\" \/>\n<link rel=\"canonical\" href=\"https:\/\/www.bellunopress.it\/fr\/2026\/08\/26\/belluno-volley-il-presidente-da-rold-e-la-nuova-avventura-in-a2\/\" \/>\n<meta property=\"og:locale\" content=\"fr_FR\" \/>\n<meta property=\"og:type\" content=\"article\" \/>\n<meta property=\"og:title\" content=\"Belluno Volley. Il presidente Da Rold e la nuova avventura in A2 - Bellunopress - Dolomiti\" \/>\n<meta property=\"og:description\" content=\"Sandro Da Rold: \u00abVogliamo emozionare il nostro pubblico\u00bb La Serie A2 bussa alle porte della VHV Arena. E per il presidente del Belluno Volley, Sandro Da Rold, il dirompente entusiasmo \u00e8 accompagnato dalla consapevolezza di aver costruito nel tempo le solide fondamenta per affrontare una sfida di cos\u00ec alto profilo. \u00ab\u00c8 enorme l&#8217;emozione di affrontare [&hellip;]\" \/>\n<meta property=\"og:url\" content=\"https:\/\/www.bellunopress.it\/fr\/2026\/08\/26\/belluno-volley-il-presidente-da-rold-e-la-nuova-avventura-in-a2\/\" \/>\n<meta property=\"og:site_name\" content=\"Bellunopress - Dolomiti\" \/>\n<meta property=\"article:publisher\" content=\"https:\/\/www.facebook.com\/profile.php?id=100008943462799\" \/>\n<meta property=\"article:published_time\" content=\"2026-08-26T10:41:32+00:00\" \/>\n<meta property=\"og:image\" content=\"https:\/\/www.bellunopress.it\/wp-content\/uploads\/2026\/05\/Belluno-Volley.-Il-presidente-Sandro-Da-Rold-con-Corrado_mvp.jpg\" \/>\n\t<meta property=\"og:image:width\" content=\"500\" \/>\n\t<meta property=\"og:image:height\" content=\"391\" \/>\n\t<meta property=\"og:image:type\" content=\"image\/jpeg\" \/>\n<meta name=\"author\" content=\"redazione\" \/>\n<meta name=\"twitter:card\" content=\"summary_large_image\" \/>\n<meta name=\"twitter:creator\" content=\"@bellunopress\" \/>\n<meta name=\"twitter:site\" content=\"@bellunopress\" \/>\n<meta name=\"twitter:label1\" content=\"\u00c9crit par\" \/>\n\t<meta name=\"twitter:data1\" content=\"redazione\" \/>\n\t<meta name=\"twitter:label2\" content=\"Dur\u00e9e de lecture estim\u00e9e\" \/>\n\t<meta name=\"twitter:data2\" content=\"3 minutes\" \/>\n<script type=\"application\/ld+json\" class=\"yoast-schema-graph\">{\"@context\":\"https:\\\/\\\/schema.org\",\"@graph\":[{\"@type\":\"Article\",\"@id\":\"https:\\\/\\\/www.bellunopress.it\\\/2026\\\/08\\\/26\\\/belluno-volley-il-presidente-da-rold-e-la-nuova-avventura-in-a2\\\/#article\",\"isPartOf\":{\"@id\":\"https:\\\/\\\/www.bellunopress.it\\\/2026\\\/08\\\/26\\\/belluno-volley-il-presidente-da-rold-e-la-nuova-avventura-in-a2\\\/\"},\"author\":{\"name\":\"redazione\",\"@id\":\"https:\\\/\\\/www.bellunopress.it\\\/#\\\/schema\\\/person\\\/79bb06722b37ece1c03d3e94beb30d73\"},\"headline\":\"Belluno Volley. Il presidente Da Rold e la nuova avventura in A2\",\"datePublished\":\"2026-08-26T10:41:32+00:00\",\"mainEntityOfPage\":{\"@id\":\"https:\\\/\\\/www.bellunopress.it\\\/2026\\\/08\\\/26\\\/belluno-volley-il-presidente-da-rold-e-la-nuova-avventura-in-a2\\\/\"},\"wordCount\":430,\"publisher\":{\"@id\":\"https:\\\/\\\/www.bellunopress.it\\\/#organization\"},\"image\":{\"@id\":\"https:\\\/\\\/www.bellunopress.it\\\/2026\\\/08\\\/26\\\/belluno-volley-il-presidente-da-rold-e-la-nuova-avventura-in-a2\\\/#primaryimage\"},\"thumbnailUrl\":\"https:\\\/\\\/www.bellunopress.it\\\/wp-content\\\/uploads\\\/2026\\\/05\\\/Belluno-Volley.-Il-presidente-Sandro-Da-Rold-con-Corrado_mvp.jpg\",\"articleSection\":[\"Prima Pagina\",\"Sport, tempo libero\"],\"inLanguage\":\"fr-FR\"},{\"@type\":\"WebPage\",\"@id\":\"https:\\\/\\\/www.bellunopress.it\\\/2026\\\/08\\\/26\\\/belluno-volley-il-presidente-da-rold-e-la-nuova-avventura-in-a2\\\/\",\"url\":\"https:\\\/\\\/www.bellunopress.it\\\/2026\\\/08\\\/26\\\/belluno-volley-il-presidente-da-rold-e-la-nuova-avventura-in-a2\\\/\",\"name\":\"Belluno Volley. Il presidente Da Rold e la nuova avventura in A2 - Bellunopress - Dolomiti\",\"isPartOf\":{\"@id\":\"https:\\\/\\\/www.bellunopress.it\\\/#website\"},\"primaryImageOfPage\":{\"@id\":\"https:\\\/\\\/www.bellunopress.it\\\/2026\\\/08\\\/26\\\/belluno-volley-il-presidente-da-rold-e-la-nuova-avventura-in-a2\\\/#primaryimage\"},\"image\":{\"@id\":\"https:\\\/\\\/www.bellunopress.it\\\/2026\\\/08\\\/26\\\/belluno-volley-il-presidente-da-rold-e-la-nuova-avventura-in-a2\\\/#primaryimage\"},\"thumbnailUrl\":\"https:\\\/\\\/www.bellunopress.it\\\/wp-content\\\/uploads\\\/2026\\\/05\\\/Belluno-Volley.-Il-presidente-Sandro-Da-Rold-con-Corrado_mvp.jpg\",\"datePublished\":\"2026-08-26T10:41:32+00:00\",\"breadcrumb\":{\"@id\":\"https:\\\/\\\/www.bellunopress.it\\\/2026\\\/08\\\/26\\\/belluno-volley-il-presidente-da-rold-e-la-nuova-avventura-in-a2\\\/#breadcrumb\"},\"inLanguage\":\"fr-FR\",\"potentialAction\":[{\"@type\":\"ReadAction\",\"target\":[\"https:\\\/\\\/www.bellunopress.it\\\/2026\\\/08\\\/26\\\/belluno-volley-il-presidente-da-rold-e-la-nuova-avventura-in-a2\\\/\"]}]},{\"@type\":\"ImageObject\",\"inLanguage\":\"fr-FR\",\"@id\":\"https:\\\/\\\/www.bellunopress.it\\\/2026\\\/08\\\/26\\\/belluno-volley-il-presidente-da-rold-e-la-nuova-avventura-in-a2\\\/#primaryimage\",\"url\":\"https:\\\/\\\/www.bellunopress.it\\\/wp-content\\\/uploads\\\/2026\\\/05\\\/Belluno-Volley.-Il-presidente-Sandro-Da-Rold-con-Corrado_mvp.jpg\",\"contentUrl\":\"https:\\\/\\\/www.bellunopress.it\\\/wp-content\\\/uploads\\\/2026\\\/05\\\/Belluno-Volley.-Il-presidente-Sandro-Da-Rold-con-Corrado_mvp.jpg\",\"width\":500,\"height\":391,\"caption\":\"Belluno Volley. Il presidente Sandro Da Rold con Corrado\"},{\"@type\":\"BreadcrumbList\",\"@id\":\"https:\\\/\\\/www.bellunopress.it\\\/2026\\\/08\\\/26\\\/belluno-volley-il-presidente-da-rold-e-la-nuova-avventura-in-a2\\\/#breadcrumb\",\"itemListElement\":[{\"@type\":\"ListItem\",\"position\":1,\"name\":\"Home\",\"item\":\"https:\\\/\\\/www.bellunopress.it\\\/\"},{\"@type\":\"ListItem\",\"position\":2,\"name\":\"Belluno Volley. Il presidente Da Rold e la nuova avventura in A2\"}]},{\"@type\":\"WebSite\",\"@id\":\"https:\\\/\\\/www.bellunopress.it\\\/#website\",\"url\":\"https:\\\/\\\/www.bellunopress.it\\\/\",\"name\":\"Bellunopress - Dolomiti\",\"description\":\"e-mail: redazione@bellunopress.it\",\"publisher\":{\"@id\":\"https:\\\/\\\/www.bellunopress.it\\\/#organization\"},\"potentialAction\":[{\"@type\":\"SearchAction\",\"target\":{\"@type\":\"EntryPoint\",\"urlTemplate\":\"https:\\\/\\\/www.bellunopress.it\\\/?s={search_term_string}\"},\"query-input\":{\"@type\":\"PropertyValueSpecification\",\"valueRequired\":true,\"valueName\":\"search_term_string\"}}],\"inLanguage\":\"fr-FR\"},{\"@type\":\"Organization\",\"@id\":\"https:\\\/\\\/www.bellunopress.it\\\/#organization\",\"name\":\"Bellunopress\",\"url\":\"https:\\\/\\\/www.bellunopress.it\\\/\",\"logo\":{\"@type\":\"ImageObject\",\"inLanguage\":\"fr-FR\",\"@id\":\"https:\\\/\\\/www.bellunopress.it\\\/#\\\/schema\\\/logo\\\/image\\\/\",\"url\":\"https:\\\/\\\/www.bellunopress.it\\\/wp-content\\\/uploads\\\/2011\\\/05\\\/cropped-logo-bellunopress-.jpg\",\"contentUrl\":\"https:\\\/\\\/www.bellunopress.it\\\/wp-content\\\/uploads\\\/2011\\\/05\\\/cropped-logo-bellunopress-.jpg\",\"width\":512,\"height\":512,\"caption\":\"Bellunopress\"},\"image\":{\"@id\":\"https:\\\/\\\/www.bellunopress.it\\\/#\\\/schema\\\/logo\\\/image\\\/\"},\"sameAs\":[\"https:\\\/\\\/www.facebook.com\\\/profile.php?id=100008943462799\",\"https:\\\/\\\/x.com\\\/bellunopress\",\"https:\\\/\\\/www.linkedin.com\\\/hp\\\/?dnr=JBzUWaJfMUw8vbXJJ2tVW5-I3jZKvC4wsoxE&amp;amp;amp;amp;amp;amp;trk=nav_responsive_tab_home\",\"https:\\\/\\\/www.youtube.com\\\/channel\\\/UCxL0wu1uN0_3_7hGG0306cw\"]},{\"@type\":\"Person\",\"@id\":\"https:\\\/\\\/www.bellunopress.it\\\/#\\\/schema\\\/person\\\/79bb06722b37ece1c03d3e94beb30d73\",\"name\":\"redazione\",\"image\":{\"@type\":\"ImageObject\",\"inLanguage\":\"fr-FR\",\"@id\":\"https:\\\/\\\/secure.gravatar.com\\\/avatar\\\/37d968a2e67a6fd04c169c4bdef102d0bc5d31b2546345219e348575eb80e9a0?s=96&d=mm&r=g\",\"url\":\"https:\\\/\\\/secure.gravatar.com\\\/avatar\\\/37d968a2e67a6fd04c169c4bdef102d0bc5d31b2546345219e348575eb80e9a0?s=96&d=mm&r=g\",\"contentUrl\":\"https:\\\/\\\/secure.gravatar.com\\\/avatar\\\/37d968a2e67a6fd04c169c4bdef102d0bc5d31b2546345219e348575eb80e9a0?s=96&d=mm&r=g\",\"caption\":\"redazione\"},\"sameAs\":[\"http:\\\/\\\/www.bellunopress.it\",\"https:\\\/\\\/x.com\\\/bellunopress\"],\"url\":\"https:\\\/\\\/www.bellunopress.it\\\/fr\\\/author\\\/redazione\\\/\"}]}<\/script>\n<!-- \/ Yoast SEO plugin. -->","yoast_head_json":{"title":"Belluno Volley. Il presidente Da Rold e la nuova avventura in A2 - Bellunopress - Dolomiti","robots":{"index":"index","follow":"follow","max-snippet":"max-snippet:-1","max-image-preview":"max-image-preview:large","max-video-preview":"max-video-preview:-1"},"canonical":"https:\/\/www.bellunopress.it\/fr\/2026\/08\/26\/belluno-volley-il-presidente-da-rold-e-la-nuova-avventura-in-a2\/","og_locale":"fr_FR","og_type":"article","og_title":"Belluno Volley. Il presidente Da Rold e la nuova avventura in A2 - Bellunopress - Dolomiti","og_description":"Sandro Da Rold: \u00abVogliamo emozionare il nostro pubblico\u00bb La Serie A2 bussa alle porte della VHV Arena. E per il presidente del Belluno Volley, Sandro Da Rold, il dirompente entusiasmo \u00e8 accompagnato dalla consapevolezza di aver costruito nel tempo le solide fondamenta per affrontare una sfida di cos\u00ec alto profilo. \u00ab\u00c8 enorme l&#8217;emozione di affrontare [&hellip;]","og_url":"https:\/\/www.bellunopress.it\/fr\/2026\/08\/26\/belluno-volley-il-presidente-da-rold-e-la-nuova-avventura-in-a2\/","og_site_name":"Bellunopress - Dolomiti","article_publisher":"https:\/\/www.facebook.com\/profile.php?id=100008943462799","article_published_time":"2026-08-26T10:41:32+00:00","og_image":[{"width":500,"height":391,"url":"https:\/\/www.bellunopress.it\/wp-content\/uploads\/2026\/05\/Belluno-Volley.-Il-presidente-Sandro-Da-Rold-con-Corrado_mvp.jpg","type":"image\/jpeg"}],"author":"redazione","twitter_card":"summary_large_image","twitter_creator":"@bellunopress","twitter_site":"@bellunopress","twitter_misc":{"\u00c9crit par":"redazione","Dur\u00e9e de lecture estim\u00e9e":"3 minutes"},"schema":{"@context":"https:\/\/schema.org","@graph":[{"@type":"Article","@id":"https:\/\/www.bellunopress.it\/2026\/08\/26\/belluno-volley-il-presidente-da-rold-e-la-nuova-avventura-in-a2\/#article","isPartOf":{"@id":"https:\/\/www.bellunopress.it\/2026\/08\/26\/belluno-volley-il-presidente-da-rold-e-la-nuova-avventura-in-a2\/"},"author":{"name":"redazione","@id":"https:\/\/www.bellunopress.it\/#\/schema\/person\/79bb06722b37ece1c03d3e94beb30d73"},"headline":"Belluno Volley. Il presidente Da Rold e la nuova avventura in A2","datePublished":"2026-08-26T10:41:32+00:00","mainEntityOfPage":{"@id":"https:\/\/www.bellunopress.it\/2026\/08\/26\/belluno-volley-il-presidente-da-rold-e-la-nuova-avventura-in-a2\/"},"wordCount":430,"publisher":{"@id":"https:\/\/www.bellunopress.it\/#organization"},"image":{"@id":"https:\/\/www.bellunopress.it\/2026\/08\/26\/belluno-volley-il-presidente-da-rold-e-la-nuova-avventura-in-a2\/#primaryimage"},"thumbnailUrl":"https:\/\/www.bellunopress.it\/wp-content\/uploads\/2026\/05\/Belluno-Volley.-Il-presidente-Sandro-Da-Rold-con-Corrado_mvp.jpg","articleSection":["Prima Pagina","Sport, tempo libero"],"inLanguage":"fr-FR"},{"@type":"WebPage","@id":"https:\/\/www.bellunopress.it\/2026\/08\/26\/belluno-volley-il-presidente-da-rold-e-la-nuova-avventura-in-a2\/","url":"https:\/\/www.bellunopress.it\/2026\/08\/26\/belluno-volley-il-presidente-da-rold-e-la-nuova-avventura-in-a2\/","name":"Belluno Volley. Il presidente Da Rold e la nuova avventura in A2 - Bellunopress - Dolomiti","isPartOf":{"@id":"https:\/\/www.bellunopress.it\/#website"},"primaryImageOfPage":{"@id":"https:\/\/www.bellunopress.it\/2026\/08\/26\/belluno-volley-il-presidente-da-rold-e-la-nuova-avventura-in-a2\/#primaryimage"},"image":{"@id":"https:\/\/www.bellunopress.it\/2026\/08\/26\/belluno-volley-il-presidente-da-rold-e-la-nuova-avventura-in-a2\/#primaryimage"},"thumbnailUrl":"https:\/\/www.bellunopress.it\/wp-content\/uploads\/2026\/05\/Belluno-Volley.-Il-presidente-Sandro-Da-Rold-con-Corrado_mvp.jpg","datePublished":"2026-08-26T10:41:32+00:00","breadcrumb":{"@id":"https:\/\/www.bellunopress.it\/2026\/08\/26\/belluno-volley-il-presidente-da-rold-e-la-nuova-avventura-in-a2\/#breadcrumb"},"inLanguage":"fr-FR","potentialAction":[{"@type":"ReadAction","target":["https:\/\/www.bellunopress.it\/2026\/08\/26\/belluno-volley-il-presidente-da-rold-e-la-nuova-avventura-in-a2\/"]}]},{"@type":"ImageObject","inLanguage":"fr-FR","@id":"https:\/\/www.bellunopress.it\/2026\/08\/26\/belluno-volley-il-presidente-da-rold-e-la-nuova-avventura-in-a2\/#primaryimage","url":"https:\/\/www.bellunopress.it\/wp-content\/uploads\/2026\/05\/Belluno-Volley.-Il-presidente-Sandro-Da-Rold-con-Corrado_mvp.jpg","contentUrl":"https:\/\/www.bellunopress.it\/wp-content\/uploads\/2026\/05\/Belluno-Volley.-Il-presidente-Sandro-Da-Rold-con-Corrado_mvp.jpg","width":500,"height":391,"caption":"Belluno Volley. Il presidente Sandro Da Rold con Corrado"},{"@type":"BreadcrumbList","@id":"https:\/\/www.bellunopress.it\/2026\/08\/26\/belluno-volley-il-presidente-da-rold-e-la-nuova-avventura-in-a2\/#breadcrumb","itemListElement":[{"@type":"ListItem","position":1,"name":"Home","item":"https:\/\/www.bellunopress.it\/"},{"@type":"ListItem","position":2,"name":"Belluno Volley. Il presidente Da Rold e la nuova avventura in A2"}]},{"@type":"WebSite","@id":"https:\/\/www.bellunopress.it\/#website","url":"https:\/\/www.bellunopress.it\/","name":"Bellunopress - Dolomiti","description":"e-mail: redazione@bellunopress.it","publisher":{"@id":"https:\/\/www.bellunopress.it\/#organization"},"potentialAction":[{"@type":"SearchAction","target":{"@type":"EntryPoint","urlTemplate":"https:\/\/www.bellunopress.it\/?s={search_term_string}"},"query-input":{"@type":"PropertyValueSpecification","valueRequired":true,"valueName":"search_term_string"}}],"inLanguage":"fr-FR"},{"@type":"Organization","@id":"https:\/\/www.bellunopress.it\/#organization","name":"Bellunopress","url":"https:\/\/www.bellunopress.it\/","logo":{"@type":"ImageObject","inLanguage":"fr-FR","@id":"https:\/\/www.bellunopress.it\/#\/schema\/logo\/image\/","url":"https:\/\/www.bellunopress.it\/wp-content\/uploads\/2011\/05\/cropped-logo-bellunopress-.jpg","contentUrl":"https:\/\/www.bellunopress.it\/wp-content\/uploads\/2011\/05\/cropped-logo-bellunopress-.jpg","width":512,"height":512,"caption":"Bellunopress"},"image":{"@id":"https:\/\/www.bellunopress.it\/#\/schema\/logo\/image\/"},"sameAs":["https:\/\/www.facebook.com\/profile.php?id=100008943462799","https:\/\/x.com\/bellunopress","https:\/\/www.linkedin.com\/hp\/?dnr=JBzUWaJfMUw8vbXJJ2tVW5-I3jZKvC4wsoxE&amp;amp;amp;amp;amp;amp;trk=nav_responsive_tab_home","https:\/\/www.youtube.com\/channel\/UCxL0wu1uN0_3_7hGG0306cw"]},{"@type":"Person","@id":"https:\/\/www.bellunopress.it\/#\/schema\/person\/79bb06722b37ece1c03d3e94beb30d73","name":"r\u00e9daction","image":{"@type":"ImageObject","inLanguage":"fr-FR","@id":"https:\/\/secure.gravatar.com\/avatar\/37d968a2e67a6fd04c169c4bdef102d0bc5d31b2546345219e348575eb80e9a0?s=96&d=mm&r=g","url":"https:\/\/secure.gravatar.com\/avatar\/37d968a2e67a6fd04c169c4bdef102d0bc5d31b2546345219e348575eb80e9a0?s=96&d=mm&r=g","contentUrl":"https:\/\/secure.gravatar.com\/avatar\/37d968a2e67a6fd04c169c4bdef102d0bc5d31b2546345219e348575eb80e9a0?s=96&d=mm&r=g","caption":"redazione"},"sameAs":["http:\/\/www.bellunopress.it","https:\/\/x.com\/bellunopress"],"url":"https:\/\/www.bellunopress.it\/fr\/author\/redazione\/"}]}},"_links":{"self":[{"href":"https:\/\/www.bellunopress.it\/fr\/wp-json\/wp\/v2\/posts\/172892","targetHints":{"allow":["GET"]}}],"collection":[{"href":"https:\/\/www.bellunopress.it\/fr\/wp-json\/wp\/v2\/posts"}],"about":[{"href":"https:\/\/www.bellunopress.it\/fr\/wp-json\/wp\/v2\/types\/post"}],"author":[{"embeddable":true,"href":"https:\/\/www.bellunopress.it\/fr\/wp-json\/wp\/v2\/users\/2"}],"replies":[{"embeddable":true,"href":"https:\/\/www.bellunopress.it\/fr\/wp-json\/wp\/v2\/comments?post=172892"}],"version-history":[{"count":1,"href":"https:\/\/www.bellunopress.it\/fr\/wp-json\/wp\/v2\/posts\/172892\/revisions"}],"predecessor-version":[{"id":172893,"href":"https:\/\/www.bellunopress.it\/fr\/wp-json\/wp\/v2\/posts\/172892\/revisions\/172893"}],"wp:featuredmedia":[{"embeddable":true,"href":"https:\/\/www.bellunopress.it\/fr\/wp-json\/wp\/v2\/media\/169700"}],"wp:attachment":[{"href":"https:\/\/www.bellunopress.it\/fr\/wp-json\/wp\/v2\/media?parent=172892"}],"wp:term":[{"taxonomy":"category","embeddable":true,"href":"https:\/\/www.bellunopress.it\/fr\/wp-json\/wp\/v2\/categories?post=172892"},{"taxonomy":"post_tag","embeddable":true,"href":"https:\/\/www.bellunopress.it\/fr\/wp-json\/wp\/v2\/tags?post=172892"}],"curies":[{"name":"wp","href":"https:\/\/api.w.org\/{rel}","templated":true}]}}