{"id":172890,"date":"2026-08-26T12:30:12","date_gmt":"2026-08-26T10:30:12","guid":{"rendered":"https:\/\/www.bellunopress.it\/?p=172890"},"modified":"2026-08-27T20:00:45","modified_gmt":"2026-08-27T18:00:45","slug":"ventanni-di-annunci-ventanni-di-attese-ventanni-di-fiabe-istituzionali-di-enzo-de-biasi","status":"publish","type":"post","link":"https:\/\/www.bellunopress.it\/fr\/2026\/08\/26\/ventanni-di-annunci-ventanni-di-attese-ventanni-di-fiabe-istituzionali-di-enzo-de-biasi\/","title":{"rendered":"Vent&#8217;anni di annunci, vent&#8217;anni di attese, vent&#8217;anni di fiabe istituzionali * di Enzo De Biasi"},"content":{"rendered":"<p><b>Nel 1972 lo Stato trasfer\u00ec poco ma trasfer\u00ec davvero; nel 2026 servono vent&#8217;anni per trasferire il nulla. Dalla fiaba dei pifferai al modello trilaterale, l&#8217;autonomia veneta si riduce a quattro micro\u2011funzioni senza soldi, senza organici, senza strumenti<\/b><\/p>\n<p><strong>I croupier del regionalismo veneto<\/strong><\/p>\n<p>Chi ha dato le carte, i croupier, sono due personalit\u00e0 pubbliche, selezionate dagli indigeni (il popolo sovrano), uno scampato alle patrie galere (<strong>Giancarlo Galan<\/strong> \u2013 <strong>1995<\/strong><strong>\u20112010<\/strong>) e l\u2019altro, inquilino del palazzo nobiliare con affaccio sul Canal Grande (Palazzo Balbi\u2011Venezia) per quasi quattro lustri (<strong>Luca Zaia <\/strong><strong>\u2013 2005<\/strong><strong>\u20112025, <\/strong>per un biennio Ministro del Governo Berlusconi). E ora si trova in una nuova dimora aristocratica fino al 2030, Palazzo Ferro\u2011Fini ubicato sul Canal Grande.<\/p>\n<p>A dir il vero, nel 1995 ci sarebbe stata anche una terza opzione, la migliore per chi scrive: <strong>Tina<\/strong> <strong>Anselmi<\/strong>, ma i suoi <strong>\u201camici e compagni\u201d<\/strong> non l\u2019hanno ritenuta candidabile. Quando si corre in una competizione, piuttosto che vincere meglio perdere, cos\u00ec poi ci si lamenta per anni.<\/p>\n<p><strong>Il referendum farlocco e le nespole del pifferaio poco magico<\/strong><\/p>\n<p>Lo spartiacque in questa vicenda \u00e8 stato un referendum farlocco (<strong>2017)<\/strong>, che il popolo veneto gioioso e giocoso ha voluto allestire a tutti i costi pagandoselo (14 milioni di euro sul bilancio regionale). Per\u00f2 che soddisfazione <strong>\u201cportare a casa\u201d<\/strong> quattro nespole al posto di un bel cesto <strong>di ventitr\u00e9<\/strong> grappoli d\u2019uva prosecco promessi dal pifferaio magico! Meglio, molto meglio la nespola: da consumare fresca o come marmellata nella merendina per bambini e bambine.<\/p>\n<p>Dieci anni prima, <strong>nel 2007<\/strong>, era stato chiesto al ricco e potente zio di Milano che a Roma capitanava la Nazionale (il Governo <strong>Berlusconi 2008<\/strong><strong>\u20112011<\/strong>) di avere <strong>13 <\/strong>belle e succose mele (le 13 materie ex art. 116, comma 3, Costituzione). Ma nonostante nella squadra ci fossero i <strong>\u201cCapi Padani<\/strong><strong>\u201d<\/strong> della Lombardia \u2013 Bossi, Calderoli, Maroni \u2013 e quello del Veneto, Luca Zaia, il cesto rest\u00f2 vuoto.<\/p>\n<p>Tutti silenti e ossequienti. Perfino un noto direttore delle emittenti televisive aggregate in un\u2019unica rete e regia contava i giorni trascorsi inutilmente dalla data referendaria del 22 ottobre per ottenere le 23 materie dell\u2019Autonomia Differenziata assicurata, anzich\u00e9 dal 18 dicembre 2007, data della prima richiesta approvata dal Consiglio Regionale. Chiss\u00e0 chi lo sa il perch\u00e9?<\/p>\n<p><strong>Dal metodo 2018 al modello trilaterale 2026: anatomia di un ribasso istituzionale<\/strong><\/p>\n<p>In breve, qualche annotazione per il metodo seguito.<\/p>\n<p>Nel 2018, quando il Governo nazionale era guidato dal centro\u2011sinistra, l\u2019Autonomia Differenziata fu trattata come una questione <strong>di Stato<\/strong>, non di coalizione. Il Governo Gentiloni concluse accordi preliminari con <strong>tre Regioni di colore politico diverso<\/strong>: Emilia\u2011Romagna (centro\u2011sinistra), Lombardia (centro\u2011destra) e Veneto (centro\u2011destra). Un equilibrio istituzionale quasi elvetico: si negoziava con tutti, perch\u00e9 l\u2019articolo 116, terzo comma, non \u00e8 <strong>propriet\u00e0 privata di nessuno<\/strong>.<\/p>\n<p>E qui occorre una precisazione di bon ton istituzionale, utile a chi pu\u00f2 smarrirsi nel labirinto delle procedure legislative. L\u2019accordo preliminare del 2018, <strong>Bressa\u2013Zaia<\/strong>, trasformato in <em>intesa definitiva<\/em>, sarebbe approdato al Parlamento <strong>solo alla fine<\/strong>, per la sua approvazione con <strong>legge statale a maggioranza assoluta<\/strong>, come prescrive la Costituzione.<\/p>\n<p>Il Parlamento, dunque, <strong>non interveniva nella fase preliminare<\/strong>, ma solo nella fase solenne, quella che attribuisce davvero l\u2019autonomia. Il negoziato era <strong>bilaterale<\/strong>: Governo\u2013Regione. Il Parlamento arrivava <strong>dopo<\/strong>, come arbitro istituzionale, non come co\u2011autore del testo.<\/p>\n<p>E nel frattempo, nel 2018, si costruiva una <strong>dote finanziaria vera<\/strong>: <em>compartecipazioni al gettito, fabbisogni standard, superamento della spesa storica, trasferimento contestuale di risorse, personale, beni<\/em>. Un\u2019autonomia con il portafoglio, non con la paghetta.<\/p>\n<p>Poi arriviamo al 2025\u20132026, dove il metodo cambia radicalmente. Con il Governo Meloni, l\u2019Autonomia Differenziata diventa un affare <strong>di famiglia politica<\/strong>: si negozia solo con Regioni governate dal centro\u2011destra (Veneto, Lombardia, Liguria, Piemonte). Le altre Regioni? Aspettano fuori dalla porta, come i bambini che guardano gli adulti giocare a carte senza poter partecipare.<\/p>\n<p>E qui la precisazione istituzionale \u00e8 obbligatoria: il combinato disposto <strong>legge 86\/2024 \u2013 sentenza Corte costituzionale n. 192\/2024<\/strong> introduce un modello <strong>trilaterale<\/strong>. Il Parlamento non arriva pi\u00f9 \u201calla fine\u201d, come nel 2018: arriva <strong>prima<\/strong>, <strong>durante e dopo<\/strong>. Esamina gli schemi preliminari, ascolta audizioni, approva atti di indirizzo, impone condizioni, riscrive pezzi. Il Parlamento \u201cmette il becco\u201d \u2014 con piena legittimit\u00e0 formale \u2014 gi\u00e0 nella fase di costruzione dell\u2019intesa, come ha gi\u00e0 fatto con la risoluzione del 22 luglio scorso.<\/p>\n<p>Il negoziato non \u00e8 pi\u00f9 <strong>bilaterale<\/strong>: \u00e8 <strong>trilaterale<\/strong>, con il Parlamento che entra ed esce dalla stanza come un suocero curioso. E la dote finanziaria? Sparita. Nessuna compartecipazione, nessun fabbisogno standard, nessun superamento della spesa storica. Solo <strong>micro\u2011funzioni ancillari<\/strong>, senza soldi, senza personale, senza strumenti, senza durata definita. Un\u2019autonomia \u201cper sempre\u201d, s\u00ec, ma come le bomboniere: si conservano, non si usano.<\/p>\n<p><strong>Qui qualche spunto di merito<\/strong><\/p>\n<p>Nel 2018, dopo il referendum farlocco, il Veneto aveva sul tavolo <strong>9 materie<\/strong> negoziate e pattuite con lo Stato: Lavoro, Istruzione, Salute, <strong>Ambiente ed Ecosistema<\/strong>, <strong>Rapporti internazionali e con l\u2019Unione Europea<\/strong>, Coordinamento della finanza pubblica, Previdenza complementare, Professioni, Giustizia di pace. Un men\u00f9 ricco, quasi da trattoria stellata.<\/p>\n<p>E prima ancora, nel 2006, quando si mossero i primi passi, le materie richieste erano <strong>7<\/strong>: meno di <strong>9<\/strong>, certo, ma comunque un piatto sostanzioso, non certo <strong>quattro nespole<\/strong>.<\/p>\n<p>Poi arriviamo al 2025\u20132026, dove il Veneto \u2014 dopo vent\u2019anni di pifferai, promesse, fiabe, treni persi e referendum pagati di tasca propria \u2014 riesce a \u201cportare a casa\u201d <strong>solo 4 materie<\/strong>: <em>Protezione civile, Professioni, Previdenza complementare e integrativa, Tutela della salute \u2013 coordinamento della finanza pubblica.<\/em><\/p>\n<p><strong>Quattro. Non nove. Non ventitr\u00e9. Non sette. Quattro!<\/strong><\/p>\n<p>E soprattutto <strong>mancano completamente<\/strong> due materie che nel 2018 erano considerate strategiche e identitarie per l\u2019interesse regionale e della societ\u00e0 veneta nel suo insieme:<\/p>\n<ul>\n<li><strong>Ambiente ed Ecosistema<\/strong>, con le sue Tabelle A e B, con poteri amministrativi e legislativi veri;<\/li>\n<li><strong>Rapporti internazionali e con l\u2019Unione Europea<\/strong>, con l\u2019addendum che dava al Veneto un ruolo europeo, transfrontaliero, macroregionale, consultivo e propositivo.<\/li>\n<\/ul>\n<p>Spariti. Evaporati. Come neve al sole. Come promesse elettorali dopo il voto. Come il prosecco quando si stappa la bottiglia e resta solo la schiuma.<\/p>\n<p><strong>Quattro funzioni striminzite e senza dote: il capolavoro di Palazzo Ferro<\/strong><strong>\u2011Fini<\/strong><\/p>\n<p>E cos\u00ec, mentre nel 2018 il Veneto poteva ambire a governare pezzi interi di politiche pubbliche, nel 2025\u20132026 si ritrova con <strong>quattro micro\u2011funzioni ancillari<\/strong>, senza soldi, senza personale, senza strumenti, senza durata definita, senza dote finanziaria, senza autonomia legislativa, senza autonomia internazionale, <strong>senza nulla<\/strong>.<\/p>\n<p>Nel <strong>1972 <\/strong>lo Stato trasfer\u00ec alle Regioni ordinarie un pacchetto di materie e sotto\u2011materie gi\u00e0 allora sottodotate di personale, spesa corrente e investimenti: un regionalismo povero, ma almeno esistente. Il capolavoro di Zaia, della Lega e della compagnia di Palazzo Ferro\u2011Fini \u00e8 stato quello di riportare il Veneto alla modalit\u00e0 \u201cRegione di serie B\u201d, come nel <strong>1970.<\/strong><\/p>\n<p>All\u2019epoca Zaia aveva quattro anni; oggi, agosto 2026, il Consiglio Regionale voter\u00e0 presto quattro nespole \u2013 un\u2019autonomia differenziata <strong>senza soldi, senza organici, senza strumenti<\/strong>.<\/p>\n<p>Nel 1972 bastarono <strong>due anni <\/strong>per costruire poco; nel 2026 sono serviti <strong>vent\u2019anni <\/strong>per costruire <strong>il vuoto<\/strong>.<\/p>\n<p>26 agosto 2026\u00a0\u00a0\u00a0\u00a0\u00a0\u00a0\u00a0\u00a0\u00a0\u00a0\u00a0\u00a0\u00a0\u00a0\u00a0\u00a0\u00a0\u00a0\u00a0\u00a0\u00a0\u00a0\u00a0\u00a0\u00a0\u00a0\u00a0\u00a0\u00a0\u00a0\u00a0\u00a0\u00a0\u00a0\u00a0\u00a0\u00a0\u00a0\u00a0\u00a0\u00a0\u00a0\u00a0\u00a0\u00a0\u00a0\u00a0\u00a0\u00a0\u00a0\u00a0\u00a0\u00a0\u00a0\u00a0\u00a0\u00a0\u00a0\u00a0\u00a0\u00a0\u00a0\u00a0\u00a0\u00a0\u00a0\u00a0\u00a0\u00a0\u00a0\u00a0\u00a0\u00a0\u00a0\u00a0\u00a0\u00a0\u00a0\u00a0\u00a0\u00a0\u00a0\u00a0\u00a0\u00a0\u00a0\u00a0\u00a0\u00a0\u00a0\u00a0\u00a0\u00a0\u00a0\u00a0\u00a0\u00a0\u00a0\u00a0\u00a0\u00a0\u00a0\u00a0 <em>Enzo De Biasi<\/em><\/p>\n<p>Fonti: Berlusconi \u00a0<a href=\"https:\/\/www.governo.it\/it\/i-governi-dal-1943-ad-oggi\/xvi-legislatura-dal-29-aprile-2008-al-23-dicembre-2012\/governo-berlusconi\">qui0<\/a> Autonomia Differenziata <a href=\"https:\/\/www.bellunopress.it\/fr\/2026\/08\/17\/autonomia-ventanni-tra-pifferai-belle-addormentate-e-treni-persi-di-enzo-de-biasi\/\">qui1<\/a><\/p>\n<p>&nbsp;<\/p>\n<p>&nbsp;<\/p>","protected":false},"excerpt":{"rendered":"<p>Nel 1972 lo Stato trasfer\u00ec poco ma trasfer\u00ec davvero; nel 2026 servono vent&#8217;anni per trasferire il nulla. Dalla fiaba dei pifferai al modello trilaterale, l&#8217;autonomia veneta si riduce a quattro micro\u2011funzioni senza soldi, senza organici, senza strumenti I croupier del regionalismo veneto Chi ha dato le carte, i croupier, sono due personalit\u00e0 pubbliche, selezionate dagli [&hellip;]<\/p>\n","protected":false},"author":2,"featured_media":170155,"comment_status":"closed","ping_status":"open","sticky":false,"template":"","format":"standard","meta":{"footnotes":""},"categories":[5,26],"tags":[],"class_list":["post-172890","post","type-post","status-publish","format-standard","has-post-thumbnail","category-cronaca","category-prima-pagina"],"yoast_head":"<!-- This site is optimized with the Yoast SEO plugin v28.4 - https:\/\/yoast.com\/product\/yoast-seo-wordpress\/ -->\n<title>Vent&#039;anni di annunci, vent&#039;anni di attese, vent&#039;anni di fiabe istituzionali * di Enzo De Biasi - Bellunopress - Dolomiti<\/title>\n<meta name=\"robots\" content=\"index, follow, max-snippet:-1, max-image-preview:large, max-video-preview:-1\" \/>\n<link rel=\"canonical\" href=\"https:\/\/www.bellunopress.it\/fr\/2026\/08\/26\/ventanni-di-annunci-ventanni-di-attese-ventanni-di-fiabe-istituzionali-di-enzo-de-biasi\/\" \/>\n<meta property=\"og:locale\" content=\"fr_FR\" \/>\n<meta property=\"og:type\" content=\"article\" \/>\n<meta property=\"og:title\" content=\"Vent&#039;anni di annunci, vent&#039;anni di attese, vent&#039;anni di fiabe istituzionali * di Enzo De Biasi - Bellunopress - Dolomiti\" \/>\n<meta property=\"og:description\" content=\"Nel 1972 lo Stato trasfer\u00ec poco ma trasfer\u00ec davvero; nel 2026 servono vent&#8217;anni per trasferire il nulla. Dalla fiaba dei pifferai al modello trilaterale, l&#8217;autonomia veneta si riduce a quattro micro\u2011funzioni senza soldi, senza organici, senza strumenti I croupier del regionalismo veneto Chi ha dato le carte, i croupier, sono due personalit\u00e0 pubbliche, selezionate dagli [&hellip;]\" \/>\n<meta property=\"og:url\" content=\"https:\/\/www.bellunopress.it\/fr\/2026\/08\/26\/ventanni-di-annunci-ventanni-di-attese-ventanni-di-fiabe-istituzionali-di-enzo-de-biasi\/\" \/>\n<meta property=\"og:site_name\" content=\"Bellunopress - Dolomiti\" \/>\n<meta property=\"article:publisher\" content=\"https:\/\/www.facebook.com\/profile.php?id=100008943462799\" \/>\n<meta property=\"article:published_time\" content=\"2026-08-26T10:30:12+00:00\" \/>\n<meta property=\"article:modified_time\" content=\"2026-08-27T18:00:45+00:00\" \/>\n<meta property=\"og:image\" content=\"https:\/\/www.bellunopress.it\/wp-content\/uploads\/2026\/05\/Venezia-Palazzo-Balbi.jpg\" \/>\n\t<meta property=\"og:image:width\" content=\"500\" \/>\n\t<meta property=\"og:image:height\" content=\"454\" \/>\n\t<meta property=\"og:image:type\" content=\"image\/jpeg\" \/>\n<meta name=\"author\" content=\"redazione\" \/>\n<meta name=\"twitter:card\" content=\"summary_large_image\" \/>\n<meta name=\"twitter:creator\" content=\"@bellunopress\" \/>\n<meta name=\"twitter:site\" content=\"@bellunopress\" \/>\n<meta name=\"twitter:label1\" content=\"Written by\" \/>\n\t<meta name=\"twitter:data1\" content=\"redazione\" \/>\n\t<meta name=\"twitter:label2\" content=\"Est. reading time\" \/>\n\t<meta name=\"twitter:data2\" content=\"7 minutes\" \/>\n<script type=\"application\/ld+json\" class=\"yoast-schema-graph\">{\"@context\":\"https:\\\/\\\/schema.org\",\"@graph\":[{\"@type\":\"Article\",\"@id\":\"https:\\\/\\\/www.bellunopress.it\\\/2026\\\/08\\\/26\\\/ventanni-di-annunci-ventanni-di-attese-ventanni-di-fiabe-istituzionali-di-enzo-de-biasi\\\/#article\",\"isPartOf\":{\"@id\":\"https:\\\/\\\/www.bellunopress.it\\\/2026\\\/08\\\/26\\\/ventanni-di-annunci-ventanni-di-attese-ventanni-di-fiabe-istituzionali-di-enzo-de-biasi\\\/\"},\"author\":{\"name\":\"redazione\",\"@id\":\"https:\\\/\\\/www.bellunopress.it\\\/#\\\/schema\\\/person\\\/79bb06722b37ece1c03d3e94beb30d73\"},\"headline\":\"Vent&#8217;anni di annunci, vent&#8217;anni di attese, vent&#8217;anni di fiabe istituzionali * di Enzo De Biasi\",\"datePublished\":\"2026-08-26T10:30:12+00:00\",\"dateModified\":\"2026-08-27T18:00:45+00:00\",\"mainEntityOfPage\":{\"@id\":\"https:\\\/\\\/www.bellunopress.it\\\/2026\\\/08\\\/26\\\/ventanni-di-annunci-ventanni-di-attese-ventanni-di-fiabe-istituzionali-di-enzo-de-biasi\\\/\"},\"wordCount\":1142,\"publisher\":{\"@id\":\"https:\\\/\\\/www.bellunopress.it\\\/#organization\"},\"image\":{\"@id\":\"https:\\\/\\\/www.bellunopress.it\\\/2026\\\/08\\\/26\\\/ventanni-di-annunci-ventanni-di-attese-ventanni-di-fiabe-istituzionali-di-enzo-de-biasi\\\/#primaryimage\"},\"thumbnailUrl\":\"https:\\\/\\\/www.bellunopress.it\\\/wp-content\\\/uploads\\\/2026\\\/05\\\/Venezia-Palazzo-Balbi.jpg\",\"articleSection\":[\"Cronaca\\\/Politica\",\"Prima Pagina\"],\"inLanguage\":\"fr-FR\"},{\"@type\":\"WebPage\",\"@id\":\"https:\\\/\\\/www.bellunopress.it\\\/2026\\\/08\\\/26\\\/ventanni-di-annunci-ventanni-di-attese-ventanni-di-fiabe-istituzionali-di-enzo-de-biasi\\\/\",\"url\":\"https:\\\/\\\/www.bellunopress.it\\\/2026\\\/08\\\/26\\\/ventanni-di-annunci-ventanni-di-attese-ventanni-di-fiabe-istituzionali-di-enzo-de-biasi\\\/\",\"name\":\"Vent'anni di annunci, vent'anni di attese, vent'anni di fiabe istituzionali * di Enzo De Biasi - Bellunopress - Dolomiti\",\"isPartOf\":{\"@id\":\"https:\\\/\\\/www.bellunopress.it\\\/#website\"},\"primaryImageOfPage\":{\"@id\":\"https:\\\/\\\/www.bellunopress.it\\\/2026\\\/08\\\/26\\\/ventanni-di-annunci-ventanni-di-attese-ventanni-di-fiabe-istituzionali-di-enzo-de-biasi\\\/#primaryimage\"},\"image\":{\"@id\":\"https:\\\/\\\/www.bellunopress.it\\\/2026\\\/08\\\/26\\\/ventanni-di-annunci-ventanni-di-attese-ventanni-di-fiabe-istituzionali-di-enzo-de-biasi\\\/#primaryimage\"},\"thumbnailUrl\":\"https:\\\/\\\/www.bellunopress.it\\\/wp-content\\\/uploads\\\/2026\\\/05\\\/Venezia-Palazzo-Balbi.jpg\",\"datePublished\":\"2026-08-26T10:30:12+00:00\",\"dateModified\":\"2026-08-27T18:00:45+00:00\",\"breadcrumb\":{\"@id\":\"https:\\\/\\\/www.bellunopress.it\\\/2026\\\/08\\\/26\\\/ventanni-di-annunci-ventanni-di-attese-ventanni-di-fiabe-istituzionali-di-enzo-de-biasi\\\/#breadcrumb\"},\"inLanguage\":\"fr-FR\",\"potentialAction\":[{\"@type\":\"ReadAction\",\"target\":[\"https:\\\/\\\/www.bellunopress.it\\\/2026\\\/08\\\/26\\\/ventanni-di-annunci-ventanni-di-attese-ventanni-di-fiabe-istituzionali-di-enzo-de-biasi\\\/\"]}]},{\"@type\":\"ImageObject\",\"inLanguage\":\"fr-FR\",\"@id\":\"https:\\\/\\\/www.bellunopress.it\\\/2026\\\/08\\\/26\\\/ventanni-di-annunci-ventanni-di-attese-ventanni-di-fiabe-istituzionali-di-enzo-de-biasi\\\/#primaryimage\",\"url\":\"https:\\\/\\\/www.bellunopress.it\\\/wp-content\\\/uploads\\\/2026\\\/05\\\/Venezia-Palazzo-Balbi.jpg\",\"contentUrl\":\"https:\\\/\\\/www.bellunopress.it\\\/wp-content\\\/uploads\\\/2026\\\/05\\\/Venezia-Palazzo-Balbi.jpg\",\"width\":500,\"height\":454,\"caption\":\"Palazzo Balbi - Venezia (Regione del Veneto)\"},{\"@type\":\"BreadcrumbList\",\"@id\":\"https:\\\/\\\/www.bellunopress.it\\\/2026\\\/08\\\/26\\\/ventanni-di-annunci-ventanni-di-attese-ventanni-di-fiabe-istituzionali-di-enzo-de-biasi\\\/#breadcrumb\",\"itemListElement\":[{\"@type\":\"ListItem\",\"position\":1,\"name\":\"Home\",\"item\":\"https:\\\/\\\/www.bellunopress.it\\\/\"},{\"@type\":\"ListItem\",\"position\":2,\"name\":\"Vent&#8217;anni di annunci, vent&#8217;anni di attese, vent&#8217;anni di fiabe istituzionali * di Enzo De Biasi\"}]},{\"@type\":\"WebSite\",\"@id\":\"https:\\\/\\\/www.bellunopress.it\\\/#website\",\"url\":\"https:\\\/\\\/www.bellunopress.it\\\/\",\"name\":\"Bellunopress - Dolomiti\",\"description\":\"e-mail: redazione@bellunopress.it\",\"publisher\":{\"@id\":\"https:\\\/\\\/www.bellunopress.it\\\/#organization\"},\"potentialAction\":[{\"@type\":\"SearchAction\",\"target\":{\"@type\":\"EntryPoint\",\"urlTemplate\":\"https:\\\/\\\/www.bellunopress.it\\\/?s={search_term_string}\"},\"query-input\":{\"@type\":\"PropertyValueSpecification\",\"valueRequired\":true,\"valueName\":\"search_term_string\"}}],\"inLanguage\":\"fr-FR\"},{\"@type\":\"Organization\",\"@id\":\"https:\\\/\\\/www.bellunopress.it\\\/#organization\",\"name\":\"Bellunopress\",\"url\":\"https:\\\/\\\/www.bellunopress.it\\\/\",\"logo\":{\"@type\":\"ImageObject\",\"inLanguage\":\"fr-FR\",\"@id\":\"https:\\\/\\\/www.bellunopress.it\\\/#\\\/schema\\\/logo\\\/image\\\/\",\"url\":\"https:\\\/\\\/www.bellunopress.it\\\/wp-content\\\/uploads\\\/2011\\\/05\\\/cropped-logo-bellunopress-.jpg\",\"contentUrl\":\"https:\\\/\\\/www.bellunopress.it\\\/wp-content\\\/uploads\\\/2011\\\/05\\\/cropped-logo-bellunopress-.jpg\",\"width\":512,\"height\":512,\"caption\":\"Bellunopress\"},\"image\":{\"@id\":\"https:\\\/\\\/www.bellunopress.it\\\/#\\\/schema\\\/logo\\\/image\\\/\"},\"sameAs\":[\"https:\\\/\\\/www.facebook.com\\\/profile.php?id=100008943462799\",\"https:\\\/\\\/x.com\\\/bellunopress\",\"https:\\\/\\\/www.linkedin.com\\\/hp\\\/?dnr=JBzUWaJfMUw8vbXJJ2tVW5-I3jZKvC4wsoxE&amp;amp;amp;amp;amp;amp;trk=nav_responsive_tab_home\",\"https:\\\/\\\/www.youtube.com\\\/channel\\\/UCxL0wu1uN0_3_7hGG0306cw\"]},{\"@type\":\"Person\",\"@id\":\"https:\\\/\\\/www.bellunopress.it\\\/#\\\/schema\\\/person\\\/79bb06722b37ece1c03d3e94beb30d73\",\"name\":\"redazione\",\"image\":{\"@type\":\"ImageObject\",\"inLanguage\":\"fr-FR\",\"@id\":\"https:\\\/\\\/secure.gravatar.com\\\/avatar\\\/37d968a2e67a6fd04c169c4bdef102d0bc5d31b2546345219e348575eb80e9a0?s=96&d=mm&r=g\",\"url\":\"https:\\\/\\\/secure.gravatar.com\\\/avatar\\\/37d968a2e67a6fd04c169c4bdef102d0bc5d31b2546345219e348575eb80e9a0?s=96&d=mm&r=g\",\"contentUrl\":\"https:\\\/\\\/secure.gravatar.com\\\/avatar\\\/37d968a2e67a6fd04c169c4bdef102d0bc5d31b2546345219e348575eb80e9a0?s=96&d=mm&r=g\",\"caption\":\"redazione\"},\"sameAs\":[\"http:\\\/\\\/www.bellunopress.it\",\"https:\\\/\\\/x.com\\\/bellunopress\"],\"url\":\"https:\\\/\\\/www.bellunopress.it\\\/fr\\\/author\\\/redazione\\\/\"}]}<\/script>\n<!-- \/ Yoast SEO plugin. -->","yoast_head_json":{"title":"Vent'anni di annunci, vent'anni di attese, vent'anni di fiabe istituzionali * di Enzo De Biasi - Bellunopress - Dolomiti","robots":{"index":"index","follow":"follow","max-snippet":"max-snippet:-1","max-image-preview":"max-image-preview:large","max-video-preview":"max-video-preview:-1"},"canonical":"https:\/\/www.bellunopress.it\/fr\/2026\/08\/26\/ventanni-di-annunci-ventanni-di-attese-ventanni-di-fiabe-istituzionali-di-enzo-de-biasi\/","og_locale":"fr_FR","og_type":"article","og_title":"Vent'anni di annunci, vent'anni di attese, vent'anni di fiabe istituzionali * di Enzo De Biasi - Bellunopress - Dolomiti","og_description":"Nel 1972 lo Stato trasfer\u00ec poco ma trasfer\u00ec davvero; nel 2026 servono vent&#8217;anni per trasferire il nulla. Dalla fiaba dei pifferai al modello trilaterale, l&#8217;autonomia veneta si riduce a quattro micro\u2011funzioni senza soldi, senza organici, senza strumenti I croupier del regionalismo veneto Chi ha dato le carte, i croupier, sono due personalit\u00e0 pubbliche, selezionate dagli [&hellip;]","og_url":"https:\/\/www.bellunopress.it\/fr\/2026\/08\/26\/ventanni-di-annunci-ventanni-di-attese-ventanni-di-fiabe-istituzionali-di-enzo-de-biasi\/","og_site_name":"Bellunopress - Dolomiti","article_publisher":"https:\/\/www.facebook.com\/profile.php?id=100008943462799","article_published_time":"2026-08-26T10:30:12+00:00","article_modified_time":"2026-08-27T18:00:45+00:00","og_image":[{"width":500,"height":454,"url":"https:\/\/www.bellunopress.it\/wp-content\/uploads\/2026\/05\/Venezia-Palazzo-Balbi.jpg","type":"image\/jpeg"}],"author":"redazione","twitter_card":"summary_large_image","twitter_creator":"@bellunopress","twitter_site":"@bellunopress","twitter_misc":{"Written by":"redazione","Est. reading time":"7 minutes"},"schema":{"@context":"https:\/\/schema.org","@graph":[{"@type":"Article","@id":"https:\/\/www.bellunopress.it\/2026\/08\/26\/ventanni-di-annunci-ventanni-di-attese-ventanni-di-fiabe-istituzionali-di-enzo-de-biasi\/#article","isPartOf":{"@id":"https:\/\/www.bellunopress.it\/2026\/08\/26\/ventanni-di-annunci-ventanni-di-attese-ventanni-di-fiabe-istituzionali-di-enzo-de-biasi\/"},"author":{"name":"redazione","@id":"https:\/\/www.bellunopress.it\/#\/schema\/person\/79bb06722b37ece1c03d3e94beb30d73"},"headline":"Vent&#8217;anni di annunci, vent&#8217;anni di attese, vent&#8217;anni di fiabe istituzionali * di Enzo De Biasi","datePublished":"2026-08-26T10:30:12+00:00","dateModified":"2026-08-27T18:00:45+00:00","mainEntityOfPage":{"@id":"https:\/\/www.bellunopress.it\/2026\/08\/26\/ventanni-di-annunci-ventanni-di-attese-ventanni-di-fiabe-istituzionali-di-enzo-de-biasi\/"},"wordCount":1142,"publisher":{"@id":"https:\/\/www.bellunopress.it\/#organization"},"image":{"@id":"https:\/\/www.bellunopress.it\/2026\/08\/26\/ventanni-di-annunci-ventanni-di-attese-ventanni-di-fiabe-istituzionali-di-enzo-de-biasi\/#primaryimage"},"thumbnailUrl":"https:\/\/www.bellunopress.it\/wp-content\/uploads\/2026\/05\/Venezia-Palazzo-Balbi.jpg","articleSection":["Cronaca\/Politica","Prima Pagina"],"inLanguage":"fr-FR"},{"@type":"WebPage","@id":"https:\/\/www.bellunopress.it\/2026\/08\/26\/ventanni-di-annunci-ventanni-di-attese-ventanni-di-fiabe-istituzionali-di-enzo-de-biasi\/","url":"https:\/\/www.bellunopress.it\/2026\/08\/26\/ventanni-di-annunci-ventanni-di-attese-ventanni-di-fiabe-istituzionali-di-enzo-de-biasi\/","name":"Vent'anni di annunci, vent'anni di attese, vent'anni di fiabe istituzionali * di Enzo De Biasi - Bellunopress - Dolomiti","isPartOf":{"@id":"https:\/\/www.bellunopress.it\/#website"},"primaryImageOfPage":{"@id":"https:\/\/www.bellunopress.it\/2026\/08\/26\/ventanni-di-annunci-ventanni-di-attese-ventanni-di-fiabe-istituzionali-di-enzo-de-biasi\/#primaryimage"},"image":{"@id":"https:\/\/www.bellunopress.it\/2026\/08\/26\/ventanni-di-annunci-ventanni-di-attese-ventanni-di-fiabe-istituzionali-di-enzo-de-biasi\/#primaryimage"},"thumbnailUrl":"https:\/\/www.bellunopress.it\/wp-content\/uploads\/2026\/05\/Venezia-Palazzo-Balbi.jpg","datePublished":"2026-08-26T10:30:12+00:00","dateModified":"2026-08-27T18:00:45+00:00","breadcrumb":{"@id":"https:\/\/www.bellunopress.it\/2026\/08\/26\/ventanni-di-annunci-ventanni-di-attese-ventanni-di-fiabe-istituzionali-di-enzo-de-biasi\/#breadcrumb"},"inLanguage":"fr-FR","potentialAction":[{"@type":"ReadAction","target":["https:\/\/www.bellunopress.it\/2026\/08\/26\/ventanni-di-annunci-ventanni-di-attese-ventanni-di-fiabe-istituzionali-di-enzo-de-biasi\/"]}]},{"@type":"ImageObject","inLanguage":"fr-FR","@id":"https:\/\/www.bellunopress.it\/2026\/08\/26\/ventanni-di-annunci-ventanni-di-attese-ventanni-di-fiabe-istituzionali-di-enzo-de-biasi\/#primaryimage","url":"https:\/\/www.bellunopress.it\/wp-content\/uploads\/2026\/05\/Venezia-Palazzo-Balbi.jpg","contentUrl":"https:\/\/www.bellunopress.it\/wp-content\/uploads\/2026\/05\/Venezia-Palazzo-Balbi.jpg","width":500,"height":454,"caption":"Palazzo Balbi - Venezia (Regione del Veneto)"},{"@type":"BreadcrumbList","@id":"https:\/\/www.bellunopress.it\/2026\/08\/26\/ventanni-di-annunci-ventanni-di-attese-ventanni-di-fiabe-istituzionali-di-enzo-de-biasi\/#breadcrumb","itemListElement":[{"@type":"ListItem","position":1,"name":"Home","item":"https:\/\/www.bellunopress.it\/"},{"@type":"ListItem","position":2,"name":"Vent&#8217;anni di annunci, vent&#8217;anni di attese, vent&#8217;anni di fiabe istituzionali * di Enzo De Biasi"}]},{"@type":"WebSite","@id":"https:\/\/www.bellunopress.it\/#website","url":"https:\/\/www.bellunopress.it\/","name":"Bellunopress - Dolomiti","description":"e-mail: redazione@bellunopress.it","publisher":{"@id":"https:\/\/www.bellunopress.it\/#organization"},"potentialAction":[{"@type":"SearchAction","target":{"@type":"EntryPoint","urlTemplate":"https:\/\/www.bellunopress.it\/?s={search_term_string}"},"query-input":{"@type":"PropertyValueSpecification","valueRequired":true,"valueName":"search_term_string"}}],"inLanguage":"fr-FR"},{"@type":"Organization","@id":"https:\/\/www.bellunopress.it\/#organization","name":"Bellunopress","url":"https:\/\/www.bellunopress.it\/","logo":{"@type":"ImageObject","inLanguage":"fr-FR","@id":"https:\/\/www.bellunopress.it\/#\/schema\/logo\/image\/","url":"https:\/\/www.bellunopress.it\/wp-content\/uploads\/2011\/05\/cropped-logo-bellunopress-.jpg","contentUrl":"https:\/\/www.bellunopress.it\/wp-content\/uploads\/2011\/05\/cropped-logo-bellunopress-.jpg","width":512,"height":512,"caption":"Bellunopress"},"image":{"@id":"https:\/\/www.bellunopress.it\/#\/schema\/logo\/image\/"},"sameAs":["https:\/\/www.facebook.com\/profile.php?id=100008943462799","https:\/\/x.com\/bellunopress","https:\/\/www.linkedin.com\/hp\/?dnr=JBzUWaJfMUw8vbXJJ2tVW5-I3jZKvC4wsoxE&amp;amp;amp;amp;amp;amp;trk=nav_responsive_tab_home","https:\/\/www.youtube.com\/channel\/UCxL0wu1uN0_3_7hGG0306cw"]},{"@type":"Person","@id":"https:\/\/www.bellunopress.it\/#\/schema\/person\/79bb06722b37ece1c03d3e94beb30d73","name":"r\u00e9daction","image":{"@type":"ImageObject","inLanguage":"fr-FR","@id":"https:\/\/secure.gravatar.com\/avatar\/37d968a2e67a6fd04c169c4bdef102d0bc5d31b2546345219e348575eb80e9a0?s=96&d=mm&r=g","url":"https:\/\/secure.gravatar.com\/avatar\/37d968a2e67a6fd04c169c4bdef102d0bc5d31b2546345219e348575eb80e9a0?s=96&d=mm&r=g","contentUrl":"https:\/\/secure.gravatar.com\/avatar\/37d968a2e67a6fd04c169c4bdef102d0bc5d31b2546345219e348575eb80e9a0?s=96&d=mm&r=g","caption":"redazione"},"sameAs":["http:\/\/www.bellunopress.it","https:\/\/x.com\/bellunopress"],"url":"https:\/\/www.bellunopress.it\/fr\/author\/redazione\/"}]}},"_links":{"self":[{"href":"https:\/\/www.bellunopress.it\/fr\/wp-json\/wp\/v2\/posts\/172890","targetHints":{"allow":["GET"]}}],"collection":[{"href":"https:\/\/www.bellunopress.it\/fr\/wp-json\/wp\/v2\/posts"}],"about":[{"href":"https:\/\/www.bellunopress.it\/fr\/wp-json\/wp\/v2\/types\/post"}],"author":[{"embeddable":true,"href":"https:\/\/www.bellunopress.it\/fr\/wp-json\/wp\/v2\/users\/2"}],"replies":[{"embeddable":true,"href":"https:\/\/www.bellunopress.it\/fr\/wp-json\/wp\/v2\/comments?post=172890"}],"version-history":[{"count":5,"href":"https:\/\/www.bellunopress.it\/fr\/wp-json\/wp\/v2\/posts\/172890\/revisions"}],"predecessor-version":[{"id":172940,"href":"https:\/\/www.bellunopress.it\/fr\/wp-json\/wp\/v2\/posts\/172890\/revisions\/172940"}],"wp:featuredmedia":[{"embeddable":true,"href":"https:\/\/www.bellunopress.it\/fr\/wp-json\/wp\/v2\/media\/170155"}],"wp:attachment":[{"href":"https:\/\/www.bellunopress.it\/fr\/wp-json\/wp\/v2\/media?parent=172890"}],"wp:term":[{"taxonomy":"category","embeddable":true,"href":"https:\/\/www.bellunopress.it\/fr\/wp-json\/wp\/v2\/categories?post=172890"},{"taxonomy":"post_tag","embeddable":true,"href":"https:\/\/www.bellunopress.it\/fr\/wp-json\/wp\/v2\/tags?post=172890"}],"curies":[{"name":"wp","href":"https:\/\/api.w.org\/{rel}","templated":true}]}}