{"id":172887,"date":"2026-08-26T12:06:06","date_gmt":"2026-08-26T10:06:06","guid":{"rendered":"https:\/\/www.bellunopress.it\/?p=172887"},"modified":"2026-08-26T12:06:06","modified_gmt":"2026-08-26T10:06:06","slug":"37-giro-delle-mura-citta-di-feltre-verso-il-record-di-iscritti","status":"publish","type":"post","link":"https:\/\/www.bellunopress.it\/fr\/2026\/08\/26\/37-giro-delle-mura-citta-di-feltre-verso-il-record-di-iscritti\/","title":{"rendered":"37\u00b0 Giro delle Mura Citt\u00e0 di Feltre: verso il record di iscritti"},"content":{"rendered":"<p><strong>Presentata la 37ma edizione della manifestazione. Sono gi\u00e0 620 gli iscritti all\u2019Urban Trail di venerd\u00ec 28, oltre 370 quelli al Giro delle Mura Amatori di sabato 29. <\/strong><br \/>\n<strong>Svelati anche i tre premi: Marco Gaiardo alla carriera, Isacco Costa quale atleta emergente e Giuseppe D\u2019Alia \u201cAmico del Giro\u201d.<\/strong><\/p>\n<p>Feltre, 26\/08\/2026 &#8211; \u00c8 un\u2019edizione che parte gi\u00e0 con numeri da record quella del 37\u00b0 Giro delle Mura Citt\u00e0 di Feltre, presentato ufficialmente luned\u00ec sera nella Sala degli Stemmi del Municipio di Feltre alla presenza delle autorit\u00e0, dei rappresentanti delle realt\u00e0 partner e di numerosi protagonisti della manifestazione.<\/p>\n<p>A pochi giorni dal via, i numeri delle iscrizioni confermano infatti il grande interesse per l\u2019edizione 2026. Sono gi\u00e0 620 gli iscritti all\u2019Urban Trail, in programma venerd\u00ec 28 agosto, mentre hanno gi\u00e0 superato quota 370 le adesioni al Giro delle Mura Amatori, che si correr\u00e0 sabato 29 agosto. Un risultato particolarmente significativo anche perch\u00e9 quest\u2019anno la gara amatoriale feltrina sar\u00e0 valida come Campionato regionale FIDAL su strada sulla distanza dei 10 chilometri, elemento che ha contribuito ad accrescere ulteriormente l\u2019attrattivit\u00e0 dell\u2019appuntamento e a richiamare a Feltre atleti provenienti da tutto il Veneto.<\/p>\n<p>Nel corso della serata, dopo i saluti e gli interventi delle autorit\u00e0 presenti, sono stati inoltre svelati i nomi dei tre protagonisti ai quali l\u2019associazione Giro delle Mura Citt\u00e0 di Feltre assegner\u00e0 quest\u2019anno i tradizionali riconoscimenti.<br \/>\nIl Premio alla carriera andr\u00e0 a Marco Gaiardo, atleta agordino che ha scritto pagine importanti nella corsa in montagna e che nel corso della sua carriera ha conquistato, tra gli altri risultati, due titoli di campione europeo.<\/p>\n<p>Il riconoscimento all\u2019Atleta emergente sar\u00e0 invece assegnato a Isacco Costa, giovane portacolori bellunese della corsa in montagna, gi\u00e0 capace di laurearsi per tre volte campione italiano e considerato tra i talenti pi\u00f9 interessanti del movimento.<br \/>\nInfine, il premio \u201cAmico del Giro\u201d sar\u00e0 attribuito quest\u2019anno a Giuseppe D\u2019Alia, fotografo e presenza da sempre attiva e appassionata in numerose iniziative sociali, sportive e culturali del Feltrino e non solo. Un riconoscimento che vuole sottolineare soprattutto la disponibilit\u00e0 e la sensibilit\u00e0 dimostrate nel raccontare e sostenere il territorio e le sue comunit\u00e0.<br \/>\nNel corso della presentazione \u00e8 stato ribadito anche il valore della manifestazione come appuntamento capace di unire sport, promozione del territorio, solidariet\u00e0 e partecipazione. Una caratteristica che il Giro delle Mura ha saputo consolidare negli anni, trasformandosi in una vera e propria festa dello sport nel cuore della citt\u00e0.<\/p>\n<p>\u201cArrivare alla trentasettesima edizione con numeri di questo livello \u00e8 motivo di grande orgoglio \u2013 sottolinea il presidente dell\u2019associazione Giro delle Mura Citt\u00e0 di Feltre Diego Da Col \u2013. Il Giro delle Mura \u00e8 una macchina complessa, che pu\u00f2 funzionare soltanto grazie alla collaborazione e alla passione di tante persone. Per questo voglio rivolgere un ringraziamento sincero a tutti gli sponsor, ai volontari, alle associazioni che collaborano con noi, agli enti e alle istituzioni che sostengono la manifestazione. Il loro contributo \u00e8 fondamentale per rendere possibile ogni anno questo appuntamento. Ci auguriamo che anche questa trentasettesima edizione possa confermarsi una kermesse di straordinario valore, capace di regalare emozioni agli atleti e al pubblico e, allo stesso tempo, di valorizzare Feltre e il suo territorio\u201d.<\/p>\n<p>Resta ora grande attesa per la definizione dei roster di partenza della Running Seven Laps e del Giro delle Mura Elite, la gara che rappresenta da sempre uno dei momenti pi\u00f9 spettacolari della manifestazione e che porta sul pav\u00e9 del centro storico feltrino alcuni tra i pi\u00f9 grandi protagonisti del mezzofondo e del fondo nazionale e internazionale. Tra i primi nomi annunciati per la Seven Laps figurano Ignacio Fontes (che ha partecipato alle olimpiadi di Tokyo 2021 sui 1500m), Lorena Martin (in gara alle olimpiadi di Parigi 2024 sugli 800m e 8^ posto ai mondiali indoor del 2022) e Yassin Bouih, finalista sui 3000m siepi agli ultimi Europei di Birmingham.<\/p>\n<p>La lista definitiva dei partenti sar\u00e0 definita nei prossimi giorni. Sono infatti numerosi gli atleti di vertice che stanno completando in queste ore i propri programmi agonistici dopo i recenti campionati europei: alcuni saranno impegnati nei prossimi appuntamenti internazionali, altri nei Giochi del Mediterraneo in corso a Taranto.<\/p>\n<p>&nbsp;<\/p>","protected":false},"excerpt":{"rendered":"<p>Presentata la 37ma edizione della manifestazione. Sono gi\u00e0 620 gli iscritti all\u2019Urban Trail di venerd\u00ec 28, oltre 370 quelli al Giro delle Mura Amatori di sabato 29. Svelati anche i tre premi: Marco Gaiardo alla carriera, Isacco Costa quale atleta emergente e Giuseppe D\u2019Alia \u201cAmico del Giro\u201d. Feltre, 26\/08\/2026 &#8211; \u00c8 un\u2019edizione che parte gi\u00e0 [&hellip;]<\/p>\n","protected":false},"author":2,"featured_media":172888,"comment_status":"closed","ping_status":"open","sticky":false,"template":"","format":"standard","meta":{"footnotes":""},"categories":[26,4],"tags":[],"class_list":["post-172887","post","type-post","status-publish","format-standard","has-post-thumbnail","category-prima-pagina","category-sport"],"yoast_head":"<!-- This site is optimized with the Yoast SEO plugin v28.4 - https:\/\/yoast.com\/product\/yoast-seo-wordpress\/ -->\n<title>37\u00b0 Giro delle Mura Citt\u00e0 di Feltre: verso il record di iscritti - Bellunopress - Dolomiti<\/title>\n<meta name=\"robots\" content=\"index, follow, max-snippet:-1, max-image-preview:large, max-video-preview:-1\" \/>\n<link rel=\"canonical\" href=\"https:\/\/www.bellunopress.it\/fr\/2026\/08\/26\/37-giro-delle-mura-citta-di-feltre-verso-il-record-di-iscritti\/\" \/>\n<meta property=\"og:locale\" content=\"fr_FR\" \/>\n<meta property=\"og:type\" content=\"article\" \/>\n<meta property=\"og:title\" content=\"37\u00b0 Giro delle Mura Citt\u00e0 di Feltre: verso il record di iscritti - Bellunopress - Dolomiti\" \/>\n<meta property=\"og:description\" content=\"Presentata la 37ma edizione della manifestazione. Sono gi\u00e0 620 gli iscritti all\u2019Urban Trail di venerd\u00ec 28, oltre 370 quelli al Giro delle Mura Amatori di sabato 29. Svelati anche i tre premi: Marco Gaiardo alla carriera, Isacco Costa quale atleta emergente e Giuseppe D\u2019Alia \u201cAmico del Giro\u201d. Feltre, 26\/08\/2026 &#8211; \u00c8 un\u2019edizione che parte gi\u00e0 [&hellip;]\" \/>\n<meta property=\"og:url\" content=\"https:\/\/www.bellunopress.it\/fr\/2026\/08\/26\/37-giro-delle-mura-citta-di-feltre-verso-il-record-di-iscritti\/\" \/>\n<meta property=\"og:site_name\" content=\"Bellunopress - Dolomiti\" \/>\n<meta property=\"article:publisher\" content=\"https:\/\/www.facebook.com\/profile.php?id=100008943462799\" \/>\n<meta property=\"article:published_time\" content=\"2026-08-26T10:06:06+00:00\" \/>\n<meta property=\"og:image\" content=\"https:\/\/www.bellunopress.it\/wp-content\/uploads\/2026\/08\/Feltre-Giro-delle-Mura-37ma-ed.jpg\" \/>\n\t<meta property=\"og:image:width\" content=\"500\" \/>\n\t<meta property=\"og:image:height\" content=\"291\" \/>\n\t<meta property=\"og:image:type\" content=\"image\/jpeg\" \/>\n<meta name=\"author\" content=\"redazione\" \/>\n<meta name=\"twitter:card\" content=\"summary_large_image\" \/>\n<meta name=\"twitter:creator\" content=\"@bellunopress\" \/>\n<meta name=\"twitter:site\" content=\"@bellunopress\" \/>\n<meta name=\"twitter:label1\" content=\"Written by\" \/>\n\t<meta name=\"twitter:data1\" content=\"redazione\" \/>\n\t<meta name=\"twitter:label2\" content=\"Est. reading time\" \/>\n\t<meta name=\"twitter:data2\" content=\"4 minutes\" \/>\n<script type=\"application\/ld+json\" class=\"yoast-schema-graph\">{\"@context\":\"https:\\\/\\\/schema.org\",\"@graph\":[{\"@type\":\"Article\",\"@id\":\"https:\\\/\\\/www.bellunopress.it\\\/2026\\\/08\\\/26\\\/37-giro-delle-mura-citta-di-feltre-verso-il-record-di-iscritti\\\/#article\",\"isPartOf\":{\"@id\":\"https:\\\/\\\/www.bellunopress.it\\\/2026\\\/08\\\/26\\\/37-giro-delle-mura-citta-di-feltre-verso-il-record-di-iscritti\\\/\"},\"author\":{\"name\":\"redazione\",\"@id\":\"https:\\\/\\\/www.bellunopress.it\\\/#\\\/schema\\\/person\\\/79bb06722b37ece1c03d3e94beb30d73\"},\"headline\":\"37\u00b0 Giro delle Mura Citt\u00e0 di Feltre: verso il record di iscritti\",\"datePublished\":\"2026-08-26T10:06:06+00:00\",\"mainEntityOfPage\":{\"@id\":\"https:\\\/\\\/www.bellunopress.it\\\/2026\\\/08\\\/26\\\/37-giro-delle-mura-citta-di-feltre-verso-il-record-di-iscritti\\\/\"},\"wordCount\":683,\"publisher\":{\"@id\":\"https:\\\/\\\/www.bellunopress.it\\\/#organization\"},\"image\":{\"@id\":\"https:\\\/\\\/www.bellunopress.it\\\/2026\\\/08\\\/26\\\/37-giro-delle-mura-citta-di-feltre-verso-il-record-di-iscritti\\\/#primaryimage\"},\"thumbnailUrl\":\"https:\\\/\\\/www.bellunopress.it\\\/wp-content\\\/uploads\\\/2026\\\/08\\\/Feltre-Giro-delle-Mura-37ma-ed.jpg\",\"articleSection\":[\"Prima Pagina\",\"Sport, tempo libero\"],\"inLanguage\":\"fr-FR\"},{\"@type\":\"WebPage\",\"@id\":\"https:\\\/\\\/www.bellunopress.it\\\/2026\\\/08\\\/26\\\/37-giro-delle-mura-citta-di-feltre-verso-il-record-di-iscritti\\\/\",\"url\":\"https:\\\/\\\/www.bellunopress.it\\\/2026\\\/08\\\/26\\\/37-giro-delle-mura-citta-di-feltre-verso-il-record-di-iscritti\\\/\",\"name\":\"37\u00b0 Giro delle Mura Citt\u00e0 di Feltre: verso il record di iscritti - Bellunopress - Dolomiti\",\"isPartOf\":{\"@id\":\"https:\\\/\\\/www.bellunopress.it\\\/#website\"},\"primaryImageOfPage\":{\"@id\":\"https:\\\/\\\/www.bellunopress.it\\\/2026\\\/08\\\/26\\\/37-giro-delle-mura-citta-di-feltre-verso-il-record-di-iscritti\\\/#primaryimage\"},\"image\":{\"@id\":\"https:\\\/\\\/www.bellunopress.it\\\/2026\\\/08\\\/26\\\/37-giro-delle-mura-citta-di-feltre-verso-il-record-di-iscritti\\\/#primaryimage\"},\"thumbnailUrl\":\"https:\\\/\\\/www.bellunopress.it\\\/wp-content\\\/uploads\\\/2026\\\/08\\\/Feltre-Giro-delle-Mura-37ma-ed.jpg\",\"datePublished\":\"2026-08-26T10:06:06+00:00\",\"breadcrumb\":{\"@id\":\"https:\\\/\\\/www.bellunopress.it\\\/2026\\\/08\\\/26\\\/37-giro-delle-mura-citta-di-feltre-verso-il-record-di-iscritti\\\/#breadcrumb\"},\"inLanguage\":\"fr-FR\",\"potentialAction\":[{\"@type\":\"ReadAction\",\"target\":[\"https:\\\/\\\/www.bellunopress.it\\\/2026\\\/08\\\/26\\\/37-giro-delle-mura-citta-di-feltre-verso-il-record-di-iscritti\\\/\"]}]},{\"@type\":\"ImageObject\",\"inLanguage\":\"fr-FR\",\"@id\":\"https:\\\/\\\/www.bellunopress.it\\\/2026\\\/08\\\/26\\\/37-giro-delle-mura-citta-di-feltre-verso-il-record-di-iscritti\\\/#primaryimage\",\"url\":\"https:\\\/\\\/www.bellunopress.it\\\/wp-content\\\/uploads\\\/2026\\\/08\\\/Feltre-Giro-delle-Mura-37ma-ed.jpg\",\"contentUrl\":\"https:\\\/\\\/www.bellunopress.it\\\/wp-content\\\/uploads\\\/2026\\\/08\\\/Feltre-Giro-delle-Mura-37ma-ed.jpg\",\"width\":500,\"height\":291},{\"@type\":\"BreadcrumbList\",\"@id\":\"https:\\\/\\\/www.bellunopress.it\\\/2026\\\/08\\\/26\\\/37-giro-delle-mura-citta-di-feltre-verso-il-record-di-iscritti\\\/#breadcrumb\",\"itemListElement\":[{\"@type\":\"ListItem\",\"position\":1,\"name\":\"Home\",\"item\":\"https:\\\/\\\/www.bellunopress.it\\\/\"},{\"@type\":\"ListItem\",\"position\":2,\"name\":\"37\u00b0 Giro delle Mura Citt\u00e0 di Feltre: verso il record di iscritti\"}]},{\"@type\":\"WebSite\",\"@id\":\"https:\\\/\\\/www.bellunopress.it\\\/#website\",\"url\":\"https:\\\/\\\/www.bellunopress.it\\\/\",\"name\":\"Bellunopress - Dolomiti\",\"description\":\"e-mail: redazione@bellunopress.it\",\"publisher\":{\"@id\":\"https:\\\/\\\/www.bellunopress.it\\\/#organization\"},\"potentialAction\":[{\"@type\":\"SearchAction\",\"target\":{\"@type\":\"EntryPoint\",\"urlTemplate\":\"https:\\\/\\\/www.bellunopress.it\\\/?s={search_term_string}\"},\"query-input\":{\"@type\":\"PropertyValueSpecification\",\"valueRequired\":true,\"valueName\":\"search_term_string\"}}],\"inLanguage\":\"fr-FR\"},{\"@type\":\"Organization\",\"@id\":\"https:\\\/\\\/www.bellunopress.it\\\/#organization\",\"name\":\"Bellunopress\",\"url\":\"https:\\\/\\\/www.bellunopress.it\\\/\",\"logo\":{\"@type\":\"ImageObject\",\"inLanguage\":\"fr-FR\",\"@id\":\"https:\\\/\\\/www.bellunopress.it\\\/#\\\/schema\\\/logo\\\/image\\\/\",\"url\":\"https:\\\/\\\/www.bellunopress.it\\\/wp-content\\\/uploads\\\/2011\\\/05\\\/cropped-logo-bellunopress-.jpg\",\"contentUrl\":\"https:\\\/\\\/www.bellunopress.it\\\/wp-content\\\/uploads\\\/2011\\\/05\\\/cropped-logo-bellunopress-.jpg\",\"width\":512,\"height\":512,\"caption\":\"Bellunopress\"},\"image\":{\"@id\":\"https:\\\/\\\/www.bellunopress.it\\\/#\\\/schema\\\/logo\\\/image\\\/\"},\"sameAs\":[\"https:\\\/\\\/www.facebook.com\\\/profile.php?id=100008943462799\",\"https:\\\/\\\/x.com\\\/bellunopress\",\"https:\\\/\\\/www.linkedin.com\\\/hp\\\/?dnr=JBzUWaJfMUw8vbXJJ2tVW5-I3jZKvC4wsoxE&amp;amp;amp;amp;amp;amp;trk=nav_responsive_tab_home\",\"https:\\\/\\\/www.youtube.com\\\/channel\\\/UCxL0wu1uN0_3_7hGG0306cw\"]},{\"@type\":\"Person\",\"@id\":\"https:\\\/\\\/www.bellunopress.it\\\/#\\\/schema\\\/person\\\/79bb06722b37ece1c03d3e94beb30d73\",\"name\":\"redazione\",\"image\":{\"@type\":\"ImageObject\",\"inLanguage\":\"fr-FR\",\"@id\":\"https:\\\/\\\/secure.gravatar.com\\\/avatar\\\/37d968a2e67a6fd04c169c4bdef102d0bc5d31b2546345219e348575eb80e9a0?s=96&d=mm&r=g\",\"url\":\"https:\\\/\\\/secure.gravatar.com\\\/avatar\\\/37d968a2e67a6fd04c169c4bdef102d0bc5d31b2546345219e348575eb80e9a0?s=96&d=mm&r=g\",\"contentUrl\":\"https:\\\/\\\/secure.gravatar.com\\\/avatar\\\/37d968a2e67a6fd04c169c4bdef102d0bc5d31b2546345219e348575eb80e9a0?s=96&d=mm&r=g\",\"caption\":\"redazione\"},\"sameAs\":[\"http:\\\/\\\/www.bellunopress.it\",\"https:\\\/\\\/x.com\\\/bellunopress\"],\"url\":\"https:\\\/\\\/www.bellunopress.it\\\/fr\\\/author\\\/redazione\\\/\"}]}<\/script>\n<!-- \/ Yoast SEO plugin. -->","yoast_head_json":{"title":"37\u00b0 Giro delle Mura Citt\u00e0 di Feltre: verso il record di iscritti - Bellunopress - Dolomiti","robots":{"index":"index","follow":"follow","max-snippet":"max-snippet:-1","max-image-preview":"max-image-preview:large","max-video-preview":"max-video-preview:-1"},"canonical":"https:\/\/www.bellunopress.it\/fr\/2026\/08\/26\/37-giro-delle-mura-citta-di-feltre-verso-il-record-di-iscritti\/","og_locale":"fr_FR","og_type":"article","og_title":"37\u00b0 Giro delle Mura Citt\u00e0 di Feltre: verso il record di iscritti - Bellunopress - Dolomiti","og_description":"Presentata la 37ma edizione della manifestazione. Sono gi\u00e0 620 gli iscritti all\u2019Urban Trail di venerd\u00ec 28, oltre 370 quelli al Giro delle Mura Amatori di sabato 29. Svelati anche i tre premi: Marco Gaiardo alla carriera, Isacco Costa quale atleta emergente e Giuseppe D\u2019Alia \u201cAmico del Giro\u201d. Feltre, 26\/08\/2026 &#8211; \u00c8 un\u2019edizione che parte gi\u00e0 [&hellip;]","og_url":"https:\/\/www.bellunopress.it\/fr\/2026\/08\/26\/37-giro-delle-mura-citta-di-feltre-verso-il-record-di-iscritti\/","og_site_name":"Bellunopress - Dolomiti","article_publisher":"https:\/\/www.facebook.com\/profile.php?id=100008943462799","article_published_time":"2026-08-26T10:06:06+00:00","og_image":[{"width":500,"height":291,"url":"https:\/\/www.bellunopress.it\/wp-content\/uploads\/2026\/08\/Feltre-Giro-delle-Mura-37ma-ed.jpg","type":"image\/jpeg"}],"author":"redazione","twitter_card":"summary_large_image","twitter_creator":"@bellunopress","twitter_site":"@bellunopress","twitter_misc":{"Written by":"redazione","Est. reading time":"4 minutes"},"schema":{"@context":"https:\/\/schema.org","@graph":[{"@type":"Article","@id":"https:\/\/www.bellunopress.it\/2026\/08\/26\/37-giro-delle-mura-citta-di-feltre-verso-il-record-di-iscritti\/#article","isPartOf":{"@id":"https:\/\/www.bellunopress.it\/2026\/08\/26\/37-giro-delle-mura-citta-di-feltre-verso-il-record-di-iscritti\/"},"author":{"name":"redazione","@id":"https:\/\/www.bellunopress.it\/#\/schema\/person\/79bb06722b37ece1c03d3e94beb30d73"},"headline":"37\u00b0 Giro delle Mura Citt\u00e0 di Feltre: verso il record di iscritti","datePublished":"2026-08-26T10:06:06+00:00","mainEntityOfPage":{"@id":"https:\/\/www.bellunopress.it\/2026\/08\/26\/37-giro-delle-mura-citta-di-feltre-verso-il-record-di-iscritti\/"},"wordCount":683,"publisher":{"@id":"https:\/\/www.bellunopress.it\/#organization"},"image":{"@id":"https:\/\/www.bellunopress.it\/2026\/08\/26\/37-giro-delle-mura-citta-di-feltre-verso-il-record-di-iscritti\/#primaryimage"},"thumbnailUrl":"https:\/\/www.bellunopress.it\/wp-content\/uploads\/2026\/08\/Feltre-Giro-delle-Mura-37ma-ed.jpg","articleSection":["Prima Pagina","Sport, tempo libero"],"inLanguage":"fr-FR"},{"@type":"WebPage","@id":"https:\/\/www.bellunopress.it\/2026\/08\/26\/37-giro-delle-mura-citta-di-feltre-verso-il-record-di-iscritti\/","url":"https:\/\/www.bellunopress.it\/2026\/08\/26\/37-giro-delle-mura-citta-di-feltre-verso-il-record-di-iscritti\/","name":"37\u00b0 Giro delle Mura Citt\u00e0 di Feltre: verso il record di iscritti - Bellunopress - Dolomiti","isPartOf":{"@id":"https:\/\/www.bellunopress.it\/#website"},"primaryImageOfPage":{"@id":"https:\/\/www.bellunopress.it\/2026\/08\/26\/37-giro-delle-mura-citta-di-feltre-verso-il-record-di-iscritti\/#primaryimage"},"image":{"@id":"https:\/\/www.bellunopress.it\/2026\/08\/26\/37-giro-delle-mura-citta-di-feltre-verso-il-record-di-iscritti\/#primaryimage"},"thumbnailUrl":"https:\/\/www.bellunopress.it\/wp-content\/uploads\/2026\/08\/Feltre-Giro-delle-Mura-37ma-ed.jpg","datePublished":"2026-08-26T10:06:06+00:00","breadcrumb":{"@id":"https:\/\/www.bellunopress.it\/2026\/08\/26\/37-giro-delle-mura-citta-di-feltre-verso-il-record-di-iscritti\/#breadcrumb"},"inLanguage":"fr-FR","potentialAction":[{"@type":"ReadAction","target":["https:\/\/www.bellunopress.it\/2026\/08\/26\/37-giro-delle-mura-citta-di-feltre-verso-il-record-di-iscritti\/"]}]},{"@type":"ImageObject","inLanguage":"fr-FR","@id":"https:\/\/www.bellunopress.it\/2026\/08\/26\/37-giro-delle-mura-citta-di-feltre-verso-il-record-di-iscritti\/#primaryimage","url":"https:\/\/www.bellunopress.it\/wp-content\/uploads\/2026\/08\/Feltre-Giro-delle-Mura-37ma-ed.jpg","contentUrl":"https:\/\/www.bellunopress.it\/wp-content\/uploads\/2026\/08\/Feltre-Giro-delle-Mura-37ma-ed.jpg","width":500,"height":291},{"@type":"BreadcrumbList","@id":"https:\/\/www.bellunopress.it\/2026\/08\/26\/37-giro-delle-mura-citta-di-feltre-verso-il-record-di-iscritti\/#breadcrumb","itemListElement":[{"@type":"ListItem","position":1,"name":"Home","item":"https:\/\/www.bellunopress.it\/"},{"@type":"ListItem","position":2,"name":"37\u00b0 Giro delle Mura Citt\u00e0 di Feltre: verso il record di iscritti"}]},{"@type":"WebSite","@id":"https:\/\/www.bellunopress.it\/#website","url":"https:\/\/www.bellunopress.it\/","name":"Bellunopress - Dolomiti","description":"e-mail: redazione@bellunopress.it","publisher":{"@id":"https:\/\/www.bellunopress.it\/#organization"},"potentialAction":[{"@type":"SearchAction","target":{"@type":"EntryPoint","urlTemplate":"https:\/\/www.bellunopress.it\/?s={search_term_string}"},"query-input":{"@type":"PropertyValueSpecification","valueRequired":true,"valueName":"search_term_string"}}],"inLanguage":"fr-FR"},{"@type":"Organization","@id":"https:\/\/www.bellunopress.it\/#organization","name":"Bellunopress","url":"https:\/\/www.bellunopress.it\/","logo":{"@type":"ImageObject","inLanguage":"fr-FR","@id":"https:\/\/www.bellunopress.it\/#\/schema\/logo\/image\/","url":"https:\/\/www.bellunopress.it\/wp-content\/uploads\/2011\/05\/cropped-logo-bellunopress-.jpg","contentUrl":"https:\/\/www.bellunopress.it\/wp-content\/uploads\/2011\/05\/cropped-logo-bellunopress-.jpg","width":512,"height":512,"caption":"Bellunopress"},"image":{"@id":"https:\/\/www.bellunopress.it\/#\/schema\/logo\/image\/"},"sameAs":["https:\/\/www.facebook.com\/profile.php?id=100008943462799","https:\/\/x.com\/bellunopress","https:\/\/www.linkedin.com\/hp\/?dnr=JBzUWaJfMUw8vbXJJ2tVW5-I3jZKvC4wsoxE&amp;amp;amp;amp;amp;amp;trk=nav_responsive_tab_home","https:\/\/www.youtube.com\/channel\/UCxL0wu1uN0_3_7hGG0306cw"]},{"@type":"Person","@id":"https:\/\/www.bellunopress.it\/#\/schema\/person\/79bb06722b37ece1c03d3e94beb30d73","name":"r\u00e9daction","image":{"@type":"ImageObject","inLanguage":"fr-FR","@id":"https:\/\/secure.gravatar.com\/avatar\/37d968a2e67a6fd04c169c4bdef102d0bc5d31b2546345219e348575eb80e9a0?s=96&d=mm&r=g","url":"https:\/\/secure.gravatar.com\/avatar\/37d968a2e67a6fd04c169c4bdef102d0bc5d31b2546345219e348575eb80e9a0?s=96&d=mm&r=g","contentUrl":"https:\/\/secure.gravatar.com\/avatar\/37d968a2e67a6fd04c169c4bdef102d0bc5d31b2546345219e348575eb80e9a0?s=96&d=mm&r=g","caption":"redazione"},"sameAs":["http:\/\/www.bellunopress.it","https:\/\/x.com\/bellunopress"],"url":"https:\/\/www.bellunopress.it\/fr\/author\/redazione\/"}]}},"_links":{"self":[{"href":"https:\/\/www.bellunopress.it\/fr\/wp-json\/wp\/v2\/posts\/172887","targetHints":{"allow":["GET"]}}],"collection":[{"href":"https:\/\/www.bellunopress.it\/fr\/wp-json\/wp\/v2\/posts"}],"about":[{"href":"https:\/\/www.bellunopress.it\/fr\/wp-json\/wp\/v2\/types\/post"}],"author":[{"embeddable":true,"href":"https:\/\/www.bellunopress.it\/fr\/wp-json\/wp\/v2\/users\/2"}],"replies":[{"embeddable":true,"href":"https:\/\/www.bellunopress.it\/fr\/wp-json\/wp\/v2\/comments?post=172887"}],"version-history":[{"count":1,"href":"https:\/\/www.bellunopress.it\/fr\/wp-json\/wp\/v2\/posts\/172887\/revisions"}],"predecessor-version":[{"id":172889,"href":"https:\/\/www.bellunopress.it\/fr\/wp-json\/wp\/v2\/posts\/172887\/revisions\/172889"}],"wp:featuredmedia":[{"embeddable":true,"href":"https:\/\/www.bellunopress.it\/fr\/wp-json\/wp\/v2\/media\/172888"}],"wp:attachment":[{"href":"https:\/\/www.bellunopress.it\/fr\/wp-json\/wp\/v2\/media?parent=172887"}],"wp:term":[{"taxonomy":"category","embeddable":true,"href":"https:\/\/www.bellunopress.it\/fr\/wp-json\/wp\/v2\/categories?post=172887"},{"taxonomy":"post_tag","embeddable":true,"href":"https:\/\/www.bellunopress.it\/fr\/wp-json\/wp\/v2\/tags?post=172887"}],"curies":[{"name":"wp","href":"https:\/\/api.w.org\/{rel}","templated":true}]}}