{"id":172873,"date":"2026-08-25T11:52:30","date_gmt":"2026-08-25T09:52:30","guid":{"rendered":"https:\/\/www.bellunopress.it\/?p=172873"},"modified":"2026-08-25T11:52:30","modified_gmt":"2026-08-25T09:52:30","slug":"dissesto-idrogeologico-scopel-nessun-comune-bellunese-finanziato-cosi-si-penalizzano-i-territori-che-hanno-piu-bisogno","status":"publish","type":"post","link":"https:\/\/www.bellunopress.it\/fr\/2026\/08\/25\/dissesto-idrogeologico-scopel-nessun-comune-bellunese-finanziato-cosi-si-penalizzano-i-territori-che-hanno-piu-bisogno\/","title":{"rendered":"Dissesto idrogeologico, Scopel: \u201cNessun Comune bellunese finanziato. Cos\u00ec si penalizzano i territori che hanno pi\u00f9 bisogno\u201d"},"content":{"rendered":"<p><strong>Il sindaco di Seren del Grappa: \u201cNel nostro Comune oltre 2 milioni gi\u00e0 investiti nel dopo Vaia e altri 1,2 milioni finanziati. Ma restano grandi nodi da sciogliere, a partire dalla questione dei ponti\u201d.<\/strong><\/p>\n<p>La pubblicazione delle graduatorie dell\u2019ultimo bando statale relative ai finanziamenti destinati ai Comuni italiani per gli interventi di contrasto al dissesto idrogeologico riporta ancora una volta al centro dell\u2019attenzione una questione che, per i territori montani e pedemontani, non pu\u00f2 pi\u00f9 essere rinviata.<\/p>\n<p>A sottolinearlo \u00e8 il sindaco di Seren del Grappa, Dario Scopel, che stigmatizza il fatto che NESSUN Comune bellunese risulti assegnatario di risorse nell\u2019ambito del provvedimento, che ha ripartito quasi 100 milioni di euro.<\/p>\n<p>\u201c\u00c8 una situazione che lascia inevitabilmente perplessi \u2013 sottolinea Scopel \u2013 perch\u00e9 ancora una volta rischiamo di trovarci di fronte a criteri di ripartizione e a scelte legislative che, anzich\u00e9 premiare i territori virtuosi e intervenire laddove le necessit\u00e0 sono maggiori e oggettivamente documentate, finiscono per penalizzarli. Il dissesto idrogeologico non \u00e8 un\u2019emergenza teorica per i nostri Comuni: \u00e8 una realt\u00e0 con cui amministratori e comunit\u00e0 devono confrontarsi ogni giorno\u201d.<br \/>\nIl primo cittadino di Seren del Grappa porta quindi l\u2019attenzione sulla situazione del proprio Comune, dove, soltanto per gli effetti della tempesta Vaia, sono gi\u00e0 stati investiti oltre 2 milioni di euro esclusivamente in interventi di consolidamento, messa in sicurezza e prevenzione del dissesto idrogeologico.<br \/>\nA questi si aggiungono ulteriori 1,2 milioni di euro di interventi gi\u00e0 finanziati, che saranno avviati nei prossimi mesi.<\/p>\n<p>\u201cQuesti numeri \u2013 evidenzia Scopel \u2013 dimostrano concretamente quanto un Comune come il nostro abbia dovuto investire e continui a farlo per mettere in sicurezza il territorio. Non parliamo di opere accessorie, ma di interventi indispensabili per garantire la sicurezza delle persone, delle abitazioni, delle attivit\u00e0 economiche e della viabilit\u00e0\u201d.<br \/>\nE proprio sulla viabilit\u00e0 si concentra una delle prossime grandi sfide.<\/p>\n<p>\u201cCi sono ancora questioni importanti che dobbiamo affrontare \u2013 prosegue il sindaco \u2013 a partire dall\u2019analisi, dalla verifica e, dove necessario, dal consolidamento dei ponti. In un territorio vallivo e montano come il nostro, i ponti sono arterie indispensabili e insostituibili di collegamento tra le diverse comunit\u00e0. Non possiamo aspettare che si verifichi un problema per intervenire: la prevenzione deve necessariamente precedere l\u2019emergenza\u201d.<\/p>\n<p>Da qui la critica alle modalit\u00e0 con cui vengono indirizzate le risorse pubbliche.<br \/>\n\u201c\u00c8 paradossale \u2013 afferma Scopel \u2013 che, di fronte a territori che hanno esigenze cos\u00ec evidenti, documentate e concrete, le risorse statali vengano indirizzate altrove. Non possiamo continuare a parlare di prevenzione del dissesto idrogeologico soltanto quando si verifica una calamit\u00e0. La prevenzione richiede programmazione, continuit\u00e0 e soprattutto risorse adeguate\u201d.<br \/>\nPer Scopel \u00e8 necessario quindi cambiare approccio, riconoscendo il ruolo strategico che i Comuni di montagna svolgono nella tutela del territorio.<\/p>\n<p>\u201cSe vogliamo davvero pensare che le comunit\u00e0 locali possano rimanere a presidio dei territori e della straordinaria bellezza delle nostre aree montane e pedemontane, dobbiamo invertire immediatamente la rotta. Un territorio presidiato \u00e8 un territorio pi\u00f9 sicuro, perch\u00e9 sono proprio i Comuni, gli amministratori, i tecnici e le comunit\u00e0 locali a conoscere quotidianamente le fragilit\u00e0 e le necessit\u00e0 del territorio\u201d.<\/p>","protected":false},"excerpt":{"rendered":"<p>Il sindaco di Seren del Grappa: \u201cNel nostro Comune oltre 2 milioni gi\u00e0 investiti nel dopo Vaia e altri 1,2 milioni finanziati. Ma restano grandi nodi da sciogliere, a partire dalla questione dei ponti\u201d. La pubblicazione delle graduatorie dell\u2019ultimo bando statale relative ai finanziamenti destinati ai Comuni italiani per gli interventi di contrasto al dissesto [&hellip;]<\/p>\n","protected":false},"author":2,"featured_media":172493,"comment_status":"closed","ping_status":"open","sticky":false,"template":"","format":"standard","meta":{"footnotes":""},"categories":[5,26],"tags":[],"class_list":["post-172873","post","type-post","status-publish","format-standard","has-post-thumbnail","category-cronaca","category-prima-pagina"],"yoast_head":"<!-- This site is optimized with the Yoast SEO plugin v28.4 - https:\/\/yoast.com\/product\/yoast-seo-wordpress\/ -->\n<title>Dissesto idrogeologico, Scopel: \u201cNessun Comune bellunese finanziato. Cos\u00ec si penalizzano i territori che hanno pi\u00f9 bisogno\u201d - Bellunopress - Dolomiti<\/title>\n<meta name=\"robots\" content=\"index, follow, max-snippet:-1, max-image-preview:large, max-video-preview:-1\" \/>\n<link rel=\"canonical\" href=\"https:\/\/www.bellunopress.it\/fr\/2026\/08\/25\/dissesto-idrogeologico-scopel-nessun-comune-bellunese-finanziato-cosi-si-penalizzano-i-territori-che-hanno-piu-bisogno\/\" \/>\n<meta property=\"og:locale\" content=\"fr_FR\" \/>\n<meta property=\"og:type\" content=\"article\" \/>\n<meta property=\"og:title\" content=\"Dissesto idrogeologico, Scopel: \u201cNessun Comune bellunese finanziato. Cos\u00ec si penalizzano i territori che hanno pi\u00f9 bisogno\u201d - Bellunopress - Dolomiti\" \/>\n<meta property=\"og:description\" content=\"Il sindaco di Seren del Grappa: \u201cNel nostro Comune oltre 2 milioni gi\u00e0 investiti nel dopo Vaia e altri 1,2 milioni finanziati. Ma restano grandi nodi da sciogliere, a partire dalla questione dei ponti\u201d. La pubblicazione delle graduatorie dell\u2019ultimo bando statale relative ai finanziamenti destinati ai Comuni italiani per gli interventi di contrasto al dissesto [&hellip;]\" \/>\n<meta property=\"og:url\" content=\"https:\/\/www.bellunopress.it\/fr\/2026\/08\/25\/dissesto-idrogeologico-scopel-nessun-comune-bellunese-finanziato-cosi-si-penalizzano-i-territori-che-hanno-piu-bisogno\/\" \/>\n<meta property=\"og:site_name\" content=\"Bellunopress - Dolomiti\" \/>\n<meta property=\"article:publisher\" content=\"https:\/\/www.facebook.com\/profile.php?id=100008943462799\" \/>\n<meta property=\"article:published_time\" content=\"2026-08-25T09:52:30+00:00\" \/>\n<meta property=\"og:image\" content=\"https:\/\/www.bellunopress.it\/wp-content\/uploads\/2026\/08\/Dario-Scopel-sindaco-Seren-del-Grappa.jpeg\" \/>\n\t<meta property=\"og:image:width\" content=\"364\" \/>\n\t<meta property=\"og:image:height\" content=\"378\" \/>\n\t<meta property=\"og:image:type\" content=\"image\/jpeg\" \/>\n<meta name=\"author\" content=\"redazione\" \/>\n<meta name=\"twitter:card\" content=\"summary_large_image\" \/>\n<meta name=\"twitter:creator\" content=\"@bellunopress\" \/>\n<meta name=\"twitter:site\" content=\"@bellunopress\" \/>\n<meta name=\"twitter:label1\" content=\"Written by\" \/>\n\t<meta name=\"twitter:data1\" content=\"redazione\" \/>\n\t<meta name=\"twitter:label2\" content=\"Est. reading time\" \/>\n\t<meta name=\"twitter:data2\" content=\"3 minutes\" \/>\n<script type=\"application\/ld+json\" class=\"yoast-schema-graph\">{\"@context\":\"https:\\\/\\\/schema.org\",\"@graph\":[{\"@type\":\"Article\",\"@id\":\"https:\\\/\\\/www.bellunopress.it\\\/2026\\\/08\\\/25\\\/dissesto-idrogeologico-scopel-nessun-comune-bellunese-finanziato-cosi-si-penalizzano-i-territori-che-hanno-piu-bisogno\\\/#article\",\"isPartOf\":{\"@id\":\"https:\\\/\\\/www.bellunopress.it\\\/2026\\\/08\\\/25\\\/dissesto-idrogeologico-scopel-nessun-comune-bellunese-finanziato-cosi-si-penalizzano-i-territori-che-hanno-piu-bisogno\\\/\"},\"author\":{\"name\":\"redazione\",\"@id\":\"https:\\\/\\\/www.bellunopress.it\\\/#\\\/schema\\\/person\\\/79bb06722b37ece1c03d3e94beb30d73\"},\"headline\":\"Dissesto idrogeologico, Scopel: \u201cNessun Comune bellunese finanziato. Cos\u00ec si penalizzano i territori che hanno pi\u00f9 bisogno\u201d\",\"datePublished\":\"2026-08-25T09:52:30+00:00\",\"mainEntityOfPage\":{\"@id\":\"https:\\\/\\\/www.bellunopress.it\\\/2026\\\/08\\\/25\\\/dissesto-idrogeologico-scopel-nessun-comune-bellunese-finanziato-cosi-si-penalizzano-i-territori-che-hanno-piu-bisogno\\\/\"},\"wordCount\":516,\"publisher\":{\"@id\":\"https:\\\/\\\/www.bellunopress.it\\\/#organization\"},\"image\":{\"@id\":\"https:\\\/\\\/www.bellunopress.it\\\/2026\\\/08\\\/25\\\/dissesto-idrogeologico-scopel-nessun-comune-bellunese-finanziato-cosi-si-penalizzano-i-territori-che-hanno-piu-bisogno\\\/#primaryimage\"},\"thumbnailUrl\":\"https:\\\/\\\/www.bellunopress.it\\\/wp-content\\\/uploads\\\/2026\\\/08\\\/Dario-Scopel-sindaco-Seren-del-Grappa.jpeg\",\"articleSection\":[\"Cronaca\\\/Politica\",\"Prima Pagina\"],\"inLanguage\":\"fr-FR\"},{\"@type\":\"WebPage\",\"@id\":\"https:\\\/\\\/www.bellunopress.it\\\/2026\\\/08\\\/25\\\/dissesto-idrogeologico-scopel-nessun-comune-bellunese-finanziato-cosi-si-penalizzano-i-territori-che-hanno-piu-bisogno\\\/\",\"url\":\"https:\\\/\\\/www.bellunopress.it\\\/2026\\\/08\\\/25\\\/dissesto-idrogeologico-scopel-nessun-comune-bellunese-finanziato-cosi-si-penalizzano-i-territori-che-hanno-piu-bisogno\\\/\",\"name\":\"Dissesto idrogeologico, Scopel: \u201cNessun Comune bellunese finanziato. Cos\u00ec si penalizzano i territori che hanno pi\u00f9 bisogno\u201d - Bellunopress - Dolomiti\",\"isPartOf\":{\"@id\":\"https:\\\/\\\/www.bellunopress.it\\\/#website\"},\"primaryImageOfPage\":{\"@id\":\"https:\\\/\\\/www.bellunopress.it\\\/2026\\\/08\\\/25\\\/dissesto-idrogeologico-scopel-nessun-comune-bellunese-finanziato-cosi-si-penalizzano-i-territori-che-hanno-piu-bisogno\\\/#primaryimage\"},\"image\":{\"@id\":\"https:\\\/\\\/www.bellunopress.it\\\/2026\\\/08\\\/25\\\/dissesto-idrogeologico-scopel-nessun-comune-bellunese-finanziato-cosi-si-penalizzano-i-territori-che-hanno-piu-bisogno\\\/#primaryimage\"},\"thumbnailUrl\":\"https:\\\/\\\/www.bellunopress.it\\\/wp-content\\\/uploads\\\/2026\\\/08\\\/Dario-Scopel-sindaco-Seren-del-Grappa.jpeg\",\"datePublished\":\"2026-08-25T09:52:30+00:00\",\"breadcrumb\":{\"@id\":\"https:\\\/\\\/www.bellunopress.it\\\/2026\\\/08\\\/25\\\/dissesto-idrogeologico-scopel-nessun-comune-bellunese-finanziato-cosi-si-penalizzano-i-territori-che-hanno-piu-bisogno\\\/#breadcrumb\"},\"inLanguage\":\"fr-FR\",\"potentialAction\":[{\"@type\":\"ReadAction\",\"target\":[\"https:\\\/\\\/www.bellunopress.it\\\/2026\\\/08\\\/25\\\/dissesto-idrogeologico-scopel-nessun-comune-bellunese-finanziato-cosi-si-penalizzano-i-territori-che-hanno-piu-bisogno\\\/\"]}]},{\"@type\":\"ImageObject\",\"inLanguage\":\"fr-FR\",\"@id\":\"https:\\\/\\\/www.bellunopress.it\\\/2026\\\/08\\\/25\\\/dissesto-idrogeologico-scopel-nessun-comune-bellunese-finanziato-cosi-si-penalizzano-i-territori-che-hanno-piu-bisogno\\\/#primaryimage\",\"url\":\"https:\\\/\\\/www.bellunopress.it\\\/wp-content\\\/uploads\\\/2026\\\/08\\\/Dario-Scopel-sindaco-Seren-del-Grappa.jpeg\",\"contentUrl\":\"https:\\\/\\\/www.bellunopress.it\\\/wp-content\\\/uploads\\\/2026\\\/08\\\/Dario-Scopel-sindaco-Seren-del-Grappa.jpeg\",\"width\":364,\"height\":378,\"caption\":\"Dario Scopel, sindaco di Seren del Grappa\"},{\"@type\":\"BreadcrumbList\",\"@id\":\"https:\\\/\\\/www.bellunopress.it\\\/2026\\\/08\\\/25\\\/dissesto-idrogeologico-scopel-nessun-comune-bellunese-finanziato-cosi-si-penalizzano-i-territori-che-hanno-piu-bisogno\\\/#breadcrumb\",\"itemListElement\":[{\"@type\":\"ListItem\",\"position\":1,\"name\":\"Home\",\"item\":\"https:\\\/\\\/www.bellunopress.it\\\/\"},{\"@type\":\"ListItem\",\"position\":2,\"name\":\"Dissesto idrogeologico, Scopel: \u201cNessun Comune bellunese finanziato. Cos\u00ec si penalizzano i territori che hanno pi\u00f9 bisogno\u201d\"}]},{\"@type\":\"WebSite\",\"@id\":\"https:\\\/\\\/www.bellunopress.it\\\/#website\",\"url\":\"https:\\\/\\\/www.bellunopress.it\\\/\",\"name\":\"Bellunopress - Dolomiti\",\"description\":\"e-mail: redazione@bellunopress.it\",\"publisher\":{\"@id\":\"https:\\\/\\\/www.bellunopress.it\\\/#organization\"},\"potentialAction\":[{\"@type\":\"SearchAction\",\"target\":{\"@type\":\"EntryPoint\",\"urlTemplate\":\"https:\\\/\\\/www.bellunopress.it\\\/?s={search_term_string}\"},\"query-input\":{\"@type\":\"PropertyValueSpecification\",\"valueRequired\":true,\"valueName\":\"search_term_string\"}}],\"inLanguage\":\"fr-FR\"},{\"@type\":\"Organization\",\"@id\":\"https:\\\/\\\/www.bellunopress.it\\\/#organization\",\"name\":\"Bellunopress\",\"url\":\"https:\\\/\\\/www.bellunopress.it\\\/\",\"logo\":{\"@type\":\"ImageObject\",\"inLanguage\":\"fr-FR\",\"@id\":\"https:\\\/\\\/www.bellunopress.it\\\/#\\\/schema\\\/logo\\\/image\\\/\",\"url\":\"https:\\\/\\\/www.bellunopress.it\\\/wp-content\\\/uploads\\\/2011\\\/05\\\/cropped-logo-bellunopress-.jpg\",\"contentUrl\":\"https:\\\/\\\/www.bellunopress.it\\\/wp-content\\\/uploads\\\/2011\\\/05\\\/cropped-logo-bellunopress-.jpg\",\"width\":512,\"height\":512,\"caption\":\"Bellunopress\"},\"image\":{\"@id\":\"https:\\\/\\\/www.bellunopress.it\\\/#\\\/schema\\\/logo\\\/image\\\/\"},\"sameAs\":[\"https:\\\/\\\/www.facebook.com\\\/profile.php?id=100008943462799\",\"https:\\\/\\\/x.com\\\/bellunopress\",\"https:\\\/\\\/www.linkedin.com\\\/hp\\\/?dnr=JBzUWaJfMUw8vbXJJ2tVW5-I3jZKvC4wsoxE&amp;amp;amp;amp;amp;amp;trk=nav_responsive_tab_home\",\"https:\\\/\\\/www.youtube.com\\\/channel\\\/UCxL0wu1uN0_3_7hGG0306cw\"]},{\"@type\":\"Person\",\"@id\":\"https:\\\/\\\/www.bellunopress.it\\\/#\\\/schema\\\/person\\\/79bb06722b37ece1c03d3e94beb30d73\",\"name\":\"redazione\",\"image\":{\"@type\":\"ImageObject\",\"inLanguage\":\"fr-FR\",\"@id\":\"https:\\\/\\\/secure.gravatar.com\\\/avatar\\\/37d968a2e67a6fd04c169c4bdef102d0bc5d31b2546345219e348575eb80e9a0?s=96&d=mm&r=g\",\"url\":\"https:\\\/\\\/secure.gravatar.com\\\/avatar\\\/37d968a2e67a6fd04c169c4bdef102d0bc5d31b2546345219e348575eb80e9a0?s=96&d=mm&r=g\",\"contentUrl\":\"https:\\\/\\\/secure.gravatar.com\\\/avatar\\\/37d968a2e67a6fd04c169c4bdef102d0bc5d31b2546345219e348575eb80e9a0?s=96&d=mm&r=g\",\"caption\":\"redazione\"},\"sameAs\":[\"http:\\\/\\\/www.bellunopress.it\",\"https:\\\/\\\/x.com\\\/bellunopress\"],\"url\":\"https:\\\/\\\/www.bellunopress.it\\\/fr\\\/author\\\/redazione\\\/\"}]}<\/script>\n<!-- \/ Yoast SEO plugin. -->","yoast_head_json":{"title":"Dissesto idrogeologico, Scopel: \u201cNessun Comune bellunese finanziato. Cos\u00ec si penalizzano i territori che hanno pi\u00f9 bisogno\u201d - Bellunopress - Dolomiti","robots":{"index":"index","follow":"follow","max-snippet":"max-snippet:-1","max-image-preview":"max-image-preview:large","max-video-preview":"max-video-preview:-1"},"canonical":"https:\/\/www.bellunopress.it\/fr\/2026\/08\/25\/dissesto-idrogeologico-scopel-nessun-comune-bellunese-finanziato-cosi-si-penalizzano-i-territori-che-hanno-piu-bisogno\/","og_locale":"fr_FR","og_type":"article","og_title":"Dissesto idrogeologico, Scopel: \u201cNessun Comune bellunese finanziato. Cos\u00ec si penalizzano i territori che hanno pi\u00f9 bisogno\u201d - Bellunopress - Dolomiti","og_description":"Il sindaco di Seren del Grappa: \u201cNel nostro Comune oltre 2 milioni gi\u00e0 investiti nel dopo Vaia e altri 1,2 milioni finanziati. Ma restano grandi nodi da sciogliere, a partire dalla questione dei ponti\u201d. La pubblicazione delle graduatorie dell\u2019ultimo bando statale relative ai finanziamenti destinati ai Comuni italiani per gli interventi di contrasto al dissesto [&hellip;]","og_url":"https:\/\/www.bellunopress.it\/fr\/2026\/08\/25\/dissesto-idrogeologico-scopel-nessun-comune-bellunese-finanziato-cosi-si-penalizzano-i-territori-che-hanno-piu-bisogno\/","og_site_name":"Bellunopress - Dolomiti","article_publisher":"https:\/\/www.facebook.com\/profile.php?id=100008943462799","article_published_time":"2026-08-25T09:52:30+00:00","og_image":[{"width":364,"height":378,"url":"https:\/\/www.bellunopress.it\/wp-content\/uploads\/2026\/08\/Dario-Scopel-sindaco-Seren-del-Grappa.jpeg","type":"image\/jpeg"}],"author":"redazione","twitter_card":"summary_large_image","twitter_creator":"@bellunopress","twitter_site":"@bellunopress","twitter_misc":{"Written by":"redazione","Est. reading time":"3 minutes"},"schema":{"@context":"https:\/\/schema.org","@graph":[{"@type":"Article","@id":"https:\/\/www.bellunopress.it\/2026\/08\/25\/dissesto-idrogeologico-scopel-nessun-comune-bellunese-finanziato-cosi-si-penalizzano-i-territori-che-hanno-piu-bisogno\/#article","isPartOf":{"@id":"https:\/\/www.bellunopress.it\/2026\/08\/25\/dissesto-idrogeologico-scopel-nessun-comune-bellunese-finanziato-cosi-si-penalizzano-i-territori-che-hanno-piu-bisogno\/"},"author":{"name":"redazione","@id":"https:\/\/www.bellunopress.it\/#\/schema\/person\/79bb06722b37ece1c03d3e94beb30d73"},"headline":"Dissesto idrogeologico, Scopel: \u201cNessun Comune bellunese finanziato. Cos\u00ec si penalizzano i territori che hanno pi\u00f9 bisogno\u201d","datePublished":"2026-08-25T09:52:30+00:00","mainEntityOfPage":{"@id":"https:\/\/www.bellunopress.it\/2026\/08\/25\/dissesto-idrogeologico-scopel-nessun-comune-bellunese-finanziato-cosi-si-penalizzano-i-territori-che-hanno-piu-bisogno\/"},"wordCount":516,"publisher":{"@id":"https:\/\/www.bellunopress.it\/#organization"},"image":{"@id":"https:\/\/www.bellunopress.it\/2026\/08\/25\/dissesto-idrogeologico-scopel-nessun-comune-bellunese-finanziato-cosi-si-penalizzano-i-territori-che-hanno-piu-bisogno\/#primaryimage"},"thumbnailUrl":"https:\/\/www.bellunopress.it\/wp-content\/uploads\/2026\/08\/Dario-Scopel-sindaco-Seren-del-Grappa.jpeg","articleSection":["Cronaca\/Politica","Prima Pagina"],"inLanguage":"fr-FR"},{"@type":"WebPage","@id":"https:\/\/www.bellunopress.it\/2026\/08\/25\/dissesto-idrogeologico-scopel-nessun-comune-bellunese-finanziato-cosi-si-penalizzano-i-territori-che-hanno-piu-bisogno\/","url":"https:\/\/www.bellunopress.it\/2026\/08\/25\/dissesto-idrogeologico-scopel-nessun-comune-bellunese-finanziato-cosi-si-penalizzano-i-territori-che-hanno-piu-bisogno\/","name":"Dissesto idrogeologico, Scopel: \u201cNessun Comune bellunese finanziato. Cos\u00ec si penalizzano i territori che hanno pi\u00f9 bisogno\u201d - Bellunopress - Dolomiti","isPartOf":{"@id":"https:\/\/www.bellunopress.it\/#website"},"primaryImageOfPage":{"@id":"https:\/\/www.bellunopress.it\/2026\/08\/25\/dissesto-idrogeologico-scopel-nessun-comune-bellunese-finanziato-cosi-si-penalizzano-i-territori-che-hanno-piu-bisogno\/#primaryimage"},"image":{"@id":"https:\/\/www.bellunopress.it\/2026\/08\/25\/dissesto-idrogeologico-scopel-nessun-comune-bellunese-finanziato-cosi-si-penalizzano-i-territori-che-hanno-piu-bisogno\/#primaryimage"},"thumbnailUrl":"https:\/\/www.bellunopress.it\/wp-content\/uploads\/2026\/08\/Dario-Scopel-sindaco-Seren-del-Grappa.jpeg","datePublished":"2026-08-25T09:52:30+00:00","breadcrumb":{"@id":"https:\/\/www.bellunopress.it\/2026\/08\/25\/dissesto-idrogeologico-scopel-nessun-comune-bellunese-finanziato-cosi-si-penalizzano-i-territori-che-hanno-piu-bisogno\/#breadcrumb"},"inLanguage":"fr-FR","potentialAction":[{"@type":"ReadAction","target":["https:\/\/www.bellunopress.it\/2026\/08\/25\/dissesto-idrogeologico-scopel-nessun-comune-bellunese-finanziato-cosi-si-penalizzano-i-territori-che-hanno-piu-bisogno\/"]}]},{"@type":"ImageObject","inLanguage":"fr-FR","@id":"https:\/\/www.bellunopress.it\/2026\/08\/25\/dissesto-idrogeologico-scopel-nessun-comune-bellunese-finanziato-cosi-si-penalizzano-i-territori-che-hanno-piu-bisogno\/#primaryimage","url":"https:\/\/www.bellunopress.it\/wp-content\/uploads\/2026\/08\/Dario-Scopel-sindaco-Seren-del-Grappa.jpeg","contentUrl":"https:\/\/www.bellunopress.it\/wp-content\/uploads\/2026\/08\/Dario-Scopel-sindaco-Seren-del-Grappa.jpeg","width":364,"height":378,"caption":"Dario Scopel, sindaco di Seren del Grappa"},{"@type":"BreadcrumbList","@id":"https:\/\/www.bellunopress.it\/2026\/08\/25\/dissesto-idrogeologico-scopel-nessun-comune-bellunese-finanziato-cosi-si-penalizzano-i-territori-che-hanno-piu-bisogno\/#breadcrumb","itemListElement":[{"@type":"ListItem","position":1,"name":"Home","item":"https:\/\/www.bellunopress.it\/"},{"@type":"ListItem","position":2,"name":"Dissesto idrogeologico, Scopel: \u201cNessun Comune bellunese finanziato. Cos\u00ec si penalizzano i territori che hanno pi\u00f9 bisogno\u201d"}]},{"@type":"WebSite","@id":"https:\/\/www.bellunopress.it\/#website","url":"https:\/\/www.bellunopress.it\/","name":"Bellunopress - Dolomiti","description":"e-mail: redazione@bellunopress.it","publisher":{"@id":"https:\/\/www.bellunopress.it\/#organization"},"potentialAction":[{"@type":"SearchAction","target":{"@type":"EntryPoint","urlTemplate":"https:\/\/www.bellunopress.it\/?s={search_term_string}"},"query-input":{"@type":"PropertyValueSpecification","valueRequired":true,"valueName":"search_term_string"}}],"inLanguage":"fr-FR"},{"@type":"Organization","@id":"https:\/\/www.bellunopress.it\/#organization","name":"Bellunopress","url":"https:\/\/www.bellunopress.it\/","logo":{"@type":"ImageObject","inLanguage":"fr-FR","@id":"https:\/\/www.bellunopress.it\/#\/schema\/logo\/image\/","url":"https:\/\/www.bellunopress.it\/wp-content\/uploads\/2011\/05\/cropped-logo-bellunopress-.jpg","contentUrl":"https:\/\/www.bellunopress.it\/wp-content\/uploads\/2011\/05\/cropped-logo-bellunopress-.jpg","width":512,"height":512,"caption":"Bellunopress"},"image":{"@id":"https:\/\/www.bellunopress.it\/#\/schema\/logo\/image\/"},"sameAs":["https:\/\/www.facebook.com\/profile.php?id=100008943462799","https:\/\/x.com\/bellunopress","https:\/\/www.linkedin.com\/hp\/?dnr=JBzUWaJfMUw8vbXJJ2tVW5-I3jZKvC4wsoxE&amp;amp;amp;amp;amp;amp;trk=nav_responsive_tab_home","https:\/\/www.youtube.com\/channel\/UCxL0wu1uN0_3_7hGG0306cw"]},{"@type":"Person","@id":"https:\/\/www.bellunopress.it\/#\/schema\/person\/79bb06722b37ece1c03d3e94beb30d73","name":"r\u00e9daction","image":{"@type":"ImageObject","inLanguage":"fr-FR","@id":"https:\/\/secure.gravatar.com\/avatar\/37d968a2e67a6fd04c169c4bdef102d0bc5d31b2546345219e348575eb80e9a0?s=96&d=mm&r=g","url":"https:\/\/secure.gravatar.com\/avatar\/37d968a2e67a6fd04c169c4bdef102d0bc5d31b2546345219e348575eb80e9a0?s=96&d=mm&r=g","contentUrl":"https:\/\/secure.gravatar.com\/avatar\/37d968a2e67a6fd04c169c4bdef102d0bc5d31b2546345219e348575eb80e9a0?s=96&d=mm&r=g","caption":"redazione"},"sameAs":["http:\/\/www.bellunopress.it","https:\/\/x.com\/bellunopress"],"url":"https:\/\/www.bellunopress.it\/fr\/author\/redazione\/"}]}},"_links":{"self":[{"href":"https:\/\/www.bellunopress.it\/fr\/wp-json\/wp\/v2\/posts\/172873","targetHints":{"allow":["GET"]}}],"collection":[{"href":"https:\/\/www.bellunopress.it\/fr\/wp-json\/wp\/v2\/posts"}],"about":[{"href":"https:\/\/www.bellunopress.it\/fr\/wp-json\/wp\/v2\/types\/post"}],"author":[{"embeddable":true,"href":"https:\/\/www.bellunopress.it\/fr\/wp-json\/wp\/v2\/users\/2"}],"replies":[{"embeddable":true,"href":"https:\/\/www.bellunopress.it\/fr\/wp-json\/wp\/v2\/comments?post=172873"}],"version-history":[{"count":1,"href":"https:\/\/www.bellunopress.it\/fr\/wp-json\/wp\/v2\/posts\/172873\/revisions"}],"predecessor-version":[{"id":172874,"href":"https:\/\/www.bellunopress.it\/fr\/wp-json\/wp\/v2\/posts\/172873\/revisions\/172874"}],"wp:featuredmedia":[{"embeddable":true,"href":"https:\/\/www.bellunopress.it\/fr\/wp-json\/wp\/v2\/media\/172493"}],"wp:attachment":[{"href":"https:\/\/www.bellunopress.it\/fr\/wp-json\/wp\/v2\/media?parent=172873"}],"wp:term":[{"taxonomy":"category","embeddable":true,"href":"https:\/\/www.bellunopress.it\/fr\/wp-json\/wp\/v2\/categories?post=172873"},{"taxonomy":"post_tag","embeddable":true,"href":"https:\/\/www.bellunopress.it\/fr\/wp-json\/wp\/v2\/tags?post=172873"}],"curies":[{"name":"wp","href":"https:\/\/api.w.org\/{rel}","templated":true}]}}