{"id":172868,"date":"2026-08-25T10:28:02","date_gmt":"2026-08-25T08:28:02","guid":{"rendered":"https:\/\/www.bellunopress.it\/?p=172868"},"modified":"2026-08-25T10:28:02","modified_gmt":"2026-08-25T08:28:02","slug":"la-sinfonia-incontra-la-natura-nelle-terre-alte-dalpago","status":"publish","type":"post","link":"https:\/\/www.bellunopress.it\/fr\/2026\/08\/25\/la-sinfonia-incontra-la-natura-nelle-terre-alte-dalpago\/","title":{"rendered":"La symphonie rencontre la nature dans les Hautes Terres d'Alpago"},"content":{"rendered":"<p>Sabato 29 agosto alle ore 11.00, i suggestivi scenari di localit\u00e0 Degnona di San Martino d&#8217;Alpago ospiteranno un evento d&#8217;eccezione: il concerto della\u00a0Jugendsinfonieorchester der Musikschule Bochum\u00a0(Orchestra Sinfonica Giovanile della Scuola di Musica di Bochum). L&#8217;appuntamento, inserito nel prestigioso cartellone del\u00a0Festival Internazionale di Musica del Veneto 2026, porter\u00e0 a 1200 metri di altitudine ben 70 talentuosi musicisti provenienti dalla Germania.<\/p>\n<h6><span style=\"font-family: Calibri, sans-serif;\"><span style=\"font-size: medium;\"><i>&#8220;Una mattinata di grande musica nella natura, capace di unire l&#8217;eccellenza sinfonica internazionale alla straordinaria bellezza del paesaggio montano della Regola di Montanes&#8221;.<\/i><\/span><\/span><\/h6>\n<h3>Un&#8217;orchestra pluripremiata e un programma d&#8217;eccellenza<\/h3>\n<p>Fondata nel 1974 e forte dei festeggiamenti per il suo 50\u00b0 anniversario, l&#8217;Orchestra di Bochum \u00e8 composta da strumentisti tra i 13 e i 30 anni. Sotto la guida del direttore Norbert Koop (alla direzione dal 1999), l&#8217;ensemble ha conquistato numerosi premi nazionali. Il programma musicale trasporter\u00e0 il pubblico in un viaggio tra le pi\u00f9 celebri composizioni europee:<\/p>\n<table width=\"555\" cellspacing=\"0\" cellpadding=\"8\">\n<colgroup>\n<col width=\"163\" \/>\n<col width=\"359\" \/><\/colgroup>\n<thead>\n<tr>\n<td width=\"163\">Compositore<\/td>\n<td width=\"359\">Opera in programma<\/td>\n<\/tr>\n<\/thead>\n<tbody>\n<tr>\n<td width=\"163\">Gaetano Donizetti<\/td>\n<td width=\"359\">Ouverture da\u00a0Don Pasquale<\/td>\n<\/tr>\n<tr>\n<td width=\"163\">Yoel Gamzou<\/td>\n<td width=\"359\">Fantasy on\u00a0La Traviata\u00a0for flute and orchestra<\/td>\n<\/tr>\n<tr>\n<td width=\"163\">Franz Liszt<\/td>\n<td width=\"359\">Les Preludes\u00a0(Symphonic poem for orchestra)<\/td>\n<\/tr>\n<tr>\n<td width=\"163\">P\u00ebtr Il&#8217;i\u010d \u010cajkovskij<\/td>\n<td width=\"359\">Swan Lake\u00a0(Suite op. 20)<\/td>\n<\/tr>\n<\/tbody>\n<\/table>\n<p>&nbsp;<\/p>\n<p>L&#8217;evento si inserisce nella quarta edizione del\u00a0Festival Internazionale di Musica del Veneto, ideato e diretto dal M\u00b0 Alberto De Piero. La rassegna, che gode del patrocinio della Regione Veneto, del contributo del Conservatorio &#8220;Agostino Steffani&#8221; di Castelfranco Veneto e della media partnership di Rai Veneto, si distingue per la sua capacit\u00e0 di trasformare l&#8217;intera regione in un palcoscenico diffuso. L&#8217;obiettivo \u00e8 portare la grande musica non solo nei centri nevralgici, ma anche in localit\u00e0 decentrate, valorizzandone il patrimonio ambientale e favorendo la coesione territoriale.<\/p>\n<h3>Dettagli logistici e informazioni per il pubblico<\/h3>\n<p>Per garantire a tutti di godere appieno dell&#8217;esperienza, al termine del concerto seguir\u00e0 un momento conviviale con il\u00a0Pranzo in malga\u00a0(pasta e bibite fino a esaurimento scorte).<\/p>\n<ul>\n<li>Accesso:\u00a0Libero e gratuito. Il pubblico potr\u00e0 accomodarsi direttamente sul prato.<\/li>\n<li>Cosa portare:\u00a0Abbigliamento adatto alla montagna e una coperta o stuoino per sedersi.<\/li>\n<li>Percorso a piedi:\u00a0Parcheggio a San Martino e salita via Moda (circa 40 minuti di cammino con 300 metri di dislivello).<\/li>\n<li>Servizio Navetta:\u00a0Attivo da San Martino con orario 09.00 &#8211; 10.00.<\/li>\n<li>Piano pioggia:\u00a0In caso di maltempo, il concerto \u00e8 garantito presso la struttura coperta di San Martino.<\/li>\n<\/ul>","protected":false},"excerpt":{"rendered":"<p>Sabato 29 agosto alle ore 11.00, i suggestivi scenari di localit\u00e0 Degnona di San Martino d&#8217;Alpago ospiteranno un evento d&#8217;eccezione: il concerto della\u00a0Jugendsinfonieorchester der Musikschule Bochum\u00a0(Orchestra Sinfonica Giovanile della Scuola di Musica di Bochum). L&#8217;appuntamento, inserito nel prestigioso cartellone del\u00a0Festival Internazionale di Musica del Veneto 2026, porter\u00e0 a 1200 metri di altitudine ben 70 talentuosi [&hellip;]<\/p>\n","protected":false},"author":2,"featured_media":172869,"comment_status":"closed","ping_status":"open","sticky":false,"template":"","format":"standard","meta":{"footnotes":""},"categories":[27,3,25],"tags":[],"class_list":["post-172868","post","type-post","status-publish","format-standard","has-post-thumbnail","category-appuntamenti","category-arte-cultura-spettacoli-scienza-archivi","category-pausa-caffe"],"yoast_head":"<!-- This site is optimized with the Yoast SEO plugin v28.4 - https:\/\/yoast.com\/product\/yoast-seo-wordpress\/ -->\n<title>La sinfonia incontra la natura nelle Terre Alte d&#039;Alpago - Bellunopress - Dolomiti<\/title>\n<meta name=\"robots\" content=\"index, follow, max-snippet:-1, max-image-preview:large, max-video-preview:-1\" \/>\n<link rel=\"canonical\" href=\"https:\/\/www.bellunopress.it\/fr\/2026\/08\/25\/la-sinfonia-incontra-la-natura-nelle-terre-alte-dalpago\/\" \/>\n<meta property=\"og:locale\" content=\"fr_FR\" \/>\n<meta property=\"og:type\" content=\"article\" \/>\n<meta property=\"og:title\" content=\"La sinfonia incontra la natura nelle Terre Alte d&#039;Alpago - Bellunopress - Dolomiti\" \/>\n<meta property=\"og:description\" content=\"Sabato 29 agosto alle ore 11.00, i suggestivi scenari di localit\u00e0 Degnona di San Martino d&#8217;Alpago ospiteranno un evento d&#8217;eccezione: il concerto della\u00a0Jugendsinfonieorchester der Musikschule Bochum\u00a0(Orchestra Sinfonica Giovanile della Scuola di Musica di Bochum). L&#8217;appuntamento, inserito nel prestigioso cartellone del\u00a0Festival Internazionale di Musica del Veneto 2026, porter\u00e0 a 1200 metri di altitudine ben 70 talentuosi [&hellip;]\" \/>\n<meta property=\"og:url\" content=\"https:\/\/www.bellunopress.it\/fr\/2026\/08\/25\/la-sinfonia-incontra-la-natura-nelle-terre-alte-dalpago\/\" \/>\n<meta property=\"og:site_name\" content=\"Bellunopress - Dolomiti\" \/>\n<meta property=\"article:publisher\" content=\"https:\/\/www.facebook.com\/profile.php?id=100008943462799\" \/>\n<meta property=\"article:published_time\" content=\"2026-08-25T08:28:02+00:00\" \/>\n<meta property=\"og:image\" content=\"https:\/\/www.bellunopress.it\/wp-content\/uploads\/2026\/08\/Orchestra.jpg\" \/>\n\t<meta property=\"og:image:width\" content=\"596\" \/>\n\t<meta property=\"og:image:height\" content=\"281\" \/>\n\t<meta property=\"og:image:type\" content=\"image\/jpeg\" \/>\n<meta name=\"author\" content=\"redazione\" \/>\n<meta name=\"twitter:card\" content=\"summary_large_image\" \/>\n<meta name=\"twitter:creator\" content=\"@bellunopress\" \/>\n<meta name=\"twitter:site\" content=\"@bellunopress\" \/>\n<meta name=\"twitter:label1\" content=\"Written by\" \/>\n\t<meta name=\"twitter:data1\" content=\"redazione\" \/>\n\t<meta name=\"twitter:label2\" content=\"Est. reading time\" \/>\n\t<meta name=\"twitter:data2\" content=\"3 minutes\" \/>\n<script type=\"application\/ld+json\" class=\"yoast-schema-graph\">{\"@context\":\"https:\\\/\\\/schema.org\",\"@graph\":[{\"@type\":\"Article\",\"@id\":\"https:\\\/\\\/www.bellunopress.it\\\/2026\\\/08\\\/25\\\/la-sinfonia-incontra-la-natura-nelle-terre-alte-dalpago\\\/#article\",\"isPartOf\":{\"@id\":\"https:\\\/\\\/www.bellunopress.it\\\/2026\\\/08\\\/25\\\/la-sinfonia-incontra-la-natura-nelle-terre-alte-dalpago\\\/\"},\"author\":{\"name\":\"redazione\",\"@id\":\"https:\\\/\\\/www.bellunopress.it\\\/#\\\/schema\\\/person\\\/79bb06722b37ece1c03d3e94beb30d73\"},\"headline\":\"La sinfonia incontra la natura nelle Terre Alte d&#8217;Alpago\",\"datePublished\":\"2026-08-25T08:28:02+00:00\",\"mainEntityOfPage\":{\"@id\":\"https:\\\/\\\/www.bellunopress.it\\\/2026\\\/08\\\/25\\\/la-sinfonia-incontra-la-natura-nelle-terre-alte-dalpago\\\/\"},\"wordCount\":385,\"publisher\":{\"@id\":\"https:\\\/\\\/www.bellunopress.it\\\/#organization\"},\"image\":{\"@id\":\"https:\\\/\\\/www.bellunopress.it\\\/2026\\\/08\\\/25\\\/la-sinfonia-incontra-la-natura-nelle-terre-alte-dalpago\\\/#primaryimage\"},\"thumbnailUrl\":\"https:\\\/\\\/www.bellunopress.it\\\/wp-content\\\/uploads\\\/2026\\\/08\\\/Orchestra.jpg\",\"articleSection\":[\"Appuntamenti, Eventi\",\"Arte, Cultura, Spettacoli, Scienza\",\"Pausa Caff\u00e8\"],\"inLanguage\":\"fr-FR\"},{\"@type\":\"WebPage\",\"@id\":\"https:\\\/\\\/www.bellunopress.it\\\/2026\\\/08\\\/25\\\/la-sinfonia-incontra-la-natura-nelle-terre-alte-dalpago\\\/\",\"url\":\"https:\\\/\\\/www.bellunopress.it\\\/2026\\\/08\\\/25\\\/la-sinfonia-incontra-la-natura-nelle-terre-alte-dalpago\\\/\",\"name\":\"La sinfonia incontra la natura nelle Terre Alte d'Alpago - Bellunopress - Dolomiti\",\"isPartOf\":{\"@id\":\"https:\\\/\\\/www.bellunopress.it\\\/#website\"},\"primaryImageOfPage\":{\"@id\":\"https:\\\/\\\/www.bellunopress.it\\\/2026\\\/08\\\/25\\\/la-sinfonia-incontra-la-natura-nelle-terre-alte-dalpago\\\/#primaryimage\"},\"image\":{\"@id\":\"https:\\\/\\\/www.bellunopress.it\\\/2026\\\/08\\\/25\\\/la-sinfonia-incontra-la-natura-nelle-terre-alte-dalpago\\\/#primaryimage\"},\"thumbnailUrl\":\"https:\\\/\\\/www.bellunopress.it\\\/wp-content\\\/uploads\\\/2026\\\/08\\\/Orchestra.jpg\",\"datePublished\":\"2026-08-25T08:28:02+00:00\",\"breadcrumb\":{\"@id\":\"https:\\\/\\\/www.bellunopress.it\\\/2026\\\/08\\\/25\\\/la-sinfonia-incontra-la-natura-nelle-terre-alte-dalpago\\\/#breadcrumb\"},\"inLanguage\":\"fr-FR\",\"potentialAction\":[{\"@type\":\"ReadAction\",\"target\":[\"https:\\\/\\\/www.bellunopress.it\\\/2026\\\/08\\\/25\\\/la-sinfonia-incontra-la-natura-nelle-terre-alte-dalpago\\\/\"]}]},{\"@type\":\"ImageObject\",\"inLanguage\":\"fr-FR\",\"@id\":\"https:\\\/\\\/www.bellunopress.it\\\/2026\\\/08\\\/25\\\/la-sinfonia-incontra-la-natura-nelle-terre-alte-dalpago\\\/#primaryimage\",\"url\":\"https:\\\/\\\/www.bellunopress.it\\\/wp-content\\\/uploads\\\/2026\\\/08\\\/Orchestra.jpg\",\"contentUrl\":\"https:\\\/\\\/www.bellunopress.it\\\/wp-content\\\/uploads\\\/2026\\\/08\\\/Orchestra.jpg\",\"width\":596,\"height\":281,\"caption\":\"\u00a0Jugendsinfonieorchester der Musikschule Bochum\u00a0(Orchestra Sinfonica Giovanile della Scuola di Musica di Bochum)\"},{\"@type\":\"BreadcrumbList\",\"@id\":\"https:\\\/\\\/www.bellunopress.it\\\/2026\\\/08\\\/25\\\/la-sinfonia-incontra-la-natura-nelle-terre-alte-dalpago\\\/#breadcrumb\",\"itemListElement\":[{\"@type\":\"ListItem\",\"position\":1,\"name\":\"Home\",\"item\":\"https:\\\/\\\/www.bellunopress.it\\\/\"},{\"@type\":\"ListItem\",\"position\":2,\"name\":\"La sinfonia incontra la natura nelle Terre Alte d&#8217;Alpago\"}]},{\"@type\":\"WebSite\",\"@id\":\"https:\\\/\\\/www.bellunopress.it\\\/#website\",\"url\":\"https:\\\/\\\/www.bellunopress.it\\\/\",\"name\":\"Bellunopress - Dolomiti\",\"description\":\"e-mail: redazione@bellunopress.it\",\"publisher\":{\"@id\":\"https:\\\/\\\/www.bellunopress.it\\\/#organization\"},\"potentialAction\":[{\"@type\":\"SearchAction\",\"target\":{\"@type\":\"EntryPoint\",\"urlTemplate\":\"https:\\\/\\\/www.bellunopress.it\\\/?s={search_term_string}\"},\"query-input\":{\"@type\":\"PropertyValueSpecification\",\"valueRequired\":true,\"valueName\":\"search_term_string\"}}],\"inLanguage\":\"fr-FR\"},{\"@type\":\"Organization\",\"@id\":\"https:\\\/\\\/www.bellunopress.it\\\/#organization\",\"name\":\"Bellunopress\",\"url\":\"https:\\\/\\\/www.bellunopress.it\\\/\",\"logo\":{\"@type\":\"ImageObject\",\"inLanguage\":\"fr-FR\",\"@id\":\"https:\\\/\\\/www.bellunopress.it\\\/#\\\/schema\\\/logo\\\/image\\\/\",\"url\":\"https:\\\/\\\/www.bellunopress.it\\\/wp-content\\\/uploads\\\/2011\\\/05\\\/cropped-logo-bellunopress-.jpg\",\"contentUrl\":\"https:\\\/\\\/www.bellunopress.it\\\/wp-content\\\/uploads\\\/2011\\\/05\\\/cropped-logo-bellunopress-.jpg\",\"width\":512,\"height\":512,\"caption\":\"Bellunopress\"},\"image\":{\"@id\":\"https:\\\/\\\/www.bellunopress.it\\\/#\\\/schema\\\/logo\\\/image\\\/\"},\"sameAs\":[\"https:\\\/\\\/www.facebook.com\\\/profile.php?id=100008943462799\",\"https:\\\/\\\/x.com\\\/bellunopress\",\"https:\\\/\\\/www.linkedin.com\\\/hp\\\/?dnr=JBzUWaJfMUw8vbXJJ2tVW5-I3jZKvC4wsoxE&amp;amp;amp;amp;amp;amp;trk=nav_responsive_tab_home\",\"https:\\\/\\\/www.youtube.com\\\/channel\\\/UCxL0wu1uN0_3_7hGG0306cw\"]},{\"@type\":\"Person\",\"@id\":\"https:\\\/\\\/www.bellunopress.it\\\/#\\\/schema\\\/person\\\/79bb06722b37ece1c03d3e94beb30d73\",\"name\":\"redazione\",\"image\":{\"@type\":\"ImageObject\",\"inLanguage\":\"fr-FR\",\"@id\":\"https:\\\/\\\/secure.gravatar.com\\\/avatar\\\/37d968a2e67a6fd04c169c4bdef102d0bc5d31b2546345219e348575eb80e9a0?s=96&d=mm&r=g\",\"url\":\"https:\\\/\\\/secure.gravatar.com\\\/avatar\\\/37d968a2e67a6fd04c169c4bdef102d0bc5d31b2546345219e348575eb80e9a0?s=96&d=mm&r=g\",\"contentUrl\":\"https:\\\/\\\/secure.gravatar.com\\\/avatar\\\/37d968a2e67a6fd04c169c4bdef102d0bc5d31b2546345219e348575eb80e9a0?s=96&d=mm&r=g\",\"caption\":\"redazione\"},\"sameAs\":[\"http:\\\/\\\/www.bellunopress.it\",\"https:\\\/\\\/x.com\\\/bellunopress\"],\"url\":\"https:\\\/\\\/www.bellunopress.it\\\/fr\\\/author\\\/redazione\\\/\"}]}<\/script>\n<!-- \/ Yoast SEO plugin. -->","yoast_head_json":{"title":"La sinfonia incontra la natura nelle Terre Alte d'Alpago - Bellunopress - Dolomiti","robots":{"index":"index","follow":"follow","max-snippet":"max-snippet:-1","max-image-preview":"max-image-preview:large","max-video-preview":"max-video-preview:-1"},"canonical":"https:\/\/www.bellunopress.it\/fr\/2026\/08\/25\/la-sinfonia-incontra-la-natura-nelle-terre-alte-dalpago\/","og_locale":"fr_FR","og_type":"article","og_title":"La sinfonia incontra la natura nelle Terre Alte d'Alpago - Bellunopress - Dolomiti","og_description":"Sabato 29 agosto alle ore 11.00, i suggestivi scenari di localit\u00e0 Degnona di San Martino d&#8217;Alpago ospiteranno un evento d&#8217;eccezione: il concerto della\u00a0Jugendsinfonieorchester der Musikschule Bochum\u00a0(Orchestra Sinfonica Giovanile della Scuola di Musica di Bochum). L&#8217;appuntamento, inserito nel prestigioso cartellone del\u00a0Festival Internazionale di Musica del Veneto 2026, porter\u00e0 a 1200 metri di altitudine ben 70 talentuosi [&hellip;]","og_url":"https:\/\/www.bellunopress.it\/fr\/2026\/08\/25\/la-sinfonia-incontra-la-natura-nelle-terre-alte-dalpago\/","og_site_name":"Bellunopress - Dolomiti","article_publisher":"https:\/\/www.facebook.com\/profile.php?id=100008943462799","article_published_time":"2026-08-25T08:28:02+00:00","og_image":[{"width":596,"height":281,"url":"https:\/\/www.bellunopress.it\/wp-content\/uploads\/2026\/08\/Orchestra.jpg","type":"image\/jpeg"}],"author":"redazione","twitter_card":"summary_large_image","twitter_creator":"@bellunopress","twitter_site":"@bellunopress","twitter_misc":{"Written by":"redazione","Est. reading time":"3 minutes"},"schema":{"@context":"https:\/\/schema.org","@graph":[{"@type":"Article","@id":"https:\/\/www.bellunopress.it\/2026\/08\/25\/la-sinfonia-incontra-la-natura-nelle-terre-alte-dalpago\/#article","isPartOf":{"@id":"https:\/\/www.bellunopress.it\/2026\/08\/25\/la-sinfonia-incontra-la-natura-nelle-terre-alte-dalpago\/"},"author":{"name":"redazione","@id":"https:\/\/www.bellunopress.it\/#\/schema\/person\/79bb06722b37ece1c03d3e94beb30d73"},"headline":"La sinfonia incontra la natura nelle Terre Alte d&#8217;Alpago","datePublished":"2026-08-25T08:28:02+00:00","mainEntityOfPage":{"@id":"https:\/\/www.bellunopress.it\/2026\/08\/25\/la-sinfonia-incontra-la-natura-nelle-terre-alte-dalpago\/"},"wordCount":385,"publisher":{"@id":"https:\/\/www.bellunopress.it\/#organization"},"image":{"@id":"https:\/\/www.bellunopress.it\/2026\/08\/25\/la-sinfonia-incontra-la-natura-nelle-terre-alte-dalpago\/#primaryimage"},"thumbnailUrl":"https:\/\/www.bellunopress.it\/wp-content\/uploads\/2026\/08\/Orchestra.jpg","articleSection":["Appuntamenti, Eventi","Arte, Cultura, Spettacoli, Scienza","Pausa Caff\u00e8"],"inLanguage":"fr-FR"},{"@type":"WebPage","@id":"https:\/\/www.bellunopress.it\/2026\/08\/25\/la-sinfonia-incontra-la-natura-nelle-terre-alte-dalpago\/","url":"https:\/\/www.bellunopress.it\/2026\/08\/25\/la-sinfonia-incontra-la-natura-nelle-terre-alte-dalpago\/","name":"La sinfonia incontra la natura nelle Terre Alte d'Alpago - Bellunopress - Dolomiti","isPartOf":{"@id":"https:\/\/www.bellunopress.it\/#website"},"primaryImageOfPage":{"@id":"https:\/\/www.bellunopress.it\/2026\/08\/25\/la-sinfonia-incontra-la-natura-nelle-terre-alte-dalpago\/#primaryimage"},"image":{"@id":"https:\/\/www.bellunopress.it\/2026\/08\/25\/la-sinfonia-incontra-la-natura-nelle-terre-alte-dalpago\/#primaryimage"},"thumbnailUrl":"https:\/\/www.bellunopress.it\/wp-content\/uploads\/2026\/08\/Orchestra.jpg","datePublished":"2026-08-25T08:28:02+00:00","breadcrumb":{"@id":"https:\/\/www.bellunopress.it\/2026\/08\/25\/la-sinfonia-incontra-la-natura-nelle-terre-alte-dalpago\/#breadcrumb"},"inLanguage":"fr-FR","potentialAction":[{"@type":"ReadAction","target":["https:\/\/www.bellunopress.it\/2026\/08\/25\/la-sinfonia-incontra-la-natura-nelle-terre-alte-dalpago\/"]}]},{"@type":"ImageObject","inLanguage":"fr-FR","@id":"https:\/\/www.bellunopress.it\/2026\/08\/25\/la-sinfonia-incontra-la-natura-nelle-terre-alte-dalpago\/#primaryimage","url":"https:\/\/www.bellunopress.it\/wp-content\/uploads\/2026\/08\/Orchestra.jpg","contentUrl":"https:\/\/www.bellunopress.it\/wp-content\/uploads\/2026\/08\/Orchestra.jpg","width":596,"height":281,"caption":"\u00a0Jugendsinfonieorchester der Musikschule Bochum\u00a0(Orchestra Sinfonica Giovanile della Scuola di Musica di Bochum)"},{"@type":"BreadcrumbList","@id":"https:\/\/www.bellunopress.it\/2026\/08\/25\/la-sinfonia-incontra-la-natura-nelle-terre-alte-dalpago\/#breadcrumb","itemListElement":[{"@type":"ListItem","position":1,"name":"Home","item":"https:\/\/www.bellunopress.it\/"},{"@type":"ListItem","position":2,"name":"La sinfonia incontra la natura nelle Terre Alte d&#8217;Alpago"}]},{"@type":"WebSite","@id":"https:\/\/www.bellunopress.it\/#website","url":"https:\/\/www.bellunopress.it\/","name":"Bellunopress - Dolomiti","description":"e-mail: redazione@bellunopress.it","publisher":{"@id":"https:\/\/www.bellunopress.it\/#organization"},"potentialAction":[{"@type":"SearchAction","target":{"@type":"EntryPoint","urlTemplate":"https:\/\/www.bellunopress.it\/?s={search_term_string}"},"query-input":{"@type":"PropertyValueSpecification","valueRequired":true,"valueName":"search_term_string"}}],"inLanguage":"fr-FR"},{"@type":"Organization","@id":"https:\/\/www.bellunopress.it\/#organization","name":"Bellunopress","url":"https:\/\/www.bellunopress.it\/","logo":{"@type":"ImageObject","inLanguage":"fr-FR","@id":"https:\/\/www.bellunopress.it\/#\/schema\/logo\/image\/","url":"https:\/\/www.bellunopress.it\/wp-content\/uploads\/2011\/05\/cropped-logo-bellunopress-.jpg","contentUrl":"https:\/\/www.bellunopress.it\/wp-content\/uploads\/2011\/05\/cropped-logo-bellunopress-.jpg","width":512,"height":512,"caption":"Bellunopress"},"image":{"@id":"https:\/\/www.bellunopress.it\/#\/schema\/logo\/image\/"},"sameAs":["https:\/\/www.facebook.com\/profile.php?id=100008943462799","https:\/\/x.com\/bellunopress","https:\/\/www.linkedin.com\/hp\/?dnr=JBzUWaJfMUw8vbXJJ2tVW5-I3jZKvC4wsoxE&amp;amp;amp;amp;amp;amp;trk=nav_responsive_tab_home","https:\/\/www.youtube.com\/channel\/UCxL0wu1uN0_3_7hGG0306cw"]},{"@type":"Person","@id":"https:\/\/www.bellunopress.it\/#\/schema\/person\/79bb06722b37ece1c03d3e94beb30d73","name":"r\u00e9daction","image":{"@type":"ImageObject","inLanguage":"fr-FR","@id":"https:\/\/secure.gravatar.com\/avatar\/37d968a2e67a6fd04c169c4bdef102d0bc5d31b2546345219e348575eb80e9a0?s=96&d=mm&r=g","url":"https:\/\/secure.gravatar.com\/avatar\/37d968a2e67a6fd04c169c4bdef102d0bc5d31b2546345219e348575eb80e9a0?s=96&d=mm&r=g","contentUrl":"https:\/\/secure.gravatar.com\/avatar\/37d968a2e67a6fd04c169c4bdef102d0bc5d31b2546345219e348575eb80e9a0?s=96&d=mm&r=g","caption":"redazione"},"sameAs":["http:\/\/www.bellunopress.it","https:\/\/x.com\/bellunopress"],"url":"https:\/\/www.bellunopress.it\/fr\/author\/redazione\/"}]}},"_links":{"self":[{"href":"https:\/\/www.bellunopress.it\/fr\/wp-json\/wp\/v2\/posts\/172868","targetHints":{"allow":["GET"]}}],"collection":[{"href":"https:\/\/www.bellunopress.it\/fr\/wp-json\/wp\/v2\/posts"}],"about":[{"href":"https:\/\/www.bellunopress.it\/fr\/wp-json\/wp\/v2\/types\/post"}],"author":[{"embeddable":true,"href":"https:\/\/www.bellunopress.it\/fr\/wp-json\/wp\/v2\/users\/2"}],"replies":[{"embeddable":true,"href":"https:\/\/www.bellunopress.it\/fr\/wp-json\/wp\/v2\/comments?post=172868"}],"version-history":[{"count":1,"href":"https:\/\/www.bellunopress.it\/fr\/wp-json\/wp\/v2\/posts\/172868\/revisions"}],"predecessor-version":[{"id":172870,"href":"https:\/\/www.bellunopress.it\/fr\/wp-json\/wp\/v2\/posts\/172868\/revisions\/172870"}],"wp:featuredmedia":[{"embeddable":true,"href":"https:\/\/www.bellunopress.it\/fr\/wp-json\/wp\/v2\/media\/172869"}],"wp:attachment":[{"href":"https:\/\/www.bellunopress.it\/fr\/wp-json\/wp\/v2\/media?parent=172868"}],"wp:term":[{"taxonomy":"category","embeddable":true,"href":"https:\/\/www.bellunopress.it\/fr\/wp-json\/wp\/v2\/categories?post=172868"},{"taxonomy":"post_tag","embeddable":true,"href":"https:\/\/www.bellunopress.it\/fr\/wp-json\/wp\/v2\/tags?post=172868"}],"curies":[{"name":"wp","href":"https:\/\/api.w.org\/{rel}","templated":true}]}}