{"id":172863,"date":"2026-08-25T07:13:52","date_gmt":"2026-08-25T05:13:52","guid":{"rendered":"https:\/\/www.bellunopress.it\/?p=172863"},"modified":"2026-08-25T07:14:20","modified_gmt":"2026-08-25T05:14:20","slug":"dolomiti-bellunesi-a-zanica-il-successo-arriva-al-97","status":"publish","type":"post","link":"https:\/\/www.bellunopress.it\/fr\/2026\/08\/25\/dolomiti-bellunesi-a-zanica-il-successo-arriva-al-97\/","title":{"rendered":"Dolomiti Bellunesi. A Zanica il successo arriva al 97&#8242;"},"content":{"rendered":"<p><strong>Prima giornata di campionato. Cossalter e Gobetti &#8220;usano la testa&#8221;.\u00a0 Blitz a Zanica della Dolomiti Bellunesi<\/strong><\/p>\n<p>FOLGORE CARATESE-DOLOMITI BELLUNESI 1-2<\/p>\n<p>GOL: st 6&#8242; Cossalter, 21&#8242; D&#8217;Amico, 52&#8242; Gobetti.<\/p>\n<p>FOLGORE CARATESE: Salvalaggio; Samotti, Marchetti, Bassino; Bellia, Campani (st 15&#8242; Mazzaglia), Castellano, Ndoj (st 10&#8242; Vacca, 29&#8242; Duca), Ambrosini (st 1&#8242; Balzano); Spalluto, D&#8217;Amico (st 29&#8242; Mezsargs) (in panchina: Castelnuovo, Cester, Guidi, Benvenuto, Manzo, Gatti, Vignoli). Allenatore: N. Belmonte.<\/p>\n<p>DOLOMITI BELLUNESI: Sonzogni; Saccani, Mondonico (st 33&#8242; Beltaief), Gobetti, Trabucchi; Cossalter, Montenegro, Ba (st 44&#8242; Agosti); Clemenza (st 44&#8242; Zidouh), Mignanelli; Kowalski (st 17&#8242; Migliardi) (in panchina: Coan, Lewis, Morreale, Casanova). Allenatore: A. Bonatti.<\/p>\n<p>ARBITRO: Andrea Bortolussi di Nichelino (assistenti: Carlo De Luca di Merano e Simone Pandini di Bolzano; quarto ufficiale: Mansour Faye di Brescia; operatore FVS: Alessandro Cassano di Saronno).<\/p>\n<p>NOTE. Spettatori: 722. Angoli: 4-4. Ammoniti: Campani, Kowalski, Samotti. Espulsi: st 24&#8242; Balzano e 56&#8242; Spalluto (reazione). Recupero: pt 2&#8242;; st 8&#8242;.<\/p>\n<p>Se il buongiorno si vede dal mattino &#8211; nonostante si sia giocato sotto un cielo stellato &#8211; sar\u00e0 un campionato ricchissimo di emozioni. Perch\u00e9, nel debutto di Zanica, la Dolomiti Bellunesi conquista tre punti di platino al settimo minuto di recupero, dopo aver giocato per met\u00e0 ripresa in superiorit\u00e0 numerica. E aver collezionato una serie inenarrabile di occasioni da rete. A un certo punto, la porta lombarda sembrava protetta da un vetro. Almeno fino a quando si \u00e8 preso la scena un difensore col dolce vizietto del gol e la capacit\u00e0 di rendersi pericoloso pure nell&#8217;area avversaria: Nicol\u00f2 Gobetti, autore dell&#8217;incornata vincente. E chi, la testa, la sa usare al meglio \u00e8 anche Thomas Cossalter, protagonista del momentaneo vantaggio. Lo stesso capitano subir\u00e0, inoltre, i due falli che costano altrettante espulsioni alla Folgore Caratese. Goleador decisivi, quindi. Ma, non da meno, un sontuoso Mignanelli nelle vesti di suggeritore.<\/p>\n<p>TRIS DI OCCASIONI &#8211; I dolomitici partono benissimo, al punto da costruire ben tre opportunit\u00e0 nell&#8217;arco di sei giri di lancette. Al 7&#8242;, Clemenza lucida il sinistro su punizione e obbliga Salvalaggio a deviare sopra il montante. E un paio di minuti pi\u00f9 tardi, il tentativo aereo di Mondonico viene salvato clamorosamente sulla linea da chi, i gol, \u00e8 chiamato a segnarli, pi\u00f9 che a evitarli: ovvero, il centravanti Spalluto. A portiere battuto, \u00e8 proprio il numero 9, bomber in Coppa Italia, a negare al centrale di Vimercate la gioia personale. Come se non bastasse, a ridosso del quarto d&#8217;ora Clemenza approfitta di un errore in fase di disimpegno di Marchetti, si presenta a tu per tu con Salvalaggio e piazza il sinistro all&#8217;angolino lontano: l&#8217;estremo di casa, per\u00f2, non si lascia sorprendere. E, in tuffo, compie un intervento risolutore. La prima met\u00e0 di gara \u00e8 tutta, ma proprio tutta della Dolomiti Bellunesi. Solo che, alla lunga, cresce la Folgore Caratese, spinta dal suo pubblico. E sfiora il bersaglio con un fendente di Castellano (21&#8242;), fuori di poco, oltre che con un colpo di testa di Spalluto, sventato da un attentissimo Sonzogni.<\/p>\n<p>FATTORE &#8211; Colpo di testa che diventer\u00e0 un fattore nell&#8217;altra met\u00e0 di campo, in apertura di ripresa. In particolare grazie a Saccani (Salvalaggio neutralizza). E soprattutto a Cossalter, abile a sfruttare un cross dalla sinistra di Mignanelli, a inserirsi con i tempi giusti e a incornare in rete. Tuttavia, passa solo un quarto d&#8217;ora e D&#8217;Amico \u00e8 lesto ad approfittare di una sbavatura della retroguardia dolomitica e a trovare il varco giusto per riportare subito il match sui binari dell&#8217;equilibrio. Lo stesso equilibrio, per\u00f2, va in frantumi a livello di uomini in campo, se \u00e8 vero che Balzano, spedito sul rettangolo verde durante la pausa, colpisce Cossalter a palla lontana e rimedia il rosso diretto. L&#8217;undici di Bonatti allora si riversa in avanti. E con due neo entrati sfiora il nuovo vantaggio: in particolare, con Beltaief, che esalta i riflessi di Salvalaggio. E Zidouh, che da pochi passi manda sopra la traversa. La gara sembra stregata. Sembra, perch\u00e9 al settimo e penultimo minuto di recupero, sugli sviluppi di un corner, Gobetti prende l&#8217;ascensore e, dopo un &#8220;bacino&#8221; al legno, adagia la sfera nel sacco, per il tripudio finale. \u00c8 un successo meritato. E pesante, mentre la Folgore chiuder\u00e0 in nove in seguito a un&#8217;altra espulsione: a Spalluto.<\/p>","protected":false},"excerpt":{"rendered":"<p>Prima giornata di campionato. Cossalter e Gobetti &#8220;usano la testa&#8221;.\u00a0 Blitz a Zanica della Dolomiti Bellunesi FOLGORE CARATESE-DOLOMITI BELLUNESI 1-2 GOL: st 6&#8242; Cossalter, 21&#8242; D&#8217;Amico, 52&#8242; Gobetti. FOLGORE CARATESE: Salvalaggio; Samotti, Marchetti, Bassino; Bellia, Campani (st 15&#8242; Mazzaglia), Castellano, Ndoj (st 10&#8242; Vacca, 29&#8242; Duca), Ambrosini (st 1&#8242; Balzano); Spalluto, D&#8217;Amico (st 29&#8242; Mezsargs) [&hellip;]<\/p>\n","protected":false},"author":2,"featured_media":172864,"comment_status":"closed","ping_status":"open","sticky":false,"template":"","format":"standard","meta":{"footnotes":""},"categories":[4],"tags":[],"class_list":["post-172863","post","type-post","status-publish","format-standard","has-post-thumbnail","category-sport"],"yoast_head":"<!-- This site is optimized with the Yoast SEO plugin v28.4 - https:\/\/yoast.com\/product\/yoast-seo-wordpress\/ -->\n<title>Dolomiti Bellunesi. A Zanica il successo arriva al 97&#039; - Bellunopress - Dolomiti<\/title>\n<meta name=\"robots\" content=\"index, follow, max-snippet:-1, max-image-preview:large, max-video-preview:-1\" \/>\n<link rel=\"canonical\" href=\"https:\/\/www.bellunopress.it\/fr\/2026\/08\/25\/dolomiti-bellunesi-a-zanica-il-successo-arriva-al-97\/\" \/>\n<meta property=\"og:locale\" content=\"fr_FR\" \/>\n<meta property=\"og:type\" content=\"article\" \/>\n<meta property=\"og:title\" content=\"Dolomiti Bellunesi. A Zanica il successo arriva al 97&#039; - Bellunopress - Dolomiti\" \/>\n<meta property=\"og:description\" content=\"Prima giornata di campionato. Cossalter e Gobetti &#8220;usano la testa&#8221;.\u00a0 Blitz a Zanica della Dolomiti Bellunesi FOLGORE CARATESE-DOLOMITI BELLUNESI 1-2 GOL: st 6&#8242; Cossalter, 21&#8242; D&#8217;Amico, 52&#8242; Gobetti. FOLGORE CARATESE: Salvalaggio; Samotti, Marchetti, Bassino; Bellia, Campani (st 15&#8242; Mazzaglia), Castellano, Ndoj (st 10&#8242; Vacca, 29&#8242; Duca), Ambrosini (st 1&#8242; Balzano); Spalluto, D&#8217;Amico (st 29&#8242; Mezsargs) [&hellip;]\" \/>\n<meta property=\"og:url\" content=\"https:\/\/www.bellunopress.it\/fr\/2026\/08\/25\/dolomiti-bellunesi-a-zanica-il-successo-arriva-al-97\/\" \/>\n<meta property=\"og:site_name\" content=\"Bellunopress - Dolomiti\" \/>\n<meta property=\"article:publisher\" content=\"https:\/\/www.facebook.com\/profile.php?id=100008943462799\" \/>\n<meta property=\"article:published_time\" content=\"2026-08-25T05:13:52+00:00\" \/>\n<meta property=\"article:modified_time\" content=\"2026-08-25T05:14:20+00:00\" \/>\n<meta property=\"og:image\" content=\"https:\/\/www.bellunopress.it\/wp-content\/uploads\/2026\/08\/Dolomiti-Bellunesi-calcio-2026.jpg\" \/>\n\t<meta property=\"og:image:width\" content=\"500\" \/>\n\t<meta property=\"og:image:height\" content=\"368\" \/>\n\t<meta property=\"og:image:type\" content=\"image\/jpeg\" \/>\n<meta name=\"author\" content=\"redazione\" \/>\n<meta name=\"twitter:card\" content=\"summary_large_image\" \/>\n<meta name=\"twitter:creator\" content=\"@bellunopress\" \/>\n<meta name=\"twitter:site\" content=\"@bellunopress\" \/>\n<meta name=\"twitter:label1\" content=\"Written by\" \/>\n\t<meta name=\"twitter:data1\" content=\"redazione\" \/>\n\t<meta name=\"twitter:label2\" content=\"Est. reading time\" \/>\n\t<meta name=\"twitter:data2\" content=\"4 minutes\" \/>\n<script type=\"application\/ld+json\" class=\"yoast-schema-graph\">{\"@context\":\"https:\\\/\\\/schema.org\",\"@graph\":[{\"@type\":\"Article\",\"@id\":\"https:\\\/\\\/www.bellunopress.it\\\/2026\\\/08\\\/25\\\/dolomiti-bellunesi-a-zanica-il-successo-arriva-al-97\\\/#article\",\"isPartOf\":{\"@id\":\"https:\\\/\\\/www.bellunopress.it\\\/2026\\\/08\\\/25\\\/dolomiti-bellunesi-a-zanica-il-successo-arriva-al-97\\\/\"},\"author\":{\"name\":\"redazione\",\"@id\":\"https:\\\/\\\/www.bellunopress.it\\\/#\\\/schema\\\/person\\\/79bb06722b37ece1c03d3e94beb30d73\"},\"headline\":\"Dolomiti Bellunesi. A Zanica il successo arriva al 97&#8242;\",\"datePublished\":\"2026-08-25T05:13:52+00:00\",\"dateModified\":\"2026-08-25T05:14:20+00:00\",\"mainEntityOfPage\":{\"@id\":\"https:\\\/\\\/www.bellunopress.it\\\/2026\\\/08\\\/25\\\/dolomiti-bellunesi-a-zanica-il-successo-arriva-al-97\\\/\"},\"wordCount\":693,\"publisher\":{\"@id\":\"https:\\\/\\\/www.bellunopress.it\\\/#organization\"},\"image\":{\"@id\":\"https:\\\/\\\/www.bellunopress.it\\\/2026\\\/08\\\/25\\\/dolomiti-bellunesi-a-zanica-il-successo-arriva-al-97\\\/#primaryimage\"},\"thumbnailUrl\":\"https:\\\/\\\/www.bellunopress.it\\\/wp-content\\\/uploads\\\/2026\\\/08\\\/Dolomiti-Bellunesi-calcio-2026.jpg\",\"articleSection\":[\"Sport, tempo libero\"],\"inLanguage\":\"fr-FR\"},{\"@type\":\"WebPage\",\"@id\":\"https:\\\/\\\/www.bellunopress.it\\\/2026\\\/08\\\/25\\\/dolomiti-bellunesi-a-zanica-il-successo-arriva-al-97\\\/\",\"url\":\"https:\\\/\\\/www.bellunopress.it\\\/2026\\\/08\\\/25\\\/dolomiti-bellunesi-a-zanica-il-successo-arriva-al-97\\\/\",\"name\":\"Dolomiti Bellunesi. A Zanica il successo arriva al 97' - Bellunopress - Dolomiti\",\"isPartOf\":{\"@id\":\"https:\\\/\\\/www.bellunopress.it\\\/#website\"},\"primaryImageOfPage\":{\"@id\":\"https:\\\/\\\/www.bellunopress.it\\\/2026\\\/08\\\/25\\\/dolomiti-bellunesi-a-zanica-il-successo-arriva-al-97\\\/#primaryimage\"},\"image\":{\"@id\":\"https:\\\/\\\/www.bellunopress.it\\\/2026\\\/08\\\/25\\\/dolomiti-bellunesi-a-zanica-il-successo-arriva-al-97\\\/#primaryimage\"},\"thumbnailUrl\":\"https:\\\/\\\/www.bellunopress.it\\\/wp-content\\\/uploads\\\/2026\\\/08\\\/Dolomiti-Bellunesi-calcio-2026.jpg\",\"datePublished\":\"2026-08-25T05:13:52+00:00\",\"dateModified\":\"2026-08-25T05:14:20+00:00\",\"breadcrumb\":{\"@id\":\"https:\\\/\\\/www.bellunopress.it\\\/2026\\\/08\\\/25\\\/dolomiti-bellunesi-a-zanica-il-successo-arriva-al-97\\\/#breadcrumb\"},\"inLanguage\":\"fr-FR\",\"potentialAction\":[{\"@type\":\"ReadAction\",\"target\":[\"https:\\\/\\\/www.bellunopress.it\\\/2026\\\/08\\\/25\\\/dolomiti-bellunesi-a-zanica-il-successo-arriva-al-97\\\/\"]}]},{\"@type\":\"ImageObject\",\"inLanguage\":\"fr-FR\",\"@id\":\"https:\\\/\\\/www.bellunopress.it\\\/2026\\\/08\\\/25\\\/dolomiti-bellunesi-a-zanica-il-successo-arriva-al-97\\\/#primaryimage\",\"url\":\"https:\\\/\\\/www.bellunopress.it\\\/wp-content\\\/uploads\\\/2026\\\/08\\\/Dolomiti-Bellunesi-calcio-2026.jpg\",\"contentUrl\":\"https:\\\/\\\/www.bellunopress.it\\\/wp-content\\\/uploads\\\/2026\\\/08\\\/Dolomiti-Bellunesi-calcio-2026.jpg\",\"width\":500,\"height\":368},{\"@type\":\"BreadcrumbList\",\"@id\":\"https:\\\/\\\/www.bellunopress.it\\\/2026\\\/08\\\/25\\\/dolomiti-bellunesi-a-zanica-il-successo-arriva-al-97\\\/#breadcrumb\",\"itemListElement\":[{\"@type\":\"ListItem\",\"position\":1,\"name\":\"Home\",\"item\":\"https:\\\/\\\/www.bellunopress.it\\\/\"},{\"@type\":\"ListItem\",\"position\":2,\"name\":\"Dolomiti Bellunesi. A Zanica il successo arriva al 97&#8242;\"}]},{\"@type\":\"WebSite\",\"@id\":\"https:\\\/\\\/www.bellunopress.it\\\/#website\",\"url\":\"https:\\\/\\\/www.bellunopress.it\\\/\",\"name\":\"Bellunopress - Dolomiti\",\"description\":\"e-mail: redazione@bellunopress.it\",\"publisher\":{\"@id\":\"https:\\\/\\\/www.bellunopress.it\\\/#organization\"},\"potentialAction\":[{\"@type\":\"SearchAction\",\"target\":{\"@type\":\"EntryPoint\",\"urlTemplate\":\"https:\\\/\\\/www.bellunopress.it\\\/?s={search_term_string}\"},\"query-input\":{\"@type\":\"PropertyValueSpecification\",\"valueRequired\":true,\"valueName\":\"search_term_string\"}}],\"inLanguage\":\"fr-FR\"},{\"@type\":\"Organization\",\"@id\":\"https:\\\/\\\/www.bellunopress.it\\\/#organization\",\"name\":\"Bellunopress\",\"url\":\"https:\\\/\\\/www.bellunopress.it\\\/\",\"logo\":{\"@type\":\"ImageObject\",\"inLanguage\":\"fr-FR\",\"@id\":\"https:\\\/\\\/www.bellunopress.it\\\/#\\\/schema\\\/logo\\\/image\\\/\",\"url\":\"https:\\\/\\\/www.bellunopress.it\\\/wp-content\\\/uploads\\\/2011\\\/05\\\/cropped-logo-bellunopress-.jpg\",\"contentUrl\":\"https:\\\/\\\/www.bellunopress.it\\\/wp-content\\\/uploads\\\/2011\\\/05\\\/cropped-logo-bellunopress-.jpg\",\"width\":512,\"height\":512,\"caption\":\"Bellunopress\"},\"image\":{\"@id\":\"https:\\\/\\\/www.bellunopress.it\\\/#\\\/schema\\\/logo\\\/image\\\/\"},\"sameAs\":[\"https:\\\/\\\/www.facebook.com\\\/profile.php?id=100008943462799\",\"https:\\\/\\\/x.com\\\/bellunopress\",\"https:\\\/\\\/www.linkedin.com\\\/hp\\\/?dnr=JBzUWaJfMUw8vbXJJ2tVW5-I3jZKvC4wsoxE&amp;amp;amp;amp;amp;amp;trk=nav_responsive_tab_home\",\"https:\\\/\\\/www.youtube.com\\\/channel\\\/UCxL0wu1uN0_3_7hGG0306cw\"]},{\"@type\":\"Person\",\"@id\":\"https:\\\/\\\/www.bellunopress.it\\\/#\\\/schema\\\/person\\\/79bb06722b37ece1c03d3e94beb30d73\",\"name\":\"redazione\",\"image\":{\"@type\":\"ImageObject\",\"inLanguage\":\"fr-FR\",\"@id\":\"https:\\\/\\\/secure.gravatar.com\\\/avatar\\\/37d968a2e67a6fd04c169c4bdef102d0bc5d31b2546345219e348575eb80e9a0?s=96&d=mm&r=g\",\"url\":\"https:\\\/\\\/secure.gravatar.com\\\/avatar\\\/37d968a2e67a6fd04c169c4bdef102d0bc5d31b2546345219e348575eb80e9a0?s=96&d=mm&r=g\",\"contentUrl\":\"https:\\\/\\\/secure.gravatar.com\\\/avatar\\\/37d968a2e67a6fd04c169c4bdef102d0bc5d31b2546345219e348575eb80e9a0?s=96&d=mm&r=g\",\"caption\":\"redazione\"},\"sameAs\":[\"http:\\\/\\\/www.bellunopress.it\",\"https:\\\/\\\/x.com\\\/bellunopress\"],\"url\":\"https:\\\/\\\/www.bellunopress.it\\\/fr\\\/author\\\/redazione\\\/\"}]}<\/script>\n<!-- \/ Yoast SEO plugin. -->","yoast_head_json":{"title":"Dolomiti Bellunesi. A Zanica il successo arriva al 97' - Bellunopress - Dolomiti","robots":{"index":"index","follow":"follow","max-snippet":"max-snippet:-1","max-image-preview":"max-image-preview:large","max-video-preview":"max-video-preview:-1"},"canonical":"https:\/\/www.bellunopress.it\/fr\/2026\/08\/25\/dolomiti-bellunesi-a-zanica-il-successo-arriva-al-97\/","og_locale":"fr_FR","og_type":"article","og_title":"Dolomiti Bellunesi. A Zanica il successo arriva al 97' - Bellunopress - Dolomiti","og_description":"Prima giornata di campionato. Cossalter e Gobetti &#8220;usano la testa&#8221;.\u00a0 Blitz a Zanica della Dolomiti Bellunesi FOLGORE CARATESE-DOLOMITI BELLUNESI 1-2 GOL: st 6&#8242; Cossalter, 21&#8242; D&#8217;Amico, 52&#8242; Gobetti. FOLGORE CARATESE: Salvalaggio; Samotti, Marchetti, Bassino; Bellia, Campani (st 15&#8242; Mazzaglia), Castellano, Ndoj (st 10&#8242; Vacca, 29&#8242; Duca), Ambrosini (st 1&#8242; Balzano); Spalluto, D&#8217;Amico (st 29&#8242; Mezsargs) [&hellip;]","og_url":"https:\/\/www.bellunopress.it\/fr\/2026\/08\/25\/dolomiti-bellunesi-a-zanica-il-successo-arriva-al-97\/","og_site_name":"Bellunopress - Dolomiti","article_publisher":"https:\/\/www.facebook.com\/profile.php?id=100008943462799","article_published_time":"2026-08-25T05:13:52+00:00","article_modified_time":"2026-08-25T05:14:20+00:00","og_image":[{"width":500,"height":368,"url":"https:\/\/www.bellunopress.it\/wp-content\/uploads\/2026\/08\/Dolomiti-Bellunesi-calcio-2026.jpg","type":"image\/jpeg"}],"author":"redazione","twitter_card":"summary_large_image","twitter_creator":"@bellunopress","twitter_site":"@bellunopress","twitter_misc":{"Written by":"redazione","Est. reading time":"4 minutes"},"schema":{"@context":"https:\/\/schema.org","@graph":[{"@type":"Article","@id":"https:\/\/www.bellunopress.it\/2026\/08\/25\/dolomiti-bellunesi-a-zanica-il-successo-arriva-al-97\/#article","isPartOf":{"@id":"https:\/\/www.bellunopress.it\/2026\/08\/25\/dolomiti-bellunesi-a-zanica-il-successo-arriva-al-97\/"},"author":{"name":"redazione","@id":"https:\/\/www.bellunopress.it\/#\/schema\/person\/79bb06722b37ece1c03d3e94beb30d73"},"headline":"Dolomiti Bellunesi. A Zanica il successo arriva al 97&#8242;","datePublished":"2026-08-25T05:13:52+00:00","dateModified":"2026-08-25T05:14:20+00:00","mainEntityOfPage":{"@id":"https:\/\/www.bellunopress.it\/2026\/08\/25\/dolomiti-bellunesi-a-zanica-il-successo-arriva-al-97\/"},"wordCount":693,"publisher":{"@id":"https:\/\/www.bellunopress.it\/#organization"},"image":{"@id":"https:\/\/www.bellunopress.it\/2026\/08\/25\/dolomiti-bellunesi-a-zanica-il-successo-arriva-al-97\/#primaryimage"},"thumbnailUrl":"https:\/\/www.bellunopress.it\/wp-content\/uploads\/2026\/08\/Dolomiti-Bellunesi-calcio-2026.jpg","articleSection":["Sport, tempo libero"],"inLanguage":"fr-FR"},{"@type":"WebPage","@id":"https:\/\/www.bellunopress.it\/2026\/08\/25\/dolomiti-bellunesi-a-zanica-il-successo-arriva-al-97\/","url":"https:\/\/www.bellunopress.it\/2026\/08\/25\/dolomiti-bellunesi-a-zanica-il-successo-arriva-al-97\/","name":"Dolomiti Bellunesi. A Zanica il successo arriva al 97' - Bellunopress - Dolomiti","isPartOf":{"@id":"https:\/\/www.bellunopress.it\/#website"},"primaryImageOfPage":{"@id":"https:\/\/www.bellunopress.it\/2026\/08\/25\/dolomiti-bellunesi-a-zanica-il-successo-arriva-al-97\/#primaryimage"},"image":{"@id":"https:\/\/www.bellunopress.it\/2026\/08\/25\/dolomiti-bellunesi-a-zanica-il-successo-arriva-al-97\/#primaryimage"},"thumbnailUrl":"https:\/\/www.bellunopress.it\/wp-content\/uploads\/2026\/08\/Dolomiti-Bellunesi-calcio-2026.jpg","datePublished":"2026-08-25T05:13:52+00:00","dateModified":"2026-08-25T05:14:20+00:00","breadcrumb":{"@id":"https:\/\/www.bellunopress.it\/2026\/08\/25\/dolomiti-bellunesi-a-zanica-il-successo-arriva-al-97\/#breadcrumb"},"inLanguage":"fr-FR","potentialAction":[{"@type":"ReadAction","target":["https:\/\/www.bellunopress.it\/2026\/08\/25\/dolomiti-bellunesi-a-zanica-il-successo-arriva-al-97\/"]}]},{"@type":"ImageObject","inLanguage":"fr-FR","@id":"https:\/\/www.bellunopress.it\/2026\/08\/25\/dolomiti-bellunesi-a-zanica-il-successo-arriva-al-97\/#primaryimage","url":"https:\/\/www.bellunopress.it\/wp-content\/uploads\/2026\/08\/Dolomiti-Bellunesi-calcio-2026.jpg","contentUrl":"https:\/\/www.bellunopress.it\/wp-content\/uploads\/2026\/08\/Dolomiti-Bellunesi-calcio-2026.jpg","width":500,"height":368},{"@type":"BreadcrumbList","@id":"https:\/\/www.bellunopress.it\/2026\/08\/25\/dolomiti-bellunesi-a-zanica-il-successo-arriva-al-97\/#breadcrumb","itemListElement":[{"@type":"ListItem","position":1,"name":"Home","item":"https:\/\/www.bellunopress.it\/"},{"@type":"ListItem","position":2,"name":"Dolomiti Bellunesi. A Zanica il successo arriva al 97&#8242;"}]},{"@type":"WebSite","@id":"https:\/\/www.bellunopress.it\/#website","url":"https:\/\/www.bellunopress.it\/","name":"Bellunopress - Dolomiti","description":"e-mail: redazione@bellunopress.it","publisher":{"@id":"https:\/\/www.bellunopress.it\/#organization"},"potentialAction":[{"@type":"SearchAction","target":{"@type":"EntryPoint","urlTemplate":"https:\/\/www.bellunopress.it\/?s={search_term_string}"},"query-input":{"@type":"PropertyValueSpecification","valueRequired":true,"valueName":"search_term_string"}}],"inLanguage":"fr-FR"},{"@type":"Organization","@id":"https:\/\/www.bellunopress.it\/#organization","name":"Bellunopress","url":"https:\/\/www.bellunopress.it\/","logo":{"@type":"ImageObject","inLanguage":"fr-FR","@id":"https:\/\/www.bellunopress.it\/#\/schema\/logo\/image\/","url":"https:\/\/www.bellunopress.it\/wp-content\/uploads\/2011\/05\/cropped-logo-bellunopress-.jpg","contentUrl":"https:\/\/www.bellunopress.it\/wp-content\/uploads\/2011\/05\/cropped-logo-bellunopress-.jpg","width":512,"height":512,"caption":"Bellunopress"},"image":{"@id":"https:\/\/www.bellunopress.it\/#\/schema\/logo\/image\/"},"sameAs":["https:\/\/www.facebook.com\/profile.php?id=100008943462799","https:\/\/x.com\/bellunopress","https:\/\/www.linkedin.com\/hp\/?dnr=JBzUWaJfMUw8vbXJJ2tVW5-I3jZKvC4wsoxE&amp;amp;amp;amp;amp;amp;trk=nav_responsive_tab_home","https:\/\/www.youtube.com\/channel\/UCxL0wu1uN0_3_7hGG0306cw"]},{"@type":"Person","@id":"https:\/\/www.bellunopress.it\/#\/schema\/person\/79bb06722b37ece1c03d3e94beb30d73","name":"r\u00e9daction","image":{"@type":"ImageObject","inLanguage":"fr-FR","@id":"https:\/\/secure.gravatar.com\/avatar\/37d968a2e67a6fd04c169c4bdef102d0bc5d31b2546345219e348575eb80e9a0?s=96&d=mm&r=g","url":"https:\/\/secure.gravatar.com\/avatar\/37d968a2e67a6fd04c169c4bdef102d0bc5d31b2546345219e348575eb80e9a0?s=96&d=mm&r=g","contentUrl":"https:\/\/secure.gravatar.com\/avatar\/37d968a2e67a6fd04c169c4bdef102d0bc5d31b2546345219e348575eb80e9a0?s=96&d=mm&r=g","caption":"redazione"},"sameAs":["http:\/\/www.bellunopress.it","https:\/\/x.com\/bellunopress"],"url":"https:\/\/www.bellunopress.it\/fr\/author\/redazione\/"}]}},"_links":{"self":[{"href":"https:\/\/www.bellunopress.it\/fr\/wp-json\/wp\/v2\/posts\/172863","targetHints":{"allow":["GET"]}}],"collection":[{"href":"https:\/\/www.bellunopress.it\/fr\/wp-json\/wp\/v2\/posts"}],"about":[{"href":"https:\/\/www.bellunopress.it\/fr\/wp-json\/wp\/v2\/types\/post"}],"author":[{"embeddable":true,"href":"https:\/\/www.bellunopress.it\/fr\/wp-json\/wp\/v2\/users\/2"}],"replies":[{"embeddable":true,"href":"https:\/\/www.bellunopress.it\/fr\/wp-json\/wp\/v2\/comments?post=172863"}],"version-history":[{"count":1,"href":"https:\/\/www.bellunopress.it\/fr\/wp-json\/wp\/v2\/posts\/172863\/revisions"}],"predecessor-version":[{"id":172865,"href":"https:\/\/www.bellunopress.it\/fr\/wp-json\/wp\/v2\/posts\/172863\/revisions\/172865"}],"wp:featuredmedia":[{"embeddable":true,"href":"https:\/\/www.bellunopress.it\/fr\/wp-json\/wp\/v2\/media\/172864"}],"wp:attachment":[{"href":"https:\/\/www.bellunopress.it\/fr\/wp-json\/wp\/v2\/media?parent=172863"}],"wp:term":[{"taxonomy":"category","embeddable":true,"href":"https:\/\/www.bellunopress.it\/fr\/wp-json\/wp\/v2\/categories?post=172863"},{"taxonomy":"post_tag","embeddable":true,"href":"https:\/\/www.bellunopress.it\/fr\/wp-json\/wp\/v2\/tags?post=172863"}],"curies":[{"name":"wp","href":"https:\/\/api.w.org\/{rel}","templated":true}]}}