{"id":172859,"date":"2026-08-25T06:10:58","date_gmt":"2026-08-25T04:10:58","guid":{"rendered":"https:\/\/www.bellunopress.it\/?p=172859"},"modified":"2026-08-25T06:14:29","modified_gmt":"2026-08-25T04:14:29","slug":"torna-enrosadira-festival-in-val-visdende-lo-spettacolo-organizzato-dagli-slowmachine-dedicato-al-welfare-culturale-in-natura","status":"publish","type":"post","link":"https:\/\/www.bellunopress.it\/fr\/2026\/08\/25\/torna-enrosadira-festival-in-val-visdende-lo-spettacolo-organizzato-dagli-slowmachine-dedicato-al-welfare-culturale-in-natura\/","title":{"rendered":"Le festival Enrosadira fait son retour dans le Val Visdende. Le spectacle organis\u00e9 par Slowmachine est d\u00e9di\u00e9 au bien-\u00eatre culturel dans la nature"},"content":{"rendered":"<p><strong>Il 29 agosto 2026, nella cornice del Palco Vaia a Pi\u00e8 della Costa, una giornata interamente gratuita tra arte, performance, danza, musica e valorizzazione del territorio<\/strong><\/p>\n<p>Val Visdende \u2013 Dopo il successo della prima edizione, torna Enrosadira Festival, il primo festival interamente dedicato al welfare culturale in ambiente. L&#8217;appuntamento \u00e8 fissato per sabato 29 agosto 2026 nello scenario del Palco Vaia (Pi\u00e8 della Costa, Val Visdende), uno spazio simbolo di rinascita e connessione tra arte e paesaggio naturale.<br \/>\nOrganizzato da SlowMachine, in collaborazione con Irecoop Veneto e Regola di Casada all\u2019interno del progetto &#8220;MARTE. Uomo e nuove tecnologie per lo spettacolo dal vivo&#8221; dell&#8217;Area Cultura Irecoop Veneto, finanziato da Regione Veneto con FSE+, il festival si propone come una giornata di immersione totale nelle arti performative e nella natura, offrendo al pubblico un ricco<br \/>\nprogramma a ingresso completamente gratuito.<\/p>\n<p><strong>Il Programma<\/strong><br \/>\nLa giornata prender\u00e0 il via alle 09:00 con la sessione Yoga con le prime luci del mattino guidata da Angelo Miglietta.<br \/>\nAlle 10:15 spazio alla musica con Alone, not lonely, concerto site specific del sassofonista Antonio Raia con estratti dal nuovo disco \u03a3(sigma). Compositore ed improvvisatore.<br \/>\nAma relazionare la musica con le altre arti e non ama essere etichettato in un genere specifico.<br \/>\nDal 2013 \u00e8 attivo sulla scena italiana ed europea suonando in festival musicali, gallerie d&#8217;arte, performance site-specific, oltre soundtrack per il cinema, teatro ed installazioni sonore.<\/p>\n<p>\u201cAlone, not lonely\u201d \u00e8 una performance-concerto in solo che si articola e modifica nella sua drammaturgia sonora in relazione ad architetture, opere visive e risonanze naturali. In questa occasione, il concerto sar\u00e0 anche l\u2019occasione per presentare due composizioni in anteprima tratti dal prossimo album \u03a3 [sigma] in uscita il 1 ottobre.<\/p>\n<p>Dice l\u2019autore: \u201cRompere gli argini, attraversare, trascendere il linguaggio ed andare in scena per mettere in pericolo ogni inizio ed ogni fine. Bisogna trasformare! Da solo, da soli ed insieme.\u201d<\/p>\n<p>Dopo una pausa caff\u00e8 alle 11:15, il programma riprender\u00e0 alle 12:15 con il Laboratorio di movimento e danza a cura di Laura Zago: \u201cNatura, ascolto e corpo in movimento: la danza come strumento per espandere la percezione di s\u00e9 e scoprire nuove libert\u00e0 nello spazio.\u201d, seguito alle 13:30 dalla performance di danza partecipativa Dopo il vento concept Costanza De Bona, gruppo Korarte Danza con Alessandra Errico, Costanza de Bona, Elisa Fontana e Alessandra Trevisiol.<br \/>\nl progetto coreografico nasce come percorso di memoria e resilienza a partire dagli eventi della Tempesta Vaia. Attraverso il linguaggio del corpo e del movimento corporeo, la performance intende rievocare la forza distruttiva del vento, la vulnerabilit\u00e0 del territorio e la successiva potente rinascita della natura.<\/p>\n<p>Nel pomeriggio, alle 14:00, l&#8217;attore Walter Giroldini presenter\u00e0 Ode Trionfale, un viaggio poetico<br \/>\nattraverso i versi di \u00c1lvaro de Campos di Fernando Pessoa.<\/p>\n<p>Alle 14:45 si terr\u00e0 una Degustazione di prodotti locali presso il Bar Ristorante Plenta, realizzata con il supporto della Latteria Tom\u00e8 di Casada e la selezione di vini curata da Filippo De Martin &#8211; Un Orsa Minore.<\/p>\n<p>La giornata si chiuder\u00e0 alle 16:00 con il World Caf\u00e9 e networking: Sinergie per la realizzazione stabile di eventi nel territorio montano del bellunese, un tavolo di confronto e progettazione coordinato da Rajeev Badhan Direttore del Teatro Chiabrera.<\/p>\n<p>INFORMAZIONI UTILI<br \/>\n\u2022 Data: Sabato 29 Agosto 2026<br \/>\n\u2022 Luogo: Palco Vaia \u2013 Pi\u00e8 della Costa, Val Visdende (BL)<br \/>\n\u2022 Ingresso: Gratuito<br \/>\n\u2022 Si consiglia di portare un tappetino per la sessione di yoga e un telo per sedersi sul prato durante il concerto.<br \/>\n\u2022 Sito web: www.slowmachine.org<br \/>\n.<br \/>\nInterventi 52\/10838299-019\/1025\/DEC\/25 e 52\/10838299-020\/1025\/DEC\/25 &#8211; Progetto &#8220;T1_MARTE. Uomo e nuove tecnologie per l&#8217;audiovisivo e lo spettacolo dal vivo&#8221; CUP: H31J25000970007 Codice: 52-0001-490-2025. Il progetto \u00e8 finanziato dall\u2019Unione Europea &#8211; PR VENETO FSE+ 2021-2027 nell\u2019ambito della DGR 490 del 02 maggio 2025 \u201cCultura 2025 Un<br \/>\ninvestimento sulla formazione degli operatori dello spettacolo\u201d &#8211; Priorit\u00e0 2 Istruzione e Formazione Obiettivo Specifico g).<\/p>\n","protected":false},"excerpt":{"rendered":"<p>Il 29 agosto 2026, nella cornice del Palco Vaia a Pi\u00e8 della Costa, una giornata interamente gratuita tra arte, performance, danza, musica e valorizzazione del territorio Val Visdende \u2013 Dopo il successo della prima edizione, torna Enrosadira Festival, il primo festival interamente dedicato al welfare culturale in ambiente. L&#8217;appuntamento \u00e8 fissato per sabato 29 agosto [&hellip;]<\/p>\n","protected":false},"author":2,"featured_media":172860,"comment_status":"closed","ping_status":"open","sticky":false,"template":"","format":"standard","meta":{"footnotes":""},"categories":[27,3,25],"tags":[],"class_list":["post-172859","post","type-post","status-publish","format-standard","has-post-thumbnail","category-appuntamenti","category-arte-cultura-spettacoli-scienza-archivi","category-pausa-caffe"],"yoast_head":"<!-- This site is optimized with the Yoast SEO plugin v28.4 - https:\/\/yoast.com\/product\/yoast-seo-wordpress\/ -->\n<title>Torna Enrosadira Festival in Val Visdende. Lo spettacolo organizzato dagli Slowmachine dedicato al welfare culturale in natura - Bellunopress - Dolomiti<\/title>\n<meta name=\"robots\" content=\"index, follow, max-snippet:-1, max-image-preview:large, max-video-preview:-1\" \/>\n<link rel=\"canonical\" href=\"https:\/\/www.bellunopress.it\/fr\/2026\/08\/25\/torna-enrosadira-festival-in-val-visdende-lo-spettacolo-organizzato-dagli-slowmachine-dedicato-al-welfare-culturale-in-natura\/\" \/>\n<meta property=\"og:locale\" content=\"fr_FR\" \/>\n<meta property=\"og:type\" content=\"article\" \/>\n<meta property=\"og:title\" content=\"Torna Enrosadira Festival in Val Visdende. Lo spettacolo organizzato dagli Slowmachine dedicato al welfare culturale in natura - Bellunopress - Dolomiti\" \/>\n<meta property=\"og:description\" content=\"Il 29 agosto 2026, nella cornice del Palco Vaia a Pi\u00e8 della Costa, una giornata interamente gratuita tra arte, performance, danza, musica e valorizzazione del territorio Val Visdende \u2013 Dopo il successo della prima edizione, torna Enrosadira Festival, il primo festival interamente dedicato al welfare culturale in ambiente. L&#8217;appuntamento \u00e8 fissato per sabato 29 agosto [&hellip;]\" \/>\n<meta property=\"og:url\" content=\"https:\/\/www.bellunopress.it\/fr\/2026\/08\/25\/torna-enrosadira-festival-in-val-visdende-lo-spettacolo-organizzato-dagli-slowmachine-dedicato-al-welfare-culturale-in-natura\/\" \/>\n<meta property=\"og:site_name\" content=\"Bellunopress - Dolomiti\" \/>\n<meta property=\"article:publisher\" content=\"https:\/\/www.facebook.com\/profile.php?id=100008943462799\" \/>\n<meta property=\"article:published_time\" content=\"2026-08-25T04:10:58+00:00\" \/>\n<meta property=\"article:modified_time\" content=\"2026-08-25T04:14:29+00:00\" \/>\n<meta property=\"og:image\" content=\"https:\/\/www.bellunopress.it\/wp-content\/uploads\/2026\/08\/Enrosadira-immagine-1.jpeg\" \/>\n\t<meta property=\"og:image:width\" content=\"500\" \/>\n\t<meta property=\"og:image:height\" content=\"375\" \/>\n\t<meta property=\"og:image:type\" content=\"image\/jpeg\" \/>\n<meta name=\"author\" content=\"redazione\" \/>\n<meta name=\"twitter:card\" content=\"summary_large_image\" \/>\n<meta name=\"twitter:creator\" content=\"@bellunopress\" \/>\n<meta name=\"twitter:site\" content=\"@bellunopress\" \/>\n<meta name=\"twitter:label1\" content=\"Written by\" \/>\n\t<meta name=\"twitter:data1\" content=\"redazione\" \/>\n\t<meta name=\"twitter:label2\" content=\"Est. reading time\" \/>\n\t<meta name=\"twitter:data2\" content=\"4 minutes\" \/>\n<script type=\"application\/ld+json\" class=\"yoast-schema-graph\">{\"@context\":\"https:\\\/\\\/schema.org\",\"@graph\":[{\"@type\":\"Article\",\"@id\":\"https:\\\/\\\/www.bellunopress.it\\\/2026\\\/08\\\/25\\\/torna-enrosadira-festival-in-val-visdende-lo-spettacolo-organizzato-dagli-slowmachine-dedicato-al-welfare-culturale-in-natura\\\/#article\",\"isPartOf\":{\"@id\":\"https:\\\/\\\/www.bellunopress.it\\\/2026\\\/08\\\/25\\\/torna-enrosadira-festival-in-val-visdende-lo-spettacolo-organizzato-dagli-slowmachine-dedicato-al-welfare-culturale-in-natura\\\/\"},\"author\":{\"name\":\"redazione\",\"@id\":\"https:\\\/\\\/www.bellunopress.it\\\/#\\\/schema\\\/person\\\/79bb06722b37ece1c03d3e94beb30d73\"},\"headline\":\"Torna Enrosadira Festival in Val Visdende. Lo spettacolo organizzato dagli Slowmachine dedicato al welfare culturale in natura\",\"datePublished\":\"2026-08-25T04:10:58+00:00\",\"dateModified\":\"2026-08-25T04:14:29+00:00\",\"mainEntityOfPage\":{\"@id\":\"https:\\\/\\\/www.bellunopress.it\\\/2026\\\/08\\\/25\\\/torna-enrosadira-festival-in-val-visdende-lo-spettacolo-organizzato-dagli-slowmachine-dedicato-al-welfare-culturale-in-natura\\\/\"},\"wordCount\":639,\"publisher\":{\"@id\":\"https:\\\/\\\/www.bellunopress.it\\\/#organization\"},\"image\":{\"@id\":\"https:\\\/\\\/www.bellunopress.it\\\/2026\\\/08\\\/25\\\/torna-enrosadira-festival-in-val-visdende-lo-spettacolo-organizzato-dagli-slowmachine-dedicato-al-welfare-culturale-in-natura\\\/#primaryimage\"},\"thumbnailUrl\":\"https:\\\/\\\/www.bellunopress.it\\\/wp-content\\\/uploads\\\/2026\\\/08\\\/Enrosadira-immagine-1.jpeg\",\"articleSection\":[\"Appuntamenti, Eventi\",\"Arte, Cultura, Spettacoli, Scienza\",\"Pausa Caff\u00e8\"],\"inLanguage\":\"fr-FR\"},{\"@type\":\"WebPage\",\"@id\":\"https:\\\/\\\/www.bellunopress.it\\\/2026\\\/08\\\/25\\\/torna-enrosadira-festival-in-val-visdende-lo-spettacolo-organizzato-dagli-slowmachine-dedicato-al-welfare-culturale-in-natura\\\/\",\"url\":\"https:\\\/\\\/www.bellunopress.it\\\/2026\\\/08\\\/25\\\/torna-enrosadira-festival-in-val-visdende-lo-spettacolo-organizzato-dagli-slowmachine-dedicato-al-welfare-culturale-in-natura\\\/\",\"name\":\"Torna Enrosadira Festival in Val Visdende. Lo spettacolo organizzato dagli Slowmachine dedicato al welfare culturale in natura - Bellunopress - Dolomiti\",\"isPartOf\":{\"@id\":\"https:\\\/\\\/www.bellunopress.it\\\/#website\"},\"primaryImageOfPage\":{\"@id\":\"https:\\\/\\\/www.bellunopress.it\\\/2026\\\/08\\\/25\\\/torna-enrosadira-festival-in-val-visdende-lo-spettacolo-organizzato-dagli-slowmachine-dedicato-al-welfare-culturale-in-natura\\\/#primaryimage\"},\"image\":{\"@id\":\"https:\\\/\\\/www.bellunopress.it\\\/2026\\\/08\\\/25\\\/torna-enrosadira-festival-in-val-visdende-lo-spettacolo-organizzato-dagli-slowmachine-dedicato-al-welfare-culturale-in-natura\\\/#primaryimage\"},\"thumbnailUrl\":\"https:\\\/\\\/www.bellunopress.it\\\/wp-content\\\/uploads\\\/2026\\\/08\\\/Enrosadira-immagine-1.jpeg\",\"datePublished\":\"2026-08-25T04:10:58+00:00\",\"dateModified\":\"2026-08-25T04:14:29+00:00\",\"breadcrumb\":{\"@id\":\"https:\\\/\\\/www.bellunopress.it\\\/2026\\\/08\\\/25\\\/torna-enrosadira-festival-in-val-visdende-lo-spettacolo-organizzato-dagli-slowmachine-dedicato-al-welfare-culturale-in-natura\\\/#breadcrumb\"},\"inLanguage\":\"fr-FR\",\"potentialAction\":[{\"@type\":\"ReadAction\",\"target\":[\"https:\\\/\\\/www.bellunopress.it\\\/2026\\\/08\\\/25\\\/torna-enrosadira-festival-in-val-visdende-lo-spettacolo-organizzato-dagli-slowmachine-dedicato-al-welfare-culturale-in-natura\\\/\"]}]},{\"@type\":\"ImageObject\",\"inLanguage\":\"fr-FR\",\"@id\":\"https:\\\/\\\/www.bellunopress.it\\\/2026\\\/08\\\/25\\\/torna-enrosadira-festival-in-val-visdende-lo-spettacolo-organizzato-dagli-slowmachine-dedicato-al-welfare-culturale-in-natura\\\/#primaryimage\",\"url\":\"https:\\\/\\\/www.bellunopress.it\\\/wp-content\\\/uploads\\\/2026\\\/08\\\/Enrosadira-immagine-1.jpeg\",\"contentUrl\":\"https:\\\/\\\/www.bellunopress.it\\\/wp-content\\\/uploads\\\/2026\\\/08\\\/Enrosadira-immagine-1.jpeg\",\"width\":500,\"height\":375},{\"@type\":\"BreadcrumbList\",\"@id\":\"https:\\\/\\\/www.bellunopress.it\\\/2026\\\/08\\\/25\\\/torna-enrosadira-festival-in-val-visdende-lo-spettacolo-organizzato-dagli-slowmachine-dedicato-al-welfare-culturale-in-natura\\\/#breadcrumb\",\"itemListElement\":[{\"@type\":\"ListItem\",\"position\":1,\"name\":\"Home\",\"item\":\"https:\\\/\\\/www.bellunopress.it\\\/\"},{\"@type\":\"ListItem\",\"position\":2,\"name\":\"Torna Enrosadira Festival in Val Visdende. Lo spettacolo organizzato dagli Slowmachine dedicato al welfare culturale in natura\"}]},{\"@type\":\"WebSite\",\"@id\":\"https:\\\/\\\/www.bellunopress.it\\\/#website\",\"url\":\"https:\\\/\\\/www.bellunopress.it\\\/\",\"name\":\"Bellunopress - Dolomiti\",\"description\":\"e-mail: redazione@bellunopress.it\",\"publisher\":{\"@id\":\"https:\\\/\\\/www.bellunopress.it\\\/#organization\"},\"potentialAction\":[{\"@type\":\"SearchAction\",\"target\":{\"@type\":\"EntryPoint\",\"urlTemplate\":\"https:\\\/\\\/www.bellunopress.it\\\/?s={search_term_string}\"},\"query-input\":{\"@type\":\"PropertyValueSpecification\",\"valueRequired\":true,\"valueName\":\"search_term_string\"}}],\"inLanguage\":\"fr-FR\"},{\"@type\":\"Organization\",\"@id\":\"https:\\\/\\\/www.bellunopress.it\\\/#organization\",\"name\":\"Bellunopress\",\"url\":\"https:\\\/\\\/www.bellunopress.it\\\/\",\"logo\":{\"@type\":\"ImageObject\",\"inLanguage\":\"fr-FR\",\"@id\":\"https:\\\/\\\/www.bellunopress.it\\\/#\\\/schema\\\/logo\\\/image\\\/\",\"url\":\"https:\\\/\\\/www.bellunopress.it\\\/wp-content\\\/uploads\\\/2011\\\/05\\\/cropped-logo-bellunopress-.jpg\",\"contentUrl\":\"https:\\\/\\\/www.bellunopress.it\\\/wp-content\\\/uploads\\\/2011\\\/05\\\/cropped-logo-bellunopress-.jpg\",\"width\":512,\"height\":512,\"caption\":\"Bellunopress\"},\"image\":{\"@id\":\"https:\\\/\\\/www.bellunopress.it\\\/#\\\/schema\\\/logo\\\/image\\\/\"},\"sameAs\":[\"https:\\\/\\\/www.facebook.com\\\/profile.php?id=100008943462799\",\"https:\\\/\\\/x.com\\\/bellunopress\",\"https:\\\/\\\/www.linkedin.com\\\/hp\\\/?dnr=JBzUWaJfMUw8vbXJJ2tVW5-I3jZKvC4wsoxE&amp;amp;amp;amp;amp;amp;trk=nav_responsive_tab_home\",\"https:\\\/\\\/www.youtube.com\\\/channel\\\/UCxL0wu1uN0_3_7hGG0306cw\"]},{\"@type\":\"Person\",\"@id\":\"https:\\\/\\\/www.bellunopress.it\\\/#\\\/schema\\\/person\\\/79bb06722b37ece1c03d3e94beb30d73\",\"name\":\"redazione\",\"image\":{\"@type\":\"ImageObject\",\"inLanguage\":\"fr-FR\",\"@id\":\"https:\\\/\\\/secure.gravatar.com\\\/avatar\\\/37d968a2e67a6fd04c169c4bdef102d0bc5d31b2546345219e348575eb80e9a0?s=96&d=mm&r=g\",\"url\":\"https:\\\/\\\/secure.gravatar.com\\\/avatar\\\/37d968a2e67a6fd04c169c4bdef102d0bc5d31b2546345219e348575eb80e9a0?s=96&d=mm&r=g\",\"contentUrl\":\"https:\\\/\\\/secure.gravatar.com\\\/avatar\\\/37d968a2e67a6fd04c169c4bdef102d0bc5d31b2546345219e348575eb80e9a0?s=96&d=mm&r=g\",\"caption\":\"redazione\"},\"sameAs\":[\"http:\\\/\\\/www.bellunopress.it\",\"https:\\\/\\\/x.com\\\/bellunopress\"],\"url\":\"https:\\\/\\\/www.bellunopress.it\\\/fr\\\/author\\\/redazione\\\/\"}]}<\/script>\n<!-- \/ Yoast SEO plugin. -->","yoast_head_json":{"title":"Torna Enrosadira Festival in Val Visdende. Lo spettacolo organizzato dagli Slowmachine dedicato al welfare culturale in natura - Bellunopress - Dolomiti","robots":{"index":"index","follow":"follow","max-snippet":"max-snippet:-1","max-image-preview":"max-image-preview:large","max-video-preview":"max-video-preview:-1"},"canonical":"https:\/\/www.bellunopress.it\/fr\/2026\/08\/25\/torna-enrosadira-festival-in-val-visdende-lo-spettacolo-organizzato-dagli-slowmachine-dedicato-al-welfare-culturale-in-natura\/","og_locale":"fr_FR","og_type":"article","og_title":"Torna Enrosadira Festival in Val Visdende. Lo spettacolo organizzato dagli Slowmachine dedicato al welfare culturale in natura - Bellunopress - Dolomiti","og_description":"Il 29 agosto 2026, nella cornice del Palco Vaia a Pi\u00e8 della Costa, una giornata interamente gratuita tra arte, performance, danza, musica e valorizzazione del territorio Val Visdende \u2013 Dopo il successo della prima edizione, torna Enrosadira Festival, il primo festival interamente dedicato al welfare culturale in ambiente. L&#8217;appuntamento \u00e8 fissato per sabato 29 agosto [&hellip;]","og_url":"https:\/\/www.bellunopress.it\/fr\/2026\/08\/25\/torna-enrosadira-festival-in-val-visdende-lo-spettacolo-organizzato-dagli-slowmachine-dedicato-al-welfare-culturale-in-natura\/","og_site_name":"Bellunopress - Dolomiti","article_publisher":"https:\/\/www.facebook.com\/profile.php?id=100008943462799","article_published_time":"2026-08-25T04:10:58+00:00","article_modified_time":"2026-08-25T04:14:29+00:00","og_image":[{"width":500,"height":375,"url":"https:\/\/www.bellunopress.it\/wp-content\/uploads\/2026\/08\/Enrosadira-immagine-1.jpeg","type":"image\/jpeg"}],"author":"redazione","twitter_card":"summary_large_image","twitter_creator":"@bellunopress","twitter_site":"@bellunopress","twitter_misc":{"Written by":"redazione","Est. reading time":"4 minutes"},"schema":{"@context":"https:\/\/schema.org","@graph":[{"@type":"Article","@id":"https:\/\/www.bellunopress.it\/2026\/08\/25\/torna-enrosadira-festival-in-val-visdende-lo-spettacolo-organizzato-dagli-slowmachine-dedicato-al-welfare-culturale-in-natura\/#article","isPartOf":{"@id":"https:\/\/www.bellunopress.it\/2026\/08\/25\/torna-enrosadira-festival-in-val-visdende-lo-spettacolo-organizzato-dagli-slowmachine-dedicato-al-welfare-culturale-in-natura\/"},"author":{"name":"redazione","@id":"https:\/\/www.bellunopress.it\/#\/schema\/person\/79bb06722b37ece1c03d3e94beb30d73"},"headline":"Torna Enrosadira Festival in Val Visdende. Lo spettacolo organizzato dagli Slowmachine dedicato al welfare culturale in natura","datePublished":"2026-08-25T04:10:58+00:00","dateModified":"2026-08-25T04:14:29+00:00","mainEntityOfPage":{"@id":"https:\/\/www.bellunopress.it\/2026\/08\/25\/torna-enrosadira-festival-in-val-visdende-lo-spettacolo-organizzato-dagli-slowmachine-dedicato-al-welfare-culturale-in-natura\/"},"wordCount":639,"publisher":{"@id":"https:\/\/www.bellunopress.it\/#organization"},"image":{"@id":"https:\/\/www.bellunopress.it\/2026\/08\/25\/torna-enrosadira-festival-in-val-visdende-lo-spettacolo-organizzato-dagli-slowmachine-dedicato-al-welfare-culturale-in-natura\/#primaryimage"},"thumbnailUrl":"https:\/\/www.bellunopress.it\/wp-content\/uploads\/2026\/08\/Enrosadira-immagine-1.jpeg","articleSection":["Appuntamenti, Eventi","Arte, Cultura, Spettacoli, Scienza","Pausa Caff\u00e8"],"inLanguage":"fr-FR"},{"@type":"WebPage","@id":"https:\/\/www.bellunopress.it\/2026\/08\/25\/torna-enrosadira-festival-in-val-visdende-lo-spettacolo-organizzato-dagli-slowmachine-dedicato-al-welfare-culturale-in-natura\/","url":"https:\/\/www.bellunopress.it\/2026\/08\/25\/torna-enrosadira-festival-in-val-visdende-lo-spettacolo-organizzato-dagli-slowmachine-dedicato-al-welfare-culturale-in-natura\/","name":"Torna Enrosadira Festival in Val Visdende. Lo spettacolo organizzato dagli Slowmachine dedicato al welfare culturale in natura - Bellunopress - Dolomiti","isPartOf":{"@id":"https:\/\/www.bellunopress.it\/#website"},"primaryImageOfPage":{"@id":"https:\/\/www.bellunopress.it\/2026\/08\/25\/torna-enrosadira-festival-in-val-visdende-lo-spettacolo-organizzato-dagli-slowmachine-dedicato-al-welfare-culturale-in-natura\/#primaryimage"},"image":{"@id":"https:\/\/www.bellunopress.it\/2026\/08\/25\/torna-enrosadira-festival-in-val-visdende-lo-spettacolo-organizzato-dagli-slowmachine-dedicato-al-welfare-culturale-in-natura\/#primaryimage"},"thumbnailUrl":"https:\/\/www.bellunopress.it\/wp-content\/uploads\/2026\/08\/Enrosadira-immagine-1.jpeg","datePublished":"2026-08-25T04:10:58+00:00","dateModified":"2026-08-25T04:14:29+00:00","breadcrumb":{"@id":"https:\/\/www.bellunopress.it\/2026\/08\/25\/torna-enrosadira-festival-in-val-visdende-lo-spettacolo-organizzato-dagli-slowmachine-dedicato-al-welfare-culturale-in-natura\/#breadcrumb"},"inLanguage":"fr-FR","potentialAction":[{"@type":"ReadAction","target":["https:\/\/www.bellunopress.it\/2026\/08\/25\/torna-enrosadira-festival-in-val-visdende-lo-spettacolo-organizzato-dagli-slowmachine-dedicato-al-welfare-culturale-in-natura\/"]}]},{"@type":"ImageObject","inLanguage":"fr-FR","@id":"https:\/\/www.bellunopress.it\/2026\/08\/25\/torna-enrosadira-festival-in-val-visdende-lo-spettacolo-organizzato-dagli-slowmachine-dedicato-al-welfare-culturale-in-natura\/#primaryimage","url":"https:\/\/www.bellunopress.it\/wp-content\/uploads\/2026\/08\/Enrosadira-immagine-1.jpeg","contentUrl":"https:\/\/www.bellunopress.it\/wp-content\/uploads\/2026\/08\/Enrosadira-immagine-1.jpeg","width":500,"height":375},{"@type":"BreadcrumbList","@id":"https:\/\/www.bellunopress.it\/2026\/08\/25\/torna-enrosadira-festival-in-val-visdende-lo-spettacolo-organizzato-dagli-slowmachine-dedicato-al-welfare-culturale-in-natura\/#breadcrumb","itemListElement":[{"@type":"ListItem","position":1,"name":"Home","item":"https:\/\/www.bellunopress.it\/"},{"@type":"ListItem","position":2,"name":"Torna Enrosadira Festival in Val Visdende. Lo spettacolo organizzato dagli Slowmachine dedicato al welfare culturale in natura"}]},{"@type":"WebSite","@id":"https:\/\/www.bellunopress.it\/#website","url":"https:\/\/www.bellunopress.it\/","name":"Bellunopress - Dolomiti","description":"e-mail: redazione@bellunopress.it","publisher":{"@id":"https:\/\/www.bellunopress.it\/#organization"},"potentialAction":[{"@type":"SearchAction","target":{"@type":"EntryPoint","urlTemplate":"https:\/\/www.bellunopress.it\/?s={search_term_string}"},"query-input":{"@type":"PropertyValueSpecification","valueRequired":true,"valueName":"search_term_string"}}],"inLanguage":"fr-FR"},{"@type":"Organization","@id":"https:\/\/www.bellunopress.it\/#organization","name":"Bellunopress","url":"https:\/\/www.bellunopress.it\/","logo":{"@type":"ImageObject","inLanguage":"fr-FR","@id":"https:\/\/www.bellunopress.it\/#\/schema\/logo\/image\/","url":"https:\/\/www.bellunopress.it\/wp-content\/uploads\/2011\/05\/cropped-logo-bellunopress-.jpg","contentUrl":"https:\/\/www.bellunopress.it\/wp-content\/uploads\/2011\/05\/cropped-logo-bellunopress-.jpg","width":512,"height":512,"caption":"Bellunopress"},"image":{"@id":"https:\/\/www.bellunopress.it\/#\/schema\/logo\/image\/"},"sameAs":["https:\/\/www.facebook.com\/profile.php?id=100008943462799","https:\/\/x.com\/bellunopress","https:\/\/www.linkedin.com\/hp\/?dnr=JBzUWaJfMUw8vbXJJ2tVW5-I3jZKvC4wsoxE&amp;amp;amp;amp;amp;amp;trk=nav_responsive_tab_home","https:\/\/www.youtube.com\/channel\/UCxL0wu1uN0_3_7hGG0306cw"]},{"@type":"Person","@id":"https:\/\/www.bellunopress.it\/#\/schema\/person\/79bb06722b37ece1c03d3e94beb30d73","name":"r\u00e9daction","image":{"@type":"ImageObject","inLanguage":"fr-FR","@id":"https:\/\/secure.gravatar.com\/avatar\/37d968a2e67a6fd04c169c4bdef102d0bc5d31b2546345219e348575eb80e9a0?s=96&d=mm&r=g","url":"https:\/\/secure.gravatar.com\/avatar\/37d968a2e67a6fd04c169c4bdef102d0bc5d31b2546345219e348575eb80e9a0?s=96&d=mm&r=g","contentUrl":"https:\/\/secure.gravatar.com\/avatar\/37d968a2e67a6fd04c169c4bdef102d0bc5d31b2546345219e348575eb80e9a0?s=96&d=mm&r=g","caption":"redazione"},"sameAs":["http:\/\/www.bellunopress.it","https:\/\/x.com\/bellunopress"],"url":"https:\/\/www.bellunopress.it\/fr\/author\/redazione\/"}]}},"_links":{"self":[{"href":"https:\/\/www.bellunopress.it\/fr\/wp-json\/wp\/v2\/posts\/172859","targetHints":{"allow":["GET"]}}],"collection":[{"href":"https:\/\/www.bellunopress.it\/fr\/wp-json\/wp\/v2\/posts"}],"about":[{"href":"https:\/\/www.bellunopress.it\/fr\/wp-json\/wp\/v2\/types\/post"}],"author":[{"embeddable":true,"href":"https:\/\/www.bellunopress.it\/fr\/wp-json\/wp\/v2\/users\/2"}],"replies":[{"embeddable":true,"href":"https:\/\/www.bellunopress.it\/fr\/wp-json\/wp\/v2\/comments?post=172859"}],"version-history":[{"count":2,"href":"https:\/\/www.bellunopress.it\/fr\/wp-json\/wp\/v2\/posts\/172859\/revisions"}],"predecessor-version":[{"id":172862,"href":"https:\/\/www.bellunopress.it\/fr\/wp-json\/wp\/v2\/posts\/172859\/revisions\/172862"}],"wp:featuredmedia":[{"embeddable":true,"href":"https:\/\/www.bellunopress.it\/fr\/wp-json\/wp\/v2\/media\/172860"}],"wp:attachment":[{"href":"https:\/\/www.bellunopress.it\/fr\/wp-json\/wp\/v2\/media?parent=172859"}],"wp:term":[{"taxonomy":"category","embeddable":true,"href":"https:\/\/www.bellunopress.it\/fr\/wp-json\/wp\/v2\/categories?post=172859"},{"taxonomy":"post_tag","embeddable":true,"href":"https:\/\/www.bellunopress.it\/fr\/wp-json\/wp\/v2\/tags?post=172859"}],"curies":[{"name":"wp","href":"https:\/\/api.w.org\/{rel}","templated":true}]}}