{"id":172857,"date":"2026-08-24T18:04:08","date_gmt":"2026-08-24T16:04:08","guid":{"rendered":"https:\/\/www.bellunopress.it\/?p=172857"},"modified":"2026-08-24T18:04:08","modified_gmt":"2026-08-24T16:04:08","slug":"chiese-e-palazzi-aperti-domenica-30-agosto-straordinario-viaggio-nel-patrimonio-storico-e-religioso-di-feltre","status":"publish","type":"post","link":"https:\/\/www.bellunopress.it\/fr\/2026\/08\/24\/chiese-e-palazzi-aperti-domenica-30-agosto-straordinario-viaggio-nel-patrimonio-storico-e-religioso-di-feltre\/","title":{"rendered":"\u00c9glises et palais ouverts : dimanche 30 ao\u00fbt, voyage extraordinaire dans le patrimoine historique et religieux de Feltre"},"content":{"rendered":"<p data-path-to-node=\"9\">Feltre. 24\/08\/2026\u00a0\u2014 Sar\u00e0 un fine settimana all\u2019insegna della riscoperta e della valorizzazione culturale quello che attende residenti e visitatori a Feltre. Domenica 30 agosto 2026, in occasione dell\u2019ultimo appuntamento mensile dell\u2019iniziativa \u201cChiese e Palazzi Aperti\u201d, le bellezze artistiche, architettoniche e spirituali della citt\u00e0 e del territorio feltrino si sveleranno in un percorso di straordinaria ricchezza.<\/p>\n<p data-path-to-node=\"10\">Promossa con cura dall\u2019Associazione Il Fondaco per Feltre, in stretta sinergia con il <i data-path-to-node=\"10\" data-index-in-node=\"86\">Comune di Feltre<\/i> e la <i data-path-to-node=\"10\" data-index-in-node=\"108\">Collaborazione Parrocchiale di Feltre<\/i>, la rassegna estiva taglia un nuovo traguardo offrendo l\u2019ingresso completamente libero e gratuito a una fitta rete di siti storici, arricchiti dalla presenza preziosa e accogliente dei volontari dell\u2019associazione.<\/p>\n<blockquote data-path-to-node=\"11\">\n<h6 style=\"text-align: left;\" data-path-to-node=\"11,0\"><i data-path-to-node=\"11,0\" data-index-in-node=\"0\">&#8220;Un&#8217;occasione unica per immergersi nelle radici storiche della nostra comunit\u00e0, estendendo lo sguardo dal cuore monumentale della citt\u00e0 fortificata fino alle suggestive comunit\u00e0 e frazioni del territorio circostante.&#8221;<\/i><\/h6>\n<\/blockquote>\n<h3 data-path-to-node=\"12\">Il programma nel centro storico e nei santuari<\/h3>\n<p data-path-to-node=\"13\">Nel cuore antico della citt\u00e0, gli appassionati d&#8217;arte e storia potranno accedere ai luoghi sacri cittadini dalle 16:00 alle 19:00. Saranno infatti aperte al pubblico:<\/p>\n<ul data-path-to-node=\"14\">\n<li>\n<p data-path-to-node=\"14,0,0\">Chiesa di San Giacomo Apostolo<\/p>\n<\/li>\n<li>\n<p data-path-to-node=\"14,1,0\">Chiesa della Santissima Trinit\u00e0<\/p>\n<\/li>\n<li>\n<p data-path-to-node=\"14,2,0\">Chiesa dei Santi Rocco e Sebastiano<\/p>\n<\/li>\n<li>\n<p data-path-to-node=\"14,3,0\">Battistero della Concattedrale (gi\u00e0 Chiesa di San Lorenzo e della Beata Vergine Maria del Rosario)<\/p>\n<\/li>\n<\/ul>\n<p data-path-to-node=\"15\">Il percorso di visita cittadino si arricchisce inoltre delle aperture della magnifica Concattedrale di San Pietro Apostolo, visitabile con visite accompagnate gratuite dalle 15:00 alle 18:00, e del celebre Santuario dei Santi Vittore e Corona ad Anz\u00f9, che accoglier\u00e0 i fedeli e i turisti nel pomeriggio con due turni dedicati, fissati rispettivamente alle ore 15:00 e alle ore 16:00.<\/p>\n<h3 data-path-to-node=\"16\">Le aperture straordinarie nel territorio<\/h3>\n<p data-path-to-node=\"17\">Il vero fiore all&#8217;occhiello di questa domenica di fine agosto \u00e8 rappresentato dalle aperture straordinarie nel territorio feltrino, previste anch&#8217;esse dalle 16:00 alle 19:00. Sei preziose testimonianze architettoniche e spirituali apriranno eccezionalmente le porte, permettendo di estendere l&#8217;itinerario culturale oltre le mura:<\/p>\n<ul data-path-to-node=\"18\">\n<li>\n<p data-path-to-node=\"18,0,0\">Zone Urbane e Periferia: Chiesa di San Paolo Apostolo, Chiesa di San Luigi Gonzaga (presso l&#8217;ex Seminario) e la Chiesa Parrocchiale della Beata Vergine Maria degli Angeli.<\/p>\n<\/li>\n<li>\n<p data-path-to-node=\"18,1,0\">Frazioni e Comunit\u00e0: Chiesa di San Benedetto (Celarda), Chiesa di San Marcello (Umin) e la Chiesa di San Fermo (Villaga-San Fermo).<\/p>\n<\/li>\n<\/ul>\n<p data-path-to-node=\"19\">In ciascuno di questi siti, la presenza costante dei volontari garantir\u00e0 non solo la fruizione in sicurezza dei beni, ma offrir\u00e0 un racconto vivo fatto di aneddoti, curiosit\u00e0 artistiche e approfondimenti storici.<\/p>\n<h3 data-path-to-node=\"20\">Sul Colle delle Capre: alla scoperta dei Palazzi del Potere<\/h3>\n<p data-path-to-node=\"21\">La proposta culturale domenicale non si ferma al sacro. Come da tradizione consolidata del calendario estivo, dalle 16:00 alle 19:00 il Colle delle Capre aprir\u00e0 le porte dei simboli storici del potere civile e amministrativo cittadino:<\/p>\n<ul data-path-to-node=\"22\">\n<li>\n<p data-path-to-node=\"22,0,0\">La Sala degli Stemmi all&#8217;interno di Palazzo Pretorio;<\/p>\n<\/li>\n<li>\n<p data-path-to-node=\"22,1,0\">La Sala Consiliare ospitata nel Palazzo della Ragione;<\/p>\n<\/li>\n<li>\n<p data-path-to-node=\"22,2,0\">Il Monte di Piet\u00e0 ubicato in Palazzo Tomitano.<\/p>\n<\/li>\n<\/ul>\n<p data-path-to-node=\"23\">Anche in questi spazi la visita sar\u00e0 interamente guidata e gratuita, offrendo una prospettiva privilegiata sulle istituzioni e sulla storia amministrativa di Feltre nei secoli passati.<\/p>\n<p data-path-to-node=\"25\">Informazioni Pratiche:<\/p>\n<p data-path-to-node=\"26\">L&#8217;ingresso a tutti i luoghi inseriti nel circuito \u00e8 libero e gratuito, senza obbligo di prenotazione. Per consultare il calendario dettagliato e rimanere aggiornati, \u00e8 possibile visitare il sito ufficiale www.fondacofeltre.it.<\/p>","protected":false},"excerpt":{"rendered":"<p>Feltre. 24\/08\/2026\u00a0\u2014 Sar\u00e0 un fine settimana all\u2019insegna della riscoperta e della valorizzazione culturale quello che attende residenti e visitatori a Feltre. Domenica 30 agosto 2026, in occasione dell\u2019ultimo appuntamento mensile dell\u2019iniziativa \u201cChiese e Palazzi Aperti\u201d, le bellezze artistiche, architettoniche e spirituali della citt\u00e0 e del territorio feltrino si sveleranno in un percorso di straordinaria ricchezza. [&hellip;]<\/p>\n","protected":false},"author":2,"featured_media":150903,"comment_status":"closed","ping_status":"open","sticky":false,"template":"","format":"standard","meta":{"footnotes":""},"categories":[27,25],"tags":[],"class_list":["post-172857","post","type-post","status-publish","format-standard","has-post-thumbnail","category-appuntamenti","category-pausa-caffe"],"yoast_head":"<!-- This site is optimized with the Yoast SEO plugin v28.4 - https:\/\/yoast.com\/product\/yoast-seo-wordpress\/ -->\n<title>Chiese e palazzi aperti: domenica 30 agosto straordinario viaggio nel patrimonio storico e religioso di Feltre - Bellunopress - Dolomiti<\/title>\n<meta name=\"robots\" content=\"index, follow, max-snippet:-1, max-image-preview:large, max-video-preview:-1\" \/>\n<link rel=\"canonical\" href=\"https:\/\/www.bellunopress.it\/fr\/2026\/08\/24\/chiese-e-palazzi-aperti-domenica-30-agosto-straordinario-viaggio-nel-patrimonio-storico-e-religioso-di-feltre\/\" \/>\n<meta property=\"og:locale\" content=\"fr_FR\" \/>\n<meta property=\"og:type\" content=\"article\" \/>\n<meta property=\"og:title\" content=\"Chiese e palazzi aperti: domenica 30 agosto straordinario viaggio nel patrimonio storico e religioso di Feltre - Bellunopress - Dolomiti\" \/>\n<meta property=\"og:description\" content=\"Feltre. 24\/08\/2026\u00a0\u2014 Sar\u00e0 un fine settimana all\u2019insegna della riscoperta e della valorizzazione culturale quello che attende residenti e visitatori a Feltre. Domenica 30 agosto 2026, in occasione dell\u2019ultimo appuntamento mensile dell\u2019iniziativa \u201cChiese e Palazzi Aperti\u201d, le bellezze artistiche, architettoniche e spirituali della citt\u00e0 e del territorio feltrino si sveleranno in un percorso di straordinaria ricchezza. [&hellip;]\" \/>\n<meta property=\"og:url\" content=\"https:\/\/www.bellunopress.it\/fr\/2026\/08\/24\/chiese-e-palazzi-aperti-domenica-30-agosto-straordinario-viaggio-nel-patrimonio-storico-e-religioso-di-feltre\/\" \/>\n<meta property=\"og:site_name\" content=\"Bellunopress - Dolomiti\" \/>\n<meta property=\"article:publisher\" content=\"https:\/\/www.facebook.com\/profile.php?id=100008943462799\" \/>\n<meta property=\"article:published_time\" content=\"2026-08-24T16:04:08+00:00\" \/>\n<meta property=\"og:image\" content=\"https:\/\/www.bellunopress.it\/wp-content\/uploads\/2024\/05\/Santuario-di-San-Vittore-Feltre.jpg\" \/>\n\t<meta property=\"og:image:width\" content=\"1000\" \/>\n\t<meta property=\"og:image:height\" content=\"563\" \/>\n\t<meta property=\"og:image:type\" content=\"image\/jpeg\" \/>\n<meta name=\"author\" content=\"redazione\" \/>\n<meta name=\"twitter:card\" content=\"summary_large_image\" \/>\n<meta name=\"twitter:creator\" content=\"@bellunopress\" \/>\n<meta name=\"twitter:site\" content=\"@bellunopress\" \/>\n<meta name=\"twitter:label1\" content=\"Written by\" \/>\n\t<meta name=\"twitter:data1\" content=\"redazione\" \/>\n\t<meta name=\"twitter:label2\" content=\"Est. reading time\" \/>\n\t<meta name=\"twitter:data2\" content=\"3 minutes\" \/>\n<script type=\"application\/ld+json\" class=\"yoast-schema-graph\">{\"@context\":\"https:\\\/\\\/schema.org\",\"@graph\":[{\"@type\":\"Article\",\"@id\":\"https:\\\/\\\/www.bellunopress.it\\\/2026\\\/08\\\/24\\\/chiese-e-palazzi-aperti-domenica-30-agosto-straordinario-viaggio-nel-patrimonio-storico-e-religioso-di-feltre\\\/#article\",\"isPartOf\":{\"@id\":\"https:\\\/\\\/www.bellunopress.it\\\/2026\\\/08\\\/24\\\/chiese-e-palazzi-aperti-domenica-30-agosto-straordinario-viaggio-nel-patrimonio-storico-e-religioso-di-feltre\\\/\"},\"author\":{\"name\":\"redazione\",\"@id\":\"https:\\\/\\\/www.bellunopress.it\\\/#\\\/schema\\\/person\\\/79bb06722b37ece1c03d3e94beb30d73\"},\"headline\":\"Chiese e palazzi aperti: domenica 30 agosto straordinario viaggio nel patrimonio storico e religioso di Feltre\",\"datePublished\":\"2026-08-24T16:04:08+00:00\",\"mainEntityOfPage\":{\"@id\":\"https:\\\/\\\/www.bellunopress.it\\\/2026\\\/08\\\/24\\\/chiese-e-palazzi-aperti-domenica-30-agosto-straordinario-viaggio-nel-patrimonio-storico-e-religioso-di-feltre\\\/\"},\"wordCount\":527,\"publisher\":{\"@id\":\"https:\\\/\\\/www.bellunopress.it\\\/#organization\"},\"image\":{\"@id\":\"https:\\\/\\\/www.bellunopress.it\\\/2026\\\/08\\\/24\\\/chiese-e-palazzi-aperti-domenica-30-agosto-straordinario-viaggio-nel-patrimonio-storico-e-religioso-di-feltre\\\/#primaryimage\"},\"thumbnailUrl\":\"https:\\\/\\\/www.bellunopress.it\\\/wp-content\\\/uploads\\\/2024\\\/05\\\/Santuario-di-San-Vittore-Feltre.jpg\",\"articleSection\":[\"Appuntamenti, Eventi\",\"Pausa Caff\u00e8\"],\"inLanguage\":\"fr-FR\"},{\"@type\":\"WebPage\",\"@id\":\"https:\\\/\\\/www.bellunopress.it\\\/2026\\\/08\\\/24\\\/chiese-e-palazzi-aperti-domenica-30-agosto-straordinario-viaggio-nel-patrimonio-storico-e-religioso-di-feltre\\\/\",\"url\":\"https:\\\/\\\/www.bellunopress.it\\\/2026\\\/08\\\/24\\\/chiese-e-palazzi-aperti-domenica-30-agosto-straordinario-viaggio-nel-patrimonio-storico-e-religioso-di-feltre\\\/\",\"name\":\"Chiese e palazzi aperti: domenica 30 agosto straordinario viaggio nel patrimonio storico e religioso di Feltre - Bellunopress - Dolomiti\",\"isPartOf\":{\"@id\":\"https:\\\/\\\/www.bellunopress.it\\\/#website\"},\"primaryImageOfPage\":{\"@id\":\"https:\\\/\\\/www.bellunopress.it\\\/2026\\\/08\\\/24\\\/chiese-e-palazzi-aperti-domenica-30-agosto-straordinario-viaggio-nel-patrimonio-storico-e-religioso-di-feltre\\\/#primaryimage\"},\"image\":{\"@id\":\"https:\\\/\\\/www.bellunopress.it\\\/2026\\\/08\\\/24\\\/chiese-e-palazzi-aperti-domenica-30-agosto-straordinario-viaggio-nel-patrimonio-storico-e-religioso-di-feltre\\\/#primaryimage\"},\"thumbnailUrl\":\"https:\\\/\\\/www.bellunopress.it\\\/wp-content\\\/uploads\\\/2024\\\/05\\\/Santuario-di-San-Vittore-Feltre.jpg\",\"datePublished\":\"2026-08-24T16:04:08+00:00\",\"breadcrumb\":{\"@id\":\"https:\\\/\\\/www.bellunopress.it\\\/2026\\\/08\\\/24\\\/chiese-e-palazzi-aperti-domenica-30-agosto-straordinario-viaggio-nel-patrimonio-storico-e-religioso-di-feltre\\\/#breadcrumb\"},\"inLanguage\":\"fr-FR\",\"potentialAction\":[{\"@type\":\"ReadAction\",\"target\":[\"https:\\\/\\\/www.bellunopress.it\\\/2026\\\/08\\\/24\\\/chiese-e-palazzi-aperti-domenica-30-agosto-straordinario-viaggio-nel-patrimonio-storico-e-religioso-di-feltre\\\/\"]}]},{\"@type\":\"ImageObject\",\"inLanguage\":\"fr-FR\",\"@id\":\"https:\\\/\\\/www.bellunopress.it\\\/2026\\\/08\\\/24\\\/chiese-e-palazzi-aperti-domenica-30-agosto-straordinario-viaggio-nel-patrimonio-storico-e-religioso-di-feltre\\\/#primaryimage\",\"url\":\"https:\\\/\\\/www.bellunopress.it\\\/wp-content\\\/uploads\\\/2024\\\/05\\\/Santuario-di-San-Vittore-Feltre.jpg\",\"contentUrl\":\"https:\\\/\\\/www.bellunopress.it\\\/wp-content\\\/uploads\\\/2024\\\/05\\\/Santuario-di-San-Vittore-Feltre.jpg\",\"width\":1000,\"height\":563,\"caption\":\"Santuario dei Santi Vittore e Corona, patroni della citt\u00e0 di Feltre\"},{\"@type\":\"BreadcrumbList\",\"@id\":\"https:\\\/\\\/www.bellunopress.it\\\/2026\\\/08\\\/24\\\/chiese-e-palazzi-aperti-domenica-30-agosto-straordinario-viaggio-nel-patrimonio-storico-e-religioso-di-feltre\\\/#breadcrumb\",\"itemListElement\":[{\"@type\":\"ListItem\",\"position\":1,\"name\":\"Home\",\"item\":\"https:\\\/\\\/www.bellunopress.it\\\/\"},{\"@type\":\"ListItem\",\"position\":2,\"name\":\"Chiese e palazzi aperti: domenica 30 agosto straordinario viaggio nel patrimonio storico e religioso di Feltre\"}]},{\"@type\":\"WebSite\",\"@id\":\"https:\\\/\\\/www.bellunopress.it\\\/#website\",\"url\":\"https:\\\/\\\/www.bellunopress.it\\\/\",\"name\":\"Bellunopress - Dolomiti\",\"description\":\"e-mail: redazione@bellunopress.it\",\"publisher\":{\"@id\":\"https:\\\/\\\/www.bellunopress.it\\\/#organization\"},\"potentialAction\":[{\"@type\":\"SearchAction\",\"target\":{\"@type\":\"EntryPoint\",\"urlTemplate\":\"https:\\\/\\\/www.bellunopress.it\\\/?s={search_term_string}\"},\"query-input\":{\"@type\":\"PropertyValueSpecification\",\"valueRequired\":true,\"valueName\":\"search_term_string\"}}],\"inLanguage\":\"fr-FR\"},{\"@type\":\"Organization\",\"@id\":\"https:\\\/\\\/www.bellunopress.it\\\/#organization\",\"name\":\"Bellunopress\",\"url\":\"https:\\\/\\\/www.bellunopress.it\\\/\",\"logo\":{\"@type\":\"ImageObject\",\"inLanguage\":\"fr-FR\",\"@id\":\"https:\\\/\\\/www.bellunopress.it\\\/#\\\/schema\\\/logo\\\/image\\\/\",\"url\":\"https:\\\/\\\/www.bellunopress.it\\\/wp-content\\\/uploads\\\/2011\\\/05\\\/cropped-logo-bellunopress-.jpg\",\"contentUrl\":\"https:\\\/\\\/www.bellunopress.it\\\/wp-content\\\/uploads\\\/2011\\\/05\\\/cropped-logo-bellunopress-.jpg\",\"width\":512,\"height\":512,\"caption\":\"Bellunopress\"},\"image\":{\"@id\":\"https:\\\/\\\/www.bellunopress.it\\\/#\\\/schema\\\/logo\\\/image\\\/\"},\"sameAs\":[\"https:\\\/\\\/www.facebook.com\\\/profile.php?id=100008943462799\",\"https:\\\/\\\/x.com\\\/bellunopress\",\"https:\\\/\\\/www.linkedin.com\\\/hp\\\/?dnr=JBzUWaJfMUw8vbXJJ2tVW5-I3jZKvC4wsoxE&amp;amp;amp;amp;amp;amp;trk=nav_responsive_tab_home\",\"https:\\\/\\\/www.youtube.com\\\/channel\\\/UCxL0wu1uN0_3_7hGG0306cw\"]},{\"@type\":\"Person\",\"@id\":\"https:\\\/\\\/www.bellunopress.it\\\/#\\\/schema\\\/person\\\/79bb06722b37ece1c03d3e94beb30d73\",\"name\":\"redazione\",\"image\":{\"@type\":\"ImageObject\",\"inLanguage\":\"fr-FR\",\"@id\":\"https:\\\/\\\/secure.gravatar.com\\\/avatar\\\/37d968a2e67a6fd04c169c4bdef102d0bc5d31b2546345219e348575eb80e9a0?s=96&d=mm&r=g\",\"url\":\"https:\\\/\\\/secure.gravatar.com\\\/avatar\\\/37d968a2e67a6fd04c169c4bdef102d0bc5d31b2546345219e348575eb80e9a0?s=96&d=mm&r=g\",\"contentUrl\":\"https:\\\/\\\/secure.gravatar.com\\\/avatar\\\/37d968a2e67a6fd04c169c4bdef102d0bc5d31b2546345219e348575eb80e9a0?s=96&d=mm&r=g\",\"caption\":\"redazione\"},\"sameAs\":[\"http:\\\/\\\/www.bellunopress.it\",\"https:\\\/\\\/x.com\\\/bellunopress\"],\"url\":\"https:\\\/\\\/www.bellunopress.it\\\/fr\\\/author\\\/redazione\\\/\"}]}<\/script>\n<!-- \/ Yoast SEO plugin. -->","yoast_head_json":{"title":"Chiese e palazzi aperti: domenica 30 agosto straordinario viaggio nel patrimonio storico e religioso di Feltre - Bellunopress - Dolomiti","robots":{"index":"index","follow":"follow","max-snippet":"max-snippet:-1","max-image-preview":"max-image-preview:large","max-video-preview":"max-video-preview:-1"},"canonical":"https:\/\/www.bellunopress.it\/fr\/2026\/08\/24\/chiese-e-palazzi-aperti-domenica-30-agosto-straordinario-viaggio-nel-patrimonio-storico-e-religioso-di-feltre\/","og_locale":"fr_FR","og_type":"article","og_title":"Chiese e palazzi aperti: domenica 30 agosto straordinario viaggio nel patrimonio storico e religioso di Feltre - Bellunopress - Dolomiti","og_description":"Feltre. 24\/08\/2026\u00a0\u2014 Sar\u00e0 un fine settimana all\u2019insegna della riscoperta e della valorizzazione culturale quello che attende residenti e visitatori a Feltre. Domenica 30 agosto 2026, in occasione dell\u2019ultimo appuntamento mensile dell\u2019iniziativa \u201cChiese e Palazzi Aperti\u201d, le bellezze artistiche, architettoniche e spirituali della citt\u00e0 e del territorio feltrino si sveleranno in un percorso di straordinaria ricchezza. [&hellip;]","og_url":"https:\/\/www.bellunopress.it\/fr\/2026\/08\/24\/chiese-e-palazzi-aperti-domenica-30-agosto-straordinario-viaggio-nel-patrimonio-storico-e-religioso-di-feltre\/","og_site_name":"Bellunopress - Dolomiti","article_publisher":"https:\/\/www.facebook.com\/profile.php?id=100008943462799","article_published_time":"2026-08-24T16:04:08+00:00","og_image":[{"width":1000,"height":563,"url":"https:\/\/www.bellunopress.it\/wp-content\/uploads\/2024\/05\/Santuario-di-San-Vittore-Feltre.jpg","type":"image\/jpeg"}],"author":"redazione","twitter_card":"summary_large_image","twitter_creator":"@bellunopress","twitter_site":"@bellunopress","twitter_misc":{"Written by":"redazione","Est. reading time":"3 minutes"},"schema":{"@context":"https:\/\/schema.org","@graph":[{"@type":"Article","@id":"https:\/\/www.bellunopress.it\/2026\/08\/24\/chiese-e-palazzi-aperti-domenica-30-agosto-straordinario-viaggio-nel-patrimonio-storico-e-religioso-di-feltre\/#article","isPartOf":{"@id":"https:\/\/www.bellunopress.it\/2026\/08\/24\/chiese-e-palazzi-aperti-domenica-30-agosto-straordinario-viaggio-nel-patrimonio-storico-e-religioso-di-feltre\/"},"author":{"name":"redazione","@id":"https:\/\/www.bellunopress.it\/#\/schema\/person\/79bb06722b37ece1c03d3e94beb30d73"},"headline":"Chiese e palazzi aperti: domenica 30 agosto straordinario viaggio nel patrimonio storico e religioso di Feltre","datePublished":"2026-08-24T16:04:08+00:00","mainEntityOfPage":{"@id":"https:\/\/www.bellunopress.it\/2026\/08\/24\/chiese-e-palazzi-aperti-domenica-30-agosto-straordinario-viaggio-nel-patrimonio-storico-e-religioso-di-feltre\/"},"wordCount":527,"publisher":{"@id":"https:\/\/www.bellunopress.it\/#organization"},"image":{"@id":"https:\/\/www.bellunopress.it\/2026\/08\/24\/chiese-e-palazzi-aperti-domenica-30-agosto-straordinario-viaggio-nel-patrimonio-storico-e-religioso-di-feltre\/#primaryimage"},"thumbnailUrl":"https:\/\/www.bellunopress.it\/wp-content\/uploads\/2024\/05\/Santuario-di-San-Vittore-Feltre.jpg","articleSection":["Appuntamenti, Eventi","Pausa Caff\u00e8"],"inLanguage":"fr-FR"},{"@type":"WebPage","@id":"https:\/\/www.bellunopress.it\/2026\/08\/24\/chiese-e-palazzi-aperti-domenica-30-agosto-straordinario-viaggio-nel-patrimonio-storico-e-religioso-di-feltre\/","url":"https:\/\/www.bellunopress.it\/2026\/08\/24\/chiese-e-palazzi-aperti-domenica-30-agosto-straordinario-viaggio-nel-patrimonio-storico-e-religioso-di-feltre\/","name":"Chiese e palazzi aperti: domenica 30 agosto straordinario viaggio nel patrimonio storico e religioso di Feltre - Bellunopress - Dolomiti","isPartOf":{"@id":"https:\/\/www.bellunopress.it\/#website"},"primaryImageOfPage":{"@id":"https:\/\/www.bellunopress.it\/2026\/08\/24\/chiese-e-palazzi-aperti-domenica-30-agosto-straordinario-viaggio-nel-patrimonio-storico-e-religioso-di-feltre\/#primaryimage"},"image":{"@id":"https:\/\/www.bellunopress.it\/2026\/08\/24\/chiese-e-palazzi-aperti-domenica-30-agosto-straordinario-viaggio-nel-patrimonio-storico-e-religioso-di-feltre\/#primaryimage"},"thumbnailUrl":"https:\/\/www.bellunopress.it\/wp-content\/uploads\/2024\/05\/Santuario-di-San-Vittore-Feltre.jpg","datePublished":"2026-08-24T16:04:08+00:00","breadcrumb":{"@id":"https:\/\/www.bellunopress.it\/2026\/08\/24\/chiese-e-palazzi-aperti-domenica-30-agosto-straordinario-viaggio-nel-patrimonio-storico-e-religioso-di-feltre\/#breadcrumb"},"inLanguage":"fr-FR","potentialAction":[{"@type":"ReadAction","target":["https:\/\/www.bellunopress.it\/2026\/08\/24\/chiese-e-palazzi-aperti-domenica-30-agosto-straordinario-viaggio-nel-patrimonio-storico-e-religioso-di-feltre\/"]}]},{"@type":"ImageObject","inLanguage":"fr-FR","@id":"https:\/\/www.bellunopress.it\/2026\/08\/24\/chiese-e-palazzi-aperti-domenica-30-agosto-straordinario-viaggio-nel-patrimonio-storico-e-religioso-di-feltre\/#primaryimage","url":"https:\/\/www.bellunopress.it\/wp-content\/uploads\/2024\/05\/Santuario-di-San-Vittore-Feltre.jpg","contentUrl":"https:\/\/www.bellunopress.it\/wp-content\/uploads\/2024\/05\/Santuario-di-San-Vittore-Feltre.jpg","width":1000,"height":563,"caption":"Santuario dei Santi Vittore e Corona, patroni della citt\u00e0 di Feltre"},{"@type":"BreadcrumbList","@id":"https:\/\/www.bellunopress.it\/2026\/08\/24\/chiese-e-palazzi-aperti-domenica-30-agosto-straordinario-viaggio-nel-patrimonio-storico-e-religioso-di-feltre\/#breadcrumb","itemListElement":[{"@type":"ListItem","position":1,"name":"Home","item":"https:\/\/www.bellunopress.it\/"},{"@type":"ListItem","position":2,"name":"Chiese e palazzi aperti: domenica 30 agosto straordinario viaggio nel patrimonio storico e religioso di Feltre"}]},{"@type":"WebSite","@id":"https:\/\/www.bellunopress.it\/#website","url":"https:\/\/www.bellunopress.it\/","name":"Bellunopress - Dolomiti","description":"e-mail: redazione@bellunopress.it","publisher":{"@id":"https:\/\/www.bellunopress.it\/#organization"},"potentialAction":[{"@type":"SearchAction","target":{"@type":"EntryPoint","urlTemplate":"https:\/\/www.bellunopress.it\/?s={search_term_string}"},"query-input":{"@type":"PropertyValueSpecification","valueRequired":true,"valueName":"search_term_string"}}],"inLanguage":"fr-FR"},{"@type":"Organization","@id":"https:\/\/www.bellunopress.it\/#organization","name":"Bellunopress","url":"https:\/\/www.bellunopress.it\/","logo":{"@type":"ImageObject","inLanguage":"fr-FR","@id":"https:\/\/www.bellunopress.it\/#\/schema\/logo\/image\/","url":"https:\/\/www.bellunopress.it\/wp-content\/uploads\/2011\/05\/cropped-logo-bellunopress-.jpg","contentUrl":"https:\/\/www.bellunopress.it\/wp-content\/uploads\/2011\/05\/cropped-logo-bellunopress-.jpg","width":512,"height":512,"caption":"Bellunopress"},"image":{"@id":"https:\/\/www.bellunopress.it\/#\/schema\/logo\/image\/"},"sameAs":["https:\/\/www.facebook.com\/profile.php?id=100008943462799","https:\/\/x.com\/bellunopress","https:\/\/www.linkedin.com\/hp\/?dnr=JBzUWaJfMUw8vbXJJ2tVW5-I3jZKvC4wsoxE&amp;amp;amp;amp;amp;amp;trk=nav_responsive_tab_home","https:\/\/www.youtube.com\/channel\/UCxL0wu1uN0_3_7hGG0306cw"]},{"@type":"Person","@id":"https:\/\/www.bellunopress.it\/#\/schema\/person\/79bb06722b37ece1c03d3e94beb30d73","name":"r\u00e9daction","image":{"@type":"ImageObject","inLanguage":"fr-FR","@id":"https:\/\/secure.gravatar.com\/avatar\/37d968a2e67a6fd04c169c4bdef102d0bc5d31b2546345219e348575eb80e9a0?s=96&d=mm&r=g","url":"https:\/\/secure.gravatar.com\/avatar\/37d968a2e67a6fd04c169c4bdef102d0bc5d31b2546345219e348575eb80e9a0?s=96&d=mm&r=g","contentUrl":"https:\/\/secure.gravatar.com\/avatar\/37d968a2e67a6fd04c169c4bdef102d0bc5d31b2546345219e348575eb80e9a0?s=96&d=mm&r=g","caption":"redazione"},"sameAs":["http:\/\/www.bellunopress.it","https:\/\/x.com\/bellunopress"],"url":"https:\/\/www.bellunopress.it\/fr\/author\/redazione\/"}]}},"_links":{"self":[{"href":"https:\/\/www.bellunopress.it\/fr\/wp-json\/wp\/v2\/posts\/172857","targetHints":{"allow":["GET"]}}],"collection":[{"href":"https:\/\/www.bellunopress.it\/fr\/wp-json\/wp\/v2\/posts"}],"about":[{"href":"https:\/\/www.bellunopress.it\/fr\/wp-json\/wp\/v2\/types\/post"}],"author":[{"embeddable":true,"href":"https:\/\/www.bellunopress.it\/fr\/wp-json\/wp\/v2\/users\/2"}],"replies":[{"embeddable":true,"href":"https:\/\/www.bellunopress.it\/fr\/wp-json\/wp\/v2\/comments?post=172857"}],"version-history":[{"count":1,"href":"https:\/\/www.bellunopress.it\/fr\/wp-json\/wp\/v2\/posts\/172857\/revisions"}],"predecessor-version":[{"id":172858,"href":"https:\/\/www.bellunopress.it\/fr\/wp-json\/wp\/v2\/posts\/172857\/revisions\/172858"}],"wp:featuredmedia":[{"embeddable":true,"href":"https:\/\/www.bellunopress.it\/fr\/wp-json\/wp\/v2\/media\/150903"}],"wp:attachment":[{"href":"https:\/\/www.bellunopress.it\/fr\/wp-json\/wp\/v2\/media?parent=172857"}],"wp:term":[{"taxonomy":"category","embeddable":true,"href":"https:\/\/www.bellunopress.it\/fr\/wp-json\/wp\/v2\/categories?post=172857"},{"taxonomy":"post_tag","embeddable":true,"href":"https:\/\/www.bellunopress.it\/fr\/wp-json\/wp\/v2\/tags?post=172857"}],"curies":[{"name":"wp","href":"https:\/\/api.w.org\/{rel}","templated":true}]}}