{"id":172849,"date":"2026-08-24T12:25:28","date_gmt":"2026-08-24T10:25:28","guid":{"rendered":"https:\/\/www.bellunopress.it\/?p=172849"},"modified":"2026-08-24T12:25:28","modified_gmt":"2026-08-24T10:25:28","slug":"anche-a-cortina-possono-servire-5-schei-de-mona-nuovo-spettacolo-di-carlo-giorgio-il-28-agosto","status":"publish","type":"post","link":"https:\/\/www.bellunopress.it\/fr\/2026\/08\/24\/anche-a-cortina-possono-servire-5-schei-de-mona-nuovo-spettacolo-di-carlo-giorgio-il-28-agosto\/","title":{"rendered":"M\u00eame \u00e0 Cortina, il faut parfois \u201c 5 Schei de Mona \u201d ; nouveau spectacle de Carlo &amp; Giorgio le 28 ao\u00fbt"},"content":{"rendered":"<p>E&#8217; iniziata la prevendita per lo spettacolo che i comici Carlo &amp; Giorgio terranno anche quest&#8217;anno, in chiusura della stagione estiva, all&#8217;Alexander Girardi Hall, inserito nel cartellone di CortinAteatro. Dopo aver fatto tappa al mare e in alcune citt\u00e0 del Veneto, il celebre duo arriver\u00e0 nella localit\u00e0 montana venerd\u00ec 28 agosto, con il suo carico di simpatia e ironia. Lo spettacolo del tour estivo, dal titolo &#8220;5 Schei de Mona&#8221;, sta riempiendo piazze e sale, regalando al pubblico momenti di leggerezza e spensieratezza. I biglietti si possono acquistare in prevendita presso l&#8217;Infopoint in corso Italia e il reparto cartoleria della Cooperativa di Cortina, oltre che sul circuito VivaTicket. Si tratta di un appuntamento inserito nella rassegna Musincantus. Inizio dello spettacolo alle ore 20.45; info 0436869086; info@musincantus.it.<\/p>\n<p>&#8220;Lo spettacolo \u2013 svelano i due comici \u2013 vuol offrire un momento di sana spensieratezza in un periodo in cui per sopravvivere a difficolt\u00e0 e problemi vecchi e nuovi dobbiamo far ricorso a quella sana furbizia che i nostri nonni, con una simpatica espressione dialettale, chiamavano 5 schei de mona. Dimostreremo che &#8216;averli in scarsea&#8217;, anche oggi, pu\u00f2 davvero essere vitale&#8221;.<\/p>\n<p>Soprattutto oggi in cui siamo bombardati da allarmi, trasformazioni, incertezze: la crisi economica, le notizie dal mondo, il digitale e l&#8217;intelligenza artificiale, il cambiamento climatico, il politicamente corretto. Come non sentirsi travolti, confusi, disorientati. Ecco allora il consiglio di Carlo &amp; Giorgio: piuttosto che imbarcarvi in certe situazioni, fate finta di non capire, passate anche per sciocchi, rischiate una brutta figura. &#8220;Si chiama furbizia? Opportunismo? Noi li chiamiamo semplicemente &#8220;5 Schei de Mona&#8221;.<\/p>\n<p>Lasciarsi convincere ad investire tutto in cryptovalute e non dormire la notte per paura di perdere tutto? Assecondare la tua ex ed andare a fare un viaggio con il suo nuovo compagno rovinandoti due settimane di vacanza? Accettare la proposta di promozione allo stesso stipendio, ma con il doppio di ore di lavoro? Dilemmi davanti a cui non \u00e8 facile destreggiarsi. Ecco i &#8220;5 Schei de Mona&#8221; &#8211; suggeriscono Carlo &amp; Giorgio &#8211; quel leggero spostamento di prospettiva che ci permette di fare un po&#8217; di slalom tra un problema e l&#8217;altro, un po&#8217; di equilibrismo per difendersi dalle tante pressioni di ogni giorno.<\/p>","protected":false},"excerpt":{"rendered":"<p>E&#8217; iniziata la prevendita per lo spettacolo che i comici Carlo &amp; Giorgio terranno anche quest&#8217;anno, in chiusura della stagione estiva, all&#8217;Alexander Girardi Hall, inserito nel cartellone di CortinAteatro. Dopo aver fatto tappa al mare e in alcune citt\u00e0 del Veneto, il celebre duo arriver\u00e0 nella localit\u00e0 montana venerd\u00ec 28 agosto, con il suo carico [&hellip;]<\/p>\n","protected":false},"author":2,"featured_media":172850,"comment_status":"closed","ping_status":"open","sticky":false,"template":"","format":"standard","meta":{"footnotes":""},"categories":[27,25],"tags":[],"class_list":["post-172849","post","type-post","status-publish","format-standard","has-post-thumbnail","category-appuntamenti","category-pausa-caffe"],"yoast_head":"<!-- This site is optimized with the Yoast SEO plugin v28.4 - https:\/\/yoast.com\/product\/yoast-seo-wordpress\/ -->\n<title>Anche a Cortina possono servire &quot;5 Schei de Mona&quot;; nuovo spettacolo di Carlo &amp; Giorgio il 28 agosto - Bellunopress - Dolomiti<\/title>\n<meta name=\"robots\" content=\"index, follow, max-snippet:-1, max-image-preview:large, max-video-preview:-1\" \/>\n<link rel=\"canonical\" href=\"https:\/\/www.bellunopress.it\/fr\/2026\/08\/24\/anche-a-cortina-possono-servire-5-schei-de-mona-nuovo-spettacolo-di-carlo-giorgio-il-28-agosto\/\" \/>\n<meta property=\"og:locale\" content=\"fr_FR\" \/>\n<meta property=\"og:type\" content=\"article\" \/>\n<meta property=\"og:title\" content=\"Anche a Cortina possono servire &quot;5 Schei de Mona&quot;; nuovo spettacolo di Carlo &amp; Giorgio il 28 agosto - Bellunopress - Dolomiti\" \/>\n<meta property=\"og:description\" content=\"E&#8217; iniziata la prevendita per lo spettacolo che i comici Carlo &amp; Giorgio terranno anche quest&#8217;anno, in chiusura della stagione estiva, all&#8217;Alexander Girardi Hall, inserito nel cartellone di CortinAteatro. Dopo aver fatto tappa al mare e in alcune citt\u00e0 del Veneto, il celebre duo arriver\u00e0 nella localit\u00e0 montana venerd\u00ec 28 agosto, con il suo carico [&hellip;]\" \/>\n<meta property=\"og:url\" content=\"https:\/\/www.bellunopress.it\/fr\/2026\/08\/24\/anche-a-cortina-possono-servire-5-schei-de-mona-nuovo-spettacolo-di-carlo-giorgio-il-28-agosto\/\" \/>\n<meta property=\"og:site_name\" content=\"Bellunopress - Dolomiti\" \/>\n<meta property=\"article:publisher\" content=\"https:\/\/www.facebook.com\/profile.php?id=100008943462799\" \/>\n<meta property=\"article:published_time\" content=\"2026-08-24T10:25:28+00:00\" \/>\n<meta property=\"og:image\" content=\"https:\/\/www.bellunopress.it\/wp-content\/uploads\/2026\/08\/Carlo-e-Giorgio-comici.jpg\" \/>\n\t<meta property=\"og:image:width\" content=\"500\" \/>\n\t<meta property=\"og:image:height\" content=\"333\" \/>\n\t<meta property=\"og:image:type\" content=\"image\/jpeg\" \/>\n<meta name=\"author\" content=\"redazione\" \/>\n<meta name=\"twitter:card\" content=\"summary_large_image\" \/>\n<meta name=\"twitter:creator\" content=\"@bellunopress\" \/>\n<meta name=\"twitter:site\" content=\"@bellunopress\" \/>\n<meta name=\"twitter:label1\" content=\"Written by\" \/>\n\t<meta name=\"twitter:data1\" content=\"redazione\" \/>\n\t<meta name=\"twitter:label2\" content=\"Est. reading time\" \/>\n\t<meta name=\"twitter:data2\" content=\"3 minutes\" \/>\n<script type=\"application\/ld+json\" class=\"yoast-schema-graph\">{\"@context\":\"https:\\\/\\\/schema.org\",\"@graph\":[{\"@type\":\"Article\",\"@id\":\"https:\\\/\\\/www.bellunopress.it\\\/2026\\\/08\\\/24\\\/anche-a-cortina-possono-servire-5-schei-de-mona-nuovo-spettacolo-di-carlo-giorgio-il-28-agosto\\\/#article\",\"isPartOf\":{\"@id\":\"https:\\\/\\\/www.bellunopress.it\\\/2026\\\/08\\\/24\\\/anche-a-cortina-possono-servire-5-schei-de-mona-nuovo-spettacolo-di-carlo-giorgio-il-28-agosto\\\/\"},\"author\":{\"name\":\"redazione\",\"@id\":\"https:\\\/\\\/www.bellunopress.it\\\/#\\\/schema\\\/person\\\/79bb06722b37ece1c03d3e94beb30d73\"},\"headline\":\"Anche a Cortina possono servire &#8220;5 Schei de Mona&#8221;; nuovo spettacolo di Carlo &#038; Giorgio il 28 agosto\",\"datePublished\":\"2026-08-24T10:25:28+00:00\",\"mainEntityOfPage\":{\"@id\":\"https:\\\/\\\/www.bellunopress.it\\\/2026\\\/08\\\/24\\\/anche-a-cortina-possono-servire-5-schei-de-mona-nuovo-spettacolo-di-carlo-giorgio-il-28-agosto\\\/\"},\"wordCount\":376,\"publisher\":{\"@id\":\"https:\\\/\\\/www.bellunopress.it\\\/#organization\"},\"image\":{\"@id\":\"https:\\\/\\\/www.bellunopress.it\\\/2026\\\/08\\\/24\\\/anche-a-cortina-possono-servire-5-schei-de-mona-nuovo-spettacolo-di-carlo-giorgio-il-28-agosto\\\/#primaryimage\"},\"thumbnailUrl\":\"https:\\\/\\\/www.bellunopress.it\\\/wp-content\\\/uploads\\\/2026\\\/08\\\/Carlo-e-Giorgio-comici.jpg\",\"articleSection\":[\"Appuntamenti, Eventi\",\"Pausa Caff\u00e8\"],\"inLanguage\":\"fr-FR\"},{\"@type\":\"WebPage\",\"@id\":\"https:\\\/\\\/www.bellunopress.it\\\/2026\\\/08\\\/24\\\/anche-a-cortina-possono-servire-5-schei-de-mona-nuovo-spettacolo-di-carlo-giorgio-il-28-agosto\\\/\",\"url\":\"https:\\\/\\\/www.bellunopress.it\\\/2026\\\/08\\\/24\\\/anche-a-cortina-possono-servire-5-schei-de-mona-nuovo-spettacolo-di-carlo-giorgio-il-28-agosto\\\/\",\"name\":\"Anche a Cortina possono servire \\\"5 Schei de Mona\\\"; nuovo spettacolo di Carlo & Giorgio il 28 agosto - Bellunopress - Dolomiti\",\"isPartOf\":{\"@id\":\"https:\\\/\\\/www.bellunopress.it\\\/#website\"},\"primaryImageOfPage\":{\"@id\":\"https:\\\/\\\/www.bellunopress.it\\\/2026\\\/08\\\/24\\\/anche-a-cortina-possono-servire-5-schei-de-mona-nuovo-spettacolo-di-carlo-giorgio-il-28-agosto\\\/#primaryimage\"},\"image\":{\"@id\":\"https:\\\/\\\/www.bellunopress.it\\\/2026\\\/08\\\/24\\\/anche-a-cortina-possono-servire-5-schei-de-mona-nuovo-spettacolo-di-carlo-giorgio-il-28-agosto\\\/#primaryimage\"},\"thumbnailUrl\":\"https:\\\/\\\/www.bellunopress.it\\\/wp-content\\\/uploads\\\/2026\\\/08\\\/Carlo-e-Giorgio-comici.jpg\",\"datePublished\":\"2026-08-24T10:25:28+00:00\",\"breadcrumb\":{\"@id\":\"https:\\\/\\\/www.bellunopress.it\\\/2026\\\/08\\\/24\\\/anche-a-cortina-possono-servire-5-schei-de-mona-nuovo-spettacolo-di-carlo-giorgio-il-28-agosto\\\/#breadcrumb\"},\"inLanguage\":\"fr-FR\",\"potentialAction\":[{\"@type\":\"ReadAction\",\"target\":[\"https:\\\/\\\/www.bellunopress.it\\\/2026\\\/08\\\/24\\\/anche-a-cortina-possono-servire-5-schei-de-mona-nuovo-spettacolo-di-carlo-giorgio-il-28-agosto\\\/\"]}]},{\"@type\":\"ImageObject\",\"inLanguage\":\"fr-FR\",\"@id\":\"https:\\\/\\\/www.bellunopress.it\\\/2026\\\/08\\\/24\\\/anche-a-cortina-possono-servire-5-schei-de-mona-nuovo-spettacolo-di-carlo-giorgio-il-28-agosto\\\/#primaryimage\",\"url\":\"https:\\\/\\\/www.bellunopress.it\\\/wp-content\\\/uploads\\\/2026\\\/08\\\/Carlo-e-Giorgio-comici.jpg\",\"contentUrl\":\"https:\\\/\\\/www.bellunopress.it\\\/wp-content\\\/uploads\\\/2026\\\/08\\\/Carlo-e-Giorgio-comici.jpg\",\"width\":500,\"height\":333,\"caption\":\"Carlo&amp;Giorgio Venezia, 18\\\/12\\\/2025 Foto Andrea Gilardi\"},{\"@type\":\"BreadcrumbList\",\"@id\":\"https:\\\/\\\/www.bellunopress.it\\\/2026\\\/08\\\/24\\\/anche-a-cortina-possono-servire-5-schei-de-mona-nuovo-spettacolo-di-carlo-giorgio-il-28-agosto\\\/#breadcrumb\",\"itemListElement\":[{\"@type\":\"ListItem\",\"position\":1,\"name\":\"Home\",\"item\":\"https:\\\/\\\/www.bellunopress.it\\\/\"},{\"@type\":\"ListItem\",\"position\":2,\"name\":\"Anche a Cortina possono servire &#8220;5 Schei de Mona&#8221;; nuovo spettacolo di Carlo &#038; Giorgio il 28 agosto\"}]},{\"@type\":\"WebSite\",\"@id\":\"https:\\\/\\\/www.bellunopress.it\\\/#website\",\"url\":\"https:\\\/\\\/www.bellunopress.it\\\/\",\"name\":\"Bellunopress - Dolomiti\",\"description\":\"e-mail: redazione@bellunopress.it\",\"publisher\":{\"@id\":\"https:\\\/\\\/www.bellunopress.it\\\/#organization\"},\"potentialAction\":[{\"@type\":\"SearchAction\",\"target\":{\"@type\":\"EntryPoint\",\"urlTemplate\":\"https:\\\/\\\/www.bellunopress.it\\\/?s={search_term_string}\"},\"query-input\":{\"@type\":\"PropertyValueSpecification\",\"valueRequired\":true,\"valueName\":\"search_term_string\"}}],\"inLanguage\":\"fr-FR\"},{\"@type\":\"Organization\",\"@id\":\"https:\\\/\\\/www.bellunopress.it\\\/#organization\",\"name\":\"Bellunopress\",\"url\":\"https:\\\/\\\/www.bellunopress.it\\\/\",\"logo\":{\"@type\":\"ImageObject\",\"inLanguage\":\"fr-FR\",\"@id\":\"https:\\\/\\\/www.bellunopress.it\\\/#\\\/schema\\\/logo\\\/image\\\/\",\"url\":\"https:\\\/\\\/www.bellunopress.it\\\/wp-content\\\/uploads\\\/2011\\\/05\\\/cropped-logo-bellunopress-.jpg\",\"contentUrl\":\"https:\\\/\\\/www.bellunopress.it\\\/wp-content\\\/uploads\\\/2011\\\/05\\\/cropped-logo-bellunopress-.jpg\",\"width\":512,\"height\":512,\"caption\":\"Bellunopress\"},\"image\":{\"@id\":\"https:\\\/\\\/www.bellunopress.it\\\/#\\\/schema\\\/logo\\\/image\\\/\"},\"sameAs\":[\"https:\\\/\\\/www.facebook.com\\\/profile.php?id=100008943462799\",\"https:\\\/\\\/x.com\\\/bellunopress\",\"https:\\\/\\\/www.linkedin.com\\\/hp\\\/?dnr=JBzUWaJfMUw8vbXJJ2tVW5-I3jZKvC4wsoxE&amp;amp;amp;amp;amp;amp;trk=nav_responsive_tab_home\",\"https:\\\/\\\/www.youtube.com\\\/channel\\\/UCxL0wu1uN0_3_7hGG0306cw\"]},{\"@type\":\"Person\",\"@id\":\"https:\\\/\\\/www.bellunopress.it\\\/#\\\/schema\\\/person\\\/79bb06722b37ece1c03d3e94beb30d73\",\"name\":\"redazione\",\"image\":{\"@type\":\"ImageObject\",\"inLanguage\":\"fr-FR\",\"@id\":\"https:\\\/\\\/secure.gravatar.com\\\/avatar\\\/37d968a2e67a6fd04c169c4bdef102d0bc5d31b2546345219e348575eb80e9a0?s=96&d=mm&r=g\",\"url\":\"https:\\\/\\\/secure.gravatar.com\\\/avatar\\\/37d968a2e67a6fd04c169c4bdef102d0bc5d31b2546345219e348575eb80e9a0?s=96&d=mm&r=g\",\"contentUrl\":\"https:\\\/\\\/secure.gravatar.com\\\/avatar\\\/37d968a2e67a6fd04c169c4bdef102d0bc5d31b2546345219e348575eb80e9a0?s=96&d=mm&r=g\",\"caption\":\"redazione\"},\"sameAs\":[\"http:\\\/\\\/www.bellunopress.it\",\"https:\\\/\\\/x.com\\\/bellunopress\"],\"url\":\"https:\\\/\\\/www.bellunopress.it\\\/fr\\\/author\\\/redazione\\\/\"}]}<\/script>\n<!-- \/ Yoast SEO plugin. -->","yoast_head_json":{"title":"Anche a Cortina possono servire \"5 Schei de Mona\"; nuovo spettacolo di Carlo & Giorgio il 28 agosto - Bellunopress - Dolomiti","robots":{"index":"index","follow":"follow","max-snippet":"max-snippet:-1","max-image-preview":"max-image-preview:large","max-video-preview":"max-video-preview:-1"},"canonical":"https:\/\/www.bellunopress.it\/fr\/2026\/08\/24\/anche-a-cortina-possono-servire-5-schei-de-mona-nuovo-spettacolo-di-carlo-giorgio-il-28-agosto\/","og_locale":"fr_FR","og_type":"article","og_title":"Anche a Cortina possono servire \"5 Schei de Mona\"; nuovo spettacolo di Carlo & Giorgio il 28 agosto - Bellunopress - Dolomiti","og_description":"E&#8217; iniziata la prevendita per lo spettacolo che i comici Carlo &amp; Giorgio terranno anche quest&#8217;anno, in chiusura della stagione estiva, all&#8217;Alexander Girardi Hall, inserito nel cartellone di CortinAteatro. Dopo aver fatto tappa al mare e in alcune citt\u00e0 del Veneto, il celebre duo arriver\u00e0 nella localit\u00e0 montana venerd\u00ec 28 agosto, con il suo carico [&hellip;]","og_url":"https:\/\/www.bellunopress.it\/fr\/2026\/08\/24\/anche-a-cortina-possono-servire-5-schei-de-mona-nuovo-spettacolo-di-carlo-giorgio-il-28-agosto\/","og_site_name":"Bellunopress - Dolomiti","article_publisher":"https:\/\/www.facebook.com\/profile.php?id=100008943462799","article_published_time":"2026-08-24T10:25:28+00:00","og_image":[{"width":500,"height":333,"url":"https:\/\/www.bellunopress.it\/wp-content\/uploads\/2026\/08\/Carlo-e-Giorgio-comici.jpg","type":"image\/jpeg"}],"author":"redazione","twitter_card":"summary_large_image","twitter_creator":"@bellunopress","twitter_site":"@bellunopress","twitter_misc":{"Written by":"redazione","Est. reading time":"3 minutes"},"schema":{"@context":"https:\/\/schema.org","@graph":[{"@type":"Article","@id":"https:\/\/www.bellunopress.it\/2026\/08\/24\/anche-a-cortina-possono-servire-5-schei-de-mona-nuovo-spettacolo-di-carlo-giorgio-il-28-agosto\/#article","isPartOf":{"@id":"https:\/\/www.bellunopress.it\/2026\/08\/24\/anche-a-cortina-possono-servire-5-schei-de-mona-nuovo-spettacolo-di-carlo-giorgio-il-28-agosto\/"},"author":{"name":"redazione","@id":"https:\/\/www.bellunopress.it\/#\/schema\/person\/79bb06722b37ece1c03d3e94beb30d73"},"headline":"Anche a Cortina possono servire &#8220;5 Schei de Mona&#8221;; nuovo spettacolo di Carlo &#038; Giorgio il 28 agosto","datePublished":"2026-08-24T10:25:28+00:00","mainEntityOfPage":{"@id":"https:\/\/www.bellunopress.it\/2026\/08\/24\/anche-a-cortina-possono-servire-5-schei-de-mona-nuovo-spettacolo-di-carlo-giorgio-il-28-agosto\/"},"wordCount":376,"publisher":{"@id":"https:\/\/www.bellunopress.it\/#organization"},"image":{"@id":"https:\/\/www.bellunopress.it\/2026\/08\/24\/anche-a-cortina-possono-servire-5-schei-de-mona-nuovo-spettacolo-di-carlo-giorgio-il-28-agosto\/#primaryimage"},"thumbnailUrl":"https:\/\/www.bellunopress.it\/wp-content\/uploads\/2026\/08\/Carlo-e-Giorgio-comici.jpg","articleSection":["Appuntamenti, Eventi","Pausa Caff\u00e8"],"inLanguage":"fr-FR"},{"@type":"WebPage","@id":"https:\/\/www.bellunopress.it\/2026\/08\/24\/anche-a-cortina-possono-servire-5-schei-de-mona-nuovo-spettacolo-di-carlo-giorgio-il-28-agosto\/","url":"https:\/\/www.bellunopress.it\/2026\/08\/24\/anche-a-cortina-possono-servire-5-schei-de-mona-nuovo-spettacolo-di-carlo-giorgio-il-28-agosto\/","name":"Anche a Cortina possono servire \"5 Schei de Mona\"; nuovo spettacolo di Carlo & Giorgio il 28 agosto - Bellunopress - Dolomiti","isPartOf":{"@id":"https:\/\/www.bellunopress.it\/#website"},"primaryImageOfPage":{"@id":"https:\/\/www.bellunopress.it\/2026\/08\/24\/anche-a-cortina-possono-servire-5-schei-de-mona-nuovo-spettacolo-di-carlo-giorgio-il-28-agosto\/#primaryimage"},"image":{"@id":"https:\/\/www.bellunopress.it\/2026\/08\/24\/anche-a-cortina-possono-servire-5-schei-de-mona-nuovo-spettacolo-di-carlo-giorgio-il-28-agosto\/#primaryimage"},"thumbnailUrl":"https:\/\/www.bellunopress.it\/wp-content\/uploads\/2026\/08\/Carlo-e-Giorgio-comici.jpg","datePublished":"2026-08-24T10:25:28+00:00","breadcrumb":{"@id":"https:\/\/www.bellunopress.it\/2026\/08\/24\/anche-a-cortina-possono-servire-5-schei-de-mona-nuovo-spettacolo-di-carlo-giorgio-il-28-agosto\/#breadcrumb"},"inLanguage":"fr-FR","potentialAction":[{"@type":"ReadAction","target":["https:\/\/www.bellunopress.it\/2026\/08\/24\/anche-a-cortina-possono-servire-5-schei-de-mona-nuovo-spettacolo-di-carlo-giorgio-il-28-agosto\/"]}]},{"@type":"ImageObject","inLanguage":"fr-FR","@id":"https:\/\/www.bellunopress.it\/2026\/08\/24\/anche-a-cortina-possono-servire-5-schei-de-mona-nuovo-spettacolo-di-carlo-giorgio-il-28-agosto\/#primaryimage","url":"https:\/\/www.bellunopress.it\/wp-content\/uploads\/2026\/08\/Carlo-e-Giorgio-comici.jpg","contentUrl":"https:\/\/www.bellunopress.it\/wp-content\/uploads\/2026\/08\/Carlo-e-Giorgio-comici.jpg","width":500,"height":333,"caption":"Carlo&amp;Giorgio Venezia, 18\/12\/2025 Foto Andrea Gilardi"},{"@type":"BreadcrumbList","@id":"https:\/\/www.bellunopress.it\/2026\/08\/24\/anche-a-cortina-possono-servire-5-schei-de-mona-nuovo-spettacolo-di-carlo-giorgio-il-28-agosto\/#breadcrumb","itemListElement":[{"@type":"ListItem","position":1,"name":"Home","item":"https:\/\/www.bellunopress.it\/"},{"@type":"ListItem","position":2,"name":"Anche a Cortina possono servire &#8220;5 Schei de Mona&#8221;; nuovo spettacolo di Carlo &#038; Giorgio il 28 agosto"}]},{"@type":"WebSite","@id":"https:\/\/www.bellunopress.it\/#website","url":"https:\/\/www.bellunopress.it\/","name":"Bellunopress - Dolomiti","description":"e-mail: redazione@bellunopress.it","publisher":{"@id":"https:\/\/www.bellunopress.it\/#organization"},"potentialAction":[{"@type":"SearchAction","target":{"@type":"EntryPoint","urlTemplate":"https:\/\/www.bellunopress.it\/?s={search_term_string}"},"query-input":{"@type":"PropertyValueSpecification","valueRequired":true,"valueName":"search_term_string"}}],"inLanguage":"fr-FR"},{"@type":"Organization","@id":"https:\/\/www.bellunopress.it\/#organization","name":"Bellunopress","url":"https:\/\/www.bellunopress.it\/","logo":{"@type":"ImageObject","inLanguage":"fr-FR","@id":"https:\/\/www.bellunopress.it\/#\/schema\/logo\/image\/","url":"https:\/\/www.bellunopress.it\/wp-content\/uploads\/2011\/05\/cropped-logo-bellunopress-.jpg","contentUrl":"https:\/\/www.bellunopress.it\/wp-content\/uploads\/2011\/05\/cropped-logo-bellunopress-.jpg","width":512,"height":512,"caption":"Bellunopress"},"image":{"@id":"https:\/\/www.bellunopress.it\/#\/schema\/logo\/image\/"},"sameAs":["https:\/\/www.facebook.com\/profile.php?id=100008943462799","https:\/\/x.com\/bellunopress","https:\/\/www.linkedin.com\/hp\/?dnr=JBzUWaJfMUw8vbXJJ2tVW5-I3jZKvC4wsoxE&amp;amp;amp;amp;amp;amp;trk=nav_responsive_tab_home","https:\/\/www.youtube.com\/channel\/UCxL0wu1uN0_3_7hGG0306cw"]},{"@type":"Person","@id":"https:\/\/www.bellunopress.it\/#\/schema\/person\/79bb06722b37ece1c03d3e94beb30d73","name":"r\u00e9daction","image":{"@type":"ImageObject","inLanguage":"fr-FR","@id":"https:\/\/secure.gravatar.com\/avatar\/37d968a2e67a6fd04c169c4bdef102d0bc5d31b2546345219e348575eb80e9a0?s=96&d=mm&r=g","url":"https:\/\/secure.gravatar.com\/avatar\/37d968a2e67a6fd04c169c4bdef102d0bc5d31b2546345219e348575eb80e9a0?s=96&d=mm&r=g","contentUrl":"https:\/\/secure.gravatar.com\/avatar\/37d968a2e67a6fd04c169c4bdef102d0bc5d31b2546345219e348575eb80e9a0?s=96&d=mm&r=g","caption":"redazione"},"sameAs":["http:\/\/www.bellunopress.it","https:\/\/x.com\/bellunopress"],"url":"https:\/\/www.bellunopress.it\/fr\/author\/redazione\/"}]}},"_links":{"self":[{"href":"https:\/\/www.bellunopress.it\/fr\/wp-json\/wp\/v2\/posts\/172849","targetHints":{"allow":["GET"]}}],"collection":[{"href":"https:\/\/www.bellunopress.it\/fr\/wp-json\/wp\/v2\/posts"}],"about":[{"href":"https:\/\/www.bellunopress.it\/fr\/wp-json\/wp\/v2\/types\/post"}],"author":[{"embeddable":true,"href":"https:\/\/www.bellunopress.it\/fr\/wp-json\/wp\/v2\/users\/2"}],"replies":[{"embeddable":true,"href":"https:\/\/www.bellunopress.it\/fr\/wp-json\/wp\/v2\/comments?post=172849"}],"version-history":[{"count":1,"href":"https:\/\/www.bellunopress.it\/fr\/wp-json\/wp\/v2\/posts\/172849\/revisions"}],"predecessor-version":[{"id":172851,"href":"https:\/\/www.bellunopress.it\/fr\/wp-json\/wp\/v2\/posts\/172849\/revisions\/172851"}],"wp:featuredmedia":[{"embeddable":true,"href":"https:\/\/www.bellunopress.it\/fr\/wp-json\/wp\/v2\/media\/172850"}],"wp:attachment":[{"href":"https:\/\/www.bellunopress.it\/fr\/wp-json\/wp\/v2\/media?parent=172849"}],"wp:term":[{"taxonomy":"category","embeddable":true,"href":"https:\/\/www.bellunopress.it\/fr\/wp-json\/wp\/v2\/categories?post=172849"},{"taxonomy":"post_tag","embeddable":true,"href":"https:\/\/www.bellunopress.it\/fr\/wp-json\/wp\/v2\/tags?post=172849"}],"curies":[{"name":"wp","href":"https:\/\/api.w.org\/{rel}","templated":true}]}}