{"id":172843,"date":"2026-08-24T06:34:28","date_gmt":"2026-08-24T04:34:28","guid":{"rendered":"https:\/\/www.bellunopress.it\/?p=172843"},"modified":"2026-08-24T06:34:28","modified_gmt":"2026-08-24T04:34:28","slug":"feltre-dal-26-al-30-agosto-visite-laboratori-per-bambini-aperture-serali-e-spettacoli-nei-luoghi-della-cultura","status":"publish","type":"post","link":"https:\/\/www.bellunopress.it\/fr\/2026\/08\/24\/feltre-dal-26-al-30-agosto-visite-laboratori-per-bambini-aperture-serali-e-spettacoli-nei-luoghi-della-cultura\/","title":{"rendered":"Feltre : du 26 au 30 ao\u00fbt, visites, ateliers pour enfants, ouvertures en soir\u00e9e et spectacles dans les lieux de culture"},"content":{"rendered":"<p>Quattro giorni per scoprire i musei e alcuni dei luoghi pi\u00f9 suggestivi di Feltre in modo diverso, tra laboratori per bambini e famiglie, visite guidate al tramonto, percorsi tra arte e storia con aperitivi e merende.<\/p>\n<p>Dal 26 al 30 agosto arriva \u201cSuccede a Feltre a fine estate\u2026\u201d, un calendario di appuntamenti che coinvolger\u00e0 la Galleria d\u2019Arte Moderna Carlo Rizzarda, le Torri del Castello, il Teatro de La Sena, le ex Prigioni di Palazzo Pretorio e la Sala degli Stemmi, con proposte pensate per pubblici ed et\u00e0 diverse.<\/p>\n<p>\u201c\u00c8 un invito a vivere Feltre e i suoi luoghi della cultura anche negli ultimi giorni d\u2019estate \u2013 sottolinea il sindaco Viviana Fusaro \u2013. I nostri musei, il Castello, il Teatro de La Sena e gli altri spazi storici della citt\u00e0 non sono soltanto luoghi da visitare, ma possono diventare occasioni di incontro, di scoperta e di esperienza. Questa rassegna prova a raccontarli proprio cos\u00ec, con linguaggi<br \/>\ndiversi e iniziative rivolte anche ai bambini e alle famiglie\u201d.<\/p>\n<p><strong>IL PROGRAMMA<\/strong><br \/>\nIl programma prende il via mercoled\u00ec 26 agosto alla Galleria d\u2019Arte Moderna Carlo Rizzarda. Alle 16.00 \u00e8 in programma \u201cIl Bestiario Materico\u201d, laboratorio dedicato ai bambini dai 6 agli 11 anni: partendo dalle creature nascoste tra le opere di Carlo Rizzarda, i piccoli partecipanti potranno inventare il proprio animale fantastico e trasformarlo in una scultura utilizzando carte, stoffe e materiali di riciclo. A conclusione dell\u2019attivit\u00e0 \u00e8 prevista una merenda. La quota di partecipazione \u00e8 di 10 euro.<br \/>\nLa stessa sera, alle 20.00, sar\u00e0 invece la volta di \u201cLuoghi, storie e meraviglie nascoste\u201d, un percorso tra le antiche Prigioni di Palazzo Pretorio, il Teatro de La Sena, conosciuto anche come la \u201cPiccola Fenice\u201d, e la Sala degli Stemmi.<br \/>\nLa visita, realizzata in collaborazione con l\u2019associazione Il Fondaco per Feltre, accompagner\u00e0 i partecipanti attraverso alcuni dei luoghi simbolo della storia cittadina. La quota di partecipazione \u00e8 di 7 euro.<\/p>\n<p>Gioved\u00ec 27 agosto gli appuntamenti si spostano alle Torri del Castello. Alle 16.00 i pi\u00f9 piccoli potranno partecipare a \u201cCavalieri per un giorno: dalla pagina alla spada\u201d: dopo la lettura dell\u2019albo \u201cIl Cavaliere errante\u201d, ogni bambino costruir\u00e0 la propria spada per prendere parte alla cerimonia di investitura e ricevere il Diploma di Cavaliere. L\u2019iniziativa, rivolta ai bambini dai<br \/>\n6 agli 11 anni e conclusa da una merenda, \u00e8 organizzata in collaborazione con il Polo bibliotecario feltrino \u201cPanfilo Castaldi\u201d. La partecipazione costa 10 euro.<br \/>\nAlle 18.30 dello stesso giorno \u00e8 in programma \u201cTramonto al Castello: Feltre tra luce e storia\u201d, una visita guidata tra le torri storiche e l\u2019architettura militare della cittadella, accompagnata da racconti sul passato della Citt\u00e0 e dagli scorci che si aprono dall\u2019alto del Castello. La quota \u00e8 di 5 euro, con prenotazione obbligatoria entro le 13.00 di gioved\u00ec 27 agosto.<\/p>\n<p>Si torna alla Galleria Rizzarda sabato 29 agosto alle 11.00 con \u201cOmbre che raccontano\u201d, un laboratorio per bambini dai 6 agli 11 anni dedicato al mondo delle ombre thailandesi. Attraverso luci, sagome, personaggi e storie da inventare, i partecipanti potranno sperimentare questa particolare forma espressiva. Anche in questo caso l\u2019attivit\u00e0 terminer\u00e0 con una merenda. La<br \/>\nquota di partecipazione \u00e8 di 10 euro.<\/p>\n<p>La rassegna si concluder\u00e0 domenica 30 agosto con due proposte. Alle 11.00 e alle 16.00 il Teatro de La Sena ospiter\u00e0 le visite animate al Teatro di Carlo Bertinelli, con Alessandra Bracodello e Carlo Bertinelli di teatroOrtaet. Un modo diverso di entrare nella storia e negli spazi della \u201cPiccola Fenice\u201d attraverso il linguaggio teatrale. La quota di partecipazione \u00e8 di 15 euro.<br \/>\nAlle 18.00, infine, apertura serale straordinaria della Galleria d\u2019Arte Moderna Carlo Rizzarda con \u201cForgia &amp; Soffio\u201d. La visita metter\u00e0 in dialogo due anime delle collezioni del museo: la forza e la materia del ferro battuto di Carlo Rizzarda e la leggerezza e l\u2019eleganza dei vetri d\u2019arte. A seguire \u00e8 previsto un aperitivo. La quota di partecipazione \u00e8 di 15 euro e la<br \/>\nprenotazione \u00e8 obbligatoria entro le 19.00 di sabato 29 agosto.<\/p>\n<p>\u201cL\u2019estate feltrina non termina certo con Ferragosto \u2013 aggiunge l\u2019assessore alla Cultura Flavia Colle \u2013. Anche nella seconda parte di agosto vogliamo offrire occasioni per uscire, visitare la Citt\u00e0 e soprattutto vivere i nostri musei e i nostri luoghi storici. Abbiamo costruito un programma molto vario, che va dai bambini alle famiglie fino agli adulti, perch\u00e9 ci piace l\u2019idea che il<br \/>\npatrimonio culturale di Feltre possa essere scoperto e riscoperto attraverso esperienze sempre diverse. \u00c8 anche un\u2019occasione, per chi \u00e8 ancora in vacanza e per chi \u00e8 gi\u00e0 rientrato, per concedersi qualche ora nella propria Citt\u00e0 guardandola magari con occhi nuovi\u201d.<br \/>\nInformazioni e prenotazioni: +39 327 2562682 \u2013 info.feltre@aqualab.it<\/p>","protected":false},"excerpt":{"rendered":"<p>Quattro giorni per scoprire i musei e alcuni dei luoghi pi\u00f9 suggestivi di Feltre in modo diverso, tra laboratori per bambini e famiglie, visite guidate al tramonto, percorsi tra arte e storia con aperitivi e merende. Dal 26 al 30 agosto arriva \u201cSuccede a Feltre a fine estate\u2026\u201d, un calendario di appuntamenti che coinvolger\u00e0 la [&hellip;]<\/p>\n","protected":false},"author":2,"featured_media":172844,"comment_status":"closed","ping_status":"open","sticky":false,"template":"","format":"standard","meta":{"footnotes":""},"categories":[27,25],"tags":[],"class_list":["post-172843","post","type-post","status-publish","format-standard","has-post-thumbnail","category-appuntamenti","category-pausa-caffe"],"yoast_head":"<!-- This site is optimized with the Yoast SEO plugin v28.4 - https:\/\/yoast.com\/product\/yoast-seo-wordpress\/ -->\n<title>Feltre: dal 26 al 30 agosto visite, laboratori per bambini, aperture serali e spettacoli nei luoghi della cultura - Bellunopress - Dolomiti<\/title>\n<meta name=\"robots\" content=\"index, follow, max-snippet:-1, max-image-preview:large, max-video-preview:-1\" \/>\n<link rel=\"canonical\" href=\"https:\/\/www.bellunopress.it\/fr\/2026\/08\/24\/feltre-dal-26-al-30-agosto-visite-laboratori-per-bambini-aperture-serali-e-spettacoli-nei-luoghi-della-cultura\/\" \/>\n<meta property=\"og:locale\" content=\"fr_FR\" \/>\n<meta property=\"og:type\" content=\"article\" \/>\n<meta property=\"og:title\" content=\"Feltre: dal 26 al 30 agosto visite, laboratori per bambini, aperture serali e spettacoli nei luoghi della cultura - Bellunopress - Dolomiti\" \/>\n<meta property=\"og:description\" content=\"Quattro giorni per scoprire i musei e alcuni dei luoghi pi\u00f9 suggestivi di Feltre in modo diverso, tra laboratori per bambini e famiglie, visite guidate al tramonto, percorsi tra arte e storia con aperitivi e merende. Dal 26 al 30 agosto arriva \u201cSuccede a Feltre a fine estate\u2026\u201d, un calendario di appuntamenti che coinvolger\u00e0 la [&hellip;]\" \/>\n<meta property=\"og:url\" content=\"https:\/\/www.bellunopress.it\/fr\/2026\/08\/24\/feltre-dal-26-al-30-agosto-visite-laboratori-per-bambini-aperture-serali-e-spettacoli-nei-luoghi-della-cultura\/\" \/>\n<meta property=\"og:site_name\" content=\"Bellunopress - Dolomiti\" \/>\n<meta property=\"article:publisher\" content=\"https:\/\/www.facebook.com\/profile.php?id=100008943462799\" \/>\n<meta property=\"article:published_time\" content=\"2026-08-24T04:34:28+00:00\" \/>\n<meta property=\"og:image\" content=\"https:\/\/www.bellunopress.it\/wp-content\/uploads\/2026\/08\/Feltre-eventi-agosto.jpg\" \/>\n\t<meta property=\"og:image:width\" content=\"424\" \/>\n\t<meta property=\"og:image:height\" content=\"600\" \/>\n\t<meta property=\"og:image:type\" content=\"image\/jpeg\" \/>\n<meta name=\"author\" content=\"redazione\" \/>\n<meta name=\"twitter:card\" content=\"summary_large_image\" \/>\n<meta name=\"twitter:creator\" content=\"@bellunopress\" \/>\n<meta name=\"twitter:site\" content=\"@bellunopress\" \/>\n<meta name=\"twitter:label1\" content=\"\u00c9crit par\" \/>\n\t<meta name=\"twitter:data1\" content=\"redazione\" \/>\n\t<meta name=\"twitter:label2\" content=\"Dur\u00e9e de lecture estim\u00e9e\" \/>\n\t<meta name=\"twitter:data2\" content=\"5 minutes\" \/>\n<script type=\"application\/ld+json\" class=\"yoast-schema-graph\">{\"@context\":\"https:\\\/\\\/schema.org\",\"@graph\":[{\"@type\":\"Article\",\"@id\":\"https:\\\/\\\/www.bellunopress.it\\\/2026\\\/08\\\/24\\\/feltre-dal-26-al-30-agosto-visite-laboratori-per-bambini-aperture-serali-e-spettacoli-nei-luoghi-della-cultura\\\/#article\",\"isPartOf\":{\"@id\":\"https:\\\/\\\/www.bellunopress.it\\\/2026\\\/08\\\/24\\\/feltre-dal-26-al-30-agosto-visite-laboratori-per-bambini-aperture-serali-e-spettacoli-nei-luoghi-della-cultura\\\/\"},\"author\":{\"name\":\"redazione\",\"@id\":\"https:\\\/\\\/www.bellunopress.it\\\/#\\\/schema\\\/person\\\/79bb06722b37ece1c03d3e94beb30d73\"},\"headline\":\"Feltre: dal 26 al 30 agosto visite, laboratori per bambini, aperture serali e spettacoli nei luoghi della cultura\",\"datePublished\":\"2026-08-24T04:34:28+00:00\",\"mainEntityOfPage\":{\"@id\":\"https:\\\/\\\/www.bellunopress.it\\\/2026\\\/08\\\/24\\\/feltre-dal-26-al-30-agosto-visite-laboratori-per-bambini-aperture-serali-e-spettacoli-nei-luoghi-della-cultura\\\/\"},\"wordCount\":743,\"publisher\":{\"@id\":\"https:\\\/\\\/www.bellunopress.it\\\/#organization\"},\"image\":{\"@id\":\"https:\\\/\\\/www.bellunopress.it\\\/2026\\\/08\\\/24\\\/feltre-dal-26-al-30-agosto-visite-laboratori-per-bambini-aperture-serali-e-spettacoli-nei-luoghi-della-cultura\\\/#primaryimage\"},\"thumbnailUrl\":\"https:\\\/\\\/www.bellunopress.it\\\/wp-content\\\/uploads\\\/2026\\\/08\\\/Feltre-eventi-agosto.jpg\",\"articleSection\":[\"Appuntamenti, Eventi\",\"Pausa Caff\u00e8\"],\"inLanguage\":\"fr-FR\"},{\"@type\":\"WebPage\",\"@id\":\"https:\\\/\\\/www.bellunopress.it\\\/2026\\\/08\\\/24\\\/feltre-dal-26-al-30-agosto-visite-laboratori-per-bambini-aperture-serali-e-spettacoli-nei-luoghi-della-cultura\\\/\",\"url\":\"https:\\\/\\\/www.bellunopress.it\\\/2026\\\/08\\\/24\\\/feltre-dal-26-al-30-agosto-visite-laboratori-per-bambini-aperture-serali-e-spettacoli-nei-luoghi-della-cultura\\\/\",\"name\":\"Feltre: dal 26 al 30 agosto visite, laboratori per bambini, aperture serali e spettacoli nei luoghi della cultura - Bellunopress - Dolomiti\",\"isPartOf\":{\"@id\":\"https:\\\/\\\/www.bellunopress.it\\\/#website\"},\"primaryImageOfPage\":{\"@id\":\"https:\\\/\\\/www.bellunopress.it\\\/2026\\\/08\\\/24\\\/feltre-dal-26-al-30-agosto-visite-laboratori-per-bambini-aperture-serali-e-spettacoli-nei-luoghi-della-cultura\\\/#primaryimage\"},\"image\":{\"@id\":\"https:\\\/\\\/www.bellunopress.it\\\/2026\\\/08\\\/24\\\/feltre-dal-26-al-30-agosto-visite-laboratori-per-bambini-aperture-serali-e-spettacoli-nei-luoghi-della-cultura\\\/#primaryimage\"},\"thumbnailUrl\":\"https:\\\/\\\/www.bellunopress.it\\\/wp-content\\\/uploads\\\/2026\\\/08\\\/Feltre-eventi-agosto.jpg\",\"datePublished\":\"2026-08-24T04:34:28+00:00\",\"breadcrumb\":{\"@id\":\"https:\\\/\\\/www.bellunopress.it\\\/2026\\\/08\\\/24\\\/feltre-dal-26-al-30-agosto-visite-laboratori-per-bambini-aperture-serali-e-spettacoli-nei-luoghi-della-cultura\\\/#breadcrumb\"},\"inLanguage\":\"fr-FR\",\"potentialAction\":[{\"@type\":\"ReadAction\",\"target\":[\"https:\\\/\\\/www.bellunopress.it\\\/2026\\\/08\\\/24\\\/feltre-dal-26-al-30-agosto-visite-laboratori-per-bambini-aperture-serali-e-spettacoli-nei-luoghi-della-cultura\\\/\"]}]},{\"@type\":\"ImageObject\",\"inLanguage\":\"fr-FR\",\"@id\":\"https:\\\/\\\/www.bellunopress.it\\\/2026\\\/08\\\/24\\\/feltre-dal-26-al-30-agosto-visite-laboratori-per-bambini-aperture-serali-e-spettacoli-nei-luoghi-della-cultura\\\/#primaryimage\",\"url\":\"https:\\\/\\\/www.bellunopress.it\\\/wp-content\\\/uploads\\\/2026\\\/08\\\/Feltre-eventi-agosto.jpg\",\"contentUrl\":\"https:\\\/\\\/www.bellunopress.it\\\/wp-content\\\/uploads\\\/2026\\\/08\\\/Feltre-eventi-agosto.jpg\",\"width\":424,\"height\":600},{\"@type\":\"BreadcrumbList\",\"@id\":\"https:\\\/\\\/www.bellunopress.it\\\/2026\\\/08\\\/24\\\/feltre-dal-26-al-30-agosto-visite-laboratori-per-bambini-aperture-serali-e-spettacoli-nei-luoghi-della-cultura\\\/#breadcrumb\",\"itemListElement\":[{\"@type\":\"ListItem\",\"position\":1,\"name\":\"Home\",\"item\":\"https:\\\/\\\/www.bellunopress.it\\\/\"},{\"@type\":\"ListItem\",\"position\":2,\"name\":\"Feltre: dal 26 al 30 agosto visite, laboratori per bambini, aperture serali e spettacoli nei luoghi della cultura\"}]},{\"@type\":\"WebSite\",\"@id\":\"https:\\\/\\\/www.bellunopress.it\\\/#website\",\"url\":\"https:\\\/\\\/www.bellunopress.it\\\/\",\"name\":\"Bellunopress - Dolomiti\",\"description\":\"e-mail: redazione@bellunopress.it\",\"publisher\":{\"@id\":\"https:\\\/\\\/www.bellunopress.it\\\/#organization\"},\"potentialAction\":[{\"@type\":\"SearchAction\",\"target\":{\"@type\":\"EntryPoint\",\"urlTemplate\":\"https:\\\/\\\/www.bellunopress.it\\\/?s={search_term_string}\"},\"query-input\":{\"@type\":\"PropertyValueSpecification\",\"valueRequired\":true,\"valueName\":\"search_term_string\"}}],\"inLanguage\":\"fr-FR\"},{\"@type\":\"Organization\",\"@id\":\"https:\\\/\\\/www.bellunopress.it\\\/#organization\",\"name\":\"Bellunopress\",\"url\":\"https:\\\/\\\/www.bellunopress.it\\\/\",\"logo\":{\"@type\":\"ImageObject\",\"inLanguage\":\"fr-FR\",\"@id\":\"https:\\\/\\\/www.bellunopress.it\\\/#\\\/schema\\\/logo\\\/image\\\/\",\"url\":\"https:\\\/\\\/www.bellunopress.it\\\/wp-content\\\/uploads\\\/2011\\\/05\\\/cropped-logo-bellunopress-.jpg\",\"contentUrl\":\"https:\\\/\\\/www.bellunopress.it\\\/wp-content\\\/uploads\\\/2011\\\/05\\\/cropped-logo-bellunopress-.jpg\",\"width\":512,\"height\":512,\"caption\":\"Bellunopress\"},\"image\":{\"@id\":\"https:\\\/\\\/www.bellunopress.it\\\/#\\\/schema\\\/logo\\\/image\\\/\"},\"sameAs\":[\"https:\\\/\\\/www.facebook.com\\\/profile.php?id=100008943462799\",\"https:\\\/\\\/x.com\\\/bellunopress\",\"https:\\\/\\\/www.linkedin.com\\\/hp\\\/?dnr=JBzUWaJfMUw8vbXJJ2tVW5-I3jZKvC4wsoxE&amp;amp;amp;amp;amp;amp;trk=nav_responsive_tab_home\",\"https:\\\/\\\/www.youtube.com\\\/channel\\\/UCxL0wu1uN0_3_7hGG0306cw\"]},{\"@type\":\"Person\",\"@id\":\"https:\\\/\\\/www.bellunopress.it\\\/#\\\/schema\\\/person\\\/79bb06722b37ece1c03d3e94beb30d73\",\"name\":\"redazione\",\"image\":{\"@type\":\"ImageObject\",\"inLanguage\":\"fr-FR\",\"@id\":\"https:\\\/\\\/secure.gravatar.com\\\/avatar\\\/37d968a2e67a6fd04c169c4bdef102d0bc5d31b2546345219e348575eb80e9a0?s=96&d=mm&r=g\",\"url\":\"https:\\\/\\\/secure.gravatar.com\\\/avatar\\\/37d968a2e67a6fd04c169c4bdef102d0bc5d31b2546345219e348575eb80e9a0?s=96&d=mm&r=g\",\"contentUrl\":\"https:\\\/\\\/secure.gravatar.com\\\/avatar\\\/37d968a2e67a6fd04c169c4bdef102d0bc5d31b2546345219e348575eb80e9a0?s=96&d=mm&r=g\",\"caption\":\"redazione\"},\"sameAs\":[\"http:\\\/\\\/www.bellunopress.it\",\"https:\\\/\\\/x.com\\\/bellunopress\"],\"url\":\"https:\\\/\\\/www.bellunopress.it\\\/fr\\\/author\\\/redazione\\\/\"}]}<\/script>\n<!-- \/ Yoast SEO plugin. -->","yoast_head_json":{"title":"Feltre: dal 26 al 30 agosto visite, laboratori per bambini, aperture serali e spettacoli nei luoghi della cultura - Bellunopress - Dolomiti","robots":{"index":"index","follow":"follow","max-snippet":"max-snippet:-1","max-image-preview":"max-image-preview:large","max-video-preview":"max-video-preview:-1"},"canonical":"https:\/\/www.bellunopress.it\/fr\/2026\/08\/24\/feltre-dal-26-al-30-agosto-visite-laboratori-per-bambini-aperture-serali-e-spettacoli-nei-luoghi-della-cultura\/","og_locale":"fr_FR","og_type":"article","og_title":"Feltre: dal 26 al 30 agosto visite, laboratori per bambini, aperture serali e spettacoli nei luoghi della cultura - Bellunopress - Dolomiti","og_description":"Quattro giorni per scoprire i musei e alcuni dei luoghi pi\u00f9 suggestivi di Feltre in modo diverso, tra laboratori per bambini e famiglie, visite guidate al tramonto, percorsi tra arte e storia con aperitivi e merende. Dal 26 al 30 agosto arriva \u201cSuccede a Feltre a fine estate\u2026\u201d, un calendario di appuntamenti che coinvolger\u00e0 la [&hellip;]","og_url":"https:\/\/www.bellunopress.it\/fr\/2026\/08\/24\/feltre-dal-26-al-30-agosto-visite-laboratori-per-bambini-aperture-serali-e-spettacoli-nei-luoghi-della-cultura\/","og_site_name":"Bellunopress - Dolomiti","article_publisher":"https:\/\/www.facebook.com\/profile.php?id=100008943462799","article_published_time":"2026-08-24T04:34:28+00:00","og_image":[{"width":424,"height":600,"url":"https:\/\/www.bellunopress.it\/wp-content\/uploads\/2026\/08\/Feltre-eventi-agosto.jpg","type":"image\/jpeg"}],"author":"redazione","twitter_card":"summary_large_image","twitter_creator":"@bellunopress","twitter_site":"@bellunopress","twitter_misc":{"\u00c9crit par":"redazione","Dur\u00e9e de lecture estim\u00e9e":"5 minutes"},"schema":{"@context":"https:\/\/schema.org","@graph":[{"@type":"Article","@id":"https:\/\/www.bellunopress.it\/2026\/08\/24\/feltre-dal-26-al-30-agosto-visite-laboratori-per-bambini-aperture-serali-e-spettacoli-nei-luoghi-della-cultura\/#article","isPartOf":{"@id":"https:\/\/www.bellunopress.it\/2026\/08\/24\/feltre-dal-26-al-30-agosto-visite-laboratori-per-bambini-aperture-serali-e-spettacoli-nei-luoghi-della-cultura\/"},"author":{"name":"redazione","@id":"https:\/\/www.bellunopress.it\/#\/schema\/person\/79bb06722b37ece1c03d3e94beb30d73"},"headline":"Feltre: dal 26 al 30 agosto visite, laboratori per bambini, aperture serali e spettacoli nei luoghi della cultura","datePublished":"2026-08-24T04:34:28+00:00","mainEntityOfPage":{"@id":"https:\/\/www.bellunopress.it\/2026\/08\/24\/feltre-dal-26-al-30-agosto-visite-laboratori-per-bambini-aperture-serali-e-spettacoli-nei-luoghi-della-cultura\/"},"wordCount":743,"publisher":{"@id":"https:\/\/www.bellunopress.it\/#organization"},"image":{"@id":"https:\/\/www.bellunopress.it\/2026\/08\/24\/feltre-dal-26-al-30-agosto-visite-laboratori-per-bambini-aperture-serali-e-spettacoli-nei-luoghi-della-cultura\/#primaryimage"},"thumbnailUrl":"https:\/\/www.bellunopress.it\/wp-content\/uploads\/2026\/08\/Feltre-eventi-agosto.jpg","articleSection":["Appuntamenti, Eventi","Pausa Caff\u00e8"],"inLanguage":"fr-FR"},{"@type":"WebPage","@id":"https:\/\/www.bellunopress.it\/2026\/08\/24\/feltre-dal-26-al-30-agosto-visite-laboratori-per-bambini-aperture-serali-e-spettacoli-nei-luoghi-della-cultura\/","url":"https:\/\/www.bellunopress.it\/2026\/08\/24\/feltre-dal-26-al-30-agosto-visite-laboratori-per-bambini-aperture-serali-e-spettacoli-nei-luoghi-della-cultura\/","name":"Feltre: dal 26 al 30 agosto visite, laboratori per bambini, aperture serali e spettacoli nei luoghi della cultura - Bellunopress - Dolomiti","isPartOf":{"@id":"https:\/\/www.bellunopress.it\/#website"},"primaryImageOfPage":{"@id":"https:\/\/www.bellunopress.it\/2026\/08\/24\/feltre-dal-26-al-30-agosto-visite-laboratori-per-bambini-aperture-serali-e-spettacoli-nei-luoghi-della-cultura\/#primaryimage"},"image":{"@id":"https:\/\/www.bellunopress.it\/2026\/08\/24\/feltre-dal-26-al-30-agosto-visite-laboratori-per-bambini-aperture-serali-e-spettacoli-nei-luoghi-della-cultura\/#primaryimage"},"thumbnailUrl":"https:\/\/www.bellunopress.it\/wp-content\/uploads\/2026\/08\/Feltre-eventi-agosto.jpg","datePublished":"2026-08-24T04:34:28+00:00","breadcrumb":{"@id":"https:\/\/www.bellunopress.it\/2026\/08\/24\/feltre-dal-26-al-30-agosto-visite-laboratori-per-bambini-aperture-serali-e-spettacoli-nei-luoghi-della-cultura\/#breadcrumb"},"inLanguage":"fr-FR","potentialAction":[{"@type":"ReadAction","target":["https:\/\/www.bellunopress.it\/2026\/08\/24\/feltre-dal-26-al-30-agosto-visite-laboratori-per-bambini-aperture-serali-e-spettacoli-nei-luoghi-della-cultura\/"]}]},{"@type":"ImageObject","inLanguage":"fr-FR","@id":"https:\/\/www.bellunopress.it\/2026\/08\/24\/feltre-dal-26-al-30-agosto-visite-laboratori-per-bambini-aperture-serali-e-spettacoli-nei-luoghi-della-cultura\/#primaryimage","url":"https:\/\/www.bellunopress.it\/wp-content\/uploads\/2026\/08\/Feltre-eventi-agosto.jpg","contentUrl":"https:\/\/www.bellunopress.it\/wp-content\/uploads\/2026\/08\/Feltre-eventi-agosto.jpg","width":424,"height":600},{"@type":"BreadcrumbList","@id":"https:\/\/www.bellunopress.it\/2026\/08\/24\/feltre-dal-26-al-30-agosto-visite-laboratori-per-bambini-aperture-serali-e-spettacoli-nei-luoghi-della-cultura\/#breadcrumb","itemListElement":[{"@type":"ListItem","position":1,"name":"Home","item":"https:\/\/www.bellunopress.it\/"},{"@type":"ListItem","position":2,"name":"Feltre: dal 26 al 30 agosto visite, laboratori per bambini, aperture serali e spettacoli nei luoghi della cultura"}]},{"@type":"WebSite","@id":"https:\/\/www.bellunopress.it\/#website","url":"https:\/\/www.bellunopress.it\/","name":"Bellunopress - Dolomiti","description":"e-mail: redazione@bellunopress.it","publisher":{"@id":"https:\/\/www.bellunopress.it\/#organization"},"potentialAction":[{"@type":"SearchAction","target":{"@type":"EntryPoint","urlTemplate":"https:\/\/www.bellunopress.it\/?s={search_term_string}"},"query-input":{"@type":"PropertyValueSpecification","valueRequired":true,"valueName":"search_term_string"}}],"inLanguage":"fr-FR"},{"@type":"Organization","@id":"https:\/\/www.bellunopress.it\/#organization","name":"Bellunopress","url":"https:\/\/www.bellunopress.it\/","logo":{"@type":"ImageObject","inLanguage":"fr-FR","@id":"https:\/\/www.bellunopress.it\/#\/schema\/logo\/image\/","url":"https:\/\/www.bellunopress.it\/wp-content\/uploads\/2011\/05\/cropped-logo-bellunopress-.jpg","contentUrl":"https:\/\/www.bellunopress.it\/wp-content\/uploads\/2011\/05\/cropped-logo-bellunopress-.jpg","width":512,"height":512,"caption":"Bellunopress"},"image":{"@id":"https:\/\/www.bellunopress.it\/#\/schema\/logo\/image\/"},"sameAs":["https:\/\/www.facebook.com\/profile.php?id=100008943462799","https:\/\/x.com\/bellunopress","https:\/\/www.linkedin.com\/hp\/?dnr=JBzUWaJfMUw8vbXJJ2tVW5-I3jZKvC4wsoxE&amp;amp;amp;amp;amp;amp;trk=nav_responsive_tab_home","https:\/\/www.youtube.com\/channel\/UCxL0wu1uN0_3_7hGG0306cw"]},{"@type":"Person","@id":"https:\/\/www.bellunopress.it\/#\/schema\/person\/79bb06722b37ece1c03d3e94beb30d73","name":"r\u00e9daction","image":{"@type":"ImageObject","inLanguage":"fr-FR","@id":"https:\/\/secure.gravatar.com\/avatar\/37d968a2e67a6fd04c169c4bdef102d0bc5d31b2546345219e348575eb80e9a0?s=96&d=mm&r=g","url":"https:\/\/secure.gravatar.com\/avatar\/37d968a2e67a6fd04c169c4bdef102d0bc5d31b2546345219e348575eb80e9a0?s=96&d=mm&r=g","contentUrl":"https:\/\/secure.gravatar.com\/avatar\/37d968a2e67a6fd04c169c4bdef102d0bc5d31b2546345219e348575eb80e9a0?s=96&d=mm&r=g","caption":"redazione"},"sameAs":["http:\/\/www.bellunopress.it","https:\/\/x.com\/bellunopress"],"url":"https:\/\/www.bellunopress.it\/fr\/author\/redazione\/"}]}},"_links":{"self":[{"href":"https:\/\/www.bellunopress.it\/fr\/wp-json\/wp\/v2\/posts\/172843","targetHints":{"allow":["GET"]}}],"collection":[{"href":"https:\/\/www.bellunopress.it\/fr\/wp-json\/wp\/v2\/posts"}],"about":[{"href":"https:\/\/www.bellunopress.it\/fr\/wp-json\/wp\/v2\/types\/post"}],"author":[{"embeddable":true,"href":"https:\/\/www.bellunopress.it\/fr\/wp-json\/wp\/v2\/users\/2"}],"replies":[{"embeddable":true,"href":"https:\/\/www.bellunopress.it\/fr\/wp-json\/wp\/v2\/comments?post=172843"}],"version-history":[{"count":1,"href":"https:\/\/www.bellunopress.it\/fr\/wp-json\/wp\/v2\/posts\/172843\/revisions"}],"predecessor-version":[{"id":172845,"href":"https:\/\/www.bellunopress.it\/fr\/wp-json\/wp\/v2\/posts\/172843\/revisions\/172845"}],"wp:featuredmedia":[{"embeddable":true,"href":"https:\/\/www.bellunopress.it\/fr\/wp-json\/wp\/v2\/media\/172844"}],"wp:attachment":[{"href":"https:\/\/www.bellunopress.it\/fr\/wp-json\/wp\/v2\/media?parent=172843"}],"wp:term":[{"taxonomy":"category","embeddable":true,"href":"https:\/\/www.bellunopress.it\/fr\/wp-json\/wp\/v2\/categories?post=172843"},{"taxonomy":"post_tag","embeddable":true,"href":"https:\/\/www.bellunopress.it\/fr\/wp-json\/wp\/v2\/tags?post=172843"}],"curies":[{"name":"wp","href":"https:\/\/api.w.org\/{rel}","templated":true}]}}