{"id":172840,"date":"2026-08-24T05:42:14","date_gmt":"2026-08-24T03:42:14","guid":{"rendered":"https:\/\/www.bellunopress.it\/?p=172840"},"modified":"2026-08-24T05:42:14","modified_gmt":"2026-08-24T03:42:14","slug":"chiusura-destate-nel-cadore-con-lo-spettacolo-del-mercato-di-qualita-piu-famoso-ditalia","status":"publish","type":"post","link":"https:\/\/www.bellunopress.it\/fr\/2026\/08\/24\/chiusura-destate-nel-cadore-con-lo-spettacolo-del-mercato-di-qualita-piu-famoso-ditalia\/","title":{"rendered":"Chiusura d\u2019estate nel Cadore con lo spettacolo del mercato di qualit\u00e0 pi\u00f9 famoso d\u2019Italia"},"content":{"rendered":"<p><strong>Le mitiche boutique a cielo aperto de Gli Ambulanti di Forte dei Marmi\u00ae pronte al bis a Pieve e San Vito di Cadore nel fine settimana del 29 e 30 agosto<\/strong><\/p>\n<p>Le Dolomiti bellunesi si preparano a vivere l\u2019ultimo, imperdibile scampolo d\u2019estate all\u2019insegna dello shopping di lusso accessibile e della grande tradizione artigianale.<br \/>\nDopo i trionfali riscontri registrati a cavallo di Ferragosto, tornano protagoniste nel Cadore le celebri boutique a cielo aperto\u00ae de Gli Ambulanti di Forte dei Marmi\u00ae.<br \/>\nUn appuntamento ormai fisso e attesissimo per le note localit\u00e0 turistiche montane, pronte ad accogliere nuovamente l\u2019energia, il colore e lo stile inconfondibile di un format originale che non teme confronti. Il tour toccher\u00e0 due tappe strategiche del territorio: sabato 29 agosto l\u2019appuntamento \u00e8 fissato a Pieve di Cadore, nella storica cornice di Piazza Tiziano; domenica 30 agosto, invece, le bancarelle si sposteranno a San Vito di Cadore, allestite presso il Parcheggio Asilo Vecio in Corso<br \/>\nItalia.<\/p>\n<p>Un successo che si rinnova tra eccellenze e glamour<br \/>\nPer le numerosissime legioni di fedeli estimatori del Consorzio \u2014 capaci di reclamare a gran voce il ritorno della manifestazione a ogni fine estate \u2014 si prospetta una rassegna all\u2019insegna dell&#8217;alta qualit\u00e0 e della convenienza. Come da tradizione, i mercati si svolgeranno con orario continuato dalle 8:00 alle 19:00, garantendo l&#8217;apertura anche in caso di maltempo.<br \/>\nSui grandi banchi di vendita si potr\u00e0 trovare il meglio della produzione toscana e italiana: dalle collezioni moda pi\u00f9 ricercate alla pelletteria d\u2019altissima fattura artigianale (borse e scarpe), passando per la pregiata produzione di cashmere, pellicceria, stoffe di pregio, biancheria per la casa, porcellane, raffinate bijoux e tessuti d\u2019arte fiorentina. Un vero e proprio caleidoscopio di tendenze che spesso anticipano o ispirano i fashion blog e i magazine femminili pi\u00f9 seguiti.<br \/>\n\u201cIl nostro Consorzio \u2014 ricorda il Presidente Andrea Ceccarelli \u2014 con il suo evento-mercato di qualit\u00e0 ha letteralmente re-inventato una professione storica alla luce dei tempi moderni, dimostrando che la passione per il proprio lavoro, l&#8217;ingegno artigianale e la ricerca della qualit\u00e0 possono ancora fare la differenza nel competitivo mondo del commercio attuale.\u201d<br \/>\nIl valore dell\u2019originalit\u00e0 contro le imitazioni Nato nel 2002 dall\u2019unione dei migliori banchi storici dell&#8217;iconico mercato di Forte dei Marmi per portarne lo spettacolo nelle piazze italiane, il Consorzio \u00e8 da sempre sinonimo di autenticit\u00e0. Bandite\u00a0per statuto le imitazioni e le produzioni di scarso pregio (&#8220;cineserie&#8221;), il marchio registrato rappresenta una garanzia assoluta di genuinit\u00e0 artigianale.<br \/>\nProprio per questo motivo, il Presidente Ceccarelli rinnova l&#8217;invito a diffidare dei tentativi di imitazione, consigliando al pubblico di verificare di persona la qualit\u00e0 della merce e l\u2019immagine coordinata delle bancarelle.<\/p>\n<p>Calendario delle tappe nel Cadore<br \/>\nSabato 29 agosto 2026 \u2013 Piazza Tiziano, Pieve di Cadore<br \/>\nDomenica 30 agosto 2026 \u2013 Parcheggio Asilo Vecio (Corso Italia), San Vito di Cadore<br \/>\nOrario continuato: dalle 8:00 alle 19:00 (anche in caso di maltempo).<\/p>\n<p>&nbsp;<\/p>","protected":false},"excerpt":{"rendered":"<p>Le mitiche boutique a cielo aperto de Gli Ambulanti di Forte dei Marmi\u00ae pronte al bis a Pieve e San Vito di Cadore nel fine settimana del 29 e 30 agosto Le Dolomiti bellunesi si preparano a vivere l\u2019ultimo, imperdibile scampolo d\u2019estate all\u2019insegna dello shopping di lusso accessibile e della grande tradizione artigianale. Dopo i [&hellip;]<\/p>\n","protected":false},"author":2,"featured_media":172841,"comment_status":"closed","ping_status":"open","sticky":false,"template":"","format":"standard","meta":{"footnotes":""},"categories":[4],"tags":[],"class_list":["post-172840","post","type-post","status-publish","format-standard","has-post-thumbnail","category-sport"],"yoast_head":"<!-- This site is optimized with the Yoast SEO plugin v28.4 - https:\/\/yoast.com\/product\/yoast-seo-wordpress\/ -->\n<title>Chiusura d\u2019estate nel Cadore con lo spettacolo del mercato di qualit\u00e0 pi\u00f9 famoso d\u2019Italia - Bellunopress - Dolomiti<\/title>\n<meta name=\"robots\" content=\"index, follow, max-snippet:-1, max-image-preview:large, max-video-preview:-1\" \/>\n<link rel=\"canonical\" href=\"https:\/\/www.bellunopress.it\/fr\/2026\/08\/24\/chiusura-destate-nel-cadore-con-lo-spettacolo-del-mercato-di-qualita-piu-famoso-ditalia\/\" \/>\n<meta property=\"og:locale\" content=\"fr_FR\" \/>\n<meta property=\"og:type\" content=\"article\" \/>\n<meta property=\"og:title\" content=\"Chiusura d\u2019estate nel Cadore con lo spettacolo del mercato di qualit\u00e0 pi\u00f9 famoso d\u2019Italia - Bellunopress - Dolomiti\" \/>\n<meta property=\"og:description\" content=\"Le mitiche boutique a cielo aperto de Gli Ambulanti di Forte dei Marmi\u00ae pronte al bis a Pieve e San Vito di Cadore nel fine settimana del 29 e 30 agosto Le Dolomiti bellunesi si preparano a vivere l\u2019ultimo, imperdibile scampolo d\u2019estate all\u2019insegna dello shopping di lusso accessibile e della grande tradizione artigianale. Dopo i [&hellip;]\" \/>\n<meta property=\"og:url\" content=\"https:\/\/www.bellunopress.it\/fr\/2026\/08\/24\/chiusura-destate-nel-cadore-con-lo-spettacolo-del-mercato-di-qualita-piu-famoso-ditalia\/\" \/>\n<meta property=\"og:site_name\" content=\"Bellunopress - Dolomiti\" \/>\n<meta property=\"article:publisher\" content=\"https:\/\/www.facebook.com\/profile.php?id=100008943462799\" \/>\n<meta property=\"article:published_time\" content=\"2026-08-24T03:42:14+00:00\" \/>\n<meta property=\"og:image\" content=\"https:\/\/www.bellunopress.it\/wp-content\/uploads\/2026\/08\/mercato-ambulanti-Forte-dei-Marmi.jpg\" \/>\n\t<meta property=\"og:image:width\" content=\"322\" \/>\n\t<meta property=\"og:image:height\" content=\"500\" \/>\n\t<meta property=\"og:image:type\" content=\"image\/jpeg\" \/>\n<meta name=\"author\" content=\"redazione\" \/>\n<meta name=\"twitter:card\" content=\"summary_large_image\" \/>\n<meta name=\"twitter:creator\" content=\"@bellunopress\" \/>\n<meta name=\"twitter:site\" content=\"@bellunopress\" \/>\n<meta name=\"twitter:label1\" content=\"\u00c9crit par\" \/>\n\t<meta name=\"twitter:data1\" content=\"redazione\" \/>\n\t<meta name=\"twitter:label2\" content=\"Dur\u00e9e de lecture estim\u00e9e\" \/>\n\t<meta name=\"twitter:data2\" content=\"3 minutes\" \/>\n<script type=\"application\/ld+json\" class=\"yoast-schema-graph\">{\"@context\":\"https:\\\/\\\/schema.org\",\"@graph\":[{\"@type\":\"Article\",\"@id\":\"https:\\\/\\\/www.bellunopress.it\\\/2026\\\/08\\\/24\\\/chiusura-destate-nel-cadore-con-lo-spettacolo-del-mercato-di-qualita-piu-famoso-ditalia\\\/#article\",\"isPartOf\":{\"@id\":\"https:\\\/\\\/www.bellunopress.it\\\/2026\\\/08\\\/24\\\/chiusura-destate-nel-cadore-con-lo-spettacolo-del-mercato-di-qualita-piu-famoso-ditalia\\\/\"},\"author\":{\"name\":\"redazione\",\"@id\":\"https:\\\/\\\/www.bellunopress.it\\\/#\\\/schema\\\/person\\\/79bb06722b37ece1c03d3e94beb30d73\"},\"headline\":\"Chiusura d\u2019estate nel Cadore con lo spettacolo del mercato di qualit\u00e0 pi\u00f9 famoso d\u2019Italia\",\"datePublished\":\"2026-08-24T03:42:14+00:00\",\"mainEntityOfPage\":{\"@id\":\"https:\\\/\\\/www.bellunopress.it\\\/2026\\\/08\\\/24\\\/chiusura-destate-nel-cadore-con-lo-spettacolo-del-mercato-di-qualita-piu-famoso-ditalia\\\/\"},\"wordCount\":485,\"publisher\":{\"@id\":\"https:\\\/\\\/www.bellunopress.it\\\/#organization\"},\"image\":{\"@id\":\"https:\\\/\\\/www.bellunopress.it\\\/2026\\\/08\\\/24\\\/chiusura-destate-nel-cadore-con-lo-spettacolo-del-mercato-di-qualita-piu-famoso-ditalia\\\/#primaryimage\"},\"thumbnailUrl\":\"https:\\\/\\\/www.bellunopress.it\\\/wp-content\\\/uploads\\\/2026\\\/08\\\/mercato-ambulanti-Forte-dei-Marmi.jpg\",\"articleSection\":[\"Sport, tempo libero\"],\"inLanguage\":\"fr-FR\"},{\"@type\":\"WebPage\",\"@id\":\"https:\\\/\\\/www.bellunopress.it\\\/2026\\\/08\\\/24\\\/chiusura-destate-nel-cadore-con-lo-spettacolo-del-mercato-di-qualita-piu-famoso-ditalia\\\/\",\"url\":\"https:\\\/\\\/www.bellunopress.it\\\/2026\\\/08\\\/24\\\/chiusura-destate-nel-cadore-con-lo-spettacolo-del-mercato-di-qualita-piu-famoso-ditalia\\\/\",\"name\":\"Chiusura d\u2019estate nel Cadore con lo spettacolo del mercato di qualit\u00e0 pi\u00f9 famoso d\u2019Italia - Bellunopress - Dolomiti\",\"isPartOf\":{\"@id\":\"https:\\\/\\\/www.bellunopress.it\\\/#website\"},\"primaryImageOfPage\":{\"@id\":\"https:\\\/\\\/www.bellunopress.it\\\/2026\\\/08\\\/24\\\/chiusura-destate-nel-cadore-con-lo-spettacolo-del-mercato-di-qualita-piu-famoso-ditalia\\\/#primaryimage\"},\"image\":{\"@id\":\"https:\\\/\\\/www.bellunopress.it\\\/2026\\\/08\\\/24\\\/chiusura-destate-nel-cadore-con-lo-spettacolo-del-mercato-di-qualita-piu-famoso-ditalia\\\/#primaryimage\"},\"thumbnailUrl\":\"https:\\\/\\\/www.bellunopress.it\\\/wp-content\\\/uploads\\\/2026\\\/08\\\/mercato-ambulanti-Forte-dei-Marmi.jpg\",\"datePublished\":\"2026-08-24T03:42:14+00:00\",\"breadcrumb\":{\"@id\":\"https:\\\/\\\/www.bellunopress.it\\\/2026\\\/08\\\/24\\\/chiusura-destate-nel-cadore-con-lo-spettacolo-del-mercato-di-qualita-piu-famoso-ditalia\\\/#breadcrumb\"},\"inLanguage\":\"fr-FR\",\"potentialAction\":[{\"@type\":\"ReadAction\",\"target\":[\"https:\\\/\\\/www.bellunopress.it\\\/2026\\\/08\\\/24\\\/chiusura-destate-nel-cadore-con-lo-spettacolo-del-mercato-di-qualita-piu-famoso-ditalia\\\/\"]}]},{\"@type\":\"ImageObject\",\"inLanguage\":\"fr-FR\",\"@id\":\"https:\\\/\\\/www.bellunopress.it\\\/2026\\\/08\\\/24\\\/chiusura-destate-nel-cadore-con-lo-spettacolo-del-mercato-di-qualita-piu-famoso-ditalia\\\/#primaryimage\",\"url\":\"https:\\\/\\\/www.bellunopress.it\\\/wp-content\\\/uploads\\\/2026\\\/08\\\/mercato-ambulanti-Forte-dei-Marmi.jpg\",\"contentUrl\":\"https:\\\/\\\/www.bellunopress.it\\\/wp-content\\\/uploads\\\/2026\\\/08\\\/mercato-ambulanti-Forte-dei-Marmi.jpg\",\"width\":322,\"height\":500},{\"@type\":\"BreadcrumbList\",\"@id\":\"https:\\\/\\\/www.bellunopress.it\\\/2026\\\/08\\\/24\\\/chiusura-destate-nel-cadore-con-lo-spettacolo-del-mercato-di-qualita-piu-famoso-ditalia\\\/#breadcrumb\",\"itemListElement\":[{\"@type\":\"ListItem\",\"position\":1,\"name\":\"Home\",\"item\":\"https:\\\/\\\/www.bellunopress.it\\\/\"},{\"@type\":\"ListItem\",\"position\":2,\"name\":\"Chiusura d\u2019estate nel Cadore con lo spettacolo del mercato di qualit\u00e0 pi\u00f9 famoso d\u2019Italia\"}]},{\"@type\":\"WebSite\",\"@id\":\"https:\\\/\\\/www.bellunopress.it\\\/#website\",\"url\":\"https:\\\/\\\/www.bellunopress.it\\\/\",\"name\":\"Bellunopress - Dolomiti\",\"description\":\"e-mail: redazione@bellunopress.it\",\"publisher\":{\"@id\":\"https:\\\/\\\/www.bellunopress.it\\\/#organization\"},\"potentialAction\":[{\"@type\":\"SearchAction\",\"target\":{\"@type\":\"EntryPoint\",\"urlTemplate\":\"https:\\\/\\\/www.bellunopress.it\\\/?s={search_term_string}\"},\"query-input\":{\"@type\":\"PropertyValueSpecification\",\"valueRequired\":true,\"valueName\":\"search_term_string\"}}],\"inLanguage\":\"fr-FR\"},{\"@type\":\"Organization\",\"@id\":\"https:\\\/\\\/www.bellunopress.it\\\/#organization\",\"name\":\"Bellunopress\",\"url\":\"https:\\\/\\\/www.bellunopress.it\\\/\",\"logo\":{\"@type\":\"ImageObject\",\"inLanguage\":\"fr-FR\",\"@id\":\"https:\\\/\\\/www.bellunopress.it\\\/#\\\/schema\\\/logo\\\/image\\\/\",\"url\":\"https:\\\/\\\/www.bellunopress.it\\\/wp-content\\\/uploads\\\/2011\\\/05\\\/cropped-logo-bellunopress-.jpg\",\"contentUrl\":\"https:\\\/\\\/www.bellunopress.it\\\/wp-content\\\/uploads\\\/2011\\\/05\\\/cropped-logo-bellunopress-.jpg\",\"width\":512,\"height\":512,\"caption\":\"Bellunopress\"},\"image\":{\"@id\":\"https:\\\/\\\/www.bellunopress.it\\\/#\\\/schema\\\/logo\\\/image\\\/\"},\"sameAs\":[\"https:\\\/\\\/www.facebook.com\\\/profile.php?id=100008943462799\",\"https:\\\/\\\/x.com\\\/bellunopress\",\"https:\\\/\\\/www.linkedin.com\\\/hp\\\/?dnr=JBzUWaJfMUw8vbXJJ2tVW5-I3jZKvC4wsoxE&amp;amp;amp;amp;amp;amp;trk=nav_responsive_tab_home\",\"https:\\\/\\\/www.youtube.com\\\/channel\\\/UCxL0wu1uN0_3_7hGG0306cw\"]},{\"@type\":\"Person\",\"@id\":\"https:\\\/\\\/www.bellunopress.it\\\/#\\\/schema\\\/person\\\/79bb06722b37ece1c03d3e94beb30d73\",\"name\":\"redazione\",\"image\":{\"@type\":\"ImageObject\",\"inLanguage\":\"fr-FR\",\"@id\":\"https:\\\/\\\/secure.gravatar.com\\\/avatar\\\/37d968a2e67a6fd04c169c4bdef102d0bc5d31b2546345219e348575eb80e9a0?s=96&d=mm&r=g\",\"url\":\"https:\\\/\\\/secure.gravatar.com\\\/avatar\\\/37d968a2e67a6fd04c169c4bdef102d0bc5d31b2546345219e348575eb80e9a0?s=96&d=mm&r=g\",\"contentUrl\":\"https:\\\/\\\/secure.gravatar.com\\\/avatar\\\/37d968a2e67a6fd04c169c4bdef102d0bc5d31b2546345219e348575eb80e9a0?s=96&d=mm&r=g\",\"caption\":\"redazione\"},\"sameAs\":[\"http:\\\/\\\/www.bellunopress.it\",\"https:\\\/\\\/x.com\\\/bellunopress\"],\"url\":\"https:\\\/\\\/www.bellunopress.it\\\/fr\\\/author\\\/redazione\\\/\"}]}<\/script>\n<!-- \/ Yoast SEO plugin. -->","yoast_head_json":{"title":"Chiusura d\u2019estate nel Cadore con lo spettacolo del mercato di qualit\u00e0 pi\u00f9 famoso d\u2019Italia - Bellunopress - Dolomiti","robots":{"index":"index","follow":"follow","max-snippet":"max-snippet:-1","max-image-preview":"max-image-preview:large","max-video-preview":"max-video-preview:-1"},"canonical":"https:\/\/www.bellunopress.it\/fr\/2026\/08\/24\/chiusura-destate-nel-cadore-con-lo-spettacolo-del-mercato-di-qualita-piu-famoso-ditalia\/","og_locale":"fr_FR","og_type":"article","og_title":"Chiusura d\u2019estate nel Cadore con lo spettacolo del mercato di qualit\u00e0 pi\u00f9 famoso d\u2019Italia - Bellunopress - Dolomiti","og_description":"Le mitiche boutique a cielo aperto de Gli Ambulanti di Forte dei Marmi\u00ae pronte al bis a Pieve e San Vito di Cadore nel fine settimana del 29 e 30 agosto Le Dolomiti bellunesi si preparano a vivere l\u2019ultimo, imperdibile scampolo d\u2019estate all\u2019insegna dello shopping di lusso accessibile e della grande tradizione artigianale. Dopo i [&hellip;]","og_url":"https:\/\/www.bellunopress.it\/fr\/2026\/08\/24\/chiusura-destate-nel-cadore-con-lo-spettacolo-del-mercato-di-qualita-piu-famoso-ditalia\/","og_site_name":"Bellunopress - Dolomiti","article_publisher":"https:\/\/www.facebook.com\/profile.php?id=100008943462799","article_published_time":"2026-08-24T03:42:14+00:00","og_image":[{"width":322,"height":500,"url":"https:\/\/www.bellunopress.it\/wp-content\/uploads\/2026\/08\/mercato-ambulanti-Forte-dei-Marmi.jpg","type":"image\/jpeg"}],"author":"redazione","twitter_card":"summary_large_image","twitter_creator":"@bellunopress","twitter_site":"@bellunopress","twitter_misc":{"\u00c9crit par":"redazione","Dur\u00e9e de lecture estim\u00e9e":"3 minutes"},"schema":{"@context":"https:\/\/schema.org","@graph":[{"@type":"Article","@id":"https:\/\/www.bellunopress.it\/2026\/08\/24\/chiusura-destate-nel-cadore-con-lo-spettacolo-del-mercato-di-qualita-piu-famoso-ditalia\/#article","isPartOf":{"@id":"https:\/\/www.bellunopress.it\/2026\/08\/24\/chiusura-destate-nel-cadore-con-lo-spettacolo-del-mercato-di-qualita-piu-famoso-ditalia\/"},"author":{"name":"redazione","@id":"https:\/\/www.bellunopress.it\/#\/schema\/person\/79bb06722b37ece1c03d3e94beb30d73"},"headline":"Chiusura d\u2019estate nel Cadore con lo spettacolo del mercato di qualit\u00e0 pi\u00f9 famoso d\u2019Italia","datePublished":"2026-08-24T03:42:14+00:00","mainEntityOfPage":{"@id":"https:\/\/www.bellunopress.it\/2026\/08\/24\/chiusura-destate-nel-cadore-con-lo-spettacolo-del-mercato-di-qualita-piu-famoso-ditalia\/"},"wordCount":485,"publisher":{"@id":"https:\/\/www.bellunopress.it\/#organization"},"image":{"@id":"https:\/\/www.bellunopress.it\/2026\/08\/24\/chiusura-destate-nel-cadore-con-lo-spettacolo-del-mercato-di-qualita-piu-famoso-ditalia\/#primaryimage"},"thumbnailUrl":"https:\/\/www.bellunopress.it\/wp-content\/uploads\/2026\/08\/mercato-ambulanti-Forte-dei-Marmi.jpg","articleSection":["Sport, tempo libero"],"inLanguage":"fr-FR"},{"@type":"WebPage","@id":"https:\/\/www.bellunopress.it\/2026\/08\/24\/chiusura-destate-nel-cadore-con-lo-spettacolo-del-mercato-di-qualita-piu-famoso-ditalia\/","url":"https:\/\/www.bellunopress.it\/2026\/08\/24\/chiusura-destate-nel-cadore-con-lo-spettacolo-del-mercato-di-qualita-piu-famoso-ditalia\/","name":"Chiusura d\u2019estate nel Cadore con lo spettacolo del mercato di qualit\u00e0 pi\u00f9 famoso d\u2019Italia - Bellunopress - Dolomiti","isPartOf":{"@id":"https:\/\/www.bellunopress.it\/#website"},"primaryImageOfPage":{"@id":"https:\/\/www.bellunopress.it\/2026\/08\/24\/chiusura-destate-nel-cadore-con-lo-spettacolo-del-mercato-di-qualita-piu-famoso-ditalia\/#primaryimage"},"image":{"@id":"https:\/\/www.bellunopress.it\/2026\/08\/24\/chiusura-destate-nel-cadore-con-lo-spettacolo-del-mercato-di-qualita-piu-famoso-ditalia\/#primaryimage"},"thumbnailUrl":"https:\/\/www.bellunopress.it\/wp-content\/uploads\/2026\/08\/mercato-ambulanti-Forte-dei-Marmi.jpg","datePublished":"2026-08-24T03:42:14+00:00","breadcrumb":{"@id":"https:\/\/www.bellunopress.it\/2026\/08\/24\/chiusura-destate-nel-cadore-con-lo-spettacolo-del-mercato-di-qualita-piu-famoso-ditalia\/#breadcrumb"},"inLanguage":"fr-FR","potentialAction":[{"@type":"ReadAction","target":["https:\/\/www.bellunopress.it\/2026\/08\/24\/chiusura-destate-nel-cadore-con-lo-spettacolo-del-mercato-di-qualita-piu-famoso-ditalia\/"]}]},{"@type":"ImageObject","inLanguage":"fr-FR","@id":"https:\/\/www.bellunopress.it\/2026\/08\/24\/chiusura-destate-nel-cadore-con-lo-spettacolo-del-mercato-di-qualita-piu-famoso-ditalia\/#primaryimage","url":"https:\/\/www.bellunopress.it\/wp-content\/uploads\/2026\/08\/mercato-ambulanti-Forte-dei-Marmi.jpg","contentUrl":"https:\/\/www.bellunopress.it\/wp-content\/uploads\/2026\/08\/mercato-ambulanti-Forte-dei-Marmi.jpg","width":322,"height":500},{"@type":"BreadcrumbList","@id":"https:\/\/www.bellunopress.it\/2026\/08\/24\/chiusura-destate-nel-cadore-con-lo-spettacolo-del-mercato-di-qualita-piu-famoso-ditalia\/#breadcrumb","itemListElement":[{"@type":"ListItem","position":1,"name":"Home","item":"https:\/\/www.bellunopress.it\/"},{"@type":"ListItem","position":2,"name":"Chiusura d\u2019estate nel Cadore con lo spettacolo del mercato di qualit\u00e0 pi\u00f9 famoso d\u2019Italia"}]},{"@type":"WebSite","@id":"https:\/\/www.bellunopress.it\/#website","url":"https:\/\/www.bellunopress.it\/","name":"Bellunopress - Dolomiti","description":"e-mail: redazione@bellunopress.it","publisher":{"@id":"https:\/\/www.bellunopress.it\/#organization"},"potentialAction":[{"@type":"SearchAction","target":{"@type":"EntryPoint","urlTemplate":"https:\/\/www.bellunopress.it\/?s={search_term_string}"},"query-input":{"@type":"PropertyValueSpecification","valueRequired":true,"valueName":"search_term_string"}}],"inLanguage":"fr-FR"},{"@type":"Organization","@id":"https:\/\/www.bellunopress.it\/#organization","name":"Bellunopress","url":"https:\/\/www.bellunopress.it\/","logo":{"@type":"ImageObject","inLanguage":"fr-FR","@id":"https:\/\/www.bellunopress.it\/#\/schema\/logo\/image\/","url":"https:\/\/www.bellunopress.it\/wp-content\/uploads\/2011\/05\/cropped-logo-bellunopress-.jpg","contentUrl":"https:\/\/www.bellunopress.it\/wp-content\/uploads\/2011\/05\/cropped-logo-bellunopress-.jpg","width":512,"height":512,"caption":"Bellunopress"},"image":{"@id":"https:\/\/www.bellunopress.it\/#\/schema\/logo\/image\/"},"sameAs":["https:\/\/www.facebook.com\/profile.php?id=100008943462799","https:\/\/x.com\/bellunopress","https:\/\/www.linkedin.com\/hp\/?dnr=JBzUWaJfMUw8vbXJJ2tVW5-I3jZKvC4wsoxE&amp;amp;amp;amp;amp;amp;trk=nav_responsive_tab_home","https:\/\/www.youtube.com\/channel\/UCxL0wu1uN0_3_7hGG0306cw"]},{"@type":"Person","@id":"https:\/\/www.bellunopress.it\/#\/schema\/person\/79bb06722b37ece1c03d3e94beb30d73","name":"r\u00e9daction","image":{"@type":"ImageObject","inLanguage":"fr-FR","@id":"https:\/\/secure.gravatar.com\/avatar\/37d968a2e67a6fd04c169c4bdef102d0bc5d31b2546345219e348575eb80e9a0?s=96&d=mm&r=g","url":"https:\/\/secure.gravatar.com\/avatar\/37d968a2e67a6fd04c169c4bdef102d0bc5d31b2546345219e348575eb80e9a0?s=96&d=mm&r=g","contentUrl":"https:\/\/secure.gravatar.com\/avatar\/37d968a2e67a6fd04c169c4bdef102d0bc5d31b2546345219e348575eb80e9a0?s=96&d=mm&r=g","caption":"redazione"},"sameAs":["http:\/\/www.bellunopress.it","https:\/\/x.com\/bellunopress"],"url":"https:\/\/www.bellunopress.it\/fr\/author\/redazione\/"}]}},"_links":{"self":[{"href":"https:\/\/www.bellunopress.it\/fr\/wp-json\/wp\/v2\/posts\/172840","targetHints":{"allow":["GET"]}}],"collection":[{"href":"https:\/\/www.bellunopress.it\/fr\/wp-json\/wp\/v2\/posts"}],"about":[{"href":"https:\/\/www.bellunopress.it\/fr\/wp-json\/wp\/v2\/types\/post"}],"author":[{"embeddable":true,"href":"https:\/\/www.bellunopress.it\/fr\/wp-json\/wp\/v2\/users\/2"}],"replies":[{"embeddable":true,"href":"https:\/\/www.bellunopress.it\/fr\/wp-json\/wp\/v2\/comments?post=172840"}],"version-history":[{"count":1,"href":"https:\/\/www.bellunopress.it\/fr\/wp-json\/wp\/v2\/posts\/172840\/revisions"}],"predecessor-version":[{"id":172842,"href":"https:\/\/www.bellunopress.it\/fr\/wp-json\/wp\/v2\/posts\/172840\/revisions\/172842"}],"wp:featuredmedia":[{"embeddable":true,"href":"https:\/\/www.bellunopress.it\/fr\/wp-json\/wp\/v2\/media\/172841"}],"wp:attachment":[{"href":"https:\/\/www.bellunopress.it\/fr\/wp-json\/wp\/v2\/media?parent=172840"}],"wp:term":[{"taxonomy":"category","embeddable":true,"href":"https:\/\/www.bellunopress.it\/fr\/wp-json\/wp\/v2\/categories?post=172840"},{"taxonomy":"post_tag","embeddable":true,"href":"https:\/\/www.bellunopress.it\/fr\/wp-json\/wp\/v2\/tags?post=172840"}],"curies":[{"name":"wp","href":"https:\/\/api.w.org\/{rel}","templated":true}]}}