{"id":172835,"date":"2026-08-23T13:09:27","date_gmt":"2026-08-23T11:09:27","guid":{"rendered":"https:\/\/www.bellunopress.it\/?p=172835"},"modified":"2026-08-23T13:09:27","modified_gmt":"2026-08-23T11:09:27","slug":"fuga-di-cervelli-i-dati-della-cgia-e-la-sfida-per-il-futuro-della-montagna-bellunese","status":"publish","type":"post","link":"https:\/\/www.bellunopress.it\/fr\/2026\/08\/23\/fuga-di-cervelli-i-dati-della-cgia-e-la-sfida-per-il-futuro-della-montagna-bellunese\/","title":{"rendered":"Fuga di cervelli: i dati della CGIA e la sfida per il futuro della montagna bellunese"},"content":{"rendered":"<p><span style=\"font-weight: 400;\">Negli ultimi anni il dibattito pubblico sul futuro dei giovani italiani \u00e8 stato dominato dalla narrazione ininterrotta della cosiddetta &#8220;fuga di cervelli&#8221;. Tuttavia, i dati diffusi dalla CGIA di Mestre offrono una prospettiva ben diversa, ridimensionando i luoghi comuni e invitando a una lettura pi\u00f9 articolata del fenomeno. A partire da questi dati, il senatore bellunese di Fratelli d\u2019Italia Luca De Carlo, presidente della Nona Commissione del Senato, ha rilanciato il dibattito estendendo l\u2019analisi alle specificit\u00e0 dei territori montani come il Bellunese.<\/span><\/p>\n<h2><b>I dati nazionali: un saldo migratorio complessivo in positivo<\/b><\/h2>\n<p><span style=\"font-weight: 400;\">I numeri parlano chiaro: tra il 2019 e il 2024, il saldo migratorio estero complessivo dei laureati tra i 25 e i 34 anni in Italia ha registrato un valore positivo, pari a <\/span>+9.593 unit\u00e0<span style=\"font-weight: 400;\">. Questo risultato nasce dalla differenza tra l\u2019ingresso nel Paese di giovani laureati stranieri e l\u2019uscita di connazionali.<\/span><\/p>\n<p><span style=\"font-weight: 400;\">Analizzando l\u2019incidenza percentuale sul totale della popolazione di riferimento (circa 1,8 milioni di giovani laureati in Italia tra i 25 e i 34 anni), nel 2024 solo l\u2019<\/span><b>1,1%<\/b><span style=\"font-weight: 400;\"> ha scelto di trasferirsi stabilmente all\u2019estero (poco meno di 21 mila persone). Se si allarga invece lo sguardo all\u2019intera popolazione della stessa fascia d\u2019et\u00e0 (5,2 milioni di giovani), la percentuale di laureati emigrati scende allo <\/span><b>0,4%<\/b><span style=\"font-weight: 400;\">.<\/span><\/p>\n<p><i><span style=\"font-weight: 400;\">\u201cI numeri smentiscono l\u2019abbandono dell\u2019Italia da parte dei giovani laureati, e anzi illustrano perfettamente le nuove dinamiche lavorative che vedono prima una fase di esperienza all\u2019estero e poi il ritorno a casa\u201d<\/span><\/i><span style=\"font-weight: 400;\">, analizza il senatore <\/span>Luca De Carlo<span style=\"font-weight: 400;\">. <\/span><i><span style=\"font-weight: 400;\">\u201cNon solo: questi numeri ci dicono anche che l\u2019Italia \u00e8 attrattiva per molti laureati stranieri\u201d<\/span><\/i><span style=\"font-weight: 400;\">.<\/span><\/p>\n<h2><b>Il contesto locale: la specificit\u00e0 e le sfide del Bellunese<\/b><\/h2>\n<p><span style=\"font-weight: 400;\">Se il quadro nazionale mostra luci e ombre che si bilanciano, trasportare l&#8217;analisi a livello territoriale \u2013 in particolare nelle province montane come il Bellunese e in generale nel Veneto \u2013 apre a considerazioni di carattere strutturale. In queste aree, dove la disoccupazione \u00e8 ormai scesa sotto i livelli fisiologici con performance nettamente superiori alla media nazionale, la vera criticit\u00e0 non \u00e8 pi\u00f9 la quantit\u00e0 di posti di lavoro disponibili, bens\u00ec la loro <\/span>qualit\u00e0 e attrattivit\u00e0<span style=\"font-weight: 400;\"> per i profili ad alta specializzazione.<\/span><\/p>\n<p><span style=\"font-weight: 400;\">Il territorio bellunese si trova a fronteggiare una duplice sfida:<\/span><\/p>\n<ul>\n<li style=\"font-weight: 400;\" aria-level=\"1\">La tenuta demografica:<span style=\"font-weight: 400;\"> In un contesto di progressivo invecchiamento e di ristrettezza numerica della fascia giovanile, la perdita anche di poche decine di laureati specializzati pesa enormemente sul tessuto sociale ed economico locale.<\/span><\/li>\n<li style=\"font-weight: 400;\" aria-level=\"1\">Il rischio di sotto-occupazione intellettuale:<span style=\"font-weight: 400;\"> I giovani con percorsi universitari avanzati (tecnico-scientifici, economici o umanistici) faticano talvolta a trovare sul territorio sbocchi professionali pienamente coerenti con le proprie competenze, finendo per cercare opportunit\u00e0 nei grandi hub urbani o fuori dai confini nazionali.<\/span><\/li>\n<\/ul>\n<h2><b>Puntare sull&#8217;innovazione per far tornare e restare i giovani<\/b><\/h2>\n<p><span style=\"font-weight: 400;\">Per invertire la rotta e fare in modo che la montagna non sia solo terra di partenza o di sola economia turistica stagionale, secondo l&#8217;analisi di De Carlo \u00e8 necessario ripensare radicalmente il modello produttivo locale:<\/span><\/p>\n<ol>\n<li style=\"font-weight: 400;\" aria-level=\"1\">Innovazione nei settori tradizionali:<span style=\"font-weight: 400;\"> Non si pu\u00f2 pensare di far avanzare l&#8217;economia con gli strumenti del secolo scorso. Un esempio emblematico \u00e8 l&#8217;agricoltura, dove l&#8217;introduzione di tecnologie avanzate come i droni per l&#8217;agricoltura di precisione o la sperimentazione delle TEA (Tecniche di Evoluzione Assistita) rende il settore competitivo e attrattivo per i giovani tecnici. Lo stesso vale per la valorizzazione di una filiera del legno moderna e tecnologica, in un Paese che vanta una grandissima copertura boschiva ma che importa ancora l&#8217;80% del legname lavorato.<\/span><\/li>\n<li style=\"font-weight: 400;\" aria-level=\"1\">La leva dei grandi eventi e del terziario avanzato:<span style=\"font-weight: 400;\"> L&#8217;eredit\u00e0 di grandi appuntamenti e della vocazione internazionale del territorio (fortemente accelerata anche dalla prospettiva olimpica) deve tradursi in una crescita stabile delle competenze manageriali, digitali e organizzative.<\/span><\/li>\n<\/ol>\n<p><i><span style=\"font-weight: 400;\">\u201cPer far tornare i giovani, per far s\u00ec che vogliano tornare, devono trovare gli stimoli giusti, e sta a noi preparare il terreno giusto per accoglierli\u201d<\/span><\/i><span style=\"font-weight: 400;\">, conclude De Carlo. <\/span><i><span style=\"font-weight: 400;\">\u201cLe esperienze all\u2019estero sono fondamentali per aprire la mente, ma per trattenerli e richiamarli non bastano le promesse: servono lavori qualificanti, stimolanti e attrattivi, arricchiti dall&#8217;innovazione, dalla tecnologia e dal bagaglio di conoscenze che i nostri ragazzi maturano fuori dai confini per poterlo poi &#8216;investire&#8217; nei loro territori d\u2019origine\u201d<\/span><\/i><span style=\"font-weight: 400;\">.<\/span><\/p>","protected":false},"excerpt":{"rendered":"<p>Negli ultimi anni il dibattito pubblico sul futuro dei giovani italiani \u00e8 stato dominato dalla narrazione ininterrotta della cosiddetta &#8220;fuga di cervelli&#8221;. Tuttavia, i dati diffusi dalla CGIA di Mestre offrono una prospettiva ben diversa, ridimensionando i luoghi comuni e invitando a una lettura pi\u00f9 articolata del fenomeno. A partire da questi dati, il senatore [&hellip;]<\/p>\n","protected":false},"author":2,"featured_media":166734,"comment_status":"closed","ping_status":"open","sticky":false,"template":"","format":"standard","meta":{"footnotes":""},"categories":[5,36],"tags":[],"class_list":["post-172835","post","type-post","status-publish","format-standard","has-post-thumbnail","category-cronaca","category-lavoro-economia"],"yoast_head":"<!-- This site is optimized with the Yoast SEO plugin v28.4 - https:\/\/yoast.com\/product\/yoast-seo-wordpress\/ -->\n<title>Fuga di cervelli: i dati della CGIA e la sfida per il futuro della montagna bellunese - Bellunopress - Dolomiti<\/title>\n<meta name=\"robots\" content=\"index, follow, max-snippet:-1, max-image-preview:large, max-video-preview:-1\" \/>\n<link rel=\"canonical\" href=\"https:\/\/www.bellunopress.it\/fr\/2026\/08\/23\/fuga-di-cervelli-i-dati-della-cgia-e-la-sfida-per-il-futuro-della-montagna-bellunese\/\" \/>\n<meta property=\"og:locale\" content=\"fr_FR\" \/>\n<meta property=\"og:type\" content=\"article\" \/>\n<meta property=\"og:title\" content=\"Fuga di cervelli: i dati della CGIA e la sfida per il futuro della montagna bellunese - Bellunopress - Dolomiti\" \/>\n<meta property=\"og:description\" content=\"Negli ultimi anni il dibattito pubblico sul futuro dei giovani italiani \u00e8 stato dominato dalla narrazione ininterrotta della cosiddetta &#8220;fuga di cervelli&#8221;. Tuttavia, i dati diffusi dalla CGIA di Mestre offrono una prospettiva ben diversa, ridimensionando i luoghi comuni e invitando a una lettura pi\u00f9 articolata del fenomeno. A partire da questi dati, il senatore [&hellip;]\" \/>\n<meta property=\"og:url\" content=\"https:\/\/www.bellunopress.it\/fr\/2026\/08\/23\/fuga-di-cervelli-i-dati-della-cgia-e-la-sfida-per-il-futuro-della-montagna-bellunese\/\" \/>\n<meta property=\"og:site_name\" content=\"Bellunopress - Dolomiti\" \/>\n<meta property=\"article:publisher\" content=\"https:\/\/www.facebook.com\/profile.php?id=100008943462799\" \/>\n<meta property=\"article:published_time\" content=\"2026-08-23T11:09:27+00:00\" \/>\n<meta property=\"og:image\" content=\"https:\/\/www.bellunopress.it\/wp-content\/uploads\/2026\/01\/Luca-De-Carlo-senatore.jpeg\" \/>\n\t<meta property=\"og:image:width\" content=\"600\" \/>\n\t<meta property=\"og:image:height\" content=\"567\" \/>\n\t<meta property=\"og:image:type\" content=\"image\/jpeg\" \/>\n<meta name=\"author\" content=\"redazione\" \/>\n<meta name=\"twitter:card\" content=\"summary_large_image\" \/>\n<meta name=\"twitter:creator\" content=\"@bellunopress\" \/>\n<meta name=\"twitter:site\" content=\"@bellunopress\" \/>\n<meta name=\"twitter:label1\" content=\"Written by\" \/>\n\t<meta name=\"twitter:data1\" content=\"redazione\" \/>\n\t<meta name=\"twitter:label2\" content=\"Est. reading time\" \/>\n\t<meta name=\"twitter:data2\" content=\"4 minutes\" \/>\n<script type=\"application\/ld+json\" class=\"yoast-schema-graph\">{\"@context\":\"https:\\\/\\\/schema.org\",\"@graph\":[{\"@type\":\"Article\",\"@id\":\"https:\\\/\\\/www.bellunopress.it\\\/2026\\\/08\\\/23\\\/fuga-di-cervelli-i-dati-della-cgia-e-la-sfida-per-il-futuro-della-montagna-bellunese\\\/#article\",\"isPartOf\":{\"@id\":\"https:\\\/\\\/www.bellunopress.it\\\/2026\\\/08\\\/23\\\/fuga-di-cervelli-i-dati-della-cgia-e-la-sfida-per-il-futuro-della-montagna-bellunese\\\/\"},\"author\":{\"name\":\"redazione\",\"@id\":\"https:\\\/\\\/www.bellunopress.it\\\/#\\\/schema\\\/person\\\/79bb06722b37ece1c03d3e94beb30d73\"},\"headline\":\"Fuga di cervelli: i dati della CGIA e la sfida per il futuro della montagna bellunese\",\"datePublished\":\"2026-08-23T11:09:27+00:00\",\"mainEntityOfPage\":{\"@id\":\"https:\\\/\\\/www.bellunopress.it\\\/2026\\\/08\\\/23\\\/fuga-di-cervelli-i-dati-della-cgia-e-la-sfida-per-il-futuro-della-montagna-bellunese\\\/\"},\"wordCount\":701,\"publisher\":{\"@id\":\"https:\\\/\\\/www.bellunopress.it\\\/#organization\"},\"image\":{\"@id\":\"https:\\\/\\\/www.bellunopress.it\\\/2026\\\/08\\\/23\\\/fuga-di-cervelli-i-dati-della-cgia-e-la-sfida-per-il-futuro-della-montagna-bellunese\\\/#primaryimage\"},\"thumbnailUrl\":\"https:\\\/\\\/www.bellunopress.it\\\/wp-content\\\/uploads\\\/2026\\\/01\\\/Luca-De-Carlo-senatore.jpeg\",\"articleSection\":[\"Cronaca\\\/Politica\",\"Lavoro, Economia, Turismo\"],\"inLanguage\":\"fr-FR\"},{\"@type\":\"WebPage\",\"@id\":\"https:\\\/\\\/www.bellunopress.it\\\/2026\\\/08\\\/23\\\/fuga-di-cervelli-i-dati-della-cgia-e-la-sfida-per-il-futuro-della-montagna-bellunese\\\/\",\"url\":\"https:\\\/\\\/www.bellunopress.it\\\/2026\\\/08\\\/23\\\/fuga-di-cervelli-i-dati-della-cgia-e-la-sfida-per-il-futuro-della-montagna-bellunese\\\/\",\"name\":\"Fuga di cervelli: i dati della CGIA e la sfida per il futuro della montagna bellunese - Bellunopress - Dolomiti\",\"isPartOf\":{\"@id\":\"https:\\\/\\\/www.bellunopress.it\\\/#website\"},\"primaryImageOfPage\":{\"@id\":\"https:\\\/\\\/www.bellunopress.it\\\/2026\\\/08\\\/23\\\/fuga-di-cervelli-i-dati-della-cgia-e-la-sfida-per-il-futuro-della-montagna-bellunese\\\/#primaryimage\"},\"image\":{\"@id\":\"https:\\\/\\\/www.bellunopress.it\\\/2026\\\/08\\\/23\\\/fuga-di-cervelli-i-dati-della-cgia-e-la-sfida-per-il-futuro-della-montagna-bellunese\\\/#primaryimage\"},\"thumbnailUrl\":\"https:\\\/\\\/www.bellunopress.it\\\/wp-content\\\/uploads\\\/2026\\\/01\\\/Luca-De-Carlo-senatore.jpeg\",\"datePublished\":\"2026-08-23T11:09:27+00:00\",\"breadcrumb\":{\"@id\":\"https:\\\/\\\/www.bellunopress.it\\\/2026\\\/08\\\/23\\\/fuga-di-cervelli-i-dati-della-cgia-e-la-sfida-per-il-futuro-della-montagna-bellunese\\\/#breadcrumb\"},\"inLanguage\":\"fr-FR\",\"potentialAction\":[{\"@type\":\"ReadAction\",\"target\":[\"https:\\\/\\\/www.bellunopress.it\\\/2026\\\/08\\\/23\\\/fuga-di-cervelli-i-dati-della-cgia-e-la-sfida-per-il-futuro-della-montagna-bellunese\\\/\"]}]},{\"@type\":\"ImageObject\",\"inLanguage\":\"fr-FR\",\"@id\":\"https:\\\/\\\/www.bellunopress.it\\\/2026\\\/08\\\/23\\\/fuga-di-cervelli-i-dati-della-cgia-e-la-sfida-per-il-futuro-della-montagna-bellunese\\\/#primaryimage\",\"url\":\"https:\\\/\\\/www.bellunopress.it\\\/wp-content\\\/uploads\\\/2026\\\/01\\\/Luca-De-Carlo-senatore.jpeg\",\"contentUrl\":\"https:\\\/\\\/www.bellunopress.it\\\/wp-content\\\/uploads\\\/2026\\\/01\\\/Luca-De-Carlo-senatore.jpeg\",\"width\":600,\"height\":567,\"caption\":\"Luca De Carlo - Senatore\"},{\"@type\":\"BreadcrumbList\",\"@id\":\"https:\\\/\\\/www.bellunopress.it\\\/2026\\\/08\\\/23\\\/fuga-di-cervelli-i-dati-della-cgia-e-la-sfida-per-il-futuro-della-montagna-bellunese\\\/#breadcrumb\",\"itemListElement\":[{\"@type\":\"ListItem\",\"position\":1,\"name\":\"Home\",\"item\":\"https:\\\/\\\/www.bellunopress.it\\\/\"},{\"@type\":\"ListItem\",\"position\":2,\"name\":\"Fuga di cervelli: i dati della CGIA e la sfida per il futuro della montagna bellunese\"}]},{\"@type\":\"WebSite\",\"@id\":\"https:\\\/\\\/www.bellunopress.it\\\/#website\",\"url\":\"https:\\\/\\\/www.bellunopress.it\\\/\",\"name\":\"Bellunopress - Dolomiti\",\"description\":\"e-mail: redazione@bellunopress.it\",\"publisher\":{\"@id\":\"https:\\\/\\\/www.bellunopress.it\\\/#organization\"},\"potentialAction\":[{\"@type\":\"SearchAction\",\"target\":{\"@type\":\"EntryPoint\",\"urlTemplate\":\"https:\\\/\\\/www.bellunopress.it\\\/?s={search_term_string}\"},\"query-input\":{\"@type\":\"PropertyValueSpecification\",\"valueRequired\":true,\"valueName\":\"search_term_string\"}}],\"inLanguage\":\"fr-FR\"},{\"@type\":\"Organization\",\"@id\":\"https:\\\/\\\/www.bellunopress.it\\\/#organization\",\"name\":\"Bellunopress\",\"url\":\"https:\\\/\\\/www.bellunopress.it\\\/\",\"logo\":{\"@type\":\"ImageObject\",\"inLanguage\":\"fr-FR\",\"@id\":\"https:\\\/\\\/www.bellunopress.it\\\/#\\\/schema\\\/logo\\\/image\\\/\",\"url\":\"https:\\\/\\\/www.bellunopress.it\\\/wp-content\\\/uploads\\\/2011\\\/05\\\/cropped-logo-bellunopress-.jpg\",\"contentUrl\":\"https:\\\/\\\/www.bellunopress.it\\\/wp-content\\\/uploads\\\/2011\\\/05\\\/cropped-logo-bellunopress-.jpg\",\"width\":512,\"height\":512,\"caption\":\"Bellunopress\"},\"image\":{\"@id\":\"https:\\\/\\\/www.bellunopress.it\\\/#\\\/schema\\\/logo\\\/image\\\/\"},\"sameAs\":[\"https:\\\/\\\/www.facebook.com\\\/profile.php?id=100008943462799\",\"https:\\\/\\\/x.com\\\/bellunopress\",\"https:\\\/\\\/www.linkedin.com\\\/hp\\\/?dnr=JBzUWaJfMUw8vbXJJ2tVW5-I3jZKvC4wsoxE&amp;amp;amp;amp;amp;amp;trk=nav_responsive_tab_home\",\"https:\\\/\\\/www.youtube.com\\\/channel\\\/UCxL0wu1uN0_3_7hGG0306cw\"]},{\"@type\":\"Person\",\"@id\":\"https:\\\/\\\/www.bellunopress.it\\\/#\\\/schema\\\/person\\\/79bb06722b37ece1c03d3e94beb30d73\",\"name\":\"redazione\",\"image\":{\"@type\":\"ImageObject\",\"inLanguage\":\"fr-FR\",\"@id\":\"https:\\\/\\\/secure.gravatar.com\\\/avatar\\\/37d968a2e67a6fd04c169c4bdef102d0bc5d31b2546345219e348575eb80e9a0?s=96&d=mm&r=g\",\"url\":\"https:\\\/\\\/secure.gravatar.com\\\/avatar\\\/37d968a2e67a6fd04c169c4bdef102d0bc5d31b2546345219e348575eb80e9a0?s=96&d=mm&r=g\",\"contentUrl\":\"https:\\\/\\\/secure.gravatar.com\\\/avatar\\\/37d968a2e67a6fd04c169c4bdef102d0bc5d31b2546345219e348575eb80e9a0?s=96&d=mm&r=g\",\"caption\":\"redazione\"},\"sameAs\":[\"http:\\\/\\\/www.bellunopress.it\",\"https:\\\/\\\/x.com\\\/bellunopress\"],\"url\":\"https:\\\/\\\/www.bellunopress.it\\\/fr\\\/author\\\/redazione\\\/\"}]}<\/script>\n<!-- \/ Yoast SEO plugin. -->","yoast_head_json":{"title":"Fuga di cervelli: i dati della CGIA e la sfida per il futuro della montagna bellunese - Bellunopress - Dolomiti","robots":{"index":"index","follow":"follow","max-snippet":"max-snippet:-1","max-image-preview":"max-image-preview:large","max-video-preview":"max-video-preview:-1"},"canonical":"https:\/\/www.bellunopress.it\/fr\/2026\/08\/23\/fuga-di-cervelli-i-dati-della-cgia-e-la-sfida-per-il-futuro-della-montagna-bellunese\/","og_locale":"fr_FR","og_type":"article","og_title":"Fuga di cervelli: i dati della CGIA e la sfida per il futuro della montagna bellunese - Bellunopress - Dolomiti","og_description":"Negli ultimi anni il dibattito pubblico sul futuro dei giovani italiani \u00e8 stato dominato dalla narrazione ininterrotta della cosiddetta &#8220;fuga di cervelli&#8221;. Tuttavia, i dati diffusi dalla CGIA di Mestre offrono una prospettiva ben diversa, ridimensionando i luoghi comuni e invitando a una lettura pi\u00f9 articolata del fenomeno. A partire da questi dati, il senatore [&hellip;]","og_url":"https:\/\/www.bellunopress.it\/fr\/2026\/08\/23\/fuga-di-cervelli-i-dati-della-cgia-e-la-sfida-per-il-futuro-della-montagna-bellunese\/","og_site_name":"Bellunopress - Dolomiti","article_publisher":"https:\/\/www.facebook.com\/profile.php?id=100008943462799","article_published_time":"2026-08-23T11:09:27+00:00","og_image":[{"width":600,"height":567,"url":"https:\/\/www.bellunopress.it\/wp-content\/uploads\/2026\/01\/Luca-De-Carlo-senatore.jpeg","type":"image\/jpeg"}],"author":"redazione","twitter_card":"summary_large_image","twitter_creator":"@bellunopress","twitter_site":"@bellunopress","twitter_misc":{"Written by":"redazione","Est. reading time":"4 minutes"},"schema":{"@context":"https:\/\/schema.org","@graph":[{"@type":"Article","@id":"https:\/\/www.bellunopress.it\/2026\/08\/23\/fuga-di-cervelli-i-dati-della-cgia-e-la-sfida-per-il-futuro-della-montagna-bellunese\/#article","isPartOf":{"@id":"https:\/\/www.bellunopress.it\/2026\/08\/23\/fuga-di-cervelli-i-dati-della-cgia-e-la-sfida-per-il-futuro-della-montagna-bellunese\/"},"author":{"name":"redazione","@id":"https:\/\/www.bellunopress.it\/#\/schema\/person\/79bb06722b37ece1c03d3e94beb30d73"},"headline":"Fuga di cervelli: i dati della CGIA e la sfida per il futuro della montagna bellunese","datePublished":"2026-08-23T11:09:27+00:00","mainEntityOfPage":{"@id":"https:\/\/www.bellunopress.it\/2026\/08\/23\/fuga-di-cervelli-i-dati-della-cgia-e-la-sfida-per-il-futuro-della-montagna-bellunese\/"},"wordCount":701,"publisher":{"@id":"https:\/\/www.bellunopress.it\/#organization"},"image":{"@id":"https:\/\/www.bellunopress.it\/2026\/08\/23\/fuga-di-cervelli-i-dati-della-cgia-e-la-sfida-per-il-futuro-della-montagna-bellunese\/#primaryimage"},"thumbnailUrl":"https:\/\/www.bellunopress.it\/wp-content\/uploads\/2026\/01\/Luca-De-Carlo-senatore.jpeg","articleSection":["Cronaca\/Politica","Lavoro, Economia, Turismo"],"inLanguage":"fr-FR"},{"@type":"WebPage","@id":"https:\/\/www.bellunopress.it\/2026\/08\/23\/fuga-di-cervelli-i-dati-della-cgia-e-la-sfida-per-il-futuro-della-montagna-bellunese\/","url":"https:\/\/www.bellunopress.it\/2026\/08\/23\/fuga-di-cervelli-i-dati-della-cgia-e-la-sfida-per-il-futuro-della-montagna-bellunese\/","name":"Fuga di cervelli: i dati della CGIA e la sfida per il futuro della montagna bellunese - Bellunopress - Dolomiti","isPartOf":{"@id":"https:\/\/www.bellunopress.it\/#website"},"primaryImageOfPage":{"@id":"https:\/\/www.bellunopress.it\/2026\/08\/23\/fuga-di-cervelli-i-dati-della-cgia-e-la-sfida-per-il-futuro-della-montagna-bellunese\/#primaryimage"},"image":{"@id":"https:\/\/www.bellunopress.it\/2026\/08\/23\/fuga-di-cervelli-i-dati-della-cgia-e-la-sfida-per-il-futuro-della-montagna-bellunese\/#primaryimage"},"thumbnailUrl":"https:\/\/www.bellunopress.it\/wp-content\/uploads\/2026\/01\/Luca-De-Carlo-senatore.jpeg","datePublished":"2026-08-23T11:09:27+00:00","breadcrumb":{"@id":"https:\/\/www.bellunopress.it\/2026\/08\/23\/fuga-di-cervelli-i-dati-della-cgia-e-la-sfida-per-il-futuro-della-montagna-bellunese\/#breadcrumb"},"inLanguage":"fr-FR","potentialAction":[{"@type":"ReadAction","target":["https:\/\/www.bellunopress.it\/2026\/08\/23\/fuga-di-cervelli-i-dati-della-cgia-e-la-sfida-per-il-futuro-della-montagna-bellunese\/"]}]},{"@type":"ImageObject","inLanguage":"fr-FR","@id":"https:\/\/www.bellunopress.it\/2026\/08\/23\/fuga-di-cervelli-i-dati-della-cgia-e-la-sfida-per-il-futuro-della-montagna-bellunese\/#primaryimage","url":"https:\/\/www.bellunopress.it\/wp-content\/uploads\/2026\/01\/Luca-De-Carlo-senatore.jpeg","contentUrl":"https:\/\/www.bellunopress.it\/wp-content\/uploads\/2026\/01\/Luca-De-Carlo-senatore.jpeg","width":600,"height":567,"caption":"Luca De Carlo - Senatore"},{"@type":"BreadcrumbList","@id":"https:\/\/www.bellunopress.it\/2026\/08\/23\/fuga-di-cervelli-i-dati-della-cgia-e-la-sfida-per-il-futuro-della-montagna-bellunese\/#breadcrumb","itemListElement":[{"@type":"ListItem","position":1,"name":"Home","item":"https:\/\/www.bellunopress.it\/"},{"@type":"ListItem","position":2,"name":"Fuga di cervelli: i dati della CGIA e la sfida per il futuro della montagna bellunese"}]},{"@type":"WebSite","@id":"https:\/\/www.bellunopress.it\/#website","url":"https:\/\/www.bellunopress.it\/","name":"Bellunopress - Dolomiti","description":"e-mail: redazione@bellunopress.it","publisher":{"@id":"https:\/\/www.bellunopress.it\/#organization"},"potentialAction":[{"@type":"SearchAction","target":{"@type":"EntryPoint","urlTemplate":"https:\/\/www.bellunopress.it\/?s={search_term_string}"},"query-input":{"@type":"PropertyValueSpecification","valueRequired":true,"valueName":"search_term_string"}}],"inLanguage":"fr-FR"},{"@type":"Organization","@id":"https:\/\/www.bellunopress.it\/#organization","name":"Bellunopress","url":"https:\/\/www.bellunopress.it\/","logo":{"@type":"ImageObject","inLanguage":"fr-FR","@id":"https:\/\/www.bellunopress.it\/#\/schema\/logo\/image\/","url":"https:\/\/www.bellunopress.it\/wp-content\/uploads\/2011\/05\/cropped-logo-bellunopress-.jpg","contentUrl":"https:\/\/www.bellunopress.it\/wp-content\/uploads\/2011\/05\/cropped-logo-bellunopress-.jpg","width":512,"height":512,"caption":"Bellunopress"},"image":{"@id":"https:\/\/www.bellunopress.it\/#\/schema\/logo\/image\/"},"sameAs":["https:\/\/www.facebook.com\/profile.php?id=100008943462799","https:\/\/x.com\/bellunopress","https:\/\/www.linkedin.com\/hp\/?dnr=JBzUWaJfMUw8vbXJJ2tVW5-I3jZKvC4wsoxE&amp;amp;amp;amp;amp;amp;trk=nav_responsive_tab_home","https:\/\/www.youtube.com\/channel\/UCxL0wu1uN0_3_7hGG0306cw"]},{"@type":"Person","@id":"https:\/\/www.bellunopress.it\/#\/schema\/person\/79bb06722b37ece1c03d3e94beb30d73","name":"r\u00e9daction","image":{"@type":"ImageObject","inLanguage":"fr-FR","@id":"https:\/\/secure.gravatar.com\/avatar\/37d968a2e67a6fd04c169c4bdef102d0bc5d31b2546345219e348575eb80e9a0?s=96&d=mm&r=g","url":"https:\/\/secure.gravatar.com\/avatar\/37d968a2e67a6fd04c169c4bdef102d0bc5d31b2546345219e348575eb80e9a0?s=96&d=mm&r=g","contentUrl":"https:\/\/secure.gravatar.com\/avatar\/37d968a2e67a6fd04c169c4bdef102d0bc5d31b2546345219e348575eb80e9a0?s=96&d=mm&r=g","caption":"redazione"},"sameAs":["http:\/\/www.bellunopress.it","https:\/\/x.com\/bellunopress"],"url":"https:\/\/www.bellunopress.it\/fr\/author\/redazione\/"}]}},"_links":{"self":[{"href":"https:\/\/www.bellunopress.it\/fr\/wp-json\/wp\/v2\/posts\/172835","targetHints":{"allow":["GET"]}}],"collection":[{"href":"https:\/\/www.bellunopress.it\/fr\/wp-json\/wp\/v2\/posts"}],"about":[{"href":"https:\/\/www.bellunopress.it\/fr\/wp-json\/wp\/v2\/types\/post"}],"author":[{"embeddable":true,"href":"https:\/\/www.bellunopress.it\/fr\/wp-json\/wp\/v2\/users\/2"}],"replies":[{"embeddable":true,"href":"https:\/\/www.bellunopress.it\/fr\/wp-json\/wp\/v2\/comments?post=172835"}],"version-history":[{"count":1,"href":"https:\/\/www.bellunopress.it\/fr\/wp-json\/wp\/v2\/posts\/172835\/revisions"}],"predecessor-version":[{"id":172836,"href":"https:\/\/www.bellunopress.it\/fr\/wp-json\/wp\/v2\/posts\/172835\/revisions\/172836"}],"wp:featuredmedia":[{"embeddable":true,"href":"https:\/\/www.bellunopress.it\/fr\/wp-json\/wp\/v2\/media\/166734"}],"wp:attachment":[{"href":"https:\/\/www.bellunopress.it\/fr\/wp-json\/wp\/v2\/media?parent=172835"}],"wp:term":[{"taxonomy":"category","embeddable":true,"href":"https:\/\/www.bellunopress.it\/fr\/wp-json\/wp\/v2\/categories?post=172835"},{"taxonomy":"post_tag","embeddable":true,"href":"https:\/\/www.bellunopress.it\/fr\/wp-json\/wp\/v2\/tags?post=172835"}],"curies":[{"name":"wp","href":"https:\/\/api.w.org\/{rel}","templated":true}]}}