{"id":172833,"date":"2026-08-23T11:37:51","date_gmt":"2026-08-23T09:37:51","guid":{"rendered":"https:\/\/www.bellunopress.it\/?p=172833"},"modified":"2026-08-23T11:37:51","modified_gmt":"2026-08-23T09:37:51","slug":"orsera-in-val-canzoi-28-mln-dal-fondo-comuni-confinanti-per-la-rinascita-dellarea","status":"publish","type":"post","link":"https:\/\/www.bellunopress.it\/fr\/2026\/08\/23\/orsera-in-val-canzoi-28-mln-dal-fondo-comuni-confinanti-per-la-rinascita-dellarea\/","title":{"rendered":"Orsera in Val Canzoi: 2,8 mln dal Fondo Comuni Confinanti per la rinascita dell\u2019area"},"content":{"rendered":"<p><strong>\u00a0Bond: \u201cRidiamo vita a luogo chiave per il turismo dell\u2019area e del Bellunese\u201d<\/strong><\/p>\n<p>Venezia, 23 agosto 2026 &#8211;\u00a0Un investimento complessivo di 2,8 milioni di euro per recuperare e rilanciare il fabbricato ricettivo e turistico di Orsera, in Val Canzoi, nel comune di Cesiomaggiore. E\u2019 questo l\u2019obiettivo della Convenzione sottoscritta nell\u2019ambito del Fondo Comuni Confinanti, che finanzia integralmente l\u2019intervento attraverso 1,2 milioni di euro gi\u00e0 previsti dalla programmazione 2019-2024 e ulteriori 1,6 milioni di euro di risorse integrative della programmazione 2019-2027.<\/p>\n<p>\u201cCon questo intervento \u2013 sottolinea Dario Bond, presidente del Fondo Comuni Confinanti e assessore regionale alla Montagna &#8211; il Fondo contribuisce a restituire una funzione e una prospettiva a un luogo che appartiene alla memoria della Valle e che pu\u00f2 tornare a essere un punto di riferimento per residenti, escursionisti e visitatori. Orsera \u00e8 da sempre un luogo di incontro, ristoro e partenza per vivere la montagna. Oggi abbiamo l\u2019opportunit\u00e0 di farlo rinascere, adeguandolo alle esigenze attuali e inserendolo in una strategia pi\u00f9 ampia di valorizzazione turistica del territorio\u201d.<\/p>\n<figure id=\"attachment_149205\" aria-describedby=\"caption-attachment-149205\" style=\"width: 1000px\" class=\"wp-caption aligncenter\"><img loading=\"lazy\" decoding=\"async\" class=\"size-full wp-image-149205\" src=\"https:\/\/www.bellunopress.it\/wp-content\/uploads\/2024\/03\/Locazione_turistica_ValCanzoi-Orsera-Cesiomaggiore_edited.jpg\" alt=\"\" width=\"1000\" height=\"625\" srcset=\"https:\/\/www.bellunopress.it\/wp-content\/uploads\/2024\/03\/Locazione_turistica_ValCanzoi-Orsera-Cesiomaggiore_edited.jpg 1000w, https:\/\/www.bellunopress.it\/wp-content\/uploads\/2024\/03\/Locazione_turistica_ValCanzoi-Orsera-Cesiomaggiore_edited-500x313.jpg 500w, https:\/\/www.bellunopress.it\/wp-content\/uploads\/2024\/03\/Locazione_turistica_ValCanzoi-Orsera-Cesiomaggiore_edited-672x420.jpg 672w, https:\/\/www.bellunopress.it\/wp-content\/uploads\/2024\/03\/Locazione_turistica_ValCanzoi-Orsera-Cesiomaggiore_edited-696x435.jpg 696w\" sizes=\"auto, (max-width: 1000px) 100vw, 1000px\" \/><figcaption id=\"caption-attachment-149205\" class=\"wp-caption-text\">Orsera, Val Canzoi (Marzo 2024)<\/figcaption><\/figure>\n<p>L\u2019intervento riguarda un complesso di propriet\u00e0 comunale che da alcuni anni non \u00e8 pi\u00f9 utilizzato se non per una piccola porzione adibita ad accoglienza e ristoro ai turisti nel periodo estivo, e che necessita di una ristrutturazione complessiva. Orsera si trova all\u2019interno della Val Canzoi, una delle porte di accesso al Parco nazionale delle Dolomiti Bellunesi, in un contesto di particolare pregio naturalistico e paesaggistico. La struttura rappresenta storicamente un punto di ristoro e di aggregazione per gli abitanti della zona e per gli escursionisti. \u201cLa volont\u00e0 \u00e8 quella di recuperare Orsera senza perdere ci\u00f2 che rende questo luogo riconoscibile \u2013 prosegue Bond -, investendo su sicurezza, efficienza energetica, servizi e valorizzazione dell\u2019area circostante\u201d.<\/p>\n<p>Il progetto prevede infatti &#8211; oltre alla ristrutturazione dell\u2019edificio principale quale locanda con funzioni di ristoro e con limitato numero di posti letto &#8211; interventi di consolidamento strutturale e di efficientamento energetico e impiantistico, e la realizzazione di un alloggio per il custode. Sono inoltre previsti la riqualificazione del manufatto adiacente destinato a bar esterno ma anche come centro benessere, nuovi arredi e corpi illuminanti, il rifacimento dei sottoservizi, la sistemazione delle aree esterne, l\u2019acquisto delle principali attrezzature per cucina e bar, la riqualificazione del laghetto e della risorgiva e il riordino degli spazi destinati a parcheggio.<\/p>\n<p>L\u2019intervento si inserisce inoltre nel pi\u00f9 ampio progetto \u201cVillaggio accessibile\u201d, che negli anni ha portato alla realizzazione di un percorso pedonale accessibile di circa 2 km e di una casetta con due mini-alloggi fruibili anche da persone con disabilit\u00e0. La nuova struttura ricettiva contribuir\u00e0 quindi a completare e rafforzare un\u2019offerta turistica gi\u00e0 orientata all\u2019accessibilit\u00e0.<\/p>\n<p>Il quadro economico complessivo dell\u2019intervento ammonta a 2,8 milioni di euro. Il cronoprogramma prevede la conclusione del progetto entro il 31 dicembre 2028. La struttura, una volta completata, sar\u00e0 affidata in gestione a un soggetto privato attraverso una gara ad evidenza pubblica, insieme alle strutture esistenti del progetto \u201cVillaggio accessibile\u201d.<\/p>\n<p>\u201cIl Fondo Comuni Confinanti deve essere anche questo: uno strumento che permette ai territori di investire recuperando patrimonio e rafforzando la capacit\u00e0 di attrarre visitatori con nuove opportunit\u00e0. A Orsera investiamo nella possibilit\u00e0 che quel sito torni a vivere, per tutta la Valle di Canzoi e per il Feltrino\u201d, conclude Bond.<\/p>\n<p>&nbsp;<\/p>","protected":false},"excerpt":{"rendered":"<p>\u00a0Bond: \u201cRidiamo vita a luogo chiave per il turismo dell\u2019area e del Bellunese\u201d Venezia, 23 agosto 2026 &#8211;\u00a0Un investimento complessivo di 2,8 milioni di euro per recuperare e rilanciare il fabbricato ricettivo e turistico di Orsera, in Val Canzoi, nel comune di Cesiomaggiore. E\u2019 questo l\u2019obiettivo della Convenzione sottoscritta nell\u2019ambito del Fondo Comuni Confinanti, che [&hellip;]<\/p>\n","protected":false},"author":2,"featured_media":169646,"comment_status":"closed","ping_status":"open","sticky":false,"template":"","format":"standard","meta":{"footnotes":""},"categories":[5,26],"tags":[],"class_list":["post-172833","post","type-post","status-publish","format-standard","has-post-thumbnail","category-cronaca","category-prima-pagina"],"yoast_head":"<!-- This site is optimized with the Yoast SEO plugin v28.4 - https:\/\/yoast.com\/product\/yoast-seo-wordpress\/ -->\n<title>Orsera in Val Canzoi: 2,8 mln dal Fondo Comuni Confinanti per la rinascita dell\u2019area - Bellunopress - Dolomiti<\/title>\n<meta name=\"robots\" content=\"index, follow, max-snippet:-1, max-image-preview:large, max-video-preview:-1\" \/>\n<link rel=\"canonical\" href=\"https:\/\/www.bellunopress.it\/fr\/2026\/08\/23\/orsera-in-val-canzoi-28-mln-dal-fondo-comuni-confinanti-per-la-rinascita-dellarea\/\" \/>\n<meta property=\"og:locale\" content=\"fr_FR\" \/>\n<meta property=\"og:type\" content=\"article\" \/>\n<meta property=\"og:title\" content=\"Orsera in Val Canzoi: 2,8 mln dal Fondo Comuni Confinanti per la rinascita dell\u2019area - Bellunopress - Dolomiti\" \/>\n<meta property=\"og:description\" content=\"\u00a0Bond: \u201cRidiamo vita a luogo chiave per il turismo dell\u2019area e del Bellunese\u201d Venezia, 23 agosto 2026 &#8211;\u00a0Un investimento complessivo di 2,8 milioni di euro per recuperare e rilanciare il fabbricato ricettivo e turistico di Orsera, in Val Canzoi, nel comune di Cesiomaggiore. E\u2019 questo l\u2019obiettivo della Convenzione sottoscritta nell\u2019ambito del Fondo Comuni Confinanti, che [&hellip;]\" \/>\n<meta property=\"og:url\" content=\"https:\/\/www.bellunopress.it\/fr\/2026\/08\/23\/orsera-in-val-canzoi-28-mln-dal-fondo-comuni-confinanti-per-la-rinascita-dellarea\/\" \/>\n<meta property=\"og:site_name\" content=\"Bellunopress - Dolomiti\" \/>\n<meta property=\"article:publisher\" content=\"https:\/\/www.facebook.com\/profile.php?id=100008943462799\" \/>\n<meta property=\"article:published_time\" content=\"2026-08-23T09:37:51+00:00\" \/>\n<meta property=\"og:image\" content=\"https:\/\/www.bellunopress.it\/wp-content\/uploads\/2026\/04\/dario.png\" \/>\n\t<meta property=\"og:image:width\" content=\"1300\" \/>\n\t<meta property=\"og:image:height\" content=\"700\" \/>\n\t<meta property=\"og:image:type\" content=\"image\/png\" \/>\n<meta name=\"author\" content=\"redazione\" \/>\n<meta name=\"twitter:card\" content=\"summary_large_image\" \/>\n<meta name=\"twitter:creator\" content=\"@bellunopress\" \/>\n<meta name=\"twitter:site\" content=\"@bellunopress\" \/>\n<meta name=\"twitter:label1\" content=\"Written by\" \/>\n\t<meta name=\"twitter:data1\" content=\"redazione\" \/>\n\t<meta name=\"twitter:label2\" content=\"Est. reading time\" \/>\n\t<meta name=\"twitter:data2\" content=\"4 minutes\" \/>\n<script type=\"application\/ld+json\" class=\"yoast-schema-graph\">{\"@context\":\"https:\\\/\\\/schema.org\",\"@graph\":[{\"@type\":\"Article\",\"@id\":\"https:\\\/\\\/www.bellunopress.it\\\/2026\\\/08\\\/23\\\/orsera-in-val-canzoi-28-mln-dal-fondo-comuni-confinanti-per-la-rinascita-dellarea\\\/#article\",\"isPartOf\":{\"@id\":\"https:\\\/\\\/www.bellunopress.it\\\/2026\\\/08\\\/23\\\/orsera-in-val-canzoi-28-mln-dal-fondo-comuni-confinanti-per-la-rinascita-dellarea\\\/\"},\"author\":{\"name\":\"redazione\",\"@id\":\"https:\\\/\\\/www.bellunopress.it\\\/#\\\/schema\\\/person\\\/79bb06722b37ece1c03d3e94beb30d73\"},\"headline\":\"Orsera in Val Canzoi: 2,8 mln dal Fondo Comuni Confinanti per la rinascita dell\u2019area\",\"datePublished\":\"2026-08-23T09:37:51+00:00\",\"mainEntityOfPage\":{\"@id\":\"https:\\\/\\\/www.bellunopress.it\\\/2026\\\/08\\\/23\\\/orsera-in-val-canzoi-28-mln-dal-fondo-comuni-confinanti-per-la-rinascita-dellarea\\\/\"},\"wordCount\":562,\"publisher\":{\"@id\":\"https:\\\/\\\/www.bellunopress.it\\\/#organization\"},\"image\":{\"@id\":\"https:\\\/\\\/www.bellunopress.it\\\/2026\\\/08\\\/23\\\/orsera-in-val-canzoi-28-mln-dal-fondo-comuni-confinanti-per-la-rinascita-dellarea\\\/#primaryimage\"},\"thumbnailUrl\":\"https:\\\/\\\/www.bellunopress.it\\\/wp-content\\\/uploads\\\/2026\\\/04\\\/dario.png\",\"articleSection\":[\"Cronaca\\\/Politica\",\"Prima Pagina\"],\"inLanguage\":\"fr-FR\"},{\"@type\":\"WebPage\",\"@id\":\"https:\\\/\\\/www.bellunopress.it\\\/2026\\\/08\\\/23\\\/orsera-in-val-canzoi-28-mln-dal-fondo-comuni-confinanti-per-la-rinascita-dellarea\\\/\",\"url\":\"https:\\\/\\\/www.bellunopress.it\\\/2026\\\/08\\\/23\\\/orsera-in-val-canzoi-28-mln-dal-fondo-comuni-confinanti-per-la-rinascita-dellarea\\\/\",\"name\":\"Orsera in Val Canzoi: 2,8 mln dal Fondo Comuni Confinanti per la rinascita dell\u2019area - Bellunopress - Dolomiti\",\"isPartOf\":{\"@id\":\"https:\\\/\\\/www.bellunopress.it\\\/#website\"},\"primaryImageOfPage\":{\"@id\":\"https:\\\/\\\/www.bellunopress.it\\\/2026\\\/08\\\/23\\\/orsera-in-val-canzoi-28-mln-dal-fondo-comuni-confinanti-per-la-rinascita-dellarea\\\/#primaryimage\"},\"image\":{\"@id\":\"https:\\\/\\\/www.bellunopress.it\\\/2026\\\/08\\\/23\\\/orsera-in-val-canzoi-28-mln-dal-fondo-comuni-confinanti-per-la-rinascita-dellarea\\\/#primaryimage\"},\"thumbnailUrl\":\"https:\\\/\\\/www.bellunopress.it\\\/wp-content\\\/uploads\\\/2026\\\/04\\\/dario.png\",\"datePublished\":\"2026-08-23T09:37:51+00:00\",\"breadcrumb\":{\"@id\":\"https:\\\/\\\/www.bellunopress.it\\\/2026\\\/08\\\/23\\\/orsera-in-val-canzoi-28-mln-dal-fondo-comuni-confinanti-per-la-rinascita-dellarea\\\/#breadcrumb\"},\"inLanguage\":\"fr-FR\",\"potentialAction\":[{\"@type\":\"ReadAction\",\"target\":[\"https:\\\/\\\/www.bellunopress.it\\\/2026\\\/08\\\/23\\\/orsera-in-val-canzoi-28-mln-dal-fondo-comuni-confinanti-per-la-rinascita-dellarea\\\/\"]}]},{\"@type\":\"ImageObject\",\"inLanguage\":\"fr-FR\",\"@id\":\"https:\\\/\\\/www.bellunopress.it\\\/2026\\\/08\\\/23\\\/orsera-in-val-canzoi-28-mln-dal-fondo-comuni-confinanti-per-la-rinascita-dellarea\\\/#primaryimage\",\"url\":\"https:\\\/\\\/www.bellunopress.it\\\/wp-content\\\/uploads\\\/2026\\\/04\\\/dario.png\",\"contentUrl\":\"https:\\\/\\\/www.bellunopress.it\\\/wp-content\\\/uploads\\\/2026\\\/04\\\/dario.png\",\"width\":1300,\"height\":700},{\"@type\":\"BreadcrumbList\",\"@id\":\"https:\\\/\\\/www.bellunopress.it\\\/2026\\\/08\\\/23\\\/orsera-in-val-canzoi-28-mln-dal-fondo-comuni-confinanti-per-la-rinascita-dellarea\\\/#breadcrumb\",\"itemListElement\":[{\"@type\":\"ListItem\",\"position\":1,\"name\":\"Home\",\"item\":\"https:\\\/\\\/www.bellunopress.it\\\/\"},{\"@type\":\"ListItem\",\"position\":2,\"name\":\"Orsera in Val Canzoi: 2,8 mln dal Fondo Comuni Confinanti per la rinascita dell\u2019area\"}]},{\"@type\":\"WebSite\",\"@id\":\"https:\\\/\\\/www.bellunopress.it\\\/#website\",\"url\":\"https:\\\/\\\/www.bellunopress.it\\\/\",\"name\":\"Bellunopress - Dolomiti\",\"description\":\"e-mail: redazione@bellunopress.it\",\"publisher\":{\"@id\":\"https:\\\/\\\/www.bellunopress.it\\\/#organization\"},\"potentialAction\":[{\"@type\":\"SearchAction\",\"target\":{\"@type\":\"EntryPoint\",\"urlTemplate\":\"https:\\\/\\\/www.bellunopress.it\\\/?s={search_term_string}\"},\"query-input\":{\"@type\":\"PropertyValueSpecification\",\"valueRequired\":true,\"valueName\":\"search_term_string\"}}],\"inLanguage\":\"fr-FR\"},{\"@type\":\"Organization\",\"@id\":\"https:\\\/\\\/www.bellunopress.it\\\/#organization\",\"name\":\"Bellunopress\",\"url\":\"https:\\\/\\\/www.bellunopress.it\\\/\",\"logo\":{\"@type\":\"ImageObject\",\"inLanguage\":\"fr-FR\",\"@id\":\"https:\\\/\\\/www.bellunopress.it\\\/#\\\/schema\\\/logo\\\/image\\\/\",\"url\":\"https:\\\/\\\/www.bellunopress.it\\\/wp-content\\\/uploads\\\/2011\\\/05\\\/cropped-logo-bellunopress-.jpg\",\"contentUrl\":\"https:\\\/\\\/www.bellunopress.it\\\/wp-content\\\/uploads\\\/2011\\\/05\\\/cropped-logo-bellunopress-.jpg\",\"width\":512,\"height\":512,\"caption\":\"Bellunopress\"},\"image\":{\"@id\":\"https:\\\/\\\/www.bellunopress.it\\\/#\\\/schema\\\/logo\\\/image\\\/\"},\"sameAs\":[\"https:\\\/\\\/www.facebook.com\\\/profile.php?id=100008943462799\",\"https:\\\/\\\/x.com\\\/bellunopress\",\"https:\\\/\\\/www.linkedin.com\\\/hp\\\/?dnr=JBzUWaJfMUw8vbXJJ2tVW5-I3jZKvC4wsoxE&amp;amp;amp;amp;amp;amp;trk=nav_responsive_tab_home\",\"https:\\\/\\\/www.youtube.com\\\/channel\\\/UCxL0wu1uN0_3_7hGG0306cw\"]},{\"@type\":\"Person\",\"@id\":\"https:\\\/\\\/www.bellunopress.it\\\/#\\\/schema\\\/person\\\/79bb06722b37ece1c03d3e94beb30d73\",\"name\":\"redazione\",\"image\":{\"@type\":\"ImageObject\",\"inLanguage\":\"fr-FR\",\"@id\":\"https:\\\/\\\/secure.gravatar.com\\\/avatar\\\/37d968a2e67a6fd04c169c4bdef102d0bc5d31b2546345219e348575eb80e9a0?s=96&d=mm&r=g\",\"url\":\"https:\\\/\\\/secure.gravatar.com\\\/avatar\\\/37d968a2e67a6fd04c169c4bdef102d0bc5d31b2546345219e348575eb80e9a0?s=96&d=mm&r=g\",\"contentUrl\":\"https:\\\/\\\/secure.gravatar.com\\\/avatar\\\/37d968a2e67a6fd04c169c4bdef102d0bc5d31b2546345219e348575eb80e9a0?s=96&d=mm&r=g\",\"caption\":\"redazione\"},\"sameAs\":[\"http:\\\/\\\/www.bellunopress.it\",\"https:\\\/\\\/x.com\\\/bellunopress\"],\"url\":\"https:\\\/\\\/www.bellunopress.it\\\/fr\\\/author\\\/redazione\\\/\"}]}<\/script>\n<!-- \/ Yoast SEO plugin. -->","yoast_head_json":{"title":"Orsera in Val Canzoi: 2,8 mln dal Fondo Comuni Confinanti per la rinascita dell\u2019area - Bellunopress - Dolomiti","robots":{"index":"index","follow":"follow","max-snippet":"max-snippet:-1","max-image-preview":"max-image-preview:large","max-video-preview":"max-video-preview:-1"},"canonical":"https:\/\/www.bellunopress.it\/fr\/2026\/08\/23\/orsera-in-val-canzoi-28-mln-dal-fondo-comuni-confinanti-per-la-rinascita-dellarea\/","og_locale":"fr_FR","og_type":"article","og_title":"Orsera in Val Canzoi: 2,8 mln dal Fondo Comuni Confinanti per la rinascita dell\u2019area - Bellunopress - Dolomiti","og_description":"\u00a0Bond: \u201cRidiamo vita a luogo chiave per il turismo dell\u2019area e del Bellunese\u201d Venezia, 23 agosto 2026 &#8211;\u00a0Un investimento complessivo di 2,8 milioni di euro per recuperare e rilanciare il fabbricato ricettivo e turistico di Orsera, in Val Canzoi, nel comune di Cesiomaggiore. E\u2019 questo l\u2019obiettivo della Convenzione sottoscritta nell\u2019ambito del Fondo Comuni Confinanti, che [&hellip;]","og_url":"https:\/\/www.bellunopress.it\/fr\/2026\/08\/23\/orsera-in-val-canzoi-28-mln-dal-fondo-comuni-confinanti-per-la-rinascita-dellarea\/","og_site_name":"Bellunopress - Dolomiti","article_publisher":"https:\/\/www.facebook.com\/profile.php?id=100008943462799","article_published_time":"2026-08-23T09:37:51+00:00","og_image":[{"width":1300,"height":700,"url":"https:\/\/www.bellunopress.it\/wp-content\/uploads\/2026\/04\/dario.png","type":"image\/png"}],"author":"redazione","twitter_card":"summary_large_image","twitter_creator":"@bellunopress","twitter_site":"@bellunopress","twitter_misc":{"Written by":"redazione","Est. reading time":"4 minutes"},"schema":{"@context":"https:\/\/schema.org","@graph":[{"@type":"Article","@id":"https:\/\/www.bellunopress.it\/2026\/08\/23\/orsera-in-val-canzoi-28-mln-dal-fondo-comuni-confinanti-per-la-rinascita-dellarea\/#article","isPartOf":{"@id":"https:\/\/www.bellunopress.it\/2026\/08\/23\/orsera-in-val-canzoi-28-mln-dal-fondo-comuni-confinanti-per-la-rinascita-dellarea\/"},"author":{"name":"redazione","@id":"https:\/\/www.bellunopress.it\/#\/schema\/person\/79bb06722b37ece1c03d3e94beb30d73"},"headline":"Orsera in Val Canzoi: 2,8 mln dal Fondo Comuni Confinanti per la rinascita dell\u2019area","datePublished":"2026-08-23T09:37:51+00:00","mainEntityOfPage":{"@id":"https:\/\/www.bellunopress.it\/2026\/08\/23\/orsera-in-val-canzoi-28-mln-dal-fondo-comuni-confinanti-per-la-rinascita-dellarea\/"},"wordCount":562,"publisher":{"@id":"https:\/\/www.bellunopress.it\/#organization"},"image":{"@id":"https:\/\/www.bellunopress.it\/2026\/08\/23\/orsera-in-val-canzoi-28-mln-dal-fondo-comuni-confinanti-per-la-rinascita-dellarea\/#primaryimage"},"thumbnailUrl":"https:\/\/www.bellunopress.it\/wp-content\/uploads\/2026\/04\/dario.png","articleSection":["Cronaca\/Politica","Prima Pagina"],"inLanguage":"fr-FR"},{"@type":"WebPage","@id":"https:\/\/www.bellunopress.it\/2026\/08\/23\/orsera-in-val-canzoi-28-mln-dal-fondo-comuni-confinanti-per-la-rinascita-dellarea\/","url":"https:\/\/www.bellunopress.it\/2026\/08\/23\/orsera-in-val-canzoi-28-mln-dal-fondo-comuni-confinanti-per-la-rinascita-dellarea\/","name":"Orsera in Val Canzoi: 2,8 mln dal Fondo Comuni Confinanti per la rinascita dell\u2019area - Bellunopress - Dolomiti","isPartOf":{"@id":"https:\/\/www.bellunopress.it\/#website"},"primaryImageOfPage":{"@id":"https:\/\/www.bellunopress.it\/2026\/08\/23\/orsera-in-val-canzoi-28-mln-dal-fondo-comuni-confinanti-per-la-rinascita-dellarea\/#primaryimage"},"image":{"@id":"https:\/\/www.bellunopress.it\/2026\/08\/23\/orsera-in-val-canzoi-28-mln-dal-fondo-comuni-confinanti-per-la-rinascita-dellarea\/#primaryimage"},"thumbnailUrl":"https:\/\/www.bellunopress.it\/wp-content\/uploads\/2026\/04\/dario.png","datePublished":"2026-08-23T09:37:51+00:00","breadcrumb":{"@id":"https:\/\/www.bellunopress.it\/2026\/08\/23\/orsera-in-val-canzoi-28-mln-dal-fondo-comuni-confinanti-per-la-rinascita-dellarea\/#breadcrumb"},"inLanguage":"fr-FR","potentialAction":[{"@type":"ReadAction","target":["https:\/\/www.bellunopress.it\/2026\/08\/23\/orsera-in-val-canzoi-28-mln-dal-fondo-comuni-confinanti-per-la-rinascita-dellarea\/"]}]},{"@type":"ImageObject","inLanguage":"fr-FR","@id":"https:\/\/www.bellunopress.it\/2026\/08\/23\/orsera-in-val-canzoi-28-mln-dal-fondo-comuni-confinanti-per-la-rinascita-dellarea\/#primaryimage","url":"https:\/\/www.bellunopress.it\/wp-content\/uploads\/2026\/04\/dario.png","contentUrl":"https:\/\/www.bellunopress.it\/wp-content\/uploads\/2026\/04\/dario.png","width":1300,"height":700},{"@type":"BreadcrumbList","@id":"https:\/\/www.bellunopress.it\/2026\/08\/23\/orsera-in-val-canzoi-28-mln-dal-fondo-comuni-confinanti-per-la-rinascita-dellarea\/#breadcrumb","itemListElement":[{"@type":"ListItem","position":1,"name":"Home","item":"https:\/\/www.bellunopress.it\/"},{"@type":"ListItem","position":2,"name":"Orsera in Val Canzoi: 2,8 mln dal Fondo Comuni Confinanti per la rinascita dell\u2019area"}]},{"@type":"WebSite","@id":"https:\/\/www.bellunopress.it\/#website","url":"https:\/\/www.bellunopress.it\/","name":"Bellunopress - Dolomiti","description":"e-mail: redazione@bellunopress.it","publisher":{"@id":"https:\/\/www.bellunopress.it\/#organization"},"potentialAction":[{"@type":"SearchAction","target":{"@type":"EntryPoint","urlTemplate":"https:\/\/www.bellunopress.it\/?s={search_term_string}"},"query-input":{"@type":"PropertyValueSpecification","valueRequired":true,"valueName":"search_term_string"}}],"inLanguage":"fr-FR"},{"@type":"Organization","@id":"https:\/\/www.bellunopress.it\/#organization","name":"Bellunopress","url":"https:\/\/www.bellunopress.it\/","logo":{"@type":"ImageObject","inLanguage":"fr-FR","@id":"https:\/\/www.bellunopress.it\/#\/schema\/logo\/image\/","url":"https:\/\/www.bellunopress.it\/wp-content\/uploads\/2011\/05\/cropped-logo-bellunopress-.jpg","contentUrl":"https:\/\/www.bellunopress.it\/wp-content\/uploads\/2011\/05\/cropped-logo-bellunopress-.jpg","width":512,"height":512,"caption":"Bellunopress"},"image":{"@id":"https:\/\/www.bellunopress.it\/#\/schema\/logo\/image\/"},"sameAs":["https:\/\/www.facebook.com\/profile.php?id=100008943462799","https:\/\/x.com\/bellunopress","https:\/\/www.linkedin.com\/hp\/?dnr=JBzUWaJfMUw8vbXJJ2tVW5-I3jZKvC4wsoxE&amp;amp;amp;amp;amp;amp;trk=nav_responsive_tab_home","https:\/\/www.youtube.com\/channel\/UCxL0wu1uN0_3_7hGG0306cw"]},{"@type":"Person","@id":"https:\/\/www.bellunopress.it\/#\/schema\/person\/79bb06722b37ece1c03d3e94beb30d73","name":"r\u00e9daction","image":{"@type":"ImageObject","inLanguage":"fr-FR","@id":"https:\/\/secure.gravatar.com\/avatar\/37d968a2e67a6fd04c169c4bdef102d0bc5d31b2546345219e348575eb80e9a0?s=96&d=mm&r=g","url":"https:\/\/secure.gravatar.com\/avatar\/37d968a2e67a6fd04c169c4bdef102d0bc5d31b2546345219e348575eb80e9a0?s=96&d=mm&r=g","contentUrl":"https:\/\/secure.gravatar.com\/avatar\/37d968a2e67a6fd04c169c4bdef102d0bc5d31b2546345219e348575eb80e9a0?s=96&d=mm&r=g","caption":"redazione"},"sameAs":["http:\/\/www.bellunopress.it","https:\/\/x.com\/bellunopress"],"url":"https:\/\/www.bellunopress.it\/fr\/author\/redazione\/"}]}},"_links":{"self":[{"href":"https:\/\/www.bellunopress.it\/fr\/wp-json\/wp\/v2\/posts\/172833","targetHints":{"allow":["GET"]}}],"collection":[{"href":"https:\/\/www.bellunopress.it\/fr\/wp-json\/wp\/v2\/posts"}],"about":[{"href":"https:\/\/www.bellunopress.it\/fr\/wp-json\/wp\/v2\/types\/post"}],"author":[{"embeddable":true,"href":"https:\/\/www.bellunopress.it\/fr\/wp-json\/wp\/v2\/users\/2"}],"replies":[{"embeddable":true,"href":"https:\/\/www.bellunopress.it\/fr\/wp-json\/wp\/v2\/comments?post=172833"}],"version-history":[{"count":1,"href":"https:\/\/www.bellunopress.it\/fr\/wp-json\/wp\/v2\/posts\/172833\/revisions"}],"predecessor-version":[{"id":172834,"href":"https:\/\/www.bellunopress.it\/fr\/wp-json\/wp\/v2\/posts\/172833\/revisions\/172834"}],"wp:featuredmedia":[{"embeddable":true,"href":"https:\/\/www.bellunopress.it\/fr\/wp-json\/wp\/v2\/media\/169646"}],"wp:attachment":[{"href":"https:\/\/www.bellunopress.it\/fr\/wp-json\/wp\/v2\/media?parent=172833"}],"wp:term":[{"taxonomy":"category","embeddable":true,"href":"https:\/\/www.bellunopress.it\/fr\/wp-json\/wp\/v2\/categories?post=172833"},{"taxonomy":"post_tag","embeddable":true,"href":"https:\/\/www.bellunopress.it\/fr\/wp-json\/wp\/v2\/tags?post=172833"}],"curies":[{"name":"wp","href":"https:\/\/api.w.org\/{rel}","templated":true}]}}