{"id":172827,"date":"2026-08-23T19:44:54","date_gmt":"2026-08-23T17:44:54","guid":{"rendered":"https:\/\/www.bellunopress.it\/?p=172827"},"modified":"2026-08-22T19:53:18","modified_gmt":"2026-08-22T17:53:18","slug":"torna-la-festa-del-pesce-con-insieme-si-puo-una-nuova-location-ma-con-lo-spirito-di-sempre","status":"publish","type":"post","link":"https:\/\/www.bellunopress.it\/fr\/2026\/08\/23\/torna-la-festa-del-pesce-con-insieme-si-puo-una-nuova-location-ma-con-lo-spirito-di-sempre\/","title":{"rendered":"Torna la Festa del Pesce con Insieme si pu\u00f2: una nuova location, ma con lo spirito di sempre"},"content":{"rendered":"<p>Dopo 41 edizioni storiche a Cusighe, l\u2019evento benefico di \u201cInsieme si pu\u00f2&#8230;\u201d si trasferisce a Limana dal 28 al 30 agosto 2026. Tre giorni di buona cucina, musica e solidariet\u00e0 per sostenere le famiglie a Betlemme e in India.<\/p>\n<p>Un capitolo storico si chiude, ma la tradizione rinasce con entusiasmo in una nuova casa. Dopo ben 41 edizioni ospitate a Cusighe, la tradizionale Festa del Pesce promossa dall\u2019associazione \u201cInsieme si pu\u00f2&#8230;\u201d si sposta quest\u2019anno a Limana, negli spazi accoglienti dell\u2019area Pro Loco. L\u2019appuntamento \u00e8 fissato dal 28 al 30 agosto 2026, per tre intense giornate all\u2019insegna della convivialit\u00e0, del volontariato e della solidariet\u00e0 internazionale.<\/p>\n<p>Il trasferimento da Cusighe a Limana non \u00e8 stato un passo semplice, ma si \u00e8 reso indispensabile a causa della straordinaria crescita registrata dalla manifestazione nel corso degli anni.<\/p>\n<p>\u201cLa Festa del Pesce negli anni \u00e8 cresciuta \u2013 spiega Rita Battiston, tra le organizzatrici della kermesse \u2013 e lo spazio che avevamo a Cusighe non ci permette pi\u00f9 di lavorare in condizioni di sicurezza. Ci dispiace naturalmente lasciare il luogo dove la festa \u00e8 nata e cresciuta, ma siamo molto grati alla Pro Loco di Limana per averci accolto con entusiasmo e aver compreso che la manifestazione pu\u00f2 essere un valore aggiunto anche per il paese.\u201d<\/p>\n<p>Nonostante la nuova cornice logistica, l&#8217;anima della manifestazione resta del tutto invariata: cucina d&#8217;eccellenza, momenti di aggregazione e un forte impegno benefico. L&#8217;intero ricavato dell&#8217;evento sar\u00e0 infatti devoluto a sostegno di importanti progetti umanitari internazionali, sostenuti interamente grazie all&#8217;impegno di oltre 200 volontari che mettono a disposizione il proprio tempo e le proprie competenze.<\/p>\n<p>\u201cLavorare per questa festa \u2013 prosegue Battiston \u2013 \u00e8 come lavorare in famiglia: ognuno fa la propria parte e ognuno crede che insieme possiamo costruire qualcosa di bello, qui e nel mondo. Siamo davvero grati a tutti i volontari, in particolare ai tanti giovani che hanno raccolto questa sfida.\u201d<\/p>\n<p><strong>Il cuore dell&#8217;edizione 2026: vicini alle famiglie, qui e nel mondo<\/strong><br \/>\nIl tema centrale di questa 42a edizione \u00e8 racchiuso nello slogan: \u201cUna grande famiglia qui, accanto a tante famiglie nel mondo\u201d. I fondi raccolti durante i tre giorni a Limana andranno a finanziare due specifici interventi mirati a restituire dignit\u00e0 e autonomia a nuclei familiari in estrema difficolt\u00e0:<br \/>\nA Betlemme: in collaborazione con Pro Terra Sancta, il sostegno \u00e8 destinato al centro Dar Al-Majus e a una casa per anziani. Le attivit\u00e0 comprendono supporto psicosociale per bambini, giovani e donne, oltre a percorsi formativi e di inserimento lavorativo per i ragazzi pi\u00f9 grandi.<br \/>\nIn India (villaggi del Tamil Nadu): un programma mirato di microcredito consentir\u00e0 alle donne in condizioni di vulnerabilit\u00e0 di avviare piccole attivit\u00e0 di allevamento, generando un reddito stabile e promuovendo l&#8217;emancipazione economica femminile.<br \/>\n\u201cLa famiglia \u00e8 il luogo in cui si cresce, si affrontano le difficolt\u00e0 e si costruisce il futuro\u201d, sottolinea l\u2019organizzazione. \u201cQuando povert\u00e0, guerra e disuguaglianze la mettono a dura prova, anche il supporto di una comunit\u00e0 pu\u00f2 fare la differenza.\u201d<\/p>\n<p><strong>Gastronomia, musica e intrattenimento<\/strong><br \/>\nAccompagnando la solidariet\u00e0 con il buon cibo, la cucina aprir\u00e0 tutte le sere da venerd\u00ec a domenica, oltre al pranzo di domenica, con disponibilit\u00e0 anche del servizio di asporto. Protagoniste assolute saranno le specialit\u00e0 di mare e i piatti della tradizione locale.<\/p>\n<p><strong>Il men\u00f9 della tradizione e del mare<\/strong><br \/>\nSpecialit\u00e0 di pesce: polenta e baccal\u00e0, seppie con piselli e polenta, sarde in saor, bruschettrio di mare, spaghetti con seppie o acciughe, frittura mista e insalata di mare.<br \/>\nAltre proposte: piatti tradizionali con pastin, formaggio alla piastra, patatine fritte e la grande novit\u00e0 di quest&#8217;anno pensata per i pi\u00f9 piccoli, il baby pasticcio di carne.<\/p>\n<p><strong>Il programma degli eventi collaterali spazia dalla musica all&#8217;intrattenimento:<\/strong><\/p>\n<p>Venerd\u00ec 28 agosto Serata inaugurale con il dj set di DJ Bisso.<br \/>\nSabato 29 agosto Musica dal vivo con la band NO NAME.<br \/>\nDomenica 30 agosto Musica e animazione con i Ravioli giganti. Nel pomeriggio, l&#8217;area Pro Loco ospiter\u00e0 inoltre il torneo di burraco a cura di Belluno Burraco APS<br \/>\n(accredito ore 14:15, inizio ore 14:30; info e iscrizioni: Domenico \u2013 349 6471500).<\/p>\n<p>Non mancher\u00e0 infine la classica pesca di beneficenza, che da sempre contribuisce in modo concreto al successo della raccolta fondi. Limana \u00e8 pronta ad accogliere questa nuova e stimolante pagina di storia della Festa del Pesce: un appuntamento imperdibile per unire il piacere della buona tavola alla solidariet\u00e0 pi\u00f9 autentica.<\/p>","protected":false},"excerpt":{"rendered":"<p>Dopo 41 edizioni storiche a Cusighe, l\u2019evento benefico di \u201cInsieme si pu\u00f2&#8230;\u201d si trasferisce a Limana dal 28 al 30 agosto 2026. Tre giorni di buona cucina, musica e solidariet\u00e0 per sostenere le famiglie a Betlemme e in India. Un capitolo storico si chiude, ma la tradizione rinasce con entusiasmo in una nuova casa. Dopo [&hellip;]<\/p>\n","protected":false},"author":2,"featured_media":172828,"comment_status":"closed","ping_status":"open","sticky":false,"template":"","format":"standard","meta":{"footnotes":""},"categories":[25,8,4],"tags":[],"class_list":["post-172827","post","type-post","status-publish","format-standard","has-post-thumbnail","category-pausa-caffe","category-societa-istituzioni","category-sport"],"yoast_head":"<!-- This site is optimized with the Yoast SEO plugin v28.4 - https:\/\/yoast.com\/product\/yoast-seo-wordpress\/ -->\n<title>Torna la Festa del Pesce con Insieme si pu\u00f2: una nuova location, ma con lo spirito di sempre - Bellunopress - Dolomiti<\/title>\n<meta name=\"robots\" content=\"index, follow, max-snippet:-1, max-image-preview:large, max-video-preview:-1\" \/>\n<link rel=\"canonical\" href=\"https:\/\/www.bellunopress.it\/fr\/2026\/08\/23\/torna-la-festa-del-pesce-con-insieme-si-puo-una-nuova-location-ma-con-lo-spirito-di-sempre\/\" \/>\n<meta property=\"og:locale\" content=\"fr_FR\" \/>\n<meta property=\"og:type\" content=\"article\" \/>\n<meta property=\"og:title\" content=\"Torna la Festa del Pesce con Insieme si pu\u00f2: una nuova location, ma con lo spirito di sempre - Bellunopress - Dolomiti\" \/>\n<meta property=\"og:description\" content=\"Dopo 41 edizioni storiche a Cusighe, l\u2019evento benefico di \u201cInsieme si pu\u00f2&#8230;\u201d si trasferisce a Limana dal 28 al 30 agosto 2026. Tre giorni di buona cucina, musica e solidariet\u00e0 per sostenere le famiglie a Betlemme e in India. Un capitolo storico si chiude, ma la tradizione rinasce con entusiasmo in una nuova casa. Dopo [&hellip;]\" \/>\n<meta property=\"og:url\" content=\"https:\/\/www.bellunopress.it\/fr\/2026\/08\/23\/torna-la-festa-del-pesce-con-insieme-si-puo-una-nuova-location-ma-con-lo-spirito-di-sempre\/\" \/>\n<meta property=\"og:site_name\" content=\"Bellunopress - Dolomiti\" \/>\n<meta property=\"article:publisher\" content=\"https:\/\/www.facebook.com\/profile.php?id=100008943462799\" \/>\n<meta property=\"article:published_time\" content=\"2026-08-23T17:44:54+00:00\" \/>\n<meta property=\"og:image\" content=\"https:\/\/www.bellunopress.it\/wp-content\/uploads\/2026\/08\/festa-del-pesce-insieme-si-puo.jpg\" \/>\n\t<meta property=\"og:image:width\" content=\"524\" \/>\n\t<meta property=\"og:image:height\" content=\"297\" \/>\n\t<meta property=\"og:image:type\" content=\"image\/jpeg\" \/>\n<meta name=\"author\" content=\"redazione\" \/>\n<meta name=\"twitter:card\" content=\"summary_large_image\" \/>\n<meta name=\"twitter:creator\" content=\"@bellunopress\" \/>\n<meta name=\"twitter:site\" content=\"@bellunopress\" \/>\n<meta name=\"twitter:label1\" content=\"Written by\" \/>\n\t<meta name=\"twitter:data1\" content=\"redazione\" \/>\n\t<meta name=\"twitter:label2\" content=\"Est. reading time\" \/>\n\t<meta name=\"twitter:data2\" content=\"5 minutes\" \/>\n<script type=\"application\/ld+json\" class=\"yoast-schema-graph\">{\"@context\":\"https:\\\/\\\/schema.org\",\"@graph\":[{\"@type\":\"Article\",\"@id\":\"https:\\\/\\\/www.bellunopress.it\\\/2026\\\/08\\\/23\\\/torna-la-festa-del-pesce-con-insieme-si-puo-una-nuova-location-ma-con-lo-spirito-di-sempre\\\/#article\",\"isPartOf\":{\"@id\":\"https:\\\/\\\/www.bellunopress.it\\\/2026\\\/08\\\/23\\\/torna-la-festa-del-pesce-con-insieme-si-puo-una-nuova-location-ma-con-lo-spirito-di-sempre\\\/\"},\"author\":{\"name\":\"redazione\",\"@id\":\"https:\\\/\\\/www.bellunopress.it\\\/#\\\/schema\\\/person\\\/79bb06722b37ece1c03d3e94beb30d73\"},\"headline\":\"Torna la Festa del Pesce con Insieme si pu\u00f2: una nuova location, ma con lo spirito di sempre\",\"datePublished\":\"2026-08-23T17:44:54+00:00\",\"mainEntityOfPage\":{\"@id\":\"https:\\\/\\\/www.bellunopress.it\\\/2026\\\/08\\\/23\\\/torna-la-festa-del-pesce-con-insieme-si-puo-una-nuova-location-ma-con-lo-spirito-di-sempre\\\/\"},\"wordCount\":723,\"publisher\":{\"@id\":\"https:\\\/\\\/www.bellunopress.it\\\/#organization\"},\"image\":{\"@id\":\"https:\\\/\\\/www.bellunopress.it\\\/2026\\\/08\\\/23\\\/torna-la-festa-del-pesce-con-insieme-si-puo-una-nuova-location-ma-con-lo-spirito-di-sempre\\\/#primaryimage\"},\"thumbnailUrl\":\"https:\\\/\\\/www.bellunopress.it\\\/wp-content\\\/uploads\\\/2026\\\/08\\\/festa-del-pesce-insieme-si-puo.jpg\",\"articleSection\":[\"Pausa Caff\u00e8\",\"Societ\u00e0, Associazioni, Istituzioni\",\"Sport, tempo libero\"],\"inLanguage\":\"fr-FR\"},{\"@type\":\"WebPage\",\"@id\":\"https:\\\/\\\/www.bellunopress.it\\\/2026\\\/08\\\/23\\\/torna-la-festa-del-pesce-con-insieme-si-puo-una-nuova-location-ma-con-lo-spirito-di-sempre\\\/\",\"url\":\"https:\\\/\\\/www.bellunopress.it\\\/2026\\\/08\\\/23\\\/torna-la-festa-del-pesce-con-insieme-si-puo-una-nuova-location-ma-con-lo-spirito-di-sempre\\\/\",\"name\":\"Torna la Festa del Pesce con Insieme si pu\u00f2: una nuova location, ma con lo spirito di sempre - Bellunopress - Dolomiti\",\"isPartOf\":{\"@id\":\"https:\\\/\\\/www.bellunopress.it\\\/#website\"},\"primaryImageOfPage\":{\"@id\":\"https:\\\/\\\/www.bellunopress.it\\\/2026\\\/08\\\/23\\\/torna-la-festa-del-pesce-con-insieme-si-puo-una-nuova-location-ma-con-lo-spirito-di-sempre\\\/#primaryimage\"},\"image\":{\"@id\":\"https:\\\/\\\/www.bellunopress.it\\\/2026\\\/08\\\/23\\\/torna-la-festa-del-pesce-con-insieme-si-puo-una-nuova-location-ma-con-lo-spirito-di-sempre\\\/#primaryimage\"},\"thumbnailUrl\":\"https:\\\/\\\/www.bellunopress.it\\\/wp-content\\\/uploads\\\/2026\\\/08\\\/festa-del-pesce-insieme-si-puo.jpg\",\"datePublished\":\"2026-08-23T17:44:54+00:00\",\"breadcrumb\":{\"@id\":\"https:\\\/\\\/www.bellunopress.it\\\/2026\\\/08\\\/23\\\/torna-la-festa-del-pesce-con-insieme-si-puo-una-nuova-location-ma-con-lo-spirito-di-sempre\\\/#breadcrumb\"},\"inLanguage\":\"fr-FR\",\"potentialAction\":[{\"@type\":\"ReadAction\",\"target\":[\"https:\\\/\\\/www.bellunopress.it\\\/2026\\\/08\\\/23\\\/torna-la-festa-del-pesce-con-insieme-si-puo-una-nuova-location-ma-con-lo-spirito-di-sempre\\\/\"]}]},{\"@type\":\"ImageObject\",\"inLanguage\":\"fr-FR\",\"@id\":\"https:\\\/\\\/www.bellunopress.it\\\/2026\\\/08\\\/23\\\/torna-la-festa-del-pesce-con-insieme-si-puo-una-nuova-location-ma-con-lo-spirito-di-sempre\\\/#primaryimage\",\"url\":\"https:\\\/\\\/www.bellunopress.it\\\/wp-content\\\/uploads\\\/2026\\\/08\\\/festa-del-pesce-insieme-si-puo.jpg\",\"contentUrl\":\"https:\\\/\\\/www.bellunopress.it\\\/wp-content\\\/uploads\\\/2026\\\/08\\\/festa-del-pesce-insieme-si-puo.jpg\",\"width\":524,\"height\":297},{\"@type\":\"BreadcrumbList\",\"@id\":\"https:\\\/\\\/www.bellunopress.it\\\/2026\\\/08\\\/23\\\/torna-la-festa-del-pesce-con-insieme-si-puo-una-nuova-location-ma-con-lo-spirito-di-sempre\\\/#breadcrumb\",\"itemListElement\":[{\"@type\":\"ListItem\",\"position\":1,\"name\":\"Home\",\"item\":\"https:\\\/\\\/www.bellunopress.it\\\/\"},{\"@type\":\"ListItem\",\"position\":2,\"name\":\"Torna la Festa del Pesce con Insieme si pu\u00f2: una nuova location, ma con lo spirito di sempre\"}]},{\"@type\":\"WebSite\",\"@id\":\"https:\\\/\\\/www.bellunopress.it\\\/#website\",\"url\":\"https:\\\/\\\/www.bellunopress.it\\\/\",\"name\":\"Bellunopress - Dolomiti\",\"description\":\"e-mail: redazione@bellunopress.it\",\"publisher\":{\"@id\":\"https:\\\/\\\/www.bellunopress.it\\\/#organization\"},\"potentialAction\":[{\"@type\":\"SearchAction\",\"target\":{\"@type\":\"EntryPoint\",\"urlTemplate\":\"https:\\\/\\\/www.bellunopress.it\\\/?s={search_term_string}\"},\"query-input\":{\"@type\":\"PropertyValueSpecification\",\"valueRequired\":true,\"valueName\":\"search_term_string\"}}],\"inLanguage\":\"fr-FR\"},{\"@type\":\"Organization\",\"@id\":\"https:\\\/\\\/www.bellunopress.it\\\/#organization\",\"name\":\"Bellunopress\",\"url\":\"https:\\\/\\\/www.bellunopress.it\\\/\",\"logo\":{\"@type\":\"ImageObject\",\"inLanguage\":\"fr-FR\",\"@id\":\"https:\\\/\\\/www.bellunopress.it\\\/#\\\/schema\\\/logo\\\/image\\\/\",\"url\":\"https:\\\/\\\/www.bellunopress.it\\\/wp-content\\\/uploads\\\/2011\\\/05\\\/cropped-logo-bellunopress-.jpg\",\"contentUrl\":\"https:\\\/\\\/www.bellunopress.it\\\/wp-content\\\/uploads\\\/2011\\\/05\\\/cropped-logo-bellunopress-.jpg\",\"width\":512,\"height\":512,\"caption\":\"Bellunopress\"},\"image\":{\"@id\":\"https:\\\/\\\/www.bellunopress.it\\\/#\\\/schema\\\/logo\\\/image\\\/\"},\"sameAs\":[\"https:\\\/\\\/www.facebook.com\\\/profile.php?id=100008943462799\",\"https:\\\/\\\/x.com\\\/bellunopress\",\"https:\\\/\\\/www.linkedin.com\\\/hp\\\/?dnr=JBzUWaJfMUw8vbXJJ2tVW5-I3jZKvC4wsoxE&amp;amp;amp;amp;amp;amp;trk=nav_responsive_tab_home\",\"https:\\\/\\\/www.youtube.com\\\/channel\\\/UCxL0wu1uN0_3_7hGG0306cw\"]},{\"@type\":\"Person\",\"@id\":\"https:\\\/\\\/www.bellunopress.it\\\/#\\\/schema\\\/person\\\/79bb06722b37ece1c03d3e94beb30d73\",\"name\":\"redazione\",\"image\":{\"@type\":\"ImageObject\",\"inLanguage\":\"fr-FR\",\"@id\":\"https:\\\/\\\/secure.gravatar.com\\\/avatar\\\/37d968a2e67a6fd04c169c4bdef102d0bc5d31b2546345219e348575eb80e9a0?s=96&d=mm&r=g\",\"url\":\"https:\\\/\\\/secure.gravatar.com\\\/avatar\\\/37d968a2e67a6fd04c169c4bdef102d0bc5d31b2546345219e348575eb80e9a0?s=96&d=mm&r=g\",\"contentUrl\":\"https:\\\/\\\/secure.gravatar.com\\\/avatar\\\/37d968a2e67a6fd04c169c4bdef102d0bc5d31b2546345219e348575eb80e9a0?s=96&d=mm&r=g\",\"caption\":\"redazione\"},\"sameAs\":[\"http:\\\/\\\/www.bellunopress.it\",\"https:\\\/\\\/x.com\\\/bellunopress\"],\"url\":\"https:\\\/\\\/www.bellunopress.it\\\/fr\\\/author\\\/redazione\\\/\"}]}<\/script>\n<!-- \/ Yoast SEO plugin. -->","yoast_head_json":{"title":"Torna la Festa del Pesce con Insieme si pu\u00f2: una nuova location, ma con lo spirito di sempre - Bellunopress - Dolomiti","robots":{"index":"index","follow":"follow","max-snippet":"max-snippet:-1","max-image-preview":"max-image-preview:large","max-video-preview":"max-video-preview:-1"},"canonical":"https:\/\/www.bellunopress.it\/fr\/2026\/08\/23\/torna-la-festa-del-pesce-con-insieme-si-puo-una-nuova-location-ma-con-lo-spirito-di-sempre\/","og_locale":"fr_FR","og_type":"article","og_title":"Torna la Festa del Pesce con Insieme si pu\u00f2: una nuova location, ma con lo spirito di sempre - Bellunopress - Dolomiti","og_description":"Dopo 41 edizioni storiche a Cusighe, l\u2019evento benefico di \u201cInsieme si pu\u00f2&#8230;\u201d si trasferisce a Limana dal 28 al 30 agosto 2026. Tre giorni di buona cucina, musica e solidariet\u00e0 per sostenere le famiglie a Betlemme e in India. Un capitolo storico si chiude, ma la tradizione rinasce con entusiasmo in una nuova casa. Dopo [&hellip;]","og_url":"https:\/\/www.bellunopress.it\/fr\/2026\/08\/23\/torna-la-festa-del-pesce-con-insieme-si-puo-una-nuova-location-ma-con-lo-spirito-di-sempre\/","og_site_name":"Bellunopress - Dolomiti","article_publisher":"https:\/\/www.facebook.com\/profile.php?id=100008943462799","article_published_time":"2026-08-23T17:44:54+00:00","og_image":[{"width":524,"height":297,"url":"https:\/\/www.bellunopress.it\/wp-content\/uploads\/2026\/08\/festa-del-pesce-insieme-si-puo.jpg","type":"image\/jpeg"}],"author":"redazione","twitter_card":"summary_large_image","twitter_creator":"@bellunopress","twitter_site":"@bellunopress","twitter_misc":{"Written by":"redazione","Est. reading time":"5 minutes"},"schema":{"@context":"https:\/\/schema.org","@graph":[{"@type":"Article","@id":"https:\/\/www.bellunopress.it\/2026\/08\/23\/torna-la-festa-del-pesce-con-insieme-si-puo-una-nuova-location-ma-con-lo-spirito-di-sempre\/#article","isPartOf":{"@id":"https:\/\/www.bellunopress.it\/2026\/08\/23\/torna-la-festa-del-pesce-con-insieme-si-puo-una-nuova-location-ma-con-lo-spirito-di-sempre\/"},"author":{"name":"redazione","@id":"https:\/\/www.bellunopress.it\/#\/schema\/person\/79bb06722b37ece1c03d3e94beb30d73"},"headline":"Torna la Festa del Pesce con Insieme si pu\u00f2: una nuova location, ma con lo spirito di sempre","datePublished":"2026-08-23T17:44:54+00:00","mainEntityOfPage":{"@id":"https:\/\/www.bellunopress.it\/2026\/08\/23\/torna-la-festa-del-pesce-con-insieme-si-puo-una-nuova-location-ma-con-lo-spirito-di-sempre\/"},"wordCount":723,"publisher":{"@id":"https:\/\/www.bellunopress.it\/#organization"},"image":{"@id":"https:\/\/www.bellunopress.it\/2026\/08\/23\/torna-la-festa-del-pesce-con-insieme-si-puo-una-nuova-location-ma-con-lo-spirito-di-sempre\/#primaryimage"},"thumbnailUrl":"https:\/\/www.bellunopress.it\/wp-content\/uploads\/2026\/08\/festa-del-pesce-insieme-si-puo.jpg","articleSection":["Pausa Caff\u00e8","Societ\u00e0, Associazioni, Istituzioni","Sport, tempo libero"],"inLanguage":"fr-FR"},{"@type":"WebPage","@id":"https:\/\/www.bellunopress.it\/2026\/08\/23\/torna-la-festa-del-pesce-con-insieme-si-puo-una-nuova-location-ma-con-lo-spirito-di-sempre\/","url":"https:\/\/www.bellunopress.it\/2026\/08\/23\/torna-la-festa-del-pesce-con-insieme-si-puo-una-nuova-location-ma-con-lo-spirito-di-sempre\/","name":"Torna la Festa del Pesce con Insieme si pu\u00f2: una nuova location, ma con lo spirito di sempre - Bellunopress - Dolomiti","isPartOf":{"@id":"https:\/\/www.bellunopress.it\/#website"},"primaryImageOfPage":{"@id":"https:\/\/www.bellunopress.it\/2026\/08\/23\/torna-la-festa-del-pesce-con-insieme-si-puo-una-nuova-location-ma-con-lo-spirito-di-sempre\/#primaryimage"},"image":{"@id":"https:\/\/www.bellunopress.it\/2026\/08\/23\/torna-la-festa-del-pesce-con-insieme-si-puo-una-nuova-location-ma-con-lo-spirito-di-sempre\/#primaryimage"},"thumbnailUrl":"https:\/\/www.bellunopress.it\/wp-content\/uploads\/2026\/08\/festa-del-pesce-insieme-si-puo.jpg","datePublished":"2026-08-23T17:44:54+00:00","breadcrumb":{"@id":"https:\/\/www.bellunopress.it\/2026\/08\/23\/torna-la-festa-del-pesce-con-insieme-si-puo-una-nuova-location-ma-con-lo-spirito-di-sempre\/#breadcrumb"},"inLanguage":"fr-FR","potentialAction":[{"@type":"ReadAction","target":["https:\/\/www.bellunopress.it\/2026\/08\/23\/torna-la-festa-del-pesce-con-insieme-si-puo-una-nuova-location-ma-con-lo-spirito-di-sempre\/"]}]},{"@type":"ImageObject","inLanguage":"fr-FR","@id":"https:\/\/www.bellunopress.it\/2026\/08\/23\/torna-la-festa-del-pesce-con-insieme-si-puo-una-nuova-location-ma-con-lo-spirito-di-sempre\/#primaryimage","url":"https:\/\/www.bellunopress.it\/wp-content\/uploads\/2026\/08\/festa-del-pesce-insieme-si-puo.jpg","contentUrl":"https:\/\/www.bellunopress.it\/wp-content\/uploads\/2026\/08\/festa-del-pesce-insieme-si-puo.jpg","width":524,"height":297},{"@type":"BreadcrumbList","@id":"https:\/\/www.bellunopress.it\/2026\/08\/23\/torna-la-festa-del-pesce-con-insieme-si-puo-una-nuova-location-ma-con-lo-spirito-di-sempre\/#breadcrumb","itemListElement":[{"@type":"ListItem","position":1,"name":"Home","item":"https:\/\/www.bellunopress.it\/"},{"@type":"ListItem","position":2,"name":"Torna la Festa del Pesce con Insieme si pu\u00f2: una nuova location, ma con lo spirito di sempre"}]},{"@type":"WebSite","@id":"https:\/\/www.bellunopress.it\/#website","url":"https:\/\/www.bellunopress.it\/","name":"Bellunopress - Dolomiti","description":"e-mail: redazione@bellunopress.it","publisher":{"@id":"https:\/\/www.bellunopress.it\/#organization"},"potentialAction":[{"@type":"SearchAction","target":{"@type":"EntryPoint","urlTemplate":"https:\/\/www.bellunopress.it\/?s={search_term_string}"},"query-input":{"@type":"PropertyValueSpecification","valueRequired":true,"valueName":"search_term_string"}}],"inLanguage":"fr-FR"},{"@type":"Organization","@id":"https:\/\/www.bellunopress.it\/#organization","name":"Bellunopress","url":"https:\/\/www.bellunopress.it\/","logo":{"@type":"ImageObject","inLanguage":"fr-FR","@id":"https:\/\/www.bellunopress.it\/#\/schema\/logo\/image\/","url":"https:\/\/www.bellunopress.it\/wp-content\/uploads\/2011\/05\/cropped-logo-bellunopress-.jpg","contentUrl":"https:\/\/www.bellunopress.it\/wp-content\/uploads\/2011\/05\/cropped-logo-bellunopress-.jpg","width":512,"height":512,"caption":"Bellunopress"},"image":{"@id":"https:\/\/www.bellunopress.it\/#\/schema\/logo\/image\/"},"sameAs":["https:\/\/www.facebook.com\/profile.php?id=100008943462799","https:\/\/x.com\/bellunopress","https:\/\/www.linkedin.com\/hp\/?dnr=JBzUWaJfMUw8vbXJJ2tVW5-I3jZKvC4wsoxE&amp;amp;amp;amp;amp;amp;trk=nav_responsive_tab_home","https:\/\/www.youtube.com\/channel\/UCxL0wu1uN0_3_7hGG0306cw"]},{"@type":"Person","@id":"https:\/\/www.bellunopress.it\/#\/schema\/person\/79bb06722b37ece1c03d3e94beb30d73","name":"r\u00e9daction","image":{"@type":"ImageObject","inLanguage":"fr-FR","@id":"https:\/\/secure.gravatar.com\/avatar\/37d968a2e67a6fd04c169c4bdef102d0bc5d31b2546345219e348575eb80e9a0?s=96&d=mm&r=g","url":"https:\/\/secure.gravatar.com\/avatar\/37d968a2e67a6fd04c169c4bdef102d0bc5d31b2546345219e348575eb80e9a0?s=96&d=mm&r=g","contentUrl":"https:\/\/secure.gravatar.com\/avatar\/37d968a2e67a6fd04c169c4bdef102d0bc5d31b2546345219e348575eb80e9a0?s=96&d=mm&r=g","caption":"redazione"},"sameAs":["http:\/\/www.bellunopress.it","https:\/\/x.com\/bellunopress"],"url":"https:\/\/www.bellunopress.it\/fr\/author\/redazione\/"}]}},"_links":{"self":[{"href":"https:\/\/www.bellunopress.it\/fr\/wp-json\/wp\/v2\/posts\/172827","targetHints":{"allow":["GET"]}}],"collection":[{"href":"https:\/\/www.bellunopress.it\/fr\/wp-json\/wp\/v2\/posts"}],"about":[{"href":"https:\/\/www.bellunopress.it\/fr\/wp-json\/wp\/v2\/types\/post"}],"author":[{"embeddable":true,"href":"https:\/\/www.bellunopress.it\/fr\/wp-json\/wp\/v2\/users\/2"}],"replies":[{"embeddable":true,"href":"https:\/\/www.bellunopress.it\/fr\/wp-json\/wp\/v2\/comments?post=172827"}],"version-history":[{"count":1,"href":"https:\/\/www.bellunopress.it\/fr\/wp-json\/wp\/v2\/posts\/172827\/revisions"}],"predecessor-version":[{"id":172829,"href":"https:\/\/www.bellunopress.it\/fr\/wp-json\/wp\/v2\/posts\/172827\/revisions\/172829"}],"wp:featuredmedia":[{"embeddable":true,"href":"https:\/\/www.bellunopress.it\/fr\/wp-json\/wp\/v2\/media\/172828"}],"wp:attachment":[{"href":"https:\/\/www.bellunopress.it\/fr\/wp-json\/wp\/v2\/media?parent=172827"}],"wp:term":[{"taxonomy":"category","embeddable":true,"href":"https:\/\/www.bellunopress.it\/fr\/wp-json\/wp\/v2\/categories?post=172827"},{"taxonomy":"post_tag","embeddable":true,"href":"https:\/\/www.bellunopress.it\/fr\/wp-json\/wp\/v2\/tags?post=172827"}],"curies":[{"name":"wp","href":"https:\/\/api.w.org\/{rel}","templated":true}]}}